{"id":9354,"date":"2019-02-04T09:06:06","date_gmt":"2019-02-04T09:06:06","guid":{"rendered":"http:\/\/www.turismoaguarda.es\/?p=9354"},"modified":"2019-02-04T10:20:17","modified_gmt":"2019-02-04T10:20:17","slug":"a-guarda-impulsa-un-novo-curso-para-a-formacion-de-camareiros-as-en-bares-e-restaurantes","status":"publish","type":"post","link":"https:\/\/www.turismoaguarda.es\/gl\/a-guarda-impulsa-un-novo-curso-para-a-formacion-de-camareiros-as-en-bares-e-restaurantes\/","title":{"rendered":"\u00daltimos d\u00edas de inscrici\u00f3ns para o novo curso para a formaci\u00f3n de camareiros-as en bares e restaurantes na Guarda"},"content":{"rendered":"<p style=\"text-align: justify;\">Por segundo ano a Conceller\u00eda de Turismo do Concello da Guarda ofrece un novo curso gratu\u00edto para a formaci\u00f3n de camareiros\/as de bares e restaurantes, que ter\u00e1 lugar do 9 de febreiro ao 6 de abril.<\/p>\n<p style=\"text-align: justify;\">O obxectivo principal \u00e9 formar a novos camareiros, algo esencial de cara \u00e1 profesionalizaci\u00f3n dun sector tan importante para A Guarda como \u00e9 o turismo e a Hosteler\u00eda, ofertando \u00e1 veci\u00f1os e visitantes un servizo de calidade e profesional.<\/p>\n<p style=\"text-align: justify;\">A programaci\u00f3n est\u00e1 dese\u00f1ada para que as persoas participantes adquiran as noci\u00f3ns b\u00e1sicas na adecuaci\u00f3n do local, reposici\u00f3n do material, servizo de alimentos e bebidas en mesa e barra, e atenci\u00f3n ao cliente no servizo de restaurante e bar.<\/p>\n<p style=\"text-align: justify;\">O curso ter\u00e1 unha duraci\u00f3n total de 80 horas. das cales, 40 horas estar\u00e1n destinadas \u00e1 formaci\u00f3n te\u00f3rica e pr\u00e1ctica como a montaxe de mesas e ambientaci\u00f3n da sala, identificaci\u00f3n e limpeza dos utensilios e menaxe, preparaci\u00f3n de alimentos e bebidas seguindo as normas de manipulaci\u00f3n e hixiene alimentaria, inclu\u00edndo tam\u00e9n formaci\u00f3n en al\u00e9rxenos e manipulaci\u00f3n de alimentos. Polo que ao finalizar, o alumnado tam\u00e9n recibir\u00e1 el diploma de manipulador\/a de alimentos. Ademais esta formaci\u00f3n completarase coas indicaci\u00f3ns en al\u00e9rxenos. Esta formaci\u00f3n ter\u00e1 lugar os s\u00e1bados pola ma\u00f1\u00e1 de 9.00 a 14.00h.<\/p>\n<p style=\"text-align: justify;\">Esta formaci\u00f3n completarase con outras 40 horas de formaci\u00f3n pr\u00e1ctica non laboral en bares e restaurantes da Guarda, axustadas segundo o perfil e necesidades de cada alumno.<\/p>\n<p style=\"text-align: justify;\">As prazas son limitadas. As inscrici\u00f3ns realizaranse ata o m\u00e9rcores 6 de febreiro na Oficina de Turismo do Concello da Guarda na Praza do Rel\u00f3, 1. Os interesado deber\u00e1n cumprimentar a ficha de inscrici\u00f3n. Poden contactar no tel\u00e9fono 986 61 45 46 ou ben a trav\u00e9s do correo electr\u00f3nico turismo@aguarda.es.<\/p>\n<p style=\"text-align: justify;\">Debido ao comezo inmediato o xoves 7 de febreiro darase a co\u00f1ecer o listado de admitidos para xa comezar a formaci\u00f3n o s\u00e1bado 9 de febreiro.<\/p>\n","protected":false},"excerpt":{"rendered":"<p>Por segundo ano a Conceller\u00eda de Turismo do Concello da Guarda ofrece un novo curso gratu\u00edto para a formaci\u00f3n de camareiros\/as de bares e restaurantes, que ter\u00e1 lugar do 9 de febreiro ao 6 de abril. O obxectivo principal \u00e9 formar a novos camareiros, algo esencial de cara \u00e1 profesionalizaci\u00f3n dun sector tan importante para<\/p>\n<div class=\"padding-top text-center\"><a href=\"https:\/\/www.turismoaguarda.es\/gl\/a-guarda-impulsa-un-novo-curso-para-a-formacion-de-camareiros-as-en-bares-e-restaurantes\/\" class=\"atbtn atbtn--medium atbtn--rounded atbtn--transparent\">Leer m\u00e1is<i class=\"atbtn__icon atbtn__icon--right fa fa-long-arrow-right\"><\/i><\/a><\/div>\n","protected":false},"author":11,"featured_media":9355,"comment_status":"open","ping_status":"open","sticky":false,"template":"","format":"standard","meta":{"footnotes":""},"categories":[94],"tags":[170,171],"class_list":["post-9354","post","type-post","status-publish","format-standard","has-post-thumbnail","hentry","category-novas-turismo","tag-a-guarda-gl","tag-turismo-gl"],"yoast_head":"<!-- This site is optimized with the Yoast SEO plugin v27.5 - https:\/\/yoast.com\/product\/yoast-seo-wordpress\/ -->\n<title>\u00daltimos d\u00edas de inscrici\u00f3ns para o novo curso para a formaci\u00f3n de camareiros-as en bares e restaurantes na Guarda | Turismo A Guarda<\/title>\n<meta name=\"robots\" content=\"index, follow, max-snippet:-1, max-image-preview:large, max-video-preview:-1\" \/>\n<link rel=\"canonical\" href=\"https:\/\/www.turismoaguarda.es\/gl\/a-guarda-impulsa-un-novo-curso-para-a-formacion-de-camareiros-as-en-bares-e-restaurantes\/\" \/>\n<meta property=\"og:locale\" content=\"en_US\" \/>\n<meta property=\"og:type\" content=\"article\" \/>\n<meta property=\"og:title\" content=\"\u00daltimos d\u00edas de inscrici\u00f3ns para o novo curso para a formaci\u00f3n de camareiros-as en bares e restaurantes na Guarda | Turismo A Guarda\" \/>\n<meta property=\"og:description\" content=\"Por segundo ano a Conceller\u00eda de Turismo do Concello da Guarda ofrece un novo curso gratu\u00edto para a formaci\u00f3n de camareiros\/as de bares e restaurantes, que ter\u00e1 lugar do 9 de febreiro ao 6 de abril. O obxectivo principal \u00e9 formar a novos camareiros, algo esencial de cara \u00e1 profesionalizaci\u00f3n dun sector tan importante paraLeer m\u00e1is\" \/>\n<meta property=\"og:url\" content=\"https:\/\/www.turismoaguarda.es\/gl\/a-guarda-impulsa-un-novo-curso-para-a-formacion-de-camareiros-as-en-bares-e-restaurantes\/\" \/>\n<meta property=\"og:site_name\" content=\"Turismo A Guarda\" \/>\n<meta property=\"article:publisher\" content=\"https:\/\/es-es.facebook.com\/Turismo-A-Guarda-126223240790625\/\" \/>\n<meta property=\"article:published_time\" content=\"2019-02-04T09:06:06+00:00\" \/>\n<meta property=\"article:modified_time\" content=\"2019-02-04T10:20:17+00:00\" \/>\n<meta property=\"og:image\" content=\"https:\/\/www.turismoaguarda.es\/wp-content\/uploads\/2019\/01\/NP-29012019-A-Guarda-impulsa-un-novo-curso-para-a-formaci\u00f3n-de-camareiros-as-en-bares-e-restaurantes-1.jpg\" \/>\n\t<meta property=\"og:image:width\" content=\"800\" \/>\n\t<meta property=\"og:image:height\" content=\"1132\" \/>\n\t<meta property=\"og:image:type\" content=\"image\/jpeg\" \/>\n<meta name=\"author\" content=\"Prensa A Guarda\" \/>\n<meta name=\"twitter:card\" content=\"summary_large_image\" \/>\n<meta name=\"twitter:creator\" content=\"@TurismoAGuarda\" \/>\n<meta name=\"twitter:site\" content=\"@TurismoAGuarda\" \/>\n<meta name=\"twitter:label1\" content=\"Written by\" \/>\n\t<meta name=\"twitter:data1\" content=\"Prensa A Guarda\" \/>\n\t<meta name=\"twitter:label2\" content=\"Est. reading time\" \/>\n\t<meta name=\"twitter:data2\" content=\"2 minutes\" \/>\n<script type=\"application\/ld+json\" class=\"yoast-schema-graph\">{\"@context\":\"https:\\\/\\\/schema.org\",\"@graph\":[{\"@type\":\"Article\",\"@id\":\"https:\\\/\\\/www.turismoaguarda.es\\\/gl\\\/a-guarda-impulsa-un-novo-curso-para-a-formacion-de-camareiros-as-en-bares-e-restaurantes\\\/#article\",\"isPartOf\":{\"@id\":\"https:\\\/\\\/www.turismoaguarda.es\\\/gl\\\/a-guarda-impulsa-un-novo-curso-para-a-formacion-de-camareiros-as-en-bares-e-restaurantes\\\/\"},\"author\":{\"name\":\"Prensa A Guarda\",\"@id\":\"https:\\\/\\\/www.turismoaguarda.es\\\/#\\\/schema\\\/person\\\/a8b0c27ad7bcbb6c19799e934727508e\"},\"headline\":\"\u00daltimos d\u00edas de inscrici\u00f3ns para o novo curso para a formaci\u00f3n de camareiros-as en bares e restaurantes na Guarda\",\"datePublished\":\"2019-02-04T09:06:06+00:00\",\"dateModified\":\"2019-02-04T10:20:17+00:00\",\"mainEntityOfPage\":{\"@id\":\"https:\\\/\\\/www.turismoaguarda.es\\\/gl\\\/a-guarda-impulsa-un-novo-curso-para-a-formacion-de-camareiros-as-en-bares-e-restaurantes\\\/\"},\"wordCount\":362,\"commentCount\":0,\"image\":{\"@id\":\"https:\\\/\\\/www.turismoaguarda.es\\\/gl\\\/a-guarda-impulsa-un-novo-curso-para-a-formacion-de-camareiros-as-en-bares-e-restaurantes\\\/#primaryimage\"},\"thumbnailUrl\":\"https:\\\/\\\/www.turismoaguarda.es\\\/wp-content\\\/uploads\\\/2019\\\/01\\\/NP-29012019-A-Guarda-impulsa-un-novo-curso-para-a-formaci\u00f3n-de-camareiros-as-en-bares-e-restaurantes-1.jpg\",\"keywords\":[\"A Guarda\",\"turismo\"],\"articleSection\":[\"Novas Turismo\"],\"inLanguage\":\"gl\",\"potentialAction\":[{\"@type\":\"CommentAction\",\"name\":\"Comment\",\"target\":[\"https:\\\/\\\/www.turismoaguarda.es\\\/gl\\\/a-guarda-impulsa-un-novo-curso-para-a-formacion-de-camareiros-as-en-bares-e-restaurantes\\\/#respond\"]}]},{\"@type\":\"WebPage\",\"@id\":\"https:\\\/\\\/www.turismoaguarda.es\\\/gl\\\/a-guarda-impulsa-un-novo-curso-para-a-formacion-de-camareiros-as-en-bares-e-restaurantes\\\/\",\"url\":\"https:\\\/\\\/www.turismoaguarda.es\\\/gl\\\/a-guarda-impulsa-un-novo-curso-para-a-formacion-de-camareiros-as-en-bares-e-restaurantes\\\/\",\"name\":\"\u00daltimos d\u00edas de inscrici\u00f3ns para o novo curso para a formaci\u00f3n de camareiros-as en bares e restaurantes na Guarda | Turismo A Guarda\",\"isPartOf\":{\"@id\":\"https:\\\/\\\/www.turismoaguarda.es\\\/#website\"},\"primaryImageOfPage\":{\"@id\":\"https:\\\/\\\/www.turismoaguarda.es\\\/gl\\\/a-guarda-impulsa-un-novo-curso-para-a-formacion-de-camareiros-as-en-bares-e-restaurantes\\\/#primaryimage\"},\"image\":{\"@id\":\"https:\\\/\\\/www.turismoaguarda.es\\\/gl\\\/a-guarda-impulsa-un-novo-curso-para-a-formacion-de-camareiros-as-en-bares-e-restaurantes\\\/#primaryimage\"},\"thumbnailUrl\":\"https:\\\/\\\/www.turismoaguarda.es\\\/wp-content\\\/uploads\\\/2019\\\/01\\\/NP-29012019-A-Guarda-impulsa-un-novo-curso-para-a-formaci\u00f3n-de-camareiros-as-en-bares-e-restaurantes-1.jpg\",\"datePublished\":\"2019-02-04T09:06:06+00:00\",\"dateModified\":\"2019-02-04T10:20:17+00:00\",\"author\":{\"@id\":\"https:\\\/\\\/www.turismoaguarda.es\\\/#\\\/schema\\\/person\\\/a8b0c27ad7bcbb6c19799e934727508e\"},\"breadcrumb\":{\"@id\":\"https:\\\/\\\/www.turismoaguarda.es\\\/gl\\\/a-guarda-impulsa-un-novo-curso-para-a-formacion-de-camareiros-as-en-bares-e-restaurantes\\\/#breadcrumb\"},\"inLanguage\":\"gl\",\"potentialAction\":[{\"@type\":\"ReadAction\",\"target\":[\"https:\\\/\\\/www.turismoaguarda.es\\\/gl\\\/a-guarda-impulsa-un-novo-curso-para-a-formacion-de-camareiros-as-en-bares-e-restaurantes\\\/\"]}]},{\"@type\":\"ImageObject\",\"inLanguage\":\"gl\",\"@id\":\"https:\\\/\\\/www.turismoaguarda.es\\\/gl\\\/a-guarda-impulsa-un-novo-curso-para-a-formacion-de-camareiros-as-en-bares-e-restaurantes\\\/#primaryimage\",\"url\":\"https:\\\/\\\/www.turismoaguarda.es\\\/wp-content\\\/uploads\\\/2019\\\/01\\\/NP-29012019-A-Guarda-impulsa-un-novo-curso-para-a-formaci\u00f3n-de-camareiros-as-en-bares-e-restaurantes-1.jpg\",\"contentUrl\":\"https:\\\/\\\/www.turismoaguarda.es\\\/wp-content\\\/uploads\\\/2019\\\/01\\\/NP-29012019-A-Guarda-impulsa-un-novo-curso-para-a-formaci\u00f3n-de-camareiros-as-en-bares-e-restaurantes-1.jpg\",\"width\":800,\"height\":1132,\"caption\":\"Os\\\/as interesados\\\/as deber\u00e1n cumprimentar a ficha de inscrici\u00f3n. Poden contactar no tel\u00e9fono 986 61 45 46 ou ben a trav\u00e9s do correo electr\u00f3nico turismo@aguarda.es.\"},{\"@type\":\"BreadcrumbList\",\"@id\":\"https:\\\/\\\/www.turismoaguarda.es\\\/gl\\\/a-guarda-impulsa-un-novo-curso-para-a-formacion-de-camareiros-as-en-bares-e-restaurantes\\\/#breadcrumb\",\"itemListElement\":[{\"@type\":\"ListItem\",\"position\":1,\"name\":\"Portada\",\"item\":\"https:\\\/\\\/www.turismoaguarda.es\\\/gl\\\/\"},{\"@type\":\"ListItem\",\"position\":2,\"name\":\"\u00daltimos d\u00edas de inscrici\u00f3ns para o novo curso para a formaci\u00f3n de camareiros-as en bares e restaurantes na Guarda\"}]},{\"@type\":\"WebSite\",\"@id\":\"https:\\\/\\\/www.turismoaguarda.es\\\/#website\",\"url\":\"https:\\\/\\\/www.turismoaguarda.es\\\/\",\"name\":\"Turismo A Guarda\",\"description\":\"Informaci\u00f3n tur\u00edstica de A Guarda y alrededores.\",\"potentialAction\":[{\"@type\":\"SearchAction\",\"target\":{\"@type\":\"EntryPoint\",\"urlTemplate\":\"https:\\\/\\\/www.turismoaguarda.es\\\/?s={search_term_string}\"},\"query-input\":{\"@type\":\"PropertyValueSpecification\",\"valueRequired\":true,\"valueName\":\"search_term_string\"}}],\"inLanguage\":\"gl\"},{\"@type\":\"Person\",\"@id\":\"https:\\\/\\\/www.turismoaguarda.es\\\/#\\\/schema\\\/person\\\/a8b0c27ad7bcbb6c19799e934727508e\",\"name\":\"Prensa A Guarda\",\"image\":{\"@type\":\"ImageObject\",\"inLanguage\":\"gl\",\"@id\":\"https:\\\/\\\/secure.gravatar.com\\\/avatar\\\/387e117f874ba5d0a3439060b45d914395d77287b2e4890a49d1599fc3ef9189?s=96&d=mm&r=g\",\"url\":\"https:\\\/\\\/secure.gravatar.com\\\/avatar\\\/387e117f874ba5d0a3439060b45d914395d77287b2e4890a49d1599fc3ef9189?s=96&d=mm&r=g\",\"contentUrl\":\"https:\\\/\\\/secure.gravatar.com\\\/avatar\\\/387e117f874ba5d0a3439060b45d914395d77287b2e4890a49d1599fc3ef9189?s=96&d=mm&r=g\",\"caption\":\"Prensa A Guarda\"},\"url\":\"https:\\\/\\\/www.turismoaguarda.es\\\/gl\\\/author\\\/prensa\\\/\"}]}<\/script>\n<!-- \/ Yoast SEO plugin. -->","yoast_head_json":{"title":"\u00daltimos d\u00edas de inscrici\u00f3ns para o novo curso para a formaci\u00f3n de camareiros-as en bares e restaurantes na Guarda | Turismo A Guarda","robots":{"index":"index","follow":"follow","max-snippet":"max-snippet:-1","max-image-preview":"max-image-preview:large","max-video-preview":"max-video-preview:-1"},"canonical":"https:\/\/www.turismoaguarda.es\/gl\/a-guarda-impulsa-un-novo-curso-para-a-formacion-de-camareiros-as-en-bares-e-restaurantes\/","og_locale":"en_US","og_type":"article","og_title":"\u00daltimos d\u00edas de inscrici\u00f3ns para o novo curso para a formaci\u00f3n de camareiros-as en bares e restaurantes na Guarda | Turismo A Guarda","og_description":"Por segundo ano a Conceller\u00eda de Turismo do Concello da Guarda ofrece un novo curso gratu\u00edto para a formaci\u00f3n de camareiros\/as de bares e restaurantes, que ter\u00e1 lugar do 9 de febreiro ao 6 de abril. O obxectivo principal \u00e9 formar a novos camareiros, algo esencial de cara \u00e1 profesionalizaci\u00f3n dun sector tan importante paraLeer m\u00e1is","og_url":"https:\/\/www.turismoaguarda.es\/gl\/a-guarda-impulsa-un-novo-curso-para-a-formacion-de-camareiros-as-en-bares-e-restaurantes\/","og_site_name":"Turismo A Guarda","article_publisher":"https:\/\/es-es.facebook.com\/Turismo-A-Guarda-126223240790625\/","article_published_time":"2019-02-04T09:06:06+00:00","article_modified_time":"2019-02-04T10:20:17+00:00","og_image":[{"width":800,"height":1132,"url":"https:\/\/www.turismoaguarda.es\/wp-content\/uploads\/2019\/01\/NP-29012019-A-Guarda-impulsa-un-novo-curso-para-a-formaci\u00f3n-de-camareiros-as-en-bares-e-restaurantes-1.jpg","type":"image\/jpeg"}],"author":"Prensa A Guarda","twitter_card":"summary_large_image","twitter_creator":"@TurismoAGuarda","twitter_site":"@TurismoAGuarda","twitter_misc":{"Written by":"Prensa A Guarda","Est. reading time":"2 minutes"},"schema":{"@context":"https:\/\/schema.org","@graph":[{"@type":"Article","@id":"https:\/\/www.turismoaguarda.es\/gl\/a-guarda-impulsa-un-novo-curso-para-a-formacion-de-camareiros-as-en-bares-e-restaurantes\/#article","isPartOf":{"@id":"https:\/\/www.turismoaguarda.es\/gl\/a-guarda-impulsa-un-novo-curso-para-a-formacion-de-camareiros-as-en-bares-e-restaurantes\/"},"author":{"name":"Prensa A Guarda","@id":"https:\/\/www.turismoaguarda.es\/#\/schema\/person\/a8b0c27ad7bcbb6c19799e934727508e"},"headline":"\u00daltimos d\u00edas de inscrici\u00f3ns para o novo curso para a formaci\u00f3n de camareiros-as en bares e restaurantes na Guarda","datePublished":"2019-02-04T09:06:06+00:00","dateModified":"2019-02-04T10:20:17+00:00","mainEntityOfPage":{"@id":"https:\/\/www.turismoaguarda.es\/gl\/a-guarda-impulsa-un-novo-curso-para-a-formacion-de-camareiros-as-en-bares-e-restaurantes\/"},"wordCount":362,"commentCount":0,"image":{"@id":"https:\/\/www.turismoaguarda.es\/gl\/a-guarda-impulsa-un-novo-curso-para-a-formacion-de-camareiros-as-en-bares-e-restaurantes\/#primaryimage"},"thumbnailUrl":"https:\/\/www.turismoaguarda.es\/wp-content\/uploads\/2019\/01\/NP-29012019-A-Guarda-impulsa-un-novo-curso-para-a-formaci\u00f3n-de-camareiros-as-en-bares-e-restaurantes-1.jpg","keywords":["A Guarda","turismo"],"articleSection":["Novas Turismo"],"inLanguage":"gl","potentialAction":[{"@type":"CommentAction","name":"Comment","target":["https:\/\/www.turismoaguarda.es\/gl\/a-guarda-impulsa-un-novo-curso-para-a-formacion-de-camareiros-as-en-bares-e-restaurantes\/#respond"]}]},{"@type":"WebPage","@id":"https:\/\/www.turismoaguarda.es\/gl\/a-guarda-impulsa-un-novo-curso-para-a-formacion-de-camareiros-as-en-bares-e-restaurantes\/","url":"https:\/\/www.turismoaguarda.es\/gl\/a-guarda-impulsa-un-novo-curso-para-a-formacion-de-camareiros-as-en-bares-e-restaurantes\/","name":"\u00daltimos d\u00edas de inscrici\u00f3ns para o novo curso para a formaci\u00f3n de camareiros-as en bares e restaurantes na Guarda | Turismo A Guarda","isPartOf":{"@id":"https:\/\/www.turismoaguarda.es\/#website"},"primaryImageOfPage":{"@id":"https:\/\/www.turismoaguarda.es\/gl\/a-guarda-impulsa-un-novo-curso-para-a-formacion-de-camareiros-as-en-bares-e-restaurantes\/#primaryimage"},"image":{"@id":"https:\/\/www.turismoaguarda.es\/gl\/a-guarda-impulsa-un-novo-curso-para-a-formacion-de-camareiros-as-en-bares-e-restaurantes\/#primaryimage"},"thumbnailUrl":"https:\/\/www.turismoaguarda.es\/wp-content\/uploads\/2019\/01\/NP-29012019-A-Guarda-impulsa-un-novo-curso-para-a-formaci\u00f3n-de-camareiros-as-en-bares-e-restaurantes-1.jpg","datePublished":"2019-02-04T09:06:06+00:00","dateModified":"2019-02-04T10:20:17+00:00","author":{"@id":"https:\/\/www.turismoaguarda.es\/#\/schema\/person\/a8b0c27ad7bcbb6c19799e934727508e"},"breadcrumb":{"@id":"https:\/\/www.turismoaguarda.es\/gl\/a-guarda-impulsa-un-novo-curso-para-a-formacion-de-camareiros-as-en-bares-e-restaurantes\/#breadcrumb"},"inLanguage":"gl","potentialAction":[{"@type":"ReadAction","target":["https:\/\/www.turismoaguarda.es\/gl\/a-guarda-impulsa-un-novo-curso-para-a-formacion-de-camareiros-as-en-bares-e-restaurantes\/"]}]},{"@type":"ImageObject","inLanguage":"gl","@id":"https:\/\/www.turismoaguarda.es\/gl\/a-guarda-impulsa-un-novo-curso-para-a-formacion-de-camareiros-as-en-bares-e-restaurantes\/#primaryimage","url":"https:\/\/www.turismoaguarda.es\/wp-content\/uploads\/2019\/01\/NP-29012019-A-Guarda-impulsa-un-novo-curso-para-a-formaci\u00f3n-de-camareiros-as-en-bares-e-restaurantes-1.jpg","contentUrl":"https:\/\/www.turismoaguarda.es\/wp-content\/uploads\/2019\/01\/NP-29012019-A-Guarda-impulsa-un-novo-curso-para-a-formaci\u00f3n-de-camareiros-as-en-bares-e-restaurantes-1.jpg","width":800,"height":1132,"caption":"Os\/as interesados\/as deber\u00e1n cumprimentar a ficha de inscrici\u00f3n. Poden contactar no tel\u00e9fono 986 61 45 46 ou ben a trav\u00e9s do correo electr\u00f3nico turismo@aguarda.es."},{"@type":"BreadcrumbList","@id":"https:\/\/www.turismoaguarda.es\/gl\/a-guarda-impulsa-un-novo-curso-para-a-formacion-de-camareiros-as-en-bares-e-restaurantes\/#breadcrumb","itemListElement":[{"@type":"ListItem","position":1,"name":"Portada","item":"https:\/\/www.turismoaguarda.es\/gl\/"},{"@type":"ListItem","position":2,"name":"\u00daltimos d\u00edas de inscrici\u00f3ns para o novo curso para a formaci\u00f3n de camareiros-as en bares e restaurantes na Guarda"}]},{"@type":"WebSite","@id":"https:\/\/www.turismoaguarda.es\/#website","url":"https:\/\/www.turismoaguarda.es\/","name":"Turismo A Guarda","description":"Informaci\u00f3n tur\u00edstica de A Guarda y alrededores.","potentialAction":[{"@type":"SearchAction","target":{"@type":"EntryPoint","urlTemplate":"https:\/\/www.turismoaguarda.es\/?s={search_term_string}"},"query-input":{"@type":"PropertyValueSpecification","valueRequired":true,"valueName":"search_term_string"}}],"inLanguage":"gl"},{"@type":"Person","@id":"https:\/\/www.turismoaguarda.es\/#\/schema\/person\/a8b0c27ad7bcbb6c19799e934727508e","name":"Prensa A Guarda","image":{"@type":"ImageObject","inLanguage":"gl","@id":"https:\/\/secure.gravatar.com\/avatar\/387e117f874ba5d0a3439060b45d914395d77287b2e4890a49d1599fc3ef9189?s=96&d=mm&r=g","url":"https:\/\/secure.gravatar.com\/avatar\/387e117f874ba5d0a3439060b45d914395d77287b2e4890a49d1599fc3ef9189?s=96&d=mm&r=g","contentUrl":"https:\/\/secure.gravatar.com\/avatar\/387e117f874ba5d0a3439060b45d914395d77287b2e4890a49d1599fc3ef9189?s=96&d=mm&r=g","caption":"Prensa A Guarda"},"url":"https:\/\/www.turismoaguarda.es\/gl\/author\/prensa\/"}]}},"_links":{"self":[{"href":"https:\/\/www.turismoaguarda.es\/gl\/wp-json\/wp\/v2\/posts\/9354","targetHints":{"allow":["GET"]}}],"collection":[{"href":"https:\/\/www.turismoaguarda.es\/gl\/wp-json\/wp\/v2\/posts"}],"about":[{"href":"https:\/\/www.turismoaguarda.es\/gl\/wp-json\/wp\/v2\/types\/post"}],"author":[{"embeddable":true,"href":"https:\/\/www.turismoaguarda.es\/gl\/wp-json\/wp\/v2\/users\/11"}],"replies":[{"embeddable":true,"href":"https:\/\/www.turismoaguarda.es\/gl\/wp-json\/wp\/v2\/comments?post=9354"}],"version-history":[{"count":2,"href":"https:\/\/www.turismoaguarda.es\/gl\/wp-json\/wp\/v2\/posts\/9354\/revisions"}],"predecessor-version":[{"id":9414,"href":"https:\/\/www.turismoaguarda.es\/gl\/wp-json\/wp\/v2\/posts\/9354\/revisions\/9414"}],"wp:featuredmedia":[{"embeddable":true,"href":"https:\/\/www.turismoaguarda.es\/gl\/wp-json\/wp\/v2\/media\/9355"}],"wp:attachment":[{"href":"https:\/\/www.turismoaguarda.es\/gl\/wp-json\/wp\/v2\/media?parent=9354"}],"wp:term":[{"taxonomy":"category","embeddable":true,"href":"https:\/\/www.turismoaguarda.es\/gl\/wp-json\/wp\/v2\/categories?post=9354"},{"taxonomy":"post_tag","embeddable":true,"href":"https:\/\/www.turismoaguarda.es\/gl\/wp-json\/wp\/v2\/tags?post=9354"}],"curies":[{"name":"wp","href":"https:\/\/api.w.org\/{rel}","templated":true}]}}