{"id":9004,"date":"2018-11-19T16:46:39","date_gmt":"2018-11-19T16:46:39","guid":{"rendered":"http:\/\/www.turismoaguarda.es\/?p=9004"},"modified":"2018-11-19T16:46:39","modified_gmt":"2018-11-19T16:46:39","slug":"a-ruta-dos-muinos-do-folon-e-do-picon-pechou-o-calendario-de-andainas-2018-entre-a-guarda-e-caminha","status":"publish","type":"post","link":"https:\/\/www.turismoaguarda.es\/gl\/a-ruta-dos-muinos-do-folon-e-do-picon-pechou-o-calendario-de-andainas-2018-entre-a-guarda-e-caminha\/","title":{"rendered":"A ruta dos Mu\u00ed\u00f1os do Fol\u00f3n e do Pic\u00f3n pechou o calendario de andainas 2018 entre A Guarda e Caminha"},"content":{"rendered":"<p style=\"text-align: justify\">As andainas organizadas pola C\u00e1mara Municipal de Caminha e o Concello da Guarda co obxectivo de co\u00f1ecer a paisaxe e o patrimonio da comunidade galega e o pa\u00eds veci\u00f1o remataron na xornada do pasado s\u00e1bado d\u00eda 17 de novembro coa Ruta dos Mu\u00ed\u00f1os do Fol\u00f3n e do Pic\u00f3n.<\/p>\n<p style=\"text-align: justify\">O peche do calendario deste ano 2018 realizouse nas terras veci\u00f1as rosaleiras coa ruta de 18 km polos Mu\u00ed\u00f1os do Fol\u00f3n e do Pic\u00f3n. Os Mu\u00ed\u00f1os do Fol\u00f3n e do Pic\u00f3n son un grupo de 60 mu\u00ed\u00f1os en fervenza, declarados Ben de Interese Cultural ao constitu\u00edr parte do rico patrimonio etnogr\u00e1fico, xa mencionados en documentos do s\u00e9culo XVII. Recorrido de gran beleza con excelente panor\u00e1micas ao val do Rosal e Esteiro do Mi\u00f1o. Tam\u00e9n se co\u00f1eceu a Capela na v\u00e9spera da celebraci\u00f3n de San Marti\u00f1o.<\/p>\n<p style=\"text-align: center\"><a href=\"http:\/\/www.turismoaguarda.es\/la-ruta-de-los-molinos-de-o-folon-y-de-o-picon-cerro-el-calendario-de-andainas-2018-entre-a-guarda-y-caminha\/np-19112018-a-ruta-dos-muinos-do-folon-e-do-picon-pechou-o-calendario-de-andainas-2018-entre-a-guarda-e-caminha-2\/?lang=gl\" rel=\"attachment wp-att-8997\"><img loading=\"lazy\" decoding=\"async\" class=\"alignnone size-full wp-image-8997\" src=\"http:\/\/www.turismoaguarda.es\/wp-content\/uploads\/2018\/11\/NP-19112018-A-ruta-dos-Mu\u00ed\u00f1os-do-Fol\u00f3n-e-do-Pic\u00f3n-pechou-o-calendario-de-andainas-2018-entre-A-Guarda-e-Caminha-2.jpg\" alt=\"Las andainas organizadas por la C\u00e1mara Municipal de Caminha y el Ayuntamiento de A Guarda con objetivo de conocer el paisaxe y el patrimonio de la comunidad gallega y el pa\u00eds vecino terminaron en la jornada del pasado s\u00e1bado d\u00eda 17 de noviembre con la Ruta de los Molinos de O Fol\u00f3n y de O Pic\u00f3n.\" width=\"800\" height=\"600\" srcset=\"https:\/\/www.turismoaguarda.es\/wp-content\/uploads\/2018\/11\/NP-19112018-A-ruta-dos-Mu\u00ed\u00f1os-do-Fol\u00f3n-e-do-Pic\u00f3n-pechou-o-calendario-de-andainas-2018-entre-A-Guarda-e-Caminha-2.jpg 800w, https:\/\/www.turismoaguarda.es\/wp-content\/uploads\/2018\/11\/NP-19112018-A-ruta-dos-Mu\u00ed\u00f1os-do-Fol\u00f3n-e-do-Pic\u00f3n-pechou-o-calendario-de-andainas-2018-entre-A-Guarda-e-Caminha-2-300x225.jpg 300w, https:\/\/www.turismoaguarda.es\/wp-content\/uploads\/2018\/11\/NP-19112018-A-ruta-dos-Mu\u00ed\u00f1os-do-Fol\u00f3n-e-do-Pic\u00f3n-pechou-o-calendario-de-andainas-2018-entre-A-Guarda-e-Caminha-2-768x576.jpg 768w, https:\/\/www.turismoaguarda.es\/wp-content\/uploads\/2018\/11\/NP-19112018-A-ruta-dos-Mu\u00ed\u00f1os-do-Fol\u00f3n-e-do-Pic\u00f3n-pechou-o-calendario-de-andainas-2018-entre-A-Guarda-e-Caminha-2-150x113.jpg 150w, https:\/\/www.turismoaguarda.es\/wp-content\/uploads\/2018\/11\/NP-19112018-A-ruta-dos-Mu\u00ed\u00f1os-do-Fol\u00f3n-e-do-Pic\u00f3n-pechou-o-calendario-de-andainas-2018-entre-A-Guarda-e-Caminha-2-500x375.jpg 500w\" sizes=\"auto, (max-width: 800px) 100vw, 800px\" \/><\/a><\/p>\n","protected":false},"excerpt":{"rendered":"<p>As andainas organizadas pola C\u00e1mara Municipal de Caminha e o Concello da Guarda co obxectivo de co\u00f1ecer a paisaxe e o patrimonio da comunidade galega e o pa\u00eds veci\u00f1o remataron na xornada do pasado s\u00e1bado d\u00eda 17 de novembro coa Ruta dos Mu\u00ed\u00f1os do Fol\u00f3n e do Pic\u00f3n. O peche do calendario deste ano 2018<\/p>\n<div class=\"padding-top text-center\"><a href=\"https:\/\/www.turismoaguarda.es\/gl\/a-ruta-dos-muinos-do-folon-e-do-picon-pechou-o-calendario-de-andainas-2018-entre-a-guarda-e-caminha\/\" class=\"atbtn atbtn--medium atbtn--rounded atbtn--transparent\">Leer m\u00e1is<i class=\"atbtn__icon atbtn__icon--right fa fa-long-arrow-right\"><\/i><\/a><\/div>\n","protected":false},"author":11,"featured_media":9000,"comment_status":"open","ping_status":"open","sticky":false,"template":"","format":"standard","meta":{"footnotes":""},"categories":[94],"tags":[170,696,234,171],"class_list":["post-9004","post","type-post","status-publish","format-standard","has-post-thumbnail","hentry","category-novas-turismo","tag-a-guarda-gl","tag-andainas-gl","tag-deporte-gl","tag-turismo-gl"],"yoast_head":"<!-- This site is optimized with the Yoast SEO plugin v27.5 - https:\/\/yoast.com\/product\/yoast-seo-wordpress\/ -->\n<title>A ruta dos Mu\u00ed\u00f1os do Fol\u00f3n e do Pic\u00f3n pechou o calendario de andainas 2018 entre A Guarda e Caminha | Turismo A Guarda<\/title>\n<meta name=\"robots\" content=\"index, follow, max-snippet:-1, max-image-preview:large, max-video-preview:-1\" \/>\n<link rel=\"canonical\" href=\"https:\/\/www.turismoaguarda.es\/gl\/a-ruta-dos-muinos-do-folon-e-do-picon-pechou-o-calendario-de-andainas-2018-entre-a-guarda-e-caminha\/\" \/>\n<meta property=\"og:locale\" content=\"en_US\" \/>\n<meta property=\"og:type\" content=\"article\" \/>\n<meta property=\"og:title\" content=\"A ruta dos Mu\u00ed\u00f1os do Fol\u00f3n e do Pic\u00f3n pechou o calendario de andainas 2018 entre A Guarda e Caminha | Turismo A Guarda\" \/>\n<meta property=\"og:description\" content=\"As andainas organizadas pola C\u00e1mara Municipal de Caminha e o Concello da Guarda co obxectivo de co\u00f1ecer a paisaxe e o patrimonio da comunidade galega e o pa\u00eds veci\u00f1o remataron na xornada do pasado s\u00e1bado d\u00eda 17 de novembro coa Ruta dos Mu\u00ed\u00f1os do Fol\u00f3n e do Pic\u00f3n. O peche do calendario deste ano 2018Leer m\u00e1is\" \/>\n<meta property=\"og:url\" content=\"https:\/\/www.turismoaguarda.es\/gl\/a-ruta-dos-muinos-do-folon-e-do-picon-pechou-o-calendario-de-andainas-2018-entre-a-guarda-e-caminha\/\" \/>\n<meta property=\"og:site_name\" content=\"Turismo A Guarda\" \/>\n<meta property=\"article:publisher\" content=\"https:\/\/es-es.facebook.com\/Turismo-A-Guarda-126223240790625\/\" \/>\n<meta property=\"article:published_time\" content=\"2018-11-19T16:46:39+00:00\" \/>\n<meta property=\"og:image\" content=\"https:\/\/www.turismoaguarda.es\/wp-content\/uploads\/2018\/11\/NP-19112018-A-ruta-dos-Mu\u00ed\u00f1os-do-Fol\u00f3n-e-do-Pic\u00f3n-pechou-o-calendario-de-andainas-2018-entre-A-Guarda-e-Caminha-1.jpg\" \/>\n\t<meta property=\"og:image:width\" content=\"800\" \/>\n\t<meta property=\"og:image:height\" content=\"600\" \/>\n\t<meta property=\"og:image:type\" content=\"image\/jpeg\" \/>\n<meta name=\"author\" content=\"Prensa A Guarda\" \/>\n<meta name=\"twitter:card\" content=\"summary_large_image\" \/>\n<meta name=\"twitter:creator\" content=\"@TurismoAGuarda\" \/>\n<meta name=\"twitter:site\" content=\"@TurismoAGuarda\" \/>\n<meta name=\"twitter:label1\" content=\"Written by\" \/>\n\t<meta name=\"twitter:data1\" content=\"Prensa A Guarda\" \/>\n\t<meta name=\"twitter:label2\" content=\"Est. reading time\" \/>\n\t<meta name=\"twitter:data2\" content=\"1 minute\" \/>\n<script type=\"application\/ld+json\" class=\"yoast-schema-graph\">{\"@context\":\"https:\\\/\\\/schema.org\",\"@graph\":[{\"@type\":\"Article\",\"@id\":\"https:\\\/\\\/www.turismoaguarda.es\\\/gl\\\/a-ruta-dos-muinos-do-folon-e-do-picon-pechou-o-calendario-de-andainas-2018-entre-a-guarda-e-caminha\\\/#article\",\"isPartOf\":{\"@id\":\"https:\\\/\\\/www.turismoaguarda.es\\\/gl\\\/a-ruta-dos-muinos-do-folon-e-do-picon-pechou-o-calendario-de-andainas-2018-entre-a-guarda-e-caminha\\\/\"},\"author\":{\"name\":\"Prensa A Guarda\",\"@id\":\"https:\\\/\\\/www.turismoaguarda.es\\\/#\\\/schema\\\/person\\\/a8b0c27ad7bcbb6c19799e934727508e\"},\"headline\":\"A ruta dos Mu\u00ed\u00f1os do Fol\u00f3n e do Pic\u00f3n pechou o calendario de andainas 2018 entre A Guarda e Caminha\",\"datePublished\":\"2018-11-19T16:46:39+00:00\",\"mainEntityOfPage\":{\"@id\":\"https:\\\/\\\/www.turismoaguarda.es\\\/gl\\\/a-ruta-dos-muinos-do-folon-e-do-picon-pechou-o-calendario-de-andainas-2018-entre-a-guarda-e-caminha\\\/\"},\"wordCount\":178,\"commentCount\":0,\"image\":{\"@id\":\"https:\\\/\\\/www.turismoaguarda.es\\\/gl\\\/a-ruta-dos-muinos-do-folon-e-do-picon-pechou-o-calendario-de-andainas-2018-entre-a-guarda-e-caminha\\\/#primaryimage\"},\"thumbnailUrl\":\"https:\\\/\\\/www.turismoaguarda.es\\\/wp-content\\\/uploads\\\/2018\\\/11\\\/NP-19112018-A-ruta-dos-Mu\u00ed\u00f1os-do-Fol\u00f3n-e-do-Pic\u00f3n-pechou-o-calendario-de-andainas-2018-entre-A-Guarda-e-Caminha-1.jpg\",\"keywords\":[\"A Guarda\",\"andainas\",\"deporte\",\"turismo\"],\"articleSection\":[\"Novas Turismo\"],\"inLanguage\":\"gl\",\"potentialAction\":[{\"@type\":\"CommentAction\",\"name\":\"Comment\",\"target\":[\"https:\\\/\\\/www.turismoaguarda.es\\\/gl\\\/a-ruta-dos-muinos-do-folon-e-do-picon-pechou-o-calendario-de-andainas-2018-entre-a-guarda-e-caminha\\\/#respond\"]}]},{\"@type\":\"WebPage\",\"@id\":\"https:\\\/\\\/www.turismoaguarda.es\\\/gl\\\/a-ruta-dos-muinos-do-folon-e-do-picon-pechou-o-calendario-de-andainas-2018-entre-a-guarda-e-caminha\\\/\",\"url\":\"https:\\\/\\\/www.turismoaguarda.es\\\/gl\\\/a-ruta-dos-muinos-do-folon-e-do-picon-pechou-o-calendario-de-andainas-2018-entre-a-guarda-e-caminha\\\/\",\"name\":\"A ruta dos Mu\u00ed\u00f1os do Fol\u00f3n e do Pic\u00f3n pechou o calendario de andainas 2018 entre A Guarda e Caminha | Turismo A Guarda\",\"isPartOf\":{\"@id\":\"https:\\\/\\\/www.turismoaguarda.es\\\/#website\"},\"primaryImageOfPage\":{\"@id\":\"https:\\\/\\\/www.turismoaguarda.es\\\/gl\\\/a-ruta-dos-muinos-do-folon-e-do-picon-pechou-o-calendario-de-andainas-2018-entre-a-guarda-e-caminha\\\/#primaryimage\"},\"image\":{\"@id\":\"https:\\\/\\\/www.turismoaguarda.es\\\/gl\\\/a-ruta-dos-muinos-do-folon-e-do-picon-pechou-o-calendario-de-andainas-2018-entre-a-guarda-e-caminha\\\/#primaryimage\"},\"thumbnailUrl\":\"https:\\\/\\\/www.turismoaguarda.es\\\/wp-content\\\/uploads\\\/2018\\\/11\\\/NP-19112018-A-ruta-dos-Mu\u00ed\u00f1os-do-Fol\u00f3n-e-do-Pic\u00f3n-pechou-o-calendario-de-andainas-2018-entre-A-Guarda-e-Caminha-1.jpg\",\"datePublished\":\"2018-11-19T16:46:39+00:00\",\"author\":{\"@id\":\"https:\\\/\\\/www.turismoaguarda.es\\\/#\\\/schema\\\/person\\\/a8b0c27ad7bcbb6c19799e934727508e\"},\"breadcrumb\":{\"@id\":\"https:\\\/\\\/www.turismoaguarda.es\\\/gl\\\/a-ruta-dos-muinos-do-folon-e-do-picon-pechou-o-calendario-de-andainas-2018-entre-a-guarda-e-caminha\\\/#breadcrumb\"},\"inLanguage\":\"gl\",\"potentialAction\":[{\"@type\":\"ReadAction\",\"target\":[\"https:\\\/\\\/www.turismoaguarda.es\\\/gl\\\/a-ruta-dos-muinos-do-folon-e-do-picon-pechou-o-calendario-de-andainas-2018-entre-a-guarda-e-caminha\\\/\"]}]},{\"@type\":\"ImageObject\",\"inLanguage\":\"gl\",\"@id\":\"https:\\\/\\\/www.turismoaguarda.es\\\/gl\\\/a-ruta-dos-muinos-do-folon-e-do-picon-pechou-o-calendario-de-andainas-2018-entre-a-guarda-e-caminha\\\/#primaryimage\",\"url\":\"https:\\\/\\\/www.turismoaguarda.es\\\/wp-content\\\/uploads\\\/2018\\\/11\\\/NP-19112018-A-ruta-dos-Mu\u00ed\u00f1os-do-Fol\u00f3n-e-do-Pic\u00f3n-pechou-o-calendario-de-andainas-2018-entre-A-Guarda-e-Caminha-1.jpg\",\"contentUrl\":\"https:\\\/\\\/www.turismoaguarda.es\\\/wp-content\\\/uploads\\\/2018\\\/11\\\/NP-19112018-A-ruta-dos-Mu\u00ed\u00f1os-do-Fol\u00f3n-e-do-Pic\u00f3n-pechou-o-calendario-de-andainas-2018-entre-A-Guarda-e-Caminha-1.jpg\",\"width\":800,\"height\":600,\"caption\":\"Las andainas organizadas por la C\u00e1mara Municipal de Caminha y el Ayuntamiento de A Guarda con objetivo de conocer el paisaxe y el patrimonio de la comunidad gallega y el pa\u00eds vecino terminaron en la jornada del pasado s\u00e1bado d\u00eda 17 de noviembre con la Ruta de los Molinos de O Fol\u00f3n y de O Pic\u00f3n.\"},{\"@type\":\"BreadcrumbList\",\"@id\":\"https:\\\/\\\/www.turismoaguarda.es\\\/gl\\\/a-ruta-dos-muinos-do-folon-e-do-picon-pechou-o-calendario-de-andainas-2018-entre-a-guarda-e-caminha\\\/#breadcrumb\",\"itemListElement\":[{\"@type\":\"ListItem\",\"position\":1,\"name\":\"Portada\",\"item\":\"https:\\\/\\\/www.turismoaguarda.es\\\/gl\\\/\"},{\"@type\":\"ListItem\",\"position\":2,\"name\":\"A ruta dos Mu\u00ed\u00f1os do Fol\u00f3n e do Pic\u00f3n pechou o calendario de andainas 2018 entre A Guarda e Caminha\"}]},{\"@type\":\"WebSite\",\"@id\":\"https:\\\/\\\/www.turismoaguarda.es\\\/#website\",\"url\":\"https:\\\/\\\/www.turismoaguarda.es\\\/\",\"name\":\"Turismo A Guarda\",\"description\":\"Informaci\u00f3n tur\u00edstica de A Guarda y alrededores.\",\"potentialAction\":[{\"@type\":\"SearchAction\",\"target\":{\"@type\":\"EntryPoint\",\"urlTemplate\":\"https:\\\/\\\/www.turismoaguarda.es\\\/?s={search_term_string}\"},\"query-input\":{\"@type\":\"PropertyValueSpecification\",\"valueRequired\":true,\"valueName\":\"search_term_string\"}}],\"inLanguage\":\"gl\"},{\"@type\":\"Person\",\"@id\":\"https:\\\/\\\/www.turismoaguarda.es\\\/#\\\/schema\\\/person\\\/a8b0c27ad7bcbb6c19799e934727508e\",\"name\":\"Prensa A Guarda\",\"image\":{\"@type\":\"ImageObject\",\"inLanguage\":\"gl\",\"@id\":\"https:\\\/\\\/secure.gravatar.com\\\/avatar\\\/387e117f874ba5d0a3439060b45d914395d77287b2e4890a49d1599fc3ef9189?s=96&d=mm&r=g\",\"url\":\"https:\\\/\\\/secure.gravatar.com\\\/avatar\\\/387e117f874ba5d0a3439060b45d914395d77287b2e4890a49d1599fc3ef9189?s=96&d=mm&r=g\",\"contentUrl\":\"https:\\\/\\\/secure.gravatar.com\\\/avatar\\\/387e117f874ba5d0a3439060b45d914395d77287b2e4890a49d1599fc3ef9189?s=96&d=mm&r=g\",\"caption\":\"Prensa A Guarda\"},\"url\":\"https:\\\/\\\/www.turismoaguarda.es\\\/gl\\\/author\\\/prensa\\\/\"}]}<\/script>\n<!-- \/ Yoast SEO plugin. -->","yoast_head_json":{"title":"A ruta dos Mu\u00ed\u00f1os do Fol\u00f3n e do Pic\u00f3n pechou o calendario de andainas 2018 entre A Guarda e Caminha | Turismo A Guarda","robots":{"index":"index","follow":"follow","max-snippet":"max-snippet:-1","max-image-preview":"max-image-preview:large","max-video-preview":"max-video-preview:-1"},"canonical":"https:\/\/www.turismoaguarda.es\/gl\/a-ruta-dos-muinos-do-folon-e-do-picon-pechou-o-calendario-de-andainas-2018-entre-a-guarda-e-caminha\/","og_locale":"en_US","og_type":"article","og_title":"A ruta dos Mu\u00ed\u00f1os do Fol\u00f3n e do Pic\u00f3n pechou o calendario de andainas 2018 entre A Guarda e Caminha | Turismo A Guarda","og_description":"As andainas organizadas pola C\u00e1mara Municipal de Caminha e o Concello da Guarda co obxectivo de co\u00f1ecer a paisaxe e o patrimonio da comunidade galega e o pa\u00eds veci\u00f1o remataron na xornada do pasado s\u00e1bado d\u00eda 17 de novembro coa Ruta dos Mu\u00ed\u00f1os do Fol\u00f3n e do Pic\u00f3n. O peche do calendario deste ano 2018Leer m\u00e1is","og_url":"https:\/\/www.turismoaguarda.es\/gl\/a-ruta-dos-muinos-do-folon-e-do-picon-pechou-o-calendario-de-andainas-2018-entre-a-guarda-e-caminha\/","og_site_name":"Turismo A Guarda","article_publisher":"https:\/\/es-es.facebook.com\/Turismo-A-Guarda-126223240790625\/","article_published_time":"2018-11-19T16:46:39+00:00","og_image":[{"width":800,"height":600,"url":"https:\/\/www.turismoaguarda.es\/wp-content\/uploads\/2018\/11\/NP-19112018-A-ruta-dos-Mu\u00ed\u00f1os-do-Fol\u00f3n-e-do-Pic\u00f3n-pechou-o-calendario-de-andainas-2018-entre-A-Guarda-e-Caminha-1.jpg","type":"image\/jpeg"}],"author":"Prensa A Guarda","twitter_card":"summary_large_image","twitter_creator":"@TurismoAGuarda","twitter_site":"@TurismoAGuarda","twitter_misc":{"Written by":"Prensa A Guarda","Est. reading time":"1 minute"},"schema":{"@context":"https:\/\/schema.org","@graph":[{"@type":"Article","@id":"https:\/\/www.turismoaguarda.es\/gl\/a-ruta-dos-muinos-do-folon-e-do-picon-pechou-o-calendario-de-andainas-2018-entre-a-guarda-e-caminha\/#article","isPartOf":{"@id":"https:\/\/www.turismoaguarda.es\/gl\/a-ruta-dos-muinos-do-folon-e-do-picon-pechou-o-calendario-de-andainas-2018-entre-a-guarda-e-caminha\/"},"author":{"name":"Prensa A Guarda","@id":"https:\/\/www.turismoaguarda.es\/#\/schema\/person\/a8b0c27ad7bcbb6c19799e934727508e"},"headline":"A ruta dos Mu\u00ed\u00f1os do Fol\u00f3n e do Pic\u00f3n pechou o calendario de andainas 2018 entre A Guarda e Caminha","datePublished":"2018-11-19T16:46:39+00:00","mainEntityOfPage":{"@id":"https:\/\/www.turismoaguarda.es\/gl\/a-ruta-dos-muinos-do-folon-e-do-picon-pechou-o-calendario-de-andainas-2018-entre-a-guarda-e-caminha\/"},"wordCount":178,"commentCount":0,"image":{"@id":"https:\/\/www.turismoaguarda.es\/gl\/a-ruta-dos-muinos-do-folon-e-do-picon-pechou-o-calendario-de-andainas-2018-entre-a-guarda-e-caminha\/#primaryimage"},"thumbnailUrl":"https:\/\/www.turismoaguarda.es\/wp-content\/uploads\/2018\/11\/NP-19112018-A-ruta-dos-Mu\u00ed\u00f1os-do-Fol\u00f3n-e-do-Pic\u00f3n-pechou-o-calendario-de-andainas-2018-entre-A-Guarda-e-Caminha-1.jpg","keywords":["A Guarda","andainas","deporte","turismo"],"articleSection":["Novas Turismo"],"inLanguage":"gl","potentialAction":[{"@type":"CommentAction","name":"Comment","target":["https:\/\/www.turismoaguarda.es\/gl\/a-ruta-dos-muinos-do-folon-e-do-picon-pechou-o-calendario-de-andainas-2018-entre-a-guarda-e-caminha\/#respond"]}]},{"@type":"WebPage","@id":"https:\/\/www.turismoaguarda.es\/gl\/a-ruta-dos-muinos-do-folon-e-do-picon-pechou-o-calendario-de-andainas-2018-entre-a-guarda-e-caminha\/","url":"https:\/\/www.turismoaguarda.es\/gl\/a-ruta-dos-muinos-do-folon-e-do-picon-pechou-o-calendario-de-andainas-2018-entre-a-guarda-e-caminha\/","name":"A ruta dos Mu\u00ed\u00f1os do Fol\u00f3n e do Pic\u00f3n pechou o calendario de andainas 2018 entre A Guarda e Caminha | Turismo A Guarda","isPartOf":{"@id":"https:\/\/www.turismoaguarda.es\/#website"},"primaryImageOfPage":{"@id":"https:\/\/www.turismoaguarda.es\/gl\/a-ruta-dos-muinos-do-folon-e-do-picon-pechou-o-calendario-de-andainas-2018-entre-a-guarda-e-caminha\/#primaryimage"},"image":{"@id":"https:\/\/www.turismoaguarda.es\/gl\/a-ruta-dos-muinos-do-folon-e-do-picon-pechou-o-calendario-de-andainas-2018-entre-a-guarda-e-caminha\/#primaryimage"},"thumbnailUrl":"https:\/\/www.turismoaguarda.es\/wp-content\/uploads\/2018\/11\/NP-19112018-A-ruta-dos-Mu\u00ed\u00f1os-do-Fol\u00f3n-e-do-Pic\u00f3n-pechou-o-calendario-de-andainas-2018-entre-A-Guarda-e-Caminha-1.jpg","datePublished":"2018-11-19T16:46:39+00:00","author":{"@id":"https:\/\/www.turismoaguarda.es\/#\/schema\/person\/a8b0c27ad7bcbb6c19799e934727508e"},"breadcrumb":{"@id":"https:\/\/www.turismoaguarda.es\/gl\/a-ruta-dos-muinos-do-folon-e-do-picon-pechou-o-calendario-de-andainas-2018-entre-a-guarda-e-caminha\/#breadcrumb"},"inLanguage":"gl","potentialAction":[{"@type":"ReadAction","target":["https:\/\/www.turismoaguarda.es\/gl\/a-ruta-dos-muinos-do-folon-e-do-picon-pechou-o-calendario-de-andainas-2018-entre-a-guarda-e-caminha\/"]}]},{"@type":"ImageObject","inLanguage":"gl","@id":"https:\/\/www.turismoaguarda.es\/gl\/a-ruta-dos-muinos-do-folon-e-do-picon-pechou-o-calendario-de-andainas-2018-entre-a-guarda-e-caminha\/#primaryimage","url":"https:\/\/www.turismoaguarda.es\/wp-content\/uploads\/2018\/11\/NP-19112018-A-ruta-dos-Mu\u00ed\u00f1os-do-Fol\u00f3n-e-do-Pic\u00f3n-pechou-o-calendario-de-andainas-2018-entre-A-Guarda-e-Caminha-1.jpg","contentUrl":"https:\/\/www.turismoaguarda.es\/wp-content\/uploads\/2018\/11\/NP-19112018-A-ruta-dos-Mu\u00ed\u00f1os-do-Fol\u00f3n-e-do-Pic\u00f3n-pechou-o-calendario-de-andainas-2018-entre-A-Guarda-e-Caminha-1.jpg","width":800,"height":600,"caption":"Las andainas organizadas por la C\u00e1mara Municipal de Caminha y el Ayuntamiento de A Guarda con objetivo de conocer el paisaxe y el patrimonio de la comunidad gallega y el pa\u00eds vecino terminaron en la jornada del pasado s\u00e1bado d\u00eda 17 de noviembre con la Ruta de los Molinos de O Fol\u00f3n y de O Pic\u00f3n."},{"@type":"BreadcrumbList","@id":"https:\/\/www.turismoaguarda.es\/gl\/a-ruta-dos-muinos-do-folon-e-do-picon-pechou-o-calendario-de-andainas-2018-entre-a-guarda-e-caminha\/#breadcrumb","itemListElement":[{"@type":"ListItem","position":1,"name":"Portada","item":"https:\/\/www.turismoaguarda.es\/gl\/"},{"@type":"ListItem","position":2,"name":"A ruta dos Mu\u00ed\u00f1os do Fol\u00f3n e do Pic\u00f3n pechou o calendario de andainas 2018 entre A Guarda e Caminha"}]},{"@type":"WebSite","@id":"https:\/\/www.turismoaguarda.es\/#website","url":"https:\/\/www.turismoaguarda.es\/","name":"Turismo A Guarda","description":"Informaci\u00f3n tur\u00edstica de A Guarda y alrededores.","potentialAction":[{"@type":"SearchAction","target":{"@type":"EntryPoint","urlTemplate":"https:\/\/www.turismoaguarda.es\/?s={search_term_string}"},"query-input":{"@type":"PropertyValueSpecification","valueRequired":true,"valueName":"search_term_string"}}],"inLanguage":"gl"},{"@type":"Person","@id":"https:\/\/www.turismoaguarda.es\/#\/schema\/person\/a8b0c27ad7bcbb6c19799e934727508e","name":"Prensa A Guarda","image":{"@type":"ImageObject","inLanguage":"gl","@id":"https:\/\/secure.gravatar.com\/avatar\/387e117f874ba5d0a3439060b45d914395d77287b2e4890a49d1599fc3ef9189?s=96&d=mm&r=g","url":"https:\/\/secure.gravatar.com\/avatar\/387e117f874ba5d0a3439060b45d914395d77287b2e4890a49d1599fc3ef9189?s=96&d=mm&r=g","contentUrl":"https:\/\/secure.gravatar.com\/avatar\/387e117f874ba5d0a3439060b45d914395d77287b2e4890a49d1599fc3ef9189?s=96&d=mm&r=g","caption":"Prensa A Guarda"},"url":"https:\/\/www.turismoaguarda.es\/gl\/author\/prensa\/"}]}},"_links":{"self":[{"href":"https:\/\/www.turismoaguarda.es\/gl\/wp-json\/wp\/v2\/posts\/9004","targetHints":{"allow":["GET"]}}],"collection":[{"href":"https:\/\/www.turismoaguarda.es\/gl\/wp-json\/wp\/v2\/posts"}],"about":[{"href":"https:\/\/www.turismoaguarda.es\/gl\/wp-json\/wp\/v2\/types\/post"}],"author":[{"embeddable":true,"href":"https:\/\/www.turismoaguarda.es\/gl\/wp-json\/wp\/v2\/users\/11"}],"replies":[{"embeddable":true,"href":"https:\/\/www.turismoaguarda.es\/gl\/wp-json\/wp\/v2\/comments?post=9004"}],"version-history":[{"count":1,"href":"https:\/\/www.turismoaguarda.es\/gl\/wp-json\/wp\/v2\/posts\/9004\/revisions"}],"predecessor-version":[{"id":9005,"href":"https:\/\/www.turismoaguarda.es\/gl\/wp-json\/wp\/v2\/posts\/9004\/revisions\/9005"}],"wp:featuredmedia":[{"embeddable":true,"href":"https:\/\/www.turismoaguarda.es\/gl\/wp-json\/wp\/v2\/media\/9000"}],"wp:attachment":[{"href":"https:\/\/www.turismoaguarda.es\/gl\/wp-json\/wp\/v2\/media?parent=9004"}],"wp:term":[{"taxonomy":"category","embeddable":true,"href":"https:\/\/www.turismoaguarda.es\/gl\/wp-json\/wp\/v2\/categories?post=9004"},{"taxonomy":"post_tag","embeddable":true,"href":"https:\/\/www.turismoaguarda.es\/gl\/wp-json\/wp\/v2\/tags?post=9004"}],"curies":[{"name":"wp","href":"https:\/\/api.w.org\/{rel}","templated":true}]}}