{"id":8969,"date":"2018-11-14T10:16:41","date_gmt":"2018-11-14T10:16:41","guid":{"rendered":"http:\/\/www.turismoaguarda.es\/?p=8969"},"modified":"2018-11-14T10:16:41","modified_gmt":"2018-11-14T10:16:41","slug":"a-ruta-petiscos-con-arte-regresa-esta-fin-de-semana-a-guarda","status":"publish","type":"post","link":"https:\/\/www.turismoaguarda.es\/gl\/a-ruta-petiscos-con-arte-regresa-esta-fin-de-semana-a-guarda\/","title":{"rendered":"A Ruta \u201cPetiscos con Arte\u201d regresa esta fin de semana \u00e1 Guarda"},"content":{"rendered":"<p style=\"text-align: justify;\">O pasado martes d\u00eda 13 de novembro o Centro Cultural da Guarda acolleu a presentaci\u00f3n da Ruta \u201cPetiscos con Arte\u201d que ter\u00e1 comezo a vindeira fin de semana contando coa participaci\u00f3n de 12 establecementos de hostalar\u00eda do municipio.<\/p>\n<p style=\"text-align: justify;\">O evento organizado a trav\u00e9s da Conceller\u00eda de Turismo, chega este ano a unha nova edici\u00f3n, misturando a gastronom\u00eda e a arte para ofertar aos participantes unha experiencia para os sentidos cun total de 12 petiscos diferentes e 12 exposici\u00f3ns \u00a0de fotograf\u00eda, pintura, escultura e ilustraci\u00f3ns.<\/p>\n<p style=\"text-align: center;\"><img loading=\"lazy\" decoding=\"async\" class=\"alignnone size-full wp-image-8973\" src=\"http:\/\/www.turismoaguarda.es\/wp-content\/uploads\/2018\/11\/NP-13112018-A-Ruta-\u201cPetiscos-con-Arte\u201d-regresa-esta-fin-de-semana-\u00e1-Guarda-2-1.jpg\" alt=\"A Ruta \u201cPetiscos con Arte\u201d ter\u00e1 lugar as d\u00faas fins de semana da segunda quincena de novembro, os d\u00edas 16, 17, 23 e 24 en horario de ma\u00f1\u00e1 de 12:00h a 14:00h e tarde 19:00h a 21:30h.\" width=\"800\" height=\"533\" srcset=\"https:\/\/www.turismoaguarda.es\/wp-content\/uploads\/2018\/11\/NP-13112018-A-Ruta-\u201cPetiscos-con-Arte\u201d-regresa-esta-fin-de-semana-\u00e1-Guarda-2-1.jpg 800w, https:\/\/www.turismoaguarda.es\/wp-content\/uploads\/2018\/11\/NP-13112018-A-Ruta-\u201cPetiscos-con-Arte\u201d-regresa-esta-fin-de-semana-\u00e1-Guarda-2-1-300x200.jpg 300w, https:\/\/www.turismoaguarda.es\/wp-content\/uploads\/2018\/11\/NP-13112018-A-Ruta-\u201cPetiscos-con-Arte\u201d-regresa-esta-fin-de-semana-\u00e1-Guarda-2-1-768x512.jpg 768w, https:\/\/www.turismoaguarda.es\/wp-content\/uploads\/2018\/11\/NP-13112018-A-Ruta-\u201cPetiscos-con-Arte\u201d-regresa-esta-fin-de-semana-\u00e1-Guarda-2-1-150x100.jpg 150w, https:\/\/www.turismoaguarda.es\/wp-content\/uploads\/2018\/11\/NP-13112018-A-Ruta-\u201cPetiscos-con-Arte\u201d-regresa-esta-fin-de-semana-\u00e1-Guarda-2-1-500x333.jpg 500w\" sizes=\"auto, (max-width: 800px) 100vw, 800px\" \/><\/p>\n<p style=\"text-align: justify;\">A Ruta \u201cPetiscos con Arte\u201d ter\u00e1 lugar as d\u00faas fins de semana da segunda quincena de novembro, os d\u00edas 16, 17, 23 e 24 en horario de ma\u00f1\u00e1 de 12:00h a 14:00h e tarde 19:00h a 21:30h.<\/p>\n<p style=\"text-align: justify;\">Os 12 establecementos participantes nesta edici\u00f3n ofertar\u00e1n un petisco ao simb\u00f3lico prezo de 1,50\u20ac, elaboraci\u00f3ns gastron\u00f3micas para todos os gustos con potaxes, \u201cmontaditos\u201d, tostas, sushi, entre outros.<\/p>\n<p style=\"text-align: center;\"><img loading=\"lazy\" decoding=\"async\" class=\"alignnone size-full wp-image-8970\" src=\"http:\/\/www.turismoaguarda.es\/wp-content\/uploads\/2018\/11\/NP-13112018-A-Ruta-\u201cPetiscos-con-Arte\u201d-regresa-esta-fin-de-semana-\u00e1-Guarda-1-1.jpg\" alt=\"A Ruta \u201cPetiscos con Arte\u201d ter\u00e1 lugar as d\u00faas fins de semana da segunda quincena de novembro, os d\u00edas 16, 17, 23 e 24 en horario de ma\u00f1\u00e1 de 12:00h a 14:00h e tarde 19:00h a 21:30h.\" width=\"800\" height=\"533\" srcset=\"https:\/\/www.turismoaguarda.es\/wp-content\/uploads\/2018\/11\/NP-13112018-A-Ruta-\u201cPetiscos-con-Arte\u201d-regresa-esta-fin-de-semana-\u00e1-Guarda-1-1.jpg 800w, https:\/\/www.turismoaguarda.es\/wp-content\/uploads\/2018\/11\/NP-13112018-A-Ruta-\u201cPetiscos-con-Arte\u201d-regresa-esta-fin-de-semana-\u00e1-Guarda-1-1-300x200.jpg 300w, https:\/\/www.turismoaguarda.es\/wp-content\/uploads\/2018\/11\/NP-13112018-A-Ruta-\u201cPetiscos-con-Arte\u201d-regresa-esta-fin-de-semana-\u00e1-Guarda-1-1-768x512.jpg 768w, https:\/\/www.turismoaguarda.es\/wp-content\/uploads\/2018\/11\/NP-13112018-A-Ruta-\u201cPetiscos-con-Arte\u201d-regresa-esta-fin-de-semana-\u00e1-Guarda-1-1-150x100.jpg 150w, https:\/\/www.turismoaguarda.es\/wp-content\/uploads\/2018\/11\/NP-13112018-A-Ruta-\u201cPetiscos-con-Arte\u201d-regresa-esta-fin-de-semana-\u00e1-Guarda-1-1-500x333.jpg 500w\" sizes=\"auto, (max-width: 800px) 100vw, 800px\" \/><\/p>\n<p style=\"text-align: justify;\">Tal e como manifestou na presentaci\u00f3n desta ruta Montserrat Magallanes, Concelleira de Turismo da Guarda, a finalidade da ruta \u00e9 promocionar a gastronom\u00eda e a arte na Guarda, dinamizando o tecido de hostalar\u00eda do municipio nesta tempada post-estival cun valor engadido como \u00e9 o arte, con exposici\u00f3ns para todos os gustos.<\/p>\n<p style=\"text-align: justify;\">No acto de presentaci\u00f3n estiveron presentes os hostaleiros participantes e unha representaci\u00f3n dos artistas que participan nesta ruta coas s\u00faas obras, tam\u00e9n se aproveitou para dar a co\u00f1ecer o v\u00eddeo de promoci\u00f3n desta ruta, que xa se pode visualizar nas redes sociais municipais.<\/p>\n<p style=\"text-align: center;\"><img loading=\"lazy\" decoding=\"async\" class=\"alignnone size-full wp-image-8979\" src=\"http:\/\/www.turismoaguarda.es\/wp-content\/uploads\/2018\/11\/NP-13112018-A-Ruta-\u201cPetiscos-con-Arte\u201d-regresa-esta-fin-de-semana-\u00e1-Guarda-4-1.jpg\" alt=\"A Ruta \u201cPetiscos con Arte\u201d ter\u00e1 lugar as d\u00faas fins de semana da segunda quincena de novembro, os d\u00edas 16, 17, 23 e 24 en horario de ma\u00f1\u00e1 de 12:00h a 14:00h e tarde 19:00h a 21:30h.\" width=\"800\" height=\"533\" srcset=\"https:\/\/www.turismoaguarda.es\/wp-content\/uploads\/2018\/11\/NP-13112018-A-Ruta-\u201cPetiscos-con-Arte\u201d-regresa-esta-fin-de-semana-\u00e1-Guarda-4-1.jpg 800w, https:\/\/www.turismoaguarda.es\/wp-content\/uploads\/2018\/11\/NP-13112018-A-Ruta-\u201cPetiscos-con-Arte\u201d-regresa-esta-fin-de-semana-\u00e1-Guarda-4-1-300x200.jpg 300w, https:\/\/www.turismoaguarda.es\/wp-content\/uploads\/2018\/11\/NP-13112018-A-Ruta-\u201cPetiscos-con-Arte\u201d-regresa-esta-fin-de-semana-\u00e1-Guarda-4-1-768x512.jpg 768w, https:\/\/www.turismoaguarda.es\/wp-content\/uploads\/2018\/11\/NP-13112018-A-Ruta-\u201cPetiscos-con-Arte\u201d-regresa-esta-fin-de-semana-\u00e1-Guarda-4-1-150x100.jpg 150w, https:\/\/www.turismoaguarda.es\/wp-content\/uploads\/2018\/11\/NP-13112018-A-Ruta-\u201cPetiscos-con-Arte\u201d-regresa-esta-fin-de-semana-\u00e1-Guarda-4-1-500x333.jpg 500w\" sizes=\"auto, (max-width: 800px) 100vw, 800px\" \/><\/p>\n<p style=\"text-align: justify;\">Cada participante que deguste un petisco recibir\u00e1 unha papeleta que cumprimentar\u00e1 cos seus datos persoais e depositar\u00e1 na urna para entrar no sorteo. Haber\u00e1 un pequeno acto de entrega aos premiados no sorteo (un premio por persoa).<\/p>\n<p>Link video: <a href=\"https:\/\/www.youtube.com\/watch?v=ZPX6fZrP5Bs\">https:\/\/www.youtube.com\/watch?v=ZPX6fZrP5Bs<\/a><\/p>\n","protected":false},"excerpt":{"rendered":"<p>O pasado martes d\u00eda 13 de novembro o Centro Cultural da Guarda acolleu a presentaci\u00f3n da Ruta \u201cPetiscos con Arte\u201d que ter\u00e1 comezo a vindeira fin de semana contando coa participaci\u00f3n de 12 establecementos de hostalar\u00eda do municipio. O evento organizado a trav\u00e9s da Conceller\u00eda de Turismo, chega este ano a unha nova edici\u00f3n, misturando<\/p>\n<div class=\"padding-top text-center\"><a href=\"https:\/\/www.turismoaguarda.es\/gl\/a-ruta-petiscos-con-arte-regresa-esta-fin-de-semana-a-guarda\/\" class=\"atbtn atbtn--medium atbtn--rounded atbtn--transparent\">Leer m\u00e1is<i class=\"atbtn__icon atbtn__icon--right fa fa-long-arrow-right\"><\/i><\/a><\/div>\n","protected":false},"author":7,"featured_media":8976,"comment_status":"open","ping_status":"open","sticky":false,"template":"","format":"standard","meta":{"footnotes":""},"categories":[94],"tags":[170,1119,579,1120,922],"class_list":["post-8969","post","type-post","status-publish","format-standard","has-post-thumbnail","hentry","category-novas-turismo","tag-a-guarda-gl","tag-arte","tag-gastronomia-gl","tag-petiscos-con-arte","tag-ruta-gl"],"yoast_head":"<!-- This site is optimized with the Yoast SEO plugin v27.5 - https:\/\/yoast.com\/product\/yoast-seo-wordpress\/ -->\n<title>A Ruta \u201cPetiscos con Arte\u201d regresa esta fin de semana \u00e1 Guarda | Turismo A Guarda<\/title>\n<meta name=\"robots\" content=\"index, follow, max-snippet:-1, max-image-preview:large, max-video-preview:-1\" \/>\n<link rel=\"canonical\" href=\"https:\/\/www.turismoaguarda.es\/gl\/a-ruta-petiscos-con-arte-regresa-esta-fin-de-semana-a-guarda\/\" \/>\n<meta property=\"og:locale\" content=\"en_US\" \/>\n<meta property=\"og:type\" content=\"article\" \/>\n<meta property=\"og:title\" content=\"A Ruta \u201cPetiscos con Arte\u201d regresa esta fin de semana \u00e1 Guarda | Turismo A Guarda\" \/>\n<meta property=\"og:description\" content=\"O pasado martes d\u00eda 13 de novembro o Centro Cultural da Guarda acolleu a presentaci\u00f3n da Ruta \u201cPetiscos con Arte\u201d que ter\u00e1 comezo a vindeira fin de semana contando coa participaci\u00f3n de 12 establecementos de hostalar\u00eda do municipio. O evento organizado a trav\u00e9s da Conceller\u00eda de Turismo, chega este ano a unha nova edici\u00f3n, misturandoLeer m\u00e1is\" \/>\n<meta property=\"og:url\" content=\"https:\/\/www.turismoaguarda.es\/gl\/a-ruta-petiscos-con-arte-regresa-esta-fin-de-semana-a-guarda\/\" \/>\n<meta property=\"og:site_name\" content=\"Turismo A Guarda\" \/>\n<meta property=\"article:publisher\" content=\"https:\/\/es-es.facebook.com\/Turismo-A-Guarda-126223240790625\/\" \/>\n<meta property=\"article:published_time\" content=\"2018-11-14T10:16:41+00:00\" \/>\n<meta property=\"og:image\" content=\"https:\/\/www.turismoaguarda.es\/wp-content\/uploads\/2018\/11\/NP-13112018-A-Ruta-\u201cPetiscos-con-Arte\u201d-regresa-esta-fin-de-semana-\u00e1-Guarda-3-1.jpg\" \/>\n\t<meta property=\"og:image:width\" content=\"800\" \/>\n\t<meta property=\"og:image:height\" content=\"533\" \/>\n\t<meta property=\"og:image:type\" content=\"image\/jpeg\" \/>\n<meta name=\"author\" content=\"Rosalia Verde\" \/>\n<meta name=\"twitter:card\" content=\"summary_large_image\" \/>\n<meta name=\"twitter:creator\" content=\"@TurismoAGuarda\" \/>\n<meta name=\"twitter:site\" content=\"@TurismoAGuarda\" \/>\n<meta name=\"twitter:label1\" content=\"Written by\" \/>\n\t<meta name=\"twitter:data1\" content=\"Rosalia Verde\" \/>\n\t<meta name=\"twitter:label2\" content=\"Est. reading time\" \/>\n\t<meta name=\"twitter:data2\" content=\"2 minutes\" \/>\n<script type=\"application\/ld+json\" class=\"yoast-schema-graph\">{\"@context\":\"https:\\\/\\\/schema.org\",\"@graph\":[{\"@type\":\"Article\",\"@id\":\"https:\\\/\\\/www.turismoaguarda.es\\\/gl\\\/a-ruta-petiscos-con-arte-regresa-esta-fin-de-semana-a-guarda\\\/#article\",\"isPartOf\":{\"@id\":\"https:\\\/\\\/www.turismoaguarda.es\\\/gl\\\/a-ruta-petiscos-con-arte-regresa-esta-fin-de-semana-a-guarda\\\/\"},\"author\":{\"name\":\"Rosalia Verde\",\"@id\":\"https:\\\/\\\/www.turismoaguarda.es\\\/#\\\/schema\\\/person\\\/9282bb1649316a88a88b0eca34bd959b\"},\"headline\":\"A Ruta \u201cPetiscos con Arte\u201d regresa esta fin de semana \u00e1 Guarda\",\"datePublished\":\"2018-11-14T10:16:41+00:00\",\"mainEntityOfPage\":{\"@id\":\"https:\\\/\\\/www.turismoaguarda.es\\\/gl\\\/a-ruta-petiscos-con-arte-regresa-esta-fin-de-semana-a-guarda\\\/\"},\"wordCount\":318,\"commentCount\":0,\"image\":{\"@id\":\"https:\\\/\\\/www.turismoaguarda.es\\\/gl\\\/a-ruta-petiscos-con-arte-regresa-esta-fin-de-semana-a-guarda\\\/#primaryimage\"},\"thumbnailUrl\":\"https:\\\/\\\/www.turismoaguarda.es\\\/wp-content\\\/uploads\\\/2018\\\/11\\\/NP-13112018-A-Ruta-\u201cPetiscos-con-Arte\u201d-regresa-esta-fin-de-semana-\u00e1-Guarda-3-1.jpg\",\"keywords\":[\"A Guarda\",\"Arte\",\"gastronom\u00eda.\",\"Petiscos con arte\",\"ruta\"],\"articleSection\":[\"Novas Turismo\"],\"inLanguage\":\"gl\",\"potentialAction\":[{\"@type\":\"CommentAction\",\"name\":\"Comment\",\"target\":[\"https:\\\/\\\/www.turismoaguarda.es\\\/gl\\\/a-ruta-petiscos-con-arte-regresa-esta-fin-de-semana-a-guarda\\\/#respond\"]}]},{\"@type\":\"WebPage\",\"@id\":\"https:\\\/\\\/www.turismoaguarda.es\\\/gl\\\/a-ruta-petiscos-con-arte-regresa-esta-fin-de-semana-a-guarda\\\/\",\"url\":\"https:\\\/\\\/www.turismoaguarda.es\\\/gl\\\/a-ruta-petiscos-con-arte-regresa-esta-fin-de-semana-a-guarda\\\/\",\"name\":\"A Ruta \u201cPetiscos con Arte\u201d regresa esta fin de semana \u00e1 Guarda | Turismo A Guarda\",\"isPartOf\":{\"@id\":\"https:\\\/\\\/www.turismoaguarda.es\\\/#website\"},\"primaryImageOfPage\":{\"@id\":\"https:\\\/\\\/www.turismoaguarda.es\\\/gl\\\/a-ruta-petiscos-con-arte-regresa-esta-fin-de-semana-a-guarda\\\/#primaryimage\"},\"image\":{\"@id\":\"https:\\\/\\\/www.turismoaguarda.es\\\/gl\\\/a-ruta-petiscos-con-arte-regresa-esta-fin-de-semana-a-guarda\\\/#primaryimage\"},\"thumbnailUrl\":\"https:\\\/\\\/www.turismoaguarda.es\\\/wp-content\\\/uploads\\\/2018\\\/11\\\/NP-13112018-A-Ruta-\u201cPetiscos-con-Arte\u201d-regresa-esta-fin-de-semana-\u00e1-Guarda-3-1.jpg\",\"datePublished\":\"2018-11-14T10:16:41+00:00\",\"author\":{\"@id\":\"https:\\\/\\\/www.turismoaguarda.es\\\/#\\\/schema\\\/person\\\/9282bb1649316a88a88b0eca34bd959b\"},\"breadcrumb\":{\"@id\":\"https:\\\/\\\/www.turismoaguarda.es\\\/gl\\\/a-ruta-petiscos-con-arte-regresa-esta-fin-de-semana-a-guarda\\\/#breadcrumb\"},\"inLanguage\":\"gl\",\"potentialAction\":[{\"@type\":\"ReadAction\",\"target\":[\"https:\\\/\\\/www.turismoaguarda.es\\\/gl\\\/a-ruta-petiscos-con-arte-regresa-esta-fin-de-semana-a-guarda\\\/\"]}]},{\"@type\":\"ImageObject\",\"inLanguage\":\"gl\",\"@id\":\"https:\\\/\\\/www.turismoaguarda.es\\\/gl\\\/a-ruta-petiscos-con-arte-regresa-esta-fin-de-semana-a-guarda\\\/#primaryimage\",\"url\":\"https:\\\/\\\/www.turismoaguarda.es\\\/wp-content\\\/uploads\\\/2018\\\/11\\\/NP-13112018-A-Ruta-\u201cPetiscos-con-Arte\u201d-regresa-esta-fin-de-semana-\u00e1-Guarda-3-1.jpg\",\"contentUrl\":\"https:\\\/\\\/www.turismoaguarda.es\\\/wp-content\\\/uploads\\\/2018\\\/11\\\/NP-13112018-A-Ruta-\u201cPetiscos-con-Arte\u201d-regresa-esta-fin-de-semana-\u00e1-Guarda-3-1.jpg\",\"width\":800,\"height\":533,\"caption\":\"A Ruta \u201cPetiscos con Arte\u201d ter\u00e1 lugar as d\u00faas fins de semana da segunda quincena de novembro, os d\u00edas 16, 17, 23 e 24 en horario de ma\u00f1\u00e1 de 12:00h a 14:00h e tarde 19:00h a 21:30h.\"},{\"@type\":\"BreadcrumbList\",\"@id\":\"https:\\\/\\\/www.turismoaguarda.es\\\/gl\\\/a-ruta-petiscos-con-arte-regresa-esta-fin-de-semana-a-guarda\\\/#breadcrumb\",\"itemListElement\":[{\"@type\":\"ListItem\",\"position\":1,\"name\":\"Portada\",\"item\":\"https:\\\/\\\/www.turismoaguarda.es\\\/gl\\\/\"},{\"@type\":\"ListItem\",\"position\":2,\"name\":\"A Ruta \u201cPetiscos con Arte\u201d regresa esta fin de semana \u00e1 Guarda\"}]},{\"@type\":\"WebSite\",\"@id\":\"https:\\\/\\\/www.turismoaguarda.es\\\/#website\",\"url\":\"https:\\\/\\\/www.turismoaguarda.es\\\/\",\"name\":\"Turismo A Guarda\",\"description\":\"Informaci\u00f3n tur\u00edstica de A Guarda y alrededores.\",\"potentialAction\":[{\"@type\":\"SearchAction\",\"target\":{\"@type\":\"EntryPoint\",\"urlTemplate\":\"https:\\\/\\\/www.turismoaguarda.es\\\/?s={search_term_string}\"},\"query-input\":{\"@type\":\"PropertyValueSpecification\",\"valueRequired\":true,\"valueName\":\"search_term_string\"}}],\"inLanguage\":\"gl\"},{\"@type\":\"Person\",\"@id\":\"https:\\\/\\\/www.turismoaguarda.es\\\/#\\\/schema\\\/person\\\/9282bb1649316a88a88b0eca34bd959b\",\"name\":\"Rosalia Verde\",\"image\":{\"@type\":\"ImageObject\",\"inLanguage\":\"gl\",\"@id\":\"https:\\\/\\\/secure.gravatar.com\\\/avatar\\\/40761cb45c6464d3a83ebde1e1f3fa222726fcacc4d5b5048a7920608c99e0e5?s=96&d=mm&r=g\",\"url\":\"https:\\\/\\\/secure.gravatar.com\\\/avatar\\\/40761cb45c6464d3a83ebde1e1f3fa222726fcacc4d5b5048a7920608c99e0e5?s=96&d=mm&r=g\",\"contentUrl\":\"https:\\\/\\\/secure.gravatar.com\\\/avatar\\\/40761cb45c6464d3a83ebde1e1f3fa222726fcacc4d5b5048a7920608c99e0e5?s=96&d=mm&r=g\",\"caption\":\"Rosalia Verde\"},\"url\":\"https:\\\/\\\/www.turismoaguarda.es\\\/gl\\\/author\\\/rosalia\\\/\"}]}<\/script>\n<!-- \/ Yoast SEO plugin. -->","yoast_head_json":{"title":"A Ruta \u201cPetiscos con Arte\u201d regresa esta fin de semana \u00e1 Guarda | Turismo A Guarda","robots":{"index":"index","follow":"follow","max-snippet":"max-snippet:-1","max-image-preview":"max-image-preview:large","max-video-preview":"max-video-preview:-1"},"canonical":"https:\/\/www.turismoaguarda.es\/gl\/a-ruta-petiscos-con-arte-regresa-esta-fin-de-semana-a-guarda\/","og_locale":"en_US","og_type":"article","og_title":"A Ruta \u201cPetiscos con Arte\u201d regresa esta fin de semana \u00e1 Guarda | Turismo A Guarda","og_description":"O pasado martes d\u00eda 13 de novembro o Centro Cultural da Guarda acolleu a presentaci\u00f3n da Ruta \u201cPetiscos con Arte\u201d que ter\u00e1 comezo a vindeira fin de semana contando coa participaci\u00f3n de 12 establecementos de hostalar\u00eda do municipio. O evento organizado a trav\u00e9s da Conceller\u00eda de Turismo, chega este ano a unha nova edici\u00f3n, misturandoLeer m\u00e1is","og_url":"https:\/\/www.turismoaguarda.es\/gl\/a-ruta-petiscos-con-arte-regresa-esta-fin-de-semana-a-guarda\/","og_site_name":"Turismo A Guarda","article_publisher":"https:\/\/es-es.facebook.com\/Turismo-A-Guarda-126223240790625\/","article_published_time":"2018-11-14T10:16:41+00:00","og_image":[{"width":800,"height":533,"url":"https:\/\/www.turismoaguarda.es\/wp-content\/uploads\/2018\/11\/NP-13112018-A-Ruta-\u201cPetiscos-con-Arte\u201d-regresa-esta-fin-de-semana-\u00e1-Guarda-3-1.jpg","type":"image\/jpeg"}],"author":"Rosalia Verde","twitter_card":"summary_large_image","twitter_creator":"@TurismoAGuarda","twitter_site":"@TurismoAGuarda","twitter_misc":{"Written by":"Rosalia Verde","Est. reading time":"2 minutes"},"schema":{"@context":"https:\/\/schema.org","@graph":[{"@type":"Article","@id":"https:\/\/www.turismoaguarda.es\/gl\/a-ruta-petiscos-con-arte-regresa-esta-fin-de-semana-a-guarda\/#article","isPartOf":{"@id":"https:\/\/www.turismoaguarda.es\/gl\/a-ruta-petiscos-con-arte-regresa-esta-fin-de-semana-a-guarda\/"},"author":{"name":"Rosalia Verde","@id":"https:\/\/www.turismoaguarda.es\/#\/schema\/person\/9282bb1649316a88a88b0eca34bd959b"},"headline":"A Ruta \u201cPetiscos con Arte\u201d regresa esta fin de semana \u00e1 Guarda","datePublished":"2018-11-14T10:16:41+00:00","mainEntityOfPage":{"@id":"https:\/\/www.turismoaguarda.es\/gl\/a-ruta-petiscos-con-arte-regresa-esta-fin-de-semana-a-guarda\/"},"wordCount":318,"commentCount":0,"image":{"@id":"https:\/\/www.turismoaguarda.es\/gl\/a-ruta-petiscos-con-arte-regresa-esta-fin-de-semana-a-guarda\/#primaryimage"},"thumbnailUrl":"https:\/\/www.turismoaguarda.es\/wp-content\/uploads\/2018\/11\/NP-13112018-A-Ruta-\u201cPetiscos-con-Arte\u201d-regresa-esta-fin-de-semana-\u00e1-Guarda-3-1.jpg","keywords":["A Guarda","Arte","gastronom\u00eda.","Petiscos con arte","ruta"],"articleSection":["Novas Turismo"],"inLanguage":"gl","potentialAction":[{"@type":"CommentAction","name":"Comment","target":["https:\/\/www.turismoaguarda.es\/gl\/a-ruta-petiscos-con-arte-regresa-esta-fin-de-semana-a-guarda\/#respond"]}]},{"@type":"WebPage","@id":"https:\/\/www.turismoaguarda.es\/gl\/a-ruta-petiscos-con-arte-regresa-esta-fin-de-semana-a-guarda\/","url":"https:\/\/www.turismoaguarda.es\/gl\/a-ruta-petiscos-con-arte-regresa-esta-fin-de-semana-a-guarda\/","name":"A Ruta \u201cPetiscos con Arte\u201d regresa esta fin de semana \u00e1 Guarda | Turismo A Guarda","isPartOf":{"@id":"https:\/\/www.turismoaguarda.es\/#website"},"primaryImageOfPage":{"@id":"https:\/\/www.turismoaguarda.es\/gl\/a-ruta-petiscos-con-arte-regresa-esta-fin-de-semana-a-guarda\/#primaryimage"},"image":{"@id":"https:\/\/www.turismoaguarda.es\/gl\/a-ruta-petiscos-con-arte-regresa-esta-fin-de-semana-a-guarda\/#primaryimage"},"thumbnailUrl":"https:\/\/www.turismoaguarda.es\/wp-content\/uploads\/2018\/11\/NP-13112018-A-Ruta-\u201cPetiscos-con-Arte\u201d-regresa-esta-fin-de-semana-\u00e1-Guarda-3-1.jpg","datePublished":"2018-11-14T10:16:41+00:00","author":{"@id":"https:\/\/www.turismoaguarda.es\/#\/schema\/person\/9282bb1649316a88a88b0eca34bd959b"},"breadcrumb":{"@id":"https:\/\/www.turismoaguarda.es\/gl\/a-ruta-petiscos-con-arte-regresa-esta-fin-de-semana-a-guarda\/#breadcrumb"},"inLanguage":"gl","potentialAction":[{"@type":"ReadAction","target":["https:\/\/www.turismoaguarda.es\/gl\/a-ruta-petiscos-con-arte-regresa-esta-fin-de-semana-a-guarda\/"]}]},{"@type":"ImageObject","inLanguage":"gl","@id":"https:\/\/www.turismoaguarda.es\/gl\/a-ruta-petiscos-con-arte-regresa-esta-fin-de-semana-a-guarda\/#primaryimage","url":"https:\/\/www.turismoaguarda.es\/wp-content\/uploads\/2018\/11\/NP-13112018-A-Ruta-\u201cPetiscos-con-Arte\u201d-regresa-esta-fin-de-semana-\u00e1-Guarda-3-1.jpg","contentUrl":"https:\/\/www.turismoaguarda.es\/wp-content\/uploads\/2018\/11\/NP-13112018-A-Ruta-\u201cPetiscos-con-Arte\u201d-regresa-esta-fin-de-semana-\u00e1-Guarda-3-1.jpg","width":800,"height":533,"caption":"A Ruta \u201cPetiscos con Arte\u201d ter\u00e1 lugar as d\u00faas fins de semana da segunda quincena de novembro, os d\u00edas 16, 17, 23 e 24 en horario de ma\u00f1\u00e1 de 12:00h a 14:00h e tarde 19:00h a 21:30h."},{"@type":"BreadcrumbList","@id":"https:\/\/www.turismoaguarda.es\/gl\/a-ruta-petiscos-con-arte-regresa-esta-fin-de-semana-a-guarda\/#breadcrumb","itemListElement":[{"@type":"ListItem","position":1,"name":"Portada","item":"https:\/\/www.turismoaguarda.es\/gl\/"},{"@type":"ListItem","position":2,"name":"A Ruta \u201cPetiscos con Arte\u201d regresa esta fin de semana \u00e1 Guarda"}]},{"@type":"WebSite","@id":"https:\/\/www.turismoaguarda.es\/#website","url":"https:\/\/www.turismoaguarda.es\/","name":"Turismo A Guarda","description":"Informaci\u00f3n tur\u00edstica de A Guarda y alrededores.","potentialAction":[{"@type":"SearchAction","target":{"@type":"EntryPoint","urlTemplate":"https:\/\/www.turismoaguarda.es\/?s={search_term_string}"},"query-input":{"@type":"PropertyValueSpecification","valueRequired":true,"valueName":"search_term_string"}}],"inLanguage":"gl"},{"@type":"Person","@id":"https:\/\/www.turismoaguarda.es\/#\/schema\/person\/9282bb1649316a88a88b0eca34bd959b","name":"Rosalia Verde","image":{"@type":"ImageObject","inLanguage":"gl","@id":"https:\/\/secure.gravatar.com\/avatar\/40761cb45c6464d3a83ebde1e1f3fa222726fcacc4d5b5048a7920608c99e0e5?s=96&d=mm&r=g","url":"https:\/\/secure.gravatar.com\/avatar\/40761cb45c6464d3a83ebde1e1f3fa222726fcacc4d5b5048a7920608c99e0e5?s=96&d=mm&r=g","contentUrl":"https:\/\/secure.gravatar.com\/avatar\/40761cb45c6464d3a83ebde1e1f3fa222726fcacc4d5b5048a7920608c99e0e5?s=96&d=mm&r=g","caption":"Rosalia Verde"},"url":"https:\/\/www.turismoaguarda.es\/gl\/author\/rosalia\/"}]}},"_links":{"self":[{"href":"https:\/\/www.turismoaguarda.es\/gl\/wp-json\/wp\/v2\/posts\/8969","targetHints":{"allow":["GET"]}}],"collection":[{"href":"https:\/\/www.turismoaguarda.es\/gl\/wp-json\/wp\/v2\/posts"}],"about":[{"href":"https:\/\/www.turismoaguarda.es\/gl\/wp-json\/wp\/v2\/types\/post"}],"author":[{"embeddable":true,"href":"https:\/\/www.turismoaguarda.es\/gl\/wp-json\/wp\/v2\/users\/7"}],"replies":[{"embeddable":true,"href":"https:\/\/www.turismoaguarda.es\/gl\/wp-json\/wp\/v2\/comments?post=8969"}],"version-history":[{"count":1,"href":"https:\/\/www.turismoaguarda.es\/gl\/wp-json\/wp\/v2\/posts\/8969\/revisions"}],"predecessor-version":[{"id":8982,"href":"https:\/\/www.turismoaguarda.es\/gl\/wp-json\/wp\/v2\/posts\/8969\/revisions\/8982"}],"wp:featuredmedia":[{"embeddable":true,"href":"https:\/\/www.turismoaguarda.es\/gl\/wp-json\/wp\/v2\/media\/8976"}],"wp:attachment":[{"href":"https:\/\/www.turismoaguarda.es\/gl\/wp-json\/wp\/v2\/media?parent=8969"}],"wp:term":[{"taxonomy":"category","embeddable":true,"href":"https:\/\/www.turismoaguarda.es\/gl\/wp-json\/wp\/v2\/categories?post=8969"},{"taxonomy":"post_tag","embeddable":true,"href":"https:\/\/www.turismoaguarda.es\/gl\/wp-json\/wp\/v2\/tags?post=8969"}],"curies":[{"name":"wp","href":"https:\/\/api.w.org\/{rel}","templated":true}]}}