{"id":8713,"date":"2018-10-01T11:00:48","date_gmt":"2018-10-01T11:00:48","guid":{"rendered":"http:\/\/www.turismoaguarda.es\/?p=8713"},"modified":"2018-10-01T11:00:48","modified_gmt":"2018-10-01T11:00:48","slug":"90-persoas-participaron-nunha-xornada-de-observacion-de-estrelas-na-guarda","status":"publish","type":"post","link":"https:\/\/www.turismoaguarda.es\/gl\/90-persoas-participaron-nunha-xornada-de-observacion-de-estrelas-na-guarda\/","title":{"rendered":"90 persoas participaron nunha xornada de observaci\u00f3n de estrelas na Guarda"},"content":{"rendered":"<p style=\"text-align: justify\">O pasado s\u00e1bado d\u00eda 29 de setembro o Concello da Guarda, a trav\u00e9s do Departamento de Turismo, organizou unha noite de observaci\u00f3n de estrelas dende o alto do Monte Torroso na parroquia de Salcidos que contou coa participaci\u00f3n de case un centenar de persoas, actividade enmarcada nas conmemoraci\u00f3ns do D\u00eda Mundial do Turismo, que se celebrou o pasado 27 de setembro.<\/p>\n<p style=\"text-align: center\"><a href=\"http:\/\/www.turismoaguarda.es\/90-personas-participaron-en-una-jornada-de-observacion-de-estrellas-en-a-guarda\/np-01102018-90-persoas-participaron-nunha-xornada-de-observacion-de-estrelas-na-guarda-2\/?lang=gl\" rel=\"attachment wp-att-7943\"><img loading=\"lazy\" decoding=\"async\" class=\"alignnone size-full wp-image-7943\" src=\"http:\/\/www.turismoaguarda.es\/wp-content\/uploads\/2018\/10\/NP-01102018-90-persoas-participaron-nunha-xornada-de-observaci\u00f3n-de-estrelas-na-Guarda-2.jpg\" alt=\"El pasado s\u00e1bado d\u00eda 29 de septiembre el Ayuntamiento de A Guarda, a trav\u00e9s del Departamento de Turismo, organiz\u00f3 una noche de observaci\u00f3n de estrellas desde el alto del Monte Torroso en la parroquia de Salcidos que cont\u00f3 con la participaci\u00f3n de casi un centenar de personas, actividad enmarcada en las conmemoraciones del D\u00eda Mundial del Turismo, que se celebr\u00f3 el pasado 27 de septiembre.\" width=\"800\" height=\"533\" srcset=\"https:\/\/www.turismoaguarda.es\/wp-content\/uploads\/2018\/10\/NP-01102018-90-persoas-participaron-nunha-xornada-de-observaci\u00f3n-de-estrelas-na-Guarda-2.jpg 800w, https:\/\/www.turismoaguarda.es\/wp-content\/uploads\/2018\/10\/NP-01102018-90-persoas-participaron-nunha-xornada-de-observaci\u00f3n-de-estrelas-na-Guarda-2-300x200.jpg 300w, https:\/\/www.turismoaguarda.es\/wp-content\/uploads\/2018\/10\/NP-01102018-90-persoas-participaron-nunha-xornada-de-observaci\u00f3n-de-estrelas-na-Guarda-2-768x512.jpg 768w, https:\/\/www.turismoaguarda.es\/wp-content\/uploads\/2018\/10\/NP-01102018-90-persoas-participaron-nunha-xornada-de-observaci\u00f3n-de-estrelas-na-Guarda-2-150x100.jpg 150w, https:\/\/www.turismoaguarda.es\/wp-content\/uploads\/2018\/10\/NP-01102018-90-persoas-participaron-nunha-xornada-de-observaci\u00f3n-de-estrelas-na-Guarda-2-500x333.jpg 500w\" sizes=\"auto, (max-width: 800px) 100vw, 800px\" \/><\/a> <a href=\"http:\/\/www.turismoaguarda.es\/90-personas-participaron-en-una-jornada-de-observacion-de-estrellas-en-a-guarda\/np-01102018-90-persoas-participaron-nunha-xornada-de-observacion-de-estrelas-na-guarda-3\/?lang=gl\" rel=\"attachment wp-att-7946\"><img loading=\"lazy\" decoding=\"async\" class=\"alignnone size-full wp-image-7946\" src=\"http:\/\/www.turismoaguarda.es\/wp-content\/uploads\/2018\/10\/NP-01102018-90-persoas-participaron-nunha-xornada-de-observaci\u00f3n-de-estrelas-na-Guarda-3.jpg\" alt=\"El pasado s\u00e1bado d\u00eda 29 de septiembre el Ayuntamiento de A Guarda, a trav\u00e9s del Departamento de Turismo, organiz\u00f3 una noche de observaci\u00f3n de estrellas desde el alto del Monte Torroso en la parroquia de Salcidos que cont\u00f3 con la participaci\u00f3n de casi un centenar de personas, actividad enmarcada en las conmemoraciones del D\u00eda Mundial del Turismo, que se celebr\u00f3 el pasado 27 de septiembre.\" width=\"800\" height=\"533\" srcset=\"https:\/\/www.turismoaguarda.es\/wp-content\/uploads\/2018\/10\/NP-01102018-90-persoas-participaron-nunha-xornada-de-observaci\u00f3n-de-estrelas-na-Guarda-3.jpg 800w, https:\/\/www.turismoaguarda.es\/wp-content\/uploads\/2018\/10\/NP-01102018-90-persoas-participaron-nunha-xornada-de-observaci\u00f3n-de-estrelas-na-Guarda-3-300x200.jpg 300w, https:\/\/www.turismoaguarda.es\/wp-content\/uploads\/2018\/10\/NP-01102018-90-persoas-participaron-nunha-xornada-de-observaci\u00f3n-de-estrelas-na-Guarda-3-768x512.jpg 768w, https:\/\/www.turismoaguarda.es\/wp-content\/uploads\/2018\/10\/NP-01102018-90-persoas-participaron-nunha-xornada-de-observaci\u00f3n-de-estrelas-na-Guarda-3-150x100.jpg 150w, https:\/\/www.turismoaguarda.es\/wp-content\/uploads\/2018\/10\/NP-01102018-90-persoas-participaron-nunha-xornada-de-observaci\u00f3n-de-estrelas-na-Guarda-3-500x333.jpg 500w\" sizes=\"auto, (max-width: 800px) 100vw, 800px\" \/><\/a><\/p>\n<p style=\"text-align: justify\">Nunha noite de temperaturas agradables, os participantes desta actividade, desprazados dende a Guarda, a Comarca do Baixo Mi\u00f1o e mesmo de Vigo, partiron dende a Casa Forestal do Torroso, para facer unha pequena andaina ata o Alto do Monte Torroso, onde puideron atender \u00e1s explicaci\u00f3ns do experto en astronom\u00eda Pablo Mart\u00ednez, membro da Agrupaci\u00f3n de Astronom\u00eda Rias Baixas.<\/p>\n<p style=\"text-align: justify\">Os participantes co\u00f1eceron as principais constelaci\u00f3ns do hemisferio norte, as\u00ed coma a localizaci\u00f3n dos planetas e mesmo alg\u00fans datos de interese coma as datas das choivas de estrelas perseidas e gem\u00ednidas, ou coma orientarse no firmamento empregando algunhas estrelas. A actividade espertou o interese dos participantes, que antes do remate puideron facer preguntas e interesarse sobre o apaixoante mundo da astronom\u00eda.<\/p>\n<p style=\"text-align: center\"><a href=\"http:\/\/www.turismoaguarda.es\/90-personas-participaron-en-una-jornada-de-observacion-de-estrellas-en-a-guarda\/np-01102018-90-persoas-participaron-nunha-xornada-de-observacion-de-estrelas-na-guarda-4\/?lang=gl\" rel=\"attachment wp-att-7937\"><img loading=\"lazy\" decoding=\"async\" class=\"alignnone size-full wp-image-7937\" src=\"http:\/\/www.turismoaguarda.es\/wp-content\/uploads\/2018\/10\/NP-01102018-90-persoas-participaron-nunha-xornada-de-observaci\u00f3n-de-estrelas-na-Guarda-4.jpg\" alt=\"El pasado s\u00e1bado d\u00eda 29 de septiembre el Ayuntamiento de A Guarda, a trav\u00e9s del Departamento de Turismo, organiz\u00f3 una noche de observaci\u00f3n de estrellas desde el alto del Monte Torroso en la parroquia de Salcidos que cont\u00f3 con la participaci\u00f3n de casi un centenar de personas, actividad enmarcada en las conmemoraciones del D\u00eda Mundial del Turismo, que se celebr\u00f3 el pasado 27 de septiembre.\" width=\"800\" height=\"533\" srcset=\"https:\/\/www.turismoaguarda.es\/wp-content\/uploads\/2018\/10\/NP-01102018-90-persoas-participaron-nunha-xornada-de-observaci\u00f3n-de-estrelas-na-Guarda-4.jpg 800w, https:\/\/www.turismoaguarda.es\/wp-content\/uploads\/2018\/10\/NP-01102018-90-persoas-participaron-nunha-xornada-de-observaci\u00f3n-de-estrelas-na-Guarda-4-300x200.jpg 300w, https:\/\/www.turismoaguarda.es\/wp-content\/uploads\/2018\/10\/NP-01102018-90-persoas-participaron-nunha-xornada-de-observaci\u00f3n-de-estrelas-na-Guarda-4-768x512.jpg 768w, https:\/\/www.turismoaguarda.es\/wp-content\/uploads\/2018\/10\/NP-01102018-90-persoas-participaron-nunha-xornada-de-observaci\u00f3n-de-estrelas-na-Guarda-4-150x100.jpg 150w, https:\/\/www.turismoaguarda.es\/wp-content\/uploads\/2018\/10\/NP-01102018-90-persoas-participaron-nunha-xornada-de-observaci\u00f3n-de-estrelas-na-Guarda-4-500x333.jpg 500w\" sizes=\"auto, (max-width: 800px) 100vw, 800px\" \/><\/a><\/p>\n","protected":false},"excerpt":{"rendered":"<p>O pasado s\u00e1bado d\u00eda 29 de setembro o Concello da Guarda, a trav\u00e9s do Departamento de Turismo, organizou unha noite de observaci\u00f3n de estrelas dende o alto do Monte Torroso na parroquia de Salcidos que contou coa participaci\u00f3n de case un centenar de persoas, actividade enmarcada nas conmemoraci\u00f3ns do D\u00eda Mundial do Turismo, que se<\/p>\n<div class=\"padding-top text-center\"><a href=\"https:\/\/www.turismoaguarda.es\/gl\/90-persoas-participaron-nunha-xornada-de-observacion-de-estrelas-na-guarda\/\" class=\"atbtn atbtn--medium atbtn--rounded atbtn--transparent\">Leer m\u00e1is<i class=\"atbtn__icon atbtn__icon--right fa fa-long-arrow-right\"><\/i><\/a><\/div>\n","protected":false},"author":11,"featured_media":7940,"comment_status":"open","ping_status":"open","sticky":false,"template":"","format":"standard","meta":{"footnotes":""},"categories":[94],"tags":[170,1476,171],"class_list":["post-8713","post","type-post","status-publish","format-standard","has-post-thumbnail","hentry","category-novas-turismo","tag-a-guarda-gl","tag-astronomia","tag-turismo-gl"],"yoast_head":"<!-- This site is optimized with the Yoast SEO plugin v27.5 - https:\/\/yoast.com\/product\/yoast-seo-wordpress\/ -->\n<title>90 persoas participaron nunha xornada de observaci\u00f3n de estrelas na Guarda | Turismo A Guarda<\/title>\n<meta name=\"robots\" content=\"index, follow, max-snippet:-1, max-image-preview:large, max-video-preview:-1\" \/>\n<link rel=\"canonical\" href=\"https:\/\/www.turismoaguarda.es\/gl\/90-persoas-participaron-nunha-xornada-de-observacion-de-estrelas-na-guarda\/\" \/>\n<meta property=\"og:locale\" content=\"en_US\" \/>\n<meta property=\"og:type\" content=\"article\" \/>\n<meta property=\"og:title\" content=\"90 persoas participaron nunha xornada de observaci\u00f3n de estrelas na Guarda | Turismo A Guarda\" \/>\n<meta property=\"og:description\" content=\"O pasado s\u00e1bado d\u00eda 29 de setembro o Concello da Guarda, a trav\u00e9s do Departamento de Turismo, organizou unha noite de observaci\u00f3n de estrelas dende o alto do Monte Torroso na parroquia de Salcidos que contou coa participaci\u00f3n de case un centenar de persoas, actividade enmarcada nas conmemoraci\u00f3ns do D\u00eda Mundial do Turismo, que seLeer m\u00e1is\" \/>\n<meta property=\"og:url\" content=\"https:\/\/www.turismoaguarda.es\/gl\/90-persoas-participaron-nunha-xornada-de-observacion-de-estrelas-na-guarda\/\" \/>\n<meta property=\"og:site_name\" content=\"Turismo A Guarda\" \/>\n<meta property=\"article:publisher\" content=\"https:\/\/es-es.facebook.com\/Turismo-A-Guarda-126223240790625\/\" \/>\n<meta property=\"article:published_time\" content=\"2018-10-01T11:00:48+00:00\" \/>\n<meta property=\"og:image\" content=\"https:\/\/www.turismoaguarda.es\/wp-content\/uploads\/2018\/10\/NP-01102018-90-persoas-participaron-nunha-xornada-de-observaci\u00f3n-de-estrelas-na-Guarda-1.jpg\" \/>\n\t<meta property=\"og:image:width\" content=\"800\" \/>\n\t<meta property=\"og:image:height\" content=\"533\" \/>\n\t<meta property=\"og:image:type\" content=\"image\/jpeg\" \/>\n<meta name=\"author\" content=\"Prensa A Guarda\" \/>\n<meta name=\"twitter:card\" content=\"summary_large_image\" \/>\n<meta name=\"twitter:creator\" content=\"@TurismoAGuarda\" \/>\n<meta name=\"twitter:site\" content=\"@TurismoAGuarda\" \/>\n<meta name=\"twitter:label1\" content=\"Written by\" \/>\n\t<meta name=\"twitter:data1\" content=\"Prensa A Guarda\" \/>\n\t<meta name=\"twitter:label2\" content=\"Est. reading time\" \/>\n\t<meta name=\"twitter:data2\" content=\"1 minute\" \/>\n<script type=\"application\/ld+json\" class=\"yoast-schema-graph\">{\"@context\":\"https:\\\/\\\/schema.org\",\"@graph\":[{\"@type\":\"Article\",\"@id\":\"https:\\\/\\\/www.turismoaguarda.es\\\/gl\\\/90-persoas-participaron-nunha-xornada-de-observacion-de-estrelas-na-guarda\\\/#article\",\"isPartOf\":{\"@id\":\"https:\\\/\\\/www.turismoaguarda.es\\\/gl\\\/90-persoas-participaron-nunha-xornada-de-observacion-de-estrelas-na-guarda\\\/\"},\"author\":{\"name\":\"Prensa A Guarda\",\"@id\":\"https:\\\/\\\/www.turismoaguarda.es\\\/#\\\/schema\\\/person\\\/a8b0c27ad7bcbb6c19799e934727508e\"},\"headline\":\"90 persoas participaron nunha xornada de observaci\u00f3n de estrelas na Guarda\",\"datePublished\":\"2018-10-01T11:00:48+00:00\",\"mainEntityOfPage\":{\"@id\":\"https:\\\/\\\/www.turismoaguarda.es\\\/gl\\\/90-persoas-participaron-nunha-xornada-de-observacion-de-estrelas-na-guarda\\\/\"},\"wordCount\":208,\"commentCount\":0,\"image\":{\"@id\":\"https:\\\/\\\/www.turismoaguarda.es\\\/gl\\\/90-persoas-participaron-nunha-xornada-de-observacion-de-estrelas-na-guarda\\\/#primaryimage\"},\"thumbnailUrl\":\"https:\\\/\\\/www.turismoaguarda.es\\\/wp-content\\\/uploads\\\/2018\\\/10\\\/NP-01102018-90-persoas-participaron-nunha-xornada-de-observaci\u00f3n-de-estrelas-na-Guarda-1.jpg\",\"keywords\":[\"A Guarda\",\"astronom\u00eda\",\"turismo\"],\"articleSection\":[\"Novas Turismo\"],\"inLanguage\":\"gl\",\"potentialAction\":[{\"@type\":\"CommentAction\",\"name\":\"Comment\",\"target\":[\"https:\\\/\\\/www.turismoaguarda.es\\\/gl\\\/90-persoas-participaron-nunha-xornada-de-observacion-de-estrelas-na-guarda\\\/#respond\"]}]},{\"@type\":\"WebPage\",\"@id\":\"https:\\\/\\\/www.turismoaguarda.es\\\/gl\\\/90-persoas-participaron-nunha-xornada-de-observacion-de-estrelas-na-guarda\\\/\",\"url\":\"https:\\\/\\\/www.turismoaguarda.es\\\/gl\\\/90-persoas-participaron-nunha-xornada-de-observacion-de-estrelas-na-guarda\\\/\",\"name\":\"90 persoas participaron nunha xornada de observaci\u00f3n de estrelas na Guarda | Turismo A Guarda\",\"isPartOf\":{\"@id\":\"https:\\\/\\\/www.turismoaguarda.es\\\/#website\"},\"primaryImageOfPage\":{\"@id\":\"https:\\\/\\\/www.turismoaguarda.es\\\/gl\\\/90-persoas-participaron-nunha-xornada-de-observacion-de-estrelas-na-guarda\\\/#primaryimage\"},\"image\":{\"@id\":\"https:\\\/\\\/www.turismoaguarda.es\\\/gl\\\/90-persoas-participaron-nunha-xornada-de-observacion-de-estrelas-na-guarda\\\/#primaryimage\"},\"thumbnailUrl\":\"https:\\\/\\\/www.turismoaguarda.es\\\/wp-content\\\/uploads\\\/2018\\\/10\\\/NP-01102018-90-persoas-participaron-nunha-xornada-de-observaci\u00f3n-de-estrelas-na-Guarda-1.jpg\",\"datePublished\":\"2018-10-01T11:00:48+00:00\",\"author\":{\"@id\":\"https:\\\/\\\/www.turismoaguarda.es\\\/#\\\/schema\\\/person\\\/a8b0c27ad7bcbb6c19799e934727508e\"},\"breadcrumb\":{\"@id\":\"https:\\\/\\\/www.turismoaguarda.es\\\/gl\\\/90-persoas-participaron-nunha-xornada-de-observacion-de-estrelas-na-guarda\\\/#breadcrumb\"},\"inLanguage\":\"gl\",\"potentialAction\":[{\"@type\":\"ReadAction\",\"target\":[\"https:\\\/\\\/www.turismoaguarda.es\\\/gl\\\/90-persoas-participaron-nunha-xornada-de-observacion-de-estrelas-na-guarda\\\/\"]}]},{\"@type\":\"ImageObject\",\"inLanguage\":\"gl\",\"@id\":\"https:\\\/\\\/www.turismoaguarda.es\\\/gl\\\/90-persoas-participaron-nunha-xornada-de-observacion-de-estrelas-na-guarda\\\/#primaryimage\",\"url\":\"https:\\\/\\\/www.turismoaguarda.es\\\/wp-content\\\/uploads\\\/2018\\\/10\\\/NP-01102018-90-persoas-participaron-nunha-xornada-de-observaci\u00f3n-de-estrelas-na-Guarda-1.jpg\",\"contentUrl\":\"https:\\\/\\\/www.turismoaguarda.es\\\/wp-content\\\/uploads\\\/2018\\\/10\\\/NP-01102018-90-persoas-participaron-nunha-xornada-de-observaci\u00f3n-de-estrelas-na-Guarda-1.jpg\",\"width\":800,\"height\":533,\"caption\":\"El pasado s\u00e1bado d\u00eda 29 de septiembre el Ayuntamiento de A Guarda, a trav\u00e9s del Departamento de Turismo, organiz\u00f3 una noche de observaci\u00f3n de estrellas desde el alto del Monte Torroso en la parroquia de Salcidos que cont\u00f3 con la participaci\u00f3n de casi un centenar de personas, actividad enmarcada en las conmemoraciones del D\u00eda Mundial del Turismo, que se celebr\u00f3 el pasado 27 de septiembre.\"},{\"@type\":\"BreadcrumbList\",\"@id\":\"https:\\\/\\\/www.turismoaguarda.es\\\/gl\\\/90-persoas-participaron-nunha-xornada-de-observacion-de-estrelas-na-guarda\\\/#breadcrumb\",\"itemListElement\":[{\"@type\":\"ListItem\",\"position\":1,\"name\":\"Portada\",\"item\":\"https:\\\/\\\/www.turismoaguarda.es\\\/gl\\\/\"},{\"@type\":\"ListItem\",\"position\":2,\"name\":\"90 persoas participaron nunha xornada de observaci\u00f3n de estrelas na Guarda\"}]},{\"@type\":\"WebSite\",\"@id\":\"https:\\\/\\\/www.turismoaguarda.es\\\/#website\",\"url\":\"https:\\\/\\\/www.turismoaguarda.es\\\/\",\"name\":\"Turismo A Guarda\",\"description\":\"Informaci\u00f3n tur\u00edstica de A Guarda y alrededores.\",\"potentialAction\":[{\"@type\":\"SearchAction\",\"target\":{\"@type\":\"EntryPoint\",\"urlTemplate\":\"https:\\\/\\\/www.turismoaguarda.es\\\/?s={search_term_string}\"},\"query-input\":{\"@type\":\"PropertyValueSpecification\",\"valueRequired\":true,\"valueName\":\"search_term_string\"}}],\"inLanguage\":\"gl\"},{\"@type\":\"Person\",\"@id\":\"https:\\\/\\\/www.turismoaguarda.es\\\/#\\\/schema\\\/person\\\/a8b0c27ad7bcbb6c19799e934727508e\",\"name\":\"Prensa A Guarda\",\"image\":{\"@type\":\"ImageObject\",\"inLanguage\":\"gl\",\"@id\":\"https:\\\/\\\/secure.gravatar.com\\\/avatar\\\/387e117f874ba5d0a3439060b45d914395d77287b2e4890a49d1599fc3ef9189?s=96&d=mm&r=g\",\"url\":\"https:\\\/\\\/secure.gravatar.com\\\/avatar\\\/387e117f874ba5d0a3439060b45d914395d77287b2e4890a49d1599fc3ef9189?s=96&d=mm&r=g\",\"contentUrl\":\"https:\\\/\\\/secure.gravatar.com\\\/avatar\\\/387e117f874ba5d0a3439060b45d914395d77287b2e4890a49d1599fc3ef9189?s=96&d=mm&r=g\",\"caption\":\"Prensa A Guarda\"},\"url\":\"https:\\\/\\\/www.turismoaguarda.es\\\/gl\\\/author\\\/prensa\\\/\"}]}<\/script>\n<!-- \/ Yoast SEO plugin. -->","yoast_head_json":{"title":"90 persoas participaron nunha xornada de observaci\u00f3n de estrelas na Guarda | Turismo A Guarda","robots":{"index":"index","follow":"follow","max-snippet":"max-snippet:-1","max-image-preview":"max-image-preview:large","max-video-preview":"max-video-preview:-1"},"canonical":"https:\/\/www.turismoaguarda.es\/gl\/90-persoas-participaron-nunha-xornada-de-observacion-de-estrelas-na-guarda\/","og_locale":"en_US","og_type":"article","og_title":"90 persoas participaron nunha xornada de observaci\u00f3n de estrelas na Guarda | Turismo A Guarda","og_description":"O pasado s\u00e1bado d\u00eda 29 de setembro o Concello da Guarda, a trav\u00e9s do Departamento de Turismo, organizou unha noite de observaci\u00f3n de estrelas dende o alto do Monte Torroso na parroquia de Salcidos que contou coa participaci\u00f3n de case un centenar de persoas, actividade enmarcada nas conmemoraci\u00f3ns do D\u00eda Mundial do Turismo, que seLeer m\u00e1is","og_url":"https:\/\/www.turismoaguarda.es\/gl\/90-persoas-participaron-nunha-xornada-de-observacion-de-estrelas-na-guarda\/","og_site_name":"Turismo A Guarda","article_publisher":"https:\/\/es-es.facebook.com\/Turismo-A-Guarda-126223240790625\/","article_published_time":"2018-10-01T11:00:48+00:00","og_image":[{"width":800,"height":533,"url":"https:\/\/www.turismoaguarda.es\/wp-content\/uploads\/2018\/10\/NP-01102018-90-persoas-participaron-nunha-xornada-de-observaci\u00f3n-de-estrelas-na-Guarda-1.jpg","type":"image\/jpeg"}],"author":"Prensa A Guarda","twitter_card":"summary_large_image","twitter_creator":"@TurismoAGuarda","twitter_site":"@TurismoAGuarda","twitter_misc":{"Written by":"Prensa A Guarda","Est. reading time":"1 minute"},"schema":{"@context":"https:\/\/schema.org","@graph":[{"@type":"Article","@id":"https:\/\/www.turismoaguarda.es\/gl\/90-persoas-participaron-nunha-xornada-de-observacion-de-estrelas-na-guarda\/#article","isPartOf":{"@id":"https:\/\/www.turismoaguarda.es\/gl\/90-persoas-participaron-nunha-xornada-de-observacion-de-estrelas-na-guarda\/"},"author":{"name":"Prensa A Guarda","@id":"https:\/\/www.turismoaguarda.es\/#\/schema\/person\/a8b0c27ad7bcbb6c19799e934727508e"},"headline":"90 persoas participaron nunha xornada de observaci\u00f3n de estrelas na Guarda","datePublished":"2018-10-01T11:00:48+00:00","mainEntityOfPage":{"@id":"https:\/\/www.turismoaguarda.es\/gl\/90-persoas-participaron-nunha-xornada-de-observacion-de-estrelas-na-guarda\/"},"wordCount":208,"commentCount":0,"image":{"@id":"https:\/\/www.turismoaguarda.es\/gl\/90-persoas-participaron-nunha-xornada-de-observacion-de-estrelas-na-guarda\/#primaryimage"},"thumbnailUrl":"https:\/\/www.turismoaguarda.es\/wp-content\/uploads\/2018\/10\/NP-01102018-90-persoas-participaron-nunha-xornada-de-observaci\u00f3n-de-estrelas-na-Guarda-1.jpg","keywords":["A Guarda","astronom\u00eda","turismo"],"articleSection":["Novas Turismo"],"inLanguage":"gl","potentialAction":[{"@type":"CommentAction","name":"Comment","target":["https:\/\/www.turismoaguarda.es\/gl\/90-persoas-participaron-nunha-xornada-de-observacion-de-estrelas-na-guarda\/#respond"]}]},{"@type":"WebPage","@id":"https:\/\/www.turismoaguarda.es\/gl\/90-persoas-participaron-nunha-xornada-de-observacion-de-estrelas-na-guarda\/","url":"https:\/\/www.turismoaguarda.es\/gl\/90-persoas-participaron-nunha-xornada-de-observacion-de-estrelas-na-guarda\/","name":"90 persoas participaron nunha xornada de observaci\u00f3n de estrelas na Guarda | Turismo A Guarda","isPartOf":{"@id":"https:\/\/www.turismoaguarda.es\/#website"},"primaryImageOfPage":{"@id":"https:\/\/www.turismoaguarda.es\/gl\/90-persoas-participaron-nunha-xornada-de-observacion-de-estrelas-na-guarda\/#primaryimage"},"image":{"@id":"https:\/\/www.turismoaguarda.es\/gl\/90-persoas-participaron-nunha-xornada-de-observacion-de-estrelas-na-guarda\/#primaryimage"},"thumbnailUrl":"https:\/\/www.turismoaguarda.es\/wp-content\/uploads\/2018\/10\/NP-01102018-90-persoas-participaron-nunha-xornada-de-observaci\u00f3n-de-estrelas-na-Guarda-1.jpg","datePublished":"2018-10-01T11:00:48+00:00","author":{"@id":"https:\/\/www.turismoaguarda.es\/#\/schema\/person\/a8b0c27ad7bcbb6c19799e934727508e"},"breadcrumb":{"@id":"https:\/\/www.turismoaguarda.es\/gl\/90-persoas-participaron-nunha-xornada-de-observacion-de-estrelas-na-guarda\/#breadcrumb"},"inLanguage":"gl","potentialAction":[{"@type":"ReadAction","target":["https:\/\/www.turismoaguarda.es\/gl\/90-persoas-participaron-nunha-xornada-de-observacion-de-estrelas-na-guarda\/"]}]},{"@type":"ImageObject","inLanguage":"gl","@id":"https:\/\/www.turismoaguarda.es\/gl\/90-persoas-participaron-nunha-xornada-de-observacion-de-estrelas-na-guarda\/#primaryimage","url":"https:\/\/www.turismoaguarda.es\/wp-content\/uploads\/2018\/10\/NP-01102018-90-persoas-participaron-nunha-xornada-de-observaci\u00f3n-de-estrelas-na-Guarda-1.jpg","contentUrl":"https:\/\/www.turismoaguarda.es\/wp-content\/uploads\/2018\/10\/NP-01102018-90-persoas-participaron-nunha-xornada-de-observaci\u00f3n-de-estrelas-na-Guarda-1.jpg","width":800,"height":533,"caption":"El pasado s\u00e1bado d\u00eda 29 de septiembre el Ayuntamiento de A Guarda, a trav\u00e9s del Departamento de Turismo, organiz\u00f3 una noche de observaci\u00f3n de estrellas desde el alto del Monte Torroso en la parroquia de Salcidos que cont\u00f3 con la participaci\u00f3n de casi un centenar de personas, actividad enmarcada en las conmemoraciones del D\u00eda Mundial del Turismo, que se celebr\u00f3 el pasado 27 de septiembre."},{"@type":"BreadcrumbList","@id":"https:\/\/www.turismoaguarda.es\/gl\/90-persoas-participaron-nunha-xornada-de-observacion-de-estrelas-na-guarda\/#breadcrumb","itemListElement":[{"@type":"ListItem","position":1,"name":"Portada","item":"https:\/\/www.turismoaguarda.es\/gl\/"},{"@type":"ListItem","position":2,"name":"90 persoas participaron nunha xornada de observaci\u00f3n de estrelas na Guarda"}]},{"@type":"WebSite","@id":"https:\/\/www.turismoaguarda.es\/#website","url":"https:\/\/www.turismoaguarda.es\/","name":"Turismo A Guarda","description":"Informaci\u00f3n tur\u00edstica de A Guarda y alrededores.","potentialAction":[{"@type":"SearchAction","target":{"@type":"EntryPoint","urlTemplate":"https:\/\/www.turismoaguarda.es\/?s={search_term_string}"},"query-input":{"@type":"PropertyValueSpecification","valueRequired":true,"valueName":"search_term_string"}}],"inLanguage":"gl"},{"@type":"Person","@id":"https:\/\/www.turismoaguarda.es\/#\/schema\/person\/a8b0c27ad7bcbb6c19799e934727508e","name":"Prensa A Guarda","image":{"@type":"ImageObject","inLanguage":"gl","@id":"https:\/\/secure.gravatar.com\/avatar\/387e117f874ba5d0a3439060b45d914395d77287b2e4890a49d1599fc3ef9189?s=96&d=mm&r=g","url":"https:\/\/secure.gravatar.com\/avatar\/387e117f874ba5d0a3439060b45d914395d77287b2e4890a49d1599fc3ef9189?s=96&d=mm&r=g","contentUrl":"https:\/\/secure.gravatar.com\/avatar\/387e117f874ba5d0a3439060b45d914395d77287b2e4890a49d1599fc3ef9189?s=96&d=mm&r=g","caption":"Prensa A Guarda"},"url":"https:\/\/www.turismoaguarda.es\/gl\/author\/prensa\/"}]}},"_links":{"self":[{"href":"https:\/\/www.turismoaguarda.es\/gl\/wp-json\/wp\/v2\/posts\/8713","targetHints":{"allow":["GET"]}}],"collection":[{"href":"https:\/\/www.turismoaguarda.es\/gl\/wp-json\/wp\/v2\/posts"}],"about":[{"href":"https:\/\/www.turismoaguarda.es\/gl\/wp-json\/wp\/v2\/types\/post"}],"author":[{"embeddable":true,"href":"https:\/\/www.turismoaguarda.es\/gl\/wp-json\/wp\/v2\/users\/11"}],"replies":[{"embeddable":true,"href":"https:\/\/www.turismoaguarda.es\/gl\/wp-json\/wp\/v2\/comments?post=8713"}],"version-history":[{"count":1,"href":"https:\/\/www.turismoaguarda.es\/gl\/wp-json\/wp\/v2\/posts\/8713\/revisions"}],"predecessor-version":[{"id":8714,"href":"https:\/\/www.turismoaguarda.es\/gl\/wp-json\/wp\/v2\/posts\/8713\/revisions\/8714"}],"wp:featuredmedia":[{"embeddable":true,"href":"https:\/\/www.turismoaguarda.es\/gl\/wp-json\/wp\/v2\/media\/7940"}],"wp:attachment":[{"href":"https:\/\/www.turismoaguarda.es\/gl\/wp-json\/wp\/v2\/media?parent=8713"}],"wp:term":[{"taxonomy":"category","embeddable":true,"href":"https:\/\/www.turismoaguarda.es\/gl\/wp-json\/wp\/v2\/categories?post=8713"},{"taxonomy":"post_tag","embeddable":true,"href":"https:\/\/www.turismoaguarda.es\/gl\/wp-json\/wp\/v2\/tags?post=8713"}],"curies":[{"name":"wp","href":"https:\/\/api.w.org\/{rel}","templated":true}]}}