{"id":7859,"date":"2018-09-18T12:41:06","date_gmt":"2018-09-18T12:41:06","guid":{"rendered":"http:\/\/www.turismoaguarda.es\/?p=7859"},"modified":"2018-09-18T12:41:22","modified_gmt":"2018-09-18T12:41:22","slug":"novo-horario-de-inverno-no-museo-do-mar-e-no-centro-de-interpretacion-do-castelo-de-santa-cruz","status":"publish","type":"post","link":"https:\/\/www.turismoaguarda.es\/gl\/novo-horario-de-inverno-no-museo-do-mar-e-no-centro-de-interpretacion-do-castelo-de-santa-cruz\/","title":{"rendered":"Novo horario de inverno no Museo do Mar e no Centro de Interpretaci\u00f3n  do Castelo de Santa Cruz"},"content":{"rendered":"<p style=\"text-align: justify\">A partires desta fin de semana modif\u00edcanse os horarios do Museo do Mar e do Centro de Interpretaci\u00f3n do Castelo de Santa Cruz, que pasan xa ao horario de inverno.<\/p>\n<p style=\"text-align: justify\">O novo horario destes dous museos, inclu\u00eddos na Rede de Museos Municipal, ser\u00e1 de 11:00h a 14:00h e de 16:00h a 19:00h os s\u00e1bados, domingos e festivos.<\/p>\n<p style=\"text-align: justify\"><strong>Museo do Mar<\/strong><\/p>\n<p style=\"text-align: justify\">O Museo do Mar at\u00f3pase no Porto da Guarda, nunha atalaia ao final do paseo mar\u00edtimo e conta con d\u00faas colecci\u00f3ns: unha etnogr\u00e1fica cunha mostra das antigas artes de pesca e os seus aparellos e outra malacol\u00f3gica, cunha selecci\u00f3n de cunchas de mar procedentes de todo o mundo.<br \/>\nUnha parte do patrimonio inmaterial est\u00e1 recollido en v\u00eddeos editados polo Concello: \u201cXentes do mar\u201d, \u201cLendas de mar\u201d, \u201cMulleres do mar\u201d e \u201cTesouros vivos\u201d.<\/p>\n<p style=\"text-align: justify\"><strong>Centro de Interpretaci\u00f3n<\/strong><\/p>\n<p style=\"text-align: justify\">O Centro de Interpretaci\u00f3n do Castelo de Santa Cruz conta con paneis informativos que facilitan a comprensi\u00f3n do contexto hist\u00f3rico e o papel desempe\u00f1ado pola fortaleza de A Guarda no sistema de fortalezas abaluartadas transfronterizas.<\/p>\n<p style=\"text-align: justify\">Tasas de acceso:<br \/>\n\u2022 1 \u20ac adulto<br \/>\n\u2022 0,50 \u20ac menores de 14 anos<br \/>\n\u2022 Gratu\u00edto o primeiro s\u00e1bado de cada mes e o D\u00eda dos Museos (18 de maio).<\/p>\n<p style=\"text-align: center\"><a href=\"http:\/\/www.turismoaguarda.es\/?attachment_id=7863&amp;lang=gl\" rel=\"attachment wp-att-7863\"><img loading=\"lazy\" decoding=\"async\" class=\"alignnone size-full wp-image-7863\" src=\"http:\/\/www.turismoaguarda.es\/wp-content\/uploads\/2018\/09\/NP-18092018-Novo-horario-de-inverno-no-Museo-do-Mar-e-no-Centro-de-Interpretaci\u00f3n-do-Castelo-de-Santa-Cruz-2-1.jpg\" alt=\"O novo horario destes dous museos, inclu\u00eddos na Rede de Museos Municipal, ser\u00e1 de 11:00h a 14:00h e de 16:00h a 19:00h os s\u00e1bados, domingos e festivos.\" width=\"800\" height=\"516\" srcset=\"https:\/\/www.turismoaguarda.es\/wp-content\/uploads\/2018\/09\/NP-18092018-Novo-horario-de-inverno-no-Museo-do-Mar-e-no-Centro-de-Interpretaci\u00f3n-do-Castelo-de-Santa-Cruz-2-1.jpg 800w, https:\/\/www.turismoaguarda.es\/wp-content\/uploads\/2018\/09\/NP-18092018-Novo-horario-de-inverno-no-Museo-do-Mar-e-no-Centro-de-Interpretaci\u00f3n-do-Castelo-de-Santa-Cruz-2-1-300x194.jpg 300w, https:\/\/www.turismoaguarda.es\/wp-content\/uploads\/2018\/09\/NP-18092018-Novo-horario-de-inverno-no-Museo-do-Mar-e-no-Centro-de-Interpretaci\u00f3n-do-Castelo-de-Santa-Cruz-2-1-768x495.jpg 768w, https:\/\/www.turismoaguarda.es\/wp-content\/uploads\/2018\/09\/NP-18092018-Novo-horario-de-inverno-no-Museo-do-Mar-e-no-Centro-de-Interpretaci\u00f3n-do-Castelo-de-Santa-Cruz-2-1-150x97.jpg 150w, https:\/\/www.turismoaguarda.es\/wp-content\/uploads\/2018\/09\/NP-18092018-Novo-horario-de-inverno-no-Museo-do-Mar-e-no-Centro-de-Interpretaci\u00f3n-do-Castelo-de-Santa-Cruz-2-1-500x323.jpg 500w\" sizes=\"auto, (max-width: 800px) 100vw, 800px\" \/><\/a><\/p>\n","protected":false},"excerpt":{"rendered":"<p>A partires desta fin de semana modif\u00edcanse os horarios do Museo do Mar e do Centro de Interpretaci\u00f3n do Castelo de Santa Cruz, que pasan xa ao horario de inverno. O novo horario destes dous museos, inclu\u00eddos na Rede de Museos Municipal, ser\u00e1 de 11:00h a 14:00h e de 16:00h a 19:00h os s\u00e1bados, domingos<\/p>\n<div class=\"padding-top text-center\"><a href=\"https:\/\/www.turismoaguarda.es\/gl\/novo-horario-de-inverno-no-museo-do-mar-e-no-centro-de-interpretacion-do-castelo-de-santa-cruz\/\" class=\"atbtn atbtn--medium atbtn--rounded atbtn--transparent\">Leer m\u00e1is<i class=\"atbtn__icon atbtn__icon--right fa fa-long-arrow-right\"><\/i><\/a><\/div>\n","protected":false},"author":11,"featured_media":7860,"comment_status":"open","ping_status":"open","sticky":false,"template":"","format":"standard","meta":{"footnotes":""},"categories":[94],"tags":[330,347,168,171],"class_list":["post-7859","post","type-post","status-publish","format-standard","has-post-thumbnail","hentry","category-novas-turismo","tag-centro-de-interpretacion","tag-centro-de-interpretacion-gl","tag-turismo","tag-turismo-gl"],"yoast_head":"<!-- This site is optimized with the Yoast SEO plugin v27.5 - https:\/\/yoast.com\/product\/yoast-seo-wordpress\/ -->\n<title>Novo horario de inverno no Museo do Mar e no Centro de Interpretaci\u00f3n do Castelo de Santa Cruz | Turismo A Guarda<\/title>\n<meta name=\"robots\" content=\"index, follow, max-snippet:-1, max-image-preview:large, max-video-preview:-1\" \/>\n<link rel=\"canonical\" href=\"https:\/\/www.turismoaguarda.es\/gl\/novo-horario-de-inverno-no-museo-do-mar-e-no-centro-de-interpretacion-do-castelo-de-santa-cruz\/\" \/>\n<meta property=\"og:locale\" content=\"en_US\" \/>\n<meta property=\"og:type\" content=\"article\" \/>\n<meta property=\"og:title\" content=\"Novo horario de inverno no Museo do Mar e no Centro de Interpretaci\u00f3n do Castelo de Santa Cruz | Turismo A Guarda\" \/>\n<meta property=\"og:description\" content=\"A partires desta fin de semana modif\u00edcanse os horarios do Museo do Mar e do Centro de Interpretaci\u00f3n do Castelo de Santa Cruz, que pasan xa ao horario de inverno. O novo horario destes dous museos, inclu\u00eddos na Rede de Museos Municipal, ser\u00e1 de 11:00h a 14:00h e de 16:00h a 19:00h os s\u00e1bados, domingosLeer m\u00e1is\" \/>\n<meta property=\"og:url\" content=\"https:\/\/www.turismoaguarda.es\/gl\/novo-horario-de-inverno-no-museo-do-mar-e-no-centro-de-interpretacion-do-castelo-de-santa-cruz\/\" \/>\n<meta property=\"og:site_name\" content=\"Turismo A Guarda\" \/>\n<meta property=\"article:publisher\" content=\"https:\/\/es-es.facebook.com\/Turismo-A-Guarda-126223240790625\/\" \/>\n<meta property=\"article:published_time\" content=\"2018-09-18T12:41:06+00:00\" \/>\n<meta property=\"article:modified_time\" content=\"2018-09-18T12:41:22+00:00\" \/>\n<meta property=\"og:image\" content=\"https:\/\/www.turismoaguarda.es\/wp-content\/uploads\/2018\/09\/NP-18092018-Novo-horario-de-inverno-no-Museo-do-Mar-e-no-Centro-de-Interpretaci\u00f3n-do-Castelo-de-Santa-Cruz-1-1.jpg\" \/>\n\t<meta property=\"og:image:width\" content=\"800\" \/>\n\t<meta property=\"og:image:height\" content=\"600\" \/>\n\t<meta property=\"og:image:type\" content=\"image\/jpeg\" \/>\n<meta name=\"author\" content=\"Prensa A Guarda\" \/>\n<meta name=\"twitter:card\" content=\"summary_large_image\" \/>\n<meta name=\"twitter:creator\" content=\"@TurismoAGuarda\" \/>\n<meta name=\"twitter:site\" content=\"@TurismoAGuarda\" \/>\n<meta name=\"twitter:label1\" content=\"Written by\" \/>\n\t<meta name=\"twitter:data1\" content=\"Prensa A Guarda\" \/>\n\t<meta name=\"twitter:label2\" content=\"Est. reading time\" \/>\n\t<meta name=\"twitter:data2\" content=\"1 minute\" \/>\n<script type=\"application\/ld+json\" class=\"yoast-schema-graph\">{\"@context\":\"https:\\\/\\\/schema.org\",\"@graph\":[{\"@type\":\"Article\",\"@id\":\"https:\\\/\\\/www.turismoaguarda.es\\\/gl\\\/novo-horario-de-inverno-no-museo-do-mar-e-no-centro-de-interpretacion-do-castelo-de-santa-cruz\\\/#article\",\"isPartOf\":{\"@id\":\"https:\\\/\\\/www.turismoaguarda.es\\\/gl\\\/novo-horario-de-inverno-no-museo-do-mar-e-no-centro-de-interpretacion-do-castelo-de-santa-cruz\\\/\"},\"author\":{\"name\":\"Prensa A Guarda\",\"@id\":\"https:\\\/\\\/www.turismoaguarda.es\\\/#\\\/schema\\\/person\\\/a8b0c27ad7bcbb6c19799e934727508e\"},\"headline\":\"Novo horario de inverno no Museo do Mar e no Centro de Interpretaci\u00f3n do Castelo de Santa Cruz\",\"datePublished\":\"2018-09-18T12:41:06+00:00\",\"dateModified\":\"2018-09-18T12:41:22+00:00\",\"mainEntityOfPage\":{\"@id\":\"https:\\\/\\\/www.turismoaguarda.es\\\/gl\\\/novo-horario-de-inverno-no-museo-do-mar-e-no-centro-de-interpretacion-do-castelo-de-santa-cruz\\\/\"},\"wordCount\":230,\"commentCount\":0,\"image\":{\"@id\":\"https:\\\/\\\/www.turismoaguarda.es\\\/gl\\\/novo-horario-de-inverno-no-museo-do-mar-e-no-centro-de-interpretacion-do-castelo-de-santa-cruz\\\/#primaryimage\"},\"thumbnailUrl\":\"https:\\\/\\\/www.turismoaguarda.es\\\/wp-content\\\/uploads\\\/2018\\\/09\\\/NP-18092018-Novo-horario-de-inverno-no-Museo-do-Mar-e-no-Centro-de-Interpretaci\u00f3n-do-Castelo-de-Santa-Cruz-1-1.jpg\",\"keywords\":[\"Centro de Interpretaci\u00f3n\",\"Centro de Interpretaci\u00f3n\",\"turismo\",\"turismo\"],\"articleSection\":[\"Novas Turismo\"],\"inLanguage\":\"gl\",\"potentialAction\":[{\"@type\":\"CommentAction\",\"name\":\"Comment\",\"target\":[\"https:\\\/\\\/www.turismoaguarda.es\\\/gl\\\/novo-horario-de-inverno-no-museo-do-mar-e-no-centro-de-interpretacion-do-castelo-de-santa-cruz\\\/#respond\"]}]},{\"@type\":\"WebPage\",\"@id\":\"https:\\\/\\\/www.turismoaguarda.es\\\/gl\\\/novo-horario-de-inverno-no-museo-do-mar-e-no-centro-de-interpretacion-do-castelo-de-santa-cruz\\\/\",\"url\":\"https:\\\/\\\/www.turismoaguarda.es\\\/gl\\\/novo-horario-de-inverno-no-museo-do-mar-e-no-centro-de-interpretacion-do-castelo-de-santa-cruz\\\/\",\"name\":\"Novo horario de inverno no Museo do Mar e no Centro de Interpretaci\u00f3n do Castelo de Santa Cruz | Turismo A Guarda\",\"isPartOf\":{\"@id\":\"https:\\\/\\\/www.turismoaguarda.es\\\/#website\"},\"primaryImageOfPage\":{\"@id\":\"https:\\\/\\\/www.turismoaguarda.es\\\/gl\\\/novo-horario-de-inverno-no-museo-do-mar-e-no-centro-de-interpretacion-do-castelo-de-santa-cruz\\\/#primaryimage\"},\"image\":{\"@id\":\"https:\\\/\\\/www.turismoaguarda.es\\\/gl\\\/novo-horario-de-inverno-no-museo-do-mar-e-no-centro-de-interpretacion-do-castelo-de-santa-cruz\\\/#primaryimage\"},\"thumbnailUrl\":\"https:\\\/\\\/www.turismoaguarda.es\\\/wp-content\\\/uploads\\\/2018\\\/09\\\/NP-18092018-Novo-horario-de-inverno-no-Museo-do-Mar-e-no-Centro-de-Interpretaci\u00f3n-do-Castelo-de-Santa-Cruz-1-1.jpg\",\"datePublished\":\"2018-09-18T12:41:06+00:00\",\"dateModified\":\"2018-09-18T12:41:22+00:00\",\"author\":{\"@id\":\"https:\\\/\\\/www.turismoaguarda.es\\\/#\\\/schema\\\/person\\\/a8b0c27ad7bcbb6c19799e934727508e\"},\"breadcrumb\":{\"@id\":\"https:\\\/\\\/www.turismoaguarda.es\\\/gl\\\/novo-horario-de-inverno-no-museo-do-mar-e-no-centro-de-interpretacion-do-castelo-de-santa-cruz\\\/#breadcrumb\"},\"inLanguage\":\"gl\",\"potentialAction\":[{\"@type\":\"ReadAction\",\"target\":[\"https:\\\/\\\/www.turismoaguarda.es\\\/gl\\\/novo-horario-de-inverno-no-museo-do-mar-e-no-centro-de-interpretacion-do-castelo-de-santa-cruz\\\/\"]}]},{\"@type\":\"ImageObject\",\"inLanguage\":\"gl\",\"@id\":\"https:\\\/\\\/www.turismoaguarda.es\\\/gl\\\/novo-horario-de-inverno-no-museo-do-mar-e-no-centro-de-interpretacion-do-castelo-de-santa-cruz\\\/#primaryimage\",\"url\":\"https:\\\/\\\/www.turismoaguarda.es\\\/wp-content\\\/uploads\\\/2018\\\/09\\\/NP-18092018-Novo-horario-de-inverno-no-Museo-do-Mar-e-no-Centro-de-Interpretaci\u00f3n-do-Castelo-de-Santa-Cruz-1-1.jpg\",\"contentUrl\":\"https:\\\/\\\/www.turismoaguarda.es\\\/wp-content\\\/uploads\\\/2018\\\/09\\\/NP-18092018-Novo-horario-de-inverno-no-Museo-do-Mar-e-no-Centro-de-Interpretaci\u00f3n-do-Castelo-de-Santa-Cruz-1-1.jpg\",\"width\":800,\"height\":600,\"caption\":\"O novo horario destes dous museos, inclu\u00eddos na Rede de Museos Municipal, ser\u00e1 de 11:00h a 14:00h e de 16:00h a 19:00h os s\u00e1bados, domingos e festivos.\"},{\"@type\":\"BreadcrumbList\",\"@id\":\"https:\\\/\\\/www.turismoaguarda.es\\\/gl\\\/novo-horario-de-inverno-no-museo-do-mar-e-no-centro-de-interpretacion-do-castelo-de-santa-cruz\\\/#breadcrumb\",\"itemListElement\":[{\"@type\":\"ListItem\",\"position\":1,\"name\":\"Portada\",\"item\":\"https:\\\/\\\/www.turismoaguarda.es\\\/gl\\\/\"},{\"@type\":\"ListItem\",\"position\":2,\"name\":\"Novo horario de inverno no Museo do Mar e no Centro de Interpretaci\u00f3n do Castelo de Santa Cruz\"}]},{\"@type\":\"WebSite\",\"@id\":\"https:\\\/\\\/www.turismoaguarda.es\\\/#website\",\"url\":\"https:\\\/\\\/www.turismoaguarda.es\\\/\",\"name\":\"Turismo A Guarda\",\"description\":\"Informaci\u00f3n tur\u00edstica de A Guarda y alrededores.\",\"potentialAction\":[{\"@type\":\"SearchAction\",\"target\":{\"@type\":\"EntryPoint\",\"urlTemplate\":\"https:\\\/\\\/www.turismoaguarda.es\\\/?s={search_term_string}\"},\"query-input\":{\"@type\":\"PropertyValueSpecification\",\"valueRequired\":true,\"valueName\":\"search_term_string\"}}],\"inLanguage\":\"gl\"},{\"@type\":\"Person\",\"@id\":\"https:\\\/\\\/www.turismoaguarda.es\\\/#\\\/schema\\\/person\\\/a8b0c27ad7bcbb6c19799e934727508e\",\"name\":\"Prensa A Guarda\",\"image\":{\"@type\":\"ImageObject\",\"inLanguage\":\"gl\",\"@id\":\"https:\\\/\\\/secure.gravatar.com\\\/avatar\\\/387e117f874ba5d0a3439060b45d914395d77287b2e4890a49d1599fc3ef9189?s=96&d=mm&r=g\",\"url\":\"https:\\\/\\\/secure.gravatar.com\\\/avatar\\\/387e117f874ba5d0a3439060b45d914395d77287b2e4890a49d1599fc3ef9189?s=96&d=mm&r=g\",\"contentUrl\":\"https:\\\/\\\/secure.gravatar.com\\\/avatar\\\/387e117f874ba5d0a3439060b45d914395d77287b2e4890a49d1599fc3ef9189?s=96&d=mm&r=g\",\"caption\":\"Prensa A Guarda\"},\"url\":\"https:\\\/\\\/www.turismoaguarda.es\\\/gl\\\/author\\\/prensa\\\/\"}]}<\/script>\n<!-- \/ Yoast SEO plugin. -->","yoast_head_json":{"title":"Novo horario de inverno no Museo do Mar e no Centro de Interpretaci\u00f3n do Castelo de Santa Cruz | Turismo A Guarda","robots":{"index":"index","follow":"follow","max-snippet":"max-snippet:-1","max-image-preview":"max-image-preview:large","max-video-preview":"max-video-preview:-1"},"canonical":"https:\/\/www.turismoaguarda.es\/gl\/novo-horario-de-inverno-no-museo-do-mar-e-no-centro-de-interpretacion-do-castelo-de-santa-cruz\/","og_locale":"en_US","og_type":"article","og_title":"Novo horario de inverno no Museo do Mar e no Centro de Interpretaci\u00f3n do Castelo de Santa Cruz | Turismo A Guarda","og_description":"A partires desta fin de semana modif\u00edcanse os horarios do Museo do Mar e do Centro de Interpretaci\u00f3n do Castelo de Santa Cruz, que pasan xa ao horario de inverno. O novo horario destes dous museos, inclu\u00eddos na Rede de Museos Municipal, ser\u00e1 de 11:00h a 14:00h e de 16:00h a 19:00h os s\u00e1bados, domingosLeer m\u00e1is","og_url":"https:\/\/www.turismoaguarda.es\/gl\/novo-horario-de-inverno-no-museo-do-mar-e-no-centro-de-interpretacion-do-castelo-de-santa-cruz\/","og_site_name":"Turismo A Guarda","article_publisher":"https:\/\/es-es.facebook.com\/Turismo-A-Guarda-126223240790625\/","article_published_time":"2018-09-18T12:41:06+00:00","article_modified_time":"2018-09-18T12:41:22+00:00","og_image":[{"width":800,"height":600,"url":"https:\/\/www.turismoaguarda.es\/wp-content\/uploads\/2018\/09\/NP-18092018-Novo-horario-de-inverno-no-Museo-do-Mar-e-no-Centro-de-Interpretaci\u00f3n-do-Castelo-de-Santa-Cruz-1-1.jpg","type":"image\/jpeg"}],"author":"Prensa A Guarda","twitter_card":"summary_large_image","twitter_creator":"@TurismoAGuarda","twitter_site":"@TurismoAGuarda","twitter_misc":{"Written by":"Prensa A Guarda","Est. reading time":"1 minute"},"schema":{"@context":"https:\/\/schema.org","@graph":[{"@type":"Article","@id":"https:\/\/www.turismoaguarda.es\/gl\/novo-horario-de-inverno-no-museo-do-mar-e-no-centro-de-interpretacion-do-castelo-de-santa-cruz\/#article","isPartOf":{"@id":"https:\/\/www.turismoaguarda.es\/gl\/novo-horario-de-inverno-no-museo-do-mar-e-no-centro-de-interpretacion-do-castelo-de-santa-cruz\/"},"author":{"name":"Prensa A Guarda","@id":"https:\/\/www.turismoaguarda.es\/#\/schema\/person\/a8b0c27ad7bcbb6c19799e934727508e"},"headline":"Novo horario de inverno no Museo do Mar e no Centro de Interpretaci\u00f3n do Castelo de Santa Cruz","datePublished":"2018-09-18T12:41:06+00:00","dateModified":"2018-09-18T12:41:22+00:00","mainEntityOfPage":{"@id":"https:\/\/www.turismoaguarda.es\/gl\/novo-horario-de-inverno-no-museo-do-mar-e-no-centro-de-interpretacion-do-castelo-de-santa-cruz\/"},"wordCount":230,"commentCount":0,"image":{"@id":"https:\/\/www.turismoaguarda.es\/gl\/novo-horario-de-inverno-no-museo-do-mar-e-no-centro-de-interpretacion-do-castelo-de-santa-cruz\/#primaryimage"},"thumbnailUrl":"https:\/\/www.turismoaguarda.es\/wp-content\/uploads\/2018\/09\/NP-18092018-Novo-horario-de-inverno-no-Museo-do-Mar-e-no-Centro-de-Interpretaci\u00f3n-do-Castelo-de-Santa-Cruz-1-1.jpg","keywords":["Centro de Interpretaci\u00f3n","Centro de Interpretaci\u00f3n","turismo","turismo"],"articleSection":["Novas Turismo"],"inLanguage":"gl","potentialAction":[{"@type":"CommentAction","name":"Comment","target":["https:\/\/www.turismoaguarda.es\/gl\/novo-horario-de-inverno-no-museo-do-mar-e-no-centro-de-interpretacion-do-castelo-de-santa-cruz\/#respond"]}]},{"@type":"WebPage","@id":"https:\/\/www.turismoaguarda.es\/gl\/novo-horario-de-inverno-no-museo-do-mar-e-no-centro-de-interpretacion-do-castelo-de-santa-cruz\/","url":"https:\/\/www.turismoaguarda.es\/gl\/novo-horario-de-inverno-no-museo-do-mar-e-no-centro-de-interpretacion-do-castelo-de-santa-cruz\/","name":"Novo horario de inverno no Museo do Mar e no Centro de Interpretaci\u00f3n do Castelo de Santa Cruz | Turismo A Guarda","isPartOf":{"@id":"https:\/\/www.turismoaguarda.es\/#website"},"primaryImageOfPage":{"@id":"https:\/\/www.turismoaguarda.es\/gl\/novo-horario-de-inverno-no-museo-do-mar-e-no-centro-de-interpretacion-do-castelo-de-santa-cruz\/#primaryimage"},"image":{"@id":"https:\/\/www.turismoaguarda.es\/gl\/novo-horario-de-inverno-no-museo-do-mar-e-no-centro-de-interpretacion-do-castelo-de-santa-cruz\/#primaryimage"},"thumbnailUrl":"https:\/\/www.turismoaguarda.es\/wp-content\/uploads\/2018\/09\/NP-18092018-Novo-horario-de-inverno-no-Museo-do-Mar-e-no-Centro-de-Interpretaci\u00f3n-do-Castelo-de-Santa-Cruz-1-1.jpg","datePublished":"2018-09-18T12:41:06+00:00","dateModified":"2018-09-18T12:41:22+00:00","author":{"@id":"https:\/\/www.turismoaguarda.es\/#\/schema\/person\/a8b0c27ad7bcbb6c19799e934727508e"},"breadcrumb":{"@id":"https:\/\/www.turismoaguarda.es\/gl\/novo-horario-de-inverno-no-museo-do-mar-e-no-centro-de-interpretacion-do-castelo-de-santa-cruz\/#breadcrumb"},"inLanguage":"gl","potentialAction":[{"@type":"ReadAction","target":["https:\/\/www.turismoaguarda.es\/gl\/novo-horario-de-inverno-no-museo-do-mar-e-no-centro-de-interpretacion-do-castelo-de-santa-cruz\/"]}]},{"@type":"ImageObject","inLanguage":"gl","@id":"https:\/\/www.turismoaguarda.es\/gl\/novo-horario-de-inverno-no-museo-do-mar-e-no-centro-de-interpretacion-do-castelo-de-santa-cruz\/#primaryimage","url":"https:\/\/www.turismoaguarda.es\/wp-content\/uploads\/2018\/09\/NP-18092018-Novo-horario-de-inverno-no-Museo-do-Mar-e-no-Centro-de-Interpretaci\u00f3n-do-Castelo-de-Santa-Cruz-1-1.jpg","contentUrl":"https:\/\/www.turismoaguarda.es\/wp-content\/uploads\/2018\/09\/NP-18092018-Novo-horario-de-inverno-no-Museo-do-Mar-e-no-Centro-de-Interpretaci\u00f3n-do-Castelo-de-Santa-Cruz-1-1.jpg","width":800,"height":600,"caption":"O novo horario destes dous museos, inclu\u00eddos na Rede de Museos Municipal, ser\u00e1 de 11:00h a 14:00h e de 16:00h a 19:00h os s\u00e1bados, domingos e festivos."},{"@type":"BreadcrumbList","@id":"https:\/\/www.turismoaguarda.es\/gl\/novo-horario-de-inverno-no-museo-do-mar-e-no-centro-de-interpretacion-do-castelo-de-santa-cruz\/#breadcrumb","itemListElement":[{"@type":"ListItem","position":1,"name":"Portada","item":"https:\/\/www.turismoaguarda.es\/gl\/"},{"@type":"ListItem","position":2,"name":"Novo horario de inverno no Museo do Mar e no Centro de Interpretaci\u00f3n do Castelo de Santa Cruz"}]},{"@type":"WebSite","@id":"https:\/\/www.turismoaguarda.es\/#website","url":"https:\/\/www.turismoaguarda.es\/","name":"Turismo A Guarda","description":"Informaci\u00f3n tur\u00edstica de A Guarda y alrededores.","potentialAction":[{"@type":"SearchAction","target":{"@type":"EntryPoint","urlTemplate":"https:\/\/www.turismoaguarda.es\/?s={search_term_string}"},"query-input":{"@type":"PropertyValueSpecification","valueRequired":true,"valueName":"search_term_string"}}],"inLanguage":"gl"},{"@type":"Person","@id":"https:\/\/www.turismoaguarda.es\/#\/schema\/person\/a8b0c27ad7bcbb6c19799e934727508e","name":"Prensa A Guarda","image":{"@type":"ImageObject","inLanguage":"gl","@id":"https:\/\/secure.gravatar.com\/avatar\/387e117f874ba5d0a3439060b45d914395d77287b2e4890a49d1599fc3ef9189?s=96&d=mm&r=g","url":"https:\/\/secure.gravatar.com\/avatar\/387e117f874ba5d0a3439060b45d914395d77287b2e4890a49d1599fc3ef9189?s=96&d=mm&r=g","contentUrl":"https:\/\/secure.gravatar.com\/avatar\/387e117f874ba5d0a3439060b45d914395d77287b2e4890a49d1599fc3ef9189?s=96&d=mm&r=g","caption":"Prensa A Guarda"},"url":"https:\/\/www.turismoaguarda.es\/gl\/author\/prensa\/"}]}},"_links":{"self":[{"href":"https:\/\/www.turismoaguarda.es\/gl\/wp-json\/wp\/v2\/posts\/7859","targetHints":{"allow":["GET"]}}],"collection":[{"href":"https:\/\/www.turismoaguarda.es\/gl\/wp-json\/wp\/v2\/posts"}],"about":[{"href":"https:\/\/www.turismoaguarda.es\/gl\/wp-json\/wp\/v2\/types\/post"}],"author":[{"embeddable":true,"href":"https:\/\/www.turismoaguarda.es\/gl\/wp-json\/wp\/v2\/users\/11"}],"replies":[{"embeddable":true,"href":"https:\/\/www.turismoaguarda.es\/gl\/wp-json\/wp\/v2\/comments?post=7859"}],"version-history":[{"count":1,"href":"https:\/\/www.turismoaguarda.es\/gl\/wp-json\/wp\/v2\/posts\/7859\/revisions"}],"predecessor-version":[{"id":7866,"href":"https:\/\/www.turismoaguarda.es\/gl\/wp-json\/wp\/v2\/posts\/7859\/revisions\/7866"}],"wp:featuredmedia":[{"embeddable":true,"href":"https:\/\/www.turismoaguarda.es\/gl\/wp-json\/wp\/v2\/media\/7860"}],"wp:attachment":[{"href":"https:\/\/www.turismoaguarda.es\/gl\/wp-json\/wp\/v2\/media?parent=7859"}],"wp:term":[{"taxonomy":"category","embeddable":true,"href":"https:\/\/www.turismoaguarda.es\/gl\/wp-json\/wp\/v2\/categories?post=7859"},{"taxonomy":"post_tag","embeddable":true,"href":"https:\/\/www.turismoaguarda.es\/gl\/wp-json\/wp\/v2\/tags?post=7859"}],"curies":[{"name":"wp","href":"https:\/\/api.w.org\/{rel}","templated":true}]}}