{"id":7778,"date":"2018-09-10T11:25:00","date_gmt":"2018-09-10T11:25:00","guid":{"rendered":"http:\/\/www.turismoaguarda.es\/?p=7778"},"modified":"2018-09-10T11:33:30","modified_gmt":"2018-09-10T11:33:30","slug":"as-praias-guardesas-do-muino-e-area-grande-acolleron-esta-fin-de-semana-xornadas-de-sensibilizacion-ambiental","status":"publish","type":"post","link":"https:\/\/www.turismoaguarda.es\/gl\/as-praias-guardesas-do-muino-e-area-grande-acolleron-esta-fin-de-semana-xornadas-de-sensibilizacion-ambiental\/","title":{"rendered":"As praias guardesas do Mu\u00ed\u00f1o e Area Grande acolleron esta fin de semana xornadas de sensibilizaci\u00f3n ambiental"},"content":{"rendered":"<p style=\"text-align: justify;\">Durante a pasada fin de semana as praias guardesas de Area Grande e O Mu\u00ed\u00f1o, \u00e1mbalas d\u00faas con bandeira azul, acolleron d\u00faas actividades medioambientais destinadas ao fomento de boas pr\u00e1cticas nas praias do municipio.<\/p>\n<p style=\"text-align: justify;\">Para este fin, e en coordinaci\u00f3n coa conceller\u00eda de Medio Ambiente do Concello da Guarda, o s\u00e1bado 8 de setembro a Praia mar\u00edtima da Area Grande acolleu a primeira destas actividades para concienciar aos ba\u00f1istas de cal \u00e9 a duraci\u00f3n real dos residuos que se verten nas nosas praias. Sorprendeu nesta xornada a alta participaci\u00f3n, amosando os ba\u00f1istas un grande interese por esta actividade e por co\u00f1ecer canto tardan en desaparecer do noso medioambiente os diferentes elementos que al\u00ed se amosaron.<\/p>\n<p style=\"text-align: justify;\">A segunda actividade realizouse na xornada do domingo d\u00eda 9 de setembro na Praia do Mu\u00ed\u00f1o, onde a trav\u00e9s de varios obxectos, e en modo de xogo, os participantes puideron descubrir por exemplo canto tempo tarda en desaparecer unha botella de cristal, ou unha cabicha, entre un total de 12 produtos.<\/p>\n<p style=\"text-align: justify;\">Os participantes destas d\u00faas xornadas medioambientais v\u00edronse moi sorprendidos, por exemplo, co tempo que tarda en desaparecer unha \u00abpalli\u00f1a\u00bb das que se empregan para os refrescos, que pode tardar ata 200 anos en descompo\u00f1erse, ou unha botella de cristal, que pode tardar ata 4000 anos.<\/p>\n<p style=\"text-align: justify;\">Por este motivo \u00e9 preciso facer que a xente saiba os tempos que tardan en desaparecer estes residuos do noso medio ambiente, para concienciar sobre outros usos, reciclaxe, emprego de papeleiras e contedores, entre outros, para entre todos, manter as nosas praias e contribu\u00edr ao mantemento do noso medioambiente.<\/p>\n","protected":false},"excerpt":{"rendered":"<p>Durante a pasada fin de semana as praias guardesas de Area Grande e O Mu\u00ed\u00f1o, \u00e1mbalas d\u00faas con bandeira azul, acolleron d\u00faas actividades medioambientais destinadas ao fomento de boas pr\u00e1cticas nas praias do municipio. Para este fin, e en coordinaci\u00f3n coa conceller\u00eda de Medio Ambiente do Concello da Guarda, o s\u00e1bado 8 de setembro a<\/p>\n<div class=\"padding-top text-center\"><a href=\"https:\/\/www.turismoaguarda.es\/gl\/as-praias-guardesas-do-muino-e-area-grande-acolleron-esta-fin-de-semana-xornadas-de-sensibilizacion-ambiental\/\" class=\"atbtn atbtn--medium atbtn--rounded atbtn--transparent\">Leer m\u00e1is<i class=\"atbtn__icon atbtn__icon--right fa fa-long-arrow-right\"><\/i><\/a><\/div>\n","protected":false},"author":7,"featured_media":7765,"comment_status":"open","ping_status":"open","sticky":false,"template":"","format":"standard","meta":{"footnotes":""},"categories":[94],"tags":[170,1468,1469,171],"class_list":["post-7778","post","type-post","status-publish","format-standard","has-post-thumbnail","hentry","category-novas-turismo","tag-a-guarda-gl","tag-medioambiente","tag-reciclaxe","tag-turismo-gl"],"yoast_head":"<!-- This site is optimized with the Yoast SEO plugin v27.5 - https:\/\/yoast.com\/product\/yoast-seo-wordpress\/ -->\n<title>As praias guardesas do Mu\u00ed\u00f1o e Area Grande acolleron esta fin de semana xornadas de sensibilizaci\u00f3n ambiental | Turismo A Guarda<\/title>\n<meta name=\"robots\" content=\"index, follow, max-snippet:-1, max-image-preview:large, max-video-preview:-1\" \/>\n<link rel=\"canonical\" href=\"https:\/\/www.turismoaguarda.es\/gl\/as-praias-guardesas-do-muino-e-area-grande-acolleron-esta-fin-de-semana-xornadas-de-sensibilizacion-ambiental\/\" \/>\n<meta property=\"og:locale\" content=\"en_US\" \/>\n<meta property=\"og:type\" content=\"article\" \/>\n<meta property=\"og:title\" content=\"As praias guardesas do Mu\u00ed\u00f1o e Area Grande acolleron esta fin de semana xornadas de sensibilizaci\u00f3n ambiental | Turismo A Guarda\" \/>\n<meta property=\"og:description\" content=\"Durante a pasada fin de semana as praias guardesas de Area Grande e O Mu\u00ed\u00f1o, \u00e1mbalas d\u00faas con bandeira azul, acolleron d\u00faas actividades medioambientais destinadas ao fomento de boas pr\u00e1cticas nas praias do municipio. Para este fin, e en coordinaci\u00f3n coa conceller\u00eda de Medio Ambiente do Concello da Guarda, o s\u00e1bado 8 de setembro aLeer m\u00e1is\" \/>\n<meta property=\"og:url\" content=\"https:\/\/www.turismoaguarda.es\/gl\/as-praias-guardesas-do-muino-e-area-grande-acolleron-esta-fin-de-semana-xornadas-de-sensibilizacion-ambiental\/\" \/>\n<meta property=\"og:site_name\" content=\"Turismo A Guarda\" \/>\n<meta property=\"article:publisher\" content=\"https:\/\/es-es.facebook.com\/Turismo-A-Guarda-126223240790625\/\" \/>\n<meta property=\"article:published_time\" content=\"2018-09-10T11:25:00+00:00\" \/>\n<meta property=\"article:modified_time\" content=\"2018-09-10T11:33:30+00:00\" \/>\n<meta property=\"og:image\" content=\"https:\/\/www.turismoaguarda.es\/wp-content\/uploads\/2018\/09\/NP10093.jpg\" \/>\n\t<meta property=\"og:image:width\" content=\"800\" \/>\n\t<meta property=\"og:image:height\" content=\"600\" \/>\n\t<meta property=\"og:image:type\" content=\"image\/jpeg\" \/>\n<meta name=\"author\" content=\"Rosalia Verde\" \/>\n<meta name=\"twitter:card\" content=\"summary_large_image\" \/>\n<meta name=\"twitter:creator\" content=\"@TurismoAGuarda\" \/>\n<meta name=\"twitter:site\" content=\"@TurismoAGuarda\" \/>\n<meta name=\"twitter:label1\" content=\"Written by\" \/>\n\t<meta name=\"twitter:data1\" content=\"Rosalia Verde\" \/>\n\t<meta name=\"twitter:label2\" content=\"Est. reading time\" \/>\n\t<meta name=\"twitter:data2\" content=\"1 minute\" \/>\n<script type=\"application\/ld+json\" class=\"yoast-schema-graph\">{\"@context\":\"https:\\\/\\\/schema.org\",\"@graph\":[{\"@type\":\"Article\",\"@id\":\"https:\\\/\\\/www.turismoaguarda.es\\\/gl\\\/as-praias-guardesas-do-muino-e-area-grande-acolleron-esta-fin-de-semana-xornadas-de-sensibilizacion-ambiental\\\/#article\",\"isPartOf\":{\"@id\":\"https:\\\/\\\/www.turismoaguarda.es\\\/gl\\\/as-praias-guardesas-do-muino-e-area-grande-acolleron-esta-fin-de-semana-xornadas-de-sensibilizacion-ambiental\\\/\"},\"author\":{\"name\":\"Rosalia Verde\",\"@id\":\"https:\\\/\\\/www.turismoaguarda.es\\\/#\\\/schema\\\/person\\\/9282bb1649316a88a88b0eca34bd959b\"},\"headline\":\"As praias guardesas do Mu\u00ed\u00f1o e Area Grande acolleron esta fin de semana xornadas de sensibilizaci\u00f3n ambiental\",\"datePublished\":\"2018-09-10T11:25:00+00:00\",\"dateModified\":\"2018-09-10T11:33:30+00:00\",\"mainEntityOfPage\":{\"@id\":\"https:\\\/\\\/www.turismoaguarda.es\\\/gl\\\/as-praias-guardesas-do-muino-e-area-grande-acolleron-esta-fin-de-semana-xornadas-de-sensibilizacion-ambiental\\\/\"},\"wordCount\":293,\"commentCount\":0,\"image\":{\"@id\":\"https:\\\/\\\/www.turismoaguarda.es\\\/gl\\\/as-praias-guardesas-do-muino-e-area-grande-acolleron-esta-fin-de-semana-xornadas-de-sensibilizacion-ambiental\\\/#primaryimage\"},\"thumbnailUrl\":\"https:\\\/\\\/www.turismoaguarda.es\\\/wp-content\\\/uploads\\\/2018\\\/09\\\/NP10093.jpg\",\"keywords\":[\"A Guarda\",\"medioambiente\",\"reciclaxe\",\"turismo\"],\"articleSection\":[\"Novas Turismo\"],\"inLanguage\":\"gl\",\"potentialAction\":[{\"@type\":\"CommentAction\",\"name\":\"Comment\",\"target\":[\"https:\\\/\\\/www.turismoaguarda.es\\\/gl\\\/as-praias-guardesas-do-muino-e-area-grande-acolleron-esta-fin-de-semana-xornadas-de-sensibilizacion-ambiental\\\/#respond\"]}]},{\"@type\":\"WebPage\",\"@id\":\"https:\\\/\\\/www.turismoaguarda.es\\\/gl\\\/as-praias-guardesas-do-muino-e-area-grande-acolleron-esta-fin-de-semana-xornadas-de-sensibilizacion-ambiental\\\/\",\"url\":\"https:\\\/\\\/www.turismoaguarda.es\\\/gl\\\/as-praias-guardesas-do-muino-e-area-grande-acolleron-esta-fin-de-semana-xornadas-de-sensibilizacion-ambiental\\\/\",\"name\":\"As praias guardesas do Mu\u00ed\u00f1o e Area Grande acolleron esta fin de semana xornadas de sensibilizaci\u00f3n ambiental | Turismo A Guarda\",\"isPartOf\":{\"@id\":\"https:\\\/\\\/www.turismoaguarda.es\\\/#website\"},\"primaryImageOfPage\":{\"@id\":\"https:\\\/\\\/www.turismoaguarda.es\\\/gl\\\/as-praias-guardesas-do-muino-e-area-grande-acolleron-esta-fin-de-semana-xornadas-de-sensibilizacion-ambiental\\\/#primaryimage\"},\"image\":{\"@id\":\"https:\\\/\\\/www.turismoaguarda.es\\\/gl\\\/as-praias-guardesas-do-muino-e-area-grande-acolleron-esta-fin-de-semana-xornadas-de-sensibilizacion-ambiental\\\/#primaryimage\"},\"thumbnailUrl\":\"https:\\\/\\\/www.turismoaguarda.es\\\/wp-content\\\/uploads\\\/2018\\\/09\\\/NP10093.jpg\",\"datePublished\":\"2018-09-10T11:25:00+00:00\",\"dateModified\":\"2018-09-10T11:33:30+00:00\",\"author\":{\"@id\":\"https:\\\/\\\/www.turismoaguarda.es\\\/#\\\/schema\\\/person\\\/9282bb1649316a88a88b0eca34bd959b\"},\"breadcrumb\":{\"@id\":\"https:\\\/\\\/www.turismoaguarda.es\\\/gl\\\/as-praias-guardesas-do-muino-e-area-grande-acolleron-esta-fin-de-semana-xornadas-de-sensibilizacion-ambiental\\\/#breadcrumb\"},\"inLanguage\":\"gl\",\"potentialAction\":[{\"@type\":\"ReadAction\",\"target\":[\"https:\\\/\\\/www.turismoaguarda.es\\\/gl\\\/as-praias-guardesas-do-muino-e-area-grande-acolleron-esta-fin-de-semana-xornadas-de-sensibilizacion-ambiental\\\/\"]}]},{\"@type\":\"ImageObject\",\"inLanguage\":\"gl\",\"@id\":\"https:\\\/\\\/www.turismoaguarda.es\\\/gl\\\/as-praias-guardesas-do-muino-e-area-grande-acolleron-esta-fin-de-semana-xornadas-de-sensibilizacion-ambiental\\\/#primaryimage\",\"url\":\"https:\\\/\\\/www.turismoaguarda.es\\\/wp-content\\\/uploads\\\/2018\\\/09\\\/NP10093.jpg\",\"contentUrl\":\"https:\\\/\\\/www.turismoaguarda.es\\\/wp-content\\\/uploads\\\/2018\\\/09\\\/NP10093.jpg\",\"width\":800,\"height\":600,\"caption\":\"Durante el pasado fin de semana las playas guardesas de \u201cArea Grande\u201d y \u201cO Mu\u00ed\u00f1o\u201d, ambas con bandera azul, acogieron dos actividades medioambientales destinadas al fomento de buenas pr\u00e1cticas en las playas del municipio.\"},{\"@type\":\"BreadcrumbList\",\"@id\":\"https:\\\/\\\/www.turismoaguarda.es\\\/gl\\\/as-praias-guardesas-do-muino-e-area-grande-acolleron-esta-fin-de-semana-xornadas-de-sensibilizacion-ambiental\\\/#breadcrumb\",\"itemListElement\":[{\"@type\":\"ListItem\",\"position\":1,\"name\":\"Portada\",\"item\":\"https:\\\/\\\/www.turismoaguarda.es\\\/gl\\\/\"},{\"@type\":\"ListItem\",\"position\":2,\"name\":\"As praias guardesas do Mu\u00ed\u00f1o e Area Grande acolleron esta fin de semana xornadas de sensibilizaci\u00f3n ambiental\"}]},{\"@type\":\"WebSite\",\"@id\":\"https:\\\/\\\/www.turismoaguarda.es\\\/#website\",\"url\":\"https:\\\/\\\/www.turismoaguarda.es\\\/\",\"name\":\"Turismo A Guarda\",\"description\":\"Informaci\u00f3n tur\u00edstica de A Guarda y alrededores.\",\"potentialAction\":[{\"@type\":\"SearchAction\",\"target\":{\"@type\":\"EntryPoint\",\"urlTemplate\":\"https:\\\/\\\/www.turismoaguarda.es\\\/?s={search_term_string}\"},\"query-input\":{\"@type\":\"PropertyValueSpecification\",\"valueRequired\":true,\"valueName\":\"search_term_string\"}}],\"inLanguage\":\"gl\"},{\"@type\":\"Person\",\"@id\":\"https:\\\/\\\/www.turismoaguarda.es\\\/#\\\/schema\\\/person\\\/9282bb1649316a88a88b0eca34bd959b\",\"name\":\"Rosalia Verde\",\"image\":{\"@type\":\"ImageObject\",\"inLanguage\":\"gl\",\"@id\":\"https:\\\/\\\/secure.gravatar.com\\\/avatar\\\/40761cb45c6464d3a83ebde1e1f3fa222726fcacc4d5b5048a7920608c99e0e5?s=96&d=mm&r=g\",\"url\":\"https:\\\/\\\/secure.gravatar.com\\\/avatar\\\/40761cb45c6464d3a83ebde1e1f3fa222726fcacc4d5b5048a7920608c99e0e5?s=96&d=mm&r=g\",\"contentUrl\":\"https:\\\/\\\/secure.gravatar.com\\\/avatar\\\/40761cb45c6464d3a83ebde1e1f3fa222726fcacc4d5b5048a7920608c99e0e5?s=96&d=mm&r=g\",\"caption\":\"Rosalia Verde\"},\"url\":\"https:\\\/\\\/www.turismoaguarda.es\\\/gl\\\/author\\\/rosalia\\\/\"}]}<\/script>\n<!-- \/ Yoast SEO plugin. -->","yoast_head_json":{"title":"As praias guardesas do Mu\u00ed\u00f1o e Area Grande acolleron esta fin de semana xornadas de sensibilizaci\u00f3n ambiental | Turismo A Guarda","robots":{"index":"index","follow":"follow","max-snippet":"max-snippet:-1","max-image-preview":"max-image-preview:large","max-video-preview":"max-video-preview:-1"},"canonical":"https:\/\/www.turismoaguarda.es\/gl\/as-praias-guardesas-do-muino-e-area-grande-acolleron-esta-fin-de-semana-xornadas-de-sensibilizacion-ambiental\/","og_locale":"en_US","og_type":"article","og_title":"As praias guardesas do Mu\u00ed\u00f1o e Area Grande acolleron esta fin de semana xornadas de sensibilizaci\u00f3n ambiental | Turismo A Guarda","og_description":"Durante a pasada fin de semana as praias guardesas de Area Grande e O Mu\u00ed\u00f1o, \u00e1mbalas d\u00faas con bandeira azul, acolleron d\u00faas actividades medioambientais destinadas ao fomento de boas pr\u00e1cticas nas praias do municipio. Para este fin, e en coordinaci\u00f3n coa conceller\u00eda de Medio Ambiente do Concello da Guarda, o s\u00e1bado 8 de setembro aLeer m\u00e1is","og_url":"https:\/\/www.turismoaguarda.es\/gl\/as-praias-guardesas-do-muino-e-area-grande-acolleron-esta-fin-de-semana-xornadas-de-sensibilizacion-ambiental\/","og_site_name":"Turismo A Guarda","article_publisher":"https:\/\/es-es.facebook.com\/Turismo-A-Guarda-126223240790625\/","article_published_time":"2018-09-10T11:25:00+00:00","article_modified_time":"2018-09-10T11:33:30+00:00","og_image":[{"width":800,"height":600,"url":"https:\/\/www.turismoaguarda.es\/wp-content\/uploads\/2018\/09\/NP10093.jpg","type":"image\/jpeg"}],"author":"Rosalia Verde","twitter_card":"summary_large_image","twitter_creator":"@TurismoAGuarda","twitter_site":"@TurismoAGuarda","twitter_misc":{"Written by":"Rosalia Verde","Est. reading time":"1 minute"},"schema":{"@context":"https:\/\/schema.org","@graph":[{"@type":"Article","@id":"https:\/\/www.turismoaguarda.es\/gl\/as-praias-guardesas-do-muino-e-area-grande-acolleron-esta-fin-de-semana-xornadas-de-sensibilizacion-ambiental\/#article","isPartOf":{"@id":"https:\/\/www.turismoaguarda.es\/gl\/as-praias-guardesas-do-muino-e-area-grande-acolleron-esta-fin-de-semana-xornadas-de-sensibilizacion-ambiental\/"},"author":{"name":"Rosalia Verde","@id":"https:\/\/www.turismoaguarda.es\/#\/schema\/person\/9282bb1649316a88a88b0eca34bd959b"},"headline":"As praias guardesas do Mu\u00ed\u00f1o e Area Grande acolleron esta fin de semana xornadas de sensibilizaci\u00f3n ambiental","datePublished":"2018-09-10T11:25:00+00:00","dateModified":"2018-09-10T11:33:30+00:00","mainEntityOfPage":{"@id":"https:\/\/www.turismoaguarda.es\/gl\/as-praias-guardesas-do-muino-e-area-grande-acolleron-esta-fin-de-semana-xornadas-de-sensibilizacion-ambiental\/"},"wordCount":293,"commentCount":0,"image":{"@id":"https:\/\/www.turismoaguarda.es\/gl\/as-praias-guardesas-do-muino-e-area-grande-acolleron-esta-fin-de-semana-xornadas-de-sensibilizacion-ambiental\/#primaryimage"},"thumbnailUrl":"https:\/\/www.turismoaguarda.es\/wp-content\/uploads\/2018\/09\/NP10093.jpg","keywords":["A Guarda","medioambiente","reciclaxe","turismo"],"articleSection":["Novas Turismo"],"inLanguage":"gl","potentialAction":[{"@type":"CommentAction","name":"Comment","target":["https:\/\/www.turismoaguarda.es\/gl\/as-praias-guardesas-do-muino-e-area-grande-acolleron-esta-fin-de-semana-xornadas-de-sensibilizacion-ambiental\/#respond"]}]},{"@type":"WebPage","@id":"https:\/\/www.turismoaguarda.es\/gl\/as-praias-guardesas-do-muino-e-area-grande-acolleron-esta-fin-de-semana-xornadas-de-sensibilizacion-ambiental\/","url":"https:\/\/www.turismoaguarda.es\/gl\/as-praias-guardesas-do-muino-e-area-grande-acolleron-esta-fin-de-semana-xornadas-de-sensibilizacion-ambiental\/","name":"As praias guardesas do Mu\u00ed\u00f1o e Area Grande acolleron esta fin de semana xornadas de sensibilizaci\u00f3n ambiental | Turismo A Guarda","isPartOf":{"@id":"https:\/\/www.turismoaguarda.es\/#website"},"primaryImageOfPage":{"@id":"https:\/\/www.turismoaguarda.es\/gl\/as-praias-guardesas-do-muino-e-area-grande-acolleron-esta-fin-de-semana-xornadas-de-sensibilizacion-ambiental\/#primaryimage"},"image":{"@id":"https:\/\/www.turismoaguarda.es\/gl\/as-praias-guardesas-do-muino-e-area-grande-acolleron-esta-fin-de-semana-xornadas-de-sensibilizacion-ambiental\/#primaryimage"},"thumbnailUrl":"https:\/\/www.turismoaguarda.es\/wp-content\/uploads\/2018\/09\/NP10093.jpg","datePublished":"2018-09-10T11:25:00+00:00","dateModified":"2018-09-10T11:33:30+00:00","author":{"@id":"https:\/\/www.turismoaguarda.es\/#\/schema\/person\/9282bb1649316a88a88b0eca34bd959b"},"breadcrumb":{"@id":"https:\/\/www.turismoaguarda.es\/gl\/as-praias-guardesas-do-muino-e-area-grande-acolleron-esta-fin-de-semana-xornadas-de-sensibilizacion-ambiental\/#breadcrumb"},"inLanguage":"gl","potentialAction":[{"@type":"ReadAction","target":["https:\/\/www.turismoaguarda.es\/gl\/as-praias-guardesas-do-muino-e-area-grande-acolleron-esta-fin-de-semana-xornadas-de-sensibilizacion-ambiental\/"]}]},{"@type":"ImageObject","inLanguage":"gl","@id":"https:\/\/www.turismoaguarda.es\/gl\/as-praias-guardesas-do-muino-e-area-grande-acolleron-esta-fin-de-semana-xornadas-de-sensibilizacion-ambiental\/#primaryimage","url":"https:\/\/www.turismoaguarda.es\/wp-content\/uploads\/2018\/09\/NP10093.jpg","contentUrl":"https:\/\/www.turismoaguarda.es\/wp-content\/uploads\/2018\/09\/NP10093.jpg","width":800,"height":600,"caption":"Durante el pasado fin de semana las playas guardesas de \u201cArea Grande\u201d y \u201cO Mu\u00ed\u00f1o\u201d, ambas con bandera azul, acogieron dos actividades medioambientales destinadas al fomento de buenas pr\u00e1cticas en las playas del municipio."},{"@type":"BreadcrumbList","@id":"https:\/\/www.turismoaguarda.es\/gl\/as-praias-guardesas-do-muino-e-area-grande-acolleron-esta-fin-de-semana-xornadas-de-sensibilizacion-ambiental\/#breadcrumb","itemListElement":[{"@type":"ListItem","position":1,"name":"Portada","item":"https:\/\/www.turismoaguarda.es\/gl\/"},{"@type":"ListItem","position":2,"name":"As praias guardesas do Mu\u00ed\u00f1o e Area Grande acolleron esta fin de semana xornadas de sensibilizaci\u00f3n ambiental"}]},{"@type":"WebSite","@id":"https:\/\/www.turismoaguarda.es\/#website","url":"https:\/\/www.turismoaguarda.es\/","name":"Turismo A Guarda","description":"Informaci\u00f3n tur\u00edstica de A Guarda y alrededores.","potentialAction":[{"@type":"SearchAction","target":{"@type":"EntryPoint","urlTemplate":"https:\/\/www.turismoaguarda.es\/?s={search_term_string}"},"query-input":{"@type":"PropertyValueSpecification","valueRequired":true,"valueName":"search_term_string"}}],"inLanguage":"gl"},{"@type":"Person","@id":"https:\/\/www.turismoaguarda.es\/#\/schema\/person\/9282bb1649316a88a88b0eca34bd959b","name":"Rosalia Verde","image":{"@type":"ImageObject","inLanguage":"gl","@id":"https:\/\/secure.gravatar.com\/avatar\/40761cb45c6464d3a83ebde1e1f3fa222726fcacc4d5b5048a7920608c99e0e5?s=96&d=mm&r=g","url":"https:\/\/secure.gravatar.com\/avatar\/40761cb45c6464d3a83ebde1e1f3fa222726fcacc4d5b5048a7920608c99e0e5?s=96&d=mm&r=g","contentUrl":"https:\/\/secure.gravatar.com\/avatar\/40761cb45c6464d3a83ebde1e1f3fa222726fcacc4d5b5048a7920608c99e0e5?s=96&d=mm&r=g","caption":"Rosalia Verde"},"url":"https:\/\/www.turismoaguarda.es\/gl\/author\/rosalia\/"}]}},"_links":{"self":[{"href":"https:\/\/www.turismoaguarda.es\/gl\/wp-json\/wp\/v2\/posts\/7778","targetHints":{"allow":["GET"]}}],"collection":[{"href":"https:\/\/www.turismoaguarda.es\/gl\/wp-json\/wp\/v2\/posts"}],"about":[{"href":"https:\/\/www.turismoaguarda.es\/gl\/wp-json\/wp\/v2\/types\/post"}],"author":[{"embeddable":true,"href":"https:\/\/www.turismoaguarda.es\/gl\/wp-json\/wp\/v2\/users\/7"}],"replies":[{"embeddable":true,"href":"https:\/\/www.turismoaguarda.es\/gl\/wp-json\/wp\/v2\/comments?post=7778"}],"version-history":[{"count":1,"href":"https:\/\/www.turismoaguarda.es\/gl\/wp-json\/wp\/v2\/posts\/7778\/revisions"}],"predecessor-version":[{"id":7799,"href":"https:\/\/www.turismoaguarda.es\/gl\/wp-json\/wp\/v2\/posts\/7778\/revisions\/7799"}],"wp:featuredmedia":[{"embeddable":true,"href":"https:\/\/www.turismoaguarda.es\/gl\/wp-json\/wp\/v2\/media\/7765"}],"wp:attachment":[{"href":"https:\/\/www.turismoaguarda.es\/gl\/wp-json\/wp\/v2\/media?parent=7778"}],"wp:term":[{"taxonomy":"category","embeddable":true,"href":"https:\/\/www.turismoaguarda.es\/gl\/wp-json\/wp\/v2\/categories?post=7778"},{"taxonomy":"post_tag","embeddable":true,"href":"https:\/\/www.turismoaguarda.es\/gl\/wp-json\/wp\/v2\/tags?post=7778"}],"curies":[{"name":"wp","href":"https:\/\/api.w.org\/{rel}","templated":true}]}}