{"id":6854,"date":"2018-04-11T12:48:24","date_gmt":"2018-04-11T12:48:24","guid":{"rendered":"http:\/\/www.turismoaguarda.es\/?p=6854"},"modified":"2018-04-12T10:27:48","modified_gmt":"2018-04-12T10:27:48","slug":"xornadas-didacticas-lamprea-mino","status":"publish","type":"post","link":"https:\/\/www.turismoaguarda.es\/gl\/xornadas-didacticas-lamprea-mino\/","title":{"rendered":"Os escolares participan nas xornadas did\u00e1cticas da campa\u00f1a \u00abLamprea do Mi\u00f1o\u00bb"},"content":{"rendered":"<h4 style=\"text-align: justify\">A fin de semana de exaltaci\u00f3n da lamprea comezar\u00e1 este s\u00e1bado en once restaurante da vila, onde os comensais poder\u00e1n degustar este peixe \u00e1 bordelesa por 18\u20ac a raci\u00f3n.<\/h4>\n<p style=\"text-align: justify\">As cativas e cativos de 6\u00ba de primaria dos centros de ensino guardeses participaron esta semana nas xornadas did\u00e1cticas \u00abCo\u00f1ecedes a lamprea?\u00bb, no marco da<a href=\"http:\/\/www.turismoaguarda.es\/a-guarda-fin-de-semana-exaltacion-da-lamprea-do-mino\/\"> campa\u00f1a gastron\u00f3mica \u00abLamprea do Mi\u00f1o\u00bb<\/a> organizada polo Concello da Guarda.<\/p>\n<p style=\"text-align: justify\">Un total de 88 escolares dos centros de ensino San Jos\u00e9-Hnas. Carmelitas, Padres Somascos, A Sangri\u00f1a e Manuel Rodr\u00edguez Sinde acudiron por quendas durante o luns e o martes \u00e1 actividade, que se celebrou na Casa dos Alonso. Al\u00ed, as cativas e cativos <strong>puideron<\/strong> <strong>experimentar cos aparellos, redes e traxes de pesca utilizados polos lampreeiros <\/strong>do Mi\u00f1o, e mesmo analizar de preto unha lamprea ao vivo.<\/p>\n<p style=\"text-align: justify\">A t\u00e9cnica de Turismo do Concello da Guarda, Rosal\u00eda Verde, foi a encargada de introducir ao alumnado nas caracter\u00edsticas deste peixe e as t\u00e9cnicas de pesca utilizadas no noso r\u00edo. Deseguido, puideron ampliar os seus co\u00f1ecementos coa visualizaci\u00f3n dun documental, no que un investigador amosou m\u00e1is polo mi\u00fado as caracter\u00edsticas da lamprea como especie migratoria; e un pescador local amosou dende a s\u00faa propia embarcaci\u00f3n o proceso de captura.<\/p>\n<h4>Testemu\u00f1os do r\u00edo Mi\u00f1o<\/h4>\n<p style=\"text-align: justify\">Os mozos lampreeiros <strong>Hector Morais e Ismael Sousa abraiaron aos cativos e cativas<\/strong> coa s\u00faa intervenci\u00f3n. Cunha ampla experiencia na materia (pois, segundo contaron, introduc\u00edronse na profesi\u00f3n da man de seus pais), os pescadores comezaron explicando os tr\u00e1mites necesarios antes do comezo da tempada de peca (tales como a consecuci\u00f3n do permiso) e <strong>profundaron na riqueza do noso r\u00edo, as\u00ed como no seu d\u00eda a d\u00eda na pesca<\/strong>.<\/p>\n<p style=\"text-align: justify\">Nesta li\u00f1a, o alumnado agradeceu especialmente co\u00f1ecer os elementos de seguridade propios das embarcaci\u00f3ns, tales como as bengalas e os salvavidas, ademais do obrigado chaleco. Os rapaces e rapazas amos\u00e1ronse moi atentos e curiosos \u00e1s explicaci\u00f3ns, e mesmo se atreveron a formulas as s\u00faas ideas e d\u00fabidas. Ao remate das xornadas, o alumnado comprometeuse a realizar uns debuxos centrados na lamprea do Mi\u00f1o, que ser\u00e1n expostos nos establecementos adheridos \u00e1 campa\u00f1a durante a fin de semana.<\/p>\n<h4 style=\"text-align: justify\">Fin de semana gastron\u00f3mica<\/h4>\n<p style=\"text-align: justify\">A campa\u00f1a gastron\u00f3mica \u00abLamprea do Mi\u00f1o\u00bb celebrarase os d\u00edas 14 e 15 de abril nun total de 11 bares e restaurantes da vila, co obxectivo de potenciar A Guarda como destino gastron\u00f3mico da lamprea. As veci\u00f1as, veci\u00f1os e visitantes poder\u00e1n <strong>degustar este peixe na s\u00faa preparaci\u00f3n m\u00e1is tradicional: \u00e1 bordalesa<\/strong>, a un prezo \u00fanico de 18\u20ac por raci\u00f3n. A lamprea enteira ter\u00e1 un prezo de 50\u20ac.<\/p>\n<p style=\"text-align: justify\">Os establecementos adheridos \u00e1 campa\u00f1a son: Area Grande, Arruaz, Br\u00e9tema, Camping Santa Tecla, Bar Casa Aquilino, La P\u00eczzicata, Marbella, Marus\u00eda, O Cangrexal, Os Remos e O Roxo. Dada a larga elaboraci\u00f3n que precisa este manxar, <strong>acons\u00e9llase reservar o prato previamente<\/strong> nos restaurantes.<br \/>\n<img loading=\"lazy\" decoding=\"async\" class=\"aligncenter wp-image-12876 size-full\" src=\"http:\/\/www.aguarda.es\/wp-content\/uploads\/2018\/04\/Lamprea-do-Mi\u00f1o-valla.png?_t=1523528762\" alt=\"Fin de semana gastron\u00f3mica Lamprea do Mi\u00f1o\" width=\"1236\" height=\"459\" \/><\/p>\n","protected":false},"excerpt":{"rendered":"<p>A fin de semana de exaltaci\u00f3n da lamprea comezar\u00e1 este s\u00e1bado en once restaurante da vila, onde os comensais poder\u00e1n degustar este peixe \u00e1 bordelesa por 18\u20ac a raci\u00f3n. As cativas e cativos de 6\u00ba de primaria dos centros de ensino guardeses participaron esta semana nas xornadas did\u00e1cticas \u00abCo\u00f1ecedes a lamprea?\u00bb, no marco da campa\u00f1a<\/p>\n<div class=\"padding-top text-center\"><a href=\"https:\/\/www.turismoaguarda.es\/gl\/xornadas-didacticas-lamprea-mino\/\" class=\"atbtn atbtn--medium atbtn--rounded atbtn--transparent\">Leer m\u00e1is<i class=\"atbtn__icon atbtn__icon--right fa fa-long-arrow-right\"><\/i><\/a><\/div>\n","protected":false},"author":11,"featured_media":6855,"comment_status":"open","ping_status":"open","sticky":false,"template":"","format":"standard","meta":{"footnotes":""},"categories":[94],"tags":[1349,579,1347,1348],"class_list":["post-6854","post","type-post","status-publish","format-standard","has-post-thumbnail","hentry","category-novas-turismo","tag-conecedes-a-lamprea","tag-gastronomia-gl","tag-lampre-do-mino","tag-xornadas-didacticas"],"yoast_head":"<!-- This site is optimized with the Yoast SEO plugin v27.5 - https:\/\/yoast.com\/product\/yoast-seo-wordpress\/ -->\n<title>Escolares participan nas xornadas did\u00e1cticas de exaltaci\u00f3n da lamprea<\/title>\n<meta name=\"description\" content=\"O alumnado dos centros de ensino guardeses asistiron \u00e1s xornadas did\u00e1cticas da campa\u00f1a gastron\u00f3mica de exaltaci\u00f3n da lamprea do Mi\u00f1o, que se celebrar\u00e1 en A Guarda os d\u00edas 14 e 15 de abril.\" \/>\n<meta name=\"robots\" content=\"index, follow, max-snippet:-1, max-image-preview:large, max-video-preview:-1\" \/>\n<link rel=\"canonical\" href=\"https:\/\/www.turismoaguarda.es\/gl\/xornadas-didacticas-lamprea-mino\/\" \/>\n<meta property=\"og:locale\" content=\"en_US\" \/>\n<meta property=\"og:type\" content=\"article\" \/>\n<meta property=\"og:title\" content=\"Escolares participan nas xornadas did\u00e1cticas de exaltaci\u00f3n da lamprea\" \/>\n<meta property=\"og:description\" content=\"O alumnado dos centros de ensino guardeses asistiron \u00e1s xornadas did\u00e1cticas da campa\u00f1a gastron\u00f3mica de exaltaci\u00f3n da lamprea do Mi\u00f1o, que se celebrar\u00e1 en A Guarda os d\u00edas 14 e 15 de abril.\" \/>\n<meta property=\"og:url\" content=\"https:\/\/www.turismoaguarda.es\/gl\/xornadas-didacticas-lamprea-mino\/\" \/>\n<meta property=\"og:site_name\" content=\"Turismo A Guarda\" \/>\n<meta property=\"article:publisher\" content=\"https:\/\/es-es.facebook.com\/Turismo-A-Guarda-126223240790625\/\" \/>\n<meta property=\"article:published_time\" content=\"2018-04-11T12:48:24+00:00\" \/>\n<meta property=\"article:modified_time\" content=\"2018-04-12T10:27:48+00:00\" \/>\n<meta property=\"og:image\" content=\"https:\/\/www.turismoaguarda.es\/wp-content\/uploads\/2018\/04\/EVENTO-Co\u00f1ecedes-a-lamprea_opt.png\" \/>\n\t<meta property=\"og:image:width\" content=\"600\" \/>\n\t<meta property=\"og:image:height\" content=\"333\" \/>\n\t<meta property=\"og:image:type\" content=\"image\/png\" \/>\n<meta name=\"author\" content=\"Prensa A Guarda\" \/>\n<meta name=\"twitter:card\" content=\"summary_large_image\" \/>\n<meta name=\"twitter:creator\" content=\"@TurismoAGuarda\" \/>\n<meta name=\"twitter:site\" content=\"@TurismoAGuarda\" \/>\n<meta name=\"twitter:label1\" content=\"Written by\" \/>\n\t<meta name=\"twitter:data1\" content=\"Prensa A Guarda\" \/>\n\t<meta name=\"twitter:label2\" content=\"Est. reading time\" \/>\n\t<meta name=\"twitter:data2\" content=\"3 minutes\" \/>\n<script type=\"application\/ld+json\" class=\"yoast-schema-graph\">{\"@context\":\"https:\\\/\\\/schema.org\",\"@graph\":[{\"@type\":\"Article\",\"@id\":\"https:\\\/\\\/www.turismoaguarda.es\\\/gl\\\/xornadas-didacticas-lamprea-mino\\\/#article\",\"isPartOf\":{\"@id\":\"https:\\\/\\\/www.turismoaguarda.es\\\/gl\\\/xornadas-didacticas-lamprea-mino\\\/\"},\"author\":{\"name\":\"Prensa A Guarda\",\"@id\":\"https:\\\/\\\/www.turismoaguarda.es\\\/#\\\/schema\\\/person\\\/a8b0c27ad7bcbb6c19799e934727508e\"},\"headline\":\"Os escolares participan nas xornadas did\u00e1cticas da campa\u00f1a \u00abLamprea do Mi\u00f1o\u00bb\",\"datePublished\":\"2018-04-11T12:48:24+00:00\",\"dateModified\":\"2018-04-12T10:27:48+00:00\",\"mainEntityOfPage\":{\"@id\":\"https:\\\/\\\/www.turismoaguarda.es\\\/gl\\\/xornadas-didacticas-lamprea-mino\\\/\"},\"wordCount\":526,\"commentCount\":0,\"image\":{\"@id\":\"https:\\\/\\\/www.turismoaguarda.es\\\/gl\\\/xornadas-didacticas-lamprea-mino\\\/#primaryimage\"},\"thumbnailUrl\":\"https:\\\/\\\/www.turismoaguarda.es\\\/wp-content\\\/uploads\\\/2018\\\/04\\\/EVENTO-Co\u00f1ecedes-a-lamprea_opt.png\",\"keywords\":[\"Co\u00f1ecedes a lamprea?\",\"gastronom\u00eda.\",\"Lampre do Mi\u00f1o\",\"Xornadas did\u00e1cticas\"],\"articleSection\":[\"Novas Turismo\"],\"inLanguage\":\"gl\",\"potentialAction\":[{\"@type\":\"CommentAction\",\"name\":\"Comment\",\"target\":[\"https:\\\/\\\/www.turismoaguarda.es\\\/gl\\\/xornadas-didacticas-lamprea-mino\\\/#respond\"]}]},{\"@type\":\"WebPage\",\"@id\":\"https:\\\/\\\/www.turismoaguarda.es\\\/gl\\\/xornadas-didacticas-lamprea-mino\\\/\",\"url\":\"https:\\\/\\\/www.turismoaguarda.es\\\/gl\\\/xornadas-didacticas-lamprea-mino\\\/\",\"name\":\"Escolares participan nas xornadas did\u00e1cticas de exaltaci\u00f3n da lamprea\",\"isPartOf\":{\"@id\":\"https:\\\/\\\/www.turismoaguarda.es\\\/#website\"},\"primaryImageOfPage\":{\"@id\":\"https:\\\/\\\/www.turismoaguarda.es\\\/gl\\\/xornadas-didacticas-lamprea-mino\\\/#primaryimage\"},\"image\":{\"@id\":\"https:\\\/\\\/www.turismoaguarda.es\\\/gl\\\/xornadas-didacticas-lamprea-mino\\\/#primaryimage\"},\"thumbnailUrl\":\"https:\\\/\\\/www.turismoaguarda.es\\\/wp-content\\\/uploads\\\/2018\\\/04\\\/EVENTO-Co\u00f1ecedes-a-lamprea_opt.png\",\"datePublished\":\"2018-04-11T12:48:24+00:00\",\"dateModified\":\"2018-04-12T10:27:48+00:00\",\"author\":{\"@id\":\"https:\\\/\\\/www.turismoaguarda.es\\\/#\\\/schema\\\/person\\\/a8b0c27ad7bcbb6c19799e934727508e\"},\"description\":\"O alumnado dos centros de ensino guardeses asistiron \u00e1s xornadas did\u00e1cticas da campa\u00f1a gastron\u00f3mica de exaltaci\u00f3n da lamprea do Mi\u00f1o, que se celebrar\u00e1 en A Guarda os d\u00edas 14 e 15 de abril.\",\"breadcrumb\":{\"@id\":\"https:\\\/\\\/www.turismoaguarda.es\\\/gl\\\/xornadas-didacticas-lamprea-mino\\\/#breadcrumb\"},\"inLanguage\":\"gl\",\"potentialAction\":[{\"@type\":\"ReadAction\",\"target\":[\"https:\\\/\\\/www.turismoaguarda.es\\\/gl\\\/xornadas-didacticas-lamprea-mino\\\/\"]}]},{\"@type\":\"ImageObject\",\"inLanguage\":\"gl\",\"@id\":\"https:\\\/\\\/www.turismoaguarda.es\\\/gl\\\/xornadas-didacticas-lamprea-mino\\\/#primaryimage\",\"url\":\"https:\\\/\\\/www.turismoaguarda.es\\\/wp-content\\\/uploads\\\/2018\\\/04\\\/EVENTO-Co\u00f1ecedes-a-lamprea_opt.png\",\"contentUrl\":\"https:\\\/\\\/www.turismoaguarda.es\\\/wp-content\\\/uploads\\\/2018\\\/04\\\/EVENTO-Co\u00f1ecedes-a-lamprea_opt.png\",\"width\":600,\"height\":333,\"caption\":\"Xroandas did\u00e1cticas da \\\"Lamprea do Mi\u00f1o\\\"\"},{\"@type\":\"BreadcrumbList\",\"@id\":\"https:\\\/\\\/www.turismoaguarda.es\\\/gl\\\/xornadas-didacticas-lamprea-mino\\\/#breadcrumb\",\"itemListElement\":[{\"@type\":\"ListItem\",\"position\":1,\"name\":\"Portada\",\"item\":\"https:\\\/\\\/www.turismoaguarda.es\\\/gl\\\/\"},{\"@type\":\"ListItem\",\"position\":2,\"name\":\"Os escolares participan nas xornadas did\u00e1cticas da campa\u00f1a \u00abLamprea do Mi\u00f1o\u00bb\"}]},{\"@type\":\"WebSite\",\"@id\":\"https:\\\/\\\/www.turismoaguarda.es\\\/#website\",\"url\":\"https:\\\/\\\/www.turismoaguarda.es\\\/\",\"name\":\"Turismo A Guarda\",\"description\":\"Informaci\u00f3n tur\u00edstica de A Guarda y alrededores.\",\"potentialAction\":[{\"@type\":\"SearchAction\",\"target\":{\"@type\":\"EntryPoint\",\"urlTemplate\":\"https:\\\/\\\/www.turismoaguarda.es\\\/?s={search_term_string}\"},\"query-input\":{\"@type\":\"PropertyValueSpecification\",\"valueRequired\":true,\"valueName\":\"search_term_string\"}}],\"inLanguage\":\"gl\"},{\"@type\":\"Person\",\"@id\":\"https:\\\/\\\/www.turismoaguarda.es\\\/#\\\/schema\\\/person\\\/a8b0c27ad7bcbb6c19799e934727508e\",\"name\":\"Prensa A Guarda\",\"image\":{\"@type\":\"ImageObject\",\"inLanguage\":\"gl\",\"@id\":\"https:\\\/\\\/secure.gravatar.com\\\/avatar\\\/387e117f874ba5d0a3439060b45d914395d77287b2e4890a49d1599fc3ef9189?s=96&d=mm&r=g\",\"url\":\"https:\\\/\\\/secure.gravatar.com\\\/avatar\\\/387e117f874ba5d0a3439060b45d914395d77287b2e4890a49d1599fc3ef9189?s=96&d=mm&r=g\",\"contentUrl\":\"https:\\\/\\\/secure.gravatar.com\\\/avatar\\\/387e117f874ba5d0a3439060b45d914395d77287b2e4890a49d1599fc3ef9189?s=96&d=mm&r=g\",\"caption\":\"Prensa A Guarda\"},\"url\":\"https:\\\/\\\/www.turismoaguarda.es\\\/gl\\\/author\\\/prensa\\\/\"}]}<\/script>\n<!-- \/ Yoast SEO plugin. -->","yoast_head_json":{"title":"Escolares participan nas xornadas did\u00e1cticas de exaltaci\u00f3n da lamprea","description":"O alumnado dos centros de ensino guardeses asistiron \u00e1s xornadas did\u00e1cticas da campa\u00f1a gastron\u00f3mica de exaltaci\u00f3n da lamprea do Mi\u00f1o, que se celebrar\u00e1 en A Guarda os d\u00edas 14 e 15 de abril.","robots":{"index":"index","follow":"follow","max-snippet":"max-snippet:-1","max-image-preview":"max-image-preview:large","max-video-preview":"max-video-preview:-1"},"canonical":"https:\/\/www.turismoaguarda.es\/gl\/xornadas-didacticas-lamprea-mino\/","og_locale":"en_US","og_type":"article","og_title":"Escolares participan nas xornadas did\u00e1cticas de exaltaci\u00f3n da lamprea","og_description":"O alumnado dos centros de ensino guardeses asistiron \u00e1s xornadas did\u00e1cticas da campa\u00f1a gastron\u00f3mica de exaltaci\u00f3n da lamprea do Mi\u00f1o, que se celebrar\u00e1 en A Guarda os d\u00edas 14 e 15 de abril.","og_url":"https:\/\/www.turismoaguarda.es\/gl\/xornadas-didacticas-lamprea-mino\/","og_site_name":"Turismo A Guarda","article_publisher":"https:\/\/es-es.facebook.com\/Turismo-A-Guarda-126223240790625\/","article_published_time":"2018-04-11T12:48:24+00:00","article_modified_time":"2018-04-12T10:27:48+00:00","og_image":[{"width":600,"height":333,"url":"https:\/\/www.turismoaguarda.es\/wp-content\/uploads\/2018\/04\/EVENTO-Co\u00f1ecedes-a-lamprea_opt.png","type":"image\/png"}],"author":"Prensa A Guarda","twitter_card":"summary_large_image","twitter_creator":"@TurismoAGuarda","twitter_site":"@TurismoAGuarda","twitter_misc":{"Written by":"Prensa A Guarda","Est. reading time":"3 minutes"},"schema":{"@context":"https:\/\/schema.org","@graph":[{"@type":"Article","@id":"https:\/\/www.turismoaguarda.es\/gl\/xornadas-didacticas-lamprea-mino\/#article","isPartOf":{"@id":"https:\/\/www.turismoaguarda.es\/gl\/xornadas-didacticas-lamprea-mino\/"},"author":{"name":"Prensa A Guarda","@id":"https:\/\/www.turismoaguarda.es\/#\/schema\/person\/a8b0c27ad7bcbb6c19799e934727508e"},"headline":"Os escolares participan nas xornadas did\u00e1cticas da campa\u00f1a \u00abLamprea do Mi\u00f1o\u00bb","datePublished":"2018-04-11T12:48:24+00:00","dateModified":"2018-04-12T10:27:48+00:00","mainEntityOfPage":{"@id":"https:\/\/www.turismoaguarda.es\/gl\/xornadas-didacticas-lamprea-mino\/"},"wordCount":526,"commentCount":0,"image":{"@id":"https:\/\/www.turismoaguarda.es\/gl\/xornadas-didacticas-lamprea-mino\/#primaryimage"},"thumbnailUrl":"https:\/\/www.turismoaguarda.es\/wp-content\/uploads\/2018\/04\/EVENTO-Co\u00f1ecedes-a-lamprea_opt.png","keywords":["Co\u00f1ecedes a lamprea?","gastronom\u00eda.","Lampre do Mi\u00f1o","Xornadas did\u00e1cticas"],"articleSection":["Novas Turismo"],"inLanguage":"gl","potentialAction":[{"@type":"CommentAction","name":"Comment","target":["https:\/\/www.turismoaguarda.es\/gl\/xornadas-didacticas-lamprea-mino\/#respond"]}]},{"@type":"WebPage","@id":"https:\/\/www.turismoaguarda.es\/gl\/xornadas-didacticas-lamprea-mino\/","url":"https:\/\/www.turismoaguarda.es\/gl\/xornadas-didacticas-lamprea-mino\/","name":"Escolares participan nas xornadas did\u00e1cticas de exaltaci\u00f3n da lamprea","isPartOf":{"@id":"https:\/\/www.turismoaguarda.es\/#website"},"primaryImageOfPage":{"@id":"https:\/\/www.turismoaguarda.es\/gl\/xornadas-didacticas-lamprea-mino\/#primaryimage"},"image":{"@id":"https:\/\/www.turismoaguarda.es\/gl\/xornadas-didacticas-lamprea-mino\/#primaryimage"},"thumbnailUrl":"https:\/\/www.turismoaguarda.es\/wp-content\/uploads\/2018\/04\/EVENTO-Co\u00f1ecedes-a-lamprea_opt.png","datePublished":"2018-04-11T12:48:24+00:00","dateModified":"2018-04-12T10:27:48+00:00","author":{"@id":"https:\/\/www.turismoaguarda.es\/#\/schema\/person\/a8b0c27ad7bcbb6c19799e934727508e"},"description":"O alumnado dos centros de ensino guardeses asistiron \u00e1s xornadas did\u00e1cticas da campa\u00f1a gastron\u00f3mica de exaltaci\u00f3n da lamprea do Mi\u00f1o, que se celebrar\u00e1 en A Guarda os d\u00edas 14 e 15 de abril.","breadcrumb":{"@id":"https:\/\/www.turismoaguarda.es\/gl\/xornadas-didacticas-lamprea-mino\/#breadcrumb"},"inLanguage":"gl","potentialAction":[{"@type":"ReadAction","target":["https:\/\/www.turismoaguarda.es\/gl\/xornadas-didacticas-lamprea-mino\/"]}]},{"@type":"ImageObject","inLanguage":"gl","@id":"https:\/\/www.turismoaguarda.es\/gl\/xornadas-didacticas-lamprea-mino\/#primaryimage","url":"https:\/\/www.turismoaguarda.es\/wp-content\/uploads\/2018\/04\/EVENTO-Co\u00f1ecedes-a-lamprea_opt.png","contentUrl":"https:\/\/www.turismoaguarda.es\/wp-content\/uploads\/2018\/04\/EVENTO-Co\u00f1ecedes-a-lamprea_opt.png","width":600,"height":333,"caption":"Xroandas did\u00e1cticas da \"Lamprea do Mi\u00f1o\""},{"@type":"BreadcrumbList","@id":"https:\/\/www.turismoaguarda.es\/gl\/xornadas-didacticas-lamprea-mino\/#breadcrumb","itemListElement":[{"@type":"ListItem","position":1,"name":"Portada","item":"https:\/\/www.turismoaguarda.es\/gl\/"},{"@type":"ListItem","position":2,"name":"Os escolares participan nas xornadas did\u00e1cticas da campa\u00f1a \u00abLamprea do Mi\u00f1o\u00bb"}]},{"@type":"WebSite","@id":"https:\/\/www.turismoaguarda.es\/#website","url":"https:\/\/www.turismoaguarda.es\/","name":"Turismo A Guarda","description":"Informaci\u00f3n tur\u00edstica de A Guarda y alrededores.","potentialAction":[{"@type":"SearchAction","target":{"@type":"EntryPoint","urlTemplate":"https:\/\/www.turismoaguarda.es\/?s={search_term_string}"},"query-input":{"@type":"PropertyValueSpecification","valueRequired":true,"valueName":"search_term_string"}}],"inLanguage":"gl"},{"@type":"Person","@id":"https:\/\/www.turismoaguarda.es\/#\/schema\/person\/a8b0c27ad7bcbb6c19799e934727508e","name":"Prensa A Guarda","image":{"@type":"ImageObject","inLanguage":"gl","@id":"https:\/\/secure.gravatar.com\/avatar\/387e117f874ba5d0a3439060b45d914395d77287b2e4890a49d1599fc3ef9189?s=96&d=mm&r=g","url":"https:\/\/secure.gravatar.com\/avatar\/387e117f874ba5d0a3439060b45d914395d77287b2e4890a49d1599fc3ef9189?s=96&d=mm&r=g","contentUrl":"https:\/\/secure.gravatar.com\/avatar\/387e117f874ba5d0a3439060b45d914395d77287b2e4890a49d1599fc3ef9189?s=96&d=mm&r=g","caption":"Prensa A Guarda"},"url":"https:\/\/www.turismoaguarda.es\/gl\/author\/prensa\/"}]}},"_links":{"self":[{"href":"https:\/\/www.turismoaguarda.es\/gl\/wp-json\/wp\/v2\/posts\/6854","targetHints":{"allow":["GET"]}}],"collection":[{"href":"https:\/\/www.turismoaguarda.es\/gl\/wp-json\/wp\/v2\/posts"}],"about":[{"href":"https:\/\/www.turismoaguarda.es\/gl\/wp-json\/wp\/v2\/types\/post"}],"author":[{"embeddable":true,"href":"https:\/\/www.turismoaguarda.es\/gl\/wp-json\/wp\/v2\/users\/11"}],"replies":[{"embeddable":true,"href":"https:\/\/www.turismoaguarda.es\/gl\/wp-json\/wp\/v2\/comments?post=6854"}],"version-history":[{"count":6,"href":"https:\/\/www.turismoaguarda.es\/gl\/wp-json\/wp\/v2\/posts\/6854\/revisions"}],"predecessor-version":[{"id":6866,"href":"https:\/\/www.turismoaguarda.es\/gl\/wp-json\/wp\/v2\/posts\/6854\/revisions\/6866"}],"wp:featuredmedia":[{"embeddable":true,"href":"https:\/\/www.turismoaguarda.es\/gl\/wp-json\/wp\/v2\/media\/6855"}],"wp:attachment":[{"href":"https:\/\/www.turismoaguarda.es\/gl\/wp-json\/wp\/v2\/media?parent=6854"}],"wp:term":[{"taxonomy":"category","embeddable":true,"href":"https:\/\/www.turismoaguarda.es\/gl\/wp-json\/wp\/v2\/categories?post=6854"},{"taxonomy":"post_tag","embeddable":true,"href":"https:\/\/www.turismoaguarda.es\/gl\/wp-json\/wp\/v2\/tags?post=6854"}],"curies":[{"name":"wp","href":"https:\/\/api.w.org\/{rel}","templated":true}]}}