{"id":6832,"date":"2018-04-05T10:19:23","date_gmt":"2018-04-05T10:19:23","guid":{"rendered":"http:\/\/www.turismoaguarda.es\/?p=6832"},"modified":"2018-04-05T10:19:23","modified_gmt":"2018-04-05T10:19:23","slug":"a-guarda-fin-de-semana-exaltacion-da-lamprea-do-mino","status":"publish","type":"post","link":"https:\/\/www.turismoaguarda.es\/gl\/a-guarda-fin-de-semana-exaltacion-da-lamprea-do-mino\/","title":{"rendered":"A Guarda dedica unha fin de semana gastron\u00f3mica \u00e1 exaltaci\u00f3n da lamprea do Mi\u00f1o"},"content":{"rendered":"<p style=\"text-align: justify\"><em>Os d\u00edas 14 e 15 de abril, m\u00e1is dunha decena de restaurantes preparar\u00e1n este peixe \u00e1 bordalesa para a s\u00faa degustaci\u00f3n.\u00a0<\/em><\/p>\n<p style=\"text-align: justify\">O Concello da Guarda, en colaboraci\u00f3n con viveiristas e establecementos hostaleiros da vila, organiza a fin de semana gastron\u00f3mica \u00abLamprea do Mi\u00f1o\u00bb, que se celebrar\u00e1 os d\u00edas 14 e 15 de abril en 11 bares e restaurantes co obxectivo de potenciar A Guarda como destino gastron\u00f3mico da lamprea.<\/p>\n<p style=\"text-align: justify\">Durante estas xornadas, as veci\u00f1as e veci\u00f1os da nosa vila e a s\u00faa contorna poder\u00e1n degustar<strong> a lamprea na s\u00faa preparaci\u00f3n m\u00e1is tradicional, \u00e1 bordalesa<\/strong>, a un prezo \u00fanico por raci\u00f3n de 18\u20ac. A lamprea enteira ter\u00e1 un prezo de 50\u20ac. Os establecementos adheridos a esta campa\u00f1a son os restaurantes Area Grande, Arruaz, Br\u00e9tema, Camping Santa Tecla, Bar Casa Aquilino, La P\u00eczzicata, Marbella, Marus\u00eda, O Cangrexal, Os Remos e O Roxo. Dada a larga elaboraci\u00f3n que precisa este manxar, <strong>acons\u00e9llase reservar o prato previamente<\/strong> nos restaurantes.<\/p>\n<h5>Exaltaci\u00f3n da lamprea<\/h5>\n<p style=\"text-align: justify\">Tras catro anos consecutivos celebrando a \u00abRuta do pincho da lamprea do Mi\u00f1o\u00bb, organizada por viveiristas, pescadores, bares e restaurantes locais en colaboraci\u00f3n co Concello, esta nova iniciativa gastron\u00f3mica nace da vontade conxunta de impulsar a gastronom\u00eda local e a s\u00faa riqueza, centrando os esforzos na <strong>exaltaci\u00f3n dun dos manxares m\u00e1is desco\u00f1ecidos do noso r\u00edo<\/strong> e indo m\u00e1is al\u00f3 dos pequenos petiscos. As\u00ed, nesta ocasi\u00f3n conv\u00eddase \u00e1 familias e grupos de amigos a visitar o noso pobo e degustar unha preparaci\u00f3n da lamprea \u00f3ptima para o xantar ou a cea da fin de semana.<\/p>\n<p style=\"text-align: justify\">Dentro desta mesma campa\u00f1a, o alumnado de 6\u00ba de primaria dos centros de ensino da Guarda participar\u00e1n na <strong>xornada did\u00e1ctica \u00abCo\u00f1ecedes a lamprea?\u00bb<\/strong>, unha iniciativa que xa se realizou o pasado ano como complemento \u00e1 \u00abRuta do pincho\u00bb. Dada a boa acollida da proposta, os cativos e cativas repetir\u00e1n a experiencia, na que poder\u00e1n achegarse \u00e1s t\u00e9cnicas de pesca da lamprea no r\u00edo Mi\u00f1o, agora en temporada.<\/p>\n<p style=\"text-align: justify\">Esta xornada componse de d\u00faas partes: unha primeira actividade did\u00e1ctica que se realizar\u00e1 na Casa dos Alonso, onde as nenas e nenos poder\u00e1n co\u00f1ecer m\u00e1is polo mi\u00fado a lamprea a partir dunha reportaxe audiovisual sobre a pesca desta na desembocadura do Mi\u00f1o. Contar\u00e1n, ademais, co testemu\u00f1o de pescadores, que explicar\u00e1n a s\u00faa profesi\u00f3n aos cativos e cativas mediante os aparellos de pesca que empregan e an\u00e9cdotas do oficio.<\/p>\n<p style=\"text-align: justify\">Deseguido, o alumnado poder\u00e1 elaborar na aula uns <strong>debuxos coa tem\u00e1tica \u00abDesembocadura do Mi\u00f1o e a lamprea\u00bb<\/strong>. Os traballos exporanse nos restaurantes e cafetar\u00edas adheridas \u00e1 campa\u00f1a durante a fin de semana gastron\u00f3mica.<\/p>\n","protected":false},"excerpt":{"rendered":"<p>Os d\u00edas 14 e 15 de abril, m\u00e1is dunha decena de restaurantes preparar\u00e1n este peixe \u00e1 bordalesa para a s\u00faa degustaci\u00f3n.\u00a0 O Concello da Guarda, en colaboraci\u00f3n con viveiristas e establecementos hostaleiros da vila, organiza a fin de semana gastron\u00f3mica \u00abLamprea do Mi\u00f1o\u00bb, que se celebrar\u00e1 os d\u00edas 14 e 15 de abril en 11<\/p>\n<div class=\"padding-top text-center\"><a href=\"https:\/\/www.turismoaguarda.es\/gl\/a-guarda-fin-de-semana-exaltacion-da-lamprea-do-mino\/\" class=\"atbtn atbtn--medium atbtn--rounded atbtn--transparent\">Leer m\u00e1is<i class=\"atbtn__icon atbtn__icon--right fa fa-long-arrow-right\"><\/i><\/a><\/div>\n","protected":false},"author":11,"featured_media":6836,"comment_status":"open","ping_status":"open","sticky":false,"template":"","format":"standard","meta":{"footnotes":""},"categories":[94],"tags":[170,571,1346,748,200,912],"class_list":["post-6832","post","type-post","status-publish","format-standard","has-post-thumbnail","hentry","category-novas-turismo","tag-a-guarda-gl","tag-gastronomia","tag-lampea-do-mino","tag-lamprea-gl","tag-restaurantes-gl","tag-rio-mino-gl"],"yoast_head":"<!-- This site is optimized with the Yoast SEO plugin v27.5 - https:\/\/yoast.com\/product\/yoast-seo-wordpress\/ -->\n<title>A Guarda dedica unha fin de semana gastron\u00f3mica \u00e1 exaltaci\u00f3n da lamprea do Mi\u00f1o | Turismo A Guarda<\/title>\n<meta name=\"robots\" content=\"index, follow, max-snippet:-1, max-image-preview:large, max-video-preview:-1\" \/>\n<link rel=\"canonical\" href=\"https:\/\/www.turismoaguarda.es\/gl\/a-guarda-fin-de-semana-exaltacion-da-lamprea-do-mino\/\" \/>\n<meta property=\"og:locale\" content=\"en_US\" \/>\n<meta property=\"og:type\" content=\"article\" \/>\n<meta property=\"og:title\" content=\"A Guarda dedica unha fin de semana gastron\u00f3mica \u00e1 exaltaci\u00f3n da lamprea do Mi\u00f1o | Turismo A Guarda\" \/>\n<meta property=\"og:description\" content=\"Os d\u00edas 14 e 15 de abril, m\u00e1is dunha decena de restaurantes preparar\u00e1n este peixe \u00e1 bordalesa para a s\u00faa degustaci\u00f3n.\u00a0 O Concello da Guarda, en colaboraci\u00f3n con viveiristas e establecementos hostaleiros da vila, organiza a fin de semana gastron\u00f3mica \u00abLamprea do Mi\u00f1o\u00bb, que se celebrar\u00e1 os d\u00edas 14 e 15 de abril en 11Leer m\u00e1is\" \/>\n<meta property=\"og:url\" content=\"https:\/\/www.turismoaguarda.es\/gl\/a-guarda-fin-de-semana-exaltacion-da-lamprea-do-mino\/\" \/>\n<meta property=\"og:site_name\" content=\"Turismo A Guarda\" \/>\n<meta property=\"article:publisher\" content=\"https:\/\/es-es.facebook.com\/Turismo-A-Guarda-126223240790625\/\" \/>\n<meta property=\"article:published_time\" content=\"2018-04-05T10:19:23+00:00\" \/>\n<meta property=\"og:image\" content=\"https:\/\/www.turismoaguarda.es\/wp-content\/uploads\/2018\/04\/Lamprea-do-Mi\u00f1o-valla.png\" \/>\n\t<meta property=\"og:image:width\" content=\"1236\" \/>\n\t<meta property=\"og:image:height\" content=\"459\" \/>\n\t<meta property=\"og:image:type\" content=\"image\/png\" \/>\n<meta name=\"author\" content=\"Prensa A Guarda\" \/>\n<meta name=\"twitter:card\" content=\"summary_large_image\" \/>\n<meta name=\"twitter:creator\" content=\"@TurismoAGuarda\" \/>\n<meta name=\"twitter:site\" content=\"@TurismoAGuarda\" \/>\n<meta name=\"twitter:label1\" content=\"Written by\" \/>\n\t<meta name=\"twitter:data1\" content=\"Prensa A Guarda\" \/>\n\t<meta name=\"twitter:label2\" content=\"Est. reading time\" \/>\n\t<meta name=\"twitter:data2\" content=\"2 minutes\" \/>\n<script type=\"application\/ld+json\" class=\"yoast-schema-graph\">{\"@context\":\"https:\\\/\\\/schema.org\",\"@graph\":[{\"@type\":\"Article\",\"@id\":\"https:\\\/\\\/www.turismoaguarda.es\\\/gl\\\/a-guarda-fin-de-semana-exaltacion-da-lamprea-do-mino\\\/#article\",\"isPartOf\":{\"@id\":\"https:\\\/\\\/www.turismoaguarda.es\\\/gl\\\/a-guarda-fin-de-semana-exaltacion-da-lamprea-do-mino\\\/\"},\"author\":{\"name\":\"Prensa A Guarda\",\"@id\":\"https:\\\/\\\/www.turismoaguarda.es\\\/#\\\/schema\\\/person\\\/a8b0c27ad7bcbb6c19799e934727508e\"},\"headline\":\"A Guarda dedica unha fin de semana gastron\u00f3mica \u00e1 exaltaci\u00f3n da lamprea do Mi\u00f1o\",\"datePublished\":\"2018-04-05T10:19:23+00:00\",\"mainEntityOfPage\":{\"@id\":\"https:\\\/\\\/www.turismoaguarda.es\\\/gl\\\/a-guarda-fin-de-semana-exaltacion-da-lamprea-do-mino\\\/\"},\"wordCount\":488,\"commentCount\":0,\"image\":{\"@id\":\"https:\\\/\\\/www.turismoaguarda.es\\\/gl\\\/a-guarda-fin-de-semana-exaltacion-da-lamprea-do-mino\\\/#primaryimage\"},\"thumbnailUrl\":\"https:\\\/\\\/www.turismoaguarda.es\\\/wp-content\\\/uploads\\\/2018\\\/04\\\/Lamprea-do-Mi\u00f1o-valla.png\",\"keywords\":[\"A Guarda\",\"gastronom\u00eda.\",\"Lampea do Mi\u00f1o\",\"Lamprea\",\"restaurantes\",\"r\u00edo Mi\u00f1o\"],\"articleSection\":[\"Novas Turismo\"],\"inLanguage\":\"gl\",\"potentialAction\":[{\"@type\":\"CommentAction\",\"name\":\"Comment\",\"target\":[\"https:\\\/\\\/www.turismoaguarda.es\\\/gl\\\/a-guarda-fin-de-semana-exaltacion-da-lamprea-do-mino\\\/#respond\"]}]},{\"@type\":\"WebPage\",\"@id\":\"https:\\\/\\\/www.turismoaguarda.es\\\/gl\\\/a-guarda-fin-de-semana-exaltacion-da-lamprea-do-mino\\\/\",\"url\":\"https:\\\/\\\/www.turismoaguarda.es\\\/gl\\\/a-guarda-fin-de-semana-exaltacion-da-lamprea-do-mino\\\/\",\"name\":\"A Guarda dedica unha fin de semana gastron\u00f3mica \u00e1 exaltaci\u00f3n da lamprea do Mi\u00f1o | Turismo A Guarda\",\"isPartOf\":{\"@id\":\"https:\\\/\\\/www.turismoaguarda.es\\\/#website\"},\"primaryImageOfPage\":{\"@id\":\"https:\\\/\\\/www.turismoaguarda.es\\\/gl\\\/a-guarda-fin-de-semana-exaltacion-da-lamprea-do-mino\\\/#primaryimage\"},\"image\":{\"@id\":\"https:\\\/\\\/www.turismoaguarda.es\\\/gl\\\/a-guarda-fin-de-semana-exaltacion-da-lamprea-do-mino\\\/#primaryimage\"},\"thumbnailUrl\":\"https:\\\/\\\/www.turismoaguarda.es\\\/wp-content\\\/uploads\\\/2018\\\/04\\\/Lamprea-do-Mi\u00f1o-valla.png\",\"datePublished\":\"2018-04-05T10:19:23+00:00\",\"author\":{\"@id\":\"https:\\\/\\\/www.turismoaguarda.es\\\/#\\\/schema\\\/person\\\/a8b0c27ad7bcbb6c19799e934727508e\"},\"breadcrumb\":{\"@id\":\"https:\\\/\\\/www.turismoaguarda.es\\\/gl\\\/a-guarda-fin-de-semana-exaltacion-da-lamprea-do-mino\\\/#breadcrumb\"},\"inLanguage\":\"gl\",\"potentialAction\":[{\"@type\":\"ReadAction\",\"target\":[\"https:\\\/\\\/www.turismoaguarda.es\\\/gl\\\/a-guarda-fin-de-semana-exaltacion-da-lamprea-do-mino\\\/\"]}]},{\"@type\":\"ImageObject\",\"inLanguage\":\"gl\",\"@id\":\"https:\\\/\\\/www.turismoaguarda.es\\\/gl\\\/a-guarda-fin-de-semana-exaltacion-da-lamprea-do-mino\\\/#primaryimage\",\"url\":\"https:\\\/\\\/www.turismoaguarda.es\\\/wp-content\\\/uploads\\\/2018\\\/04\\\/Lamprea-do-Mi\u00f1o-valla.png\",\"contentUrl\":\"https:\\\/\\\/www.turismoaguarda.es\\\/wp-content\\\/uploads\\\/2018\\\/04\\\/Lamprea-do-Mi\u00f1o-valla.png\",\"width\":1236,\"height\":459},{\"@type\":\"BreadcrumbList\",\"@id\":\"https:\\\/\\\/www.turismoaguarda.es\\\/gl\\\/a-guarda-fin-de-semana-exaltacion-da-lamprea-do-mino\\\/#breadcrumb\",\"itemListElement\":[{\"@type\":\"ListItem\",\"position\":1,\"name\":\"Portada\",\"item\":\"https:\\\/\\\/www.turismoaguarda.es\\\/gl\\\/\"},{\"@type\":\"ListItem\",\"position\":2,\"name\":\"A Guarda dedica unha fin de semana gastron\u00f3mica \u00e1 exaltaci\u00f3n da lamprea do Mi\u00f1o\"}]},{\"@type\":\"WebSite\",\"@id\":\"https:\\\/\\\/www.turismoaguarda.es\\\/#website\",\"url\":\"https:\\\/\\\/www.turismoaguarda.es\\\/\",\"name\":\"Turismo A Guarda\",\"description\":\"Informaci\u00f3n tur\u00edstica de A Guarda y alrededores.\",\"potentialAction\":[{\"@type\":\"SearchAction\",\"target\":{\"@type\":\"EntryPoint\",\"urlTemplate\":\"https:\\\/\\\/www.turismoaguarda.es\\\/?s={search_term_string}\"},\"query-input\":{\"@type\":\"PropertyValueSpecification\",\"valueRequired\":true,\"valueName\":\"search_term_string\"}}],\"inLanguage\":\"gl\"},{\"@type\":\"Person\",\"@id\":\"https:\\\/\\\/www.turismoaguarda.es\\\/#\\\/schema\\\/person\\\/a8b0c27ad7bcbb6c19799e934727508e\",\"name\":\"Prensa A Guarda\",\"image\":{\"@type\":\"ImageObject\",\"inLanguage\":\"gl\",\"@id\":\"https:\\\/\\\/secure.gravatar.com\\\/avatar\\\/387e117f874ba5d0a3439060b45d914395d77287b2e4890a49d1599fc3ef9189?s=96&d=mm&r=g\",\"url\":\"https:\\\/\\\/secure.gravatar.com\\\/avatar\\\/387e117f874ba5d0a3439060b45d914395d77287b2e4890a49d1599fc3ef9189?s=96&d=mm&r=g\",\"contentUrl\":\"https:\\\/\\\/secure.gravatar.com\\\/avatar\\\/387e117f874ba5d0a3439060b45d914395d77287b2e4890a49d1599fc3ef9189?s=96&d=mm&r=g\",\"caption\":\"Prensa A Guarda\"},\"url\":\"https:\\\/\\\/www.turismoaguarda.es\\\/gl\\\/author\\\/prensa\\\/\"}]}<\/script>\n<!-- \/ Yoast SEO plugin. -->","yoast_head_json":{"title":"A Guarda dedica unha fin de semana gastron\u00f3mica \u00e1 exaltaci\u00f3n da lamprea do Mi\u00f1o | Turismo A Guarda","robots":{"index":"index","follow":"follow","max-snippet":"max-snippet:-1","max-image-preview":"max-image-preview:large","max-video-preview":"max-video-preview:-1"},"canonical":"https:\/\/www.turismoaguarda.es\/gl\/a-guarda-fin-de-semana-exaltacion-da-lamprea-do-mino\/","og_locale":"en_US","og_type":"article","og_title":"A Guarda dedica unha fin de semana gastron\u00f3mica \u00e1 exaltaci\u00f3n da lamprea do Mi\u00f1o | Turismo A Guarda","og_description":"Os d\u00edas 14 e 15 de abril, m\u00e1is dunha decena de restaurantes preparar\u00e1n este peixe \u00e1 bordalesa para a s\u00faa degustaci\u00f3n.\u00a0 O Concello da Guarda, en colaboraci\u00f3n con viveiristas e establecementos hostaleiros da vila, organiza a fin de semana gastron\u00f3mica \u00abLamprea do Mi\u00f1o\u00bb, que se celebrar\u00e1 os d\u00edas 14 e 15 de abril en 11Leer m\u00e1is","og_url":"https:\/\/www.turismoaguarda.es\/gl\/a-guarda-fin-de-semana-exaltacion-da-lamprea-do-mino\/","og_site_name":"Turismo A Guarda","article_publisher":"https:\/\/es-es.facebook.com\/Turismo-A-Guarda-126223240790625\/","article_published_time":"2018-04-05T10:19:23+00:00","og_image":[{"width":1236,"height":459,"url":"https:\/\/www.turismoaguarda.es\/wp-content\/uploads\/2018\/04\/Lamprea-do-Mi\u00f1o-valla.png","type":"image\/png"}],"author":"Prensa A Guarda","twitter_card":"summary_large_image","twitter_creator":"@TurismoAGuarda","twitter_site":"@TurismoAGuarda","twitter_misc":{"Written by":"Prensa A Guarda","Est. reading time":"2 minutes"},"schema":{"@context":"https:\/\/schema.org","@graph":[{"@type":"Article","@id":"https:\/\/www.turismoaguarda.es\/gl\/a-guarda-fin-de-semana-exaltacion-da-lamprea-do-mino\/#article","isPartOf":{"@id":"https:\/\/www.turismoaguarda.es\/gl\/a-guarda-fin-de-semana-exaltacion-da-lamprea-do-mino\/"},"author":{"name":"Prensa A Guarda","@id":"https:\/\/www.turismoaguarda.es\/#\/schema\/person\/a8b0c27ad7bcbb6c19799e934727508e"},"headline":"A Guarda dedica unha fin de semana gastron\u00f3mica \u00e1 exaltaci\u00f3n da lamprea do Mi\u00f1o","datePublished":"2018-04-05T10:19:23+00:00","mainEntityOfPage":{"@id":"https:\/\/www.turismoaguarda.es\/gl\/a-guarda-fin-de-semana-exaltacion-da-lamprea-do-mino\/"},"wordCount":488,"commentCount":0,"image":{"@id":"https:\/\/www.turismoaguarda.es\/gl\/a-guarda-fin-de-semana-exaltacion-da-lamprea-do-mino\/#primaryimage"},"thumbnailUrl":"https:\/\/www.turismoaguarda.es\/wp-content\/uploads\/2018\/04\/Lamprea-do-Mi\u00f1o-valla.png","keywords":["A Guarda","gastronom\u00eda.","Lampea do Mi\u00f1o","Lamprea","restaurantes","r\u00edo Mi\u00f1o"],"articleSection":["Novas Turismo"],"inLanguage":"gl","potentialAction":[{"@type":"CommentAction","name":"Comment","target":["https:\/\/www.turismoaguarda.es\/gl\/a-guarda-fin-de-semana-exaltacion-da-lamprea-do-mino\/#respond"]}]},{"@type":"WebPage","@id":"https:\/\/www.turismoaguarda.es\/gl\/a-guarda-fin-de-semana-exaltacion-da-lamprea-do-mino\/","url":"https:\/\/www.turismoaguarda.es\/gl\/a-guarda-fin-de-semana-exaltacion-da-lamprea-do-mino\/","name":"A Guarda dedica unha fin de semana gastron\u00f3mica \u00e1 exaltaci\u00f3n da lamprea do Mi\u00f1o | Turismo A Guarda","isPartOf":{"@id":"https:\/\/www.turismoaguarda.es\/#website"},"primaryImageOfPage":{"@id":"https:\/\/www.turismoaguarda.es\/gl\/a-guarda-fin-de-semana-exaltacion-da-lamprea-do-mino\/#primaryimage"},"image":{"@id":"https:\/\/www.turismoaguarda.es\/gl\/a-guarda-fin-de-semana-exaltacion-da-lamprea-do-mino\/#primaryimage"},"thumbnailUrl":"https:\/\/www.turismoaguarda.es\/wp-content\/uploads\/2018\/04\/Lamprea-do-Mi\u00f1o-valla.png","datePublished":"2018-04-05T10:19:23+00:00","author":{"@id":"https:\/\/www.turismoaguarda.es\/#\/schema\/person\/a8b0c27ad7bcbb6c19799e934727508e"},"breadcrumb":{"@id":"https:\/\/www.turismoaguarda.es\/gl\/a-guarda-fin-de-semana-exaltacion-da-lamprea-do-mino\/#breadcrumb"},"inLanguage":"gl","potentialAction":[{"@type":"ReadAction","target":["https:\/\/www.turismoaguarda.es\/gl\/a-guarda-fin-de-semana-exaltacion-da-lamprea-do-mino\/"]}]},{"@type":"ImageObject","inLanguage":"gl","@id":"https:\/\/www.turismoaguarda.es\/gl\/a-guarda-fin-de-semana-exaltacion-da-lamprea-do-mino\/#primaryimage","url":"https:\/\/www.turismoaguarda.es\/wp-content\/uploads\/2018\/04\/Lamprea-do-Mi\u00f1o-valla.png","contentUrl":"https:\/\/www.turismoaguarda.es\/wp-content\/uploads\/2018\/04\/Lamprea-do-Mi\u00f1o-valla.png","width":1236,"height":459},{"@type":"BreadcrumbList","@id":"https:\/\/www.turismoaguarda.es\/gl\/a-guarda-fin-de-semana-exaltacion-da-lamprea-do-mino\/#breadcrumb","itemListElement":[{"@type":"ListItem","position":1,"name":"Portada","item":"https:\/\/www.turismoaguarda.es\/gl\/"},{"@type":"ListItem","position":2,"name":"A Guarda dedica unha fin de semana gastron\u00f3mica \u00e1 exaltaci\u00f3n da lamprea do Mi\u00f1o"}]},{"@type":"WebSite","@id":"https:\/\/www.turismoaguarda.es\/#website","url":"https:\/\/www.turismoaguarda.es\/","name":"Turismo A Guarda","description":"Informaci\u00f3n tur\u00edstica de A Guarda y alrededores.","potentialAction":[{"@type":"SearchAction","target":{"@type":"EntryPoint","urlTemplate":"https:\/\/www.turismoaguarda.es\/?s={search_term_string}"},"query-input":{"@type":"PropertyValueSpecification","valueRequired":true,"valueName":"search_term_string"}}],"inLanguage":"gl"},{"@type":"Person","@id":"https:\/\/www.turismoaguarda.es\/#\/schema\/person\/a8b0c27ad7bcbb6c19799e934727508e","name":"Prensa A Guarda","image":{"@type":"ImageObject","inLanguage":"gl","@id":"https:\/\/secure.gravatar.com\/avatar\/387e117f874ba5d0a3439060b45d914395d77287b2e4890a49d1599fc3ef9189?s=96&d=mm&r=g","url":"https:\/\/secure.gravatar.com\/avatar\/387e117f874ba5d0a3439060b45d914395d77287b2e4890a49d1599fc3ef9189?s=96&d=mm&r=g","contentUrl":"https:\/\/secure.gravatar.com\/avatar\/387e117f874ba5d0a3439060b45d914395d77287b2e4890a49d1599fc3ef9189?s=96&d=mm&r=g","caption":"Prensa A Guarda"},"url":"https:\/\/www.turismoaguarda.es\/gl\/author\/prensa\/"}]}},"_links":{"self":[{"href":"https:\/\/www.turismoaguarda.es\/gl\/wp-json\/wp\/v2\/posts\/6832","targetHints":{"allow":["GET"]}}],"collection":[{"href":"https:\/\/www.turismoaguarda.es\/gl\/wp-json\/wp\/v2\/posts"}],"about":[{"href":"https:\/\/www.turismoaguarda.es\/gl\/wp-json\/wp\/v2\/types\/post"}],"author":[{"embeddable":true,"href":"https:\/\/www.turismoaguarda.es\/gl\/wp-json\/wp\/v2\/users\/11"}],"replies":[{"embeddable":true,"href":"https:\/\/www.turismoaguarda.es\/gl\/wp-json\/wp\/v2\/comments?post=6832"}],"version-history":[{"count":2,"href":"https:\/\/www.turismoaguarda.es\/gl\/wp-json\/wp\/v2\/posts\/6832\/revisions"}],"predecessor-version":[{"id":6837,"href":"https:\/\/www.turismoaguarda.es\/gl\/wp-json\/wp\/v2\/posts\/6832\/revisions\/6837"}],"wp:featuredmedia":[{"embeddable":true,"href":"https:\/\/www.turismoaguarda.es\/gl\/wp-json\/wp\/v2\/media\/6836"}],"wp:attachment":[{"href":"https:\/\/www.turismoaguarda.es\/gl\/wp-json\/wp\/v2\/media?parent=6832"}],"wp:term":[{"taxonomy":"category","embeddable":true,"href":"https:\/\/www.turismoaguarda.es\/gl\/wp-json\/wp\/v2\/categories?post=6832"},{"taxonomy":"post_tag","embeddable":true,"href":"https:\/\/www.turismoaguarda.es\/gl\/wp-json\/wp\/v2\/tags?post=6832"}],"curies":[{"name":"wp","href":"https:\/\/api.w.org\/{rel}","templated":true}]}}