{"id":6052,"date":"2018-02-15T14:20:48","date_gmt":"2018-02-15T14:20:48","guid":{"rendered":"http:\/\/www.turismoaguarda.es\/?p=6052"},"modified":"2018-02-16T08:49:07","modified_gmt":"2018-02-16T08:49:07","slug":"citania-santa-trega-presente-no-video-marca-espana-mostra-da-cultura-milenaria","status":"publish","type":"post","link":"https:\/\/www.turismoaguarda.es\/gl\/citania-santa-trega-presente-no-video-marca-espana-mostra-da-cultura-milenaria\/","title":{"rendered":"A citania de Santa Trega, presente no v\u00eddeo de Marca Espa\u00f1a como mostra da cultura milenaria"},"content":{"rendered":"<p class=\"p3\" style=\"text-align: justify\">O v\u00eddeo promocional de Marca Espa\u00f1a para 2018, elaborado por Televisi\u00f3n Espa\u00f1ola (TVE), destaca o asentamento castrexo guard\u00e9s como un dos elementos sobresa\u00edntes do legado cultural e patrimonial do pa\u00eds.<\/p>\n<p class=\"p3\" style=\"text-align: justify\">A montaxe, titulada <span class=\"s1\">\u00abEspa\u00f1a, tan singular como plural\u00bb,<\/span> <strong>pon en valor o potencial espa\u00f1ol a trav\u00e9s do amplo legado patrimonial e hist\u00f3rico do pa\u00eds<\/strong>, con imaxes de distintos monumentos, paisaxes e tradici\u00f3ns representativos da s\u00faa cultura e patrimonio.<\/p>\n<p><iframe loading=\"lazy\"  id=\"_ytid_52493\"  width=\"748\" height=\"421\"  data-origwidth=\"748\" data-origheight=\"421\" src=\"https:\/\/www.youtube.com\/embed\/W-O9futG7O4?enablejsapi=1&#038;autoplay=0&#038;cc_load_policy=0&#038;cc_lang_pref=&#038;iv_load_policy=1&#038;loop=0&#038;rel=1&#038;fs=1&#038;playsinline=0&#038;autohide=2&#038;theme=dark&#038;color=red&#038;controls=1&#038;disablekb=0&#038;\" class=\"__youtube_prefs__  epyt-is-override  no-lazyload\" title=\"YouTube player\"  allow=\"fullscreen; accelerometer; autoplay; clipboard-write; encrypted-media; gyroscope; picture-in-picture; web-share\" referrerpolicy=\"strict-origin-when-cross-origin\" allowfullscreen data-no-lazy=\"1\" data-skipgform_ajax_framebjll=\"\"><\/iframe><\/p>\n<p class=\"p3\" style=\"text-align: justify\">Un <strong>plano a\u00e9reo da citania do Monte Santa Trega am\u00f3sase no minuto 00:36 do v\u00eddeo<\/strong>, como un dos mellores exemplos da cultura milenaria da que somos herdeiros. O v\u00eddeo estrenouse en versi\u00f3n curta tras as campanadas de fin de ano nas canles p\u00fablicas <i>La 1<\/i> e <i>Canal Internacional<\/i> e, posteriormente, foi difundido na s\u00faa totalidade nas redes sociais de Marca Espa\u00f1a, a trav\u00e9s do <i>hashtag<\/i> #SomosEspa\u00f1a.<\/p>\n<h5 class=\"p3\" style=\"text-align: left\"><b>Marca Espa\u00f1a<\/b><\/h5>\n<p class=\"p3\" style=\"text-align: justify\">Marca Espa\u00f1a \u00e9 unha pol\u00edtica de Estado que ten como obxectivo mellorar a imaxe do pa\u00eds no estranxeiro e entre a cidadan\u00eda espa\u00f1ola. A m\u00e1xima representaci\u00f3n da Marca Espa\u00f1a corresponde ao Alto Comisionado a trav\u00e9s da Oficina do Alto Comisionado para a Marca Espa\u00f1a, dependente xer\u00e1rquicamente do Ministerio de Asuntos Exteriores e Cooperaci\u00f3n. Esta secci\u00f3n enc\u00e1rgase de planificar, coordinar e impulsar as actuaci\u00f3ns de organismo p\u00fablicos e privados orientadas \u00e1 promoci\u00f3n da imaxe de Espa\u00f1a dentro e fora do pa\u00eds.<\/p>\n","protected":false},"excerpt":{"rendered":"<p>O v\u00eddeo promocional de Marca Espa\u00f1a para 2018, elaborado por Televisi\u00f3n Espa\u00f1ola (TVE), destaca o asentamento castrexo guard\u00e9s como un dos elementos sobresa\u00edntes do legado cultural e patrimonial do pa\u00eds. A montaxe, titulada \u00abEspa\u00f1a, tan singular como plural\u00bb, pon en valor o potencial espa\u00f1ol a trav\u00e9s do amplo legado patrimonial e hist\u00f3rico do pa\u00eds, con<\/p>\n<div class=\"padding-top text-center\"><a href=\"https:\/\/www.turismoaguarda.es\/gl\/citania-santa-trega-presente-no-video-marca-espana-mostra-da-cultura-milenaria\/\" class=\"atbtn atbtn--medium atbtn--rounded atbtn--transparent\">Leer m\u00e1is<i class=\"atbtn__icon atbtn__icon--right fa fa-long-arrow-right\"><\/i><\/a><\/div>\n","protected":false},"author":11,"featured_media":6040,"comment_status":"open","ping_status":"open","sticky":false,"template":"","format":"standard","meta":{"footnotes":""},"categories":[94],"tags":[1220,1221],"class_list":["post-6052","post","type-post","status-publish","format-standard","has-post-thumbnail","hentry","category-novas-turismo","tag-citania-de-santa-trega","tag-marca-espana"],"yoast_head":"<!-- This site is optimized with the Yoast SEO plugin v27.5 - https:\/\/yoast.com\/product\/yoast-seo-wordpress\/ -->\n<title>A citania de Santa Trega, presente no v\u00eddeo de Marca Espa\u00f1a como mostra da cultura milenaria | Turismo A Guarda<\/title>\n<meta name=\"robots\" content=\"index, follow, max-snippet:-1, max-image-preview:large, max-video-preview:-1\" \/>\n<link rel=\"canonical\" href=\"https:\/\/www.turismoaguarda.es\/gl\/citania-santa-trega-presente-no-video-marca-espana-mostra-da-cultura-milenaria\/\" \/>\n<meta property=\"og:locale\" content=\"en_US\" \/>\n<meta property=\"og:type\" content=\"article\" \/>\n<meta property=\"og:title\" content=\"A citania de Santa Trega, presente no v\u00eddeo de Marca Espa\u00f1a como mostra da cultura milenaria | Turismo A Guarda\" \/>\n<meta property=\"og:description\" content=\"O v\u00eddeo promocional de Marca Espa\u00f1a para 2018, elaborado por Televisi\u00f3n Espa\u00f1ola (TVE), destaca o asentamento castrexo guard\u00e9s como un dos elementos sobresa\u00edntes do legado cultural e patrimonial do pa\u00eds. A montaxe, titulada \u00abEspa\u00f1a, tan singular como plural\u00bb, pon en valor o potencial espa\u00f1ol a trav\u00e9s do amplo legado patrimonial e hist\u00f3rico do pa\u00eds, conLeer m\u00e1is\" \/>\n<meta property=\"og:url\" content=\"https:\/\/www.turismoaguarda.es\/gl\/citania-santa-trega-presente-no-video-marca-espana-mostra-da-cultura-milenaria\/\" \/>\n<meta property=\"og:site_name\" content=\"Turismo A Guarda\" \/>\n<meta property=\"article:publisher\" content=\"https:\/\/es-es.facebook.com\/Turismo-A-Guarda-126223240790625\/\" \/>\n<meta property=\"article:published_time\" content=\"2018-02-15T14:20:48+00:00\" \/>\n<meta property=\"article:modified_time\" content=\"2018-02-16T08:49:07+00:00\" \/>\n<meta property=\"og:image\" content=\"https:\/\/www.turismoaguarda.es\/wp-content\/uploads\/2018\/02\/Captura-de-pantalla-2018-02-15-a-las-14.04.06.jpg\" \/>\n\t<meta property=\"og:image:width\" content=\"1140\" \/>\n\t<meta property=\"og:image:height\" content=\"628\" \/>\n\t<meta property=\"og:image:type\" content=\"image\/jpeg\" \/>\n<meta name=\"author\" content=\"Prensa A Guarda\" \/>\n<meta name=\"twitter:card\" content=\"summary_large_image\" \/>\n<meta name=\"twitter:creator\" content=\"@TurismoAGuarda\" \/>\n<meta name=\"twitter:site\" content=\"@TurismoAGuarda\" \/>\n<meta name=\"twitter:label1\" content=\"Written by\" \/>\n\t<meta name=\"twitter:data1\" content=\"Prensa A Guarda\" \/>\n\t<meta name=\"twitter:label2\" content=\"Est. reading time\" \/>\n\t<meta name=\"twitter:data2\" content=\"1 minute\" \/>\n<script type=\"application\/ld+json\" class=\"yoast-schema-graph\">{\"@context\":\"https:\\\/\\\/schema.org\",\"@graph\":[{\"@type\":\"Article\",\"@id\":\"https:\\\/\\\/www.turismoaguarda.es\\\/gl\\\/citania-santa-trega-presente-no-video-marca-espana-mostra-da-cultura-milenaria\\\/#article\",\"isPartOf\":{\"@id\":\"https:\\\/\\\/www.turismoaguarda.es\\\/gl\\\/citania-santa-trega-presente-no-video-marca-espana-mostra-da-cultura-milenaria\\\/\"},\"author\":{\"name\":\"Prensa A Guarda\",\"@id\":\"https:\\\/\\\/www.turismoaguarda.es\\\/#\\\/schema\\\/person\\\/a8b0c27ad7bcbb6c19799e934727508e\"},\"headline\":\"A citania de Santa Trega, presente no v\u00eddeo de Marca Espa\u00f1a como mostra da cultura milenaria\",\"datePublished\":\"2018-02-15T14:20:48+00:00\",\"dateModified\":\"2018-02-16T08:49:07+00:00\",\"mainEntityOfPage\":{\"@id\":\"https:\\\/\\\/www.turismoaguarda.es\\\/gl\\\/citania-santa-trega-presente-no-video-marca-espana-mostra-da-cultura-milenaria\\\/\"},\"wordCount\":282,\"commentCount\":0,\"image\":{\"@id\":\"https:\\\/\\\/www.turismoaguarda.es\\\/gl\\\/citania-santa-trega-presente-no-video-marca-espana-mostra-da-cultura-milenaria\\\/#primaryimage\"},\"thumbnailUrl\":\"https:\\\/\\\/www.turismoaguarda.es\\\/wp-content\\\/uploads\\\/2018\\\/02\\\/Captura-de-pantalla-2018-02-15-a-las-14.04.06.jpg\",\"keywords\":[\"Citania de Santa Trega\",\"Marca Espa\u00f1a\"],\"articleSection\":[\"Novas Turismo\"],\"inLanguage\":\"gl\",\"potentialAction\":[{\"@type\":\"CommentAction\",\"name\":\"Comment\",\"target\":[\"https:\\\/\\\/www.turismoaguarda.es\\\/gl\\\/citania-santa-trega-presente-no-video-marca-espana-mostra-da-cultura-milenaria\\\/#respond\"]}]},{\"@type\":\"WebPage\",\"@id\":\"https:\\\/\\\/www.turismoaguarda.es\\\/gl\\\/citania-santa-trega-presente-no-video-marca-espana-mostra-da-cultura-milenaria\\\/\",\"url\":\"https:\\\/\\\/www.turismoaguarda.es\\\/gl\\\/citania-santa-trega-presente-no-video-marca-espana-mostra-da-cultura-milenaria\\\/\",\"name\":\"A citania de Santa Trega, presente no v\u00eddeo de Marca Espa\u00f1a como mostra da cultura milenaria | Turismo A Guarda\",\"isPartOf\":{\"@id\":\"https:\\\/\\\/www.turismoaguarda.es\\\/#website\"},\"primaryImageOfPage\":{\"@id\":\"https:\\\/\\\/www.turismoaguarda.es\\\/gl\\\/citania-santa-trega-presente-no-video-marca-espana-mostra-da-cultura-milenaria\\\/#primaryimage\"},\"image\":{\"@id\":\"https:\\\/\\\/www.turismoaguarda.es\\\/gl\\\/citania-santa-trega-presente-no-video-marca-espana-mostra-da-cultura-milenaria\\\/#primaryimage\"},\"thumbnailUrl\":\"https:\\\/\\\/www.turismoaguarda.es\\\/wp-content\\\/uploads\\\/2018\\\/02\\\/Captura-de-pantalla-2018-02-15-a-las-14.04.06.jpg\",\"datePublished\":\"2018-02-15T14:20:48+00:00\",\"dateModified\":\"2018-02-16T08:49:07+00:00\",\"author\":{\"@id\":\"https:\\\/\\\/www.turismoaguarda.es\\\/#\\\/schema\\\/person\\\/a8b0c27ad7bcbb6c19799e934727508e\"},\"breadcrumb\":{\"@id\":\"https:\\\/\\\/www.turismoaguarda.es\\\/gl\\\/citania-santa-trega-presente-no-video-marca-espana-mostra-da-cultura-milenaria\\\/#breadcrumb\"},\"inLanguage\":\"gl\",\"potentialAction\":[{\"@type\":\"ReadAction\",\"target\":[\"https:\\\/\\\/www.turismoaguarda.es\\\/gl\\\/citania-santa-trega-presente-no-video-marca-espana-mostra-da-cultura-milenaria\\\/\"]}]},{\"@type\":\"ImageObject\",\"inLanguage\":\"gl\",\"@id\":\"https:\\\/\\\/www.turismoaguarda.es\\\/gl\\\/citania-santa-trega-presente-no-video-marca-espana-mostra-da-cultura-milenaria\\\/#primaryimage\",\"url\":\"https:\\\/\\\/www.turismoaguarda.es\\\/wp-content\\\/uploads\\\/2018\\\/02\\\/Captura-de-pantalla-2018-02-15-a-las-14.04.06.jpg\",\"contentUrl\":\"https:\\\/\\\/www.turismoaguarda.es\\\/wp-content\\\/uploads\\\/2018\\\/02\\\/Captura-de-pantalla-2018-02-15-a-las-14.04.06.jpg\",\"width\":1140,\"height\":628},{\"@type\":\"BreadcrumbList\",\"@id\":\"https:\\\/\\\/www.turismoaguarda.es\\\/gl\\\/citania-santa-trega-presente-no-video-marca-espana-mostra-da-cultura-milenaria\\\/#breadcrumb\",\"itemListElement\":[{\"@type\":\"ListItem\",\"position\":1,\"name\":\"Portada\",\"item\":\"https:\\\/\\\/www.turismoaguarda.es\\\/gl\\\/\"},{\"@type\":\"ListItem\",\"position\":2,\"name\":\"A citania de Santa Trega, presente no v\u00eddeo de Marca Espa\u00f1a como mostra da cultura milenaria\"}]},{\"@type\":\"WebSite\",\"@id\":\"https:\\\/\\\/www.turismoaguarda.es\\\/#website\",\"url\":\"https:\\\/\\\/www.turismoaguarda.es\\\/\",\"name\":\"Turismo A Guarda\",\"description\":\"Informaci\u00f3n tur\u00edstica de A Guarda y alrededores.\",\"potentialAction\":[{\"@type\":\"SearchAction\",\"target\":{\"@type\":\"EntryPoint\",\"urlTemplate\":\"https:\\\/\\\/www.turismoaguarda.es\\\/?s={search_term_string}\"},\"query-input\":{\"@type\":\"PropertyValueSpecification\",\"valueRequired\":true,\"valueName\":\"search_term_string\"}}],\"inLanguage\":\"gl\"},{\"@type\":\"Person\",\"@id\":\"https:\\\/\\\/www.turismoaguarda.es\\\/#\\\/schema\\\/person\\\/a8b0c27ad7bcbb6c19799e934727508e\",\"name\":\"Prensa A Guarda\",\"image\":{\"@type\":\"ImageObject\",\"inLanguage\":\"gl\",\"@id\":\"https:\\\/\\\/secure.gravatar.com\\\/avatar\\\/387e117f874ba5d0a3439060b45d914395d77287b2e4890a49d1599fc3ef9189?s=96&d=mm&r=g\",\"url\":\"https:\\\/\\\/secure.gravatar.com\\\/avatar\\\/387e117f874ba5d0a3439060b45d914395d77287b2e4890a49d1599fc3ef9189?s=96&d=mm&r=g\",\"contentUrl\":\"https:\\\/\\\/secure.gravatar.com\\\/avatar\\\/387e117f874ba5d0a3439060b45d914395d77287b2e4890a49d1599fc3ef9189?s=96&d=mm&r=g\",\"caption\":\"Prensa A Guarda\"},\"url\":\"https:\\\/\\\/www.turismoaguarda.es\\\/gl\\\/author\\\/prensa\\\/\"}]}<\/script>\n<!-- \/ Yoast SEO plugin. -->","yoast_head_json":{"title":"A citania de Santa Trega, presente no v\u00eddeo de Marca Espa\u00f1a como mostra da cultura milenaria | Turismo A Guarda","robots":{"index":"index","follow":"follow","max-snippet":"max-snippet:-1","max-image-preview":"max-image-preview:large","max-video-preview":"max-video-preview:-1"},"canonical":"https:\/\/www.turismoaguarda.es\/gl\/citania-santa-trega-presente-no-video-marca-espana-mostra-da-cultura-milenaria\/","og_locale":"en_US","og_type":"article","og_title":"A citania de Santa Trega, presente no v\u00eddeo de Marca Espa\u00f1a como mostra da cultura milenaria | Turismo A Guarda","og_description":"O v\u00eddeo promocional de Marca Espa\u00f1a para 2018, elaborado por Televisi\u00f3n Espa\u00f1ola (TVE), destaca o asentamento castrexo guard\u00e9s como un dos elementos sobresa\u00edntes do legado cultural e patrimonial do pa\u00eds. A montaxe, titulada \u00abEspa\u00f1a, tan singular como plural\u00bb, pon en valor o potencial espa\u00f1ol a trav\u00e9s do amplo legado patrimonial e hist\u00f3rico do pa\u00eds, conLeer m\u00e1is","og_url":"https:\/\/www.turismoaguarda.es\/gl\/citania-santa-trega-presente-no-video-marca-espana-mostra-da-cultura-milenaria\/","og_site_name":"Turismo A Guarda","article_publisher":"https:\/\/es-es.facebook.com\/Turismo-A-Guarda-126223240790625\/","article_published_time":"2018-02-15T14:20:48+00:00","article_modified_time":"2018-02-16T08:49:07+00:00","og_image":[{"width":1140,"height":628,"url":"https:\/\/www.turismoaguarda.es\/wp-content\/uploads\/2018\/02\/Captura-de-pantalla-2018-02-15-a-las-14.04.06.jpg","type":"image\/jpeg"}],"author":"Prensa A Guarda","twitter_card":"summary_large_image","twitter_creator":"@TurismoAGuarda","twitter_site":"@TurismoAGuarda","twitter_misc":{"Written by":"Prensa A Guarda","Est. reading time":"1 minute"},"schema":{"@context":"https:\/\/schema.org","@graph":[{"@type":"Article","@id":"https:\/\/www.turismoaguarda.es\/gl\/citania-santa-trega-presente-no-video-marca-espana-mostra-da-cultura-milenaria\/#article","isPartOf":{"@id":"https:\/\/www.turismoaguarda.es\/gl\/citania-santa-trega-presente-no-video-marca-espana-mostra-da-cultura-milenaria\/"},"author":{"name":"Prensa A Guarda","@id":"https:\/\/www.turismoaguarda.es\/#\/schema\/person\/a8b0c27ad7bcbb6c19799e934727508e"},"headline":"A citania de Santa Trega, presente no v\u00eddeo de Marca Espa\u00f1a como mostra da cultura milenaria","datePublished":"2018-02-15T14:20:48+00:00","dateModified":"2018-02-16T08:49:07+00:00","mainEntityOfPage":{"@id":"https:\/\/www.turismoaguarda.es\/gl\/citania-santa-trega-presente-no-video-marca-espana-mostra-da-cultura-milenaria\/"},"wordCount":282,"commentCount":0,"image":{"@id":"https:\/\/www.turismoaguarda.es\/gl\/citania-santa-trega-presente-no-video-marca-espana-mostra-da-cultura-milenaria\/#primaryimage"},"thumbnailUrl":"https:\/\/www.turismoaguarda.es\/wp-content\/uploads\/2018\/02\/Captura-de-pantalla-2018-02-15-a-las-14.04.06.jpg","keywords":["Citania de Santa Trega","Marca Espa\u00f1a"],"articleSection":["Novas Turismo"],"inLanguage":"gl","potentialAction":[{"@type":"CommentAction","name":"Comment","target":["https:\/\/www.turismoaguarda.es\/gl\/citania-santa-trega-presente-no-video-marca-espana-mostra-da-cultura-milenaria\/#respond"]}]},{"@type":"WebPage","@id":"https:\/\/www.turismoaguarda.es\/gl\/citania-santa-trega-presente-no-video-marca-espana-mostra-da-cultura-milenaria\/","url":"https:\/\/www.turismoaguarda.es\/gl\/citania-santa-trega-presente-no-video-marca-espana-mostra-da-cultura-milenaria\/","name":"A citania de Santa Trega, presente no v\u00eddeo de Marca Espa\u00f1a como mostra da cultura milenaria | Turismo A Guarda","isPartOf":{"@id":"https:\/\/www.turismoaguarda.es\/#website"},"primaryImageOfPage":{"@id":"https:\/\/www.turismoaguarda.es\/gl\/citania-santa-trega-presente-no-video-marca-espana-mostra-da-cultura-milenaria\/#primaryimage"},"image":{"@id":"https:\/\/www.turismoaguarda.es\/gl\/citania-santa-trega-presente-no-video-marca-espana-mostra-da-cultura-milenaria\/#primaryimage"},"thumbnailUrl":"https:\/\/www.turismoaguarda.es\/wp-content\/uploads\/2018\/02\/Captura-de-pantalla-2018-02-15-a-las-14.04.06.jpg","datePublished":"2018-02-15T14:20:48+00:00","dateModified":"2018-02-16T08:49:07+00:00","author":{"@id":"https:\/\/www.turismoaguarda.es\/#\/schema\/person\/a8b0c27ad7bcbb6c19799e934727508e"},"breadcrumb":{"@id":"https:\/\/www.turismoaguarda.es\/gl\/citania-santa-trega-presente-no-video-marca-espana-mostra-da-cultura-milenaria\/#breadcrumb"},"inLanguage":"gl","potentialAction":[{"@type":"ReadAction","target":["https:\/\/www.turismoaguarda.es\/gl\/citania-santa-trega-presente-no-video-marca-espana-mostra-da-cultura-milenaria\/"]}]},{"@type":"ImageObject","inLanguage":"gl","@id":"https:\/\/www.turismoaguarda.es\/gl\/citania-santa-trega-presente-no-video-marca-espana-mostra-da-cultura-milenaria\/#primaryimage","url":"https:\/\/www.turismoaguarda.es\/wp-content\/uploads\/2018\/02\/Captura-de-pantalla-2018-02-15-a-las-14.04.06.jpg","contentUrl":"https:\/\/www.turismoaguarda.es\/wp-content\/uploads\/2018\/02\/Captura-de-pantalla-2018-02-15-a-las-14.04.06.jpg","width":1140,"height":628},{"@type":"BreadcrumbList","@id":"https:\/\/www.turismoaguarda.es\/gl\/citania-santa-trega-presente-no-video-marca-espana-mostra-da-cultura-milenaria\/#breadcrumb","itemListElement":[{"@type":"ListItem","position":1,"name":"Portada","item":"https:\/\/www.turismoaguarda.es\/gl\/"},{"@type":"ListItem","position":2,"name":"A citania de Santa Trega, presente no v\u00eddeo de Marca Espa\u00f1a como mostra da cultura milenaria"}]},{"@type":"WebSite","@id":"https:\/\/www.turismoaguarda.es\/#website","url":"https:\/\/www.turismoaguarda.es\/","name":"Turismo A Guarda","description":"Informaci\u00f3n tur\u00edstica de A Guarda y alrededores.","potentialAction":[{"@type":"SearchAction","target":{"@type":"EntryPoint","urlTemplate":"https:\/\/www.turismoaguarda.es\/?s={search_term_string}"},"query-input":{"@type":"PropertyValueSpecification","valueRequired":true,"valueName":"search_term_string"}}],"inLanguage":"gl"},{"@type":"Person","@id":"https:\/\/www.turismoaguarda.es\/#\/schema\/person\/a8b0c27ad7bcbb6c19799e934727508e","name":"Prensa A Guarda","image":{"@type":"ImageObject","inLanguage":"gl","@id":"https:\/\/secure.gravatar.com\/avatar\/387e117f874ba5d0a3439060b45d914395d77287b2e4890a49d1599fc3ef9189?s=96&d=mm&r=g","url":"https:\/\/secure.gravatar.com\/avatar\/387e117f874ba5d0a3439060b45d914395d77287b2e4890a49d1599fc3ef9189?s=96&d=mm&r=g","contentUrl":"https:\/\/secure.gravatar.com\/avatar\/387e117f874ba5d0a3439060b45d914395d77287b2e4890a49d1599fc3ef9189?s=96&d=mm&r=g","caption":"Prensa A Guarda"},"url":"https:\/\/www.turismoaguarda.es\/gl\/author\/prensa\/"}]}},"_links":{"self":[{"href":"https:\/\/www.turismoaguarda.es\/gl\/wp-json\/wp\/v2\/posts\/6052","targetHints":{"allow":["GET"]}}],"collection":[{"href":"https:\/\/www.turismoaguarda.es\/gl\/wp-json\/wp\/v2\/posts"}],"about":[{"href":"https:\/\/www.turismoaguarda.es\/gl\/wp-json\/wp\/v2\/types\/post"}],"author":[{"embeddable":true,"href":"https:\/\/www.turismoaguarda.es\/gl\/wp-json\/wp\/v2\/users\/11"}],"replies":[{"embeddable":true,"href":"https:\/\/www.turismoaguarda.es\/gl\/wp-json\/wp\/v2\/comments?post=6052"}],"version-history":[{"count":2,"href":"https:\/\/www.turismoaguarda.es\/gl\/wp-json\/wp\/v2\/posts\/6052\/revisions"}],"predecessor-version":[{"id":6060,"href":"https:\/\/www.turismoaguarda.es\/gl\/wp-json\/wp\/v2\/posts\/6052\/revisions\/6060"}],"wp:featuredmedia":[{"embeddable":true,"href":"https:\/\/www.turismoaguarda.es\/gl\/wp-json\/wp\/v2\/media\/6040"}],"wp:attachment":[{"href":"https:\/\/www.turismoaguarda.es\/gl\/wp-json\/wp\/v2\/media?parent=6052"}],"wp:term":[{"taxonomy":"category","embeddable":true,"href":"https:\/\/www.turismoaguarda.es\/gl\/wp-json\/wp\/v2\/categories?post=6052"},{"taxonomy":"post_tag","embeddable":true,"href":"https:\/\/www.turismoaguarda.es\/gl\/wp-json\/wp\/v2\/tags?post=6052"}],"curies":[{"name":"wp","href":"https:\/\/api.w.org\/{rel}","templated":true}]}}