{"id":5709,"date":"2017-11-22T12:08:12","date_gmt":"2017-11-22T12:08:12","guid":{"rendered":"http:\/\/www.turismoaguarda.es\/?p=5709"},"modified":"2017-11-22T12:55:30","modified_gmt":"2017-11-22T12:55:30","slug":"iv-trail-do-trega-acada-xa-os-200-participantes-e-admite-inscricions-ata-venres","status":"publish","type":"post","link":"https:\/\/www.turismoaguarda.es\/gl\/iv-trail-do-trega-acada-xa-os-200-participantes-e-admite-inscricions-ata-venres\/","title":{"rendered":"O IV Trail do Trega acada xa os 200 participantes  e admite inscrici\u00f3ns ata o venres"},"content":{"rendered":"<p style=\"text-align: justify\">A Guarda acoller\u00e1 esta fin de semana a cuarta edici\u00f3n do Trail do Trega, organizada por TimeAventure en colaboraci\u00f3n co Concello da Guarda e a Deputaci\u00f3n de Pontevedra. A dous d\u00edas de finalizar o per\u00edodo de inscrici\u00f3ns, xa son m\u00e1is de 180 as persoas inscritas na proba cronometrada, que <strong>transcorrer\u00e1 polo Monte Santa Trega e a s\u00faa contorna<\/strong>.<\/p>\n<p style=\"text-align: justify\">A carreira pedestre contar\u00e1 cun percorrido total de 18,5 km e un desnivel acumulado de 1.100 metros, aproximadamente. Por outra parte, o evento deportivo tam\u00e9n ofrece a posibilidade de participar nunha andaina de 10 km de percorrido con paso polos puntos emblem\u00e1ticos do monte. Nesta ruta, que ser\u00e1 de dificultade baixa, xa son m\u00e1is de 40 as persoas inscritas.<\/p>\n<p style=\"text-align: justify\">\u00c1mbolos dous percorridos partir\u00e1n da explanada do Centro Cultural e ter\u00e1n a meta no mesmo punto. A carreira comezar\u00e1 \u00e1s 10:00 h, namentres a andaina dar\u00e1 comezo \u00e1s 9:15 h.<\/p>\n<p><img loading=\"lazy\" decoding=\"async\" class=\"aligncenter wp-image-11182 size-full\" title=\"Percorrido IV Trail do Trega\" src=\"http:\/\/www.aguarda.es\/wp-content\/uploads\/2017\/11\/Trael-do-Trega4.jpg?_t=1511352739\" alt=\"\" width=\"700\" height=\"465\" \/><\/p>\n<p style=\"text-align: justify\">As inscrici\u00f3ns poder\u00e1n realizarse ata as 23:59 horas deste venres, 24 de novembro, a trav\u00e9s das p\u00e1xinas www.avaibooksports.com e inscripciones.ranckr.com\/eventos, nas que tam\u00e9n poder\u00e1 consultarse o regulamento das probas.<\/p>\n<p style=\"text-align: justify\"><strong>Os dorsais poder\u00e1n recollerse no Centro Cultural este s\u00e1bado<\/strong>, 25 de novembro, entre as 17:00 e as 19:00 h. Aquelas persoas interesadas en participar que a\u00ednda non se te\u00f1an anotado poder\u00e1n aproveitar a ocasi\u00f3n para inscribirse de forma presencial.<\/p>\n<p style=\"text-align: justify\">O prezo da inscrici\u00f3n \u00e9 de 3\u20ac para a andaina e 15\u20ac para a carreira. Os 300 primeiros inscritos nesta \u00faltima recibir\u00e1n como agasallo unha camiseta conmemorativa do IV Trail do Trega. Para a resoluci\u00f3n de d\u00fabidas e m\u00e1is informaci\u00f3n, poden dirixirse \u00e1 organizaci\u00f3n a trav\u00e9s do correo electr\u00f3nico info@timeaventure.es.<\/p>\n","protected":false},"excerpt":{"rendered":"<p>A Guarda acoller\u00e1 esta fin de semana a cuarta edici\u00f3n do Trail do Trega, organizada por TimeAventure en colaboraci\u00f3n co Concello da Guarda e a Deputaci\u00f3n de Pontevedra. A dous d\u00edas de finalizar o per\u00edodo de inscrici\u00f3ns, xa son m\u00e1is de 180 as persoas inscritas na proba cronometrada, que transcorrer\u00e1 polo Monte Santa Trega e<\/p>\n<div class=\"padding-top text-center\"><a href=\"https:\/\/www.turismoaguarda.es\/gl\/iv-trail-do-trega-acada-xa-os-200-participantes-e-admite-inscricions-ata-venres\/\" class=\"atbtn atbtn--medium atbtn--rounded atbtn--transparent\">Leer m\u00e1is<i class=\"atbtn__icon atbtn__icon--right fa fa-long-arrow-right\"><\/i><\/a><\/div>\n","protected":false},"author":11,"featured_media":5707,"comment_status":"open","ping_status":"open","sticky":false,"template":"","format":"standard","meta":{"footnotes":""},"categories":[94],"tags":[1109,1161,1160],"class_list":["post-5709","post","type-post","status-publish","format-standard","has-post-thumbnail","hentry","category-novas-turismo","tag-andaina","tag-carreira","tag-deportes"],"yoast_head":"<!-- This site is optimized with the Yoast SEO plugin v27.5 - https:\/\/yoast.com\/product\/yoast-seo-wordpress\/ -->\n<title>O IV Trail do Trega acada xa os 200 participantes e admite inscrici\u00f3ns ata o venres | Turismo A Guarda<\/title>\n<meta name=\"robots\" content=\"index, follow, max-snippet:-1, max-image-preview:large, max-video-preview:-1\" \/>\n<link rel=\"canonical\" href=\"https:\/\/www.turismoaguarda.es\/gl\/iv-trail-do-trega-acada-xa-os-200-participantes-e-admite-inscricions-ata-venres\/\" \/>\n<meta property=\"og:locale\" content=\"en_US\" \/>\n<meta property=\"og:type\" content=\"article\" \/>\n<meta property=\"og:title\" content=\"O IV Trail do Trega acada xa os 200 participantes e admite inscrici\u00f3ns ata o venres | Turismo A Guarda\" \/>\n<meta property=\"og:description\" content=\"A Guarda acoller\u00e1 esta fin de semana a cuarta edici\u00f3n do Trail do Trega, organizada por TimeAventure en colaboraci\u00f3n co Concello da Guarda e a Deputaci\u00f3n de Pontevedra. A dous d\u00edas de finalizar o per\u00edodo de inscrici\u00f3ns, xa son m\u00e1is de 180 as persoas inscritas na proba cronometrada, que transcorrer\u00e1 polo Monte Santa Trega eLeer m\u00e1is\" \/>\n<meta property=\"og:url\" content=\"https:\/\/www.turismoaguarda.es\/gl\/iv-trail-do-trega-acada-xa-os-200-participantes-e-admite-inscricions-ata-venres\/\" \/>\n<meta property=\"og:site_name\" content=\"Turismo A Guarda\" \/>\n<meta property=\"article:publisher\" content=\"https:\/\/es-es.facebook.com\/Turismo-A-Guarda-126223240790625\/\" \/>\n<meta property=\"article:published_time\" content=\"2017-11-22T12:08:12+00:00\" \/>\n<meta property=\"article:modified_time\" content=\"2017-11-22T12:55:30+00:00\" \/>\n<meta property=\"og:image\" content=\"https:\/\/www.turismoaguarda.es\/wp-content\/uploads\/2017\/11\/06-Cartel-Trail-do-Trega2.jpg\" \/>\n\t<meta property=\"og:image:width\" content=\"799\" \/>\n\t<meta property=\"og:image:height\" content=\"517\" \/>\n\t<meta property=\"og:image:type\" content=\"image\/jpeg\" \/>\n<meta name=\"author\" content=\"Prensa A Guarda\" \/>\n<meta name=\"twitter:card\" content=\"summary_large_image\" \/>\n<meta name=\"twitter:creator\" content=\"@TurismoAGuarda\" \/>\n<meta name=\"twitter:site\" content=\"@TurismoAGuarda\" \/>\n<meta name=\"twitter:label1\" content=\"Written by\" \/>\n\t<meta name=\"twitter:data1\" content=\"Prensa A Guarda\" \/>\n\t<meta name=\"twitter:label2\" content=\"Est. reading time\" \/>\n\t<meta name=\"twitter:data2\" content=\"1 minute\" \/>\n<script type=\"application\/ld+json\" class=\"yoast-schema-graph\">{\"@context\":\"https:\\\/\\\/schema.org\",\"@graph\":[{\"@type\":\"Article\",\"@id\":\"https:\\\/\\\/www.turismoaguarda.es\\\/gl\\\/iv-trail-do-trega-acada-xa-os-200-participantes-e-admite-inscricions-ata-venres\\\/#article\",\"isPartOf\":{\"@id\":\"https:\\\/\\\/www.turismoaguarda.es\\\/gl\\\/iv-trail-do-trega-acada-xa-os-200-participantes-e-admite-inscricions-ata-venres\\\/\"},\"author\":{\"name\":\"Prensa A Guarda\",\"@id\":\"https:\\\/\\\/www.turismoaguarda.es\\\/#\\\/schema\\\/person\\\/a8b0c27ad7bcbb6c19799e934727508e\"},\"headline\":\"O IV Trail do Trega acada xa os 200 participantes e admite inscrici\u00f3ns ata o venres\",\"datePublished\":\"2017-11-22T12:08:12+00:00\",\"dateModified\":\"2017-11-22T12:55:30+00:00\",\"mainEntityOfPage\":{\"@id\":\"https:\\\/\\\/www.turismoaguarda.es\\\/gl\\\/iv-trail-do-trega-acada-xa-os-200-participantes-e-admite-inscricions-ata-venres\\\/\"},\"wordCount\":304,\"commentCount\":0,\"image\":{\"@id\":\"https:\\\/\\\/www.turismoaguarda.es\\\/gl\\\/iv-trail-do-trega-acada-xa-os-200-participantes-e-admite-inscricions-ata-venres\\\/#primaryimage\"},\"thumbnailUrl\":\"https:\\\/\\\/www.turismoaguarda.es\\\/wp-content\\\/uploads\\\/2017\\\/11\\\/06-Cartel-Trail-do-Trega2.jpg\",\"keywords\":[\"Andaina\",\"Carreira\",\"Deportes\"],\"articleSection\":[\"Novas Turismo\"],\"inLanguage\":\"gl\",\"potentialAction\":[{\"@type\":\"CommentAction\",\"name\":\"Comment\",\"target\":[\"https:\\\/\\\/www.turismoaguarda.es\\\/gl\\\/iv-trail-do-trega-acada-xa-os-200-participantes-e-admite-inscricions-ata-venres\\\/#respond\"]}]},{\"@type\":\"WebPage\",\"@id\":\"https:\\\/\\\/www.turismoaguarda.es\\\/gl\\\/iv-trail-do-trega-acada-xa-os-200-participantes-e-admite-inscricions-ata-venres\\\/\",\"url\":\"https:\\\/\\\/www.turismoaguarda.es\\\/gl\\\/iv-trail-do-trega-acada-xa-os-200-participantes-e-admite-inscricions-ata-venres\\\/\",\"name\":\"O IV Trail do Trega acada xa os 200 participantes e admite inscrici\u00f3ns ata o venres | Turismo A Guarda\",\"isPartOf\":{\"@id\":\"https:\\\/\\\/www.turismoaguarda.es\\\/#website\"},\"primaryImageOfPage\":{\"@id\":\"https:\\\/\\\/www.turismoaguarda.es\\\/gl\\\/iv-trail-do-trega-acada-xa-os-200-participantes-e-admite-inscricions-ata-venres\\\/#primaryimage\"},\"image\":{\"@id\":\"https:\\\/\\\/www.turismoaguarda.es\\\/gl\\\/iv-trail-do-trega-acada-xa-os-200-participantes-e-admite-inscricions-ata-venres\\\/#primaryimage\"},\"thumbnailUrl\":\"https:\\\/\\\/www.turismoaguarda.es\\\/wp-content\\\/uploads\\\/2017\\\/11\\\/06-Cartel-Trail-do-Trega2.jpg\",\"datePublished\":\"2017-11-22T12:08:12+00:00\",\"dateModified\":\"2017-11-22T12:55:30+00:00\",\"author\":{\"@id\":\"https:\\\/\\\/www.turismoaguarda.es\\\/#\\\/schema\\\/person\\\/a8b0c27ad7bcbb6c19799e934727508e\"},\"breadcrumb\":{\"@id\":\"https:\\\/\\\/www.turismoaguarda.es\\\/gl\\\/iv-trail-do-trega-acada-xa-os-200-participantes-e-admite-inscricions-ata-venres\\\/#breadcrumb\"},\"inLanguage\":\"gl\",\"potentialAction\":[{\"@type\":\"ReadAction\",\"target\":[\"https:\\\/\\\/www.turismoaguarda.es\\\/gl\\\/iv-trail-do-trega-acada-xa-os-200-participantes-e-admite-inscricions-ata-venres\\\/\"]}]},{\"@type\":\"ImageObject\",\"inLanguage\":\"gl\",\"@id\":\"https:\\\/\\\/www.turismoaguarda.es\\\/gl\\\/iv-trail-do-trega-acada-xa-os-200-participantes-e-admite-inscricions-ata-venres\\\/#primaryimage\",\"url\":\"https:\\\/\\\/www.turismoaguarda.es\\\/wp-content\\\/uploads\\\/2017\\\/11\\\/06-Cartel-Trail-do-Trega2.jpg\",\"contentUrl\":\"https:\\\/\\\/www.turismoaguarda.es\\\/wp-content\\\/uploads\\\/2017\\\/11\\\/06-Cartel-Trail-do-Trega2.jpg\",\"width\":799,\"height\":517},{\"@type\":\"BreadcrumbList\",\"@id\":\"https:\\\/\\\/www.turismoaguarda.es\\\/gl\\\/iv-trail-do-trega-acada-xa-os-200-participantes-e-admite-inscricions-ata-venres\\\/#breadcrumb\",\"itemListElement\":[{\"@type\":\"ListItem\",\"position\":1,\"name\":\"Portada\",\"item\":\"https:\\\/\\\/www.turismoaguarda.es\\\/gl\\\/\"},{\"@type\":\"ListItem\",\"position\":2,\"name\":\"O IV Trail do Trega acada xa os 200 participantes e admite inscrici\u00f3ns ata o venres\"}]},{\"@type\":\"WebSite\",\"@id\":\"https:\\\/\\\/www.turismoaguarda.es\\\/#website\",\"url\":\"https:\\\/\\\/www.turismoaguarda.es\\\/\",\"name\":\"Turismo A Guarda\",\"description\":\"Informaci\u00f3n tur\u00edstica de A Guarda y alrededores.\",\"potentialAction\":[{\"@type\":\"SearchAction\",\"target\":{\"@type\":\"EntryPoint\",\"urlTemplate\":\"https:\\\/\\\/www.turismoaguarda.es\\\/?s={search_term_string}\"},\"query-input\":{\"@type\":\"PropertyValueSpecification\",\"valueRequired\":true,\"valueName\":\"search_term_string\"}}],\"inLanguage\":\"gl\"},{\"@type\":\"Person\",\"@id\":\"https:\\\/\\\/www.turismoaguarda.es\\\/#\\\/schema\\\/person\\\/a8b0c27ad7bcbb6c19799e934727508e\",\"name\":\"Prensa A Guarda\",\"image\":{\"@type\":\"ImageObject\",\"inLanguage\":\"gl\",\"@id\":\"https:\\\/\\\/secure.gravatar.com\\\/avatar\\\/387e117f874ba5d0a3439060b45d914395d77287b2e4890a49d1599fc3ef9189?s=96&d=mm&r=g\",\"url\":\"https:\\\/\\\/secure.gravatar.com\\\/avatar\\\/387e117f874ba5d0a3439060b45d914395d77287b2e4890a49d1599fc3ef9189?s=96&d=mm&r=g\",\"contentUrl\":\"https:\\\/\\\/secure.gravatar.com\\\/avatar\\\/387e117f874ba5d0a3439060b45d914395d77287b2e4890a49d1599fc3ef9189?s=96&d=mm&r=g\",\"caption\":\"Prensa A Guarda\"},\"url\":\"https:\\\/\\\/www.turismoaguarda.es\\\/gl\\\/author\\\/prensa\\\/\"}]}<\/script>\n<!-- \/ Yoast SEO plugin. -->","yoast_head_json":{"title":"O IV Trail do Trega acada xa os 200 participantes e admite inscrici\u00f3ns ata o venres | Turismo A Guarda","robots":{"index":"index","follow":"follow","max-snippet":"max-snippet:-1","max-image-preview":"max-image-preview:large","max-video-preview":"max-video-preview:-1"},"canonical":"https:\/\/www.turismoaguarda.es\/gl\/iv-trail-do-trega-acada-xa-os-200-participantes-e-admite-inscricions-ata-venres\/","og_locale":"en_US","og_type":"article","og_title":"O IV Trail do Trega acada xa os 200 participantes e admite inscrici\u00f3ns ata o venres | Turismo A Guarda","og_description":"A Guarda acoller\u00e1 esta fin de semana a cuarta edici\u00f3n do Trail do Trega, organizada por TimeAventure en colaboraci\u00f3n co Concello da Guarda e a Deputaci\u00f3n de Pontevedra. A dous d\u00edas de finalizar o per\u00edodo de inscrici\u00f3ns, xa son m\u00e1is de 180 as persoas inscritas na proba cronometrada, que transcorrer\u00e1 polo Monte Santa Trega eLeer m\u00e1is","og_url":"https:\/\/www.turismoaguarda.es\/gl\/iv-trail-do-trega-acada-xa-os-200-participantes-e-admite-inscricions-ata-venres\/","og_site_name":"Turismo A Guarda","article_publisher":"https:\/\/es-es.facebook.com\/Turismo-A-Guarda-126223240790625\/","article_published_time":"2017-11-22T12:08:12+00:00","article_modified_time":"2017-11-22T12:55:30+00:00","og_image":[{"width":799,"height":517,"url":"https:\/\/www.turismoaguarda.es\/wp-content\/uploads\/2017\/11\/06-Cartel-Trail-do-Trega2.jpg","type":"image\/jpeg"}],"author":"Prensa A Guarda","twitter_card":"summary_large_image","twitter_creator":"@TurismoAGuarda","twitter_site":"@TurismoAGuarda","twitter_misc":{"Written by":"Prensa A Guarda","Est. reading time":"1 minute"},"schema":{"@context":"https:\/\/schema.org","@graph":[{"@type":"Article","@id":"https:\/\/www.turismoaguarda.es\/gl\/iv-trail-do-trega-acada-xa-os-200-participantes-e-admite-inscricions-ata-venres\/#article","isPartOf":{"@id":"https:\/\/www.turismoaguarda.es\/gl\/iv-trail-do-trega-acada-xa-os-200-participantes-e-admite-inscricions-ata-venres\/"},"author":{"name":"Prensa A Guarda","@id":"https:\/\/www.turismoaguarda.es\/#\/schema\/person\/a8b0c27ad7bcbb6c19799e934727508e"},"headline":"O IV Trail do Trega acada xa os 200 participantes e admite inscrici\u00f3ns ata o venres","datePublished":"2017-11-22T12:08:12+00:00","dateModified":"2017-11-22T12:55:30+00:00","mainEntityOfPage":{"@id":"https:\/\/www.turismoaguarda.es\/gl\/iv-trail-do-trega-acada-xa-os-200-participantes-e-admite-inscricions-ata-venres\/"},"wordCount":304,"commentCount":0,"image":{"@id":"https:\/\/www.turismoaguarda.es\/gl\/iv-trail-do-trega-acada-xa-os-200-participantes-e-admite-inscricions-ata-venres\/#primaryimage"},"thumbnailUrl":"https:\/\/www.turismoaguarda.es\/wp-content\/uploads\/2017\/11\/06-Cartel-Trail-do-Trega2.jpg","keywords":["Andaina","Carreira","Deportes"],"articleSection":["Novas Turismo"],"inLanguage":"gl","potentialAction":[{"@type":"CommentAction","name":"Comment","target":["https:\/\/www.turismoaguarda.es\/gl\/iv-trail-do-trega-acada-xa-os-200-participantes-e-admite-inscricions-ata-venres\/#respond"]}]},{"@type":"WebPage","@id":"https:\/\/www.turismoaguarda.es\/gl\/iv-trail-do-trega-acada-xa-os-200-participantes-e-admite-inscricions-ata-venres\/","url":"https:\/\/www.turismoaguarda.es\/gl\/iv-trail-do-trega-acada-xa-os-200-participantes-e-admite-inscricions-ata-venres\/","name":"O IV Trail do Trega acada xa os 200 participantes e admite inscrici\u00f3ns ata o venres | Turismo A Guarda","isPartOf":{"@id":"https:\/\/www.turismoaguarda.es\/#website"},"primaryImageOfPage":{"@id":"https:\/\/www.turismoaguarda.es\/gl\/iv-trail-do-trega-acada-xa-os-200-participantes-e-admite-inscricions-ata-venres\/#primaryimage"},"image":{"@id":"https:\/\/www.turismoaguarda.es\/gl\/iv-trail-do-trega-acada-xa-os-200-participantes-e-admite-inscricions-ata-venres\/#primaryimage"},"thumbnailUrl":"https:\/\/www.turismoaguarda.es\/wp-content\/uploads\/2017\/11\/06-Cartel-Trail-do-Trega2.jpg","datePublished":"2017-11-22T12:08:12+00:00","dateModified":"2017-11-22T12:55:30+00:00","author":{"@id":"https:\/\/www.turismoaguarda.es\/#\/schema\/person\/a8b0c27ad7bcbb6c19799e934727508e"},"breadcrumb":{"@id":"https:\/\/www.turismoaguarda.es\/gl\/iv-trail-do-trega-acada-xa-os-200-participantes-e-admite-inscricions-ata-venres\/#breadcrumb"},"inLanguage":"gl","potentialAction":[{"@type":"ReadAction","target":["https:\/\/www.turismoaguarda.es\/gl\/iv-trail-do-trega-acada-xa-os-200-participantes-e-admite-inscricions-ata-venres\/"]}]},{"@type":"ImageObject","inLanguage":"gl","@id":"https:\/\/www.turismoaguarda.es\/gl\/iv-trail-do-trega-acada-xa-os-200-participantes-e-admite-inscricions-ata-venres\/#primaryimage","url":"https:\/\/www.turismoaguarda.es\/wp-content\/uploads\/2017\/11\/06-Cartel-Trail-do-Trega2.jpg","contentUrl":"https:\/\/www.turismoaguarda.es\/wp-content\/uploads\/2017\/11\/06-Cartel-Trail-do-Trega2.jpg","width":799,"height":517},{"@type":"BreadcrumbList","@id":"https:\/\/www.turismoaguarda.es\/gl\/iv-trail-do-trega-acada-xa-os-200-participantes-e-admite-inscricions-ata-venres\/#breadcrumb","itemListElement":[{"@type":"ListItem","position":1,"name":"Portada","item":"https:\/\/www.turismoaguarda.es\/gl\/"},{"@type":"ListItem","position":2,"name":"O IV Trail do Trega acada xa os 200 participantes e admite inscrici\u00f3ns ata o venres"}]},{"@type":"WebSite","@id":"https:\/\/www.turismoaguarda.es\/#website","url":"https:\/\/www.turismoaguarda.es\/","name":"Turismo A Guarda","description":"Informaci\u00f3n tur\u00edstica de A Guarda y alrededores.","potentialAction":[{"@type":"SearchAction","target":{"@type":"EntryPoint","urlTemplate":"https:\/\/www.turismoaguarda.es\/?s={search_term_string}"},"query-input":{"@type":"PropertyValueSpecification","valueRequired":true,"valueName":"search_term_string"}}],"inLanguage":"gl"},{"@type":"Person","@id":"https:\/\/www.turismoaguarda.es\/#\/schema\/person\/a8b0c27ad7bcbb6c19799e934727508e","name":"Prensa A Guarda","image":{"@type":"ImageObject","inLanguage":"gl","@id":"https:\/\/secure.gravatar.com\/avatar\/387e117f874ba5d0a3439060b45d914395d77287b2e4890a49d1599fc3ef9189?s=96&d=mm&r=g","url":"https:\/\/secure.gravatar.com\/avatar\/387e117f874ba5d0a3439060b45d914395d77287b2e4890a49d1599fc3ef9189?s=96&d=mm&r=g","contentUrl":"https:\/\/secure.gravatar.com\/avatar\/387e117f874ba5d0a3439060b45d914395d77287b2e4890a49d1599fc3ef9189?s=96&d=mm&r=g","caption":"Prensa A Guarda"},"url":"https:\/\/www.turismoaguarda.es\/gl\/author\/prensa\/"}]}},"_links":{"self":[{"href":"https:\/\/www.turismoaguarda.es\/gl\/wp-json\/wp\/v2\/posts\/5709","targetHints":{"allow":["GET"]}}],"collection":[{"href":"https:\/\/www.turismoaguarda.es\/gl\/wp-json\/wp\/v2\/posts"}],"about":[{"href":"https:\/\/www.turismoaguarda.es\/gl\/wp-json\/wp\/v2\/types\/post"}],"author":[{"embeddable":true,"href":"https:\/\/www.turismoaguarda.es\/gl\/wp-json\/wp\/v2\/users\/11"}],"replies":[{"embeddable":true,"href":"https:\/\/www.turismoaguarda.es\/gl\/wp-json\/wp\/v2\/comments?post=5709"}],"version-history":[{"count":3,"href":"https:\/\/www.turismoaguarda.es\/gl\/wp-json\/wp\/v2\/posts\/5709\/revisions"}],"predecessor-version":[{"id":5715,"href":"https:\/\/www.turismoaguarda.es\/gl\/wp-json\/wp\/v2\/posts\/5709\/revisions\/5715"}],"wp:featuredmedia":[{"embeddable":true,"href":"https:\/\/www.turismoaguarda.es\/gl\/wp-json\/wp\/v2\/media\/5707"}],"wp:attachment":[{"href":"https:\/\/www.turismoaguarda.es\/gl\/wp-json\/wp\/v2\/media?parent=5709"}],"wp:term":[{"taxonomy":"category","embeddable":true,"href":"https:\/\/www.turismoaguarda.es\/gl\/wp-json\/wp\/v2\/categories?post=5709"},{"taxonomy":"post_tag","embeddable":true,"href":"https:\/\/www.turismoaguarda.es\/gl\/wp-json\/wp\/v2\/tags?post=5709"}],"curies":[{"name":"wp","href":"https:\/\/api.w.org\/{rel}","templated":true}]}}