{"id":5148,"date":"2017-08-04T16:42:58","date_gmt":"2017-08-04T16:42:58","guid":{"rendered":"http:\/\/www.turismoaguarda.es\/programacion-primer-fin-semana-agosto\/"},"modified":"2017-08-04T16:47:20","modified_gmt":"2017-08-04T16:47:20","slug":"programacion-primer-fin-semana-agosto","status":"publish","type":"post","link":"https:\/\/www.turismoaguarda.es\/gl\/programacion-primer-fin-semana-agosto\/","title":{"rendered":"Programaci\u00f3n para el primer fin de semana de agosto"},"content":{"rendered":"<h5 class=\"western\">Festas na honra de San Caetano<\/h5>\n<p align=\"justify\">O barrio da Cruzada celebra as <strong>Festas de San Caetano<\/strong> con unha sardi\u00f1ada o venres a partir das 21.00 horas, seguida das actuaci\u00f3n da orquestra Costa Blanca; e o s\u00e1bado, coa gran verbena da man de Los Soprano e Ambar. \u00c1mbolos dous d\u00edas contar\u00e1n co pasarr\u00faas a cargo do grupo de gaitas A Boalleira.<\/p>\n<p align=\"justify\">O domingo pola ma\u00f1\u00e1 ser\u00e1 a quenda dos actos relixiosos, coa celebraci\u00f3n da misa solemne \u00e1s 11.30 horas e a posterior procesi\u00f3n partindo da capela de San Caetano, acompa\u00f1ada polo grupo de gaitas A Boalleira e o coro parroquial. Xa pola tarde, a partir das 19.00 horas, realizaranse as tradicionais puxas e, tras delas, o grupo de pop-rock guard\u00e9s Songodin\u2019s ofertar\u00e1 un concerto.<\/p>\n<h5 class=\"western\">Deporte e cultura urbana no porto<\/h5>\n<p align=\"justify\">O s\u00e1bado 5 de agosto ser\u00e1 o gran d\u00eda do deporte. Especialmente, daqueles relacionados coa cultura urbana no marco da terceira edici\u00f3n de <strong>Galifornia Beat<\/strong>, organizada por Skateboarding360 en colaboraci\u00f3n co Concello da Guarda. O evento \u201cmultideportivo e multicultural\u201d, segundo o definen os organizadores, ter\u00e1 lugar na atalaia do porto guard\u00e9s a partir das 10.00 horas e contar\u00e1 con competici\u00f3ns en tres modalidades de <em>skateboarding<\/em>: <em>Street skate<\/em> ou patinaxe de r\u00faa; <em>miniramp<\/em>, na que os <em>skaters<\/em> fan uso de pequenas ramplas; e S.K.A.T.E, unha modalidade de competici\u00f3n a d\u00fao na que os contrincantes po\u00f1en a proba a destreza do outro na realizaci\u00f3nde determinados trucos.<\/p>\n<p align=\"justify\">As actividades deportivas compl\u00e9tanse coa oferta de clases de <em>break dance<\/em> e a pr\u00e1ctica de <em>flyboard<\/em> e <em>hoverboard<\/em>, d\u00faas modalidades acu\u00e1ticas que permiten elevarse sobre a auga e para cuxo desfrute \u00e9 preciso inscribirse previamente a trav\u00e9s da p\u00e1xina www.flyboardvigo.com. Amais destas, as persoas que se acheguen \u00e1 atalaia -na que haber\u00e1 postos de artesan\u00eda, comida, bebida e inchables para os cativos- poder\u00e1n presenciar as pintadas de graffitis e os concertos, que se celebrar\u00e1n a \u00faltima hora da tarde.<\/p>\n<h5 class=\"western\">Primeiras actividades da Festa do Monte<\/h5>\n<p align=\"justify\">As primeiras actividades deportivas das Festas do Monte ser\u00e1n tam\u00e9n o s\u00e1bado, a partir das 18.00 horas. Por unha parte, no pavill\u00f3n das Solanas disputarase o <strong>Trofeo Festas do Monte de H\u00f3ckey Li\u00f1a<\/strong>, con categor\u00edas <em>senior<\/em> e <em>amateur<\/em>. Paralelamente, partir\u00e1 da Alameda da Guarda a tradicional <strong>Carreira Pedestre Popular.<\/strong><\/p>\n<p align=\"justify\">A Festa do Monte, con todo, arrincar\u00e1 oficialmente o pr\u00f3ximo luns, 7 de agosto, co \u00a0preg\u00f3n inaugural a cargo dun responsable do Real Club Celta de Vigo, precedido pola\u00a0benvida do alcalde do Concello da Guarda, Antonio Lomba. As grandes festas guardesas continuar\u00e1n durante toda a semana, cunha programaci\u00f3n deportiva, cultural e l\u00fadica intensiva ata o 15 de agosto.<\/p>\n<p align=\"justify\">O s\u00e1bado e domingo tam\u00e9n se ofrecen as <b>&lt;&lt;Visitas guiadas <\/b><b>ao<\/b><b> Monte Santa Trega&gt;&gt;<\/b> para os interesados en co\u00f1ecer o monte con maior profundidade. A visita de 90 minutos comeza no Museo \u00e1s 12.30h e \u00e1s 17.00h. E a visita centrada no Castro de 30 minutos de duraci\u00f3n e comeza \u00e1s 16.00h no Castro.<\/p>\n<p align=\"justify\"><span lang=\"gl-ES\"><b>A<\/b><\/span><span lang=\"gl-ES\"><b>demais contin\u00faa a<\/b><\/span><span lang=\"gl-ES\"><b> exposici\u00f3n &lt;&lt;Viaxando pola historia, cen anos do MASAT&gt;&gt;<\/b><\/span> que <span lang=\"gl-ES\">conmemora o centenario do Museo Arqueol\u00f3xico do Monte Santa Trega <\/span><span lang=\"gl-ES\">e que se pode visitar na <\/span><span lang=\"gl-ES\">Casa dos Alonso <\/span><span lang=\"gl-ES\">ata o <\/span><span lang=\"gl-ES\">27 de agosto. <\/span><span lang=\"gl-ES\">De<\/span><span lang=\"gl-ES\"> martes a s\u00e1bado de 12.00 a 14.00 horas e de 19.00 a 22.00. Os domingos e d\u00edas festivos <\/span><span lang=\"gl-ES\">de<\/span><span lang=\"gl-ES\"> 12.00 <\/span><span lang=\"gl-ES\">\u00e1s<\/span><span lang=\"gl-ES\"> 14.00 horas.<\/span><\/p>\n<p lang=\"gl-ES\">A exposici\u00f3n mostrar\u00e1 a evoluci\u00f3n do museo desde os seus inicios no ano 1917, fundado pola Sociedade Prol-Monte, ata os nosos d\u00edas, e permitir\u00e1 realizar unha viaxe ao pasado a trav\u00e9s do patrimonio deixado polos nosos antepasados. Esta \u00e9 unha excelente oportunidade para todas as persoas interesadas en co\u00f1ecer de primeira man como eran os habitantes que moraban na cima do Monte Santa Trega e como os membros da Sociedade Prol-Monte dedicaron o tempo para coidar e difundir un dos xacementos m\u00e1is emblem\u00e1ticos de Galicia.<\/p>\n<p>&nbsp;<\/p>\n<div id=\"gallery_1\" class=\"gallery\">\n<div class=\"row gallery__items\">\n\t\t\t\t\t<div class=\"col-sm-4 gallery__item-wrap\" data-filterid=\"\">\n\t\t\t<a href=\"https:\/\/www.turismoaguarda.es\/wp-content\/uploads\/2017\/08\/1-Festas-San-Caetano.jpg\" class=\"swipebox gallery__item\" title=\"1 Festas San Caetano\">\n\t\t\t\t<img decoding=\"async\" src=\"https:\/\/www.turismoaguarda.es\/wp-content\/uploads\/2017\/08\/1-Festas-San-Caetano-458x480.jpg\" alt=\"1 Festas San Caetano\"\/>\n\t\t\t\t<span class=\"gallery__item__info\">\n\t\t\t\t\t<span class=\"gallery__item__info__content\">\n\t\t\t\t\t\t<span class=\"gallery__item__title\">1 Festas San Caetano<\/span>\n\t\t\t\t\t\t\t\t\t\t<\/span>\n\t\t\t\t\t<span class=\"gallery__item__shadow\"><\/span>\n\t\t\t\t<\/span>\n\t\t\t<\/a>\n\t\t<\/div>\n\t\t\t\t\t<div class=\"col-sm-4 gallery__item-wrap\" data-filterid=\"\">\n\t\t\t<a href=\"https:\/\/www.turismoaguarda.es\/wp-content\/uploads\/2017\/08\/2.jpg\" class=\"swipebox gallery__item\" title=\"2\">\n\t\t\t\t<img decoding=\"async\" src=\"https:\/\/www.turismoaguarda.es\/wp-content\/uploads\/2017\/08\/2-720x480.jpg\" alt=\"2\"\/>\n\t\t\t\t<span class=\"gallery__item__info\">\n\t\t\t\t\t<span class=\"gallery__item__info__content\">\n\t\t\t\t\t\t<span class=\"gallery__item__title\">2<\/span>\n\t\t\t\t\t\t\t\t\t\t<\/span>\n\t\t\t\t\t<span class=\"gallery__item__shadow\"><\/span>\n\t\t\t\t<\/span>\n\t\t\t<\/a>\n\t\t<\/div>\n\t\t\t\t\t<div class=\"col-sm-4 gallery__item-wrap\" data-filterid=\"\">\n\t\t\t<a href=\"https:\/\/www.turismoaguarda.es\/wp-content\/uploads\/2017\/08\/3.jpg\" class=\"swipebox gallery__item\" title=\"3\">\n\t\t\t\t<img decoding=\"async\" src=\"https:\/\/www.turismoaguarda.es\/wp-content\/uploads\/2017\/08\/3-720x480.jpg\" alt=\"3\"\/>\n\t\t\t\t<span class=\"gallery__item__info\">\n\t\t\t\t\t<span class=\"gallery__item__info__content\">\n\t\t\t\t\t\t<span class=\"gallery__item__title\">3<\/span>\n\t\t\t\t\t\t\t\t\t\t<\/span>\n\t\t\t\t\t<span class=\"gallery__item__shadow\"><\/span>\n\t\t\t\t<\/span>\n\t\t\t<\/a>\n\t\t<\/div>\n\t\t\t\t\t<div class=\"col-sm-4 gallery__item-wrap\" data-filterid=\"\">\n\t\t\t<a href=\"https:\/\/www.turismoaguarda.es\/wp-content\/uploads\/2017\/08\/4.jpg\" class=\"swipebox gallery__item\" title=\"4\">\n\t\t\t\t<img decoding=\"async\" src=\"https:\/\/www.turismoaguarda.es\/wp-content\/uploads\/2017\/08\/4-720x480.jpg\" alt=\"4\"\/>\n\t\t\t\t<span class=\"gallery__item__info\">\n\t\t\t\t\t<span class=\"gallery__item__info__content\">\n\t\t\t\t\t\t<span class=\"gallery__item__title\">4<\/span>\n\t\t\t\t\t\t\t\t\t\t<\/span>\n\t\t\t\t\t<span class=\"gallery__item__shadow\"><\/span>\n\t\t\t\t<\/span>\n\t\t\t<\/a>\n\t\t<\/div>\n\t\t\t\t\t<div class=\"col-sm-4 gallery__item-wrap\" data-filterid=\"\">\n\t\t\t<a href=\"https:\/\/www.turismoaguarda.es\/wp-content\/uploads\/2017\/08\/5.jpg\" class=\"swipebox gallery__item\" title=\"5\">\n\t\t\t\t<img decoding=\"async\" src=\"https:\/\/www.turismoaguarda.es\/wp-content\/uploads\/2017\/08\/5-668x480.jpg\" alt=\"5\"\/>\n\t\t\t\t<span class=\"gallery__item__info\">\n\t\t\t\t\t<span class=\"gallery__item__info__content\">\n\t\t\t\t\t\t<span class=\"gallery__item__title\">5<\/span>\n\t\t\t\t\t\t\t\t\t\t<\/span>\n\t\t\t\t\t<span class=\"gallery__item__shadow\"><\/span>\n\t\t\t\t<\/span>\n\t\t\t<\/a>\n\t\t<\/div>\n\t\t\t\t\t<div class=\"col-sm-4 gallery__item-wrap\" data-filterid=\"\">\n\t\t\t<a href=\"https:\/\/www.turismoaguarda.es\/wp-content\/uploads\/2017\/08\/6.jpg\" class=\"swipebox gallery__item\" title=\"6\">\n\t\t\t\t<img decoding=\"async\" src=\"https:\/\/www.turismoaguarda.es\/wp-content\/uploads\/2017\/08\/6-638x480.jpg\" alt=\"6\"\/>\n\t\t\t\t<span class=\"gallery__item__info\">\n\t\t\t\t\t<span class=\"gallery__item__info__content\">\n\t\t\t\t\t\t<span class=\"gallery__item__title\">6<\/span>\n\t\t\t\t\t\t\t\t\t\t<\/span>\n\t\t\t\t\t<span class=\"gallery__item__shadow\"><\/span>\n\t\t\t\t<\/span>\n\t\t\t<\/a>\n\t\t<\/div>\n\t\t\t\t\t<div class=\"col-sm-4 gallery__item-wrap\" data-filterid=\"\">\n\t\t\t<a href=\"https:\/\/www.turismoaguarda.es\/wp-content\/uploads\/2017\/08\/7-guiadas-Monte-Santa-Trega.jpg\" class=\"swipebox gallery__item\" title=\"7 guiadas Monte Santa Trega\">\n\t\t\t\t<img decoding=\"async\" src=\"https:\/\/www.turismoaguarda.es\/wp-content\/uploads\/2017\/08\/7-guiadas-Monte-Santa-Trega-720x480.jpg\" alt=\"7 guiadas Monte Santa Trega\"\/>\n\t\t\t\t<span class=\"gallery__item__info\">\n\t\t\t\t\t<span class=\"gallery__item__info__content\">\n\t\t\t\t\t\t<span class=\"gallery__item__title\">7 guiadas Monte Santa Trega<\/span>\n\t\t\t\t\t\t\t\t\t\t<\/span>\n\t\t\t\t\t<span class=\"gallery__item__shadow\"><\/span>\n\t\t\t\t<\/span>\n\t\t\t<\/a>\n\t\t<\/div>\n\t\t\t\t\t<div class=\"col-sm-4 gallery__item-wrap\" data-filterid=\"\">\n\t\t\t<a href=\"https:\/\/www.turismoaguarda.es\/wp-content\/uploads\/2017\/08\/1-centenario.jpg\" class=\"swipebox gallery__item\" title=\"1 centenario\">\n\t\t\t\t<img decoding=\"async\" src=\"https:\/\/www.turismoaguarda.es\/wp-content\/uploads\/2017\/08\/1-centenario-413x480.jpg\" alt=\"1 centenario\"\/>\n\t\t\t\t<span class=\"gallery__item__info\">\n\t\t\t\t\t<span class=\"gallery__item__info__content\">\n\t\t\t\t\t\t<span class=\"gallery__item__title\">1 centenario<\/span>\n\t\t\t\t\t\t\t\t\t\t<\/span>\n\t\t\t\t\t<span class=\"gallery__item__shadow\"><\/span>\n\t\t\t\t<\/span>\n\t\t\t<\/a>\n\t\t<\/div>\n\t<\/div>\n<\/div>\n","protected":false},"excerpt":{"rendered":"<p>Festas na honra de San Caetano O barrio da Cruzada celebra as Festas de San Caetano con unha sardi\u00f1ada o venres a partir das 21.00 horas, seguida das actuaci\u00f3n da orquestra Costa Blanca; e o s\u00e1bado, coa gran verbena da man de Los Soprano e Ambar. \u00c1mbolos dous d\u00edas contar\u00e1n co pasarr\u00faas a cargo do<\/p>\n<div class=\"padding-top text-center\"><a href=\"https:\/\/www.turismoaguarda.es\/gl\/programacion-primer-fin-semana-agosto\/\" class=\"atbtn atbtn--medium atbtn--rounded atbtn--transparent\">Leer m\u00e1is<i class=\"atbtn__icon atbtn__icon--right fa fa-long-arrow-right\"><\/i><\/a><\/div>\n","protected":false},"author":7,"featured_media":5139,"comment_status":"open","ping_status":"open","sticky":false,"template":"","format":"standard","meta":{"footnotes":""},"categories":[94],"tags":[1030,1031,1032,1033,187,558],"class_list":["post-5148","post","type-post","status-publish","format-standard","has-post-thumbnail","hentry","category-novas-turismo","tag-festas-de-san-caetano-gl","tag-festas-do-monte-gl","tag-galifornia-beat-gl","tag-hockey-linea-gl","tag-masat-gl","tag-monte-santa-trega-gl"],"yoast_head":"<!-- This site is optimized with the Yoast SEO plugin v27.5 - https:\/\/yoast.com\/product\/yoast-seo-wordpress\/ -->\n<title>Programaci\u00f3n para el primer fin de semana de agosto | Turismo A Guarda<\/title>\n<meta name=\"robots\" content=\"index, follow, max-snippet:-1, max-image-preview:large, max-video-preview:-1\" \/>\n<link rel=\"canonical\" href=\"https:\/\/www.turismoaguarda.es\/gl\/programacion-primer-fin-semana-agosto\/\" \/>\n<meta property=\"og:locale\" content=\"en_US\" \/>\n<meta property=\"og:type\" content=\"article\" \/>\n<meta property=\"og:title\" content=\"Programaci\u00f3n para el primer fin de semana de agosto | Turismo A Guarda\" \/>\n<meta property=\"og:description\" content=\"Festas na honra de San Caetano O barrio da Cruzada celebra as Festas de San Caetano con unha sardi\u00f1ada o venres a partir das 21.00 horas, seguida das actuaci\u00f3n da orquestra Costa Blanca; e o s\u00e1bado, coa gran verbena da man de Los Soprano e Ambar. \u00c1mbolos dous d\u00edas contar\u00e1n co pasarr\u00faas a cargo doLeer m\u00e1is\" \/>\n<meta property=\"og:url\" content=\"https:\/\/www.turismoaguarda.es\/gl\/programacion-primer-fin-semana-agosto\/\" \/>\n<meta property=\"og:site_name\" content=\"Turismo A Guarda\" \/>\n<meta property=\"article:publisher\" content=\"https:\/\/es-es.facebook.com\/Turismo-A-Guarda-126223240790625\/\" \/>\n<meta property=\"article:published_time\" content=\"2017-08-04T16:42:58+00:00\" \/>\n<meta property=\"article:modified_time\" content=\"2017-08-04T16:47:20+00:00\" \/>\n<meta property=\"og:image\" content=\"https:\/\/www.turismoaguarda.es\/wp-content\/uploads\/2017\/08\/1-Festas-San-Caetanorec.jpg\" \/>\n\t<meta property=\"og:image:width\" content=\"424\" \/>\n\t<meta property=\"og:image:height\" content=\"396\" \/>\n\t<meta property=\"og:image:type\" content=\"image\/jpeg\" \/>\n<meta name=\"author\" content=\"Rosalia Verde\" \/>\n<meta name=\"twitter:card\" content=\"summary_large_image\" \/>\n<meta name=\"twitter:creator\" content=\"@TurismoAGuarda\" \/>\n<meta name=\"twitter:site\" content=\"@TurismoAGuarda\" \/>\n<meta name=\"twitter:label1\" content=\"Written by\" \/>\n\t<meta name=\"twitter:data1\" content=\"Rosalia Verde\" \/>\n\t<meta name=\"twitter:label2\" content=\"Est. reading time\" \/>\n\t<meta name=\"twitter:data2\" content=\"3 minutes\" \/>\n<script type=\"application\/ld+json\" class=\"yoast-schema-graph\">{\"@context\":\"https:\\\/\\\/schema.org\",\"@graph\":[{\"@type\":\"Article\",\"@id\":\"https:\\\/\\\/www.turismoaguarda.es\\\/gl\\\/programacion-primer-fin-semana-agosto\\\/#article\",\"isPartOf\":{\"@id\":\"https:\\\/\\\/www.turismoaguarda.es\\\/gl\\\/programacion-primer-fin-semana-agosto\\\/\"},\"author\":{\"name\":\"Rosalia Verde\",\"@id\":\"https:\\\/\\\/www.turismoaguarda.es\\\/#\\\/schema\\\/person\\\/9282bb1649316a88a88b0eca34bd959b\"},\"headline\":\"Programaci\u00f3n para el primer fin de semana de agosto\",\"datePublished\":\"2017-08-04T16:42:58+00:00\",\"dateModified\":\"2017-08-04T16:47:20+00:00\",\"mainEntityOfPage\":{\"@id\":\"https:\\\/\\\/www.turismoaguarda.es\\\/gl\\\/programacion-primer-fin-semana-agosto\\\/\"},\"wordCount\":698,\"commentCount\":0,\"image\":{\"@id\":\"https:\\\/\\\/www.turismoaguarda.es\\\/gl\\\/programacion-primer-fin-semana-agosto\\\/#primaryimage\"},\"thumbnailUrl\":\"https:\\\/\\\/www.turismoaguarda.es\\\/wp-content\\\/uploads\\\/2017\\\/08\\\/1-Festas-San-Caetanorec.jpg\",\"keywords\":[\"Festas de San Caetano\",\"festas do monte\",\"Galifornia Beat\",\"Hockey linea\",\"MASAT\",\"Monte Santa Trega\"],\"articleSection\":[\"Novas Turismo\"],\"inLanguage\":\"gl\",\"potentialAction\":[{\"@type\":\"CommentAction\",\"name\":\"Comment\",\"target\":[\"https:\\\/\\\/www.turismoaguarda.es\\\/gl\\\/programacion-primer-fin-semana-agosto\\\/#respond\"]}]},{\"@type\":\"WebPage\",\"@id\":\"https:\\\/\\\/www.turismoaguarda.es\\\/gl\\\/programacion-primer-fin-semana-agosto\\\/\",\"url\":\"https:\\\/\\\/www.turismoaguarda.es\\\/gl\\\/programacion-primer-fin-semana-agosto\\\/\",\"name\":\"Programaci\u00f3n para el primer fin de semana de agosto | Turismo A Guarda\",\"isPartOf\":{\"@id\":\"https:\\\/\\\/www.turismoaguarda.es\\\/#website\"},\"primaryImageOfPage\":{\"@id\":\"https:\\\/\\\/www.turismoaguarda.es\\\/gl\\\/programacion-primer-fin-semana-agosto\\\/#primaryimage\"},\"image\":{\"@id\":\"https:\\\/\\\/www.turismoaguarda.es\\\/gl\\\/programacion-primer-fin-semana-agosto\\\/#primaryimage\"},\"thumbnailUrl\":\"https:\\\/\\\/www.turismoaguarda.es\\\/wp-content\\\/uploads\\\/2017\\\/08\\\/1-Festas-San-Caetanorec.jpg\",\"datePublished\":\"2017-08-04T16:42:58+00:00\",\"dateModified\":\"2017-08-04T16:47:20+00:00\",\"author\":{\"@id\":\"https:\\\/\\\/www.turismoaguarda.es\\\/#\\\/schema\\\/person\\\/9282bb1649316a88a88b0eca34bd959b\"},\"breadcrumb\":{\"@id\":\"https:\\\/\\\/www.turismoaguarda.es\\\/gl\\\/programacion-primer-fin-semana-agosto\\\/#breadcrumb\"},\"inLanguage\":\"gl\",\"potentialAction\":[{\"@type\":\"ReadAction\",\"target\":[\"https:\\\/\\\/www.turismoaguarda.es\\\/gl\\\/programacion-primer-fin-semana-agosto\\\/\"]}]},{\"@type\":\"ImageObject\",\"inLanguage\":\"gl\",\"@id\":\"https:\\\/\\\/www.turismoaguarda.es\\\/gl\\\/programacion-primer-fin-semana-agosto\\\/#primaryimage\",\"url\":\"https:\\\/\\\/www.turismoaguarda.es\\\/wp-content\\\/uploads\\\/2017\\\/08\\\/1-Festas-San-Caetanorec.jpg\",\"contentUrl\":\"https:\\\/\\\/www.turismoaguarda.es\\\/wp-content\\\/uploads\\\/2017\\\/08\\\/1-Festas-San-Caetanorec.jpg\",\"width\":424,\"height\":396},{\"@type\":\"BreadcrumbList\",\"@id\":\"https:\\\/\\\/www.turismoaguarda.es\\\/gl\\\/programacion-primer-fin-semana-agosto\\\/#breadcrumb\",\"itemListElement\":[{\"@type\":\"ListItem\",\"position\":1,\"name\":\"Portada\",\"item\":\"https:\\\/\\\/www.turismoaguarda.es\\\/gl\\\/\"},{\"@type\":\"ListItem\",\"position\":2,\"name\":\"Programaci\u00f3n para el primer fin de semana de agosto\"}]},{\"@type\":\"WebSite\",\"@id\":\"https:\\\/\\\/www.turismoaguarda.es\\\/#website\",\"url\":\"https:\\\/\\\/www.turismoaguarda.es\\\/\",\"name\":\"Turismo A Guarda\",\"description\":\"Informaci\u00f3n tur\u00edstica de A Guarda y alrededores.\",\"potentialAction\":[{\"@type\":\"SearchAction\",\"target\":{\"@type\":\"EntryPoint\",\"urlTemplate\":\"https:\\\/\\\/www.turismoaguarda.es\\\/?s={search_term_string}\"},\"query-input\":{\"@type\":\"PropertyValueSpecification\",\"valueRequired\":true,\"valueName\":\"search_term_string\"}}],\"inLanguage\":\"gl\"},{\"@type\":\"Person\",\"@id\":\"https:\\\/\\\/www.turismoaguarda.es\\\/#\\\/schema\\\/person\\\/9282bb1649316a88a88b0eca34bd959b\",\"name\":\"Rosalia Verde\",\"image\":{\"@type\":\"ImageObject\",\"inLanguage\":\"gl\",\"@id\":\"https:\\\/\\\/secure.gravatar.com\\\/avatar\\\/40761cb45c6464d3a83ebde1e1f3fa222726fcacc4d5b5048a7920608c99e0e5?s=96&d=mm&r=g\",\"url\":\"https:\\\/\\\/secure.gravatar.com\\\/avatar\\\/40761cb45c6464d3a83ebde1e1f3fa222726fcacc4d5b5048a7920608c99e0e5?s=96&d=mm&r=g\",\"contentUrl\":\"https:\\\/\\\/secure.gravatar.com\\\/avatar\\\/40761cb45c6464d3a83ebde1e1f3fa222726fcacc4d5b5048a7920608c99e0e5?s=96&d=mm&r=g\",\"caption\":\"Rosalia Verde\"},\"url\":\"https:\\\/\\\/www.turismoaguarda.es\\\/gl\\\/author\\\/rosalia\\\/\"}]}<\/script>\n<!-- \/ Yoast SEO plugin. -->","yoast_head_json":{"title":"Programaci\u00f3n para el primer fin de semana de agosto | Turismo A Guarda","robots":{"index":"index","follow":"follow","max-snippet":"max-snippet:-1","max-image-preview":"max-image-preview:large","max-video-preview":"max-video-preview:-1"},"canonical":"https:\/\/www.turismoaguarda.es\/gl\/programacion-primer-fin-semana-agosto\/","og_locale":"en_US","og_type":"article","og_title":"Programaci\u00f3n para el primer fin de semana de agosto | Turismo A Guarda","og_description":"Festas na honra de San Caetano O barrio da Cruzada celebra as Festas de San Caetano con unha sardi\u00f1ada o venres a partir das 21.00 horas, seguida das actuaci\u00f3n da orquestra Costa Blanca; e o s\u00e1bado, coa gran verbena da man de Los Soprano e Ambar. \u00c1mbolos dous d\u00edas contar\u00e1n co pasarr\u00faas a cargo doLeer m\u00e1is","og_url":"https:\/\/www.turismoaguarda.es\/gl\/programacion-primer-fin-semana-agosto\/","og_site_name":"Turismo A Guarda","article_publisher":"https:\/\/es-es.facebook.com\/Turismo-A-Guarda-126223240790625\/","article_published_time":"2017-08-04T16:42:58+00:00","article_modified_time":"2017-08-04T16:47:20+00:00","og_image":[{"width":424,"height":396,"url":"https:\/\/www.turismoaguarda.es\/wp-content\/uploads\/2017\/08\/1-Festas-San-Caetanorec.jpg","type":"image\/jpeg"}],"author":"Rosalia Verde","twitter_card":"summary_large_image","twitter_creator":"@TurismoAGuarda","twitter_site":"@TurismoAGuarda","twitter_misc":{"Written by":"Rosalia Verde","Est. reading time":"3 minutes"},"schema":{"@context":"https:\/\/schema.org","@graph":[{"@type":"Article","@id":"https:\/\/www.turismoaguarda.es\/gl\/programacion-primer-fin-semana-agosto\/#article","isPartOf":{"@id":"https:\/\/www.turismoaguarda.es\/gl\/programacion-primer-fin-semana-agosto\/"},"author":{"name":"Rosalia Verde","@id":"https:\/\/www.turismoaguarda.es\/#\/schema\/person\/9282bb1649316a88a88b0eca34bd959b"},"headline":"Programaci\u00f3n para el primer fin de semana de agosto","datePublished":"2017-08-04T16:42:58+00:00","dateModified":"2017-08-04T16:47:20+00:00","mainEntityOfPage":{"@id":"https:\/\/www.turismoaguarda.es\/gl\/programacion-primer-fin-semana-agosto\/"},"wordCount":698,"commentCount":0,"image":{"@id":"https:\/\/www.turismoaguarda.es\/gl\/programacion-primer-fin-semana-agosto\/#primaryimage"},"thumbnailUrl":"https:\/\/www.turismoaguarda.es\/wp-content\/uploads\/2017\/08\/1-Festas-San-Caetanorec.jpg","keywords":["Festas de San Caetano","festas do monte","Galifornia Beat","Hockey linea","MASAT","Monte Santa Trega"],"articleSection":["Novas Turismo"],"inLanguage":"gl","potentialAction":[{"@type":"CommentAction","name":"Comment","target":["https:\/\/www.turismoaguarda.es\/gl\/programacion-primer-fin-semana-agosto\/#respond"]}]},{"@type":"WebPage","@id":"https:\/\/www.turismoaguarda.es\/gl\/programacion-primer-fin-semana-agosto\/","url":"https:\/\/www.turismoaguarda.es\/gl\/programacion-primer-fin-semana-agosto\/","name":"Programaci\u00f3n para el primer fin de semana de agosto | Turismo A Guarda","isPartOf":{"@id":"https:\/\/www.turismoaguarda.es\/#website"},"primaryImageOfPage":{"@id":"https:\/\/www.turismoaguarda.es\/gl\/programacion-primer-fin-semana-agosto\/#primaryimage"},"image":{"@id":"https:\/\/www.turismoaguarda.es\/gl\/programacion-primer-fin-semana-agosto\/#primaryimage"},"thumbnailUrl":"https:\/\/www.turismoaguarda.es\/wp-content\/uploads\/2017\/08\/1-Festas-San-Caetanorec.jpg","datePublished":"2017-08-04T16:42:58+00:00","dateModified":"2017-08-04T16:47:20+00:00","author":{"@id":"https:\/\/www.turismoaguarda.es\/#\/schema\/person\/9282bb1649316a88a88b0eca34bd959b"},"breadcrumb":{"@id":"https:\/\/www.turismoaguarda.es\/gl\/programacion-primer-fin-semana-agosto\/#breadcrumb"},"inLanguage":"gl","potentialAction":[{"@type":"ReadAction","target":["https:\/\/www.turismoaguarda.es\/gl\/programacion-primer-fin-semana-agosto\/"]}]},{"@type":"ImageObject","inLanguage":"gl","@id":"https:\/\/www.turismoaguarda.es\/gl\/programacion-primer-fin-semana-agosto\/#primaryimage","url":"https:\/\/www.turismoaguarda.es\/wp-content\/uploads\/2017\/08\/1-Festas-San-Caetanorec.jpg","contentUrl":"https:\/\/www.turismoaguarda.es\/wp-content\/uploads\/2017\/08\/1-Festas-San-Caetanorec.jpg","width":424,"height":396},{"@type":"BreadcrumbList","@id":"https:\/\/www.turismoaguarda.es\/gl\/programacion-primer-fin-semana-agosto\/#breadcrumb","itemListElement":[{"@type":"ListItem","position":1,"name":"Portada","item":"https:\/\/www.turismoaguarda.es\/gl\/"},{"@type":"ListItem","position":2,"name":"Programaci\u00f3n para el primer fin de semana de agosto"}]},{"@type":"WebSite","@id":"https:\/\/www.turismoaguarda.es\/#website","url":"https:\/\/www.turismoaguarda.es\/","name":"Turismo A Guarda","description":"Informaci\u00f3n tur\u00edstica de A Guarda y alrededores.","potentialAction":[{"@type":"SearchAction","target":{"@type":"EntryPoint","urlTemplate":"https:\/\/www.turismoaguarda.es\/?s={search_term_string}"},"query-input":{"@type":"PropertyValueSpecification","valueRequired":true,"valueName":"search_term_string"}}],"inLanguage":"gl"},{"@type":"Person","@id":"https:\/\/www.turismoaguarda.es\/#\/schema\/person\/9282bb1649316a88a88b0eca34bd959b","name":"Rosalia Verde","image":{"@type":"ImageObject","inLanguage":"gl","@id":"https:\/\/secure.gravatar.com\/avatar\/40761cb45c6464d3a83ebde1e1f3fa222726fcacc4d5b5048a7920608c99e0e5?s=96&d=mm&r=g","url":"https:\/\/secure.gravatar.com\/avatar\/40761cb45c6464d3a83ebde1e1f3fa222726fcacc4d5b5048a7920608c99e0e5?s=96&d=mm&r=g","contentUrl":"https:\/\/secure.gravatar.com\/avatar\/40761cb45c6464d3a83ebde1e1f3fa222726fcacc4d5b5048a7920608c99e0e5?s=96&d=mm&r=g","caption":"Rosalia Verde"},"url":"https:\/\/www.turismoaguarda.es\/gl\/author\/rosalia\/"}]}},"_links":{"self":[{"href":"https:\/\/www.turismoaguarda.es\/gl\/wp-json\/wp\/v2\/posts\/5148","targetHints":{"allow":["GET"]}}],"collection":[{"href":"https:\/\/www.turismoaguarda.es\/gl\/wp-json\/wp\/v2\/posts"}],"about":[{"href":"https:\/\/www.turismoaguarda.es\/gl\/wp-json\/wp\/v2\/types\/post"}],"author":[{"embeddable":true,"href":"https:\/\/www.turismoaguarda.es\/gl\/wp-json\/wp\/v2\/users\/7"}],"replies":[{"embeddable":true,"href":"https:\/\/www.turismoaguarda.es\/gl\/wp-json\/wp\/v2\/comments?post=5148"}],"version-history":[{"count":2,"href":"https:\/\/www.turismoaguarda.es\/gl\/wp-json\/wp\/v2\/posts\/5148\/revisions"}],"predecessor-version":[{"id":5152,"href":"https:\/\/www.turismoaguarda.es\/gl\/wp-json\/wp\/v2\/posts\/5148\/revisions\/5152"}],"wp:featuredmedia":[{"embeddable":true,"href":"https:\/\/www.turismoaguarda.es\/gl\/wp-json\/wp\/v2\/media\/5139"}],"wp:attachment":[{"href":"https:\/\/www.turismoaguarda.es\/gl\/wp-json\/wp\/v2\/media?parent=5148"}],"wp:term":[{"taxonomy":"category","embeddable":true,"href":"https:\/\/www.turismoaguarda.es\/gl\/wp-json\/wp\/v2\/categories?post=5148"},{"taxonomy":"post_tag","embeddable":true,"href":"https:\/\/www.turismoaguarda.es\/gl\/wp-json\/wp\/v2\/tags?post=5148"}],"curies":[{"name":"wp","href":"https:\/\/api.w.org\/{rel}","templated":true}]}}