{"id":5038,"date":"2017-07-24T10:55:34","date_gmt":"2017-07-24T10:55:34","guid":{"rendered":"http:\/\/www.turismoaguarda.es\/horario-semanal-del-ferry-guarda-caminha-domingo-30-julio\/"},"modified":"2017-07-24T11:16:34","modified_gmt":"2017-07-24T11:16:34","slug":"horario-semanal-del-ferry-guarda-caminha-domingo-30-julio","status":"publish","type":"post","link":"https:\/\/www.turismoaguarda.es\/gl\/horario-semanal-del-ferry-guarda-caminha-domingo-30-julio\/","title":{"rendered":"Horario semanal do ferry A Guarda \u2013 Caminha ata o domingo 30 de xullo"},"content":{"rendered":"<p class=\"western\" align=\"justify\"><span style=\"font-family: Trebuchet MS,sans-serif;\"><span style=\"font-size: small;\"><span lang=\"gl-ES\">Esta semana as sa\u00eddas do ferry veranse afectadas pola marea baixa. Polo tanto ach\u00e9gase o horario definitivo ata o domingo 30 de xullo coas correspondentes aclaraci\u00f3ns nas casillas das sa\u00eddas que sofren algunha variaci\u00f3n ou cancelaci\u00f3n<\/span><\/span><\/span><\/p>\n<p class=\"western\" lang=\"gl-ES\" align=\"justify\"><span style=\"font-family: Trebuchet MS,sans-serif;\"><span style=\"font-size: small;\">Para m\u00e1is informaci\u00f3n, recomendase chamar ao despacho de billetes 986 61 15 26 no horario de atenci\u00f3n de 10:00 a 13:00 e de 15:00 a 20:00.<\/span><\/span><\/p>\n<p><img loading=\"lazy\" decoding=\"async\" class=\"alignnone size-large wp-image-5035\" src=\"http:\/\/www.turismoaguarda.es\/wp-content\/uploads\/2017\/07\/NP-FERRY-horarios-ata-30-xullo-17-724x1024.jpg\" alt=\"\" width=\"724\" height=\"1024\" srcset=\"https:\/\/www.turismoaguarda.es\/wp-content\/uploads\/2017\/07\/NP-FERRY-horarios-ata-30-xullo-17-724x1024.jpg 724w, https:\/\/www.turismoaguarda.es\/wp-content\/uploads\/2017\/07\/NP-FERRY-horarios-ata-30-xullo-17-212x300.jpg 212w, https:\/\/www.turismoaguarda.es\/wp-content\/uploads\/2017\/07\/NP-FERRY-horarios-ata-30-xullo-17-768x1087.jpg 768w, https:\/\/www.turismoaguarda.es\/wp-content\/uploads\/2017\/07\/NP-FERRY-horarios-ata-30-xullo-17-150x212.jpg 150w, https:\/\/www.turismoaguarda.es\/wp-content\/uploads\/2017\/07\/NP-FERRY-horarios-ata-30-xullo-17-353x500.jpg 353w, https:\/\/www.turismoaguarda.es\/wp-content\/uploads\/2017\/07\/NP-FERRY-horarios-ata-30-xullo-17.jpg 826w\" sizes=\"auto, (max-width: 724px) 100vw, 724px\" \/><\/p>\n<p align=\"justify\">\n<\/p><p align=\"justify\">\n<\/p>","protected":false},"excerpt":{"rendered":"<p>Esta semana as sa\u00eddas do ferry veranse afectadas pola marea baixa. Polo tanto ach\u00e9gase o horario definitivo ata o domingo 30 de xullo coas correspondentes aclaraci\u00f3ns nas casillas das sa\u00eddas que sofren algunha variaci\u00f3n ou cancelaci\u00f3n Para m\u00e1is informaci\u00f3n, recomendase chamar ao despacho de billetes 986 61 15 26 no horario de atenci\u00f3n de 10:00<\/p>\n<div class=\"padding-top text-center\"><a href=\"https:\/\/www.turismoaguarda.es\/gl\/horario-semanal-del-ferry-guarda-caminha-domingo-30-julio\/\" class=\"atbtn atbtn--medium atbtn--rounded atbtn--transparent\">Leer m\u00e1is<i class=\"atbtn__icon atbtn__icon--right fa fa-long-arrow-right\"><\/i><\/a><\/div>\n","protected":false},"author":7,"featured_media":4934,"comment_status":"open","ping_status":"open","sticky":false,"template":"","format":"standard","meta":{"footnotes":""},"categories":[94],"tags":[428,429,993],"class_list":["post-5038","post","type-post","status-publish","format-standard","has-post-thumbnail","hentry","category-novas-turismo","tag-caminha-gl","tag-ferry-gl","tag-transbordador-gl"],"yoast_head":"<!-- This site is optimized with the Yoast SEO plugin v27.5 - https:\/\/yoast.com\/product\/yoast-seo-wordpress\/ -->\n<title>Horario semanal do ferry A Guarda \u2013 Caminha ata o domingo 30 de xullo | Turismo A Guarda<\/title>\n<meta name=\"robots\" content=\"index, follow, max-snippet:-1, max-image-preview:large, max-video-preview:-1\" \/>\n<link rel=\"canonical\" href=\"https:\/\/www.turismoaguarda.es\/gl\/horario-semanal-del-ferry-guarda-caminha-domingo-30-julio\/\" \/>\n<meta property=\"og:locale\" content=\"en_US\" \/>\n<meta property=\"og:type\" content=\"article\" \/>\n<meta property=\"og:title\" content=\"Horario semanal do ferry A Guarda \u2013 Caminha ata o domingo 30 de xullo | Turismo A Guarda\" \/>\n<meta property=\"og:description\" content=\"Esta semana as sa\u00eddas do ferry veranse afectadas pola marea baixa. Polo tanto ach\u00e9gase o horario definitivo ata o domingo 30 de xullo coas correspondentes aclaraci\u00f3ns nas casillas das sa\u00eddas que sofren algunha variaci\u00f3n ou cancelaci\u00f3n Para m\u00e1is informaci\u00f3n, recomendase chamar ao despacho de billetes 986 61 15 26 no horario de atenci\u00f3n de 10:00Leer m\u00e1is\" \/>\n<meta property=\"og:url\" content=\"https:\/\/www.turismoaguarda.es\/gl\/horario-semanal-del-ferry-guarda-caminha-domingo-30-julio\/\" \/>\n<meta property=\"og:site_name\" content=\"Turismo A Guarda\" \/>\n<meta property=\"article:publisher\" content=\"https:\/\/es-es.facebook.com\/Turismo-A-Guarda-126223240790625\/\" \/>\n<meta property=\"article:published_time\" content=\"2017-07-24T10:55:34+00:00\" \/>\n<meta property=\"article:modified_time\" content=\"2017-07-24T11:16:34+00:00\" \/>\n<meta property=\"og:image\" content=\"https:\/\/www.turismoaguarda.es\/wp-content\/uploads\/2017\/07\/tn_ferry.jpg\" \/>\n\t<meta property=\"og:image:width\" content=\"640\" \/>\n\t<meta property=\"og:image:height\" content=\"480\" \/>\n\t<meta property=\"og:image:type\" content=\"image\/jpeg\" \/>\n<meta name=\"author\" content=\"Rosalia Verde\" \/>\n<meta name=\"twitter:card\" content=\"summary_large_image\" \/>\n<meta name=\"twitter:creator\" content=\"@TurismoAGuarda\" \/>\n<meta name=\"twitter:site\" content=\"@TurismoAGuarda\" \/>\n<meta name=\"twitter:label1\" content=\"Written by\" \/>\n\t<meta name=\"twitter:data1\" content=\"Rosalia Verde\" \/>\n<script type=\"application\/ld+json\" class=\"yoast-schema-graph\">{\"@context\":\"https:\\\/\\\/schema.org\",\"@graph\":[{\"@type\":\"Article\",\"@id\":\"https:\\\/\\\/www.turismoaguarda.es\\\/gl\\\/horario-semanal-del-ferry-guarda-caminha-domingo-30-julio\\\/#article\",\"isPartOf\":{\"@id\":\"https:\\\/\\\/www.turismoaguarda.es\\\/gl\\\/horario-semanal-del-ferry-guarda-caminha-domingo-30-julio\\\/\"},\"author\":{\"name\":\"Rosalia Verde\",\"@id\":\"https:\\\/\\\/www.turismoaguarda.es\\\/#\\\/schema\\\/person\\\/9282bb1649316a88a88b0eca34bd959b\"},\"headline\":\"Horario semanal do ferry A Guarda \u2013 Caminha ata o domingo 30 de xullo\",\"datePublished\":\"2017-07-24T10:55:34+00:00\",\"dateModified\":\"2017-07-24T11:16:34+00:00\",\"mainEntityOfPage\":{\"@id\":\"https:\\\/\\\/www.turismoaguarda.es\\\/gl\\\/horario-semanal-del-ferry-guarda-caminha-domingo-30-julio\\\/\"},\"wordCount\":74,\"commentCount\":0,\"image\":{\"@id\":\"https:\\\/\\\/www.turismoaguarda.es\\\/gl\\\/horario-semanal-del-ferry-guarda-caminha-domingo-30-julio\\\/#primaryimage\"},\"thumbnailUrl\":\"https:\\\/\\\/www.turismoaguarda.es\\\/wp-content\\\/uploads\\\/2017\\\/07\\\/tn_ferry.jpg\",\"keywords\":[\"Caminha\",\"ferry\",\"transbordador\"],\"articleSection\":[\"Novas Turismo\"],\"inLanguage\":\"gl\",\"potentialAction\":[{\"@type\":\"CommentAction\",\"name\":\"Comment\",\"target\":[\"https:\\\/\\\/www.turismoaguarda.es\\\/gl\\\/horario-semanal-del-ferry-guarda-caminha-domingo-30-julio\\\/#respond\"]}]},{\"@type\":\"WebPage\",\"@id\":\"https:\\\/\\\/www.turismoaguarda.es\\\/gl\\\/horario-semanal-del-ferry-guarda-caminha-domingo-30-julio\\\/\",\"url\":\"https:\\\/\\\/www.turismoaguarda.es\\\/gl\\\/horario-semanal-del-ferry-guarda-caminha-domingo-30-julio\\\/\",\"name\":\"Horario semanal do ferry A Guarda \u2013 Caminha ata o domingo 30 de xullo | Turismo A Guarda\",\"isPartOf\":{\"@id\":\"https:\\\/\\\/www.turismoaguarda.es\\\/#website\"},\"primaryImageOfPage\":{\"@id\":\"https:\\\/\\\/www.turismoaguarda.es\\\/gl\\\/horario-semanal-del-ferry-guarda-caminha-domingo-30-julio\\\/#primaryimage\"},\"image\":{\"@id\":\"https:\\\/\\\/www.turismoaguarda.es\\\/gl\\\/horario-semanal-del-ferry-guarda-caminha-domingo-30-julio\\\/#primaryimage\"},\"thumbnailUrl\":\"https:\\\/\\\/www.turismoaguarda.es\\\/wp-content\\\/uploads\\\/2017\\\/07\\\/tn_ferry.jpg\",\"datePublished\":\"2017-07-24T10:55:34+00:00\",\"dateModified\":\"2017-07-24T11:16:34+00:00\",\"author\":{\"@id\":\"https:\\\/\\\/www.turismoaguarda.es\\\/#\\\/schema\\\/person\\\/9282bb1649316a88a88b0eca34bd959b\"},\"breadcrumb\":{\"@id\":\"https:\\\/\\\/www.turismoaguarda.es\\\/gl\\\/horario-semanal-del-ferry-guarda-caminha-domingo-30-julio\\\/#breadcrumb\"},\"inLanguage\":\"gl\",\"potentialAction\":[{\"@type\":\"ReadAction\",\"target\":[\"https:\\\/\\\/www.turismoaguarda.es\\\/gl\\\/horario-semanal-del-ferry-guarda-caminha-domingo-30-julio\\\/\"]}]},{\"@type\":\"ImageObject\",\"inLanguage\":\"gl\",\"@id\":\"https:\\\/\\\/www.turismoaguarda.es\\\/gl\\\/horario-semanal-del-ferry-guarda-caminha-domingo-30-julio\\\/#primaryimage\",\"url\":\"https:\\\/\\\/www.turismoaguarda.es\\\/wp-content\\\/uploads\\\/2017\\\/07\\\/tn_ferry.jpg\",\"contentUrl\":\"https:\\\/\\\/www.turismoaguarda.es\\\/wp-content\\\/uploads\\\/2017\\\/07\\\/tn_ferry.jpg\",\"width\":640,\"height\":480},{\"@type\":\"BreadcrumbList\",\"@id\":\"https:\\\/\\\/www.turismoaguarda.es\\\/gl\\\/horario-semanal-del-ferry-guarda-caminha-domingo-30-julio\\\/#breadcrumb\",\"itemListElement\":[{\"@type\":\"ListItem\",\"position\":1,\"name\":\"Portada\",\"item\":\"https:\\\/\\\/www.turismoaguarda.es\\\/gl\\\/\"},{\"@type\":\"ListItem\",\"position\":2,\"name\":\"Horario semanal do ferry A Guarda \u2013 Caminha ata o domingo 30 de xullo\"}]},{\"@type\":\"WebSite\",\"@id\":\"https:\\\/\\\/www.turismoaguarda.es\\\/#website\",\"url\":\"https:\\\/\\\/www.turismoaguarda.es\\\/\",\"name\":\"Turismo A Guarda\",\"description\":\"Informaci\u00f3n tur\u00edstica de A Guarda y alrededores.\",\"potentialAction\":[{\"@type\":\"SearchAction\",\"target\":{\"@type\":\"EntryPoint\",\"urlTemplate\":\"https:\\\/\\\/www.turismoaguarda.es\\\/?s={search_term_string}\"},\"query-input\":{\"@type\":\"PropertyValueSpecification\",\"valueRequired\":true,\"valueName\":\"search_term_string\"}}],\"inLanguage\":\"gl\"},{\"@type\":\"Person\",\"@id\":\"https:\\\/\\\/www.turismoaguarda.es\\\/#\\\/schema\\\/person\\\/9282bb1649316a88a88b0eca34bd959b\",\"name\":\"Rosalia Verde\",\"image\":{\"@type\":\"ImageObject\",\"inLanguage\":\"gl\",\"@id\":\"https:\\\/\\\/secure.gravatar.com\\\/avatar\\\/40761cb45c6464d3a83ebde1e1f3fa222726fcacc4d5b5048a7920608c99e0e5?s=96&d=mm&r=g\",\"url\":\"https:\\\/\\\/secure.gravatar.com\\\/avatar\\\/40761cb45c6464d3a83ebde1e1f3fa222726fcacc4d5b5048a7920608c99e0e5?s=96&d=mm&r=g\",\"contentUrl\":\"https:\\\/\\\/secure.gravatar.com\\\/avatar\\\/40761cb45c6464d3a83ebde1e1f3fa222726fcacc4d5b5048a7920608c99e0e5?s=96&d=mm&r=g\",\"caption\":\"Rosalia Verde\"},\"url\":\"https:\\\/\\\/www.turismoaguarda.es\\\/gl\\\/author\\\/rosalia\\\/\"}]}<\/script>\n<!-- \/ Yoast SEO plugin. -->","yoast_head_json":{"title":"Horario semanal do ferry A Guarda \u2013 Caminha ata o domingo 30 de xullo | Turismo A Guarda","robots":{"index":"index","follow":"follow","max-snippet":"max-snippet:-1","max-image-preview":"max-image-preview:large","max-video-preview":"max-video-preview:-1"},"canonical":"https:\/\/www.turismoaguarda.es\/gl\/horario-semanal-del-ferry-guarda-caminha-domingo-30-julio\/","og_locale":"en_US","og_type":"article","og_title":"Horario semanal do ferry A Guarda \u2013 Caminha ata o domingo 30 de xullo | Turismo A Guarda","og_description":"Esta semana as sa\u00eddas do ferry veranse afectadas pola marea baixa. Polo tanto ach\u00e9gase o horario definitivo ata o domingo 30 de xullo coas correspondentes aclaraci\u00f3ns nas casillas das sa\u00eddas que sofren algunha variaci\u00f3n ou cancelaci\u00f3n Para m\u00e1is informaci\u00f3n, recomendase chamar ao despacho de billetes 986 61 15 26 no horario de atenci\u00f3n de 10:00Leer m\u00e1is","og_url":"https:\/\/www.turismoaguarda.es\/gl\/horario-semanal-del-ferry-guarda-caminha-domingo-30-julio\/","og_site_name":"Turismo A Guarda","article_publisher":"https:\/\/es-es.facebook.com\/Turismo-A-Guarda-126223240790625\/","article_published_time":"2017-07-24T10:55:34+00:00","article_modified_time":"2017-07-24T11:16:34+00:00","og_image":[{"width":640,"height":480,"url":"https:\/\/www.turismoaguarda.es\/wp-content\/uploads\/2017\/07\/tn_ferry.jpg","type":"image\/jpeg"}],"author":"Rosalia Verde","twitter_card":"summary_large_image","twitter_creator":"@TurismoAGuarda","twitter_site":"@TurismoAGuarda","twitter_misc":{"Written by":"Rosalia Verde"},"schema":{"@context":"https:\/\/schema.org","@graph":[{"@type":"Article","@id":"https:\/\/www.turismoaguarda.es\/gl\/horario-semanal-del-ferry-guarda-caminha-domingo-30-julio\/#article","isPartOf":{"@id":"https:\/\/www.turismoaguarda.es\/gl\/horario-semanal-del-ferry-guarda-caminha-domingo-30-julio\/"},"author":{"name":"Rosalia Verde","@id":"https:\/\/www.turismoaguarda.es\/#\/schema\/person\/9282bb1649316a88a88b0eca34bd959b"},"headline":"Horario semanal do ferry A Guarda \u2013 Caminha ata o domingo 30 de xullo","datePublished":"2017-07-24T10:55:34+00:00","dateModified":"2017-07-24T11:16:34+00:00","mainEntityOfPage":{"@id":"https:\/\/www.turismoaguarda.es\/gl\/horario-semanal-del-ferry-guarda-caminha-domingo-30-julio\/"},"wordCount":74,"commentCount":0,"image":{"@id":"https:\/\/www.turismoaguarda.es\/gl\/horario-semanal-del-ferry-guarda-caminha-domingo-30-julio\/#primaryimage"},"thumbnailUrl":"https:\/\/www.turismoaguarda.es\/wp-content\/uploads\/2017\/07\/tn_ferry.jpg","keywords":["Caminha","ferry","transbordador"],"articleSection":["Novas Turismo"],"inLanguage":"gl","potentialAction":[{"@type":"CommentAction","name":"Comment","target":["https:\/\/www.turismoaguarda.es\/gl\/horario-semanal-del-ferry-guarda-caminha-domingo-30-julio\/#respond"]}]},{"@type":"WebPage","@id":"https:\/\/www.turismoaguarda.es\/gl\/horario-semanal-del-ferry-guarda-caminha-domingo-30-julio\/","url":"https:\/\/www.turismoaguarda.es\/gl\/horario-semanal-del-ferry-guarda-caminha-domingo-30-julio\/","name":"Horario semanal do ferry A Guarda \u2013 Caminha ata o domingo 30 de xullo | Turismo A Guarda","isPartOf":{"@id":"https:\/\/www.turismoaguarda.es\/#website"},"primaryImageOfPage":{"@id":"https:\/\/www.turismoaguarda.es\/gl\/horario-semanal-del-ferry-guarda-caminha-domingo-30-julio\/#primaryimage"},"image":{"@id":"https:\/\/www.turismoaguarda.es\/gl\/horario-semanal-del-ferry-guarda-caminha-domingo-30-julio\/#primaryimage"},"thumbnailUrl":"https:\/\/www.turismoaguarda.es\/wp-content\/uploads\/2017\/07\/tn_ferry.jpg","datePublished":"2017-07-24T10:55:34+00:00","dateModified":"2017-07-24T11:16:34+00:00","author":{"@id":"https:\/\/www.turismoaguarda.es\/#\/schema\/person\/9282bb1649316a88a88b0eca34bd959b"},"breadcrumb":{"@id":"https:\/\/www.turismoaguarda.es\/gl\/horario-semanal-del-ferry-guarda-caminha-domingo-30-julio\/#breadcrumb"},"inLanguage":"gl","potentialAction":[{"@type":"ReadAction","target":["https:\/\/www.turismoaguarda.es\/gl\/horario-semanal-del-ferry-guarda-caminha-domingo-30-julio\/"]}]},{"@type":"ImageObject","inLanguage":"gl","@id":"https:\/\/www.turismoaguarda.es\/gl\/horario-semanal-del-ferry-guarda-caminha-domingo-30-julio\/#primaryimage","url":"https:\/\/www.turismoaguarda.es\/wp-content\/uploads\/2017\/07\/tn_ferry.jpg","contentUrl":"https:\/\/www.turismoaguarda.es\/wp-content\/uploads\/2017\/07\/tn_ferry.jpg","width":640,"height":480},{"@type":"BreadcrumbList","@id":"https:\/\/www.turismoaguarda.es\/gl\/horario-semanal-del-ferry-guarda-caminha-domingo-30-julio\/#breadcrumb","itemListElement":[{"@type":"ListItem","position":1,"name":"Portada","item":"https:\/\/www.turismoaguarda.es\/gl\/"},{"@type":"ListItem","position":2,"name":"Horario semanal do ferry A Guarda \u2013 Caminha ata o domingo 30 de xullo"}]},{"@type":"WebSite","@id":"https:\/\/www.turismoaguarda.es\/#website","url":"https:\/\/www.turismoaguarda.es\/","name":"Turismo A Guarda","description":"Informaci\u00f3n tur\u00edstica de A Guarda y alrededores.","potentialAction":[{"@type":"SearchAction","target":{"@type":"EntryPoint","urlTemplate":"https:\/\/www.turismoaguarda.es\/?s={search_term_string}"},"query-input":{"@type":"PropertyValueSpecification","valueRequired":true,"valueName":"search_term_string"}}],"inLanguage":"gl"},{"@type":"Person","@id":"https:\/\/www.turismoaguarda.es\/#\/schema\/person\/9282bb1649316a88a88b0eca34bd959b","name":"Rosalia Verde","image":{"@type":"ImageObject","inLanguage":"gl","@id":"https:\/\/secure.gravatar.com\/avatar\/40761cb45c6464d3a83ebde1e1f3fa222726fcacc4d5b5048a7920608c99e0e5?s=96&d=mm&r=g","url":"https:\/\/secure.gravatar.com\/avatar\/40761cb45c6464d3a83ebde1e1f3fa222726fcacc4d5b5048a7920608c99e0e5?s=96&d=mm&r=g","contentUrl":"https:\/\/secure.gravatar.com\/avatar\/40761cb45c6464d3a83ebde1e1f3fa222726fcacc4d5b5048a7920608c99e0e5?s=96&d=mm&r=g","caption":"Rosalia Verde"},"url":"https:\/\/www.turismoaguarda.es\/gl\/author\/rosalia\/"}]}},"_links":{"self":[{"href":"https:\/\/www.turismoaguarda.es\/gl\/wp-json\/wp\/v2\/posts\/5038","targetHints":{"allow":["GET"]}}],"collection":[{"href":"https:\/\/www.turismoaguarda.es\/gl\/wp-json\/wp\/v2\/posts"}],"about":[{"href":"https:\/\/www.turismoaguarda.es\/gl\/wp-json\/wp\/v2\/types\/post"}],"author":[{"embeddable":true,"href":"https:\/\/www.turismoaguarda.es\/gl\/wp-json\/wp\/v2\/users\/7"}],"replies":[{"embeddable":true,"href":"https:\/\/www.turismoaguarda.es\/gl\/wp-json\/wp\/v2\/comments?post=5038"}],"version-history":[{"count":2,"href":"https:\/\/www.turismoaguarda.es\/gl\/wp-json\/wp\/v2\/posts\/5038\/revisions"}],"predecessor-version":[{"id":5040,"href":"https:\/\/www.turismoaguarda.es\/gl\/wp-json\/wp\/v2\/posts\/5038\/revisions\/5040"}],"wp:featuredmedia":[{"embeddable":true,"href":"https:\/\/www.turismoaguarda.es\/gl\/wp-json\/wp\/v2\/media\/4934"}],"wp:attachment":[{"href":"https:\/\/www.turismoaguarda.es\/gl\/wp-json\/wp\/v2\/media?parent=5038"}],"wp:term":[{"taxonomy":"category","embeddable":true,"href":"https:\/\/www.turismoaguarda.es\/gl\/wp-json\/wp\/v2\/categories?post=5038"},{"taxonomy":"post_tag","embeddable":true,"href":"https:\/\/www.turismoaguarda.es\/gl\/wp-json\/wp\/v2\/tags?post=5038"}],"curies":[{"name":"wp","href":"https:\/\/api.w.org\/{rel}","templated":true}]}}