{"id":4983,"date":"2017-07-13T12:18:37","date_gmt":"2017-07-13T12:18:37","guid":{"rendered":"http:\/\/www.turismoaguarda.es\/comienzan-las-visitas-teatralizadas-conocer-la-historia-mas-reciente-guarda\/"},"modified":"2017-07-13T12:22:06","modified_gmt":"2017-07-13T12:22:06","slug":"comienzan-las-visitas-teatralizadas-conocer-la-historia-mas-reciente-guarda","status":"publish","type":"post","link":"https:\/\/www.turismoaguarda.es\/gl\/comienzan-las-visitas-teatralizadas-conocer-la-historia-mas-reciente-guarda\/","title":{"rendered":"Comezan as visitas teatralizadas para co\u00f1ecer a historia m\u00e1is recente da Guarda"},"content":{"rendered":"<p align=\"justify\">Este xoves, 13 de xullo, comeza na vila da Guarda a programaci\u00f3n de visitas teatralizadas que se repetir\u00e1 semanalmente durante todo o ver\u00e1n ata o vindeiro 7 de setembro.<\/p>\n<p align=\"justify\">Esta actividade pretende amosar a nosa historia e patrimonio dun xeito ameno e diferente, conxugando a t\u00e9cnica teatral coa divulgaci\u00f3n do noso pasado. As visitas realizadas pola compa\u00f1\u00eda Os Quinquill\u00e1ns, percorrer\u00e1n o centro hist\u00f3rico, comezando \u00e1s 21.30h. na Praza da Igrexa, para continuar o itinerario pola Praza do Rel\u00f3, r\u00faa Col\u00f3n, r\u00faa Baixo Muro, r\u00faa Jos\u00e9 Mar\u00eda Lomba Pe\u00f1a, r\u00faa Malteses, para chegar \u00f3 Porto da Guarda.<\/p>\n<p align=\"justify\">Os actores protagonistas, Lucho Penabade e Tero Rodr\u00edguez, dar\u00e1n vida a dous personaxes influentes da Guarda de 1930. Nese momento, coincidindo coa celebraci\u00f3n da chegada do primeiro guard\u00e9s a Porto Rico, deciden congregar \u00e1 poboaci\u00f3n no centro da vila para gravar unha pel\u00edcula que remitir\u00e1n \u00e1 sociedade guardesa en Am\u00e9rica. A trav\u00e9s deste f\u00edo condutor, a compa\u00f1\u00eda fai unha intensa labor de amosar os diferentes monumentos e lugares emblem\u00e1ticos do centro da Guarda. Pero por se isto fora pouco, o espect\u00e1culo agocha sorpresas musicais coa intervenci\u00f3n de m\u00fasicos destacados como Paco Nogueiras ou o d\u00fao Barahunda.<\/p>\n<p align=\"justify\">Todos estes ingredientes fan desta actividade unha proposta diferente, divertida e que promete ser participativa. \u00c9 por iso que dende o Concello da Guarda esperamos que guste tanto \u00e1 poboaci\u00f3n local como \u00f3s visitantes que se achegan nesta \u00e9poca. \u00a0Sen m\u00e1is, convocamos a asistir \u00e1 poboaci\u00f3 do mesmo xeito que se fac\u00eda en 1930.<\/p>\n<p>&nbsp;<\/p>\n<p>&nbsp;<\/p>\n<p><img loading=\"lazy\" decoding=\"async\" class=\"size-full wp-image-4980 aligncenter\" src=\"http:\/\/www.turismoaguarda.es\/wp-content\/uploads\/2017\/07\/visitas-teatralizadas.jpg\" alt=\"\" width=\"800\" height=\"569\" srcset=\"https:\/\/www.turismoaguarda.es\/wp-content\/uploads\/2017\/07\/visitas-teatralizadas.jpg 800w, https:\/\/www.turismoaguarda.es\/wp-content\/uploads\/2017\/07\/visitas-teatralizadas-300x213.jpg 300w, https:\/\/www.turismoaguarda.es\/wp-content\/uploads\/2017\/07\/visitas-teatralizadas-768x546.jpg 768w, https:\/\/www.turismoaguarda.es\/wp-content\/uploads\/2017\/07\/visitas-teatralizadas-150x107.jpg 150w, https:\/\/www.turismoaguarda.es\/wp-content\/uploads\/2017\/07\/visitas-teatralizadas-500x356.jpg 500w\" sizes=\"auto, (max-width: 800px) 100vw, 800px\" \/><\/p>\n<p>&nbsp;<\/p>\n","protected":false},"excerpt":{"rendered":"<p>Este xoves, 13 de xullo, comeza na vila da Guarda a programaci\u00f3n de visitas teatralizadas que se repetir\u00e1 semanalmente durante todo o ver\u00e1n ata o vindeiro 7 de setembro. Esta actividade pretende amosar a nosa historia e patrimonio dun xeito ameno e diferente, conxugando a t\u00e9cnica teatral coa divulgaci\u00f3n do noso pasado. As visitas realizadas<\/p>\n<div class=\"padding-top text-center\"><a href=\"https:\/\/www.turismoaguarda.es\/gl\/comienzan-las-visitas-teatralizadas-conocer-la-historia-mas-reciente-guarda\/\" class=\"atbtn atbtn--medium atbtn--rounded atbtn--transparent\">Leer m\u00e1is<i class=\"atbtn__icon atbtn__icon--right fa fa-long-arrow-right\"><\/i><\/a><\/div>\n","protected":false},"author":7,"featured_media":4979,"comment_status":"open","ping_status":"open","sticky":false,"template":"","format":"standard","meta":{"footnotes":""},"categories":[94],"tags":[170,990,796,272,978,862],"class_list":["post-4983","post","type-post","status-publish","format-standard","has-post-thumbnail","hentry","category-novas-turismo","tag-a-guarda-gl","tag-os-quinquillans-gl","tag-praza-do-relo-gl","tag-teatro-gl","tag-visitas-gl","tag-visitas-guiadas-gl"],"yoast_head":"<!-- This site is optimized with the Yoast SEO plugin v27.5 - https:\/\/yoast.com\/product\/yoast-seo-wordpress\/ -->\n<title>Comezan as visitas teatralizadas para co\u00f1ecer a historia m\u00e1is recente da Guarda | Turismo A Guarda<\/title>\n<meta name=\"robots\" content=\"index, follow, max-snippet:-1, max-image-preview:large, max-video-preview:-1\" \/>\n<link rel=\"canonical\" href=\"https:\/\/www.turismoaguarda.es\/gl\/comienzan-las-visitas-teatralizadas-conocer-la-historia-mas-reciente-guarda\/\" \/>\n<meta property=\"og:locale\" content=\"en_US\" \/>\n<meta property=\"og:type\" content=\"article\" \/>\n<meta property=\"og:title\" content=\"Comezan as visitas teatralizadas para co\u00f1ecer a historia m\u00e1is recente da Guarda | Turismo A Guarda\" \/>\n<meta property=\"og:description\" content=\"Este xoves, 13 de xullo, comeza na vila da Guarda a programaci\u00f3n de visitas teatralizadas que se repetir\u00e1 semanalmente durante todo o ver\u00e1n ata o vindeiro 7 de setembro. Esta actividade pretende amosar a nosa historia e patrimonio dun xeito ameno e diferente, conxugando a t\u00e9cnica teatral coa divulgaci\u00f3n do noso pasado. As visitas realizadasLeer m\u00e1is\" \/>\n<meta property=\"og:url\" content=\"https:\/\/www.turismoaguarda.es\/gl\/comienzan-las-visitas-teatralizadas-conocer-la-historia-mas-reciente-guarda\/\" \/>\n<meta property=\"og:site_name\" content=\"Turismo A Guarda\" \/>\n<meta property=\"article:publisher\" content=\"https:\/\/es-es.facebook.com\/Turismo-A-Guarda-126223240790625\/\" \/>\n<meta property=\"article:published_time\" content=\"2017-07-13T12:18:37+00:00\" \/>\n<meta property=\"article:modified_time\" content=\"2017-07-13T12:22:06+00:00\" \/>\n<meta property=\"og:image\" content=\"https:\/\/www.turismoaguarda.es\/wp-content\/uploads\/2017\/07\/ribadeo-2-1.jpg\" \/>\n\t<meta property=\"og:image:width\" content=\"277\" \/>\n\t<meta property=\"og:image:height\" content=\"232\" \/>\n\t<meta property=\"og:image:type\" content=\"image\/jpeg\" \/>\n<meta name=\"author\" content=\"Rosalia Verde\" \/>\n<meta name=\"twitter:card\" content=\"summary_large_image\" \/>\n<meta name=\"twitter:creator\" content=\"@TurismoAGuarda\" \/>\n<meta name=\"twitter:site\" content=\"@TurismoAGuarda\" \/>\n<meta name=\"twitter:label1\" content=\"Written by\" \/>\n\t<meta name=\"twitter:data1\" content=\"Rosalia Verde\" \/>\n\t<meta name=\"twitter:label2\" content=\"Est. reading time\" \/>\n\t<meta name=\"twitter:data2\" content=\"1 minute\" \/>\n<script type=\"application\/ld+json\" class=\"yoast-schema-graph\">{\"@context\":\"https:\\\/\\\/schema.org\",\"@graph\":[{\"@type\":\"Article\",\"@id\":\"https:\\\/\\\/www.turismoaguarda.es\\\/gl\\\/comienzan-las-visitas-teatralizadas-conocer-la-historia-mas-reciente-guarda\\\/#article\",\"isPartOf\":{\"@id\":\"https:\\\/\\\/www.turismoaguarda.es\\\/gl\\\/comienzan-las-visitas-teatralizadas-conocer-la-historia-mas-reciente-guarda\\\/\"},\"author\":{\"name\":\"Rosalia Verde\",\"@id\":\"https:\\\/\\\/www.turismoaguarda.es\\\/#\\\/schema\\\/person\\\/9282bb1649316a88a88b0eca34bd959b\"},\"headline\":\"Comezan as visitas teatralizadas para co\u00f1ecer a historia m\u00e1is recente da Guarda\",\"datePublished\":\"2017-07-13T12:18:37+00:00\",\"dateModified\":\"2017-07-13T12:22:06+00:00\",\"mainEntityOfPage\":{\"@id\":\"https:\\\/\\\/www.turismoaguarda.es\\\/gl\\\/comienzan-las-visitas-teatralizadas-conocer-la-historia-mas-reciente-guarda\\\/\"},\"wordCount\":287,\"commentCount\":0,\"image\":{\"@id\":\"https:\\\/\\\/www.turismoaguarda.es\\\/gl\\\/comienzan-las-visitas-teatralizadas-conocer-la-historia-mas-reciente-guarda\\\/#primaryimage\"},\"thumbnailUrl\":\"https:\\\/\\\/www.turismoaguarda.es\\\/wp-content\\\/uploads\\\/2017\\\/07\\\/ribadeo-2-1.jpg\",\"keywords\":[\"A Guarda\",\"os quinquillans\",\"Praza do Rel\u00f3\",\"teatro\",\"visitas\",\"visitas guiadas\"],\"articleSection\":[\"Novas Turismo\"],\"inLanguage\":\"gl\",\"potentialAction\":[{\"@type\":\"CommentAction\",\"name\":\"Comment\",\"target\":[\"https:\\\/\\\/www.turismoaguarda.es\\\/gl\\\/comienzan-las-visitas-teatralizadas-conocer-la-historia-mas-reciente-guarda\\\/#respond\"]}]},{\"@type\":\"WebPage\",\"@id\":\"https:\\\/\\\/www.turismoaguarda.es\\\/gl\\\/comienzan-las-visitas-teatralizadas-conocer-la-historia-mas-reciente-guarda\\\/\",\"url\":\"https:\\\/\\\/www.turismoaguarda.es\\\/gl\\\/comienzan-las-visitas-teatralizadas-conocer-la-historia-mas-reciente-guarda\\\/\",\"name\":\"Comezan as visitas teatralizadas para co\u00f1ecer a historia m\u00e1is recente da Guarda | Turismo A Guarda\",\"isPartOf\":{\"@id\":\"https:\\\/\\\/www.turismoaguarda.es\\\/#website\"},\"primaryImageOfPage\":{\"@id\":\"https:\\\/\\\/www.turismoaguarda.es\\\/gl\\\/comienzan-las-visitas-teatralizadas-conocer-la-historia-mas-reciente-guarda\\\/#primaryimage\"},\"image\":{\"@id\":\"https:\\\/\\\/www.turismoaguarda.es\\\/gl\\\/comienzan-las-visitas-teatralizadas-conocer-la-historia-mas-reciente-guarda\\\/#primaryimage\"},\"thumbnailUrl\":\"https:\\\/\\\/www.turismoaguarda.es\\\/wp-content\\\/uploads\\\/2017\\\/07\\\/ribadeo-2-1.jpg\",\"datePublished\":\"2017-07-13T12:18:37+00:00\",\"dateModified\":\"2017-07-13T12:22:06+00:00\",\"author\":{\"@id\":\"https:\\\/\\\/www.turismoaguarda.es\\\/#\\\/schema\\\/person\\\/9282bb1649316a88a88b0eca34bd959b\"},\"breadcrumb\":{\"@id\":\"https:\\\/\\\/www.turismoaguarda.es\\\/gl\\\/comienzan-las-visitas-teatralizadas-conocer-la-historia-mas-reciente-guarda\\\/#breadcrumb\"},\"inLanguage\":\"gl\",\"potentialAction\":[{\"@type\":\"ReadAction\",\"target\":[\"https:\\\/\\\/www.turismoaguarda.es\\\/gl\\\/comienzan-las-visitas-teatralizadas-conocer-la-historia-mas-reciente-guarda\\\/\"]}]},{\"@type\":\"ImageObject\",\"inLanguage\":\"gl\",\"@id\":\"https:\\\/\\\/www.turismoaguarda.es\\\/gl\\\/comienzan-las-visitas-teatralizadas-conocer-la-historia-mas-reciente-guarda\\\/#primaryimage\",\"url\":\"https:\\\/\\\/www.turismoaguarda.es\\\/wp-content\\\/uploads\\\/2017\\\/07\\\/ribadeo-2-1.jpg\",\"contentUrl\":\"https:\\\/\\\/www.turismoaguarda.es\\\/wp-content\\\/uploads\\\/2017\\\/07\\\/ribadeo-2-1.jpg\",\"width\":277,\"height\":232},{\"@type\":\"BreadcrumbList\",\"@id\":\"https:\\\/\\\/www.turismoaguarda.es\\\/gl\\\/comienzan-las-visitas-teatralizadas-conocer-la-historia-mas-reciente-guarda\\\/#breadcrumb\",\"itemListElement\":[{\"@type\":\"ListItem\",\"position\":1,\"name\":\"Portada\",\"item\":\"https:\\\/\\\/www.turismoaguarda.es\\\/gl\\\/\"},{\"@type\":\"ListItem\",\"position\":2,\"name\":\"Comezan as visitas teatralizadas para co\u00f1ecer a historia m\u00e1is recente da Guarda\"}]},{\"@type\":\"WebSite\",\"@id\":\"https:\\\/\\\/www.turismoaguarda.es\\\/#website\",\"url\":\"https:\\\/\\\/www.turismoaguarda.es\\\/\",\"name\":\"Turismo A Guarda\",\"description\":\"Informaci\u00f3n tur\u00edstica de A Guarda y alrededores.\",\"potentialAction\":[{\"@type\":\"SearchAction\",\"target\":{\"@type\":\"EntryPoint\",\"urlTemplate\":\"https:\\\/\\\/www.turismoaguarda.es\\\/?s={search_term_string}\"},\"query-input\":{\"@type\":\"PropertyValueSpecification\",\"valueRequired\":true,\"valueName\":\"search_term_string\"}}],\"inLanguage\":\"gl\"},{\"@type\":\"Person\",\"@id\":\"https:\\\/\\\/www.turismoaguarda.es\\\/#\\\/schema\\\/person\\\/9282bb1649316a88a88b0eca34bd959b\",\"name\":\"Rosalia Verde\",\"image\":{\"@type\":\"ImageObject\",\"inLanguage\":\"gl\",\"@id\":\"https:\\\/\\\/secure.gravatar.com\\\/avatar\\\/40761cb45c6464d3a83ebde1e1f3fa222726fcacc4d5b5048a7920608c99e0e5?s=96&d=mm&r=g\",\"url\":\"https:\\\/\\\/secure.gravatar.com\\\/avatar\\\/40761cb45c6464d3a83ebde1e1f3fa222726fcacc4d5b5048a7920608c99e0e5?s=96&d=mm&r=g\",\"contentUrl\":\"https:\\\/\\\/secure.gravatar.com\\\/avatar\\\/40761cb45c6464d3a83ebde1e1f3fa222726fcacc4d5b5048a7920608c99e0e5?s=96&d=mm&r=g\",\"caption\":\"Rosalia Verde\"},\"url\":\"https:\\\/\\\/www.turismoaguarda.es\\\/gl\\\/author\\\/rosalia\\\/\"}]}<\/script>\n<!-- \/ Yoast SEO plugin. -->","yoast_head_json":{"title":"Comezan as visitas teatralizadas para co\u00f1ecer a historia m\u00e1is recente da Guarda | Turismo A Guarda","robots":{"index":"index","follow":"follow","max-snippet":"max-snippet:-1","max-image-preview":"max-image-preview:large","max-video-preview":"max-video-preview:-1"},"canonical":"https:\/\/www.turismoaguarda.es\/gl\/comienzan-las-visitas-teatralizadas-conocer-la-historia-mas-reciente-guarda\/","og_locale":"en_US","og_type":"article","og_title":"Comezan as visitas teatralizadas para co\u00f1ecer a historia m\u00e1is recente da Guarda | Turismo A Guarda","og_description":"Este xoves, 13 de xullo, comeza na vila da Guarda a programaci\u00f3n de visitas teatralizadas que se repetir\u00e1 semanalmente durante todo o ver\u00e1n ata o vindeiro 7 de setembro. Esta actividade pretende amosar a nosa historia e patrimonio dun xeito ameno e diferente, conxugando a t\u00e9cnica teatral coa divulgaci\u00f3n do noso pasado. As visitas realizadasLeer m\u00e1is","og_url":"https:\/\/www.turismoaguarda.es\/gl\/comienzan-las-visitas-teatralizadas-conocer-la-historia-mas-reciente-guarda\/","og_site_name":"Turismo A Guarda","article_publisher":"https:\/\/es-es.facebook.com\/Turismo-A-Guarda-126223240790625\/","article_published_time":"2017-07-13T12:18:37+00:00","article_modified_time":"2017-07-13T12:22:06+00:00","og_image":[{"width":277,"height":232,"url":"https:\/\/www.turismoaguarda.es\/wp-content\/uploads\/2017\/07\/ribadeo-2-1.jpg","type":"image\/jpeg"}],"author":"Rosalia Verde","twitter_card":"summary_large_image","twitter_creator":"@TurismoAGuarda","twitter_site":"@TurismoAGuarda","twitter_misc":{"Written by":"Rosalia Verde","Est. reading time":"1 minute"},"schema":{"@context":"https:\/\/schema.org","@graph":[{"@type":"Article","@id":"https:\/\/www.turismoaguarda.es\/gl\/comienzan-las-visitas-teatralizadas-conocer-la-historia-mas-reciente-guarda\/#article","isPartOf":{"@id":"https:\/\/www.turismoaguarda.es\/gl\/comienzan-las-visitas-teatralizadas-conocer-la-historia-mas-reciente-guarda\/"},"author":{"name":"Rosalia Verde","@id":"https:\/\/www.turismoaguarda.es\/#\/schema\/person\/9282bb1649316a88a88b0eca34bd959b"},"headline":"Comezan as visitas teatralizadas para co\u00f1ecer a historia m\u00e1is recente da Guarda","datePublished":"2017-07-13T12:18:37+00:00","dateModified":"2017-07-13T12:22:06+00:00","mainEntityOfPage":{"@id":"https:\/\/www.turismoaguarda.es\/gl\/comienzan-las-visitas-teatralizadas-conocer-la-historia-mas-reciente-guarda\/"},"wordCount":287,"commentCount":0,"image":{"@id":"https:\/\/www.turismoaguarda.es\/gl\/comienzan-las-visitas-teatralizadas-conocer-la-historia-mas-reciente-guarda\/#primaryimage"},"thumbnailUrl":"https:\/\/www.turismoaguarda.es\/wp-content\/uploads\/2017\/07\/ribadeo-2-1.jpg","keywords":["A Guarda","os quinquillans","Praza do Rel\u00f3","teatro","visitas","visitas guiadas"],"articleSection":["Novas Turismo"],"inLanguage":"gl","potentialAction":[{"@type":"CommentAction","name":"Comment","target":["https:\/\/www.turismoaguarda.es\/gl\/comienzan-las-visitas-teatralizadas-conocer-la-historia-mas-reciente-guarda\/#respond"]}]},{"@type":"WebPage","@id":"https:\/\/www.turismoaguarda.es\/gl\/comienzan-las-visitas-teatralizadas-conocer-la-historia-mas-reciente-guarda\/","url":"https:\/\/www.turismoaguarda.es\/gl\/comienzan-las-visitas-teatralizadas-conocer-la-historia-mas-reciente-guarda\/","name":"Comezan as visitas teatralizadas para co\u00f1ecer a historia m\u00e1is recente da Guarda | Turismo A Guarda","isPartOf":{"@id":"https:\/\/www.turismoaguarda.es\/#website"},"primaryImageOfPage":{"@id":"https:\/\/www.turismoaguarda.es\/gl\/comienzan-las-visitas-teatralizadas-conocer-la-historia-mas-reciente-guarda\/#primaryimage"},"image":{"@id":"https:\/\/www.turismoaguarda.es\/gl\/comienzan-las-visitas-teatralizadas-conocer-la-historia-mas-reciente-guarda\/#primaryimage"},"thumbnailUrl":"https:\/\/www.turismoaguarda.es\/wp-content\/uploads\/2017\/07\/ribadeo-2-1.jpg","datePublished":"2017-07-13T12:18:37+00:00","dateModified":"2017-07-13T12:22:06+00:00","author":{"@id":"https:\/\/www.turismoaguarda.es\/#\/schema\/person\/9282bb1649316a88a88b0eca34bd959b"},"breadcrumb":{"@id":"https:\/\/www.turismoaguarda.es\/gl\/comienzan-las-visitas-teatralizadas-conocer-la-historia-mas-reciente-guarda\/#breadcrumb"},"inLanguage":"gl","potentialAction":[{"@type":"ReadAction","target":["https:\/\/www.turismoaguarda.es\/gl\/comienzan-las-visitas-teatralizadas-conocer-la-historia-mas-reciente-guarda\/"]}]},{"@type":"ImageObject","inLanguage":"gl","@id":"https:\/\/www.turismoaguarda.es\/gl\/comienzan-las-visitas-teatralizadas-conocer-la-historia-mas-reciente-guarda\/#primaryimage","url":"https:\/\/www.turismoaguarda.es\/wp-content\/uploads\/2017\/07\/ribadeo-2-1.jpg","contentUrl":"https:\/\/www.turismoaguarda.es\/wp-content\/uploads\/2017\/07\/ribadeo-2-1.jpg","width":277,"height":232},{"@type":"BreadcrumbList","@id":"https:\/\/www.turismoaguarda.es\/gl\/comienzan-las-visitas-teatralizadas-conocer-la-historia-mas-reciente-guarda\/#breadcrumb","itemListElement":[{"@type":"ListItem","position":1,"name":"Portada","item":"https:\/\/www.turismoaguarda.es\/gl\/"},{"@type":"ListItem","position":2,"name":"Comezan as visitas teatralizadas para co\u00f1ecer a historia m\u00e1is recente da Guarda"}]},{"@type":"WebSite","@id":"https:\/\/www.turismoaguarda.es\/#website","url":"https:\/\/www.turismoaguarda.es\/","name":"Turismo A Guarda","description":"Informaci\u00f3n tur\u00edstica de A Guarda y alrededores.","potentialAction":[{"@type":"SearchAction","target":{"@type":"EntryPoint","urlTemplate":"https:\/\/www.turismoaguarda.es\/?s={search_term_string}"},"query-input":{"@type":"PropertyValueSpecification","valueRequired":true,"valueName":"search_term_string"}}],"inLanguage":"gl"},{"@type":"Person","@id":"https:\/\/www.turismoaguarda.es\/#\/schema\/person\/9282bb1649316a88a88b0eca34bd959b","name":"Rosalia Verde","image":{"@type":"ImageObject","inLanguage":"gl","@id":"https:\/\/secure.gravatar.com\/avatar\/40761cb45c6464d3a83ebde1e1f3fa222726fcacc4d5b5048a7920608c99e0e5?s=96&d=mm&r=g","url":"https:\/\/secure.gravatar.com\/avatar\/40761cb45c6464d3a83ebde1e1f3fa222726fcacc4d5b5048a7920608c99e0e5?s=96&d=mm&r=g","contentUrl":"https:\/\/secure.gravatar.com\/avatar\/40761cb45c6464d3a83ebde1e1f3fa222726fcacc4d5b5048a7920608c99e0e5?s=96&d=mm&r=g","caption":"Rosalia Verde"},"url":"https:\/\/www.turismoaguarda.es\/gl\/author\/rosalia\/"}]}},"_links":{"self":[{"href":"https:\/\/www.turismoaguarda.es\/gl\/wp-json\/wp\/v2\/posts\/4983","targetHints":{"allow":["GET"]}}],"collection":[{"href":"https:\/\/www.turismoaguarda.es\/gl\/wp-json\/wp\/v2\/posts"}],"about":[{"href":"https:\/\/www.turismoaguarda.es\/gl\/wp-json\/wp\/v2\/types\/post"}],"author":[{"embeddable":true,"href":"https:\/\/www.turismoaguarda.es\/gl\/wp-json\/wp\/v2\/users\/7"}],"replies":[{"embeddable":true,"href":"https:\/\/www.turismoaguarda.es\/gl\/wp-json\/wp\/v2\/comments?post=4983"}],"version-history":[{"count":2,"href":"https:\/\/www.turismoaguarda.es\/gl\/wp-json\/wp\/v2\/posts\/4983\/revisions"}],"predecessor-version":[{"id":4985,"href":"https:\/\/www.turismoaguarda.es\/gl\/wp-json\/wp\/v2\/posts\/4983\/revisions\/4985"}],"wp:featuredmedia":[{"embeddable":true,"href":"https:\/\/www.turismoaguarda.es\/gl\/wp-json\/wp\/v2\/media\/4979"}],"wp:attachment":[{"href":"https:\/\/www.turismoaguarda.es\/gl\/wp-json\/wp\/v2\/media?parent=4983"}],"wp:term":[{"taxonomy":"category","embeddable":true,"href":"https:\/\/www.turismoaguarda.es\/gl\/wp-json\/wp\/v2\/categories?post=4983"},{"taxonomy":"post_tag","embeddable":true,"href":"https:\/\/www.turismoaguarda.es\/gl\/wp-json\/wp\/v2\/tags?post=4983"}],"curies":[{"name":"wp","href":"https:\/\/api.w.org\/{rel}","templated":true}]}}