{"id":4725,"date":"2017-06-08T19:05:27","date_gmt":"2017-06-08T19:05:27","guid":{"rendered":"http:\/\/www.turismoaguarda.es\/excelente-acogida-tapearte-la-ruta-gastronomica-guarda-23-tapas\/"},"modified":"2017-06-08T19:13:41","modified_gmt":"2017-06-08T19:13:41","slug":"excelente-acogida-tapearte-la-ruta-gastronomica-guarda-23-tapas","status":"publish","type":"post","link":"https:\/\/www.turismoaguarda.es\/gl\/excelente-acogida-tapearte-la-ruta-gastronomica-guarda-23-tapas\/","title":{"rendered":"Comeza o 4\u00ba fin de semana de TAPEARTE, a ruta gastron\u00f3mica da Guarda con 23 tapas"},"content":{"rendered":"<p class=\"western\" lang=\"gl-ES\" align=\"justify\"><span style=\"font-family: Trebuchet MS,sans-serif;\"><span style=\"font-size: small;\"><b>A ruta gastron\u00f3mica Tapearte xa superou o ecuador pero a\u00ednda quedan dous fins de semana para gozar das 23 tapas tan variadas que ofrecen os establecementos participantes. <\/b><\/span><\/span><\/p>\n<p class=\"western\" lang=\"gl-ES\" align=\"justify\"><span style=\"font-family: Trebuchet MS,sans-serif;\"><span style=\"font-size: small;\">Durante os tres primeiros fins de semana a acollida foi excelente e o n\u00famero de participantes est\u00e1 a ser moi numeroso.<\/span><\/span><\/p>\n<p class=\"western\" lang=\"gl-ES\" align=\"justify\"><span style=\"font-family: Trebuchet MS,sans-serif;\"><span style=\"font-size: small;\">Esta quinta edici\u00f3n de TAPEARTE que naceu en 2013 est\u00e1 vinculada \u00e1 elaboraci\u00f3n das Alfombras florais do Sant\u00edsimo. Os veci\u00f1os xa comezaron cos preparativos das alfombras e levan semanas traballando para elaborar estes tapices durante a s\u00e1bado 17 de xu\u00f1o e que se poder\u00e1 observar en todo o seu esplendor a ma\u00f1\u00e1 do domingo 18 de xu\u00f1o.<\/span><\/span><\/p>\n<p class=\"western\" lang=\"gl-ES\" align=\"justify\"><span style=\"font-family: Trebuchet MS,sans-serif;\"><span style=\"font-size: small;\">A ruta arrincou o venres 19 de maio e celebrarase durante 5 fins de semana por tanto a\u00ednda queda a recta final: <b>os venres, s\u00e1bados e domingos ata o domingo 18 de xu\u00f1o.<\/b> Este ano ampliouse o horario atendendo as suxesti\u00f3ns dos participantes en edici\u00f3ns pasadas e foi un acerto xa que moitos poden gozar tranquilamente das tapas de 12.00 a 14.00 horas e de 19.00 a 22.00 horas.<\/span><\/span><\/p>\n<p class=\"western\" lang=\"gl-ES\" align=\"justify\"><span style=\"font-family: Trebuchet MS,sans-serif;\"><span style=\"font-size: small;\">Na ruta participan <b>23 restaurantes e bares do Concello da Guarda<\/b> e cada un ofrece a s\u00faa proposta a un prezo unitario <b>de 2 \u20ac<\/b>. A consumici\u00f3n non est\u00e1 inclu\u00edda neste prezo. Ademais b\u00fascase potenciar o concepto de ruta polo que os participantes dispo\u00f1en dun pasaporte coa listaxe dos establecementos adheridos. <\/span><\/span><\/p>\n<p class=\"western\" lang=\"gl-ES\" align=\"justify\"><span style=\"font-family: Trebuchet MS,sans-serif;\"><span style=\"font-size: small;\">Para fomentar a elaboraci\u00f3n de tapas de calidade entre os establecementos adheridos organ\u00edzase o<b> Concurso da Mellor Tapa de TAPEARTE 2017.<\/b> Os participantes ser\u00e1n os responsables de valorar as tapas e coas s\u00faas puntuaci\u00f3ns ser\u00e1n os que escollan ao establecemento que elabore a mellor tapa. As tapas valoraranse de 1 a 6, sendo 6 a maior puntuaci\u00f3n. Tam\u00e9n se reco\u00f1ecer\u00e1 ao establecementos que ofreza o maior n\u00famero de tapas.<\/span><\/span><\/p>\n<p class=\"western\" align=\"justify\"><span style=\"font-family: Trebuchet MS,sans-serif;\"><span style=\"font-size: small;\"><span lang=\"gl-ES\">E os participantes tam\u00e9n poder\u00e1n optar a agasallos por participar na ruta. Haber\u00e1 un <\/span><\/span><\/span><span style=\"font-family: Trebuchet MS,sans-serif;\"><span style=\"font-size: small;\"><span lang=\"gl-ES\"><b>premio directo a quen entregue o pasaporte cun m\u00ednimo de 15 selos<\/b><\/span><\/span><\/span><span style=\"font-family: Trebuchet MS,sans-serif;\"><span style=\"font-size: small;\"><span lang=\"gl-ES\">, o premio \u00e9 un lote de reloxo e bol\u00edgrafo do dese\u00f1ador Antonio Mirou e ter\u00e1n que recollelo na Oficina de Turismo. Tam\u00e9n haber\u00e1 un sorteo de 9 mochilas e 9 altovoces inal\u00e1mbricos entre os pasaporte entregados nas urnas e que conte\u00f1an os datos de contacto completos e <\/span><\/span><\/span><span style=\"font-family: Trebuchet MS,sans-serif;\"><span style=\"font-size: small;\"><span lang=\"gl-ES\"><b>un m\u00ednimo de 7 selos<\/b><\/span><\/span><\/span><span style=\"font-family: Trebuchet MS,sans-serif;\"><span style=\"font-size: small;\"><span lang=\"gl-ES\">. Haber\u00e1 urnas para depositar os pasaporte nos establecementos adheridos e na Oficina de Turismo do Concello. <\/span><\/span><\/span><\/p>\n<p class=\"western\" lang=\"gl-ES\" align=\"justify\"><span style=\"font-family: Trebuchet MS,sans-serif;\"><span style=\"font-size: small;\"><b>Organiza Concello A Guarda coa colaboraci\u00f3n dos 23 restaurantes e bares da Guarda. Patrocina: DISRAMO<\/b><\/span><\/span><\/p>\n<p>&nbsp;<\/p>\n<div id=\"gallery_1\" class=\"gallery\">\n<div class=\"row gallery__items\">\n\t\t\t\t\t<div class=\"col-sm-4 gallery__item-wrap\" data-filterid=\"\">\n\t\t\t<a href=\"https:\/\/www.turismoaguarda.es\/wp-content\/uploads\/2017\/05\/tn_URNA-2017.jpg\" class=\"swipebox gallery__item\" title=\"tn_URNA 2017\">\n\t\t\t\t<img decoding=\"async\" src=\"https:\/\/www.turismoaguarda.es\/wp-content\/uploads\/2017\/05\/tn_URNA-2017-720x480.jpg\" alt=\"tn_URNA 2017\"\/>\n\t\t\t\t<span class=\"gallery__item__info\">\n\t\t\t\t\t<span class=\"gallery__item__info__content\">\n\t\t\t\t\t\t<span class=\"gallery__item__title\">tn_URNA 2017<\/span>\n\t\t\t\t\t\t\t\t\t\t<\/span>\n\t\t\t\t\t<span class=\"gallery__item__shadow\"><\/span>\n\t\t\t\t<\/span>\n\t\t\t<\/a>\n\t\t<\/div>\n\t\t\t\t\t<div class=\"col-sm-4 gallery__item-wrap\" data-filterid=\"\">\n\t\t\t<a href=\"https:\/\/www.turismoaguarda.es\/wp-content\/uploads\/2017\/05\/tn_01.jpg\" class=\"swipebox gallery__item\" title=\"Alameda. T\u00e1 pa-comer. Filloa rechea de polo con verduras e un punto picante\">\n\t\t\t\t<img decoding=\"async\" src=\"https:\/\/www.turismoaguarda.es\/wp-content\/uploads\/2017\/05\/tn_01-720x480.jpg\" alt=\"Alameda. T\u00e1 pa-comer. Filloa rechea de polo con verduras e un punto picante\"\/>\n\t\t\t\t<span class=\"gallery__item__info\">\n\t\t\t\t\t<span class=\"gallery__item__info__content\">\n\t\t\t\t\t\t<span class=\"gallery__item__title\">Alameda. T\u00e1 pa-comer. Filloa rechea de polo con verduras e un punto picante<\/span>\n\t\t\t\t\t\t\t\t\t\t<\/span>\n\t\t\t\t\t<span class=\"gallery__item__shadow\"><\/span>\n\t\t\t\t<\/span>\n\t\t\t<\/a>\n\t\t<\/div>\n\t\t\t\t\t<div class=\"col-sm-4 gallery__item-wrap\" data-filterid=\"\">\n\t\t\t<a href=\"https:\/\/www.turismoaguarda.es\/wp-content\/uploads\/2017\/05\/tn_02.jpg\" class=\"swipebox gallery__item\" title=\"Anabel. Polbo frito\">\n\t\t\t\t<img decoding=\"async\" src=\"https:\/\/www.turismoaguarda.es\/wp-content\/uploads\/2017\/05\/tn_02-720x480.jpg\" alt=\"Anabel. Polbo frito\"\/>\n\t\t\t\t<span class=\"gallery__item__info\">\n\t\t\t\t\t<span class=\"gallery__item__info__content\">\n\t\t\t\t\t\t<span class=\"gallery__item__title\">Anabel. Polbo frito<\/span>\n\t\t\t\t\t\t\t\t\t\t<\/span>\n\t\t\t\t\t<span class=\"gallery__item__shadow\"><\/span>\n\t\t\t\t<\/span>\n\t\t\t<\/a>\n\t\t<\/div>\n\t\t\t\t\t<div class=\"col-sm-4 gallery__item-wrap\" data-filterid=\"\">\n\t\t\t<a href=\"https:\/\/www.turismoaguarda.es\/wp-content\/uploads\/2017\/05\/tn_03.jpg\" class=\"swipebox gallery__item\" title=\"Tapeart\">\n\t\t\t\t<img decoding=\"async\" src=\"https:\/\/www.turismoaguarda.es\/wp-content\/uploads\/2017\/05\/tn_03-720x480.jpg\" alt=\"Tapeart\"\/>\n\t\t\t\t<span class=\"gallery__item__info\">\n\t\t\t\t\t<span class=\"gallery__item__info__content\">\n\t\t\t\t\t\t<span class=\"gallery__item__title\">Tapeart<\/span>\n\t\t\t\t\t\t\t\t\t\t<\/span>\n\t\t\t\t\t<span class=\"gallery__item__shadow\"><\/span>\n\t\t\t\t<\/span>\n\t\t\t<\/a>\n\t\t<\/div>\n\t\t\t\t\t<div class=\"col-sm-4 gallery__item-wrap\" data-filterid=\"\">\n\t\t\t<a href=\"https:\/\/www.turismoaguarda.es\/wp-content\/uploads\/2017\/05\/tn_04.jpg\" class=\"swipebox gallery__item\" title=\"As de Copas. Soqu\u00edsimos, garavanzos con chourizo\">\n\t\t\t\t<img decoding=\"async\" src=\"https:\/\/www.turismoaguarda.es\/wp-content\/uploads\/2017\/05\/tn_04-720x480.jpg\" alt=\"As de Copas. Soqu\u00edsimos, garavanzos con chourizo\"\/>\n\t\t\t\t<span class=\"gallery__item__info\">\n\t\t\t\t\t<span class=\"gallery__item__info__content\">\n\t\t\t\t\t\t<span class=\"gallery__item__title\">As de Copas. Soqu\u00edsimos, garavanzos con chourizo<\/span>\n\t\t\t\t\t\t\t\t\t\t<\/span>\n\t\t\t\t\t<span class=\"gallery__item__shadow\"><\/span>\n\t\t\t\t<\/span>\n\t\t\t<\/a>\n\t\t<\/div>\n\t\t\t\t\t<div class=\"col-sm-4 gallery__item-wrap\" data-filterid=\"\">\n\t\t\t<a href=\"https:\/\/www.turismoaguarda.es\/wp-content\/uploads\/2017\/05\/tn_05.jpg\" class=\"swipebox gallery__item\" title=\"As Pozas. Delicias galego-orientales. Sushi de chocos na s\u00faa tinta e sushi de setas con grelos\">\n\t\t\t\t<img decoding=\"async\" src=\"https:\/\/www.turismoaguarda.es\/wp-content\/uploads\/2017\/05\/tn_05-720x480.jpg\" alt=\"As Pozas. Delicias galego-orientales. Sushi de chocos na s\u00faa tinta e sushi de setas con grelos\"\/>\n\t\t\t\t<span class=\"gallery__item__info\">\n\t\t\t\t\t<span class=\"gallery__item__info__content\">\n\t\t\t\t\t\t<span class=\"gallery__item__title\">As Pozas. Delicias galego-orientales. Sushi de chocos na s\u00faa tinta e sushi de setas con grelos<\/span>\n\t\t\t\t\t\t\t\t\t\t<\/span>\n\t\t\t\t\t<span class=\"gallery__item__shadow\"><\/span>\n\t\t\t\t<\/span>\n\t\t\t<\/a>\n\t\t<\/div>\n\t\t\t\t\t<div class=\"col-sm-4 gallery__item-wrap\" data-filterid=\"\">\n\t\t\t<a href=\"https:\/\/www.turismoaguarda.es\/wp-content\/uploads\/2017\/05\/tn_07.jpg\" class=\"swipebox gallery__item\" title=\"Bitadorna. Solombo de xabar\u00edn con pur\u00e9 de casta\u00f1a galega, reduci\u00f3n de Menc\u00eda e pataca chip\">\n\t\t\t\t<img decoding=\"async\" src=\"https:\/\/www.turismoaguarda.es\/wp-content\/uploads\/2017\/05\/tn_07-720x480.jpg\" alt=\"Bitadorna. Solombo de xabar\u00edn con pur\u00e9 de casta\u00f1a galega, reduci\u00f3n de Menc\u00eda e pataca chip\"\/>\n\t\t\t\t<span class=\"gallery__item__info\">\n\t\t\t\t\t<span class=\"gallery__item__info__content\">\n\t\t\t\t\t\t<span class=\"gallery__item__title\">Bitadorna. Solombo de xabar\u00edn con pur\u00e9 de casta\u00f1a galega, reduci\u00f3n de Menc\u00eda e pataca chip<\/span>\n\t\t\t\t\t\t\t\t\t\t<\/span>\n\t\t\t\t\t<span class=\"gallery__item__shadow\"><\/span>\n\t\t\t\t<\/span>\n\t\t\t<\/a>\n\t\t<\/div>\n\t\t\t\t\t<div class=\"col-sm-4 gallery__item-wrap\" data-filterid=\"\">\n\t\t\t<a href=\"https:\/\/www.turismoaguarda.es\/wp-content\/uploads\/2017\/05\/tn_08.jpg\" class=\"swipebox gallery__item\" title=\"Br\u00e9tema. Escabech\u00edn\">\n\t\t\t\t<img decoding=\"async\" src=\"https:\/\/www.turismoaguarda.es\/wp-content\/uploads\/2017\/05\/tn_08-720x480.jpg\" alt=\"Br\u00e9tema. Escabech\u00edn\"\/>\n\t\t\t\t<span class=\"gallery__item__info\">\n\t\t\t\t\t<span class=\"gallery__item__info__content\">\n\t\t\t\t\t\t<span class=\"gallery__item__title\">Br\u00e9tema. Escabech\u00edn<\/span>\n\t\t\t\t\t\t\t\t\t\t<\/span>\n\t\t\t\t\t<span class=\"gallery__item__shadow\"><\/span>\n\t\t\t\t<\/span>\n\t\t\t<\/a>\n\t\t<\/div>\n\t\t\t\t\t<div class=\"col-sm-4 gallery__item-wrap\" data-filterid=\"\">\n\t\t\t<a href=\"https:\/\/www.turismoaguarda.es\/wp-content\/uploads\/2017\/05\/tn_10.jpg\" class=\"swipebox gallery__item\" title=\"Rest. Camping Santa Tecla. Canap\u00e9 de mozzarela e anchoa con marmelada de pemento asado\">\n\t\t\t\t<img decoding=\"async\" src=\"https:\/\/www.turismoaguarda.es\/wp-content\/uploads\/2017\/05\/tn_10-720x480.jpg\" alt=\"Rest. Camping Santa Tecla. Canap\u00e9 de mozzarela e anchoa con marmelada de pemento asado\"\/>\n\t\t\t\t<span class=\"gallery__item__info\">\n\t\t\t\t\t<span class=\"gallery__item__info__content\">\n\t\t\t\t\t\t<span class=\"gallery__item__title\">Rest. Camping Santa Tecla. Canap\u00e9 de mozzarela e anchoa con marmelada de pemento asado<\/span>\n\t\t\t\t\t\t\t\t\t\t<\/span>\n\t\t\t\t\t<span class=\"gallery__item__shadow\"><\/span>\n\t\t\t\t<\/span>\n\t\t\t<\/a>\n\t\t<\/div>\n\t\t\t\t\t<div class=\"col-sm-4 gallery__item-wrap\" data-filterid=\"\">\n\t\t\t<a href=\"https:\/\/www.turismoaguarda.es\/wp-content\/uploads\/2017\/05\/tn_11.jpg\" class=\"swipebox gallery__item\" title=\"Celtic. Celtic-burguer\">\n\t\t\t\t<img decoding=\"async\" src=\"https:\/\/www.turismoaguarda.es\/wp-content\/uploads\/2017\/05\/tn_11-720x480.jpg\" alt=\"Celtic. Celtic-burguer\"\/>\n\t\t\t\t<span class=\"gallery__item__info\">\n\t\t\t\t\t<span class=\"gallery__item__info__content\">\n\t\t\t\t\t\t<span class=\"gallery__item__title\">Celtic. Celtic-burguer<\/span>\n\t\t\t\t\t\t\t\t\t\t<\/span>\n\t\t\t\t\t<span class=\"gallery__item__shadow\"><\/span>\n\t\t\t\t<\/span>\n\t\t\t<\/a>\n\t\t<\/div>\n\t\t\t\t\t<div class=\"col-sm-4 gallery__item-wrap\" data-filterid=\"\">\n\t\t\t<a href=\"https:\/\/www.turismoaguarda.es\/wp-content\/uploads\/2017\/05\/tn_12.jpg\" class=\"swipebox gallery__item\" title=\"Cramoeiro. Salm\u00f3ndigas. Alb\u00f3ndigas de salm\u00f3n\">\n\t\t\t\t<img decoding=\"async\" src=\"https:\/\/www.turismoaguarda.es\/wp-content\/uploads\/2017\/05\/tn_12-720x480.jpg\" alt=\"Cramoeiro. Salm\u00f3ndigas. Alb\u00f3ndigas de salm\u00f3n\"\/>\n\t\t\t\t<span class=\"gallery__item__info\">\n\t\t\t\t\t<span class=\"gallery__item__info__content\">\n\t\t\t\t\t\t<span class=\"gallery__item__title\">Cramoeiro. Salm\u00f3ndigas. Alb\u00f3ndigas de salm\u00f3n<\/span>\n\t\t\t\t\t\t\t\t\t\t<\/span>\n\t\t\t\t\t<span class=\"gallery__item__shadow\"><\/span>\n\t\t\t\t<\/span>\n\t\t\t<\/a>\n\t\t<\/div>\n\t\t\t\t\t<div class=\"col-sm-4 gallery__item-wrap\" data-filterid=\"\">\n\t\t\t<a href=\"https:\/\/www.turismoaguarda.es\/wp-content\/uploads\/2017\/05\/tn_13.jpg\" class=\"swipebox gallery__item\" title=\"El Paseo. A rai\u00f1a\">\n\t\t\t\t<img decoding=\"async\" src=\"https:\/\/www.turismoaguarda.es\/wp-content\/uploads\/2017\/05\/tn_13-720x480.jpg\" alt=\"El Paseo. A rai\u00f1a\"\/>\n\t\t\t\t<span class=\"gallery__item__info\">\n\t\t\t\t\t<span class=\"gallery__item__info__content\">\n\t\t\t\t\t\t<span class=\"gallery__item__title\">El Paseo. A rai\u00f1a<\/span>\n\t\t\t\t\t\t\t\t\t\t<\/span>\n\t\t\t\t\t<span class=\"gallery__item__shadow\"><\/span>\n\t\t\t\t<\/span>\n\t\t\t<\/a>\n\t\t<\/div>\n\t\t\t\t\t<div class=\"col-sm-4 gallery__item-wrap\" data-filterid=\"\">\n\t\t\t<a href=\"https:\/\/www.turismoaguarda.es\/wp-content\/uploads\/2017\/05\/tn_14.jpg\" class=\"swipebox gallery__item\" title=\"Kanella&#039;s. Textura maracana\">\n\t\t\t\t<img decoding=\"async\" src=\"https:\/\/www.turismoaguarda.es\/wp-content\/uploads\/2017\/05\/tn_14-720x480.jpg\" alt=\"Kanella&#039;s. Textura maracana\"\/>\n\t\t\t\t<span class=\"gallery__item__info\">\n\t\t\t\t\t<span class=\"gallery__item__info__content\">\n\t\t\t\t\t\t<span class=\"gallery__item__title\">Kanella&#039;s. Textura maracana<\/span>\n\t\t\t\t\t\t\t\t\t\t<\/span>\n\t\t\t\t\t<span class=\"gallery__item__shadow\"><\/span>\n\t\t\t\t<\/span>\n\t\t\t<\/a>\n\t\t<\/div>\n\t\t\t\t\t<div class=\"col-sm-4 gallery__item-wrap\" data-filterid=\"\">\n\t\t\t<a href=\"https:\/\/www.turismoaguarda.es\/wp-content\/uploads\/2017\/05\/tn_15.jpg\" class=\"swipebox gallery__item\" title=\"La Pizzicata. Tapa castrexa\">\n\t\t\t\t<img decoding=\"async\" src=\"https:\/\/www.turismoaguarda.es\/wp-content\/uploads\/2017\/05\/tn_15-720x480.jpg\" alt=\"La Pizzicata. Tapa castrexa\"\/>\n\t\t\t\t<span class=\"gallery__item__info\">\n\t\t\t\t\t<span class=\"gallery__item__info__content\">\n\t\t\t\t\t\t<span class=\"gallery__item__title\">La Pizzicata. Tapa castrexa<\/span>\n\t\t\t\t\t\t\t\t\t\t<\/span>\n\t\t\t\t\t<span class=\"gallery__item__shadow\"><\/span>\n\t\t\t\t<\/span>\n\t\t\t<\/a>\n\t\t<\/div>\n\t\t\t\t\t<div class=\"col-sm-4 gallery__item-wrap\" data-filterid=\"\">\n\t\t\t<a href=\"https:\/\/www.turismoaguarda.es\/wp-content\/uploads\/2017\/05\/tn_16.jpg\" class=\"swipebox gallery__item\" title=\"Marbella. Chipir\u00f3ns encebolados\">\n\t\t\t\t<img decoding=\"async\" src=\"https:\/\/www.turismoaguarda.es\/wp-content\/uploads\/2017\/05\/tn_16-720x480.jpg\" alt=\"Marbella. Chipir\u00f3ns encebolados\"\/>\n\t\t\t\t<span class=\"gallery__item__info\">\n\t\t\t\t\t<span class=\"gallery__item__info__content\">\n\t\t\t\t\t\t<span class=\"gallery__item__title\">Marbella. Chipir\u00f3ns encebolados<\/span>\n\t\t\t\t\t\t\t\t\t\t<\/span>\n\t\t\t\t\t<span class=\"gallery__item__shadow\"><\/span>\n\t\t\t\t<\/span>\n\t\t\t<\/a>\n\t\t<\/div>\n\t\t\t\t\t<div class=\"col-sm-4 gallery__item-wrap\" data-filterid=\"\">\n\t\t\t<a href=\"https:\/\/www.turismoaguarda.es\/wp-content\/uploads\/2017\/05\/tn_18.jpg\" class=\"swipebox gallery__item\" title=\"Novo Funil. Espetada \u00e1 brasa. Mistura de carne e marisco \u00e1 brasa en compa\u00f1a de patacas e verduras\">\n\t\t\t\t<img decoding=\"async\" src=\"https:\/\/www.turismoaguarda.es\/wp-content\/uploads\/2017\/05\/tn_18-720x480.jpg\" alt=\"Novo Funil. Espetada \u00e1 brasa. Mistura de carne e marisco \u00e1 brasa en compa\u00f1a de patacas e verduras\"\/>\n\t\t\t\t<span class=\"gallery__item__info\">\n\t\t\t\t\t<span class=\"gallery__item__info__content\">\n\t\t\t\t\t\t<span class=\"gallery__item__title\">Novo Funil. Espetada \u00e1 brasa. Mistura de carne e marisco \u00e1 brasa en compa\u00f1a de patacas e verduras<\/span>\n\t\t\t\t\t\t\t\t\t\t<\/span>\n\t\t\t\t\t<span class=\"gallery__item__shadow\"><\/span>\n\t\t\t\t<\/span>\n\t\t\t<\/a>\n\t\t<\/div>\n\t\t\t\t\t<div class=\"col-sm-4 gallery__item-wrap\" data-filterid=\"\">\n\t\t\t<a href=\"https:\/\/www.turismoaguarda.es\/wp-content\/uploads\/2017\/05\/tn_19.jpg\" class=\"swipebox gallery__item\" title=\"O Cangrexal. Polo ao embri\u00f3n gratinado con tomate, pementos e patacas palla\">\n\t\t\t\t<img decoding=\"async\" src=\"https:\/\/www.turismoaguarda.es\/wp-content\/uploads\/2017\/05\/tn_19-720x480.jpg\" alt=\"O Cangrexal. Polo ao embri\u00f3n gratinado con tomate, pementos e patacas palla\"\/>\n\t\t\t\t<span class=\"gallery__item__info\">\n\t\t\t\t\t<span class=\"gallery__item__info__content\">\n\t\t\t\t\t\t<span class=\"gallery__item__title\">O Cangrexal. Polo ao embri\u00f3n gratinado con tomate, pementos e patacas palla<\/span>\n\t\t\t\t\t\t\t\t\t\t<\/span>\n\t\t\t\t\t<span class=\"gallery__item__shadow\"><\/span>\n\t\t\t\t<\/span>\n\t\t\t<\/a>\n\t\t<\/div>\n\t\t\t\t\t<div class=\"col-sm-4 gallery__item-wrap\" data-filterid=\"\">\n\t\t\t<a href=\"https:\/\/www.turismoaguarda.es\/wp-content\/uploads\/2017\/05\/tn_17.jpg\" class=\"swipebox gallery__item\" title=\"Novo Bar. Tosta de mousse de langostino\">\n\t\t\t\t<img decoding=\"async\" src=\"https:\/\/www.turismoaguarda.es\/wp-content\/uploads\/2017\/05\/tn_17-720x480.jpg\" alt=\"Novo Bar. Tosta de mousse de langostino\"\/>\n\t\t\t\t<span class=\"gallery__item__info\">\n\t\t\t\t\t<span class=\"gallery__item__info__content\">\n\t\t\t\t\t\t<span class=\"gallery__item__title\">Novo Bar. Tosta de mousse de langostino<\/span>\n\t\t\t\t\t\t\t\t\t\t<\/span>\n\t\t\t\t\t<span class=\"gallery__item__shadow\"><\/span>\n\t\t\t\t<\/span>\n\t\t\t<\/a>\n\t\t<\/div>\n\t\t\t\t\t<div class=\"col-sm-4 gallery__item-wrap\" data-filterid=\"\">\n\t\t\t<a href=\"https:\/\/www.turismoaguarda.es\/wp-content\/uploads\/2017\/05\/tn_20.jpg\" class=\"swipebox gallery__item\" title=\"O Forte. Tapacazarte\">\n\t\t\t\t<img decoding=\"async\" src=\"https:\/\/www.turismoaguarda.es\/wp-content\/uploads\/2017\/05\/tn_20-720x480.jpg\" alt=\"O Forte. Tapacazarte\"\/>\n\t\t\t\t<span class=\"gallery__item__info\">\n\t\t\t\t\t<span class=\"gallery__item__info__content\">\n\t\t\t\t\t\t<span class=\"gallery__item__title\">O Forte. Tapacazarte<\/span>\n\t\t\t\t\t\t\t\t\t\t<\/span>\n\t\t\t\t\t<span class=\"gallery__item__shadow\"><\/span>\n\t\t\t\t<\/span>\n\t\t\t<\/a>\n\t\t<\/div>\n\t\t\t\t\t<div class=\"col-sm-4 gallery__item-wrap\" data-filterid=\"\">\n\t\t\t<a href=\"https:\/\/www.turismoaguarda.es\/wp-content\/uploads\/2017\/05\/tn_21.jpg\" class=\"swipebox gallery__item\" title=\"Terra Verde. Afumado de tetilla e xarda\">\n\t\t\t\t<img decoding=\"async\" src=\"https:\/\/www.turismoaguarda.es\/wp-content\/uploads\/2017\/05\/tn_21-720x480.jpg\" alt=\"Terra Verde. Afumado de tetilla e xarda\"\/>\n\t\t\t\t<span class=\"gallery__item__info\">\n\t\t\t\t\t<span class=\"gallery__item__info__content\">\n\t\t\t\t\t\t<span class=\"gallery__item__title\">Terra Verde. Afumado de tetilla e xarda<\/span>\n\t\t\t\t\t\t\t\t\t\t<\/span>\n\t\t\t\t\t<span class=\"gallery__item__shadow\"><\/span>\n\t\t\t\t<\/span>\n\t\t\t<\/a>\n\t\t<\/div>\n\t\t\t\t\t<div class=\"col-sm-4 gallery__item-wrap\" data-filterid=\"\">\n\t\t\t<a href=\"https:\/\/www.turismoaguarda.es\/wp-content\/uploads\/2017\/05\/tn_22.jpg\" class=\"swipebox gallery__item\" title=\"Xantar. Piruleta de lombo ib\u00e9rico con crocante de lombo e patacas bravas\">\n\t\t\t\t<img decoding=\"async\" src=\"https:\/\/www.turismoaguarda.es\/wp-content\/uploads\/2017\/05\/tn_22-720x480.jpg\" alt=\"Xantar. Piruleta de lombo ib\u00e9rico con crocante de lombo e patacas bravas\"\/>\n\t\t\t\t<span class=\"gallery__item__info\">\n\t\t\t\t\t<span class=\"gallery__item__info__content\">\n\t\t\t\t\t\t<span class=\"gallery__item__title\">Xantar. Piruleta de lombo ib\u00e9rico con crocante de lombo e patacas bravas<\/span>\n\t\t\t\t\t\t\t\t\t\t<\/span>\n\t\t\t\t\t<span class=\"gallery__item__shadow\"><\/span>\n\t\t\t\t<\/span>\n\t\t\t<\/a>\n\t\t<\/div>\n\t\t\t\t\t<div class=\"col-sm-4 gallery__item-wrap\" data-filterid=\"\">\n\t\t\t<a href=\"https:\/\/www.turismoaguarda.es\/wp-content\/uploads\/2017\/05\/tn_23.jpg\" class=\"swipebox gallery__item\" title=\"Xeito. Abraio de bacallau. Bacallau con verduras e pan de maiz gratinado\">\n\t\t\t\t<img decoding=\"async\" src=\"https:\/\/www.turismoaguarda.es\/wp-content\/uploads\/2017\/05\/tn_23-720x480.jpg\" alt=\"Xeito. Abraio de bacallau. Bacallau con verduras e pan de maiz gratinado\"\/>\n\t\t\t\t<span class=\"gallery__item__info\">\n\t\t\t\t\t<span class=\"gallery__item__info__content\">\n\t\t\t\t\t\t<span class=\"gallery__item__title\">Xeito. Abraio de bacallau. Bacallau con verduras e pan de maiz gratinado<\/span>\n\t\t\t\t\t\t\t\t\t\t<\/span>\n\t\t\t\t\t<span class=\"gallery__item__shadow\"><\/span>\n\t\t\t\t<\/span>\n\t\t\t<\/a>\n\t\t<\/div>\n\t<\/div>\n<\/div>\n<p class=\"western\" align=\"justify\">\n<\/p>","protected":false},"excerpt":{"rendered":"<p>A ruta gastron\u00f3mica Tapearte xa superou o ecuador pero a\u00ednda quedan dous fins de semana para gozar das 23 tapas tan variadas que ofrecen os establecementos participantes. Durante os tres primeiros fins de semana a acollida foi excelente e o n\u00famero de participantes est\u00e1 a ser moi numeroso. Esta quinta edici\u00f3n de TAPEARTE que naceu<\/p>\n<div class=\"padding-top text-center\"><a href=\"https:\/\/www.turismoaguarda.es\/gl\/excelente-acogida-tapearte-la-ruta-gastronomica-guarda-23-tapas\/\" class=\"atbtn atbtn--medium atbtn--rounded atbtn--transparent\">Leer m\u00e1is<i class=\"atbtn__icon atbtn__icon--right fa fa-long-arrow-right\"><\/i><\/a><\/div>\n","protected":false},"author":7,"featured_media":4636,"comment_status":"open","ping_status":"open","sticky":false,"template":"","format":"standard","meta":{"footnotes":""},"categories":[94],"tags":[282,699,219,924,327,390],"class_list":["post-4725","post","type-post","status-publish","format-standard","has-post-thumbnail","hentry","category-novas-turismo","tag-concello-da-guarda-gl","tag-rutas-gl","tag-santa-trega-gl","tag-tapearte-gl","tag-turismo-a-guarda-gl","tag-turismo-rias-baixas-gl"],"yoast_head":"<!-- This site is optimized with the Yoast SEO plugin v27.5 - https:\/\/yoast.com\/product\/yoast-seo-wordpress\/ -->\n<title>Comeza o 4\u00ba fin de semana de TAPEARTE, a ruta gastron\u00f3mica da Guarda con 23 tapas | Turismo A Guarda<\/title>\n<meta name=\"robots\" content=\"index, follow, max-snippet:-1, max-image-preview:large, max-video-preview:-1\" \/>\n<link rel=\"canonical\" href=\"https:\/\/www.turismoaguarda.es\/gl\/excelente-acogida-tapearte-la-ruta-gastronomica-guarda-23-tapas\/\" \/>\n<meta property=\"og:locale\" content=\"en_US\" \/>\n<meta property=\"og:type\" content=\"article\" \/>\n<meta property=\"og:title\" content=\"Comeza o 4\u00ba fin de semana de TAPEARTE, a ruta gastron\u00f3mica da Guarda con 23 tapas | Turismo A Guarda\" \/>\n<meta property=\"og:description\" content=\"A ruta gastron\u00f3mica Tapearte xa superou o ecuador pero a\u00ednda quedan dous fins de semana para gozar das 23 tapas tan variadas que ofrecen os establecementos participantes. Durante os tres primeiros fins de semana a acollida foi excelente e o n\u00famero de participantes est\u00e1 a ser moi numeroso. Esta quinta edici\u00f3n de TAPEARTE que naceuLeer m\u00e1is\" \/>\n<meta property=\"og:url\" content=\"https:\/\/www.turismoaguarda.es\/gl\/excelente-acogida-tapearte-la-ruta-gastronomica-guarda-23-tapas\/\" \/>\n<meta property=\"og:site_name\" content=\"Turismo A Guarda\" \/>\n<meta property=\"article:publisher\" content=\"https:\/\/es-es.facebook.com\/Turismo-A-Guarda-126223240790625\/\" \/>\n<meta property=\"article:published_time\" content=\"2017-06-08T19:05:27+00:00\" \/>\n<meta property=\"article:modified_time\" content=\"2017-06-08T19:13:41+00:00\" \/>\n<meta property=\"og:image\" content=\"https:\/\/www.turismoaguarda.es\/wp-content\/uploads\/2017\/05\/portada-1024x724.png\" \/>\n\t<meta property=\"og:image:width\" content=\"1024\" \/>\n\t<meta property=\"og:image:height\" content=\"724\" \/>\n\t<meta property=\"og:image:type\" content=\"image\/png\" \/>\n<meta name=\"author\" content=\"Rosalia Verde\" \/>\n<meta name=\"twitter:card\" content=\"summary_large_image\" \/>\n<meta name=\"twitter:creator\" content=\"@TurismoAGuarda\" \/>\n<meta name=\"twitter:site\" content=\"@TurismoAGuarda\" \/>\n<meta name=\"twitter:label1\" content=\"Written by\" \/>\n\t<meta name=\"twitter:data1\" content=\"Rosalia Verde\" \/>\n\t<meta name=\"twitter:label2\" content=\"Est. reading time\" \/>\n\t<meta name=\"twitter:data2\" content=\"2 minutes\" \/>\n<script type=\"application\/ld+json\" class=\"yoast-schema-graph\">{\"@context\":\"https:\\\/\\\/schema.org\",\"@graph\":[{\"@type\":\"Article\",\"@id\":\"https:\\\/\\\/www.turismoaguarda.es\\\/gl\\\/excelente-acogida-tapearte-la-ruta-gastronomica-guarda-23-tapas\\\/#article\",\"isPartOf\":{\"@id\":\"https:\\\/\\\/www.turismoaguarda.es\\\/gl\\\/excelente-acogida-tapearte-la-ruta-gastronomica-guarda-23-tapas\\\/\"},\"author\":{\"name\":\"Rosalia Verde\",\"@id\":\"https:\\\/\\\/www.turismoaguarda.es\\\/#\\\/schema\\\/person\\\/9282bb1649316a88a88b0eca34bd959b\"},\"headline\":\"Comeza o 4\u00ba fin de semana de TAPEARTE, a ruta gastron\u00f3mica da Guarda con 23 tapas\",\"datePublished\":\"2017-06-08T19:05:27+00:00\",\"dateModified\":\"2017-06-08T19:13:41+00:00\",\"mainEntityOfPage\":{\"@id\":\"https:\\\/\\\/www.turismoaguarda.es\\\/gl\\\/excelente-acogida-tapearte-la-ruta-gastronomica-guarda-23-tapas\\\/\"},\"wordCount\":441,\"commentCount\":0,\"image\":{\"@id\":\"https:\\\/\\\/www.turismoaguarda.es\\\/gl\\\/excelente-acogida-tapearte-la-ruta-gastronomica-guarda-23-tapas\\\/#primaryimage\"},\"thumbnailUrl\":\"https:\\\/\\\/www.turismoaguarda.es\\\/wp-content\\\/uploads\\\/2017\\\/05\\\/portada.png\",\"keywords\":[\"Concello da Guarda\",\"rutas\",\"Santa Trega\",\"tapearte\",\"Turismo A Guarda\",\"turismo r\u00edas baixas\"],\"articleSection\":[\"Novas Turismo\"],\"inLanguage\":\"gl\",\"potentialAction\":[{\"@type\":\"CommentAction\",\"name\":\"Comment\",\"target\":[\"https:\\\/\\\/www.turismoaguarda.es\\\/gl\\\/excelente-acogida-tapearte-la-ruta-gastronomica-guarda-23-tapas\\\/#respond\"]}]},{\"@type\":\"WebPage\",\"@id\":\"https:\\\/\\\/www.turismoaguarda.es\\\/gl\\\/excelente-acogida-tapearte-la-ruta-gastronomica-guarda-23-tapas\\\/\",\"url\":\"https:\\\/\\\/www.turismoaguarda.es\\\/gl\\\/excelente-acogida-tapearte-la-ruta-gastronomica-guarda-23-tapas\\\/\",\"name\":\"Comeza o 4\u00ba fin de semana de TAPEARTE, a ruta gastron\u00f3mica da Guarda con 23 tapas | Turismo A Guarda\",\"isPartOf\":{\"@id\":\"https:\\\/\\\/www.turismoaguarda.es\\\/#website\"},\"primaryImageOfPage\":{\"@id\":\"https:\\\/\\\/www.turismoaguarda.es\\\/gl\\\/excelente-acogida-tapearte-la-ruta-gastronomica-guarda-23-tapas\\\/#primaryimage\"},\"image\":{\"@id\":\"https:\\\/\\\/www.turismoaguarda.es\\\/gl\\\/excelente-acogida-tapearte-la-ruta-gastronomica-guarda-23-tapas\\\/#primaryimage\"},\"thumbnailUrl\":\"https:\\\/\\\/www.turismoaguarda.es\\\/wp-content\\\/uploads\\\/2017\\\/05\\\/portada.png\",\"datePublished\":\"2017-06-08T19:05:27+00:00\",\"dateModified\":\"2017-06-08T19:13:41+00:00\",\"author\":{\"@id\":\"https:\\\/\\\/www.turismoaguarda.es\\\/#\\\/schema\\\/person\\\/9282bb1649316a88a88b0eca34bd959b\"},\"breadcrumb\":{\"@id\":\"https:\\\/\\\/www.turismoaguarda.es\\\/gl\\\/excelente-acogida-tapearte-la-ruta-gastronomica-guarda-23-tapas\\\/#breadcrumb\"},\"inLanguage\":\"gl\",\"potentialAction\":[{\"@type\":\"ReadAction\",\"target\":[\"https:\\\/\\\/www.turismoaguarda.es\\\/gl\\\/excelente-acogida-tapearte-la-ruta-gastronomica-guarda-23-tapas\\\/\"]}]},{\"@type\":\"ImageObject\",\"inLanguage\":\"gl\",\"@id\":\"https:\\\/\\\/www.turismoaguarda.es\\\/gl\\\/excelente-acogida-tapearte-la-ruta-gastronomica-guarda-23-tapas\\\/#primaryimage\",\"url\":\"https:\\\/\\\/www.turismoaguarda.es\\\/wp-content\\\/uploads\\\/2017\\\/05\\\/portada.png\",\"contentUrl\":\"https:\\\/\\\/www.turismoaguarda.es\\\/wp-content\\\/uploads\\\/2017\\\/05\\\/portada.png\",\"width\":3508,\"height\":2480},{\"@type\":\"BreadcrumbList\",\"@id\":\"https:\\\/\\\/www.turismoaguarda.es\\\/gl\\\/excelente-acogida-tapearte-la-ruta-gastronomica-guarda-23-tapas\\\/#breadcrumb\",\"itemListElement\":[{\"@type\":\"ListItem\",\"position\":1,\"name\":\"Portada\",\"item\":\"https:\\\/\\\/www.turismoaguarda.es\\\/gl\\\/\"},{\"@type\":\"ListItem\",\"position\":2,\"name\":\"Comeza o 4\u00ba fin de semana de TAPEARTE, a ruta gastron\u00f3mica da Guarda con 23 tapas\"}]},{\"@type\":\"WebSite\",\"@id\":\"https:\\\/\\\/www.turismoaguarda.es\\\/#website\",\"url\":\"https:\\\/\\\/www.turismoaguarda.es\\\/\",\"name\":\"Turismo A Guarda\",\"description\":\"Informaci\u00f3n tur\u00edstica de A Guarda y alrededores.\",\"potentialAction\":[{\"@type\":\"SearchAction\",\"target\":{\"@type\":\"EntryPoint\",\"urlTemplate\":\"https:\\\/\\\/www.turismoaguarda.es\\\/?s={search_term_string}\"},\"query-input\":{\"@type\":\"PropertyValueSpecification\",\"valueRequired\":true,\"valueName\":\"search_term_string\"}}],\"inLanguage\":\"gl\"},{\"@type\":\"Person\",\"@id\":\"https:\\\/\\\/www.turismoaguarda.es\\\/#\\\/schema\\\/person\\\/9282bb1649316a88a88b0eca34bd959b\",\"name\":\"Rosalia Verde\",\"image\":{\"@type\":\"ImageObject\",\"inLanguage\":\"gl\",\"@id\":\"https:\\\/\\\/secure.gravatar.com\\\/avatar\\\/40761cb45c6464d3a83ebde1e1f3fa222726fcacc4d5b5048a7920608c99e0e5?s=96&d=mm&r=g\",\"url\":\"https:\\\/\\\/secure.gravatar.com\\\/avatar\\\/40761cb45c6464d3a83ebde1e1f3fa222726fcacc4d5b5048a7920608c99e0e5?s=96&d=mm&r=g\",\"contentUrl\":\"https:\\\/\\\/secure.gravatar.com\\\/avatar\\\/40761cb45c6464d3a83ebde1e1f3fa222726fcacc4d5b5048a7920608c99e0e5?s=96&d=mm&r=g\",\"caption\":\"Rosalia Verde\"},\"url\":\"https:\\\/\\\/www.turismoaguarda.es\\\/gl\\\/author\\\/rosalia\\\/\"}]}<\/script>\n<!-- \/ Yoast SEO plugin. -->","yoast_head_json":{"title":"Comeza o 4\u00ba fin de semana de TAPEARTE, a ruta gastron\u00f3mica da Guarda con 23 tapas | Turismo A Guarda","robots":{"index":"index","follow":"follow","max-snippet":"max-snippet:-1","max-image-preview":"max-image-preview:large","max-video-preview":"max-video-preview:-1"},"canonical":"https:\/\/www.turismoaguarda.es\/gl\/excelente-acogida-tapearte-la-ruta-gastronomica-guarda-23-tapas\/","og_locale":"en_US","og_type":"article","og_title":"Comeza o 4\u00ba fin de semana de TAPEARTE, a ruta gastron\u00f3mica da Guarda con 23 tapas | Turismo A Guarda","og_description":"A ruta gastron\u00f3mica Tapearte xa superou o ecuador pero a\u00ednda quedan dous fins de semana para gozar das 23 tapas tan variadas que ofrecen os establecementos participantes. Durante os tres primeiros fins de semana a acollida foi excelente e o n\u00famero de participantes est\u00e1 a ser moi numeroso. Esta quinta edici\u00f3n de TAPEARTE que naceuLeer m\u00e1is","og_url":"https:\/\/www.turismoaguarda.es\/gl\/excelente-acogida-tapearte-la-ruta-gastronomica-guarda-23-tapas\/","og_site_name":"Turismo A Guarda","article_publisher":"https:\/\/es-es.facebook.com\/Turismo-A-Guarda-126223240790625\/","article_published_time":"2017-06-08T19:05:27+00:00","article_modified_time":"2017-06-08T19:13:41+00:00","og_image":[{"width":1024,"height":724,"url":"https:\/\/www.turismoaguarda.es\/wp-content\/uploads\/2017\/05\/portada-1024x724.png","type":"image\/png"}],"author":"Rosalia Verde","twitter_card":"summary_large_image","twitter_creator":"@TurismoAGuarda","twitter_site":"@TurismoAGuarda","twitter_misc":{"Written by":"Rosalia Verde","Est. reading time":"2 minutes"},"schema":{"@context":"https:\/\/schema.org","@graph":[{"@type":"Article","@id":"https:\/\/www.turismoaguarda.es\/gl\/excelente-acogida-tapearte-la-ruta-gastronomica-guarda-23-tapas\/#article","isPartOf":{"@id":"https:\/\/www.turismoaguarda.es\/gl\/excelente-acogida-tapearte-la-ruta-gastronomica-guarda-23-tapas\/"},"author":{"name":"Rosalia Verde","@id":"https:\/\/www.turismoaguarda.es\/#\/schema\/person\/9282bb1649316a88a88b0eca34bd959b"},"headline":"Comeza o 4\u00ba fin de semana de TAPEARTE, a ruta gastron\u00f3mica da Guarda con 23 tapas","datePublished":"2017-06-08T19:05:27+00:00","dateModified":"2017-06-08T19:13:41+00:00","mainEntityOfPage":{"@id":"https:\/\/www.turismoaguarda.es\/gl\/excelente-acogida-tapearte-la-ruta-gastronomica-guarda-23-tapas\/"},"wordCount":441,"commentCount":0,"image":{"@id":"https:\/\/www.turismoaguarda.es\/gl\/excelente-acogida-tapearte-la-ruta-gastronomica-guarda-23-tapas\/#primaryimage"},"thumbnailUrl":"https:\/\/www.turismoaguarda.es\/wp-content\/uploads\/2017\/05\/portada.png","keywords":["Concello da Guarda","rutas","Santa Trega","tapearte","Turismo A Guarda","turismo r\u00edas baixas"],"articleSection":["Novas Turismo"],"inLanguage":"gl","potentialAction":[{"@type":"CommentAction","name":"Comment","target":["https:\/\/www.turismoaguarda.es\/gl\/excelente-acogida-tapearte-la-ruta-gastronomica-guarda-23-tapas\/#respond"]}]},{"@type":"WebPage","@id":"https:\/\/www.turismoaguarda.es\/gl\/excelente-acogida-tapearte-la-ruta-gastronomica-guarda-23-tapas\/","url":"https:\/\/www.turismoaguarda.es\/gl\/excelente-acogida-tapearte-la-ruta-gastronomica-guarda-23-tapas\/","name":"Comeza o 4\u00ba fin de semana de TAPEARTE, a ruta gastron\u00f3mica da Guarda con 23 tapas | Turismo A Guarda","isPartOf":{"@id":"https:\/\/www.turismoaguarda.es\/#website"},"primaryImageOfPage":{"@id":"https:\/\/www.turismoaguarda.es\/gl\/excelente-acogida-tapearte-la-ruta-gastronomica-guarda-23-tapas\/#primaryimage"},"image":{"@id":"https:\/\/www.turismoaguarda.es\/gl\/excelente-acogida-tapearte-la-ruta-gastronomica-guarda-23-tapas\/#primaryimage"},"thumbnailUrl":"https:\/\/www.turismoaguarda.es\/wp-content\/uploads\/2017\/05\/portada.png","datePublished":"2017-06-08T19:05:27+00:00","dateModified":"2017-06-08T19:13:41+00:00","author":{"@id":"https:\/\/www.turismoaguarda.es\/#\/schema\/person\/9282bb1649316a88a88b0eca34bd959b"},"breadcrumb":{"@id":"https:\/\/www.turismoaguarda.es\/gl\/excelente-acogida-tapearte-la-ruta-gastronomica-guarda-23-tapas\/#breadcrumb"},"inLanguage":"gl","potentialAction":[{"@type":"ReadAction","target":["https:\/\/www.turismoaguarda.es\/gl\/excelente-acogida-tapearte-la-ruta-gastronomica-guarda-23-tapas\/"]}]},{"@type":"ImageObject","inLanguage":"gl","@id":"https:\/\/www.turismoaguarda.es\/gl\/excelente-acogida-tapearte-la-ruta-gastronomica-guarda-23-tapas\/#primaryimage","url":"https:\/\/www.turismoaguarda.es\/wp-content\/uploads\/2017\/05\/portada.png","contentUrl":"https:\/\/www.turismoaguarda.es\/wp-content\/uploads\/2017\/05\/portada.png","width":3508,"height":2480},{"@type":"BreadcrumbList","@id":"https:\/\/www.turismoaguarda.es\/gl\/excelente-acogida-tapearte-la-ruta-gastronomica-guarda-23-tapas\/#breadcrumb","itemListElement":[{"@type":"ListItem","position":1,"name":"Portada","item":"https:\/\/www.turismoaguarda.es\/gl\/"},{"@type":"ListItem","position":2,"name":"Comeza o 4\u00ba fin de semana de TAPEARTE, a ruta gastron\u00f3mica da Guarda con 23 tapas"}]},{"@type":"WebSite","@id":"https:\/\/www.turismoaguarda.es\/#website","url":"https:\/\/www.turismoaguarda.es\/","name":"Turismo A Guarda","description":"Informaci\u00f3n tur\u00edstica de A Guarda y alrededores.","potentialAction":[{"@type":"SearchAction","target":{"@type":"EntryPoint","urlTemplate":"https:\/\/www.turismoaguarda.es\/?s={search_term_string}"},"query-input":{"@type":"PropertyValueSpecification","valueRequired":true,"valueName":"search_term_string"}}],"inLanguage":"gl"},{"@type":"Person","@id":"https:\/\/www.turismoaguarda.es\/#\/schema\/person\/9282bb1649316a88a88b0eca34bd959b","name":"Rosalia Verde","image":{"@type":"ImageObject","inLanguage":"gl","@id":"https:\/\/secure.gravatar.com\/avatar\/40761cb45c6464d3a83ebde1e1f3fa222726fcacc4d5b5048a7920608c99e0e5?s=96&d=mm&r=g","url":"https:\/\/secure.gravatar.com\/avatar\/40761cb45c6464d3a83ebde1e1f3fa222726fcacc4d5b5048a7920608c99e0e5?s=96&d=mm&r=g","contentUrl":"https:\/\/secure.gravatar.com\/avatar\/40761cb45c6464d3a83ebde1e1f3fa222726fcacc4d5b5048a7920608c99e0e5?s=96&d=mm&r=g","caption":"Rosalia Verde"},"url":"https:\/\/www.turismoaguarda.es\/gl\/author\/rosalia\/"}]}},"_links":{"self":[{"href":"https:\/\/www.turismoaguarda.es\/gl\/wp-json\/wp\/v2\/posts\/4725","targetHints":{"allow":["GET"]}}],"collection":[{"href":"https:\/\/www.turismoaguarda.es\/gl\/wp-json\/wp\/v2\/posts"}],"about":[{"href":"https:\/\/www.turismoaguarda.es\/gl\/wp-json\/wp\/v2\/types\/post"}],"author":[{"embeddable":true,"href":"https:\/\/www.turismoaguarda.es\/gl\/wp-json\/wp\/v2\/users\/7"}],"replies":[{"embeddable":true,"href":"https:\/\/www.turismoaguarda.es\/gl\/wp-json\/wp\/v2\/comments?post=4725"}],"version-history":[{"count":2,"href":"https:\/\/www.turismoaguarda.es\/gl\/wp-json\/wp\/v2\/posts\/4725\/revisions"}],"predecessor-version":[{"id":4727,"href":"https:\/\/www.turismoaguarda.es\/gl\/wp-json\/wp\/v2\/posts\/4725\/revisions\/4727"}],"wp:featuredmedia":[{"embeddable":true,"href":"https:\/\/www.turismoaguarda.es\/gl\/wp-json\/wp\/v2\/media\/4636"}],"wp:attachment":[{"href":"https:\/\/www.turismoaguarda.es\/gl\/wp-json\/wp\/v2\/media?parent=4725"}],"wp:term":[{"taxonomy":"category","embeddable":true,"href":"https:\/\/www.turismoaguarda.es\/gl\/wp-json\/wp\/v2\/categories?post=4725"},{"taxonomy":"post_tag","embeddable":true,"href":"https:\/\/www.turismoaguarda.es\/gl\/wp-json\/wp\/v2\/tags?post=4725"}],"curies":[{"name":"wp","href":"https:\/\/api.w.org\/{rel}","templated":true}]}}