{"id":17870,"date":"2025-02-26T09:27:43","date_gmt":"2025-02-26T08:27:43","guid":{"rendered":"https:\/\/www.turismoaguarda.es\/?p=17870"},"modified":"2025-02-26T09:27:43","modified_gmt":"2025-02-26T08:27:43","slug":"o-entroido-2025-da-guarda-trae-unha-programacion-enfocada-nos-mais-pequenos","status":"publish","type":"post","link":"https:\/\/www.turismoaguarda.es\/gl\/o-entroido-2025-da-guarda-trae-unha-programacion-enfocada-nos-mais-pequenos\/","title":{"rendered":"O Entroido 2025 da Guarda trae unha programaci\u00f3n enfocada nos m\u00e1is pequenos"},"content":{"rendered":"<p class=\"western\" align=\"left\"><span style=\"color: #000000;\"><span style=\"font-family: Arial, serif;\"><span style=\"font-size: medium;\"><span lang=\"gl-ES\">A Guarda inaugurar\u00e1 o Entroido 2025 co Desfile Escolar o pr\u00f3ximo venres 28 \u00e1s 11:30h, cando preto de 400 alumnos e alumnas da Guarda tomen as r\u00faas para amosar os seus mellores disfraces. <\/span><\/span><\/span><\/span><\/p>\n<p class=\"western\" align=\"left\"><span style=\"font-family: Arial, serif;\"><span lang=\"gl-ES\">Durante a fin de semana continuar\u00e1 <\/span><\/span><span style=\"font-family: Arial, serif;\">a programaci\u00f3n na Alameda. O s\u00e1bado haber\u00e1 noite de djs con Axel, Matt, Joan Roca e Diego Mari\u00f1o. <\/span><span style=\"color: #000000;\"><span style=\"font-family: Arial, serif;\"><span style=\"font-size: medium;\"><span lang=\"es-ES\">A<\/span><\/span><\/span><\/span><span style=\"font-family: Arial, serif;\"> tarde de domingo <\/span><span style=\"color: #000000;\"><span style=\"font-family: Arial, serif;\"><span style=\"font-size: medium;\"><span lang=\"es-ES\">arranca co espect\u00e1culo de clow infantil \u201cA vida tola de Pajarito\u201d, quen far\u00e1 participar ao p\u00fablico e transe\u00fantes coas s\u00faas tolemias. <\/span><\/span><\/span><\/span><\/p>\n<p class=\"western\" align=\"left\"><span style=\"color: #000000;\"><span style=\"font-family: Arial, serif;\"><span style=\"font-size: medium;\"><span lang=\"es-ES\">Despois, a charanga Cantos Somos amenizar\u00e1 o resto da tarde de domingo. O luns e martes de Entroido temos as tardes completas de actividades para desfrutar na Alameda. O luns 3 teremos xogos populares na Alameda, mentres que o martes 4, haber\u00e1 festa de Entroido e Baile de Disfraces con pintacaras, globoflexia e b\u00fasqueda do tesouro.<\/span><\/span><\/span><\/span><\/p>\n<p class=\"western\" align=\"left\"><span style=\"font-family: Arial, serif;\">O prato forte chegar\u00e1 o venres 7 de marzo co Desfile de Entroido. Este sair\u00e1 \u00e1s 20:30h da R\u00faa Porto Rico (Esquina Famosa) e percorrer\u00e1 a R\u00faa Galicia ata rematar na Alameda. Al\u00ed, comezar\u00e1 a festa con Dar\u00edo GZ, Adri\u00e1n Mesu, Christian Pereira e DJ Charlie.<\/span><\/p>\n<p class=\"western\" align=\"left\"><span style=\"color: #000000;\"><span style=\"font-family: Arial, serif;\"><span style=\"font-size: medium;\"><span lang=\"gl-ES\">(En caso de chuvia, proporase unha nova data para a celebraci\u00f3n do desfile)<\/span><\/span><\/span><\/span><\/p>\n<p class=\"western\" align=\"left\"><span style=\"color: #000000;\"><span style=\"font-family: Arial, serif;\"><span style=\"font-size: medium;\"><span lang=\"gl-ES\">Ide preparando os vosos mellores disfraces, que chega o Entroido 2025!<\/span><\/span><\/span><\/span><\/p>\n","protected":false},"excerpt":{"rendered":"<p>A Guarda inaugurar\u00e1 o Entroido 2025 co Desfile Escolar o pr\u00f3ximo venres 28 \u00e1s 11:30h, cando preto de 400 alumnos e alumnas da Guarda tomen as r\u00faas para amosar os seus mellores disfraces. Durante a fin de semana continuar\u00e1 a programaci\u00f3n na Alameda. O s\u00e1bado haber\u00e1 noite de djs con Axel, Matt, Joan Roca e<\/p>\n<div class=\"padding-top text-center\"><a href=\"https:\/\/www.turismoaguarda.es\/gl\/o-entroido-2025-da-guarda-trae-unha-programacion-enfocada-nos-mais-pequenos\/\" class=\"atbtn atbtn--medium atbtn--rounded atbtn--transparent\">Leer m\u00e1is<i class=\"atbtn__icon atbtn__icon--right fa fa-long-arrow-right\"><\/i><\/a><\/div>\n","protected":false},"author":11,"featured_media":17867,"comment_status":"open","ping_status":"open","sticky":false,"template":"","format":"standard","meta":{"footnotes":""},"categories":[94],"tags":[],"class_list":["post-17870","post","type-post","status-publish","format-standard","has-post-thumbnail","hentry","category-novas-turismo"],"yoast_head":"<!-- This site is optimized with the Yoast SEO plugin v27.5 - https:\/\/yoast.com\/product\/yoast-seo-wordpress\/ -->\n<title>O Entroido 2025 da Guarda trae unha programaci\u00f3n enfocada nos m\u00e1is pequenos | Turismo A Guarda<\/title>\n<meta name=\"description\" content=\"A Guarda inaugurar\u00e1 o Entroido 2025 co Desfile Escolar o pr\u00f3ximo venres 28 \u00e1s 11:30h, cando preto de 400 alumnos e alumnas da Guarda tomen as\" \/>\n<meta name=\"robots\" content=\"index, follow, max-snippet:-1, max-image-preview:large, max-video-preview:-1\" \/>\n<link rel=\"canonical\" href=\"https:\/\/www.turismoaguarda.es\/gl\/o-entroido-2025-da-guarda-trae-unha-programacion-enfocada-nos-mais-pequenos\/\" \/>\n<meta property=\"og:locale\" content=\"en_US\" \/>\n<meta property=\"og:type\" content=\"article\" \/>\n<meta property=\"og:title\" content=\"O Entroido 2025 da Guarda trae unha programaci\u00f3n enfocada nos m\u00e1is pequenos | Turismo A Guarda\" \/>\n<meta property=\"og:description\" content=\"A Guarda inaugurar\u00e1 o Entroido 2025 co Desfile Escolar o pr\u00f3ximo venres 28 \u00e1s 11:30h, cando preto de 400 alumnos e alumnas da Guarda tomen as\" \/>\n<meta property=\"og:url\" content=\"https:\/\/www.turismoaguarda.es\/gl\/o-entroido-2025-da-guarda-trae-unha-programacion-enfocada-nos-mais-pequenos\/\" \/>\n<meta property=\"og:site_name\" content=\"Turismo A Guarda\" \/>\n<meta property=\"article:publisher\" content=\"https:\/\/es-es.facebook.com\/Turismo-A-Guarda-126223240790625\/\" \/>\n<meta property=\"article:published_time\" content=\"2025-02-26T08:27:43+00:00\" \/>\n<meta property=\"og:image\" content=\"https:\/\/www.turismoaguarda.es\/wp-content\/uploads\/2025\/02\/cartel-ENTROIDO-2025-REDES.jpg\" \/>\n\t<meta property=\"og:image:width\" content=\"1080\" \/>\n\t<meta property=\"og:image:height\" content=\"1350\" \/>\n\t<meta property=\"og:image:type\" content=\"image\/jpeg\" \/>\n<meta name=\"author\" content=\"Prensa A Guarda\" \/>\n<meta name=\"twitter:card\" content=\"summary_large_image\" \/>\n<meta name=\"twitter:creator\" content=\"@TurismoAGuarda\" \/>\n<meta name=\"twitter:site\" content=\"@TurismoAGuarda\" \/>\n<meta name=\"twitter:label1\" content=\"Written by\" \/>\n\t<meta name=\"twitter:data1\" content=\"Prensa A Guarda\" \/>\n\t<meta name=\"twitter:label2\" content=\"Est. reading time\" \/>\n\t<meta name=\"twitter:data2\" content=\"1 minute\" \/>\n<script type=\"application\/ld+json\" class=\"yoast-schema-graph\">{\"@context\":\"https:\\\/\\\/schema.org\",\"@graph\":[{\"@type\":\"Article\",\"@id\":\"https:\\\/\\\/www.turismoaguarda.es\\\/gl\\\/o-entroido-2025-da-guarda-trae-unha-programacion-enfocada-nos-mais-pequenos\\\/#article\",\"isPartOf\":{\"@id\":\"https:\\\/\\\/www.turismoaguarda.es\\\/gl\\\/o-entroido-2025-da-guarda-trae-unha-programacion-enfocada-nos-mais-pequenos\\\/\"},\"author\":{\"name\":\"Prensa A Guarda\",\"@id\":\"https:\\\/\\\/www.turismoaguarda.es\\\/#\\\/schema\\\/person\\\/a8b0c27ad7bcbb6c19799e934727508e\"},\"headline\":\"O Entroido 2025 da Guarda trae unha programaci\u00f3n enfocada nos m\u00e1is pequenos\",\"datePublished\":\"2025-02-26T08:27:43+00:00\",\"mainEntityOfPage\":{\"@id\":\"https:\\\/\\\/www.turismoaguarda.es\\\/gl\\\/o-entroido-2025-da-guarda-trae-unha-programacion-enfocada-nos-mais-pequenos\\\/\"},\"wordCount\":229,\"commentCount\":0,\"image\":{\"@id\":\"https:\\\/\\\/www.turismoaguarda.es\\\/gl\\\/o-entroido-2025-da-guarda-trae-unha-programacion-enfocada-nos-mais-pequenos\\\/#primaryimage\"},\"thumbnailUrl\":\"https:\\\/\\\/www.turismoaguarda.es\\\/wp-content\\\/uploads\\\/2025\\\/02\\\/cartel-ENTROIDO-2025-REDES.jpg\",\"articleSection\":[\"Novas Turismo\"],\"inLanguage\":\"gl\",\"potentialAction\":[{\"@type\":\"CommentAction\",\"name\":\"Comment\",\"target\":[\"https:\\\/\\\/www.turismoaguarda.es\\\/gl\\\/o-entroido-2025-da-guarda-trae-unha-programacion-enfocada-nos-mais-pequenos\\\/#respond\"]}]},{\"@type\":\"WebPage\",\"@id\":\"https:\\\/\\\/www.turismoaguarda.es\\\/gl\\\/o-entroido-2025-da-guarda-trae-unha-programacion-enfocada-nos-mais-pequenos\\\/\",\"url\":\"https:\\\/\\\/www.turismoaguarda.es\\\/gl\\\/o-entroido-2025-da-guarda-trae-unha-programacion-enfocada-nos-mais-pequenos\\\/\",\"name\":\"O Entroido 2025 da Guarda trae unha programaci\u00f3n enfocada nos m\u00e1is pequenos | Turismo A Guarda\",\"isPartOf\":{\"@id\":\"https:\\\/\\\/www.turismoaguarda.es\\\/#website\"},\"primaryImageOfPage\":{\"@id\":\"https:\\\/\\\/www.turismoaguarda.es\\\/gl\\\/o-entroido-2025-da-guarda-trae-unha-programacion-enfocada-nos-mais-pequenos\\\/#primaryimage\"},\"image\":{\"@id\":\"https:\\\/\\\/www.turismoaguarda.es\\\/gl\\\/o-entroido-2025-da-guarda-trae-unha-programacion-enfocada-nos-mais-pequenos\\\/#primaryimage\"},\"thumbnailUrl\":\"https:\\\/\\\/www.turismoaguarda.es\\\/wp-content\\\/uploads\\\/2025\\\/02\\\/cartel-ENTROIDO-2025-REDES.jpg\",\"datePublished\":\"2025-02-26T08:27:43+00:00\",\"author\":{\"@id\":\"https:\\\/\\\/www.turismoaguarda.es\\\/#\\\/schema\\\/person\\\/a8b0c27ad7bcbb6c19799e934727508e\"},\"description\":\"A Guarda inaugurar\u00e1 o Entroido 2025 co Desfile Escolar o pr\u00f3ximo venres 28 \u00e1s 11:30h, cando preto de 400 alumnos e alumnas da Guarda tomen as\",\"breadcrumb\":{\"@id\":\"https:\\\/\\\/www.turismoaguarda.es\\\/gl\\\/o-entroido-2025-da-guarda-trae-unha-programacion-enfocada-nos-mais-pequenos\\\/#breadcrumb\"},\"inLanguage\":\"gl\",\"potentialAction\":[{\"@type\":\"ReadAction\",\"target\":[\"https:\\\/\\\/www.turismoaguarda.es\\\/gl\\\/o-entroido-2025-da-guarda-trae-unha-programacion-enfocada-nos-mais-pequenos\\\/\"]}]},{\"@type\":\"ImageObject\",\"inLanguage\":\"gl\",\"@id\":\"https:\\\/\\\/www.turismoaguarda.es\\\/gl\\\/o-entroido-2025-da-guarda-trae-unha-programacion-enfocada-nos-mais-pequenos\\\/#primaryimage\",\"url\":\"https:\\\/\\\/www.turismoaguarda.es\\\/wp-content\\\/uploads\\\/2025\\\/02\\\/cartel-ENTROIDO-2025-REDES.jpg\",\"contentUrl\":\"https:\\\/\\\/www.turismoaguarda.es\\\/wp-content\\\/uploads\\\/2025\\\/02\\\/cartel-ENTROIDO-2025-REDES.jpg\",\"width\":1080,\"height\":1350},{\"@type\":\"BreadcrumbList\",\"@id\":\"https:\\\/\\\/www.turismoaguarda.es\\\/gl\\\/o-entroido-2025-da-guarda-trae-unha-programacion-enfocada-nos-mais-pequenos\\\/#breadcrumb\",\"itemListElement\":[{\"@type\":\"ListItem\",\"position\":1,\"name\":\"Portada\",\"item\":\"https:\\\/\\\/www.turismoaguarda.es\\\/gl\\\/\"},{\"@type\":\"ListItem\",\"position\":2,\"name\":\"O Entroido 2025 da Guarda trae unha programaci\u00f3n enfocada nos m\u00e1is pequenos\"}]},{\"@type\":\"WebSite\",\"@id\":\"https:\\\/\\\/www.turismoaguarda.es\\\/#website\",\"url\":\"https:\\\/\\\/www.turismoaguarda.es\\\/\",\"name\":\"Turismo A Guarda\",\"description\":\"Informaci\u00f3n tur\u00edstica de A Guarda y alrededores.\",\"potentialAction\":[{\"@type\":\"SearchAction\",\"target\":{\"@type\":\"EntryPoint\",\"urlTemplate\":\"https:\\\/\\\/www.turismoaguarda.es\\\/?s={search_term_string}\"},\"query-input\":{\"@type\":\"PropertyValueSpecification\",\"valueRequired\":true,\"valueName\":\"search_term_string\"}}],\"inLanguage\":\"gl\"},{\"@type\":\"Person\",\"@id\":\"https:\\\/\\\/www.turismoaguarda.es\\\/#\\\/schema\\\/person\\\/a8b0c27ad7bcbb6c19799e934727508e\",\"name\":\"Prensa A Guarda\",\"image\":{\"@type\":\"ImageObject\",\"inLanguage\":\"gl\",\"@id\":\"https:\\\/\\\/secure.gravatar.com\\\/avatar\\\/387e117f874ba5d0a3439060b45d914395d77287b2e4890a49d1599fc3ef9189?s=96&d=mm&r=g\",\"url\":\"https:\\\/\\\/secure.gravatar.com\\\/avatar\\\/387e117f874ba5d0a3439060b45d914395d77287b2e4890a49d1599fc3ef9189?s=96&d=mm&r=g\",\"contentUrl\":\"https:\\\/\\\/secure.gravatar.com\\\/avatar\\\/387e117f874ba5d0a3439060b45d914395d77287b2e4890a49d1599fc3ef9189?s=96&d=mm&r=g\",\"caption\":\"Prensa A Guarda\"},\"url\":\"https:\\\/\\\/www.turismoaguarda.es\\\/gl\\\/author\\\/prensa\\\/\"}]}<\/script>\n<!-- \/ Yoast SEO plugin. -->","yoast_head_json":{"title":"O Entroido 2025 da Guarda trae unha programaci\u00f3n enfocada nos m\u00e1is pequenos | Turismo A Guarda","description":"A Guarda inaugurar\u00e1 o Entroido 2025 co Desfile Escolar o pr\u00f3ximo venres 28 \u00e1s 11:30h, cando preto de 400 alumnos e alumnas da Guarda tomen as","robots":{"index":"index","follow":"follow","max-snippet":"max-snippet:-1","max-image-preview":"max-image-preview:large","max-video-preview":"max-video-preview:-1"},"canonical":"https:\/\/www.turismoaguarda.es\/gl\/o-entroido-2025-da-guarda-trae-unha-programacion-enfocada-nos-mais-pequenos\/","og_locale":"en_US","og_type":"article","og_title":"O Entroido 2025 da Guarda trae unha programaci\u00f3n enfocada nos m\u00e1is pequenos | Turismo A Guarda","og_description":"A Guarda inaugurar\u00e1 o Entroido 2025 co Desfile Escolar o pr\u00f3ximo venres 28 \u00e1s 11:30h, cando preto de 400 alumnos e alumnas da Guarda tomen as","og_url":"https:\/\/www.turismoaguarda.es\/gl\/o-entroido-2025-da-guarda-trae-unha-programacion-enfocada-nos-mais-pequenos\/","og_site_name":"Turismo A Guarda","article_publisher":"https:\/\/es-es.facebook.com\/Turismo-A-Guarda-126223240790625\/","article_published_time":"2025-02-26T08:27:43+00:00","og_image":[{"width":1080,"height":1350,"url":"https:\/\/www.turismoaguarda.es\/wp-content\/uploads\/2025\/02\/cartel-ENTROIDO-2025-REDES.jpg","type":"image\/jpeg"}],"author":"Prensa A Guarda","twitter_card":"summary_large_image","twitter_creator":"@TurismoAGuarda","twitter_site":"@TurismoAGuarda","twitter_misc":{"Written by":"Prensa A Guarda","Est. reading time":"1 minute"},"schema":{"@context":"https:\/\/schema.org","@graph":[{"@type":"Article","@id":"https:\/\/www.turismoaguarda.es\/gl\/o-entroido-2025-da-guarda-trae-unha-programacion-enfocada-nos-mais-pequenos\/#article","isPartOf":{"@id":"https:\/\/www.turismoaguarda.es\/gl\/o-entroido-2025-da-guarda-trae-unha-programacion-enfocada-nos-mais-pequenos\/"},"author":{"name":"Prensa A Guarda","@id":"https:\/\/www.turismoaguarda.es\/#\/schema\/person\/a8b0c27ad7bcbb6c19799e934727508e"},"headline":"O Entroido 2025 da Guarda trae unha programaci\u00f3n enfocada nos m\u00e1is pequenos","datePublished":"2025-02-26T08:27:43+00:00","mainEntityOfPage":{"@id":"https:\/\/www.turismoaguarda.es\/gl\/o-entroido-2025-da-guarda-trae-unha-programacion-enfocada-nos-mais-pequenos\/"},"wordCount":229,"commentCount":0,"image":{"@id":"https:\/\/www.turismoaguarda.es\/gl\/o-entroido-2025-da-guarda-trae-unha-programacion-enfocada-nos-mais-pequenos\/#primaryimage"},"thumbnailUrl":"https:\/\/www.turismoaguarda.es\/wp-content\/uploads\/2025\/02\/cartel-ENTROIDO-2025-REDES.jpg","articleSection":["Novas Turismo"],"inLanguage":"gl","potentialAction":[{"@type":"CommentAction","name":"Comment","target":["https:\/\/www.turismoaguarda.es\/gl\/o-entroido-2025-da-guarda-trae-unha-programacion-enfocada-nos-mais-pequenos\/#respond"]}]},{"@type":"WebPage","@id":"https:\/\/www.turismoaguarda.es\/gl\/o-entroido-2025-da-guarda-trae-unha-programacion-enfocada-nos-mais-pequenos\/","url":"https:\/\/www.turismoaguarda.es\/gl\/o-entroido-2025-da-guarda-trae-unha-programacion-enfocada-nos-mais-pequenos\/","name":"O Entroido 2025 da Guarda trae unha programaci\u00f3n enfocada nos m\u00e1is pequenos | Turismo A Guarda","isPartOf":{"@id":"https:\/\/www.turismoaguarda.es\/#website"},"primaryImageOfPage":{"@id":"https:\/\/www.turismoaguarda.es\/gl\/o-entroido-2025-da-guarda-trae-unha-programacion-enfocada-nos-mais-pequenos\/#primaryimage"},"image":{"@id":"https:\/\/www.turismoaguarda.es\/gl\/o-entroido-2025-da-guarda-trae-unha-programacion-enfocada-nos-mais-pequenos\/#primaryimage"},"thumbnailUrl":"https:\/\/www.turismoaguarda.es\/wp-content\/uploads\/2025\/02\/cartel-ENTROIDO-2025-REDES.jpg","datePublished":"2025-02-26T08:27:43+00:00","author":{"@id":"https:\/\/www.turismoaguarda.es\/#\/schema\/person\/a8b0c27ad7bcbb6c19799e934727508e"},"description":"A Guarda inaugurar\u00e1 o Entroido 2025 co Desfile Escolar o pr\u00f3ximo venres 28 \u00e1s 11:30h, cando preto de 400 alumnos e alumnas da Guarda tomen as","breadcrumb":{"@id":"https:\/\/www.turismoaguarda.es\/gl\/o-entroido-2025-da-guarda-trae-unha-programacion-enfocada-nos-mais-pequenos\/#breadcrumb"},"inLanguage":"gl","potentialAction":[{"@type":"ReadAction","target":["https:\/\/www.turismoaguarda.es\/gl\/o-entroido-2025-da-guarda-trae-unha-programacion-enfocada-nos-mais-pequenos\/"]}]},{"@type":"ImageObject","inLanguage":"gl","@id":"https:\/\/www.turismoaguarda.es\/gl\/o-entroido-2025-da-guarda-trae-unha-programacion-enfocada-nos-mais-pequenos\/#primaryimage","url":"https:\/\/www.turismoaguarda.es\/wp-content\/uploads\/2025\/02\/cartel-ENTROIDO-2025-REDES.jpg","contentUrl":"https:\/\/www.turismoaguarda.es\/wp-content\/uploads\/2025\/02\/cartel-ENTROIDO-2025-REDES.jpg","width":1080,"height":1350},{"@type":"BreadcrumbList","@id":"https:\/\/www.turismoaguarda.es\/gl\/o-entroido-2025-da-guarda-trae-unha-programacion-enfocada-nos-mais-pequenos\/#breadcrumb","itemListElement":[{"@type":"ListItem","position":1,"name":"Portada","item":"https:\/\/www.turismoaguarda.es\/gl\/"},{"@type":"ListItem","position":2,"name":"O Entroido 2025 da Guarda trae unha programaci\u00f3n enfocada nos m\u00e1is pequenos"}]},{"@type":"WebSite","@id":"https:\/\/www.turismoaguarda.es\/#website","url":"https:\/\/www.turismoaguarda.es\/","name":"Turismo A Guarda","description":"Informaci\u00f3n tur\u00edstica de A Guarda y alrededores.","potentialAction":[{"@type":"SearchAction","target":{"@type":"EntryPoint","urlTemplate":"https:\/\/www.turismoaguarda.es\/?s={search_term_string}"},"query-input":{"@type":"PropertyValueSpecification","valueRequired":true,"valueName":"search_term_string"}}],"inLanguage":"gl"},{"@type":"Person","@id":"https:\/\/www.turismoaguarda.es\/#\/schema\/person\/a8b0c27ad7bcbb6c19799e934727508e","name":"Prensa A Guarda","image":{"@type":"ImageObject","inLanguage":"gl","@id":"https:\/\/secure.gravatar.com\/avatar\/387e117f874ba5d0a3439060b45d914395d77287b2e4890a49d1599fc3ef9189?s=96&d=mm&r=g","url":"https:\/\/secure.gravatar.com\/avatar\/387e117f874ba5d0a3439060b45d914395d77287b2e4890a49d1599fc3ef9189?s=96&d=mm&r=g","contentUrl":"https:\/\/secure.gravatar.com\/avatar\/387e117f874ba5d0a3439060b45d914395d77287b2e4890a49d1599fc3ef9189?s=96&d=mm&r=g","caption":"Prensa A Guarda"},"url":"https:\/\/www.turismoaguarda.es\/gl\/author\/prensa\/"}]}},"_links":{"self":[{"href":"https:\/\/www.turismoaguarda.es\/gl\/wp-json\/wp\/v2\/posts\/17870","targetHints":{"allow":["GET"]}}],"collection":[{"href":"https:\/\/www.turismoaguarda.es\/gl\/wp-json\/wp\/v2\/posts"}],"about":[{"href":"https:\/\/www.turismoaguarda.es\/gl\/wp-json\/wp\/v2\/types\/post"}],"author":[{"embeddable":true,"href":"https:\/\/www.turismoaguarda.es\/gl\/wp-json\/wp\/v2\/users\/11"}],"replies":[{"embeddable":true,"href":"https:\/\/www.turismoaguarda.es\/gl\/wp-json\/wp\/v2\/comments?post=17870"}],"version-history":[{"count":1,"href":"https:\/\/www.turismoaguarda.es\/gl\/wp-json\/wp\/v2\/posts\/17870\/revisions"}],"predecessor-version":[{"id":17871,"href":"https:\/\/www.turismoaguarda.es\/gl\/wp-json\/wp\/v2\/posts\/17870\/revisions\/17871"}],"wp:featuredmedia":[{"embeddable":true,"href":"https:\/\/www.turismoaguarda.es\/gl\/wp-json\/wp\/v2\/media\/17867"}],"wp:attachment":[{"href":"https:\/\/www.turismoaguarda.es\/gl\/wp-json\/wp\/v2\/media?parent=17870"}],"wp:term":[{"taxonomy":"category","embeddable":true,"href":"https:\/\/www.turismoaguarda.es\/gl\/wp-json\/wp\/v2\/categories?post=17870"},{"taxonomy":"post_tag","embeddable":true,"href":"https:\/\/www.turismoaguarda.es\/gl\/wp-json\/wp\/v2\/tags?post=17870"}],"curies":[{"name":"wp","href":"https:\/\/api.w.org\/{rel}","templated":true}]}}