{"id":17824,"date":"2024-12-20T09:31:58","date_gmt":"2024-12-20T08:31:58","guid":{"rendered":"https:\/\/www.turismoaguarda.es\/?p=17824"},"modified":"2024-12-20T09:31:59","modified_gmt":"2024-12-20T08:31:59","slug":"a-guarda-trae-un-nadal-cheo-de-actividades-para-toda-a-familia","status":"publish","type":"post","link":"https:\/\/www.turismoaguarda.es\/gl\/a-guarda-trae-un-nadal-cheo-de-actividades-para-toda-a-familia\/","title":{"rendered":"A Guarda trae un Nadal cheo de actividades  para toda a familia"},"content":{"rendered":"<p><span style=\"font-weight: 400;\">As datas festivas est\u00e1n \u00e1 volta da esquina e para desfrutar delas, A Guarda ten unha programaci\u00f3n chea de actividades para toda a familia.<\/span><\/p>\n<p><span style=\"font-weight: 400;\">A m\u00fasica ser\u00e1 a gran protagonista, con concertos e pasarr\u00faas, mais tam\u00e9n haber\u00e1 contacontos e espect\u00e1culos de maxia ou circo. Ademais recibiremos visitas moi especiais, como Pap\u00e1 Noel, as carteiras reais e os Reis Magos.<\/span><\/p>\n<p><span style=\"font-weight: 400;\">Durante as vindeiras semanas, irase dando a co\u00f1ecer m\u00e1is informaci\u00f3n sobre cada unha das actividades.<\/span><\/p>\n<p><a href=\"https:\/\/www.turismoaguarda.es\/gl\/a-guarda-trae-un-nadal-cheo-de-actividades-para-toda-a-familia\/tn_a5-agenda-de-nadal-2024-_page-0002-2\/\" rel=\"attachment wp-att-17818\"><img loading=\"lazy\" decoding=\"async\" class=\"alignleft size-full wp-image-17818\" src=\"https:\/\/www.turismoaguarda.es\/wp-content\/uploads\/2024\/12\/tn_A5-agenda-de-Nadal-2024-_page-0002.jpg\" alt=\"\" width=\"353\" height=\"500\" srcset=\"https:\/\/www.turismoaguarda.es\/wp-content\/uploads\/2024\/12\/tn_A5-agenda-de-Nadal-2024-_page-0002.jpg 353w, https:\/\/www.turismoaguarda.es\/wp-content\/uploads\/2024\/12\/tn_A5-agenda-de-Nadal-2024-_page-0002-212x300.jpg 212w, https:\/\/www.turismoaguarda.es\/wp-content\/uploads\/2024\/12\/tn_A5-agenda-de-Nadal-2024-_page-0002-150x212.jpg 150w\" sizes=\"auto, (max-width: 353px) 100vw, 353px\" \/><\/a><\/p>\n","protected":false},"excerpt":{"rendered":"<p>As datas festivas est\u00e1n \u00e1 volta da esquina e para desfrutar delas, A Guarda ten unha programaci\u00f3n chea de actividades para toda a familia. A m\u00fasica ser\u00e1 a gran protagonista, con concertos e pasarr\u00faas, mais tam\u00e9n haber\u00e1 contacontos e espect\u00e1culos de maxia ou circo. Ademais recibiremos visitas moi especiais, como Pap\u00e1 Noel, as carteiras reais<\/p>\n<div class=\"padding-top text-center\"><a href=\"https:\/\/www.turismoaguarda.es\/gl\/a-guarda-trae-un-nadal-cheo-de-actividades-para-toda-a-familia\/\" class=\"atbtn atbtn--medium atbtn--rounded atbtn--transparent\">Leer m\u00e1is<i class=\"atbtn__icon atbtn__icon--right fa fa-long-arrow-right\"><\/i><\/a><\/div>\n","protected":false},"author":11,"featured_media":17821,"comment_status":"open","ping_status":"open","sticky":false,"template":"","format":"standard","meta":{"footnotes":""},"categories":[94],"tags":[],"class_list":["post-17824","post","type-post","status-publish","format-standard","has-post-thumbnail","hentry","category-novas-turismo"],"yoast_head":"<!-- This site is optimized with the Yoast SEO plugin v27.5 - https:\/\/yoast.com\/product\/yoast-seo-wordpress\/ -->\n<title>A Guarda trae un Nadal cheo de actividades para toda a familia | Turismo A Guarda<\/title>\n<meta name=\"robots\" content=\"index, follow, max-snippet:-1, max-image-preview:large, max-video-preview:-1\" \/>\n<link rel=\"canonical\" href=\"https:\/\/www.turismoaguarda.es\/gl\/a-guarda-trae-un-nadal-cheo-de-actividades-para-toda-a-familia\/\" \/>\n<meta property=\"og:locale\" content=\"en_US\" \/>\n<meta property=\"og:type\" content=\"article\" \/>\n<meta property=\"og:title\" content=\"A Guarda trae un Nadal cheo de actividades para toda a familia | Turismo A Guarda\" \/>\n<meta property=\"og:description\" content=\"As datas festivas est\u00e1n \u00e1 volta da esquina e para desfrutar delas, A Guarda ten unha programaci\u00f3n chea de actividades para toda a familia. A m\u00fasica ser\u00e1 a gran protagonista, con concertos e pasarr\u00faas, mais tam\u00e9n haber\u00e1 contacontos e espect\u00e1culos de maxia ou circo. Ademais recibiremos visitas moi especiais, como Pap\u00e1 Noel, as carteiras reaisLeer m\u00e1is\" \/>\n<meta property=\"og:url\" content=\"https:\/\/www.turismoaguarda.es\/gl\/a-guarda-trae-un-nadal-cheo-de-actividades-para-toda-a-familia\/\" \/>\n<meta property=\"og:site_name\" content=\"Turismo A Guarda\" \/>\n<meta property=\"article:publisher\" content=\"https:\/\/es-es.facebook.com\/Turismo-A-Guarda-126223240790625\/\" \/>\n<meta property=\"article:published_time\" content=\"2024-12-20T08:31:58+00:00\" \/>\n<meta property=\"article:modified_time\" content=\"2024-12-20T08:31:59+00:00\" \/>\n<meta property=\"og:image\" content=\"https:\/\/www.turismoaguarda.es\/wp-content\/uploads\/2024\/12\/tn_A5-agenda-de-Nadal-2024-_page-0001.jpg\" \/>\n\t<meta property=\"og:image:width\" content=\"353\" \/>\n\t<meta property=\"og:image:height\" content=\"500\" \/>\n\t<meta property=\"og:image:type\" content=\"image\/jpeg\" \/>\n<meta name=\"author\" content=\"Prensa A Guarda\" \/>\n<meta name=\"twitter:card\" content=\"summary_large_image\" \/>\n<meta name=\"twitter:creator\" content=\"@TurismoAGuarda\" \/>\n<meta name=\"twitter:site\" content=\"@TurismoAGuarda\" \/>\n<meta name=\"twitter:label1\" content=\"Written by\" \/>\n\t<meta name=\"twitter:data1\" content=\"Prensa A Guarda\" \/>\n\t<meta name=\"twitter:label2\" content=\"Est. reading time\" \/>\n\t<meta name=\"twitter:data2\" content=\"1 minute\" \/>\n<script type=\"application\/ld+json\" class=\"yoast-schema-graph\">{\"@context\":\"https:\\\/\\\/schema.org\",\"@graph\":[{\"@type\":\"Article\",\"@id\":\"https:\\\/\\\/www.turismoaguarda.es\\\/gl\\\/a-guarda-trae-un-nadal-cheo-de-actividades-para-toda-a-familia\\\/#article\",\"isPartOf\":{\"@id\":\"https:\\\/\\\/www.turismoaguarda.es\\\/gl\\\/a-guarda-trae-un-nadal-cheo-de-actividades-para-toda-a-familia\\\/\"},\"author\":{\"name\":\"Prensa A Guarda\",\"@id\":\"https:\\\/\\\/www.turismoaguarda.es\\\/#\\\/schema\\\/person\\\/a8b0c27ad7bcbb6c19799e934727508e\"},\"headline\":\"A Guarda trae un Nadal cheo de actividades para toda a familia\",\"datePublished\":\"2024-12-20T08:31:58+00:00\",\"dateModified\":\"2024-12-20T08:31:59+00:00\",\"mainEntityOfPage\":{\"@id\":\"https:\\\/\\\/www.turismoaguarda.es\\\/gl\\\/a-guarda-trae-un-nadal-cheo-de-actividades-para-toda-a-familia\\\/\"},\"wordCount\":94,\"commentCount\":0,\"image\":{\"@id\":\"https:\\\/\\\/www.turismoaguarda.es\\\/gl\\\/a-guarda-trae-un-nadal-cheo-de-actividades-para-toda-a-familia\\\/#primaryimage\"},\"thumbnailUrl\":\"https:\\\/\\\/www.turismoaguarda.es\\\/wp-content\\\/uploads\\\/2024\\\/12\\\/tn_A5-agenda-de-Nadal-2024-_page-0001.jpg\",\"articleSection\":[\"Novas Turismo\"],\"inLanguage\":\"gl\",\"potentialAction\":[{\"@type\":\"CommentAction\",\"name\":\"Comment\",\"target\":[\"https:\\\/\\\/www.turismoaguarda.es\\\/gl\\\/a-guarda-trae-un-nadal-cheo-de-actividades-para-toda-a-familia\\\/#respond\"]}]},{\"@type\":\"WebPage\",\"@id\":\"https:\\\/\\\/www.turismoaguarda.es\\\/gl\\\/a-guarda-trae-un-nadal-cheo-de-actividades-para-toda-a-familia\\\/\",\"url\":\"https:\\\/\\\/www.turismoaguarda.es\\\/gl\\\/a-guarda-trae-un-nadal-cheo-de-actividades-para-toda-a-familia\\\/\",\"name\":\"A Guarda trae un Nadal cheo de actividades para toda a familia | Turismo A Guarda\",\"isPartOf\":{\"@id\":\"https:\\\/\\\/www.turismoaguarda.es\\\/#website\"},\"primaryImageOfPage\":{\"@id\":\"https:\\\/\\\/www.turismoaguarda.es\\\/gl\\\/a-guarda-trae-un-nadal-cheo-de-actividades-para-toda-a-familia\\\/#primaryimage\"},\"image\":{\"@id\":\"https:\\\/\\\/www.turismoaguarda.es\\\/gl\\\/a-guarda-trae-un-nadal-cheo-de-actividades-para-toda-a-familia\\\/#primaryimage\"},\"thumbnailUrl\":\"https:\\\/\\\/www.turismoaguarda.es\\\/wp-content\\\/uploads\\\/2024\\\/12\\\/tn_A5-agenda-de-Nadal-2024-_page-0001.jpg\",\"datePublished\":\"2024-12-20T08:31:58+00:00\",\"dateModified\":\"2024-12-20T08:31:59+00:00\",\"author\":{\"@id\":\"https:\\\/\\\/www.turismoaguarda.es\\\/#\\\/schema\\\/person\\\/a8b0c27ad7bcbb6c19799e934727508e\"},\"breadcrumb\":{\"@id\":\"https:\\\/\\\/www.turismoaguarda.es\\\/gl\\\/a-guarda-trae-un-nadal-cheo-de-actividades-para-toda-a-familia\\\/#breadcrumb\"},\"inLanguage\":\"gl\",\"potentialAction\":[{\"@type\":\"ReadAction\",\"target\":[\"https:\\\/\\\/www.turismoaguarda.es\\\/gl\\\/a-guarda-trae-un-nadal-cheo-de-actividades-para-toda-a-familia\\\/\"]}]},{\"@type\":\"ImageObject\",\"inLanguage\":\"gl\",\"@id\":\"https:\\\/\\\/www.turismoaguarda.es\\\/gl\\\/a-guarda-trae-un-nadal-cheo-de-actividades-para-toda-a-familia\\\/#primaryimage\",\"url\":\"https:\\\/\\\/www.turismoaguarda.es\\\/wp-content\\\/uploads\\\/2024\\\/12\\\/tn_A5-agenda-de-Nadal-2024-_page-0001.jpg\",\"contentUrl\":\"https:\\\/\\\/www.turismoaguarda.es\\\/wp-content\\\/uploads\\\/2024\\\/12\\\/tn_A5-agenda-de-Nadal-2024-_page-0001.jpg\",\"width\":353,\"height\":500},{\"@type\":\"BreadcrumbList\",\"@id\":\"https:\\\/\\\/www.turismoaguarda.es\\\/gl\\\/a-guarda-trae-un-nadal-cheo-de-actividades-para-toda-a-familia\\\/#breadcrumb\",\"itemListElement\":[{\"@type\":\"ListItem\",\"position\":1,\"name\":\"Portada\",\"item\":\"https:\\\/\\\/www.turismoaguarda.es\\\/gl\\\/\"},{\"@type\":\"ListItem\",\"position\":2,\"name\":\"A Guarda trae un Nadal cheo de actividades para toda a familia\"}]},{\"@type\":\"WebSite\",\"@id\":\"https:\\\/\\\/www.turismoaguarda.es\\\/#website\",\"url\":\"https:\\\/\\\/www.turismoaguarda.es\\\/\",\"name\":\"Turismo A Guarda\",\"description\":\"Informaci\u00f3n tur\u00edstica de A Guarda y alrededores.\",\"potentialAction\":[{\"@type\":\"SearchAction\",\"target\":{\"@type\":\"EntryPoint\",\"urlTemplate\":\"https:\\\/\\\/www.turismoaguarda.es\\\/?s={search_term_string}\"},\"query-input\":{\"@type\":\"PropertyValueSpecification\",\"valueRequired\":true,\"valueName\":\"search_term_string\"}}],\"inLanguage\":\"gl\"},{\"@type\":\"Person\",\"@id\":\"https:\\\/\\\/www.turismoaguarda.es\\\/#\\\/schema\\\/person\\\/a8b0c27ad7bcbb6c19799e934727508e\",\"name\":\"Prensa A Guarda\",\"image\":{\"@type\":\"ImageObject\",\"inLanguage\":\"gl\",\"@id\":\"https:\\\/\\\/secure.gravatar.com\\\/avatar\\\/387e117f874ba5d0a3439060b45d914395d77287b2e4890a49d1599fc3ef9189?s=96&d=mm&r=g\",\"url\":\"https:\\\/\\\/secure.gravatar.com\\\/avatar\\\/387e117f874ba5d0a3439060b45d914395d77287b2e4890a49d1599fc3ef9189?s=96&d=mm&r=g\",\"contentUrl\":\"https:\\\/\\\/secure.gravatar.com\\\/avatar\\\/387e117f874ba5d0a3439060b45d914395d77287b2e4890a49d1599fc3ef9189?s=96&d=mm&r=g\",\"caption\":\"Prensa A Guarda\"},\"url\":\"https:\\\/\\\/www.turismoaguarda.es\\\/gl\\\/author\\\/prensa\\\/\"}]}<\/script>\n<!-- \/ Yoast SEO plugin. -->","yoast_head_json":{"title":"A Guarda trae un Nadal cheo de actividades para toda a familia | Turismo A Guarda","robots":{"index":"index","follow":"follow","max-snippet":"max-snippet:-1","max-image-preview":"max-image-preview:large","max-video-preview":"max-video-preview:-1"},"canonical":"https:\/\/www.turismoaguarda.es\/gl\/a-guarda-trae-un-nadal-cheo-de-actividades-para-toda-a-familia\/","og_locale":"en_US","og_type":"article","og_title":"A Guarda trae un Nadal cheo de actividades para toda a familia | Turismo A Guarda","og_description":"As datas festivas est\u00e1n \u00e1 volta da esquina e para desfrutar delas, A Guarda ten unha programaci\u00f3n chea de actividades para toda a familia. A m\u00fasica ser\u00e1 a gran protagonista, con concertos e pasarr\u00faas, mais tam\u00e9n haber\u00e1 contacontos e espect\u00e1culos de maxia ou circo. Ademais recibiremos visitas moi especiais, como Pap\u00e1 Noel, as carteiras reaisLeer m\u00e1is","og_url":"https:\/\/www.turismoaguarda.es\/gl\/a-guarda-trae-un-nadal-cheo-de-actividades-para-toda-a-familia\/","og_site_name":"Turismo A Guarda","article_publisher":"https:\/\/es-es.facebook.com\/Turismo-A-Guarda-126223240790625\/","article_published_time":"2024-12-20T08:31:58+00:00","article_modified_time":"2024-12-20T08:31:59+00:00","og_image":[{"width":353,"height":500,"url":"https:\/\/www.turismoaguarda.es\/wp-content\/uploads\/2024\/12\/tn_A5-agenda-de-Nadal-2024-_page-0001.jpg","type":"image\/jpeg"}],"author":"Prensa A Guarda","twitter_card":"summary_large_image","twitter_creator":"@TurismoAGuarda","twitter_site":"@TurismoAGuarda","twitter_misc":{"Written by":"Prensa A Guarda","Est. reading time":"1 minute"},"schema":{"@context":"https:\/\/schema.org","@graph":[{"@type":"Article","@id":"https:\/\/www.turismoaguarda.es\/gl\/a-guarda-trae-un-nadal-cheo-de-actividades-para-toda-a-familia\/#article","isPartOf":{"@id":"https:\/\/www.turismoaguarda.es\/gl\/a-guarda-trae-un-nadal-cheo-de-actividades-para-toda-a-familia\/"},"author":{"name":"Prensa A Guarda","@id":"https:\/\/www.turismoaguarda.es\/#\/schema\/person\/a8b0c27ad7bcbb6c19799e934727508e"},"headline":"A Guarda trae un Nadal cheo de actividades para toda a familia","datePublished":"2024-12-20T08:31:58+00:00","dateModified":"2024-12-20T08:31:59+00:00","mainEntityOfPage":{"@id":"https:\/\/www.turismoaguarda.es\/gl\/a-guarda-trae-un-nadal-cheo-de-actividades-para-toda-a-familia\/"},"wordCount":94,"commentCount":0,"image":{"@id":"https:\/\/www.turismoaguarda.es\/gl\/a-guarda-trae-un-nadal-cheo-de-actividades-para-toda-a-familia\/#primaryimage"},"thumbnailUrl":"https:\/\/www.turismoaguarda.es\/wp-content\/uploads\/2024\/12\/tn_A5-agenda-de-Nadal-2024-_page-0001.jpg","articleSection":["Novas Turismo"],"inLanguage":"gl","potentialAction":[{"@type":"CommentAction","name":"Comment","target":["https:\/\/www.turismoaguarda.es\/gl\/a-guarda-trae-un-nadal-cheo-de-actividades-para-toda-a-familia\/#respond"]}]},{"@type":"WebPage","@id":"https:\/\/www.turismoaguarda.es\/gl\/a-guarda-trae-un-nadal-cheo-de-actividades-para-toda-a-familia\/","url":"https:\/\/www.turismoaguarda.es\/gl\/a-guarda-trae-un-nadal-cheo-de-actividades-para-toda-a-familia\/","name":"A Guarda trae un Nadal cheo de actividades para toda a familia | Turismo A Guarda","isPartOf":{"@id":"https:\/\/www.turismoaguarda.es\/#website"},"primaryImageOfPage":{"@id":"https:\/\/www.turismoaguarda.es\/gl\/a-guarda-trae-un-nadal-cheo-de-actividades-para-toda-a-familia\/#primaryimage"},"image":{"@id":"https:\/\/www.turismoaguarda.es\/gl\/a-guarda-trae-un-nadal-cheo-de-actividades-para-toda-a-familia\/#primaryimage"},"thumbnailUrl":"https:\/\/www.turismoaguarda.es\/wp-content\/uploads\/2024\/12\/tn_A5-agenda-de-Nadal-2024-_page-0001.jpg","datePublished":"2024-12-20T08:31:58+00:00","dateModified":"2024-12-20T08:31:59+00:00","author":{"@id":"https:\/\/www.turismoaguarda.es\/#\/schema\/person\/a8b0c27ad7bcbb6c19799e934727508e"},"breadcrumb":{"@id":"https:\/\/www.turismoaguarda.es\/gl\/a-guarda-trae-un-nadal-cheo-de-actividades-para-toda-a-familia\/#breadcrumb"},"inLanguage":"gl","potentialAction":[{"@type":"ReadAction","target":["https:\/\/www.turismoaguarda.es\/gl\/a-guarda-trae-un-nadal-cheo-de-actividades-para-toda-a-familia\/"]}]},{"@type":"ImageObject","inLanguage":"gl","@id":"https:\/\/www.turismoaguarda.es\/gl\/a-guarda-trae-un-nadal-cheo-de-actividades-para-toda-a-familia\/#primaryimage","url":"https:\/\/www.turismoaguarda.es\/wp-content\/uploads\/2024\/12\/tn_A5-agenda-de-Nadal-2024-_page-0001.jpg","contentUrl":"https:\/\/www.turismoaguarda.es\/wp-content\/uploads\/2024\/12\/tn_A5-agenda-de-Nadal-2024-_page-0001.jpg","width":353,"height":500},{"@type":"BreadcrumbList","@id":"https:\/\/www.turismoaguarda.es\/gl\/a-guarda-trae-un-nadal-cheo-de-actividades-para-toda-a-familia\/#breadcrumb","itemListElement":[{"@type":"ListItem","position":1,"name":"Portada","item":"https:\/\/www.turismoaguarda.es\/gl\/"},{"@type":"ListItem","position":2,"name":"A Guarda trae un Nadal cheo de actividades para toda a familia"}]},{"@type":"WebSite","@id":"https:\/\/www.turismoaguarda.es\/#website","url":"https:\/\/www.turismoaguarda.es\/","name":"Turismo A Guarda","description":"Informaci\u00f3n tur\u00edstica de A Guarda y alrededores.","potentialAction":[{"@type":"SearchAction","target":{"@type":"EntryPoint","urlTemplate":"https:\/\/www.turismoaguarda.es\/?s={search_term_string}"},"query-input":{"@type":"PropertyValueSpecification","valueRequired":true,"valueName":"search_term_string"}}],"inLanguage":"gl"},{"@type":"Person","@id":"https:\/\/www.turismoaguarda.es\/#\/schema\/person\/a8b0c27ad7bcbb6c19799e934727508e","name":"Prensa A Guarda","image":{"@type":"ImageObject","inLanguage":"gl","@id":"https:\/\/secure.gravatar.com\/avatar\/387e117f874ba5d0a3439060b45d914395d77287b2e4890a49d1599fc3ef9189?s=96&d=mm&r=g","url":"https:\/\/secure.gravatar.com\/avatar\/387e117f874ba5d0a3439060b45d914395d77287b2e4890a49d1599fc3ef9189?s=96&d=mm&r=g","contentUrl":"https:\/\/secure.gravatar.com\/avatar\/387e117f874ba5d0a3439060b45d914395d77287b2e4890a49d1599fc3ef9189?s=96&d=mm&r=g","caption":"Prensa A Guarda"},"url":"https:\/\/www.turismoaguarda.es\/gl\/author\/prensa\/"}]}},"_links":{"self":[{"href":"https:\/\/www.turismoaguarda.es\/gl\/wp-json\/wp\/v2\/posts\/17824","targetHints":{"allow":["GET"]}}],"collection":[{"href":"https:\/\/www.turismoaguarda.es\/gl\/wp-json\/wp\/v2\/posts"}],"about":[{"href":"https:\/\/www.turismoaguarda.es\/gl\/wp-json\/wp\/v2\/types\/post"}],"author":[{"embeddable":true,"href":"https:\/\/www.turismoaguarda.es\/gl\/wp-json\/wp\/v2\/users\/11"}],"replies":[{"embeddable":true,"href":"https:\/\/www.turismoaguarda.es\/gl\/wp-json\/wp\/v2\/comments?post=17824"}],"version-history":[{"count":2,"href":"https:\/\/www.turismoaguarda.es\/gl\/wp-json\/wp\/v2\/posts\/17824\/revisions"}],"predecessor-version":[{"id":17826,"href":"https:\/\/www.turismoaguarda.es\/gl\/wp-json\/wp\/v2\/posts\/17824\/revisions\/17826"}],"wp:featuredmedia":[{"embeddable":true,"href":"https:\/\/www.turismoaguarda.es\/gl\/wp-json\/wp\/v2\/media\/17821"}],"wp:attachment":[{"href":"https:\/\/www.turismoaguarda.es\/gl\/wp-json\/wp\/v2\/media?parent=17824"}],"wp:term":[{"taxonomy":"category","embeddable":true,"href":"https:\/\/www.turismoaguarda.es\/gl\/wp-json\/wp\/v2\/categories?post=17824"},{"taxonomy":"post_tag","embeddable":true,"href":"https:\/\/www.turismoaguarda.es\/gl\/wp-json\/wp\/v2\/tags?post=17824"}],"curies":[{"name":"wp","href":"https:\/\/api.w.org\/{rel}","templated":true}]}}