{"id":17632,"date":"2024-07-23T12:59:07","date_gmt":"2024-07-23T10:59:07","guid":{"rendered":"https:\/\/www.turismoaguarda.es\/?p=17632"},"modified":"2024-07-23T12:59:07","modified_gmt":"2024-07-23T10:59:07","slug":"a-xix-festa-do-peixe-espada-volve-esta-fin-de-semana","status":"publish","type":"post","link":"https:\/\/www.turismoaguarda.es\/gl\/a-xix-festa-do-peixe-espada-volve-esta-fin-de-semana\/","title":{"rendered":"A XIX Festa do Peixe Espada volve esta  fin de semana"},"content":{"rendered":"<p class=\"western\" align=\"left\"><span style=\"font-family: Arial, serif;\"><span lang=\"gl-ES\">A Festa do Peixe Espada celebra esta fin de semana a s\u00faa 19\u00aa edici\u00f3n. Darase comezo o venres 26 de xullo, co acto de inauguraci\u00f3n no Concello \u00e1s 19:00 horas, onde tam\u00e9n se dar\u00e1 entrega do premio do concurso infantil; desta vez, a Laura Santos Adrover.<\/span><\/span><\/p>\n<p class=\"western\" align=\"left\"><span style=\"font-family: Arial, serif;\"><span lang=\"gl-ES\">Xa o s\u00e1bado, a asociaci\u00f3n Piueiro organiza un obradoiro infantil con pintacaras na praza Avelino Vicente a partir das 11:00 horas. Ademais, abrirase a exposici\u00f3n etnogr\u00e1fica mari\u00f1eira da Asociaci\u00f3n Piueiro no edificio Casa do Pescador, que ter\u00e1 un horario de 11:30 a 13:30 horas e de 17:00 a 20:00 horas. <\/span><\/span><\/p>\n<p class=\"western\" align=\"left\"><span style=\"font-family: Arial, serif;\"><span lang=\"gl-ES\">Para levar m\u00fasica as r\u00faas, o Treb\u00f3n dos Xidos far\u00e1 un recorrido desde a praza de Avelino Vicente ata o Porto, tanto o s\u00e1bado como o domingo pola ma\u00f1\u00e1. <\/span><\/span><\/p>\n<p class=\"western\" align=\"left\"><span style=\"font-family: Arial, serif;\"><span lang=\"gl-ES\">Para achegarnos ao mar, o volanteiro Piueiro ofrecer\u00e1 sa\u00eddas que precisan reserva previa na Oficina de Turismo da Praza do Rel\u00f3 ou no 986 61 45 46.<\/span><\/span><\/p>\n<p class=\"western\" align=\"left\"><span style=\"font-family: Arial, serif;\"><span lang=\"gl-ES\">Durante a fin de semana 15 restaurantes ofrecer\u00e1n diferentes tapas ou pratos que ter\u00e1n como protagonista o peixe espada. Deste xeito, mostran a variedade de formas nas que se pode consumir o peixe.<\/span><\/span><\/p>\n<p align=\"left\"><a href=\"https:\/\/www.turismoaguarda.es\/gl\/a-xix-festa-do-peixe-espada-volve-esta-fin-de-semana\/programa-espada-2024-2\/\" rel=\"attachment wp-att-17629\"><img loading=\"lazy\" decoding=\"async\" class=\"wp-image-17629 aligncenter\" src=\"https:\/\/www.turismoaguarda.es\/wp-content\/uploads\/2024\/07\/Programa-ESPADA-2024.jpg\" alt=\"\" width=\"989\" height=\"471\" srcset=\"https:\/\/www.turismoaguarda.es\/wp-content\/uploads\/2024\/07\/Programa-ESPADA-2024.jpg 1860w, https:\/\/www.turismoaguarda.es\/wp-content\/uploads\/2024\/07\/Programa-ESPADA-2024-300x143.jpg 300w, https:\/\/www.turismoaguarda.es\/wp-content\/uploads\/2024\/07\/Programa-ESPADA-2024-1024x488.jpg 1024w, https:\/\/www.turismoaguarda.es\/wp-content\/uploads\/2024\/07\/Programa-ESPADA-2024-768x366.jpg 768w, https:\/\/www.turismoaguarda.es\/wp-content\/uploads\/2024\/07\/Programa-ESPADA-2024-1536x732.jpg 1536w, https:\/\/www.turismoaguarda.es\/wp-content\/uploads\/2024\/07\/Programa-ESPADA-2024-150x71.jpg 150w, https:\/\/www.turismoaguarda.es\/wp-content\/uploads\/2024\/07\/Programa-ESPADA-2024-500x238.jpg 500w\" sizes=\"auto, (max-width: 989px) 100vw, 989px\" \/><\/a><\/p>\n<p align=\"left\"><a href=\"https:\/\/www.turismoaguarda.es\/gl\/a-xix-festa-do-peixe-espada-volve-esta-fin-de-semana\/programa-espada-20242-2\/\" rel=\"attachment wp-att-17626\"><img loading=\"lazy\" decoding=\"async\" class=\"wp-image-17626 aligncenter\" src=\"https:\/\/www.turismoaguarda.es\/wp-content\/uploads\/2024\/07\/Programa-ESPADA-20242.jpg\" alt=\"\" width=\"1011\" height=\"482\" srcset=\"https:\/\/www.turismoaguarda.es\/wp-content\/uploads\/2024\/07\/Programa-ESPADA-20242.jpg 1860w, https:\/\/www.turismoaguarda.es\/wp-content\/uploads\/2024\/07\/Programa-ESPADA-20242-300x143.jpg 300w, https:\/\/www.turismoaguarda.es\/wp-content\/uploads\/2024\/07\/Programa-ESPADA-20242-1024x488.jpg 1024w, https:\/\/www.turismoaguarda.es\/wp-content\/uploads\/2024\/07\/Programa-ESPADA-20242-768x366.jpg 768w, https:\/\/www.turismoaguarda.es\/wp-content\/uploads\/2024\/07\/Programa-ESPADA-20242-1536x732.jpg 1536w, https:\/\/www.turismoaguarda.es\/wp-content\/uploads\/2024\/07\/Programa-ESPADA-20242-150x71.jpg 150w, https:\/\/www.turismoaguarda.es\/wp-content\/uploads\/2024\/07\/Programa-ESPADA-20242-500x238.jpg 500w\" sizes=\"auto, (max-width: 1011px) 100vw, 1011px\" \/><\/a><\/p>\n","protected":false},"excerpt":{"rendered":"<p>A Festa do Peixe Espada celebra esta fin de semana a s\u00faa 19\u00aa edici\u00f3n. Darase comezo o venres 26 de xullo, co acto de inauguraci\u00f3n no Concello \u00e1s 19:00 horas, onde tam\u00e9n se dar\u00e1 entrega do premio do concurso infantil; desta vez, a Laura Santos Adrover. Xa o s\u00e1bado, a asociaci\u00f3n Piueiro organiza un obradoiro<\/p>\n<div class=\"padding-top text-center\"><a href=\"https:\/\/www.turismoaguarda.es\/gl\/a-xix-festa-do-peixe-espada-volve-esta-fin-de-semana\/\" class=\"atbtn atbtn--medium atbtn--rounded atbtn--transparent\">Leer m\u00e1is<i class=\"atbtn__icon atbtn__icon--right fa fa-long-arrow-right\"><\/i><\/a><\/div>\n","protected":false},"author":11,"featured_media":17623,"comment_status":"open","ping_status":"open","sticky":false,"template":"","format":"standard","meta":{"footnotes":""},"categories":[94],"tags":[],"class_list":["post-17632","post","type-post","status-publish","format-standard","has-post-thumbnail","hentry","category-novas-turismo"],"yoast_head":"<!-- This site is optimized with the Yoast SEO plugin v27.5 - https:\/\/yoast.com\/product\/yoast-seo-wordpress\/ -->\n<title>A XIX Festa do Peixe Espada volve esta fin de semana | Turismo A Guarda<\/title>\n<meta name=\"description\" content=\"A Festa do Peixe Espada celebra esta fin de semana a s\u00faa 19\u00aa edici\u00f3n. Darase comezo o venres 26 de xullo, co acto de inauguraci\u00f3n no Concello\" \/>\n<meta name=\"robots\" content=\"index, follow, max-snippet:-1, max-image-preview:large, max-video-preview:-1\" \/>\n<link rel=\"canonical\" href=\"https:\/\/www.turismoaguarda.es\/gl\/a-xix-festa-do-peixe-espada-volve-esta-fin-de-semana\/\" \/>\n<meta property=\"og:locale\" content=\"en_US\" \/>\n<meta property=\"og:type\" content=\"article\" \/>\n<meta property=\"og:title\" content=\"A XIX Festa do Peixe Espada volve esta fin de semana | Turismo A Guarda\" \/>\n<meta property=\"og:description\" content=\"A Festa do Peixe Espada celebra esta fin de semana a s\u00faa 19\u00aa edici\u00f3n. Darase comezo o venres 26 de xullo, co acto de inauguraci\u00f3n no Concello\" \/>\n<meta property=\"og:url\" content=\"https:\/\/www.turismoaguarda.es\/gl\/a-xix-festa-do-peixe-espada-volve-esta-fin-de-semana\/\" \/>\n<meta property=\"og:site_name\" content=\"Turismo A Guarda\" \/>\n<meta property=\"article:publisher\" content=\"https:\/\/es-es.facebook.com\/Turismo-A-Guarda-126223240790625\/\" \/>\n<meta property=\"article:published_time\" content=\"2024-07-23T10:59:07+00:00\" \/>\n<meta property=\"og:image\" content=\"https:\/\/www.turismoaguarda.es\/wp-content\/uploads\/2024\/07\/tn_Cartel-PEIXE-ESPADA.jpg\" \/>\n\t<meta property=\"og:image:width\" content=\"424\" \/>\n\t<meta property=\"og:image:height\" content=\"600\" \/>\n\t<meta property=\"og:image:type\" content=\"image\/jpeg\" \/>\n<meta name=\"author\" content=\"Prensa A Guarda\" \/>\n<meta name=\"twitter:card\" content=\"summary_large_image\" \/>\n<meta name=\"twitter:creator\" content=\"@TurismoAGuarda\" \/>\n<meta name=\"twitter:site\" content=\"@TurismoAGuarda\" \/>\n<meta name=\"twitter:label1\" content=\"Written by\" \/>\n\t<meta name=\"twitter:data1\" content=\"Prensa A Guarda\" \/>\n\t<meta name=\"twitter:label2\" content=\"Est. reading time\" \/>\n\t<meta name=\"twitter:data2\" content=\"2 minutes\" \/>\n<script type=\"application\/ld+json\" class=\"yoast-schema-graph\">{\"@context\":\"https:\\\/\\\/schema.org\",\"@graph\":[{\"@type\":\"Article\",\"@id\":\"https:\\\/\\\/www.turismoaguarda.es\\\/gl\\\/a-xix-festa-do-peixe-espada-volve-esta-fin-de-semana\\\/#article\",\"isPartOf\":{\"@id\":\"https:\\\/\\\/www.turismoaguarda.es\\\/gl\\\/a-xix-festa-do-peixe-espada-volve-esta-fin-de-semana\\\/\"},\"author\":{\"name\":\"Prensa A Guarda\",\"@id\":\"https:\\\/\\\/www.turismoaguarda.es\\\/#\\\/schema\\\/person\\\/a8b0c27ad7bcbb6c19799e934727508e\"},\"headline\":\"A XIX Festa do Peixe Espada volve esta fin de semana\",\"datePublished\":\"2024-07-23T10:59:07+00:00\",\"mainEntityOfPage\":{\"@id\":\"https:\\\/\\\/www.turismoaguarda.es\\\/gl\\\/a-xix-festa-do-peixe-espada-volve-esta-fin-de-semana\\\/\"},\"wordCount\":200,\"commentCount\":0,\"image\":{\"@id\":\"https:\\\/\\\/www.turismoaguarda.es\\\/gl\\\/a-xix-festa-do-peixe-espada-volve-esta-fin-de-semana\\\/#primaryimage\"},\"thumbnailUrl\":\"https:\\\/\\\/www.turismoaguarda.es\\\/wp-content\\\/uploads\\\/2024\\\/07\\\/tn_Cartel-PEIXE-ESPADA.jpg\",\"articleSection\":[\"Novas Turismo\"],\"inLanguage\":\"gl\",\"potentialAction\":[{\"@type\":\"CommentAction\",\"name\":\"Comment\",\"target\":[\"https:\\\/\\\/www.turismoaguarda.es\\\/gl\\\/a-xix-festa-do-peixe-espada-volve-esta-fin-de-semana\\\/#respond\"]}]},{\"@type\":\"WebPage\",\"@id\":\"https:\\\/\\\/www.turismoaguarda.es\\\/gl\\\/a-xix-festa-do-peixe-espada-volve-esta-fin-de-semana\\\/\",\"url\":\"https:\\\/\\\/www.turismoaguarda.es\\\/gl\\\/a-xix-festa-do-peixe-espada-volve-esta-fin-de-semana\\\/\",\"name\":\"A XIX Festa do Peixe Espada volve esta fin de semana | Turismo A Guarda\",\"isPartOf\":{\"@id\":\"https:\\\/\\\/www.turismoaguarda.es\\\/#website\"},\"primaryImageOfPage\":{\"@id\":\"https:\\\/\\\/www.turismoaguarda.es\\\/gl\\\/a-xix-festa-do-peixe-espada-volve-esta-fin-de-semana\\\/#primaryimage\"},\"image\":{\"@id\":\"https:\\\/\\\/www.turismoaguarda.es\\\/gl\\\/a-xix-festa-do-peixe-espada-volve-esta-fin-de-semana\\\/#primaryimage\"},\"thumbnailUrl\":\"https:\\\/\\\/www.turismoaguarda.es\\\/wp-content\\\/uploads\\\/2024\\\/07\\\/tn_Cartel-PEIXE-ESPADA.jpg\",\"datePublished\":\"2024-07-23T10:59:07+00:00\",\"author\":{\"@id\":\"https:\\\/\\\/www.turismoaguarda.es\\\/#\\\/schema\\\/person\\\/a8b0c27ad7bcbb6c19799e934727508e\"},\"description\":\"A Festa do Peixe Espada celebra esta fin de semana a s\u00faa 19\u00aa edici\u00f3n. Darase comezo o venres 26 de xullo, co acto de inauguraci\u00f3n no Concello\",\"breadcrumb\":{\"@id\":\"https:\\\/\\\/www.turismoaguarda.es\\\/gl\\\/a-xix-festa-do-peixe-espada-volve-esta-fin-de-semana\\\/#breadcrumb\"},\"inLanguage\":\"gl\",\"potentialAction\":[{\"@type\":\"ReadAction\",\"target\":[\"https:\\\/\\\/www.turismoaguarda.es\\\/gl\\\/a-xix-festa-do-peixe-espada-volve-esta-fin-de-semana\\\/\"]}]},{\"@type\":\"ImageObject\",\"inLanguage\":\"gl\",\"@id\":\"https:\\\/\\\/www.turismoaguarda.es\\\/gl\\\/a-xix-festa-do-peixe-espada-volve-esta-fin-de-semana\\\/#primaryimage\",\"url\":\"https:\\\/\\\/www.turismoaguarda.es\\\/wp-content\\\/uploads\\\/2024\\\/07\\\/tn_Cartel-PEIXE-ESPADA.jpg\",\"contentUrl\":\"https:\\\/\\\/www.turismoaguarda.es\\\/wp-content\\\/uploads\\\/2024\\\/07\\\/tn_Cartel-PEIXE-ESPADA.jpg\",\"width\":424,\"height\":600},{\"@type\":\"BreadcrumbList\",\"@id\":\"https:\\\/\\\/www.turismoaguarda.es\\\/gl\\\/a-xix-festa-do-peixe-espada-volve-esta-fin-de-semana\\\/#breadcrumb\",\"itemListElement\":[{\"@type\":\"ListItem\",\"position\":1,\"name\":\"Portada\",\"item\":\"https:\\\/\\\/www.turismoaguarda.es\\\/gl\\\/\"},{\"@type\":\"ListItem\",\"position\":2,\"name\":\"A XIX Festa do Peixe Espada volve esta fin de semana\"}]},{\"@type\":\"WebSite\",\"@id\":\"https:\\\/\\\/www.turismoaguarda.es\\\/#website\",\"url\":\"https:\\\/\\\/www.turismoaguarda.es\\\/\",\"name\":\"Turismo A Guarda\",\"description\":\"Informaci\u00f3n tur\u00edstica de A Guarda y alrededores.\",\"potentialAction\":[{\"@type\":\"SearchAction\",\"target\":{\"@type\":\"EntryPoint\",\"urlTemplate\":\"https:\\\/\\\/www.turismoaguarda.es\\\/?s={search_term_string}\"},\"query-input\":{\"@type\":\"PropertyValueSpecification\",\"valueRequired\":true,\"valueName\":\"search_term_string\"}}],\"inLanguage\":\"gl\"},{\"@type\":\"Person\",\"@id\":\"https:\\\/\\\/www.turismoaguarda.es\\\/#\\\/schema\\\/person\\\/a8b0c27ad7bcbb6c19799e934727508e\",\"name\":\"Prensa A Guarda\",\"image\":{\"@type\":\"ImageObject\",\"inLanguage\":\"gl\",\"@id\":\"https:\\\/\\\/secure.gravatar.com\\\/avatar\\\/387e117f874ba5d0a3439060b45d914395d77287b2e4890a49d1599fc3ef9189?s=96&d=mm&r=g\",\"url\":\"https:\\\/\\\/secure.gravatar.com\\\/avatar\\\/387e117f874ba5d0a3439060b45d914395d77287b2e4890a49d1599fc3ef9189?s=96&d=mm&r=g\",\"contentUrl\":\"https:\\\/\\\/secure.gravatar.com\\\/avatar\\\/387e117f874ba5d0a3439060b45d914395d77287b2e4890a49d1599fc3ef9189?s=96&d=mm&r=g\",\"caption\":\"Prensa A Guarda\"},\"url\":\"https:\\\/\\\/www.turismoaguarda.es\\\/gl\\\/author\\\/prensa\\\/\"}]}<\/script>\n<!-- \/ Yoast SEO plugin. -->","yoast_head_json":{"title":"A XIX Festa do Peixe Espada volve esta fin de semana | Turismo A Guarda","description":"A Festa do Peixe Espada celebra esta fin de semana a s\u00faa 19\u00aa edici\u00f3n. Darase comezo o venres 26 de xullo, co acto de inauguraci\u00f3n no Concello","robots":{"index":"index","follow":"follow","max-snippet":"max-snippet:-1","max-image-preview":"max-image-preview:large","max-video-preview":"max-video-preview:-1"},"canonical":"https:\/\/www.turismoaguarda.es\/gl\/a-xix-festa-do-peixe-espada-volve-esta-fin-de-semana\/","og_locale":"en_US","og_type":"article","og_title":"A XIX Festa do Peixe Espada volve esta fin de semana | Turismo A Guarda","og_description":"A Festa do Peixe Espada celebra esta fin de semana a s\u00faa 19\u00aa edici\u00f3n. Darase comezo o venres 26 de xullo, co acto de inauguraci\u00f3n no Concello","og_url":"https:\/\/www.turismoaguarda.es\/gl\/a-xix-festa-do-peixe-espada-volve-esta-fin-de-semana\/","og_site_name":"Turismo A Guarda","article_publisher":"https:\/\/es-es.facebook.com\/Turismo-A-Guarda-126223240790625\/","article_published_time":"2024-07-23T10:59:07+00:00","og_image":[{"width":424,"height":600,"url":"https:\/\/www.turismoaguarda.es\/wp-content\/uploads\/2024\/07\/tn_Cartel-PEIXE-ESPADA.jpg","type":"image\/jpeg"}],"author":"Prensa A Guarda","twitter_card":"summary_large_image","twitter_creator":"@TurismoAGuarda","twitter_site":"@TurismoAGuarda","twitter_misc":{"Written by":"Prensa A Guarda","Est. reading time":"2 minutes"},"schema":{"@context":"https:\/\/schema.org","@graph":[{"@type":"Article","@id":"https:\/\/www.turismoaguarda.es\/gl\/a-xix-festa-do-peixe-espada-volve-esta-fin-de-semana\/#article","isPartOf":{"@id":"https:\/\/www.turismoaguarda.es\/gl\/a-xix-festa-do-peixe-espada-volve-esta-fin-de-semana\/"},"author":{"name":"Prensa A Guarda","@id":"https:\/\/www.turismoaguarda.es\/#\/schema\/person\/a8b0c27ad7bcbb6c19799e934727508e"},"headline":"A XIX Festa do Peixe Espada volve esta fin de semana","datePublished":"2024-07-23T10:59:07+00:00","mainEntityOfPage":{"@id":"https:\/\/www.turismoaguarda.es\/gl\/a-xix-festa-do-peixe-espada-volve-esta-fin-de-semana\/"},"wordCount":200,"commentCount":0,"image":{"@id":"https:\/\/www.turismoaguarda.es\/gl\/a-xix-festa-do-peixe-espada-volve-esta-fin-de-semana\/#primaryimage"},"thumbnailUrl":"https:\/\/www.turismoaguarda.es\/wp-content\/uploads\/2024\/07\/tn_Cartel-PEIXE-ESPADA.jpg","articleSection":["Novas Turismo"],"inLanguage":"gl","potentialAction":[{"@type":"CommentAction","name":"Comment","target":["https:\/\/www.turismoaguarda.es\/gl\/a-xix-festa-do-peixe-espada-volve-esta-fin-de-semana\/#respond"]}]},{"@type":"WebPage","@id":"https:\/\/www.turismoaguarda.es\/gl\/a-xix-festa-do-peixe-espada-volve-esta-fin-de-semana\/","url":"https:\/\/www.turismoaguarda.es\/gl\/a-xix-festa-do-peixe-espada-volve-esta-fin-de-semana\/","name":"A XIX Festa do Peixe Espada volve esta fin de semana | Turismo A Guarda","isPartOf":{"@id":"https:\/\/www.turismoaguarda.es\/#website"},"primaryImageOfPage":{"@id":"https:\/\/www.turismoaguarda.es\/gl\/a-xix-festa-do-peixe-espada-volve-esta-fin-de-semana\/#primaryimage"},"image":{"@id":"https:\/\/www.turismoaguarda.es\/gl\/a-xix-festa-do-peixe-espada-volve-esta-fin-de-semana\/#primaryimage"},"thumbnailUrl":"https:\/\/www.turismoaguarda.es\/wp-content\/uploads\/2024\/07\/tn_Cartel-PEIXE-ESPADA.jpg","datePublished":"2024-07-23T10:59:07+00:00","author":{"@id":"https:\/\/www.turismoaguarda.es\/#\/schema\/person\/a8b0c27ad7bcbb6c19799e934727508e"},"description":"A Festa do Peixe Espada celebra esta fin de semana a s\u00faa 19\u00aa edici\u00f3n. Darase comezo o venres 26 de xullo, co acto de inauguraci\u00f3n no Concello","breadcrumb":{"@id":"https:\/\/www.turismoaguarda.es\/gl\/a-xix-festa-do-peixe-espada-volve-esta-fin-de-semana\/#breadcrumb"},"inLanguage":"gl","potentialAction":[{"@type":"ReadAction","target":["https:\/\/www.turismoaguarda.es\/gl\/a-xix-festa-do-peixe-espada-volve-esta-fin-de-semana\/"]}]},{"@type":"ImageObject","inLanguage":"gl","@id":"https:\/\/www.turismoaguarda.es\/gl\/a-xix-festa-do-peixe-espada-volve-esta-fin-de-semana\/#primaryimage","url":"https:\/\/www.turismoaguarda.es\/wp-content\/uploads\/2024\/07\/tn_Cartel-PEIXE-ESPADA.jpg","contentUrl":"https:\/\/www.turismoaguarda.es\/wp-content\/uploads\/2024\/07\/tn_Cartel-PEIXE-ESPADA.jpg","width":424,"height":600},{"@type":"BreadcrumbList","@id":"https:\/\/www.turismoaguarda.es\/gl\/a-xix-festa-do-peixe-espada-volve-esta-fin-de-semana\/#breadcrumb","itemListElement":[{"@type":"ListItem","position":1,"name":"Portada","item":"https:\/\/www.turismoaguarda.es\/gl\/"},{"@type":"ListItem","position":2,"name":"A XIX Festa do Peixe Espada volve esta fin de semana"}]},{"@type":"WebSite","@id":"https:\/\/www.turismoaguarda.es\/#website","url":"https:\/\/www.turismoaguarda.es\/","name":"Turismo A Guarda","description":"Informaci\u00f3n tur\u00edstica de A Guarda y alrededores.","potentialAction":[{"@type":"SearchAction","target":{"@type":"EntryPoint","urlTemplate":"https:\/\/www.turismoaguarda.es\/?s={search_term_string}"},"query-input":{"@type":"PropertyValueSpecification","valueRequired":true,"valueName":"search_term_string"}}],"inLanguage":"gl"},{"@type":"Person","@id":"https:\/\/www.turismoaguarda.es\/#\/schema\/person\/a8b0c27ad7bcbb6c19799e934727508e","name":"Prensa A Guarda","image":{"@type":"ImageObject","inLanguage":"gl","@id":"https:\/\/secure.gravatar.com\/avatar\/387e117f874ba5d0a3439060b45d914395d77287b2e4890a49d1599fc3ef9189?s=96&d=mm&r=g","url":"https:\/\/secure.gravatar.com\/avatar\/387e117f874ba5d0a3439060b45d914395d77287b2e4890a49d1599fc3ef9189?s=96&d=mm&r=g","contentUrl":"https:\/\/secure.gravatar.com\/avatar\/387e117f874ba5d0a3439060b45d914395d77287b2e4890a49d1599fc3ef9189?s=96&d=mm&r=g","caption":"Prensa A Guarda"},"url":"https:\/\/www.turismoaguarda.es\/gl\/author\/prensa\/"}]}},"_links":{"self":[{"href":"https:\/\/www.turismoaguarda.es\/gl\/wp-json\/wp\/v2\/posts\/17632","targetHints":{"allow":["GET"]}}],"collection":[{"href":"https:\/\/www.turismoaguarda.es\/gl\/wp-json\/wp\/v2\/posts"}],"about":[{"href":"https:\/\/www.turismoaguarda.es\/gl\/wp-json\/wp\/v2\/types\/post"}],"author":[{"embeddable":true,"href":"https:\/\/www.turismoaguarda.es\/gl\/wp-json\/wp\/v2\/users\/11"}],"replies":[{"embeddable":true,"href":"https:\/\/www.turismoaguarda.es\/gl\/wp-json\/wp\/v2\/comments?post=17632"}],"version-history":[{"count":2,"href":"https:\/\/www.turismoaguarda.es\/gl\/wp-json\/wp\/v2\/posts\/17632\/revisions"}],"predecessor-version":[{"id":17634,"href":"https:\/\/www.turismoaguarda.es\/gl\/wp-json\/wp\/v2\/posts\/17632\/revisions\/17634"}],"wp:featuredmedia":[{"embeddable":true,"href":"https:\/\/www.turismoaguarda.es\/gl\/wp-json\/wp\/v2\/media\/17623"}],"wp:attachment":[{"href":"https:\/\/www.turismoaguarda.es\/gl\/wp-json\/wp\/v2\/media?parent=17632"}],"wp:term":[{"taxonomy":"category","embeddable":true,"href":"https:\/\/www.turismoaguarda.es\/gl\/wp-json\/wp\/v2\/categories?post=17632"},{"taxonomy":"post_tag","embeddable":true,"href":"https:\/\/www.turismoaguarda.es\/gl\/wp-json\/wp\/v2\/tags?post=17632"}],"curies":[{"name":"wp","href":"https:\/\/api.w.org\/{rel}","templated":true}]}}