{"id":17466,"date":"2024-06-11T18:18:55","date_gmt":"2024-06-11T16:18:55","guid":{"rendered":"https:\/\/www.turismoaguarda.es\/?p=17466"},"modified":"2024-06-11T18:22:23","modified_gmt":"2024-06-11T16:22:23","slug":"presentacion-da-festa-da-langosta-da-guarda-foi-acollida-en-madrid-por-martinez-almeida","status":"publish","type":"post","link":"https:\/\/www.turismoaguarda.es\/gl\/presentacion-da-festa-da-langosta-da-guarda-foi-acollida-en-madrid-por-martinez-almeida\/","title":{"rendered":"Presentaci\u00f3n da Festa da Langosta da Guarda foi acollida en Madrid por Mart\u00ednez-Almeida"},"content":{"rendered":"<p>O alcalde da Guarda, Roberto Carrero, xunto co tenente alcalde, \u00d3scar Alonso, e dous representantes de restaurantes locais despraz\u00e1ronse ata Madrid para presentar unha das festas m\u00e1is reco\u00f1ecidas da vila, a XXXII Festa da Langosta e da Coci\u00f1a Mari\u00f1eira. O acto tivo lugar na Casa de Galicia de Madrid, onde foron acollidos polo seu director, Javier V\u00e1zquez.<\/p>\n<p>M\u00e1is de 100 persoas acheg\u00e1ronse \u00e1 Casa de Galicia, sendo o acto m\u00e1is asitentes desta instituci\u00f3n neste ano. Todos puideron comprobar a calidade dos produtos que se ofertar\u00e1n na festa: a protagonista, a langosta, mais tam\u00e9n a rosca de xema, percebes, vi\u00f1o do Rosal\u2026 Entre os invitados estaban autoridades como Marta Rivera de la Cruz, exconselleira de Cultura, Turismo e Deportes da Comunidade de Madrid; diversos membros do gabinete de Madrid, e numerosos profesionais relacionados co sector tur\u00edstico e gastron\u00f3mico, moitos dos cales desco\u00f1ec\u00edan a vila e a s\u00faa festa e quedaron sorprendidos pola s\u00faa beleza.<\/p>\n<p>Roberto Carrero presumiu dos encantos guardeses, tanto das s\u00faas paisaxes e historia como da s\u00faa xente. Tam\u00e9n quixo recordar a todas aqueles galegos que viven en Madrid e regresan cada ano durante as s\u00faas vacaci\u00f3ns. Para rematar a s\u00faa intervenci\u00f3n, invitou a todos a visitar A Guarda, xa que \u201cA Guarda e a s\u00faa festa deixan pegada\u201d.<\/p>\n<p>Pola s\u00faa parte, o alcalde da capital, Jos\u00e9 Luis Mart\u00ednez-Almeida exerceu como padri\u00f1o desta edici\u00f3n, e dedicou numerosos eloxios \u00e1 vila galega. Almeida confesou que tras realizar todas as rutas do Cami\u00f1o de Santiago, a que m\u00e1is desfrutou foi precisamente a que comezou desde A Guarda ata Moug\u00e1s. Ademais, agarda volver \u00e1 vila para desfrutar de novo da s\u00faa gastronom\u00eda.<\/p>\n<p>A tradicional cita gastron\u00f3mica celebrarase os d\u00edas 5, 6 e 7 de xullo no porto da Guarda. E, como cada edici\u00f3n, a langosta estar\u00e1 acompa\u00f1ada doutros excelentes produtos do mar e gastronom\u00eda local. A parte da oferta gastron\u00f3mica, a oferta cultural e de entretemento ser\u00e1 ampla para acompa\u00f1ar eses d\u00edas no porto guard\u00e9s. Ao longo do mes iranse co\u00f1ecendo as actividades e actuaci\u00f3ns que se agardan para esa fin de semana.<\/p>\n<p><a href=\"https:\/\/www.turismoaguarda.es\/wp-content\/uploads\/2024\/06\/IMG-20240608-WA0012.jpg\"><img loading=\"lazy\" decoding=\"async\" class=\"aligncenter size-full wp-image-17458\" src=\"https:\/\/www.turismoaguarda.es\/wp-content\/uploads\/2024\/06\/IMG-20240608-WA0012.jpg\" alt=\"\" width=\"1600\" height=\"1200\" srcset=\"https:\/\/www.turismoaguarda.es\/wp-content\/uploads\/2024\/06\/IMG-20240608-WA0012.jpg 1600w, https:\/\/www.turismoaguarda.es\/wp-content\/uploads\/2024\/06\/IMG-20240608-WA0012-300x225.jpg 300w, https:\/\/www.turismoaguarda.es\/wp-content\/uploads\/2024\/06\/IMG-20240608-WA0012-1024x768.jpg 1024w, https:\/\/www.turismoaguarda.es\/wp-content\/uploads\/2024\/06\/IMG-20240608-WA0012-768x576.jpg 768w, https:\/\/www.turismoaguarda.es\/wp-content\/uploads\/2024\/06\/IMG-20240608-WA0012-1536x1152.jpg 1536w, https:\/\/www.turismoaguarda.es\/wp-content\/uploads\/2024\/06\/IMG-20240608-WA0012-150x113.jpg 150w, https:\/\/www.turismoaguarda.es\/wp-content\/uploads\/2024\/06\/IMG-20240608-WA0012-500x375.jpg 500w\" sizes=\"auto, (max-width: 1600px) 100vw, 1600px\" \/><\/a><a href=\"https:\/\/www.turismoaguarda.es\/wp-content\/uploads\/2024\/06\/447812105_806702154894180_7632349043577804598_n.jpg\"><img loading=\"lazy\" decoding=\"async\" class=\"aligncenter size-full wp-image-17449\" src=\"https:\/\/www.turismoaguarda.es\/wp-content\/uploads\/2024\/06\/447812105_806702154894180_7632349043577804598_n.jpg\" alt=\"\" width=\"1199\" height=\"1199\" srcset=\"https:\/\/www.turismoaguarda.es\/wp-content\/uploads\/2024\/06\/447812105_806702154894180_7632349043577804598_n.jpg 1199w, https:\/\/www.turismoaguarda.es\/wp-content\/uploads\/2024\/06\/447812105_806702154894180_7632349043577804598_n-300x300.jpg 300w, https:\/\/www.turismoaguarda.es\/wp-content\/uploads\/2024\/06\/447812105_806702154894180_7632349043577804598_n-1024x1024.jpg 1024w, https:\/\/www.turismoaguarda.es\/wp-content\/uploads\/2024\/06\/447812105_806702154894180_7632349043577804598_n-150x150.jpg 150w, https:\/\/www.turismoaguarda.es\/wp-content\/uploads\/2024\/06\/447812105_806702154894180_7632349043577804598_n-768x768.jpg 768w, https:\/\/www.turismoaguarda.es\/wp-content\/uploads\/2024\/06\/447812105_806702154894180_7632349043577804598_n-500x500.jpg 500w\" sizes=\"auto, (max-width: 1199px) 100vw, 1199px\" \/><\/a><a href=\"https:\/\/www.turismoaguarda.es\/wp-content\/uploads\/2024\/06\/447815723_806702161560846_3930458959223638329_n.jpg\"><img loading=\"lazy\" decoding=\"async\" class=\"aligncenter size-full wp-image-17452\" src=\"https:\/\/www.turismoaguarda.es\/wp-content\/uploads\/2024\/06\/447815723_806702161560846_3930458959223638329_n.jpg\" alt=\"\" width=\"600\" height=\"600\" srcset=\"https:\/\/www.turismoaguarda.es\/wp-content\/uploads\/2024\/06\/447815723_806702161560846_3930458959223638329_n.jpg 600w, https:\/\/www.turismoaguarda.es\/wp-content\/uploads\/2024\/06\/447815723_806702161560846_3930458959223638329_n-300x300.jpg 300w, https:\/\/www.turismoaguarda.es\/wp-content\/uploads\/2024\/06\/447815723_806702161560846_3930458959223638329_n-150x150.jpg 150w, https:\/\/www.turismoaguarda.es\/wp-content\/uploads\/2024\/06\/447815723_806702161560846_3930458959223638329_n-500x500.jpg 500w\" sizes=\"auto, (max-width: 600px) 100vw, 600px\" \/><\/a><a href=\"https:\/\/www.turismoaguarda.es\/wp-content\/uploads\/2024\/06\/IMG-20240608-WA0013.jpg\"><img loading=\"lazy\" decoding=\"async\" class=\"aligncenter size-full wp-image-17461\" src=\"https:\/\/www.turismoaguarda.es\/wp-content\/uploads\/2024\/06\/IMG-20240608-WA0013.jpg\" alt=\"\" width=\"1600\" height=\"1200\" srcset=\"https:\/\/www.turismoaguarda.es\/wp-content\/uploads\/2024\/06\/IMG-20240608-WA0013.jpg 1600w, https:\/\/www.turismoaguarda.es\/wp-content\/uploads\/2024\/06\/IMG-20240608-WA0013-300x225.jpg 300w, https:\/\/www.turismoaguarda.es\/wp-content\/uploads\/2024\/06\/IMG-20240608-WA0013-1024x768.jpg 1024w, https:\/\/www.turismoaguarda.es\/wp-content\/uploads\/2024\/06\/IMG-20240608-WA0013-768x576.jpg 768w, https:\/\/www.turismoaguarda.es\/wp-content\/uploads\/2024\/06\/IMG-20240608-WA0013-1536x1152.jpg 1536w, https:\/\/www.turismoaguarda.es\/wp-content\/uploads\/2024\/06\/IMG-20240608-WA0013-150x113.jpg 150w, https:\/\/www.turismoaguarda.es\/wp-content\/uploads\/2024\/06\/IMG-20240608-WA0013-500x375.jpg 500w\" sizes=\"auto, (max-width: 1600px) 100vw, 1600px\" \/><\/a><\/p>\n","protected":false},"excerpt":{"rendered":"<p>O alcalde da Guarda, Roberto Carrero, xunto co tenente alcalde, \u00d3scar Alonso, e dous representantes de restaurantes locais despraz\u00e1ronse ata Madrid para presentar unha das festas m\u00e1is reco\u00f1ecidas da vila, a XXXII Festa da Langosta e da Coci\u00f1a Mari\u00f1eira. O acto tivo lugar na Casa de Galicia de Madrid, onde foron acollidos polo seu director,<\/p>\n<div class=\"padding-top text-center\"><a href=\"https:\/\/www.turismoaguarda.es\/gl\/presentacion-da-festa-da-langosta-da-guarda-foi-acollida-en-madrid-por-martinez-almeida\/\" class=\"atbtn atbtn--medium atbtn--rounded atbtn--transparent\">Leer m\u00e1is<i class=\"atbtn__icon atbtn__icon--right fa fa-long-arrow-right\"><\/i><\/a><\/div>\n","protected":false},"author":7,"featured_media":17446,"comment_status":"open","ping_status":"open","sticky":false,"template":"","format":"standard","meta":{"footnotes":""},"categories":[94],"tags":[170,1402],"class_list":["post-17466","post","type-post","status-publish","format-standard","has-post-thumbnail","hentry","category-novas-turismo","tag-a-guarda-gl","tag-festa-da-langosta-gl"],"yoast_head":"<!-- This site is optimized with the Yoast SEO plugin v27.5 - https:\/\/yoast.com\/product\/yoast-seo-wordpress\/ -->\n<title>Presentaci\u00f3n da Festa da Langosta da Guarda foi acollida en Madrid por Mart\u00ednez-Almeida | Turismo A Guarda<\/title>\n<meta name=\"robots\" content=\"index, follow, max-snippet:-1, max-image-preview:large, max-video-preview:-1\" \/>\n<link rel=\"canonical\" href=\"https:\/\/www.turismoaguarda.es\/gl\/presentacion-da-festa-da-langosta-da-guarda-foi-acollida-en-madrid-por-martinez-almeida\/\" \/>\n<meta property=\"og:locale\" content=\"en_US\" \/>\n<meta property=\"og:type\" content=\"article\" \/>\n<meta property=\"og:title\" content=\"Presentaci\u00f3n da Festa da Langosta da Guarda foi acollida en Madrid por Mart\u00ednez-Almeida | Turismo A Guarda\" \/>\n<meta property=\"og:description\" content=\"O alcalde da Guarda, Roberto Carrero, xunto co tenente alcalde, \u00d3scar Alonso, e dous representantes de restaurantes locais despraz\u00e1ronse ata Madrid para presentar unha das festas m\u00e1is reco\u00f1ecidas da vila, a XXXII Festa da Langosta e da Coci\u00f1a Mari\u00f1eira. O acto tivo lugar na Casa de Galicia de Madrid, onde foron acollidos polo seu director,Leer m\u00e1is\" \/>\n<meta property=\"og:url\" content=\"https:\/\/www.turismoaguarda.es\/gl\/presentacion-da-festa-da-langosta-da-guarda-foi-acollida-en-madrid-por-martinez-almeida\/\" \/>\n<meta property=\"og:site_name\" content=\"Turismo A Guarda\" \/>\n<meta property=\"article:publisher\" content=\"https:\/\/es-es.facebook.com\/Turismo-A-Guarda-126223240790625\/\" \/>\n<meta property=\"article:published_time\" content=\"2024-06-11T16:18:55+00:00\" \/>\n<meta property=\"article:modified_time\" content=\"2024-06-11T16:22:23+00:00\" \/>\n<meta property=\"og:image\" content=\"https:\/\/www.turismoaguarda.es\/wp-content\/uploads\/2024\/06\/447732291_806702158227513_1243138262901623262_n.jpg\" \/>\n\t<meta property=\"og:image:width\" content=\"1200\" \/>\n\t<meta property=\"og:image:height\" content=\"1200\" \/>\n\t<meta property=\"og:image:type\" content=\"image\/jpeg\" \/>\n<meta name=\"author\" content=\"Rosalia Verde\" \/>\n<meta name=\"twitter:card\" content=\"summary_large_image\" \/>\n<meta name=\"twitter:creator\" content=\"@TurismoAGuarda\" \/>\n<meta name=\"twitter:site\" content=\"@TurismoAGuarda\" \/>\n<meta name=\"twitter:label1\" content=\"Written by\" \/>\n\t<meta name=\"twitter:data1\" content=\"Rosalia Verde\" \/>\n\t<meta name=\"twitter:label2\" content=\"Est. reading time\" \/>\n\t<meta name=\"twitter:data2\" content=\"3 minutes\" \/>\n<script type=\"application\/ld+json\" class=\"yoast-schema-graph\">{\"@context\":\"https:\\\/\\\/schema.org\",\"@graph\":[{\"@type\":\"Article\",\"@id\":\"https:\\\/\\\/www.turismoaguarda.es\\\/gl\\\/presentacion-da-festa-da-langosta-da-guarda-foi-acollida-en-madrid-por-martinez-almeida\\\/#article\",\"isPartOf\":{\"@id\":\"https:\\\/\\\/www.turismoaguarda.es\\\/gl\\\/presentacion-da-festa-da-langosta-da-guarda-foi-acollida-en-madrid-por-martinez-almeida\\\/\"},\"author\":{\"name\":\"Rosalia Verde\",\"@id\":\"https:\\\/\\\/www.turismoaguarda.es\\\/#\\\/schema\\\/person\\\/9282bb1649316a88a88b0eca34bd959b\"},\"headline\":\"Presentaci\u00f3n da Festa da Langosta da Guarda foi acollida en Madrid por Mart\u00ednez-Almeida\",\"datePublished\":\"2024-06-11T16:18:55+00:00\",\"dateModified\":\"2024-06-11T16:22:23+00:00\",\"mainEntityOfPage\":{\"@id\":\"https:\\\/\\\/www.turismoaguarda.es\\\/gl\\\/presentacion-da-festa-da-langosta-da-guarda-foi-acollida-en-madrid-por-martinez-almeida\\\/\"},\"wordCount\":396,\"commentCount\":0,\"image\":{\"@id\":\"https:\\\/\\\/www.turismoaguarda.es\\\/gl\\\/presentacion-da-festa-da-langosta-da-guarda-foi-acollida-en-madrid-por-martinez-almeida\\\/#primaryimage\"},\"thumbnailUrl\":\"https:\\\/\\\/www.turismoaguarda.es\\\/wp-content\\\/uploads\\\/2024\\\/06\\\/447732291_806702158227513_1243138262901623262_n.jpg\",\"keywords\":[\"A Guarda\",\"Festa da langosta\"],\"articleSection\":[\"Novas Turismo\"],\"inLanguage\":\"gl\",\"potentialAction\":[{\"@type\":\"CommentAction\",\"name\":\"Comment\",\"target\":[\"https:\\\/\\\/www.turismoaguarda.es\\\/gl\\\/presentacion-da-festa-da-langosta-da-guarda-foi-acollida-en-madrid-por-martinez-almeida\\\/#respond\"]}]},{\"@type\":\"WebPage\",\"@id\":\"https:\\\/\\\/www.turismoaguarda.es\\\/gl\\\/presentacion-da-festa-da-langosta-da-guarda-foi-acollida-en-madrid-por-martinez-almeida\\\/\",\"url\":\"https:\\\/\\\/www.turismoaguarda.es\\\/gl\\\/presentacion-da-festa-da-langosta-da-guarda-foi-acollida-en-madrid-por-martinez-almeida\\\/\",\"name\":\"Presentaci\u00f3n da Festa da Langosta da Guarda foi acollida en Madrid por Mart\u00ednez-Almeida | Turismo A Guarda\",\"isPartOf\":{\"@id\":\"https:\\\/\\\/www.turismoaguarda.es\\\/#website\"},\"primaryImageOfPage\":{\"@id\":\"https:\\\/\\\/www.turismoaguarda.es\\\/gl\\\/presentacion-da-festa-da-langosta-da-guarda-foi-acollida-en-madrid-por-martinez-almeida\\\/#primaryimage\"},\"image\":{\"@id\":\"https:\\\/\\\/www.turismoaguarda.es\\\/gl\\\/presentacion-da-festa-da-langosta-da-guarda-foi-acollida-en-madrid-por-martinez-almeida\\\/#primaryimage\"},\"thumbnailUrl\":\"https:\\\/\\\/www.turismoaguarda.es\\\/wp-content\\\/uploads\\\/2024\\\/06\\\/447732291_806702158227513_1243138262901623262_n.jpg\",\"datePublished\":\"2024-06-11T16:18:55+00:00\",\"dateModified\":\"2024-06-11T16:22:23+00:00\",\"author\":{\"@id\":\"https:\\\/\\\/www.turismoaguarda.es\\\/#\\\/schema\\\/person\\\/9282bb1649316a88a88b0eca34bd959b\"},\"breadcrumb\":{\"@id\":\"https:\\\/\\\/www.turismoaguarda.es\\\/gl\\\/presentacion-da-festa-da-langosta-da-guarda-foi-acollida-en-madrid-por-martinez-almeida\\\/#breadcrumb\"},\"inLanguage\":\"gl\",\"potentialAction\":[{\"@type\":\"ReadAction\",\"target\":[\"https:\\\/\\\/www.turismoaguarda.es\\\/gl\\\/presentacion-da-festa-da-langosta-da-guarda-foi-acollida-en-madrid-por-martinez-almeida\\\/\"]}]},{\"@type\":\"ImageObject\",\"inLanguage\":\"gl\",\"@id\":\"https:\\\/\\\/www.turismoaguarda.es\\\/gl\\\/presentacion-da-festa-da-langosta-da-guarda-foi-acollida-en-madrid-por-martinez-almeida\\\/#primaryimage\",\"url\":\"https:\\\/\\\/www.turismoaguarda.es\\\/wp-content\\\/uploads\\\/2024\\\/06\\\/447732291_806702158227513_1243138262901623262_n.jpg\",\"contentUrl\":\"https:\\\/\\\/www.turismoaguarda.es\\\/wp-content\\\/uploads\\\/2024\\\/06\\\/447732291_806702158227513_1243138262901623262_n.jpg\",\"width\":1200,\"height\":1200},{\"@type\":\"BreadcrumbList\",\"@id\":\"https:\\\/\\\/www.turismoaguarda.es\\\/gl\\\/presentacion-da-festa-da-langosta-da-guarda-foi-acollida-en-madrid-por-martinez-almeida\\\/#breadcrumb\",\"itemListElement\":[{\"@type\":\"ListItem\",\"position\":1,\"name\":\"Portada\",\"item\":\"https:\\\/\\\/www.turismoaguarda.es\\\/gl\\\/\"},{\"@type\":\"ListItem\",\"position\":2,\"name\":\"Presentaci\u00f3n da Festa da Langosta da Guarda foi acollida en Madrid por Mart\u00ednez-Almeida\"}]},{\"@type\":\"WebSite\",\"@id\":\"https:\\\/\\\/www.turismoaguarda.es\\\/#website\",\"url\":\"https:\\\/\\\/www.turismoaguarda.es\\\/\",\"name\":\"Turismo A Guarda\",\"description\":\"Informaci\u00f3n tur\u00edstica de A Guarda y alrededores.\",\"potentialAction\":[{\"@type\":\"SearchAction\",\"target\":{\"@type\":\"EntryPoint\",\"urlTemplate\":\"https:\\\/\\\/www.turismoaguarda.es\\\/?s={search_term_string}\"},\"query-input\":{\"@type\":\"PropertyValueSpecification\",\"valueRequired\":true,\"valueName\":\"search_term_string\"}}],\"inLanguage\":\"gl\"},{\"@type\":\"Person\",\"@id\":\"https:\\\/\\\/www.turismoaguarda.es\\\/#\\\/schema\\\/person\\\/9282bb1649316a88a88b0eca34bd959b\",\"name\":\"Rosalia Verde\",\"image\":{\"@type\":\"ImageObject\",\"inLanguage\":\"gl\",\"@id\":\"https:\\\/\\\/secure.gravatar.com\\\/avatar\\\/40761cb45c6464d3a83ebde1e1f3fa222726fcacc4d5b5048a7920608c99e0e5?s=96&d=mm&r=g\",\"url\":\"https:\\\/\\\/secure.gravatar.com\\\/avatar\\\/40761cb45c6464d3a83ebde1e1f3fa222726fcacc4d5b5048a7920608c99e0e5?s=96&d=mm&r=g\",\"contentUrl\":\"https:\\\/\\\/secure.gravatar.com\\\/avatar\\\/40761cb45c6464d3a83ebde1e1f3fa222726fcacc4d5b5048a7920608c99e0e5?s=96&d=mm&r=g\",\"caption\":\"Rosalia Verde\"},\"url\":\"https:\\\/\\\/www.turismoaguarda.es\\\/gl\\\/author\\\/rosalia\\\/\"}]}<\/script>\n<!-- \/ Yoast SEO plugin. -->","yoast_head_json":{"title":"Presentaci\u00f3n da Festa da Langosta da Guarda foi acollida en Madrid por Mart\u00ednez-Almeida | Turismo A Guarda","robots":{"index":"index","follow":"follow","max-snippet":"max-snippet:-1","max-image-preview":"max-image-preview:large","max-video-preview":"max-video-preview:-1"},"canonical":"https:\/\/www.turismoaguarda.es\/gl\/presentacion-da-festa-da-langosta-da-guarda-foi-acollida-en-madrid-por-martinez-almeida\/","og_locale":"en_US","og_type":"article","og_title":"Presentaci\u00f3n da Festa da Langosta da Guarda foi acollida en Madrid por Mart\u00ednez-Almeida | Turismo A Guarda","og_description":"O alcalde da Guarda, Roberto Carrero, xunto co tenente alcalde, \u00d3scar Alonso, e dous representantes de restaurantes locais despraz\u00e1ronse ata Madrid para presentar unha das festas m\u00e1is reco\u00f1ecidas da vila, a XXXII Festa da Langosta e da Coci\u00f1a Mari\u00f1eira. O acto tivo lugar na Casa de Galicia de Madrid, onde foron acollidos polo seu director,Leer m\u00e1is","og_url":"https:\/\/www.turismoaguarda.es\/gl\/presentacion-da-festa-da-langosta-da-guarda-foi-acollida-en-madrid-por-martinez-almeida\/","og_site_name":"Turismo A Guarda","article_publisher":"https:\/\/es-es.facebook.com\/Turismo-A-Guarda-126223240790625\/","article_published_time":"2024-06-11T16:18:55+00:00","article_modified_time":"2024-06-11T16:22:23+00:00","og_image":[{"width":1200,"height":1200,"url":"https:\/\/www.turismoaguarda.es\/wp-content\/uploads\/2024\/06\/447732291_806702158227513_1243138262901623262_n.jpg","type":"image\/jpeg"}],"author":"Rosalia Verde","twitter_card":"summary_large_image","twitter_creator":"@TurismoAGuarda","twitter_site":"@TurismoAGuarda","twitter_misc":{"Written by":"Rosalia Verde","Est. reading time":"3 minutes"},"schema":{"@context":"https:\/\/schema.org","@graph":[{"@type":"Article","@id":"https:\/\/www.turismoaguarda.es\/gl\/presentacion-da-festa-da-langosta-da-guarda-foi-acollida-en-madrid-por-martinez-almeida\/#article","isPartOf":{"@id":"https:\/\/www.turismoaguarda.es\/gl\/presentacion-da-festa-da-langosta-da-guarda-foi-acollida-en-madrid-por-martinez-almeida\/"},"author":{"name":"Rosalia Verde","@id":"https:\/\/www.turismoaguarda.es\/#\/schema\/person\/9282bb1649316a88a88b0eca34bd959b"},"headline":"Presentaci\u00f3n da Festa da Langosta da Guarda foi acollida en Madrid por Mart\u00ednez-Almeida","datePublished":"2024-06-11T16:18:55+00:00","dateModified":"2024-06-11T16:22:23+00:00","mainEntityOfPage":{"@id":"https:\/\/www.turismoaguarda.es\/gl\/presentacion-da-festa-da-langosta-da-guarda-foi-acollida-en-madrid-por-martinez-almeida\/"},"wordCount":396,"commentCount":0,"image":{"@id":"https:\/\/www.turismoaguarda.es\/gl\/presentacion-da-festa-da-langosta-da-guarda-foi-acollida-en-madrid-por-martinez-almeida\/#primaryimage"},"thumbnailUrl":"https:\/\/www.turismoaguarda.es\/wp-content\/uploads\/2024\/06\/447732291_806702158227513_1243138262901623262_n.jpg","keywords":["A Guarda","Festa da langosta"],"articleSection":["Novas Turismo"],"inLanguage":"gl","potentialAction":[{"@type":"CommentAction","name":"Comment","target":["https:\/\/www.turismoaguarda.es\/gl\/presentacion-da-festa-da-langosta-da-guarda-foi-acollida-en-madrid-por-martinez-almeida\/#respond"]}]},{"@type":"WebPage","@id":"https:\/\/www.turismoaguarda.es\/gl\/presentacion-da-festa-da-langosta-da-guarda-foi-acollida-en-madrid-por-martinez-almeida\/","url":"https:\/\/www.turismoaguarda.es\/gl\/presentacion-da-festa-da-langosta-da-guarda-foi-acollida-en-madrid-por-martinez-almeida\/","name":"Presentaci\u00f3n da Festa da Langosta da Guarda foi acollida en Madrid por Mart\u00ednez-Almeida | Turismo A Guarda","isPartOf":{"@id":"https:\/\/www.turismoaguarda.es\/#website"},"primaryImageOfPage":{"@id":"https:\/\/www.turismoaguarda.es\/gl\/presentacion-da-festa-da-langosta-da-guarda-foi-acollida-en-madrid-por-martinez-almeida\/#primaryimage"},"image":{"@id":"https:\/\/www.turismoaguarda.es\/gl\/presentacion-da-festa-da-langosta-da-guarda-foi-acollida-en-madrid-por-martinez-almeida\/#primaryimage"},"thumbnailUrl":"https:\/\/www.turismoaguarda.es\/wp-content\/uploads\/2024\/06\/447732291_806702158227513_1243138262901623262_n.jpg","datePublished":"2024-06-11T16:18:55+00:00","dateModified":"2024-06-11T16:22:23+00:00","author":{"@id":"https:\/\/www.turismoaguarda.es\/#\/schema\/person\/9282bb1649316a88a88b0eca34bd959b"},"breadcrumb":{"@id":"https:\/\/www.turismoaguarda.es\/gl\/presentacion-da-festa-da-langosta-da-guarda-foi-acollida-en-madrid-por-martinez-almeida\/#breadcrumb"},"inLanguage":"gl","potentialAction":[{"@type":"ReadAction","target":["https:\/\/www.turismoaguarda.es\/gl\/presentacion-da-festa-da-langosta-da-guarda-foi-acollida-en-madrid-por-martinez-almeida\/"]}]},{"@type":"ImageObject","inLanguage":"gl","@id":"https:\/\/www.turismoaguarda.es\/gl\/presentacion-da-festa-da-langosta-da-guarda-foi-acollida-en-madrid-por-martinez-almeida\/#primaryimage","url":"https:\/\/www.turismoaguarda.es\/wp-content\/uploads\/2024\/06\/447732291_806702158227513_1243138262901623262_n.jpg","contentUrl":"https:\/\/www.turismoaguarda.es\/wp-content\/uploads\/2024\/06\/447732291_806702158227513_1243138262901623262_n.jpg","width":1200,"height":1200},{"@type":"BreadcrumbList","@id":"https:\/\/www.turismoaguarda.es\/gl\/presentacion-da-festa-da-langosta-da-guarda-foi-acollida-en-madrid-por-martinez-almeida\/#breadcrumb","itemListElement":[{"@type":"ListItem","position":1,"name":"Portada","item":"https:\/\/www.turismoaguarda.es\/gl\/"},{"@type":"ListItem","position":2,"name":"Presentaci\u00f3n da Festa da Langosta da Guarda foi acollida en Madrid por Mart\u00ednez-Almeida"}]},{"@type":"WebSite","@id":"https:\/\/www.turismoaguarda.es\/#website","url":"https:\/\/www.turismoaguarda.es\/","name":"Turismo A Guarda","description":"Informaci\u00f3n tur\u00edstica de A Guarda y alrededores.","potentialAction":[{"@type":"SearchAction","target":{"@type":"EntryPoint","urlTemplate":"https:\/\/www.turismoaguarda.es\/?s={search_term_string}"},"query-input":{"@type":"PropertyValueSpecification","valueRequired":true,"valueName":"search_term_string"}}],"inLanguage":"gl"},{"@type":"Person","@id":"https:\/\/www.turismoaguarda.es\/#\/schema\/person\/9282bb1649316a88a88b0eca34bd959b","name":"Rosalia Verde","image":{"@type":"ImageObject","inLanguage":"gl","@id":"https:\/\/secure.gravatar.com\/avatar\/40761cb45c6464d3a83ebde1e1f3fa222726fcacc4d5b5048a7920608c99e0e5?s=96&d=mm&r=g","url":"https:\/\/secure.gravatar.com\/avatar\/40761cb45c6464d3a83ebde1e1f3fa222726fcacc4d5b5048a7920608c99e0e5?s=96&d=mm&r=g","contentUrl":"https:\/\/secure.gravatar.com\/avatar\/40761cb45c6464d3a83ebde1e1f3fa222726fcacc4d5b5048a7920608c99e0e5?s=96&d=mm&r=g","caption":"Rosalia Verde"},"url":"https:\/\/www.turismoaguarda.es\/gl\/author\/rosalia\/"}]}},"_links":{"self":[{"href":"https:\/\/www.turismoaguarda.es\/gl\/wp-json\/wp\/v2\/posts\/17466","targetHints":{"allow":["GET"]}}],"collection":[{"href":"https:\/\/www.turismoaguarda.es\/gl\/wp-json\/wp\/v2\/posts"}],"about":[{"href":"https:\/\/www.turismoaguarda.es\/gl\/wp-json\/wp\/v2\/types\/post"}],"author":[{"embeddable":true,"href":"https:\/\/www.turismoaguarda.es\/gl\/wp-json\/wp\/v2\/users\/7"}],"replies":[{"embeddable":true,"href":"https:\/\/www.turismoaguarda.es\/gl\/wp-json\/wp\/v2\/comments?post=17466"}],"version-history":[{"count":3,"href":"https:\/\/www.turismoaguarda.es\/gl\/wp-json\/wp\/v2\/posts\/17466\/revisions"}],"predecessor-version":[{"id":17469,"href":"https:\/\/www.turismoaguarda.es\/gl\/wp-json\/wp\/v2\/posts\/17466\/revisions\/17469"}],"wp:featuredmedia":[{"embeddable":true,"href":"https:\/\/www.turismoaguarda.es\/gl\/wp-json\/wp\/v2\/media\/17446"}],"wp:attachment":[{"href":"https:\/\/www.turismoaguarda.es\/gl\/wp-json\/wp\/v2\/media?parent=17466"}],"wp:term":[{"taxonomy":"category","embeddable":true,"href":"https:\/\/www.turismoaguarda.es\/gl\/wp-json\/wp\/v2\/categories?post=17466"},{"taxonomy":"post_tag","embeddable":true,"href":"https:\/\/www.turismoaguarda.es\/gl\/wp-json\/wp\/v2\/tags?post=17466"}],"curies":[{"name":"wp","href":"https:\/\/api.w.org\/{rel}","templated":true}]}}