{"id":17382,"date":"2024-04-19T13:48:01","date_gmt":"2024-04-19T11:48:01","guid":{"rendered":"https:\/\/www.turismoaguarda.es\/?p=17382"},"modified":"2024-04-19T13:48:15","modified_gmt":"2024-04-19T11:48:15","slug":"a-oficina-de-turismo-a-praia-do-muino-e-10-establecementos-turisticos-do-concello-da-guarda-renovan-o-compromiso-coa-calidade-turistica-sicted","status":"publish","type":"post","link":"https:\/\/www.turismoaguarda.es\/gl\/a-oficina-de-turismo-a-praia-do-muino-e-10-establecementos-turisticos-do-concello-da-guarda-renovan-o-compromiso-coa-calidade-turistica-sicted\/","title":{"rendered":"A Oficina de turismo, a praia do Mu\u00ed\u00f1o e 10 establecementos tur\u00edsticos do Concello da Guarda renovan o compromiso coa calidade tur\u00edstica SICTED"},"content":{"rendered":"<p>O pasado m\u00e9rcores 10 de abril celebrouse no Hotel Pazo Los Escudos de Vigo a Gala Anual de Turismo da Deputaci\u00f3n de Pontevedra, evento para reco\u00f1ecer a importancia do sector tur\u00edstico da provincia e onde se fixo entrega dos distintivos SICTED, Sistema Integral de Calidade Tur\u00edstica Espa\u00f1ola en Destino.<\/p>\n<p>No acto estivo presente o Alcalde da Guarda, Roberto \u00c1lvarez Carrero, e unha representaci\u00f3n dos establecementos da vila que tam\u00e9n renovaron o seu distintivo.<\/p>\n<p>O Concello da Guarda integra ao destino tur\u00edstico \u201cProvincia de Pontevedra-R\u00edas Baixas\u201d e leva traballando dende o 2009 na implantaci\u00f3n do distintivo SICTED coa Oficina de Turismo e a praia do Mu\u00ed\u00f1o recollendo o seu diploma da renovaci\u00f3n.<\/p>\n<p>Actualmente no Concello da Guarda hai 10 establecementos tur\u00edsticos xa distinguidos e que seguen renovando e apostando polo compromiso da calidade no seu servizo:<\/p>\n<p><span style=\"text-decoration: underline;\">Aloxamentos<\/span>:<br \/>\nAlbergue O Peirao<br \/>\nCamping Santa Tecla<br \/>\nHotel Apartamentos Marouco<br \/>\nHotel Vila da Guarda<br \/>\n\u200b<br \/>\n<span style=\"text-decoration: underline;\">Restaurantes<\/span>:<br \/>\nArruaz<br \/>\nCasa de la Abuela<br \/>\nCeltic<br \/>\nO Cangrexal<br \/>\nXantar<br \/>\n\u200b<br \/>\n<span style=\"text-decoration: underline;\">Bar<\/span>:<br \/>\nLa Botica<\/p>\n<p><strong>Sobre o distintivo<\/strong><\/p>\n<p>A Deputaci\u00f3n de Pontevedra financia este proxecto na s\u00faa totalidade: adhesi\u00f3n, formaci\u00f3n, implantaci\u00f3n e avaliaci\u00f3n. Ademais a Xunta punt\u00faa este distintivo de calidade na valoraci\u00f3n de m\u00e9ritos de axudas e subvenci\u00f3ns.<\/p>\n<p>O SICTED \u00e9 un proxecto de mellora da calidade dos destinos tur\u00edsticos promovido pola Secretar\u00eda de Estado de Turismo e a Federaci\u00f3n Espa\u00f1ola de Municipios e Provincias (FEMP). Traballa con empresas e servizos de ata 37 oficios diferentes co obxectivo de mellorar a experiencia e a satisfacci\u00f3n dos e das turistas. Para logralo, o sistema ofrece \u00e1s empresas e servizos adheridos un plan de formaci\u00f3n, asistencia t\u00e9cnica, obradoiros, grupos de traballo e manuais de boas pr\u00e1cticas.<\/p>\n<p>A obtenci\u00f3n do distintivo SICTED implica o cumprimento dos requisitos fixados, e da conta do esforzo e o compromiso coa calidade e a mellora continua, \u00e1 vez que distingue ao establecemento fronte \u00e1 competencia. O certificado ten validez bienal, a\u00ednda que precisa dunha avaliaci\u00f3n anual de seguimento.<\/p>\n<p>Ata xu\u00f1o est\u00e1 aberto o prazo de adhesi\u00f3n ao proxecto SICTED para este 2024 polo que si algunha empresa ou servizo est\u00e1 interesada pode contactar coa Oficina de Turismo da Guarda.<\/p>\n<p><a href=\"https:\/\/www.turismoaguarda.es\/wp-content\/uploads\/2024\/04\/compromiso_calidad_turistica.jpg\"><img loading=\"lazy\" decoding=\"async\" class=\"size-medium wp-image-17379 aligncenter\" src=\"https:\/\/www.turismoaguarda.es\/wp-content\/uploads\/2024\/04\/compromiso_calidad_turistica-300x300.jpg\" alt=\"\" width=\"300\" height=\"300\" srcset=\"https:\/\/www.turismoaguarda.es\/wp-content\/uploads\/2024\/04\/compromiso_calidad_turistica-300x300.jpg 300w, https:\/\/www.turismoaguarda.es\/wp-content\/uploads\/2024\/04\/compromiso_calidad_turistica-1024x1024.jpg 1024w, https:\/\/www.turismoaguarda.es\/wp-content\/uploads\/2024\/04\/compromiso_calidad_turistica-150x150.jpg 150w, https:\/\/www.turismoaguarda.es\/wp-content\/uploads\/2024\/04\/compromiso_calidad_turistica-768x768.jpg 768w, https:\/\/www.turismoaguarda.es\/wp-content\/uploads\/2024\/04\/compromiso_calidad_turistica-1536x1536.jpg 1536w, https:\/\/www.turismoaguarda.es\/wp-content\/uploads\/2024\/04\/compromiso_calidad_turistica-500x500.jpg 500w, https:\/\/www.turismoaguarda.es\/wp-content\/uploads\/2024\/04\/compromiso_calidad_turistica.jpg 1600w\" sizes=\"auto, (max-width: 300px) 100vw, 300px\" \/><\/a><\/p>\n","protected":false},"excerpt":{"rendered":"<p>O pasado m\u00e9rcores 10 de abril celebrouse no Hotel Pazo Los Escudos de Vigo a Gala Anual de Turismo da Deputaci\u00f3n de Pontevedra, evento para reco\u00f1ecer a importancia do sector tur\u00edstico da provincia e onde se fixo entrega dos distintivos SICTED, Sistema Integral de Calidade Tur\u00edstica Espa\u00f1ola en Destino. No acto estivo presente o Alcalde<\/p>\n<div class=\"padding-top text-center\"><a href=\"https:\/\/www.turismoaguarda.es\/gl\/a-oficina-de-turismo-a-praia-do-muino-e-10-establecementos-turisticos-do-concello-da-guarda-renovan-o-compromiso-coa-calidade-turistica-sicted\/\" class=\"atbtn atbtn--medium atbtn--rounded atbtn--transparent\">Leer m\u00e1is<i class=\"atbtn__icon atbtn__icon--right fa fa-long-arrow-right\"><\/i><\/a><\/div>\n","protected":false},"author":7,"featured_media":17375,"comment_status":"open","ping_status":"open","sticky":false,"template":"","format":"standard","meta":{"footnotes":""},"categories":[94],"tags":[],"class_list":["post-17382","post","type-post","status-publish","format-standard","has-post-thumbnail","hentry","category-novas-turismo"],"yoast_head":"<!-- This site is optimized with the Yoast SEO plugin v27.5 - https:\/\/yoast.com\/product\/yoast-seo-wordpress\/ -->\n<title>A Oficina de turismo, a praia do Mu\u00ed\u00f1o e 10 establecementos tur\u00edsticos do Concello da Guarda renovan o compromiso coa calidade tur\u00edstica SICTED | Turismo A Guarda<\/title>\n<meta name=\"robots\" content=\"index, follow, max-snippet:-1, max-image-preview:large, max-video-preview:-1\" \/>\n<link rel=\"canonical\" href=\"https:\/\/www.turismoaguarda.es\/gl\/a-oficina-de-turismo-a-praia-do-muino-e-10-establecementos-turisticos-do-concello-da-guarda-renovan-o-compromiso-coa-calidade-turistica-sicted\/\" \/>\n<meta property=\"og:locale\" content=\"en_US\" \/>\n<meta property=\"og:type\" content=\"article\" \/>\n<meta property=\"og:title\" content=\"A Oficina de turismo, a praia do Mu\u00ed\u00f1o e 10 establecementos tur\u00edsticos do Concello da Guarda renovan o compromiso coa calidade tur\u00edstica SICTED | Turismo A Guarda\" \/>\n<meta property=\"og:description\" content=\"O pasado m\u00e9rcores 10 de abril celebrouse no Hotel Pazo Los Escudos de Vigo a Gala Anual de Turismo da Deputaci\u00f3n de Pontevedra, evento para reco\u00f1ecer a importancia do sector tur\u00edstico da provincia e onde se fixo entrega dos distintivos SICTED, Sistema Integral de Calidade Tur\u00edstica Espa\u00f1ola en Destino. No acto estivo presente o AlcaldeLeer m\u00e1is\" \/>\n<meta property=\"og:url\" content=\"https:\/\/www.turismoaguarda.es\/gl\/a-oficina-de-turismo-a-praia-do-muino-e-10-establecementos-turisticos-do-concello-da-guarda-renovan-o-compromiso-coa-calidade-turistica-sicted\/\" \/>\n<meta property=\"og:site_name\" content=\"Turismo A Guarda\" \/>\n<meta property=\"article:publisher\" content=\"https:\/\/es-es.facebook.com\/Turismo-A-Guarda-126223240790625\/\" \/>\n<meta property=\"article:published_time\" content=\"2024-04-19T11:48:01+00:00\" \/>\n<meta property=\"article:modified_time\" content=\"2024-04-19T11:48:15+00:00\" \/>\n<meta property=\"og:image\" content=\"https:\/\/www.turismoaguarda.es\/wp-content\/uploads\/2024\/04\/sicted-A-Guarda.jpg\" \/>\n\t<meta property=\"og:image:width\" content=\"1199\" \/>\n\t<meta property=\"og:image:height\" content=\"799\" \/>\n\t<meta property=\"og:image:type\" content=\"image\/jpeg\" \/>\n<meta name=\"author\" content=\"Rosalia Verde\" \/>\n<meta name=\"twitter:card\" content=\"summary_large_image\" \/>\n<meta name=\"twitter:creator\" content=\"@TurismoAGuarda\" \/>\n<meta name=\"twitter:site\" content=\"@TurismoAGuarda\" \/>\n<meta name=\"twitter:label1\" content=\"Written by\" \/>\n\t<meta name=\"twitter:data1\" content=\"Rosalia Verde\" \/>\n\t<meta name=\"twitter:label2\" content=\"Est. reading time\" \/>\n\t<meta name=\"twitter:data2\" content=\"2 minutes\" \/>\n<script type=\"application\/ld+json\" class=\"yoast-schema-graph\">{\"@context\":\"https:\\\/\\\/schema.org\",\"@graph\":[{\"@type\":\"Article\",\"@id\":\"https:\\\/\\\/www.turismoaguarda.es\\\/gl\\\/a-oficina-de-turismo-a-praia-do-muino-e-10-establecementos-turisticos-do-concello-da-guarda-renovan-o-compromiso-coa-calidade-turistica-sicted\\\/#article\",\"isPartOf\":{\"@id\":\"https:\\\/\\\/www.turismoaguarda.es\\\/gl\\\/a-oficina-de-turismo-a-praia-do-muino-e-10-establecementos-turisticos-do-concello-da-guarda-renovan-o-compromiso-coa-calidade-turistica-sicted\\\/\"},\"author\":{\"name\":\"Rosalia Verde\",\"@id\":\"https:\\\/\\\/www.turismoaguarda.es\\\/#\\\/schema\\\/person\\\/9282bb1649316a88a88b0eca34bd959b\"},\"headline\":\"A Oficina de turismo, a praia do Mu\u00ed\u00f1o e 10 establecementos tur\u00edsticos do Concello da Guarda renovan o compromiso coa calidade tur\u00edstica SICTED\",\"datePublished\":\"2024-04-19T11:48:01+00:00\",\"dateModified\":\"2024-04-19T11:48:15+00:00\",\"mainEntityOfPage\":{\"@id\":\"https:\\\/\\\/www.turismoaguarda.es\\\/gl\\\/a-oficina-de-turismo-a-praia-do-muino-e-10-establecementos-turisticos-do-concello-da-guarda-renovan-o-compromiso-coa-calidade-turistica-sicted\\\/\"},\"wordCount\":404,\"commentCount\":0,\"image\":{\"@id\":\"https:\\\/\\\/www.turismoaguarda.es\\\/gl\\\/a-oficina-de-turismo-a-praia-do-muino-e-10-establecementos-turisticos-do-concello-da-guarda-renovan-o-compromiso-coa-calidade-turistica-sicted\\\/#primaryimage\"},\"thumbnailUrl\":\"https:\\\/\\\/www.turismoaguarda.es\\\/wp-content\\\/uploads\\\/2024\\\/04\\\/sicted-A-Guarda.jpg\",\"articleSection\":[\"Novas Turismo\"],\"inLanguage\":\"gl\",\"potentialAction\":[{\"@type\":\"CommentAction\",\"name\":\"Comment\",\"target\":[\"https:\\\/\\\/www.turismoaguarda.es\\\/gl\\\/a-oficina-de-turismo-a-praia-do-muino-e-10-establecementos-turisticos-do-concello-da-guarda-renovan-o-compromiso-coa-calidade-turistica-sicted\\\/#respond\"]}]},{\"@type\":\"WebPage\",\"@id\":\"https:\\\/\\\/www.turismoaguarda.es\\\/gl\\\/a-oficina-de-turismo-a-praia-do-muino-e-10-establecementos-turisticos-do-concello-da-guarda-renovan-o-compromiso-coa-calidade-turistica-sicted\\\/\",\"url\":\"https:\\\/\\\/www.turismoaguarda.es\\\/gl\\\/a-oficina-de-turismo-a-praia-do-muino-e-10-establecementos-turisticos-do-concello-da-guarda-renovan-o-compromiso-coa-calidade-turistica-sicted\\\/\",\"name\":\"A Oficina de turismo, a praia do Mu\u00ed\u00f1o e 10 establecementos tur\u00edsticos do Concello da Guarda renovan o compromiso coa calidade tur\u00edstica SICTED | Turismo A Guarda\",\"isPartOf\":{\"@id\":\"https:\\\/\\\/www.turismoaguarda.es\\\/#website\"},\"primaryImageOfPage\":{\"@id\":\"https:\\\/\\\/www.turismoaguarda.es\\\/gl\\\/a-oficina-de-turismo-a-praia-do-muino-e-10-establecementos-turisticos-do-concello-da-guarda-renovan-o-compromiso-coa-calidade-turistica-sicted\\\/#primaryimage\"},\"image\":{\"@id\":\"https:\\\/\\\/www.turismoaguarda.es\\\/gl\\\/a-oficina-de-turismo-a-praia-do-muino-e-10-establecementos-turisticos-do-concello-da-guarda-renovan-o-compromiso-coa-calidade-turistica-sicted\\\/#primaryimage\"},\"thumbnailUrl\":\"https:\\\/\\\/www.turismoaguarda.es\\\/wp-content\\\/uploads\\\/2024\\\/04\\\/sicted-A-Guarda.jpg\",\"datePublished\":\"2024-04-19T11:48:01+00:00\",\"dateModified\":\"2024-04-19T11:48:15+00:00\",\"author\":{\"@id\":\"https:\\\/\\\/www.turismoaguarda.es\\\/#\\\/schema\\\/person\\\/9282bb1649316a88a88b0eca34bd959b\"},\"breadcrumb\":{\"@id\":\"https:\\\/\\\/www.turismoaguarda.es\\\/gl\\\/a-oficina-de-turismo-a-praia-do-muino-e-10-establecementos-turisticos-do-concello-da-guarda-renovan-o-compromiso-coa-calidade-turistica-sicted\\\/#breadcrumb\"},\"inLanguage\":\"gl\",\"potentialAction\":[{\"@type\":\"ReadAction\",\"target\":[\"https:\\\/\\\/www.turismoaguarda.es\\\/gl\\\/a-oficina-de-turismo-a-praia-do-muino-e-10-establecementos-turisticos-do-concello-da-guarda-renovan-o-compromiso-coa-calidade-turistica-sicted\\\/\"]}]},{\"@type\":\"ImageObject\",\"inLanguage\":\"gl\",\"@id\":\"https:\\\/\\\/www.turismoaguarda.es\\\/gl\\\/a-oficina-de-turismo-a-praia-do-muino-e-10-establecementos-turisticos-do-concello-da-guarda-renovan-o-compromiso-coa-calidade-turistica-sicted\\\/#primaryimage\",\"url\":\"https:\\\/\\\/www.turismoaguarda.es\\\/wp-content\\\/uploads\\\/2024\\\/04\\\/sicted-A-Guarda.jpg\",\"contentUrl\":\"https:\\\/\\\/www.turismoaguarda.es\\\/wp-content\\\/uploads\\\/2024\\\/04\\\/sicted-A-Guarda.jpg\",\"width\":1199,\"height\":799},{\"@type\":\"BreadcrumbList\",\"@id\":\"https:\\\/\\\/www.turismoaguarda.es\\\/gl\\\/a-oficina-de-turismo-a-praia-do-muino-e-10-establecementos-turisticos-do-concello-da-guarda-renovan-o-compromiso-coa-calidade-turistica-sicted\\\/#breadcrumb\",\"itemListElement\":[{\"@type\":\"ListItem\",\"position\":1,\"name\":\"Portada\",\"item\":\"https:\\\/\\\/www.turismoaguarda.es\\\/gl\\\/\"},{\"@type\":\"ListItem\",\"position\":2,\"name\":\"A Oficina de turismo, a praia do Mu\u00ed\u00f1o e 10 establecementos tur\u00edsticos do Concello da Guarda renovan o compromiso coa calidade tur\u00edstica SICTED\"}]},{\"@type\":\"WebSite\",\"@id\":\"https:\\\/\\\/www.turismoaguarda.es\\\/#website\",\"url\":\"https:\\\/\\\/www.turismoaguarda.es\\\/\",\"name\":\"Turismo A Guarda\",\"description\":\"Informaci\u00f3n tur\u00edstica de A Guarda y alrededores.\",\"potentialAction\":[{\"@type\":\"SearchAction\",\"target\":{\"@type\":\"EntryPoint\",\"urlTemplate\":\"https:\\\/\\\/www.turismoaguarda.es\\\/?s={search_term_string}\"},\"query-input\":{\"@type\":\"PropertyValueSpecification\",\"valueRequired\":true,\"valueName\":\"search_term_string\"}}],\"inLanguage\":\"gl\"},{\"@type\":\"Person\",\"@id\":\"https:\\\/\\\/www.turismoaguarda.es\\\/#\\\/schema\\\/person\\\/9282bb1649316a88a88b0eca34bd959b\",\"name\":\"Rosalia Verde\",\"image\":{\"@type\":\"ImageObject\",\"inLanguage\":\"gl\",\"@id\":\"https:\\\/\\\/secure.gravatar.com\\\/avatar\\\/40761cb45c6464d3a83ebde1e1f3fa222726fcacc4d5b5048a7920608c99e0e5?s=96&d=mm&r=g\",\"url\":\"https:\\\/\\\/secure.gravatar.com\\\/avatar\\\/40761cb45c6464d3a83ebde1e1f3fa222726fcacc4d5b5048a7920608c99e0e5?s=96&d=mm&r=g\",\"contentUrl\":\"https:\\\/\\\/secure.gravatar.com\\\/avatar\\\/40761cb45c6464d3a83ebde1e1f3fa222726fcacc4d5b5048a7920608c99e0e5?s=96&d=mm&r=g\",\"caption\":\"Rosalia Verde\"},\"url\":\"https:\\\/\\\/www.turismoaguarda.es\\\/gl\\\/author\\\/rosalia\\\/\"}]}<\/script>\n<!-- \/ Yoast SEO plugin. -->","yoast_head_json":{"title":"A Oficina de turismo, a praia do Mu\u00ed\u00f1o e 10 establecementos tur\u00edsticos do Concello da Guarda renovan o compromiso coa calidade tur\u00edstica SICTED | Turismo A Guarda","robots":{"index":"index","follow":"follow","max-snippet":"max-snippet:-1","max-image-preview":"max-image-preview:large","max-video-preview":"max-video-preview:-1"},"canonical":"https:\/\/www.turismoaguarda.es\/gl\/a-oficina-de-turismo-a-praia-do-muino-e-10-establecementos-turisticos-do-concello-da-guarda-renovan-o-compromiso-coa-calidade-turistica-sicted\/","og_locale":"en_US","og_type":"article","og_title":"A Oficina de turismo, a praia do Mu\u00ed\u00f1o e 10 establecementos tur\u00edsticos do Concello da Guarda renovan o compromiso coa calidade tur\u00edstica SICTED | Turismo A Guarda","og_description":"O pasado m\u00e9rcores 10 de abril celebrouse no Hotel Pazo Los Escudos de Vigo a Gala Anual de Turismo da Deputaci\u00f3n de Pontevedra, evento para reco\u00f1ecer a importancia do sector tur\u00edstico da provincia e onde se fixo entrega dos distintivos SICTED, Sistema Integral de Calidade Tur\u00edstica Espa\u00f1ola en Destino. No acto estivo presente o AlcaldeLeer m\u00e1is","og_url":"https:\/\/www.turismoaguarda.es\/gl\/a-oficina-de-turismo-a-praia-do-muino-e-10-establecementos-turisticos-do-concello-da-guarda-renovan-o-compromiso-coa-calidade-turistica-sicted\/","og_site_name":"Turismo A Guarda","article_publisher":"https:\/\/es-es.facebook.com\/Turismo-A-Guarda-126223240790625\/","article_published_time":"2024-04-19T11:48:01+00:00","article_modified_time":"2024-04-19T11:48:15+00:00","og_image":[{"width":1199,"height":799,"url":"https:\/\/www.turismoaguarda.es\/wp-content\/uploads\/2024\/04\/sicted-A-Guarda.jpg","type":"image\/jpeg"}],"author":"Rosalia Verde","twitter_card":"summary_large_image","twitter_creator":"@TurismoAGuarda","twitter_site":"@TurismoAGuarda","twitter_misc":{"Written by":"Rosalia Verde","Est. reading time":"2 minutes"},"schema":{"@context":"https:\/\/schema.org","@graph":[{"@type":"Article","@id":"https:\/\/www.turismoaguarda.es\/gl\/a-oficina-de-turismo-a-praia-do-muino-e-10-establecementos-turisticos-do-concello-da-guarda-renovan-o-compromiso-coa-calidade-turistica-sicted\/#article","isPartOf":{"@id":"https:\/\/www.turismoaguarda.es\/gl\/a-oficina-de-turismo-a-praia-do-muino-e-10-establecementos-turisticos-do-concello-da-guarda-renovan-o-compromiso-coa-calidade-turistica-sicted\/"},"author":{"name":"Rosalia Verde","@id":"https:\/\/www.turismoaguarda.es\/#\/schema\/person\/9282bb1649316a88a88b0eca34bd959b"},"headline":"A Oficina de turismo, a praia do Mu\u00ed\u00f1o e 10 establecementos tur\u00edsticos do Concello da Guarda renovan o compromiso coa calidade tur\u00edstica SICTED","datePublished":"2024-04-19T11:48:01+00:00","dateModified":"2024-04-19T11:48:15+00:00","mainEntityOfPage":{"@id":"https:\/\/www.turismoaguarda.es\/gl\/a-oficina-de-turismo-a-praia-do-muino-e-10-establecementos-turisticos-do-concello-da-guarda-renovan-o-compromiso-coa-calidade-turistica-sicted\/"},"wordCount":404,"commentCount":0,"image":{"@id":"https:\/\/www.turismoaguarda.es\/gl\/a-oficina-de-turismo-a-praia-do-muino-e-10-establecementos-turisticos-do-concello-da-guarda-renovan-o-compromiso-coa-calidade-turistica-sicted\/#primaryimage"},"thumbnailUrl":"https:\/\/www.turismoaguarda.es\/wp-content\/uploads\/2024\/04\/sicted-A-Guarda.jpg","articleSection":["Novas Turismo"],"inLanguage":"gl","potentialAction":[{"@type":"CommentAction","name":"Comment","target":["https:\/\/www.turismoaguarda.es\/gl\/a-oficina-de-turismo-a-praia-do-muino-e-10-establecementos-turisticos-do-concello-da-guarda-renovan-o-compromiso-coa-calidade-turistica-sicted\/#respond"]}]},{"@type":"WebPage","@id":"https:\/\/www.turismoaguarda.es\/gl\/a-oficina-de-turismo-a-praia-do-muino-e-10-establecementos-turisticos-do-concello-da-guarda-renovan-o-compromiso-coa-calidade-turistica-sicted\/","url":"https:\/\/www.turismoaguarda.es\/gl\/a-oficina-de-turismo-a-praia-do-muino-e-10-establecementos-turisticos-do-concello-da-guarda-renovan-o-compromiso-coa-calidade-turistica-sicted\/","name":"A Oficina de turismo, a praia do Mu\u00ed\u00f1o e 10 establecementos tur\u00edsticos do Concello da Guarda renovan o compromiso coa calidade tur\u00edstica SICTED | Turismo A Guarda","isPartOf":{"@id":"https:\/\/www.turismoaguarda.es\/#website"},"primaryImageOfPage":{"@id":"https:\/\/www.turismoaguarda.es\/gl\/a-oficina-de-turismo-a-praia-do-muino-e-10-establecementos-turisticos-do-concello-da-guarda-renovan-o-compromiso-coa-calidade-turistica-sicted\/#primaryimage"},"image":{"@id":"https:\/\/www.turismoaguarda.es\/gl\/a-oficina-de-turismo-a-praia-do-muino-e-10-establecementos-turisticos-do-concello-da-guarda-renovan-o-compromiso-coa-calidade-turistica-sicted\/#primaryimage"},"thumbnailUrl":"https:\/\/www.turismoaguarda.es\/wp-content\/uploads\/2024\/04\/sicted-A-Guarda.jpg","datePublished":"2024-04-19T11:48:01+00:00","dateModified":"2024-04-19T11:48:15+00:00","author":{"@id":"https:\/\/www.turismoaguarda.es\/#\/schema\/person\/9282bb1649316a88a88b0eca34bd959b"},"breadcrumb":{"@id":"https:\/\/www.turismoaguarda.es\/gl\/a-oficina-de-turismo-a-praia-do-muino-e-10-establecementos-turisticos-do-concello-da-guarda-renovan-o-compromiso-coa-calidade-turistica-sicted\/#breadcrumb"},"inLanguage":"gl","potentialAction":[{"@type":"ReadAction","target":["https:\/\/www.turismoaguarda.es\/gl\/a-oficina-de-turismo-a-praia-do-muino-e-10-establecementos-turisticos-do-concello-da-guarda-renovan-o-compromiso-coa-calidade-turistica-sicted\/"]}]},{"@type":"ImageObject","inLanguage":"gl","@id":"https:\/\/www.turismoaguarda.es\/gl\/a-oficina-de-turismo-a-praia-do-muino-e-10-establecementos-turisticos-do-concello-da-guarda-renovan-o-compromiso-coa-calidade-turistica-sicted\/#primaryimage","url":"https:\/\/www.turismoaguarda.es\/wp-content\/uploads\/2024\/04\/sicted-A-Guarda.jpg","contentUrl":"https:\/\/www.turismoaguarda.es\/wp-content\/uploads\/2024\/04\/sicted-A-Guarda.jpg","width":1199,"height":799},{"@type":"BreadcrumbList","@id":"https:\/\/www.turismoaguarda.es\/gl\/a-oficina-de-turismo-a-praia-do-muino-e-10-establecementos-turisticos-do-concello-da-guarda-renovan-o-compromiso-coa-calidade-turistica-sicted\/#breadcrumb","itemListElement":[{"@type":"ListItem","position":1,"name":"Portada","item":"https:\/\/www.turismoaguarda.es\/gl\/"},{"@type":"ListItem","position":2,"name":"A Oficina de turismo, a praia do Mu\u00ed\u00f1o e 10 establecementos tur\u00edsticos do Concello da Guarda renovan o compromiso coa calidade tur\u00edstica SICTED"}]},{"@type":"WebSite","@id":"https:\/\/www.turismoaguarda.es\/#website","url":"https:\/\/www.turismoaguarda.es\/","name":"Turismo A Guarda","description":"Informaci\u00f3n tur\u00edstica de A Guarda y alrededores.","potentialAction":[{"@type":"SearchAction","target":{"@type":"EntryPoint","urlTemplate":"https:\/\/www.turismoaguarda.es\/?s={search_term_string}"},"query-input":{"@type":"PropertyValueSpecification","valueRequired":true,"valueName":"search_term_string"}}],"inLanguage":"gl"},{"@type":"Person","@id":"https:\/\/www.turismoaguarda.es\/#\/schema\/person\/9282bb1649316a88a88b0eca34bd959b","name":"Rosalia Verde","image":{"@type":"ImageObject","inLanguage":"gl","@id":"https:\/\/secure.gravatar.com\/avatar\/40761cb45c6464d3a83ebde1e1f3fa222726fcacc4d5b5048a7920608c99e0e5?s=96&d=mm&r=g","url":"https:\/\/secure.gravatar.com\/avatar\/40761cb45c6464d3a83ebde1e1f3fa222726fcacc4d5b5048a7920608c99e0e5?s=96&d=mm&r=g","contentUrl":"https:\/\/secure.gravatar.com\/avatar\/40761cb45c6464d3a83ebde1e1f3fa222726fcacc4d5b5048a7920608c99e0e5?s=96&d=mm&r=g","caption":"Rosalia Verde"},"url":"https:\/\/www.turismoaguarda.es\/gl\/author\/rosalia\/"}]}},"_links":{"self":[{"href":"https:\/\/www.turismoaguarda.es\/gl\/wp-json\/wp\/v2\/posts\/17382","targetHints":{"allow":["GET"]}}],"collection":[{"href":"https:\/\/www.turismoaguarda.es\/gl\/wp-json\/wp\/v2\/posts"}],"about":[{"href":"https:\/\/www.turismoaguarda.es\/gl\/wp-json\/wp\/v2\/types\/post"}],"author":[{"embeddable":true,"href":"https:\/\/www.turismoaguarda.es\/gl\/wp-json\/wp\/v2\/users\/7"}],"replies":[{"embeddable":true,"href":"https:\/\/www.turismoaguarda.es\/gl\/wp-json\/wp\/v2\/comments?post=17382"}],"version-history":[{"count":2,"href":"https:\/\/www.turismoaguarda.es\/gl\/wp-json\/wp\/v2\/posts\/17382\/revisions"}],"predecessor-version":[{"id":17384,"href":"https:\/\/www.turismoaguarda.es\/gl\/wp-json\/wp\/v2\/posts\/17382\/revisions\/17384"}],"wp:featuredmedia":[{"embeddable":true,"href":"https:\/\/www.turismoaguarda.es\/gl\/wp-json\/wp\/v2\/media\/17375"}],"wp:attachment":[{"href":"https:\/\/www.turismoaguarda.es\/gl\/wp-json\/wp\/v2\/media?parent=17382"}],"wp:term":[{"taxonomy":"category","embeddable":true,"href":"https:\/\/www.turismoaguarda.es\/gl\/wp-json\/wp\/v2\/categories?post=17382"},{"taxonomy":"post_tag","embeddable":true,"href":"https:\/\/www.turismoaguarda.es\/gl\/wp-json\/wp\/v2\/tags?post=17382"}],"curies":[{"name":"wp","href":"https:\/\/api.w.org\/{rel}","templated":true}]}}