{"id":17363,"date":"2024-04-11T19:09:08","date_gmt":"2024-04-11T17:09:08","guid":{"rendered":"https:\/\/www.turismoaguarda.es\/?p=17363"},"modified":"2024-04-11T19:10:06","modified_gmt":"2024-04-11T17:10:06","slug":"o-xoves-18-de-abril-organizase-unha-xornada-informativa-do-proxecto-da-tua-man-no-rural-dirixida-a-produtores-comercio-e-hostaleria-en-xeral","status":"publish","type":"post","link":"https:\/\/www.turismoaguarda.es\/gl\/o-xoves-18-de-abril-organizase-unha-xornada-informativa-do-proxecto-da-tua-man-no-rural-dirixida-a-produtores-comercio-e-hostaleria-en-xeral\/","title":{"rendered":"O xoves 18 de abril organ\u00edzase unha xornada informativa do proxecto DA T\u00daA MAN NO RURAL dirixida a produtores, comercio e hostaler\u00eda en xeral"},"content":{"rendered":"<p>A Deputaci\u00f3n de Pontevedra lanza o proxecto DA T\u00daA MAN co obxectivo de fortalecer e impulsar a actividade comercial da nosa provincia e prestar especial atenci\u00f3n ao produto e comercio locais.<\/p>\n<p>Este proxecto est\u00e1 integrado por 19 concellos e est\u00e1 en li\u00f1a co Plan de Recuperaci\u00f3n, Transformaci\u00f3n e Resiliencia (PRTR).<\/p>\n<p>O concello da Guarda adheriuse coa sinatura do convenio \u201cDa t\u00faa man. Rural II\u201d para a realizaci\u00f3n de actuaci\u00f3ns como visibilizar e modernizar o pequeno comercio mediante o uso das novas tecnolox\u00edas, xerar pr\u00e1cticas que promovan a econom\u00eda circular e mellorar os espazos para ofrecerlle un servizo \u00f3ptimo \u00e1 poboaci\u00f3n local e que atraia visitantes.<\/p>\n<p>Unha das iniciativa \u00e9 a creaci\u00f3n da <a href=\"https:\/\/move.gal\/landing\/\">Rede de Comercio Local \u201cMOVE<\/a>\u201d intregada polos establecementos e apoiada nunha plataforma en li\u00f1a para darse a co\u00f1ecer, para compartir e para establecer relaci\u00f3ns comerciais e novas oportunidades de negocio.<\/p>\n<p>Esta semana a Deputaci\u00f3n (<a href=\"https:\/\/boppo.depo.gal\/web\/boppo\/detalle\/-\/boppo\/2024\/04\/09\/2024023378\" target=\"_blank\" rel=\"noopener\">BOPPO N\u00ba69 do 9\/04<\/a>) abriu o procedemento para adherirse a esta rede de Comercio Local e para dar a co\u00f1ecer esta iniciativa vanse realizar xornadas para informar dos beneficios da rede, de c\u00f3mo adherirse e, sobre todo, para a resoluci\u00f3n de d\u00fabidas. No anexo 1 e 2 das bases publicadas est\u00e1 detallados os c\u00f3digos IAE admitidos nesta iniciativa.<\/p>\n<p>A xornada informativa do Concello da Guarda ser\u00e1 o vindeiro xoves 18 de abril \u00e1s 20:00h na Casa dos Alonso e est\u00e1 dirixida a produtores locais, comerciantes, hostaleiros e empresas de aloxamento. Non \u00e9 preciso inscribirse pero poden consultar previamente en turismo@aguarda.es<\/p>\n<p><a href=\"https:\/\/www.turismoaguarda.es\/wp-content\/uploads\/2024\/04\/CONVOCATORIA-XORNADA-A-GUARDA_REDE-COMERCIO-MOVE.png\"><img loading=\"lazy\" decoding=\"async\" class=\"size-full wp-image-17364 aligncenter\" src=\"https:\/\/www.turismoaguarda.es\/wp-content\/uploads\/2024\/04\/CONVOCATORIA-XORNADA-A-GUARDA_REDE-COMERCIO-MOVE.png\" alt=\"\" width=\"940\" height=\"788\" srcset=\"https:\/\/www.turismoaguarda.es\/wp-content\/uploads\/2024\/04\/CONVOCATORIA-XORNADA-A-GUARDA_REDE-COMERCIO-MOVE.png 940w, https:\/\/www.turismoaguarda.es\/wp-content\/uploads\/2024\/04\/CONVOCATORIA-XORNADA-A-GUARDA_REDE-COMERCIO-MOVE-300x251.png 300w, https:\/\/www.turismoaguarda.es\/wp-content\/uploads\/2024\/04\/CONVOCATORIA-XORNADA-A-GUARDA_REDE-COMERCIO-MOVE-768x644.png 768w, https:\/\/www.turismoaguarda.es\/wp-content\/uploads\/2024\/04\/CONVOCATORIA-XORNADA-A-GUARDA_REDE-COMERCIO-MOVE-150x126.png 150w, https:\/\/www.turismoaguarda.es\/wp-content\/uploads\/2024\/04\/CONVOCATORIA-XORNADA-A-GUARDA_REDE-COMERCIO-MOVE-500x419.png 500w\" sizes=\"auto, (max-width: 940px) 100vw, 940px\" \/><\/a><\/p>\n","protected":false},"excerpt":{"rendered":"<p>A Deputaci\u00f3n de Pontevedra lanza o proxecto DA T\u00daA MAN co obxectivo de fortalecer e impulsar a actividade comercial da nosa provincia e prestar especial atenci\u00f3n ao produto e comercio locais. Este proxecto est\u00e1 integrado por 19 concellos e est\u00e1 en li\u00f1a co Plan de Recuperaci\u00f3n, Transformaci\u00f3n e Resiliencia (PRTR). O concello da Guarda adheriuse<\/p>\n<div class=\"padding-top text-center\"><a href=\"https:\/\/www.turismoaguarda.es\/gl\/o-xoves-18-de-abril-organizase-unha-xornada-informativa-do-proxecto-da-tua-man-no-rural-dirixida-a-produtores-comercio-e-hostaleria-en-xeral\/\" class=\"atbtn atbtn--medium atbtn--rounded atbtn--transparent\">Leer m\u00e1is<i class=\"atbtn__icon atbtn__icon--right fa fa-long-arrow-right\"><\/i><\/a><\/div>\n","protected":false},"author":7,"featured_media":0,"comment_status":"open","ping_status":"open","sticky":false,"template":"","format":"standard","meta":{"footnotes":""},"categories":[1812],"tags":[],"class_list":["post-17363","post","type-post","status-publish","format-standard","hentry","category-novas-hostalaria"],"yoast_head":"<!-- This site is optimized with the Yoast SEO plugin v27.5 - https:\/\/yoast.com\/product\/yoast-seo-wordpress\/ -->\n<title>O xoves 18 de abril organ\u00edzase unha xornada informativa do proxecto DA T\u00daA MAN NO RURAL dirixida a produtores, comercio e hostaler\u00eda en xeral | Turismo A Guarda<\/title>\n<meta name=\"robots\" content=\"index, follow, max-snippet:-1, max-image-preview:large, max-video-preview:-1\" \/>\n<link rel=\"canonical\" href=\"https:\/\/www.turismoaguarda.es\/gl\/o-xoves-18-de-abril-organizase-unha-xornada-informativa-do-proxecto-da-tua-man-no-rural-dirixida-a-produtores-comercio-e-hostaleria-en-xeral\/\" \/>\n<meta property=\"og:locale\" content=\"en_US\" \/>\n<meta property=\"og:type\" content=\"article\" \/>\n<meta property=\"og:title\" content=\"O xoves 18 de abril organ\u00edzase unha xornada informativa do proxecto DA T\u00daA MAN NO RURAL dirixida a produtores, comercio e hostaler\u00eda en xeral | Turismo A Guarda\" \/>\n<meta property=\"og:description\" content=\"A Deputaci\u00f3n de Pontevedra lanza o proxecto DA T\u00daA MAN co obxectivo de fortalecer e impulsar a actividade comercial da nosa provincia e prestar especial atenci\u00f3n ao produto e comercio locais. Este proxecto est\u00e1 integrado por 19 concellos e est\u00e1 en li\u00f1a co Plan de Recuperaci\u00f3n, Transformaci\u00f3n e Resiliencia (PRTR). O concello da Guarda adheriuseLeer m\u00e1is\" \/>\n<meta property=\"og:url\" content=\"https:\/\/www.turismoaguarda.es\/gl\/o-xoves-18-de-abril-organizase-unha-xornada-informativa-do-proxecto-da-tua-man-no-rural-dirixida-a-produtores-comercio-e-hostaleria-en-xeral\/\" \/>\n<meta property=\"og:site_name\" content=\"Turismo A Guarda\" \/>\n<meta property=\"article:publisher\" content=\"https:\/\/es-es.facebook.com\/Turismo-A-Guarda-126223240790625\/\" \/>\n<meta property=\"article:published_time\" content=\"2024-04-11T17:09:08+00:00\" \/>\n<meta property=\"article:modified_time\" content=\"2024-04-11T17:10:06+00:00\" \/>\n<meta property=\"og:image\" content=\"https:\/\/www.turismoaguarda.es\/wp-content\/uploads\/2024\/04\/CONVOCATORIA-XORNADA-A-GUARDA_REDE-COMERCIO-MOVE.png\" \/>\n<meta name=\"author\" content=\"Rosalia Verde\" \/>\n<meta name=\"twitter:card\" content=\"summary_large_image\" \/>\n<meta name=\"twitter:creator\" content=\"@TurismoAGuarda\" \/>\n<meta name=\"twitter:site\" content=\"@TurismoAGuarda\" \/>\n<meta name=\"twitter:label1\" content=\"Written by\" \/>\n\t<meta name=\"twitter:data1\" content=\"Rosalia Verde\" \/>\n\t<meta name=\"twitter:label2\" content=\"Est. reading time\" \/>\n\t<meta name=\"twitter:data2\" content=\"2 minutes\" \/>\n<script type=\"application\/ld+json\" class=\"yoast-schema-graph\">{\"@context\":\"https:\\\/\\\/schema.org\",\"@graph\":[{\"@type\":\"Article\",\"@id\":\"https:\\\/\\\/www.turismoaguarda.es\\\/gl\\\/o-xoves-18-de-abril-organizase-unha-xornada-informativa-do-proxecto-da-tua-man-no-rural-dirixida-a-produtores-comercio-e-hostaleria-en-xeral\\\/#article\",\"isPartOf\":{\"@id\":\"https:\\\/\\\/www.turismoaguarda.es\\\/gl\\\/o-xoves-18-de-abril-organizase-unha-xornada-informativa-do-proxecto-da-tua-man-no-rural-dirixida-a-produtores-comercio-e-hostaleria-en-xeral\\\/\"},\"author\":{\"name\":\"Rosalia Verde\",\"@id\":\"https:\\\/\\\/www.turismoaguarda.es\\\/#\\\/schema\\\/person\\\/9282bb1649316a88a88b0eca34bd959b\"},\"headline\":\"O xoves 18 de abril organ\u00edzase unha xornada informativa do proxecto DA T\u00daA MAN NO RURAL dirixida a produtores, comercio e hostaler\u00eda en xeral\",\"datePublished\":\"2024-04-11T17:09:08+00:00\",\"dateModified\":\"2024-04-11T17:10:06+00:00\",\"mainEntityOfPage\":{\"@id\":\"https:\\\/\\\/www.turismoaguarda.es\\\/gl\\\/o-xoves-18-de-abril-organizase-unha-xornada-informativa-do-proxecto-da-tua-man-no-rural-dirixida-a-produtores-comercio-e-hostaleria-en-xeral\\\/\"},\"wordCount\":289,\"commentCount\":0,\"image\":{\"@id\":\"https:\\\/\\\/www.turismoaguarda.es\\\/gl\\\/o-xoves-18-de-abril-organizase-unha-xornada-informativa-do-proxecto-da-tua-man-no-rural-dirixida-a-produtores-comercio-e-hostaleria-en-xeral\\\/#primaryimage\"},\"thumbnailUrl\":\"https:\\\/\\\/www.turismoaguarda.es\\\/wp-content\\\/uploads\\\/2024\\\/04\\\/CONVOCATORIA-XORNADA-A-GUARDA_REDE-COMERCIO-MOVE.png\",\"articleSection\":[\"Novas Hostalar\u00eda\"],\"inLanguage\":\"gl\",\"potentialAction\":[{\"@type\":\"CommentAction\",\"name\":\"Comment\",\"target\":[\"https:\\\/\\\/www.turismoaguarda.es\\\/gl\\\/o-xoves-18-de-abril-organizase-unha-xornada-informativa-do-proxecto-da-tua-man-no-rural-dirixida-a-produtores-comercio-e-hostaleria-en-xeral\\\/#respond\"]}]},{\"@type\":\"WebPage\",\"@id\":\"https:\\\/\\\/www.turismoaguarda.es\\\/gl\\\/o-xoves-18-de-abril-organizase-unha-xornada-informativa-do-proxecto-da-tua-man-no-rural-dirixida-a-produtores-comercio-e-hostaleria-en-xeral\\\/\",\"url\":\"https:\\\/\\\/www.turismoaguarda.es\\\/gl\\\/o-xoves-18-de-abril-organizase-unha-xornada-informativa-do-proxecto-da-tua-man-no-rural-dirixida-a-produtores-comercio-e-hostaleria-en-xeral\\\/\",\"name\":\"O xoves 18 de abril organ\u00edzase unha xornada informativa do proxecto DA T\u00daA MAN NO RURAL dirixida a produtores, comercio e hostaler\u00eda en xeral | Turismo A Guarda\",\"isPartOf\":{\"@id\":\"https:\\\/\\\/www.turismoaguarda.es\\\/#website\"},\"primaryImageOfPage\":{\"@id\":\"https:\\\/\\\/www.turismoaguarda.es\\\/gl\\\/o-xoves-18-de-abril-organizase-unha-xornada-informativa-do-proxecto-da-tua-man-no-rural-dirixida-a-produtores-comercio-e-hostaleria-en-xeral\\\/#primaryimage\"},\"image\":{\"@id\":\"https:\\\/\\\/www.turismoaguarda.es\\\/gl\\\/o-xoves-18-de-abril-organizase-unha-xornada-informativa-do-proxecto-da-tua-man-no-rural-dirixida-a-produtores-comercio-e-hostaleria-en-xeral\\\/#primaryimage\"},\"thumbnailUrl\":\"https:\\\/\\\/www.turismoaguarda.es\\\/wp-content\\\/uploads\\\/2024\\\/04\\\/CONVOCATORIA-XORNADA-A-GUARDA_REDE-COMERCIO-MOVE.png\",\"datePublished\":\"2024-04-11T17:09:08+00:00\",\"dateModified\":\"2024-04-11T17:10:06+00:00\",\"author\":{\"@id\":\"https:\\\/\\\/www.turismoaguarda.es\\\/#\\\/schema\\\/person\\\/9282bb1649316a88a88b0eca34bd959b\"},\"breadcrumb\":{\"@id\":\"https:\\\/\\\/www.turismoaguarda.es\\\/gl\\\/o-xoves-18-de-abril-organizase-unha-xornada-informativa-do-proxecto-da-tua-man-no-rural-dirixida-a-produtores-comercio-e-hostaleria-en-xeral\\\/#breadcrumb\"},\"inLanguage\":\"gl\",\"potentialAction\":[{\"@type\":\"ReadAction\",\"target\":[\"https:\\\/\\\/www.turismoaguarda.es\\\/gl\\\/o-xoves-18-de-abril-organizase-unha-xornada-informativa-do-proxecto-da-tua-man-no-rural-dirixida-a-produtores-comercio-e-hostaleria-en-xeral\\\/\"]}]},{\"@type\":\"ImageObject\",\"inLanguage\":\"gl\",\"@id\":\"https:\\\/\\\/www.turismoaguarda.es\\\/gl\\\/o-xoves-18-de-abril-organizase-unha-xornada-informativa-do-proxecto-da-tua-man-no-rural-dirixida-a-produtores-comercio-e-hostaleria-en-xeral\\\/#primaryimage\",\"url\":\"https:\\\/\\\/www.turismoaguarda.es\\\/wp-content\\\/uploads\\\/2024\\\/04\\\/CONVOCATORIA-XORNADA-A-GUARDA_REDE-COMERCIO-MOVE.png\",\"contentUrl\":\"https:\\\/\\\/www.turismoaguarda.es\\\/wp-content\\\/uploads\\\/2024\\\/04\\\/CONVOCATORIA-XORNADA-A-GUARDA_REDE-COMERCIO-MOVE.png\"},{\"@type\":\"BreadcrumbList\",\"@id\":\"https:\\\/\\\/www.turismoaguarda.es\\\/gl\\\/o-xoves-18-de-abril-organizase-unha-xornada-informativa-do-proxecto-da-tua-man-no-rural-dirixida-a-produtores-comercio-e-hostaleria-en-xeral\\\/#breadcrumb\",\"itemListElement\":[{\"@type\":\"ListItem\",\"position\":1,\"name\":\"Portada\",\"item\":\"https:\\\/\\\/www.turismoaguarda.es\\\/gl\\\/\"},{\"@type\":\"ListItem\",\"position\":2,\"name\":\"O xoves 18 de abril organ\u00edzase unha xornada informativa do proxecto DA T\u00daA MAN NO RURAL dirixida a produtores, comercio e hostaler\u00eda en xeral\"}]},{\"@type\":\"WebSite\",\"@id\":\"https:\\\/\\\/www.turismoaguarda.es\\\/#website\",\"url\":\"https:\\\/\\\/www.turismoaguarda.es\\\/\",\"name\":\"Turismo A Guarda\",\"description\":\"Informaci\u00f3n tur\u00edstica de A Guarda y alrededores.\",\"potentialAction\":[{\"@type\":\"SearchAction\",\"target\":{\"@type\":\"EntryPoint\",\"urlTemplate\":\"https:\\\/\\\/www.turismoaguarda.es\\\/?s={search_term_string}\"},\"query-input\":{\"@type\":\"PropertyValueSpecification\",\"valueRequired\":true,\"valueName\":\"search_term_string\"}}],\"inLanguage\":\"gl\"},{\"@type\":\"Person\",\"@id\":\"https:\\\/\\\/www.turismoaguarda.es\\\/#\\\/schema\\\/person\\\/9282bb1649316a88a88b0eca34bd959b\",\"name\":\"Rosalia Verde\",\"image\":{\"@type\":\"ImageObject\",\"inLanguage\":\"gl\",\"@id\":\"https:\\\/\\\/secure.gravatar.com\\\/avatar\\\/40761cb45c6464d3a83ebde1e1f3fa222726fcacc4d5b5048a7920608c99e0e5?s=96&d=mm&r=g\",\"url\":\"https:\\\/\\\/secure.gravatar.com\\\/avatar\\\/40761cb45c6464d3a83ebde1e1f3fa222726fcacc4d5b5048a7920608c99e0e5?s=96&d=mm&r=g\",\"contentUrl\":\"https:\\\/\\\/secure.gravatar.com\\\/avatar\\\/40761cb45c6464d3a83ebde1e1f3fa222726fcacc4d5b5048a7920608c99e0e5?s=96&d=mm&r=g\",\"caption\":\"Rosalia Verde\"},\"url\":\"https:\\\/\\\/www.turismoaguarda.es\\\/gl\\\/author\\\/rosalia\\\/\"}]}<\/script>\n<!-- \/ Yoast SEO plugin. -->","yoast_head_json":{"title":"O xoves 18 de abril organ\u00edzase unha xornada informativa do proxecto DA T\u00daA MAN NO RURAL dirixida a produtores, comercio e hostaler\u00eda en xeral | Turismo A Guarda","robots":{"index":"index","follow":"follow","max-snippet":"max-snippet:-1","max-image-preview":"max-image-preview:large","max-video-preview":"max-video-preview:-1"},"canonical":"https:\/\/www.turismoaguarda.es\/gl\/o-xoves-18-de-abril-organizase-unha-xornada-informativa-do-proxecto-da-tua-man-no-rural-dirixida-a-produtores-comercio-e-hostaleria-en-xeral\/","og_locale":"en_US","og_type":"article","og_title":"O xoves 18 de abril organ\u00edzase unha xornada informativa do proxecto DA T\u00daA MAN NO RURAL dirixida a produtores, comercio e hostaler\u00eda en xeral | Turismo A Guarda","og_description":"A Deputaci\u00f3n de Pontevedra lanza o proxecto DA T\u00daA MAN co obxectivo de fortalecer e impulsar a actividade comercial da nosa provincia e prestar especial atenci\u00f3n ao produto e comercio locais. Este proxecto est\u00e1 integrado por 19 concellos e est\u00e1 en li\u00f1a co Plan de Recuperaci\u00f3n, Transformaci\u00f3n e Resiliencia (PRTR). O concello da Guarda adheriuseLeer m\u00e1is","og_url":"https:\/\/www.turismoaguarda.es\/gl\/o-xoves-18-de-abril-organizase-unha-xornada-informativa-do-proxecto-da-tua-man-no-rural-dirixida-a-produtores-comercio-e-hostaleria-en-xeral\/","og_site_name":"Turismo A Guarda","article_publisher":"https:\/\/es-es.facebook.com\/Turismo-A-Guarda-126223240790625\/","article_published_time":"2024-04-11T17:09:08+00:00","article_modified_time":"2024-04-11T17:10:06+00:00","og_image":[{"url":"https:\/\/www.turismoaguarda.es\/wp-content\/uploads\/2024\/04\/CONVOCATORIA-XORNADA-A-GUARDA_REDE-COMERCIO-MOVE.png","type":"","width":"","height":""}],"author":"Rosalia Verde","twitter_card":"summary_large_image","twitter_creator":"@TurismoAGuarda","twitter_site":"@TurismoAGuarda","twitter_misc":{"Written by":"Rosalia Verde","Est. reading time":"2 minutes"},"schema":{"@context":"https:\/\/schema.org","@graph":[{"@type":"Article","@id":"https:\/\/www.turismoaguarda.es\/gl\/o-xoves-18-de-abril-organizase-unha-xornada-informativa-do-proxecto-da-tua-man-no-rural-dirixida-a-produtores-comercio-e-hostaleria-en-xeral\/#article","isPartOf":{"@id":"https:\/\/www.turismoaguarda.es\/gl\/o-xoves-18-de-abril-organizase-unha-xornada-informativa-do-proxecto-da-tua-man-no-rural-dirixida-a-produtores-comercio-e-hostaleria-en-xeral\/"},"author":{"name":"Rosalia Verde","@id":"https:\/\/www.turismoaguarda.es\/#\/schema\/person\/9282bb1649316a88a88b0eca34bd959b"},"headline":"O xoves 18 de abril organ\u00edzase unha xornada informativa do proxecto DA T\u00daA MAN NO RURAL dirixida a produtores, comercio e hostaler\u00eda en xeral","datePublished":"2024-04-11T17:09:08+00:00","dateModified":"2024-04-11T17:10:06+00:00","mainEntityOfPage":{"@id":"https:\/\/www.turismoaguarda.es\/gl\/o-xoves-18-de-abril-organizase-unha-xornada-informativa-do-proxecto-da-tua-man-no-rural-dirixida-a-produtores-comercio-e-hostaleria-en-xeral\/"},"wordCount":289,"commentCount":0,"image":{"@id":"https:\/\/www.turismoaguarda.es\/gl\/o-xoves-18-de-abril-organizase-unha-xornada-informativa-do-proxecto-da-tua-man-no-rural-dirixida-a-produtores-comercio-e-hostaleria-en-xeral\/#primaryimage"},"thumbnailUrl":"https:\/\/www.turismoaguarda.es\/wp-content\/uploads\/2024\/04\/CONVOCATORIA-XORNADA-A-GUARDA_REDE-COMERCIO-MOVE.png","articleSection":["Novas Hostalar\u00eda"],"inLanguage":"gl","potentialAction":[{"@type":"CommentAction","name":"Comment","target":["https:\/\/www.turismoaguarda.es\/gl\/o-xoves-18-de-abril-organizase-unha-xornada-informativa-do-proxecto-da-tua-man-no-rural-dirixida-a-produtores-comercio-e-hostaleria-en-xeral\/#respond"]}]},{"@type":"WebPage","@id":"https:\/\/www.turismoaguarda.es\/gl\/o-xoves-18-de-abril-organizase-unha-xornada-informativa-do-proxecto-da-tua-man-no-rural-dirixida-a-produtores-comercio-e-hostaleria-en-xeral\/","url":"https:\/\/www.turismoaguarda.es\/gl\/o-xoves-18-de-abril-organizase-unha-xornada-informativa-do-proxecto-da-tua-man-no-rural-dirixida-a-produtores-comercio-e-hostaleria-en-xeral\/","name":"O xoves 18 de abril organ\u00edzase unha xornada informativa do proxecto DA T\u00daA MAN NO RURAL dirixida a produtores, comercio e hostaler\u00eda en xeral | Turismo A Guarda","isPartOf":{"@id":"https:\/\/www.turismoaguarda.es\/#website"},"primaryImageOfPage":{"@id":"https:\/\/www.turismoaguarda.es\/gl\/o-xoves-18-de-abril-organizase-unha-xornada-informativa-do-proxecto-da-tua-man-no-rural-dirixida-a-produtores-comercio-e-hostaleria-en-xeral\/#primaryimage"},"image":{"@id":"https:\/\/www.turismoaguarda.es\/gl\/o-xoves-18-de-abril-organizase-unha-xornada-informativa-do-proxecto-da-tua-man-no-rural-dirixida-a-produtores-comercio-e-hostaleria-en-xeral\/#primaryimage"},"thumbnailUrl":"https:\/\/www.turismoaguarda.es\/wp-content\/uploads\/2024\/04\/CONVOCATORIA-XORNADA-A-GUARDA_REDE-COMERCIO-MOVE.png","datePublished":"2024-04-11T17:09:08+00:00","dateModified":"2024-04-11T17:10:06+00:00","author":{"@id":"https:\/\/www.turismoaguarda.es\/#\/schema\/person\/9282bb1649316a88a88b0eca34bd959b"},"breadcrumb":{"@id":"https:\/\/www.turismoaguarda.es\/gl\/o-xoves-18-de-abril-organizase-unha-xornada-informativa-do-proxecto-da-tua-man-no-rural-dirixida-a-produtores-comercio-e-hostaleria-en-xeral\/#breadcrumb"},"inLanguage":"gl","potentialAction":[{"@type":"ReadAction","target":["https:\/\/www.turismoaguarda.es\/gl\/o-xoves-18-de-abril-organizase-unha-xornada-informativa-do-proxecto-da-tua-man-no-rural-dirixida-a-produtores-comercio-e-hostaleria-en-xeral\/"]}]},{"@type":"ImageObject","inLanguage":"gl","@id":"https:\/\/www.turismoaguarda.es\/gl\/o-xoves-18-de-abril-organizase-unha-xornada-informativa-do-proxecto-da-tua-man-no-rural-dirixida-a-produtores-comercio-e-hostaleria-en-xeral\/#primaryimage","url":"https:\/\/www.turismoaguarda.es\/wp-content\/uploads\/2024\/04\/CONVOCATORIA-XORNADA-A-GUARDA_REDE-COMERCIO-MOVE.png","contentUrl":"https:\/\/www.turismoaguarda.es\/wp-content\/uploads\/2024\/04\/CONVOCATORIA-XORNADA-A-GUARDA_REDE-COMERCIO-MOVE.png"},{"@type":"BreadcrumbList","@id":"https:\/\/www.turismoaguarda.es\/gl\/o-xoves-18-de-abril-organizase-unha-xornada-informativa-do-proxecto-da-tua-man-no-rural-dirixida-a-produtores-comercio-e-hostaleria-en-xeral\/#breadcrumb","itemListElement":[{"@type":"ListItem","position":1,"name":"Portada","item":"https:\/\/www.turismoaguarda.es\/gl\/"},{"@type":"ListItem","position":2,"name":"O xoves 18 de abril organ\u00edzase unha xornada informativa do proxecto DA T\u00daA MAN NO RURAL dirixida a produtores, comercio e hostaler\u00eda en xeral"}]},{"@type":"WebSite","@id":"https:\/\/www.turismoaguarda.es\/#website","url":"https:\/\/www.turismoaguarda.es\/","name":"Turismo A Guarda","description":"Informaci\u00f3n tur\u00edstica de A Guarda y alrededores.","potentialAction":[{"@type":"SearchAction","target":{"@type":"EntryPoint","urlTemplate":"https:\/\/www.turismoaguarda.es\/?s={search_term_string}"},"query-input":{"@type":"PropertyValueSpecification","valueRequired":true,"valueName":"search_term_string"}}],"inLanguage":"gl"},{"@type":"Person","@id":"https:\/\/www.turismoaguarda.es\/#\/schema\/person\/9282bb1649316a88a88b0eca34bd959b","name":"Rosalia Verde","image":{"@type":"ImageObject","inLanguage":"gl","@id":"https:\/\/secure.gravatar.com\/avatar\/40761cb45c6464d3a83ebde1e1f3fa222726fcacc4d5b5048a7920608c99e0e5?s=96&d=mm&r=g","url":"https:\/\/secure.gravatar.com\/avatar\/40761cb45c6464d3a83ebde1e1f3fa222726fcacc4d5b5048a7920608c99e0e5?s=96&d=mm&r=g","contentUrl":"https:\/\/secure.gravatar.com\/avatar\/40761cb45c6464d3a83ebde1e1f3fa222726fcacc4d5b5048a7920608c99e0e5?s=96&d=mm&r=g","caption":"Rosalia Verde"},"url":"https:\/\/www.turismoaguarda.es\/gl\/author\/rosalia\/"}]}},"_links":{"self":[{"href":"https:\/\/www.turismoaguarda.es\/gl\/wp-json\/wp\/v2\/posts\/17363","targetHints":{"allow":["GET"]}}],"collection":[{"href":"https:\/\/www.turismoaguarda.es\/gl\/wp-json\/wp\/v2\/posts"}],"about":[{"href":"https:\/\/www.turismoaguarda.es\/gl\/wp-json\/wp\/v2\/types\/post"}],"author":[{"embeddable":true,"href":"https:\/\/www.turismoaguarda.es\/gl\/wp-json\/wp\/v2\/users\/7"}],"replies":[{"embeddable":true,"href":"https:\/\/www.turismoaguarda.es\/gl\/wp-json\/wp\/v2\/comments?post=17363"}],"version-history":[{"count":1,"href":"https:\/\/www.turismoaguarda.es\/gl\/wp-json\/wp\/v2\/posts\/17363\/revisions"}],"predecessor-version":[{"id":17367,"href":"https:\/\/www.turismoaguarda.es\/gl\/wp-json\/wp\/v2\/posts\/17363\/revisions\/17367"}],"wp:attachment":[{"href":"https:\/\/www.turismoaguarda.es\/gl\/wp-json\/wp\/v2\/media?parent=17363"}],"wp:term":[{"taxonomy":"category","embeddable":true,"href":"https:\/\/www.turismoaguarda.es\/gl\/wp-json\/wp\/v2\/categories?post=17363"},{"taxonomy":"post_tag","embeddable":true,"href":"https:\/\/www.turismoaguarda.es\/gl\/wp-json\/wp\/v2\/tags?post=17363"}],"curies":[{"name":"wp","href":"https:\/\/api.w.org\/{rel}","templated":true}]}}