{"id":17266,"date":"2024-02-13T14:02:57","date_gmt":"2024-02-13T13:02:57","guid":{"rendered":"https:\/\/www.turismoaguarda.es\/el-ayuntamiento-de-a-guarda-publica-la-licitacion-nuevos-puesto-para-la-fiesta-de-la-langosta-y-de-la-cocina-marinera\/"},"modified":"2024-02-13T14:46:31","modified_gmt":"2024-02-13T13:46:31","slug":"el-ayuntamiento-de-a-guarda-publica-la-licitacion-nuevos-puesto-para-la-fiesta-de-la-langosta-y-de-la-cocina-marinera","status":"publish","type":"post","link":"https:\/\/www.turismoaguarda.es\/gl\/el-ayuntamiento-de-a-guarda-publica-la-licitacion-nuevos-puesto-para-la-fiesta-de-la-langosta-y-de-la-cocina-marinera\/","title":{"rendered":"O Concello da Guarda publica a licitaci\u00f3n de novos postos para a Festa da Langosta e da Coci\u00f1a Mari\u00f1eira"},"content":{"rendered":"<p>Tralo bo resultado da \u00faltima edici\u00f3n da Festa da Langosta e da Coci\u00f1a Mari\u00f1eira, o Concello da Guarda e os postos participantes acordaron ampliar a oferta gastron\u00f3mica con dous novos postos: un posto adicado \u00e1 reposter\u00eda e outro posto adicado de promoci\u00f3n e venda preferentemente de mariscos e outros produtos procedentes da pesca e da acuicultura (restaurante).<\/p>\n<p>A tramitaci\u00f3n realizase mediante a licitaci\u00f3n a trav\u00e9s da plataforma de contrataci\u00f3n del sector p\u00fablico do Estado, dispo\u00f1ible no perfil do Concello da Guarda (<a href=\"https:\/\/contrataciondelestado.es\/wps\/portal\/!ut\/p\/b0\/04_Sj9CPykssy0xPLMnMz0vMAfIjU1JTC3Iy87KtClKL0jJznPPzSooSSxLzSlL1w_Wj9KMyU5wK9CODSouTCgz9LN0LPAO9jUJc0yLcK7UdbW31C3JzHQHdGEYr\/\" target=\"_blank\" rel=\"noopener\">c\u00f3digo do expediente 3218\/2023<\/a>)<\/p>\n<p>Prazo de presentaci\u00f3n ata 26 de febreiro \u00e1s 23:59h<\/p>\n<p>Tr\u00e1tase dun procedemento aberto e de car\u00e1cter ordinario cunha duraci\u00f3n dun ano (2024) e prorrogable por outro m\u00e1is (2025). Este procedemento establece un prezo anual, que poder\u00e1 ser mellorado \u00e1 alza por licitador, para cada posto:<br \/>\n\u2022 350 \u20ac para o posto adicado \u00e1 reposter\u00eda<br \/>\n\u2022 750\u20ac para o posto de promoci\u00f3n e venda preferentemente de mariscos e outros produtos procedentes da pesca e da acuicultura (restaurante).<\/p>\n<p>As persoas interesadas en participar nesta licitaci\u00f3n deber\u00e1n tramitar a trav\u00e9s da plataforma de contrataci\u00f3n pero a continuaci\u00f3n incl\u00faese a documentaci\u00f3n para a s\u00faa descarga e facilitar o seu co\u00f1ecemento:<\/p>\n<ul>\n<li><a href=\"https:\/\/contrataciondelestado.es\/wps\/wcm\/connect\/b8b4e2c8-c5fa-4534-b390-564194d25e6e\/DOC_CN2024-000186550.pdf?MOD=AJPERES\" target=\"_blank\" rel=\"noopener\">Anuncio da licitaci\u00f3n<\/a><\/li>\n<li><a href=\"https:\/\/contrataciondelestado.es\/wps\/wcm\/connect\/edee52ab-da4b-45b8-9c56-c36b5153194f\/DOC_CD2024-000186552.pdf?MOD=AJPERES\" target=\"_blank\" rel=\"noopener\">Documento de prego<\/a><\/li>\n<li><a href=\"https:\/\/contrataciondelestado.es\/wps\/wcm\/connect\/505de88b-9aa7-4820-8c7d-2025daa005fb\/DOC20240212093619pcpa.pdf?MOD=AJPERES\" target=\"_blank\" rel=\"noopener\">Prego cl\u00e1usulas administrativas<\/a><\/li>\n<li><a href=\"https:\/\/contrataciondelestado.es\/wps\/wcm\/connect\/9d5784cd-f37b-4eee-9db7-085b101f3e27\/DOC20240212100053ppt.pdf?MOD=AJPERES\" target=\"_blank\" rel=\"noopener\">Prego prescrici\u00f3ns t\u00e9cnicas<\/a>.<\/li>\n<\/ul>\n<p>&nbsp;<\/p>\n","protected":false},"excerpt":{"rendered":"<p>Tralo bo resultado da \u00faltima edici\u00f3n da Festa da Langosta e da Coci\u00f1a Mari\u00f1eira, o Concello da Guarda e os postos participantes acordaron ampliar a oferta gastron\u00f3mica con dous novos postos: un posto adicado \u00e1 reposter\u00eda e outro posto adicado de promoci\u00f3n e venda preferentemente de mariscos e outros produtos procedentes da pesca e da<\/p>\n<div class=\"padding-top text-center\"><a href=\"https:\/\/www.turismoaguarda.es\/gl\/el-ayuntamiento-de-a-guarda-publica-la-licitacion-nuevos-puesto-para-la-fiesta-de-la-langosta-y-de-la-cocina-marinera\/\" class=\"atbtn atbtn--medium atbtn--rounded atbtn--transparent\">Leer m\u00e1is<i class=\"atbtn__icon atbtn__icon--right fa fa-long-arrow-right\"><\/i><\/a><\/div>\n","protected":false},"author":7,"featured_media":17288,"comment_status":"open","ping_status":"open","sticky":false,"template":"","format":"standard","meta":{"footnotes":""},"categories":[94],"tags":[2020],"class_list":["post-17266","post","type-post","status-publish","format-standard","has-post-thumbnail","hentry","category-novas-turismo","tag-a-guarda-festa-da-langosta-gl"],"yoast_head":"<!-- This site is optimized with the Yoast SEO plugin v27.5 - https:\/\/yoast.com\/product\/yoast-seo-wordpress\/ -->\n<title>O Concello da Guarda publica a licitaci\u00f3n de novos postos para a Festa da Langosta e da Coci\u00f1a Mari\u00f1eira | Turismo A Guarda<\/title>\n<meta name=\"robots\" content=\"index, follow, max-snippet:-1, max-image-preview:large, max-video-preview:-1\" \/>\n<link rel=\"canonical\" href=\"https:\/\/www.turismoaguarda.es\/gl\/el-ayuntamiento-de-a-guarda-publica-la-licitacion-nuevos-puesto-para-la-fiesta-de-la-langosta-y-de-la-cocina-marinera\/\" \/>\n<meta property=\"og:locale\" content=\"en_US\" \/>\n<meta property=\"og:type\" content=\"article\" \/>\n<meta property=\"og:title\" content=\"O Concello da Guarda publica a licitaci\u00f3n de novos postos para a Festa da Langosta e da Coci\u00f1a Mari\u00f1eira | Turismo A Guarda\" \/>\n<meta property=\"og:description\" content=\"Tralo bo resultado da \u00faltima edici\u00f3n da Festa da Langosta e da Coci\u00f1a Mari\u00f1eira, o Concello da Guarda e os postos participantes acordaron ampliar a oferta gastron\u00f3mica con dous novos postos: un posto adicado \u00e1 reposter\u00eda e outro posto adicado de promoci\u00f3n e venda preferentemente de mariscos e outros produtos procedentes da pesca e daLeer m\u00e1is\" \/>\n<meta property=\"og:url\" content=\"https:\/\/www.turismoaguarda.es\/gl\/el-ayuntamiento-de-a-guarda-publica-la-licitacion-nuevos-puesto-para-la-fiesta-de-la-langosta-y-de-la-cocina-marinera\/\" \/>\n<meta property=\"og:site_name\" content=\"Turismo A Guarda\" \/>\n<meta property=\"article:publisher\" content=\"https:\/\/es-es.facebook.com\/Turismo-A-Guarda-126223240790625\/\" \/>\n<meta property=\"article:published_time\" content=\"2024-02-13T13:02:57+00:00\" \/>\n<meta property=\"article:modified_time\" content=\"2024-02-13T13:46:31+00:00\" \/>\n<meta property=\"og:image\" content=\"https:\/\/www.turismoaguarda.es\/wp-content\/uploads\/2024\/02\/pp.jpg\" \/>\n\t<meta property=\"og:image:width\" content=\"587\" \/>\n\t<meta property=\"og:image:height\" content=\"480\" \/>\n\t<meta property=\"og:image:type\" content=\"image\/jpeg\" \/>\n<meta name=\"author\" content=\"Rosalia Verde\" \/>\n<meta name=\"twitter:card\" content=\"summary_large_image\" \/>\n<meta name=\"twitter:creator\" content=\"@TurismoAGuarda\" \/>\n<meta name=\"twitter:site\" content=\"@TurismoAGuarda\" \/>\n<meta name=\"twitter:label1\" content=\"Written by\" \/>\n\t<meta name=\"twitter:data1\" content=\"Rosalia Verde\" \/>\n\t<meta name=\"twitter:label2\" content=\"Est. reading time\" \/>\n\t<meta name=\"twitter:data2\" content=\"1 minute\" \/>\n<script type=\"application\/ld+json\" class=\"yoast-schema-graph\">{\"@context\":\"https:\\\/\\\/schema.org\",\"@graph\":[{\"@type\":\"Article\",\"@id\":\"https:\\\/\\\/www.turismoaguarda.es\\\/gl\\\/el-ayuntamiento-de-a-guarda-publica-la-licitacion-nuevos-puesto-para-la-fiesta-de-la-langosta-y-de-la-cocina-marinera\\\/#article\",\"isPartOf\":{\"@id\":\"https:\\\/\\\/www.turismoaguarda.es\\\/gl\\\/el-ayuntamiento-de-a-guarda-publica-la-licitacion-nuevos-puesto-para-la-fiesta-de-la-langosta-y-de-la-cocina-marinera\\\/\"},\"author\":{\"name\":\"Rosalia Verde\",\"@id\":\"https:\\\/\\\/www.turismoaguarda.es\\\/#\\\/schema\\\/person\\\/9282bb1649316a88a88b0eca34bd959b\"},\"headline\":\"O Concello da Guarda publica a licitaci\u00f3n de novos postos para a Festa da Langosta e da Coci\u00f1a Mari\u00f1eira\",\"datePublished\":\"2024-02-13T13:02:57+00:00\",\"dateModified\":\"2024-02-13T13:46:31+00:00\",\"mainEntityOfPage\":{\"@id\":\"https:\\\/\\\/www.turismoaguarda.es\\\/gl\\\/el-ayuntamiento-de-a-guarda-publica-la-licitacion-nuevos-puesto-para-la-fiesta-de-la-langosta-y-de-la-cocina-marinera\\\/\"},\"wordCount\":247,\"commentCount\":0,\"image\":{\"@id\":\"https:\\\/\\\/www.turismoaguarda.es\\\/gl\\\/el-ayuntamiento-de-a-guarda-publica-la-licitacion-nuevos-puesto-para-la-fiesta-de-la-langosta-y-de-la-cocina-marinera\\\/#primaryimage\"},\"thumbnailUrl\":\"https:\\\/\\\/www.turismoaguarda.es\\\/wp-content\\\/uploads\\\/2024\\\/02\\\/pp.jpg\",\"keywords\":[\"A Guarda; festa da Langosta:\"],\"articleSection\":[\"Novas Turismo\"],\"inLanguage\":\"gl\",\"potentialAction\":[{\"@type\":\"CommentAction\",\"name\":\"Comment\",\"target\":[\"https:\\\/\\\/www.turismoaguarda.es\\\/gl\\\/el-ayuntamiento-de-a-guarda-publica-la-licitacion-nuevos-puesto-para-la-fiesta-de-la-langosta-y-de-la-cocina-marinera\\\/#respond\"]}]},{\"@type\":\"WebPage\",\"@id\":\"https:\\\/\\\/www.turismoaguarda.es\\\/gl\\\/el-ayuntamiento-de-a-guarda-publica-la-licitacion-nuevos-puesto-para-la-fiesta-de-la-langosta-y-de-la-cocina-marinera\\\/\",\"url\":\"https:\\\/\\\/www.turismoaguarda.es\\\/gl\\\/el-ayuntamiento-de-a-guarda-publica-la-licitacion-nuevos-puesto-para-la-fiesta-de-la-langosta-y-de-la-cocina-marinera\\\/\",\"name\":\"O Concello da Guarda publica a licitaci\u00f3n de novos postos para a Festa da Langosta e da Coci\u00f1a Mari\u00f1eira | Turismo A Guarda\",\"isPartOf\":{\"@id\":\"https:\\\/\\\/www.turismoaguarda.es\\\/#website\"},\"primaryImageOfPage\":{\"@id\":\"https:\\\/\\\/www.turismoaguarda.es\\\/gl\\\/el-ayuntamiento-de-a-guarda-publica-la-licitacion-nuevos-puesto-para-la-fiesta-de-la-langosta-y-de-la-cocina-marinera\\\/#primaryimage\"},\"image\":{\"@id\":\"https:\\\/\\\/www.turismoaguarda.es\\\/gl\\\/el-ayuntamiento-de-a-guarda-publica-la-licitacion-nuevos-puesto-para-la-fiesta-de-la-langosta-y-de-la-cocina-marinera\\\/#primaryimage\"},\"thumbnailUrl\":\"https:\\\/\\\/www.turismoaguarda.es\\\/wp-content\\\/uploads\\\/2024\\\/02\\\/pp.jpg\",\"datePublished\":\"2024-02-13T13:02:57+00:00\",\"dateModified\":\"2024-02-13T13:46:31+00:00\",\"author\":{\"@id\":\"https:\\\/\\\/www.turismoaguarda.es\\\/#\\\/schema\\\/person\\\/9282bb1649316a88a88b0eca34bd959b\"},\"breadcrumb\":{\"@id\":\"https:\\\/\\\/www.turismoaguarda.es\\\/gl\\\/el-ayuntamiento-de-a-guarda-publica-la-licitacion-nuevos-puesto-para-la-fiesta-de-la-langosta-y-de-la-cocina-marinera\\\/#breadcrumb\"},\"inLanguage\":\"gl\",\"potentialAction\":[{\"@type\":\"ReadAction\",\"target\":[\"https:\\\/\\\/www.turismoaguarda.es\\\/gl\\\/el-ayuntamiento-de-a-guarda-publica-la-licitacion-nuevos-puesto-para-la-fiesta-de-la-langosta-y-de-la-cocina-marinera\\\/\"]}]},{\"@type\":\"ImageObject\",\"inLanguage\":\"gl\",\"@id\":\"https:\\\/\\\/www.turismoaguarda.es\\\/gl\\\/el-ayuntamiento-de-a-guarda-publica-la-licitacion-nuevos-puesto-para-la-fiesta-de-la-langosta-y-de-la-cocina-marinera\\\/#primaryimage\",\"url\":\"https:\\\/\\\/www.turismoaguarda.es\\\/wp-content\\\/uploads\\\/2024\\\/02\\\/pp.jpg\",\"contentUrl\":\"https:\\\/\\\/www.turismoaguarda.es\\\/wp-content\\\/uploads\\\/2024\\\/02\\\/pp.jpg\",\"width\":587,\"height\":480,\"caption\":\"roll-up 120x206 FESTA DA LANGOSTA.indd\"},{\"@type\":\"BreadcrumbList\",\"@id\":\"https:\\\/\\\/www.turismoaguarda.es\\\/gl\\\/el-ayuntamiento-de-a-guarda-publica-la-licitacion-nuevos-puesto-para-la-fiesta-de-la-langosta-y-de-la-cocina-marinera\\\/#breadcrumb\",\"itemListElement\":[{\"@type\":\"ListItem\",\"position\":1,\"name\":\"Portada\",\"item\":\"https:\\\/\\\/www.turismoaguarda.es\\\/gl\\\/\"},{\"@type\":\"ListItem\",\"position\":2,\"name\":\"O Concello da Guarda publica a licitaci\u00f3n de novos postos para a Festa da Langosta e da Coci\u00f1a Mari\u00f1eira\"}]},{\"@type\":\"WebSite\",\"@id\":\"https:\\\/\\\/www.turismoaguarda.es\\\/#website\",\"url\":\"https:\\\/\\\/www.turismoaguarda.es\\\/\",\"name\":\"Turismo A Guarda\",\"description\":\"Informaci\u00f3n tur\u00edstica de A Guarda y alrededores.\",\"potentialAction\":[{\"@type\":\"SearchAction\",\"target\":{\"@type\":\"EntryPoint\",\"urlTemplate\":\"https:\\\/\\\/www.turismoaguarda.es\\\/?s={search_term_string}\"},\"query-input\":{\"@type\":\"PropertyValueSpecification\",\"valueRequired\":true,\"valueName\":\"search_term_string\"}}],\"inLanguage\":\"gl\"},{\"@type\":\"Person\",\"@id\":\"https:\\\/\\\/www.turismoaguarda.es\\\/#\\\/schema\\\/person\\\/9282bb1649316a88a88b0eca34bd959b\",\"name\":\"Rosalia Verde\",\"image\":{\"@type\":\"ImageObject\",\"inLanguage\":\"gl\",\"@id\":\"https:\\\/\\\/secure.gravatar.com\\\/avatar\\\/40761cb45c6464d3a83ebde1e1f3fa222726fcacc4d5b5048a7920608c99e0e5?s=96&d=mm&r=g\",\"url\":\"https:\\\/\\\/secure.gravatar.com\\\/avatar\\\/40761cb45c6464d3a83ebde1e1f3fa222726fcacc4d5b5048a7920608c99e0e5?s=96&d=mm&r=g\",\"contentUrl\":\"https:\\\/\\\/secure.gravatar.com\\\/avatar\\\/40761cb45c6464d3a83ebde1e1f3fa222726fcacc4d5b5048a7920608c99e0e5?s=96&d=mm&r=g\",\"caption\":\"Rosalia Verde\"},\"url\":\"https:\\\/\\\/www.turismoaguarda.es\\\/gl\\\/author\\\/rosalia\\\/\"}]}<\/script>\n<!-- \/ Yoast SEO plugin. -->","yoast_head_json":{"title":"O Concello da Guarda publica a licitaci\u00f3n de novos postos para a Festa da Langosta e da Coci\u00f1a Mari\u00f1eira | Turismo A Guarda","robots":{"index":"index","follow":"follow","max-snippet":"max-snippet:-1","max-image-preview":"max-image-preview:large","max-video-preview":"max-video-preview:-1"},"canonical":"https:\/\/www.turismoaguarda.es\/gl\/el-ayuntamiento-de-a-guarda-publica-la-licitacion-nuevos-puesto-para-la-fiesta-de-la-langosta-y-de-la-cocina-marinera\/","og_locale":"en_US","og_type":"article","og_title":"O Concello da Guarda publica a licitaci\u00f3n de novos postos para a Festa da Langosta e da Coci\u00f1a Mari\u00f1eira | Turismo A Guarda","og_description":"Tralo bo resultado da \u00faltima edici\u00f3n da Festa da Langosta e da Coci\u00f1a Mari\u00f1eira, o Concello da Guarda e os postos participantes acordaron ampliar a oferta gastron\u00f3mica con dous novos postos: un posto adicado \u00e1 reposter\u00eda e outro posto adicado de promoci\u00f3n e venda preferentemente de mariscos e outros produtos procedentes da pesca e daLeer m\u00e1is","og_url":"https:\/\/www.turismoaguarda.es\/gl\/el-ayuntamiento-de-a-guarda-publica-la-licitacion-nuevos-puesto-para-la-fiesta-de-la-langosta-y-de-la-cocina-marinera\/","og_site_name":"Turismo A Guarda","article_publisher":"https:\/\/es-es.facebook.com\/Turismo-A-Guarda-126223240790625\/","article_published_time":"2024-02-13T13:02:57+00:00","article_modified_time":"2024-02-13T13:46:31+00:00","og_image":[{"width":587,"height":480,"url":"https:\/\/www.turismoaguarda.es\/wp-content\/uploads\/2024\/02\/pp.jpg","type":"image\/jpeg"}],"author":"Rosalia Verde","twitter_card":"summary_large_image","twitter_creator":"@TurismoAGuarda","twitter_site":"@TurismoAGuarda","twitter_misc":{"Written by":"Rosalia Verde","Est. reading time":"1 minute"},"schema":{"@context":"https:\/\/schema.org","@graph":[{"@type":"Article","@id":"https:\/\/www.turismoaguarda.es\/gl\/el-ayuntamiento-de-a-guarda-publica-la-licitacion-nuevos-puesto-para-la-fiesta-de-la-langosta-y-de-la-cocina-marinera\/#article","isPartOf":{"@id":"https:\/\/www.turismoaguarda.es\/gl\/el-ayuntamiento-de-a-guarda-publica-la-licitacion-nuevos-puesto-para-la-fiesta-de-la-langosta-y-de-la-cocina-marinera\/"},"author":{"name":"Rosalia Verde","@id":"https:\/\/www.turismoaguarda.es\/#\/schema\/person\/9282bb1649316a88a88b0eca34bd959b"},"headline":"O Concello da Guarda publica a licitaci\u00f3n de novos postos para a Festa da Langosta e da Coci\u00f1a Mari\u00f1eira","datePublished":"2024-02-13T13:02:57+00:00","dateModified":"2024-02-13T13:46:31+00:00","mainEntityOfPage":{"@id":"https:\/\/www.turismoaguarda.es\/gl\/el-ayuntamiento-de-a-guarda-publica-la-licitacion-nuevos-puesto-para-la-fiesta-de-la-langosta-y-de-la-cocina-marinera\/"},"wordCount":247,"commentCount":0,"image":{"@id":"https:\/\/www.turismoaguarda.es\/gl\/el-ayuntamiento-de-a-guarda-publica-la-licitacion-nuevos-puesto-para-la-fiesta-de-la-langosta-y-de-la-cocina-marinera\/#primaryimage"},"thumbnailUrl":"https:\/\/www.turismoaguarda.es\/wp-content\/uploads\/2024\/02\/pp.jpg","keywords":["A Guarda; festa da Langosta:"],"articleSection":["Novas Turismo"],"inLanguage":"gl","potentialAction":[{"@type":"CommentAction","name":"Comment","target":["https:\/\/www.turismoaguarda.es\/gl\/el-ayuntamiento-de-a-guarda-publica-la-licitacion-nuevos-puesto-para-la-fiesta-de-la-langosta-y-de-la-cocina-marinera\/#respond"]}]},{"@type":"WebPage","@id":"https:\/\/www.turismoaguarda.es\/gl\/el-ayuntamiento-de-a-guarda-publica-la-licitacion-nuevos-puesto-para-la-fiesta-de-la-langosta-y-de-la-cocina-marinera\/","url":"https:\/\/www.turismoaguarda.es\/gl\/el-ayuntamiento-de-a-guarda-publica-la-licitacion-nuevos-puesto-para-la-fiesta-de-la-langosta-y-de-la-cocina-marinera\/","name":"O Concello da Guarda publica a licitaci\u00f3n de novos postos para a Festa da Langosta e da Coci\u00f1a Mari\u00f1eira | Turismo A Guarda","isPartOf":{"@id":"https:\/\/www.turismoaguarda.es\/#website"},"primaryImageOfPage":{"@id":"https:\/\/www.turismoaguarda.es\/gl\/el-ayuntamiento-de-a-guarda-publica-la-licitacion-nuevos-puesto-para-la-fiesta-de-la-langosta-y-de-la-cocina-marinera\/#primaryimage"},"image":{"@id":"https:\/\/www.turismoaguarda.es\/gl\/el-ayuntamiento-de-a-guarda-publica-la-licitacion-nuevos-puesto-para-la-fiesta-de-la-langosta-y-de-la-cocina-marinera\/#primaryimage"},"thumbnailUrl":"https:\/\/www.turismoaguarda.es\/wp-content\/uploads\/2024\/02\/pp.jpg","datePublished":"2024-02-13T13:02:57+00:00","dateModified":"2024-02-13T13:46:31+00:00","author":{"@id":"https:\/\/www.turismoaguarda.es\/#\/schema\/person\/9282bb1649316a88a88b0eca34bd959b"},"breadcrumb":{"@id":"https:\/\/www.turismoaguarda.es\/gl\/el-ayuntamiento-de-a-guarda-publica-la-licitacion-nuevos-puesto-para-la-fiesta-de-la-langosta-y-de-la-cocina-marinera\/#breadcrumb"},"inLanguage":"gl","potentialAction":[{"@type":"ReadAction","target":["https:\/\/www.turismoaguarda.es\/gl\/el-ayuntamiento-de-a-guarda-publica-la-licitacion-nuevos-puesto-para-la-fiesta-de-la-langosta-y-de-la-cocina-marinera\/"]}]},{"@type":"ImageObject","inLanguage":"gl","@id":"https:\/\/www.turismoaguarda.es\/gl\/el-ayuntamiento-de-a-guarda-publica-la-licitacion-nuevos-puesto-para-la-fiesta-de-la-langosta-y-de-la-cocina-marinera\/#primaryimage","url":"https:\/\/www.turismoaguarda.es\/wp-content\/uploads\/2024\/02\/pp.jpg","contentUrl":"https:\/\/www.turismoaguarda.es\/wp-content\/uploads\/2024\/02\/pp.jpg","width":587,"height":480,"caption":"roll-up 120x206 FESTA DA LANGOSTA.indd"},{"@type":"BreadcrumbList","@id":"https:\/\/www.turismoaguarda.es\/gl\/el-ayuntamiento-de-a-guarda-publica-la-licitacion-nuevos-puesto-para-la-fiesta-de-la-langosta-y-de-la-cocina-marinera\/#breadcrumb","itemListElement":[{"@type":"ListItem","position":1,"name":"Portada","item":"https:\/\/www.turismoaguarda.es\/gl\/"},{"@type":"ListItem","position":2,"name":"O Concello da Guarda publica a licitaci\u00f3n de novos postos para a Festa da Langosta e da Coci\u00f1a Mari\u00f1eira"}]},{"@type":"WebSite","@id":"https:\/\/www.turismoaguarda.es\/#website","url":"https:\/\/www.turismoaguarda.es\/","name":"Turismo A Guarda","description":"Informaci\u00f3n tur\u00edstica de A Guarda y alrededores.","potentialAction":[{"@type":"SearchAction","target":{"@type":"EntryPoint","urlTemplate":"https:\/\/www.turismoaguarda.es\/?s={search_term_string}"},"query-input":{"@type":"PropertyValueSpecification","valueRequired":true,"valueName":"search_term_string"}}],"inLanguage":"gl"},{"@type":"Person","@id":"https:\/\/www.turismoaguarda.es\/#\/schema\/person\/9282bb1649316a88a88b0eca34bd959b","name":"Rosalia Verde","image":{"@type":"ImageObject","inLanguage":"gl","@id":"https:\/\/secure.gravatar.com\/avatar\/40761cb45c6464d3a83ebde1e1f3fa222726fcacc4d5b5048a7920608c99e0e5?s=96&d=mm&r=g","url":"https:\/\/secure.gravatar.com\/avatar\/40761cb45c6464d3a83ebde1e1f3fa222726fcacc4d5b5048a7920608c99e0e5?s=96&d=mm&r=g","contentUrl":"https:\/\/secure.gravatar.com\/avatar\/40761cb45c6464d3a83ebde1e1f3fa222726fcacc4d5b5048a7920608c99e0e5?s=96&d=mm&r=g","caption":"Rosalia Verde"},"url":"https:\/\/www.turismoaguarda.es\/gl\/author\/rosalia\/"}]}},"_links":{"self":[{"href":"https:\/\/www.turismoaguarda.es\/gl\/wp-json\/wp\/v2\/posts\/17266","targetHints":{"allow":["GET"]}}],"collection":[{"href":"https:\/\/www.turismoaguarda.es\/gl\/wp-json\/wp\/v2\/posts"}],"about":[{"href":"https:\/\/www.turismoaguarda.es\/gl\/wp-json\/wp\/v2\/types\/post"}],"author":[{"embeddable":true,"href":"https:\/\/www.turismoaguarda.es\/gl\/wp-json\/wp\/v2\/users\/7"}],"replies":[{"embeddable":true,"href":"https:\/\/www.turismoaguarda.es\/gl\/wp-json\/wp\/v2\/comments?post=17266"}],"version-history":[{"count":8,"href":"https:\/\/www.turismoaguarda.es\/gl\/wp-json\/wp\/v2\/posts\/17266\/revisions"}],"predecessor-version":[{"id":17291,"href":"https:\/\/www.turismoaguarda.es\/gl\/wp-json\/wp\/v2\/posts\/17266\/revisions\/17291"}],"wp:featuredmedia":[{"embeddable":true,"href":"https:\/\/www.turismoaguarda.es\/gl\/wp-json\/wp\/v2\/media\/17288"}],"wp:attachment":[{"href":"https:\/\/www.turismoaguarda.es\/gl\/wp-json\/wp\/v2\/media?parent=17266"}],"wp:term":[{"taxonomy":"category","embeddable":true,"href":"https:\/\/www.turismoaguarda.es\/gl\/wp-json\/wp\/v2\/categories?post=17266"},{"taxonomy":"post_tag","embeddable":true,"href":"https:\/\/www.turismoaguarda.es\/gl\/wp-json\/wp\/v2\/tags?post=17266"}],"curies":[{"name":"wp","href":"https:\/\/api.w.org\/{rel}","templated":true}]}}