{"id":17252,"date":"2024-01-19T18:12:10","date_gmt":"2024-01-19T17:12:10","guid":{"rendered":"https:\/\/www.turismoaguarda.es\/el-ayuntamiento-de-a-guarda-participara-en-la-feria-internacional-de-turismo-de-madrid-fitur-2024\/"},"modified":"2024-01-19T18:16:45","modified_gmt":"2024-01-19T17:16:45","slug":"el-ayuntamiento-de-a-guarda-participara-en-la-feria-internacional-de-turismo-de-madrid-fitur-2024","status":"publish","type":"post","link":"https:\/\/www.turismoaguarda.es\/gl\/el-ayuntamiento-de-a-guarda-participara-en-la-feria-internacional-de-turismo-de-madrid-fitur-2024\/","title":{"rendered":"El Ayuntamiento de A Guarda participar\u00e1 en la Feria Internacional de Turismo de Madrid, FITUR 2024"},"content":{"rendered":"<p>A Guarda, como municipio tur\u00edstico de referencia en el Baixo Mi\u00f1o, se promocionar\u00e1 stand de Turismo de Galicia de la Fera Internacional de Turismo de Madrid (FITUR) que este a\u00f1o se celebra del 24 al 28 de enero.<\/p>\n<p>En esta ocasi\u00f3n el Ayuntamiento elabor\u00f3 un <strong>folleto tur\u00edstico informativo editado espec\u00edficamente para esta feria. E<\/strong>ste folleto estar\u00e1 disponible para todos los visitantes en el mostrador do Xeodestino R\u00eda de Vigo-Baixo. As\u00ed mismo, el recinto ferial contar\u00e1 con una campa\u00f1a publicitaria de promoci\u00f3n dedicada exclusivamente a nuestro municipio.<\/p>\n<p>La representaci\u00f3n de A Guarda asistir\u00e1 por la ma\u00f1ana del mi\u00e9rcoles 24, d\u00eda de comienzo de la feria, a la presentaci\u00f3n de Turismo de Galicia en el stand de la comunidad que en esta edici\u00f3n contar\u00e1 con un espacio renovado. La tem\u00e1tica escogida es el agua en sus diferentes representaciones: mar, r\u00edos e r\u00edas, cascadas, manantiales,&#8230;<\/p>\n<p>A las 12:30h ser\u00e1 el turno de la presentaci\u00f3n de la Diputaci\u00f3n de Pontevedra donde dar\u00e1 a conocer su nueva campa\u00f1a tur\u00edstica \u201c100% R\u00edas Baixas\u201d. El protagonismo tambi\u00e9n ser\u00e1 el agua de la provincia. Nuestro municipio rodeado casi en su totalidad es un ejemplo de los recursos tur\u00edsticos de la provincia, la costa Atl\u00e1ntica y la desembocadura del Mi\u00f1o con su estuario.<\/p>\n<p>La tarde tendr\u00e1 como acto destacado la participaci\u00f3n en la recepci\u00f3n organizada por la Diputaci\u00f3n con el sector tur\u00edstico.<\/p>\n<p>El jueves a las 15:00h tendr\u00e1 lugar la<strong> presentaci\u00f3n de \u201cTrazas de Pontevedra, ruta arqueol\u00f3gica por la provincia\u201d<\/strong> en el stand de Turismo de Galicia. El acto consistir\u00e1 en la apertura del Alcalde de A Guarda, Roberto J. \u00c1lvarez Carrero, como representante de los 16 municipios integrantes del proyecto. Dar\u00e1 paso a la proyecci\u00f3n del v\u00eddeo-presentaci\u00f3n del Proyecto Trazas y continuar\u00e1 Rafael Mart\u00ednez, arque\u00f3logo responsable de las excavaciones realizadas en los yacimientos seleccionados. El acto lo cerrar\u00e1 la Diputada provincial de Turismo, Nava Castro, quien informar\u00e1 de la continuaci\u00f3n de este proyecto. En el pasado mes de octubre nuestro ayuntamiento ya acogi\u00f3 la presentaci\u00f3n oficial de este proyecto.<\/p>\n<p>A las 18:00 est\u00e1 previsto en el Stand de Turismo de Galicia la<strong> presentaci\u00f3n del Xeodestino R\u00eda de Vigo-Baixo Mi\u00f1o con su campa\u00f1a \u201cVivir experiencias, compartir territorio \u201d<\/strong>. A Guarda forma parte de este Xeodestino y en esta nueva campa\u00f1a A Guarda tendr\u00e1 un lugar especial.<\/p>\n<p>Durante estas jornadas la delegaci\u00f3n de A Guarda, encabezada por el Alcalde, mantendr\u00e1, adem\u00e1s de asistir a los eventos institucionales, diversas reuniones con mayoristas, empresas y asociaciones de turismo para potenciar la promoci\u00f3n de A Guarda como destino tur\u00edstico.<\/p>\n<p>&nbsp;<\/p>\n<p><a href=\"https:\/\/www.turismoaguarda.es\/wp-content\/uploads\/2024\/01\/CONVITE-PRESENTACION-XOVES-25-PROXECTO-TRAZAS.jpg\"><img loading=\"lazy\" decoding=\"async\" class=\"size-full wp-image-17245 aligncenter\" src=\"https:\/\/www.turismoaguarda.es\/wp-content\/uploads\/2024\/01\/CONVITE-PRESENTACION-XOVES-25-PROXECTO-TRAZAS.jpg\" alt=\"\" width=\"922\" height=\"1024\" srcset=\"https:\/\/www.turismoaguarda.es\/wp-content\/uploads\/2024\/01\/CONVITE-PRESENTACION-XOVES-25-PROXECTO-TRAZAS.jpg 922w, https:\/\/www.turismoaguarda.es\/wp-content\/uploads\/2024\/01\/CONVITE-PRESENTACION-XOVES-25-PROXECTO-TRAZAS-270x300.jpg 270w, https:\/\/www.turismoaguarda.es\/wp-content\/uploads\/2024\/01\/CONVITE-PRESENTACION-XOVES-25-PROXECTO-TRAZAS-768x853.jpg 768w, https:\/\/www.turismoaguarda.es\/wp-content\/uploads\/2024\/01\/CONVITE-PRESENTACION-XOVES-25-PROXECTO-TRAZAS-150x167.jpg 150w, https:\/\/www.turismoaguarda.es\/wp-content\/uploads\/2024\/01\/CONVITE-PRESENTACION-XOVES-25-PROXECTO-TRAZAS-450x500.jpg 450w\" sizes=\"auto, (max-width: 922px) 100vw, 922px\" \/><\/a><\/p>\n<p><a href=\"https:\/\/www.turismoaguarda.es\/wp-content\/uploads\/2024\/01\/CONVITE-PRESENTACION-XOVES-25-xeodestino.jpg\"><img loading=\"lazy\" decoding=\"async\" class=\" wp-image-17248 aligncenter\" src=\"https:\/\/www.turismoaguarda.es\/wp-content\/uploads\/2024\/01\/CONVITE-PRESENTACION-XOVES-25-xeodestino.jpg\" alt=\"\" width=\"883\" height=\"1208\" \/><\/a><\/p>\n","protected":false},"excerpt":{"rendered":"<p>A Guarda, como municipio tur\u00edstico de referencia en el Baixo Mi\u00f1o, se promocionar\u00e1 stand de Turismo de Galicia de la Fera Internacional de Turismo de Madrid (FITUR) que este a\u00f1o se celebra del 24 al 28 de enero. En esta ocasi\u00f3n el Ayuntamiento elabor\u00f3 un folleto tur\u00edstico informativo editado espec\u00edficamente para esta feria. Este folleto<\/p>\n<div class=\"padding-top text-center\"><a href=\"https:\/\/www.turismoaguarda.es\/gl\/el-ayuntamiento-de-a-guarda-participara-en-la-feria-internacional-de-turismo-de-madrid-fitur-2024\/\" class=\"atbtn atbtn--medium atbtn--rounded atbtn--transparent\">Leer m\u00e1is<i class=\"atbtn__icon atbtn__icon--right fa fa-long-arrow-right\"><\/i><\/a><\/div>\n","protected":false},"author":7,"featured_media":17244,"comment_status":"open","ping_status":"open","sticky":false,"template":"","format":"standard","meta":{"footnotes":""},"categories":[94],"tags":[],"class_list":["post-17252","post","type-post","status-publish","format-standard","has-post-thumbnail","hentry","category-novas-turismo"],"yoast_head":"<!-- This site is optimized with the Yoast SEO plugin v27.5 - https:\/\/yoast.com\/product\/yoast-seo-wordpress\/ -->\n<title>El Ayuntamiento de A Guarda participar\u00e1 en la Feria Internacional de Turismo de Madrid, FITUR 2024 | Turismo A Guarda<\/title>\n<meta name=\"robots\" content=\"index, follow, max-snippet:-1, max-image-preview:large, max-video-preview:-1\" \/>\n<link rel=\"canonical\" href=\"https:\/\/www.turismoaguarda.es\/gl\/el-ayuntamiento-de-a-guarda-participara-en-la-feria-internacional-de-turismo-de-madrid-fitur-2024\/\" \/>\n<meta property=\"og:locale\" content=\"en_US\" \/>\n<meta property=\"og:type\" content=\"article\" \/>\n<meta property=\"og:title\" content=\"El Ayuntamiento de A Guarda participar\u00e1 en la Feria Internacional de Turismo de Madrid, FITUR 2024 | Turismo A Guarda\" \/>\n<meta property=\"og:description\" content=\"A Guarda, como municipio tur\u00edstico de referencia en el Baixo Mi\u00f1o, se promocionar\u00e1 stand de Turismo de Galicia de la Fera Internacional de Turismo de Madrid (FITUR) que este a\u00f1o se celebra del 24 al 28 de enero. En esta ocasi\u00f3n el Ayuntamiento elabor\u00f3 un folleto tur\u00edstico informativo editado espec\u00edficamente para esta feria. Este folletoLeer m\u00e1is\" \/>\n<meta property=\"og:url\" content=\"https:\/\/www.turismoaguarda.es\/gl\/el-ayuntamiento-de-a-guarda-participara-en-la-feria-internacional-de-turismo-de-madrid-fitur-2024\/\" \/>\n<meta property=\"og:site_name\" content=\"Turismo A Guarda\" \/>\n<meta property=\"article:publisher\" content=\"https:\/\/es-es.facebook.com\/Turismo-A-Guarda-126223240790625\/\" \/>\n<meta property=\"article:published_time\" content=\"2024-01-19T17:12:10+00:00\" \/>\n<meta property=\"article:modified_time\" content=\"2024-01-19T17:16:45+00:00\" \/>\n<meta property=\"og:image\" content=\"https:\/\/www.turismoaguarda.es\/wp-content\/uploads\/2024\/01\/portada-folleto.jpg\" \/>\n\t<meta property=\"og:image:width\" content=\"914\" \/>\n\t<meta property=\"og:image:height\" content=\"580\" \/>\n\t<meta property=\"og:image:type\" content=\"image\/jpeg\" \/>\n<meta name=\"author\" content=\"Rosalia Verde\" \/>\n<meta name=\"twitter:card\" content=\"summary_large_image\" \/>\n<meta name=\"twitter:creator\" content=\"@TurismoAGuarda\" \/>\n<meta name=\"twitter:site\" content=\"@TurismoAGuarda\" \/>\n<meta name=\"twitter:label1\" content=\"Written by\" \/>\n\t<meta name=\"twitter:data1\" content=\"Rosalia Verde\" \/>\n\t<meta name=\"twitter:label2\" content=\"Est. reading time\" \/>\n\t<meta name=\"twitter:data2\" content=\"3 minutes\" \/>\n<script type=\"application\/ld+json\" class=\"yoast-schema-graph\">{\"@context\":\"https:\\\/\\\/schema.org\",\"@graph\":[{\"@type\":\"Article\",\"@id\":\"https:\\\/\\\/www.turismoaguarda.es\\\/gl\\\/el-ayuntamiento-de-a-guarda-participara-en-la-feria-internacional-de-turismo-de-madrid-fitur-2024\\\/#article\",\"isPartOf\":{\"@id\":\"https:\\\/\\\/www.turismoaguarda.es\\\/gl\\\/el-ayuntamiento-de-a-guarda-participara-en-la-feria-internacional-de-turismo-de-madrid-fitur-2024\\\/\"},\"author\":{\"name\":\"Rosalia Verde\",\"@id\":\"https:\\\/\\\/www.turismoaguarda.es\\\/#\\\/schema\\\/person\\\/9282bb1649316a88a88b0eca34bd959b\"},\"headline\":\"El Ayuntamiento de A Guarda participar\u00e1 en la Feria Internacional de Turismo de Madrid, FITUR 2024\",\"datePublished\":\"2024-01-19T17:12:10+00:00\",\"dateModified\":\"2024-01-19T17:16:45+00:00\",\"mainEntityOfPage\":{\"@id\":\"https:\\\/\\\/www.turismoaguarda.es\\\/gl\\\/el-ayuntamiento-de-a-guarda-participara-en-la-feria-internacional-de-turismo-de-madrid-fitur-2024\\\/\"},\"wordCount\":474,\"commentCount\":0,\"image\":{\"@id\":\"https:\\\/\\\/www.turismoaguarda.es\\\/gl\\\/el-ayuntamiento-de-a-guarda-participara-en-la-feria-internacional-de-turismo-de-madrid-fitur-2024\\\/#primaryimage\"},\"thumbnailUrl\":\"https:\\\/\\\/www.turismoaguarda.es\\\/wp-content\\\/uploads\\\/2024\\\/01\\\/portada-folleto.jpg\",\"articleSection\":[\"Novas Turismo\"],\"inLanguage\":\"gl\",\"potentialAction\":[{\"@type\":\"CommentAction\",\"name\":\"Comment\",\"target\":[\"https:\\\/\\\/www.turismoaguarda.es\\\/gl\\\/el-ayuntamiento-de-a-guarda-participara-en-la-feria-internacional-de-turismo-de-madrid-fitur-2024\\\/#respond\"]}]},{\"@type\":\"WebPage\",\"@id\":\"https:\\\/\\\/www.turismoaguarda.es\\\/gl\\\/el-ayuntamiento-de-a-guarda-participara-en-la-feria-internacional-de-turismo-de-madrid-fitur-2024\\\/\",\"url\":\"https:\\\/\\\/www.turismoaguarda.es\\\/gl\\\/el-ayuntamiento-de-a-guarda-participara-en-la-feria-internacional-de-turismo-de-madrid-fitur-2024\\\/\",\"name\":\"El Ayuntamiento de A Guarda participar\u00e1 en la Feria Internacional de Turismo de Madrid, FITUR 2024 | Turismo A Guarda\",\"isPartOf\":{\"@id\":\"https:\\\/\\\/www.turismoaguarda.es\\\/#website\"},\"primaryImageOfPage\":{\"@id\":\"https:\\\/\\\/www.turismoaguarda.es\\\/gl\\\/el-ayuntamiento-de-a-guarda-participara-en-la-feria-internacional-de-turismo-de-madrid-fitur-2024\\\/#primaryimage\"},\"image\":{\"@id\":\"https:\\\/\\\/www.turismoaguarda.es\\\/gl\\\/el-ayuntamiento-de-a-guarda-participara-en-la-feria-internacional-de-turismo-de-madrid-fitur-2024\\\/#primaryimage\"},\"thumbnailUrl\":\"https:\\\/\\\/www.turismoaguarda.es\\\/wp-content\\\/uploads\\\/2024\\\/01\\\/portada-folleto.jpg\",\"datePublished\":\"2024-01-19T17:12:10+00:00\",\"dateModified\":\"2024-01-19T17:16:45+00:00\",\"author\":{\"@id\":\"https:\\\/\\\/www.turismoaguarda.es\\\/#\\\/schema\\\/person\\\/9282bb1649316a88a88b0eca34bd959b\"},\"breadcrumb\":{\"@id\":\"https:\\\/\\\/www.turismoaguarda.es\\\/gl\\\/el-ayuntamiento-de-a-guarda-participara-en-la-feria-internacional-de-turismo-de-madrid-fitur-2024\\\/#breadcrumb\"},\"inLanguage\":\"gl\",\"potentialAction\":[{\"@type\":\"ReadAction\",\"target\":[\"https:\\\/\\\/www.turismoaguarda.es\\\/gl\\\/el-ayuntamiento-de-a-guarda-participara-en-la-feria-internacional-de-turismo-de-madrid-fitur-2024\\\/\"]}]},{\"@type\":\"ImageObject\",\"inLanguage\":\"gl\",\"@id\":\"https:\\\/\\\/www.turismoaguarda.es\\\/gl\\\/el-ayuntamiento-de-a-guarda-participara-en-la-feria-internacional-de-turismo-de-madrid-fitur-2024\\\/#primaryimage\",\"url\":\"https:\\\/\\\/www.turismoaguarda.es\\\/wp-content\\\/uploads\\\/2024\\\/01\\\/portada-folleto.jpg\",\"contentUrl\":\"https:\\\/\\\/www.turismoaguarda.es\\\/wp-content\\\/uploads\\\/2024\\\/01\\\/portada-folleto.jpg\",\"width\":914,\"height\":580},{\"@type\":\"BreadcrumbList\",\"@id\":\"https:\\\/\\\/www.turismoaguarda.es\\\/gl\\\/el-ayuntamiento-de-a-guarda-participara-en-la-feria-internacional-de-turismo-de-madrid-fitur-2024\\\/#breadcrumb\",\"itemListElement\":[{\"@type\":\"ListItem\",\"position\":1,\"name\":\"Portada\",\"item\":\"https:\\\/\\\/www.turismoaguarda.es\\\/gl\\\/\"},{\"@type\":\"ListItem\",\"position\":2,\"name\":\"El Ayuntamiento de A Guarda participar\u00e1 en la Feria Internacional de Turismo de Madrid, FITUR 2024\"}]},{\"@type\":\"WebSite\",\"@id\":\"https:\\\/\\\/www.turismoaguarda.es\\\/#website\",\"url\":\"https:\\\/\\\/www.turismoaguarda.es\\\/\",\"name\":\"Turismo A Guarda\",\"description\":\"Informaci\u00f3n tur\u00edstica de A Guarda y alrededores.\",\"potentialAction\":[{\"@type\":\"SearchAction\",\"target\":{\"@type\":\"EntryPoint\",\"urlTemplate\":\"https:\\\/\\\/www.turismoaguarda.es\\\/?s={search_term_string}\"},\"query-input\":{\"@type\":\"PropertyValueSpecification\",\"valueRequired\":true,\"valueName\":\"search_term_string\"}}],\"inLanguage\":\"gl\"},{\"@type\":\"Person\",\"@id\":\"https:\\\/\\\/www.turismoaguarda.es\\\/#\\\/schema\\\/person\\\/9282bb1649316a88a88b0eca34bd959b\",\"name\":\"Rosalia Verde\",\"image\":{\"@type\":\"ImageObject\",\"inLanguage\":\"gl\",\"@id\":\"https:\\\/\\\/secure.gravatar.com\\\/avatar\\\/40761cb45c6464d3a83ebde1e1f3fa222726fcacc4d5b5048a7920608c99e0e5?s=96&d=mm&r=g\",\"url\":\"https:\\\/\\\/secure.gravatar.com\\\/avatar\\\/40761cb45c6464d3a83ebde1e1f3fa222726fcacc4d5b5048a7920608c99e0e5?s=96&d=mm&r=g\",\"contentUrl\":\"https:\\\/\\\/secure.gravatar.com\\\/avatar\\\/40761cb45c6464d3a83ebde1e1f3fa222726fcacc4d5b5048a7920608c99e0e5?s=96&d=mm&r=g\",\"caption\":\"Rosalia Verde\"},\"url\":\"https:\\\/\\\/www.turismoaguarda.es\\\/gl\\\/author\\\/rosalia\\\/\"}]}<\/script>\n<!-- \/ Yoast SEO plugin. -->","yoast_head_json":{"title":"El Ayuntamiento de A Guarda participar\u00e1 en la Feria Internacional de Turismo de Madrid, FITUR 2024 | Turismo A Guarda","robots":{"index":"index","follow":"follow","max-snippet":"max-snippet:-1","max-image-preview":"max-image-preview:large","max-video-preview":"max-video-preview:-1"},"canonical":"https:\/\/www.turismoaguarda.es\/gl\/el-ayuntamiento-de-a-guarda-participara-en-la-feria-internacional-de-turismo-de-madrid-fitur-2024\/","og_locale":"en_US","og_type":"article","og_title":"El Ayuntamiento de A Guarda participar\u00e1 en la Feria Internacional de Turismo de Madrid, FITUR 2024 | Turismo A Guarda","og_description":"A Guarda, como municipio tur\u00edstico de referencia en el Baixo Mi\u00f1o, se promocionar\u00e1 stand de Turismo de Galicia de la Fera Internacional de Turismo de Madrid (FITUR) que este a\u00f1o se celebra del 24 al 28 de enero. En esta ocasi\u00f3n el Ayuntamiento elabor\u00f3 un folleto tur\u00edstico informativo editado espec\u00edficamente para esta feria. Este folletoLeer m\u00e1is","og_url":"https:\/\/www.turismoaguarda.es\/gl\/el-ayuntamiento-de-a-guarda-participara-en-la-feria-internacional-de-turismo-de-madrid-fitur-2024\/","og_site_name":"Turismo A Guarda","article_publisher":"https:\/\/es-es.facebook.com\/Turismo-A-Guarda-126223240790625\/","article_published_time":"2024-01-19T17:12:10+00:00","article_modified_time":"2024-01-19T17:16:45+00:00","og_image":[{"width":914,"height":580,"url":"https:\/\/www.turismoaguarda.es\/wp-content\/uploads\/2024\/01\/portada-folleto.jpg","type":"image\/jpeg"}],"author":"Rosalia Verde","twitter_card":"summary_large_image","twitter_creator":"@TurismoAGuarda","twitter_site":"@TurismoAGuarda","twitter_misc":{"Written by":"Rosalia Verde","Est. reading time":"3 minutes"},"schema":{"@context":"https:\/\/schema.org","@graph":[{"@type":"Article","@id":"https:\/\/www.turismoaguarda.es\/gl\/el-ayuntamiento-de-a-guarda-participara-en-la-feria-internacional-de-turismo-de-madrid-fitur-2024\/#article","isPartOf":{"@id":"https:\/\/www.turismoaguarda.es\/gl\/el-ayuntamiento-de-a-guarda-participara-en-la-feria-internacional-de-turismo-de-madrid-fitur-2024\/"},"author":{"name":"Rosalia Verde","@id":"https:\/\/www.turismoaguarda.es\/#\/schema\/person\/9282bb1649316a88a88b0eca34bd959b"},"headline":"El Ayuntamiento de A Guarda participar\u00e1 en la Feria Internacional de Turismo de Madrid, FITUR 2024","datePublished":"2024-01-19T17:12:10+00:00","dateModified":"2024-01-19T17:16:45+00:00","mainEntityOfPage":{"@id":"https:\/\/www.turismoaguarda.es\/gl\/el-ayuntamiento-de-a-guarda-participara-en-la-feria-internacional-de-turismo-de-madrid-fitur-2024\/"},"wordCount":474,"commentCount":0,"image":{"@id":"https:\/\/www.turismoaguarda.es\/gl\/el-ayuntamiento-de-a-guarda-participara-en-la-feria-internacional-de-turismo-de-madrid-fitur-2024\/#primaryimage"},"thumbnailUrl":"https:\/\/www.turismoaguarda.es\/wp-content\/uploads\/2024\/01\/portada-folleto.jpg","articleSection":["Novas Turismo"],"inLanguage":"gl","potentialAction":[{"@type":"CommentAction","name":"Comment","target":["https:\/\/www.turismoaguarda.es\/gl\/el-ayuntamiento-de-a-guarda-participara-en-la-feria-internacional-de-turismo-de-madrid-fitur-2024\/#respond"]}]},{"@type":"WebPage","@id":"https:\/\/www.turismoaguarda.es\/gl\/el-ayuntamiento-de-a-guarda-participara-en-la-feria-internacional-de-turismo-de-madrid-fitur-2024\/","url":"https:\/\/www.turismoaguarda.es\/gl\/el-ayuntamiento-de-a-guarda-participara-en-la-feria-internacional-de-turismo-de-madrid-fitur-2024\/","name":"El Ayuntamiento de A Guarda participar\u00e1 en la Feria Internacional de Turismo de Madrid, FITUR 2024 | Turismo A Guarda","isPartOf":{"@id":"https:\/\/www.turismoaguarda.es\/#website"},"primaryImageOfPage":{"@id":"https:\/\/www.turismoaguarda.es\/gl\/el-ayuntamiento-de-a-guarda-participara-en-la-feria-internacional-de-turismo-de-madrid-fitur-2024\/#primaryimage"},"image":{"@id":"https:\/\/www.turismoaguarda.es\/gl\/el-ayuntamiento-de-a-guarda-participara-en-la-feria-internacional-de-turismo-de-madrid-fitur-2024\/#primaryimage"},"thumbnailUrl":"https:\/\/www.turismoaguarda.es\/wp-content\/uploads\/2024\/01\/portada-folleto.jpg","datePublished":"2024-01-19T17:12:10+00:00","dateModified":"2024-01-19T17:16:45+00:00","author":{"@id":"https:\/\/www.turismoaguarda.es\/#\/schema\/person\/9282bb1649316a88a88b0eca34bd959b"},"breadcrumb":{"@id":"https:\/\/www.turismoaguarda.es\/gl\/el-ayuntamiento-de-a-guarda-participara-en-la-feria-internacional-de-turismo-de-madrid-fitur-2024\/#breadcrumb"},"inLanguage":"gl","potentialAction":[{"@type":"ReadAction","target":["https:\/\/www.turismoaguarda.es\/gl\/el-ayuntamiento-de-a-guarda-participara-en-la-feria-internacional-de-turismo-de-madrid-fitur-2024\/"]}]},{"@type":"ImageObject","inLanguage":"gl","@id":"https:\/\/www.turismoaguarda.es\/gl\/el-ayuntamiento-de-a-guarda-participara-en-la-feria-internacional-de-turismo-de-madrid-fitur-2024\/#primaryimage","url":"https:\/\/www.turismoaguarda.es\/wp-content\/uploads\/2024\/01\/portada-folleto.jpg","contentUrl":"https:\/\/www.turismoaguarda.es\/wp-content\/uploads\/2024\/01\/portada-folleto.jpg","width":914,"height":580},{"@type":"BreadcrumbList","@id":"https:\/\/www.turismoaguarda.es\/gl\/el-ayuntamiento-de-a-guarda-participara-en-la-feria-internacional-de-turismo-de-madrid-fitur-2024\/#breadcrumb","itemListElement":[{"@type":"ListItem","position":1,"name":"Portada","item":"https:\/\/www.turismoaguarda.es\/gl\/"},{"@type":"ListItem","position":2,"name":"El Ayuntamiento de A Guarda participar\u00e1 en la Feria Internacional de Turismo de Madrid, FITUR 2024"}]},{"@type":"WebSite","@id":"https:\/\/www.turismoaguarda.es\/#website","url":"https:\/\/www.turismoaguarda.es\/","name":"Turismo A Guarda","description":"Informaci\u00f3n tur\u00edstica de A Guarda y alrededores.","potentialAction":[{"@type":"SearchAction","target":{"@type":"EntryPoint","urlTemplate":"https:\/\/www.turismoaguarda.es\/?s={search_term_string}"},"query-input":{"@type":"PropertyValueSpecification","valueRequired":true,"valueName":"search_term_string"}}],"inLanguage":"gl"},{"@type":"Person","@id":"https:\/\/www.turismoaguarda.es\/#\/schema\/person\/9282bb1649316a88a88b0eca34bd959b","name":"Rosalia Verde","image":{"@type":"ImageObject","inLanguage":"gl","@id":"https:\/\/secure.gravatar.com\/avatar\/40761cb45c6464d3a83ebde1e1f3fa222726fcacc4d5b5048a7920608c99e0e5?s=96&d=mm&r=g","url":"https:\/\/secure.gravatar.com\/avatar\/40761cb45c6464d3a83ebde1e1f3fa222726fcacc4d5b5048a7920608c99e0e5?s=96&d=mm&r=g","contentUrl":"https:\/\/secure.gravatar.com\/avatar\/40761cb45c6464d3a83ebde1e1f3fa222726fcacc4d5b5048a7920608c99e0e5?s=96&d=mm&r=g","caption":"Rosalia Verde"},"url":"https:\/\/www.turismoaguarda.es\/gl\/author\/rosalia\/"}]}},"_links":{"self":[{"href":"https:\/\/www.turismoaguarda.es\/gl\/wp-json\/wp\/v2\/posts\/17252","targetHints":{"allow":["GET"]}}],"collection":[{"href":"https:\/\/www.turismoaguarda.es\/gl\/wp-json\/wp\/v2\/posts"}],"about":[{"href":"https:\/\/www.turismoaguarda.es\/gl\/wp-json\/wp\/v2\/types\/post"}],"author":[{"embeddable":true,"href":"https:\/\/www.turismoaguarda.es\/gl\/wp-json\/wp\/v2\/users\/7"}],"replies":[{"embeddable":true,"href":"https:\/\/www.turismoaguarda.es\/gl\/wp-json\/wp\/v2\/comments?post=17252"}],"version-history":[{"count":1,"href":"https:\/\/www.turismoaguarda.es\/gl\/wp-json\/wp\/v2\/posts\/17252\/revisions"}],"predecessor-version":[{"id":17254,"href":"https:\/\/www.turismoaguarda.es\/gl\/wp-json\/wp\/v2\/posts\/17252\/revisions\/17254"}],"wp:featuredmedia":[{"embeddable":true,"href":"https:\/\/www.turismoaguarda.es\/gl\/wp-json\/wp\/v2\/media\/17244"}],"wp:attachment":[{"href":"https:\/\/www.turismoaguarda.es\/gl\/wp-json\/wp\/v2\/media?parent=17252"}],"wp:term":[{"taxonomy":"category","embeddable":true,"href":"https:\/\/www.turismoaguarda.es\/gl\/wp-json\/wp\/v2\/categories?post=17252"},{"taxonomy":"post_tag","embeddable":true,"href":"https:\/\/www.turismoaguarda.es\/gl\/wp-json\/wp\/v2\/tags?post=17252"}],"curies":[{"name":"wp","href":"https:\/\/api.w.org\/{rel}","templated":true}]}}