{"id":16584,"date":"2023-04-27T15:04:47","date_gmt":"2023-04-27T13:04:47","guid":{"rendered":"https:\/\/www.turismoaguarda.es\/?p=16584"},"modified":"2023-04-27T15:10:05","modified_gmt":"2023-04-27T13:10:05","slug":"27-04-2023-ampliacion-do-prazo-da-subvencion-para-actuacions-de-eficiencia-enerxetica-en-empresas-turisticas","status":"publish","type":"post","link":"https:\/\/www.turismoaguarda.es\/gl\/27-04-2023-ampliacion-do-prazo-da-subvencion-para-actuacions-de-eficiencia-enerxetica-en-empresas-turisticas\/","title":{"rendered":"27\/04\/2023 Ampliaci\u00f3n do prazo da subvenci\u00f3n para actuaci\u00f3ns de eficiencia enerx\u00e9tica en empresas tur\u00edsticas de aloxamento"},"content":{"rendered":"<p><strong>No d\u00eda de hoxe o DOG publica a resoluci\u00f3n pola que publica un novo prazo de presentaci\u00f3n das solicitudes desta subvenci\u00f3n.\u00a0<\/strong>Tendo en conta a dificultade t\u00e9cnica da presentaci\u00f3n dos proxectos subvencionables, ampliouse o prazo de presentaci\u00f3n de solicitudes establecido na convocatoria ata o 2 de maio de 2023. Concorren motivos que aconsellan unha nova ampliaci\u00f3n do prazo inicialmente establecido para a presentaci\u00f3n das solicitudes correspondentes \u00e1s subvenci\u00f3ns reguladas mediante a Resoluci\u00f3n do 25 de novembro de 2022, como consecuencia das dificultades experimentadas polas potenciais persoas beneficiarias interesadas para presentaren a documentaci\u00f3n exixida no artigo 8 das bases reguladoras.<\/p>\n<p>A Axencia de Turismo de Galicia publicou no DOG do 2\/12\/2022 a resoluci\u00f3n das bases reguladoras da Subvenci\u00f3n para actuaci\u00f3ns de eficiencia enerx\u00e9tica, en r\u00e9xime de concorrencia non competitiva, \u00e1s empresas tur\u00edsticas no marco do Plan de modernizaci\u00f3n e competitividade do sector tur\u00edstico do Plan de recuperaci\u00f3n, transformaci\u00f3n e resiliencia financiado pola Uni\u00f3n Europea-NextGenerationEU.<\/p>\n<p>A finalidade \u00e9 apoiar as actuaci\u00f3ns de eficiencia enex\u00e9tica que impulsen a econom\u00eda circular en edificios completos cuxo uso sexa o aloxamento tur\u00edstico.<\/p>\n<p><u>Dirixida as seguintes tipolox\u00edas de empresas tur\u00edsticas de aloxamentos<\/u>:<br \/>\n\u2022 Hoteis<br \/>\n\u2022 Pensi\u00f3ns<br \/>\n\u2022 Establecementos de turismo rural<br \/>\n\u2022 Albergues tur\u00edsticos<br \/>\n\u2022 Apartamentos tur\u00edsticos.<\/p>\n<p>Quedar\u00e1n exclu\u00eddos:<br \/>\n\u2022 Os establecementos de aloxamento tur\u00edstico que ocupen parcialmente un edificio e aqueles constru\u00eddos e con uso tur\u00edstico posterior ao ano 2007.<\/p>\n<p>A cont\u00eda das axudas para cada unha das tipolox\u00edas de actuaci\u00f3ns subvencionables est\u00e1 establecida no <strong>anexos II (Cont\u00eda das axudas \u00e1s persoas beneficiarias) e III (Actuaci\u00f3ns subvencionables e custos elixibles<\/strong>) desta resoluci\u00f3n, cun l\u00edmite de 150.000,00 euros (IVE exclu\u00eddo) por proxecto subvencionable.<\/p>\n<p>En todo caso, a persoa beneficiaria deber\u00e1 realizar un gasto efectivo, que deber\u00e1 xustificar, de polo menos 5.000,00 euros (IVE exclu\u00eddo) no proxecto subvencionable.<\/p>\n<p><u>Tramitaci\u00f3n<\/u>:<br \/>\n\u2022 Sede electr\u00f3nica da Xunta (<a href=\"https:\/\/sede.xunta.gal\/detalle-procedemento?codtram=TU986B&amp;ano=2022&amp;numpub=1&amp;lang=gl\" target=\"_blank\" rel=\"noopener\">c\u00f3digo de procedemento TU986B<\/a>)<br \/>\n\u2022 Informaci\u00f3n: Axencia de Turismo (Fomento)\u00a0no tel\u00e9fono: 981.546.360 \/ 986.547.404 ou v\u00eda mail: fomento.turismo@xunta.gal<br \/>\n\u2022 Sistema de concorrencia non competitiva ata esgotar o cr\u00e9dito dispo\u00f1ible.<br \/>\n<strong>\u2022 Prazo de solicitudes ampliado ao: remata o 29 de maio de 2023.<\/strong><\/p>\n<p><u>ACTUACI\u00d3NS SUBVENCIONABLES (ANEXO III)<\/u><\/p>\n<p>1. Deben cumprir cos requisitos espec\u00edficos que se establecen no anexo III e encadrarse nunha ou varias das seguintes tipolox\u00edas:<br \/>\na) Mellora da eficiencia enerx\u00e9tica da envolvente t\u00e9rmica (tipolox\u00eda 1).<br \/>\nb) Mellora da eficiencia enerx\u00e9tica e uso de enerx\u00edas renovables nas instalaci\u00f3ns t\u00e9rmicas de calefacci\u00f3n, climatizaci\u00f3n, refrixeraci\u00f3n, ventilaci\u00f3n e auga quente sanitaria; inclu\u00edda a instalaci\u00f3n de redes de calor e fr\u00edo alimentadas por fontes de enerx\u00eda renovable e\/ou calor residual para complexos tur\u00edsticos de varios edificios (tipolox\u00eda 2).<br \/>\nc) Mellora da eficiencia enerx\u00e9tica das instalaci\u00f3ns de iluminaci\u00f3n (tipolox\u00eda 3).<\/p>\n<p>2. As actuaci\u00f3ns subvencionables deber\u00e1n realizarse en edificaci\u00f3ns existentes e constru\u00eddas con anterioridade ao 1 de xaneiro de 2007, sempre que sexan edificios completos cuxo uso sexa o aloxamento tur\u00edstico: hoteis e pensi\u00f3ns, previstos no Decreto 57\/2016, do 12 de maio, polo que se establece a ordenaci\u00f3n dos establecementos hoteleiros, establecementos de turismo rural, previstos no Decreto 191\/2004, do 29 de xu\u00f1o, de establecementos de turismo rural, albergues tur\u00edsticos, previstos no Decreto 48\/2006, do 21 de abril, polo que se establece a ordenaci\u00f3n dos albergues tur\u00edsticos, e apartamentos tur\u00edsticos, previstos no Decreto 12\/2017, do 26 de xaneiro, polo que se establece a ordenaci\u00f3n dos apartamentos tur\u00edsticos, vivendas tur\u00edsticas e vivendas de uso tur\u00edstico na Comunidade Aut\u00f3noma de Galicia.<\/p>\n<p>3. Estas actuaci\u00f3ns deber\u00e1n alcanzar as d\u00faas condici\u00f3ns seguintes:<br \/>\n\u2013 Unha reduci\u00f3n do consumo de enerx\u00eda primaria non renovable do 30\u00a0% respecto \u00e1 situaci\u00f3n de partida.<br \/>\n\u2013 A mellora da cualificaci\u00f3n enerx\u00e9tica total do edificio en, polo menos, unha letra medida na escala de emisi\u00f3ns de di\u00f3xido de carbono (kg CO2\/m2 ano). Este \u00faltimo criterio non ser\u00e1 de aplicaci\u00f3n cando o edificio acredite ter unha cualificaci\u00f3n enerx\u00e9tica A.<br \/>\nPara a obtenci\u00f3n das condici\u00f3ns anteriores poderanse combinar as actuaci\u00f3ns que se vaian realizar, e non \u00e9 necesario o seu cumprimento por cada actuaci\u00f3n individualmente.<\/p>\n<p>4. As actuaci\u00f3ns obxecto da axuda deber\u00e1n cumprir coa normativa vixente que lles sexa de aplicaci\u00f3n, as\u00ed como contar coas preceptivas licenzas e autorizaci\u00f3ns administrativas, no caso de que as ditas actuaci\u00f3ns as requiran.<\/p>\n<p>5. Adicionalmente, deber\u00e1n cumprirse outros requisitos.<\/p>\n<p>6. O prazo m\u00e1ximo para a conclusi\u00f3n das actuaci\u00f3ns obxecto da axuda ser\u00e1 o que se fixe na resoluci\u00f3n de concesi\u00f3n, sen que poida superar os 12 meses contados desde a data da notificaci\u00f3n da resoluci\u00f3n de concesi\u00f3n da axuda.<\/p>\n<p><a href=\"https:\/\/www.xunta.gal\/dog\/Publicados\/2022\/20221202\/AnuncioG0256-251122-0002_gl.html\" target=\"_blank\" rel=\"noopener\">DOG N\u00ba 230 do 02\/12\/2022: Resoluci\u00f3n do 25\/11\/222 polo que se establecen as bases reguladoras para a concesi\u00f3n, en r\u00e9xime de concorrencia non competitiva, de subvenci\u00f3ns para actuaci\u00f3ns de eficiencia enerx\u00e9tica en empresas tur\u00edsticas<\/a>.<\/p>\n<p><a href=\"https:\/\/www.xunta.gal\/dog\/Publicados\/2022\/20221202\/AnuncioG0256-251122-0003_gl.html\" target=\"_blank\" rel=\"noopener\">DOG 02\/12\/2022 Extracto da subvenci\u00f3n<\/a>.<\/p>\n<p><a href=\"https:\/\/www.xunta.gal\/dog\/Publicados\/2023\/20230427\/AnuncioG0256-190423-0003_gl.html\" target=\"_blank\" rel=\"noopener\">DOG N\u00ba 81 do 27\/04\/2023: Resoluci\u00f3n do 18\/04\/2023 pola que se acorda unha nova ampliaci\u00f3n do prazo para a presentaci\u00f3n de solicitudes.<\/a><\/p>\n","protected":false},"excerpt":{"rendered":"<p>No d\u00eda de hoxe o DOG publica a resoluci\u00f3n pola que publica un novo prazo de presentaci\u00f3n das solicitudes desta subvenci\u00f3n.\u00a0Tendo en conta a dificultade t\u00e9cnica da presentaci\u00f3n dos proxectos subvencionables, ampliouse o prazo de presentaci\u00f3n de solicitudes establecido na convocatoria ata o 2 de maio de 2023. Concorren motivos que aconsellan unha nova ampliaci\u00f3n<\/p>\n<div class=\"padding-top text-center\"><a href=\"https:\/\/www.turismoaguarda.es\/gl\/27-04-2023-ampliacion-do-prazo-da-subvencion-para-actuacions-de-eficiencia-enerxetica-en-empresas-turisticas\/\" class=\"atbtn atbtn--medium atbtn--rounded atbtn--transparent\">Leer m\u00e1is<i class=\"atbtn__icon atbtn__icon--right fa fa-long-arrow-right\"><\/i><\/a><\/div>\n","protected":false},"author":7,"featured_media":0,"comment_status":"open","ping_status":"open","sticky":false,"template":"","format":"standard","meta":{"footnotes":""},"categories":[1812],"tags":[],"class_list":["post-16584","post","type-post","status-publish","format-standard","hentry","category-novas-hostalaria"],"yoast_head":"<!-- This site is optimized with the Yoast SEO plugin v27.5 - https:\/\/yoast.com\/product\/yoast-seo-wordpress\/ -->\n<title>27\/04\/2023 Ampliaci\u00f3n do prazo da subvenci\u00f3n para actuaci\u00f3ns de eficiencia enerx\u00e9tica en empresas tur\u00edsticas de aloxamento | Turismo A Guarda<\/title>\n<meta name=\"robots\" content=\"index, follow, max-snippet:-1, max-image-preview:large, max-video-preview:-1\" \/>\n<link rel=\"canonical\" href=\"https:\/\/www.turismoaguarda.es\/gl\/27-04-2023-ampliacion-do-prazo-da-subvencion-para-actuacions-de-eficiencia-enerxetica-en-empresas-turisticas\/\" \/>\n<meta property=\"og:locale\" content=\"en_US\" \/>\n<meta property=\"og:type\" content=\"article\" \/>\n<meta property=\"og:title\" content=\"27\/04\/2023 Ampliaci\u00f3n do prazo da subvenci\u00f3n para actuaci\u00f3ns de eficiencia enerx\u00e9tica en empresas tur\u00edsticas de aloxamento | Turismo A Guarda\" \/>\n<meta property=\"og:description\" content=\"No d\u00eda de hoxe o DOG publica a resoluci\u00f3n pola que publica un novo prazo de presentaci\u00f3n das solicitudes desta subvenci\u00f3n.\u00a0Tendo en conta a dificultade t\u00e9cnica da presentaci\u00f3n dos proxectos subvencionables, ampliouse o prazo de presentaci\u00f3n de solicitudes establecido na convocatoria ata o 2 de maio de 2023. Concorren motivos que aconsellan unha nova ampliaci\u00f3nLeer m\u00e1is\" \/>\n<meta property=\"og:url\" content=\"https:\/\/www.turismoaguarda.es\/gl\/27-04-2023-ampliacion-do-prazo-da-subvencion-para-actuacions-de-eficiencia-enerxetica-en-empresas-turisticas\/\" \/>\n<meta property=\"og:site_name\" content=\"Turismo A Guarda\" \/>\n<meta property=\"article:publisher\" content=\"https:\/\/es-es.facebook.com\/Turismo-A-Guarda-126223240790625\/\" \/>\n<meta property=\"article:published_time\" content=\"2023-04-27T13:04:47+00:00\" \/>\n<meta property=\"article:modified_time\" content=\"2023-04-27T13:10:05+00:00\" \/>\n<meta name=\"author\" content=\"Rosalia Verde\" \/>\n<meta name=\"twitter:card\" content=\"summary_large_image\" \/>\n<meta name=\"twitter:creator\" content=\"@TurismoAGuarda\" \/>\n<meta name=\"twitter:site\" content=\"@TurismoAGuarda\" \/>\n<meta name=\"twitter:label1\" content=\"Written by\" \/>\n\t<meta name=\"twitter:data1\" content=\"Rosalia Verde\" \/>\n\t<meta name=\"twitter:label2\" content=\"Est. reading time\" \/>\n\t<meta name=\"twitter:data2\" content=\"4 minutes\" \/>\n<script type=\"application\/ld+json\" class=\"yoast-schema-graph\">{\"@context\":\"https:\\\/\\\/schema.org\",\"@graph\":[{\"@type\":\"Article\",\"@id\":\"https:\\\/\\\/www.turismoaguarda.es\\\/gl\\\/27-04-2023-ampliacion-do-prazo-da-subvencion-para-actuacions-de-eficiencia-enerxetica-en-empresas-turisticas\\\/#article\",\"isPartOf\":{\"@id\":\"https:\\\/\\\/www.turismoaguarda.es\\\/gl\\\/27-04-2023-ampliacion-do-prazo-da-subvencion-para-actuacions-de-eficiencia-enerxetica-en-empresas-turisticas\\\/\"},\"author\":{\"name\":\"Rosalia Verde\",\"@id\":\"https:\\\/\\\/www.turismoaguarda.es\\\/#\\\/schema\\\/person\\\/9282bb1649316a88a88b0eca34bd959b\"},\"headline\":\"27\\\/04\\\/2023 Ampliaci\u00f3n do prazo da subvenci\u00f3n para actuaci\u00f3ns de eficiencia enerx\u00e9tica en empresas tur\u00edsticas de aloxamento\",\"datePublished\":\"2023-04-27T13:04:47+00:00\",\"dateModified\":\"2023-04-27T13:10:05+00:00\",\"mainEntityOfPage\":{\"@id\":\"https:\\\/\\\/www.turismoaguarda.es\\\/gl\\\/27-04-2023-ampliacion-do-prazo-da-subvencion-para-actuacions-de-eficiencia-enerxetica-en-empresas-turisticas\\\/\"},\"wordCount\":891,\"commentCount\":0,\"articleSection\":[\"Novas Hostalar\u00eda\"],\"inLanguage\":\"gl\",\"potentialAction\":[{\"@type\":\"CommentAction\",\"name\":\"Comment\",\"target\":[\"https:\\\/\\\/www.turismoaguarda.es\\\/gl\\\/27-04-2023-ampliacion-do-prazo-da-subvencion-para-actuacions-de-eficiencia-enerxetica-en-empresas-turisticas\\\/#respond\"]}]},{\"@type\":\"WebPage\",\"@id\":\"https:\\\/\\\/www.turismoaguarda.es\\\/gl\\\/27-04-2023-ampliacion-do-prazo-da-subvencion-para-actuacions-de-eficiencia-enerxetica-en-empresas-turisticas\\\/\",\"url\":\"https:\\\/\\\/www.turismoaguarda.es\\\/gl\\\/27-04-2023-ampliacion-do-prazo-da-subvencion-para-actuacions-de-eficiencia-enerxetica-en-empresas-turisticas\\\/\",\"name\":\"27\\\/04\\\/2023 Ampliaci\u00f3n do prazo da subvenci\u00f3n para actuaci\u00f3ns de eficiencia enerx\u00e9tica en empresas tur\u00edsticas de aloxamento | Turismo A Guarda\",\"isPartOf\":{\"@id\":\"https:\\\/\\\/www.turismoaguarda.es\\\/#website\"},\"datePublished\":\"2023-04-27T13:04:47+00:00\",\"dateModified\":\"2023-04-27T13:10:05+00:00\",\"author\":{\"@id\":\"https:\\\/\\\/www.turismoaguarda.es\\\/#\\\/schema\\\/person\\\/9282bb1649316a88a88b0eca34bd959b\"},\"breadcrumb\":{\"@id\":\"https:\\\/\\\/www.turismoaguarda.es\\\/gl\\\/27-04-2023-ampliacion-do-prazo-da-subvencion-para-actuacions-de-eficiencia-enerxetica-en-empresas-turisticas\\\/#breadcrumb\"},\"inLanguage\":\"gl\",\"potentialAction\":[{\"@type\":\"ReadAction\",\"target\":[\"https:\\\/\\\/www.turismoaguarda.es\\\/gl\\\/27-04-2023-ampliacion-do-prazo-da-subvencion-para-actuacions-de-eficiencia-enerxetica-en-empresas-turisticas\\\/\"]}]},{\"@type\":\"BreadcrumbList\",\"@id\":\"https:\\\/\\\/www.turismoaguarda.es\\\/gl\\\/27-04-2023-ampliacion-do-prazo-da-subvencion-para-actuacions-de-eficiencia-enerxetica-en-empresas-turisticas\\\/#breadcrumb\",\"itemListElement\":[{\"@type\":\"ListItem\",\"position\":1,\"name\":\"Portada\",\"item\":\"https:\\\/\\\/www.turismoaguarda.es\\\/gl\\\/\"},{\"@type\":\"ListItem\",\"position\":2,\"name\":\"27\\\/04\\\/2023 Ampliaci\u00f3n do prazo da subvenci\u00f3n para actuaci\u00f3ns de eficiencia enerx\u00e9tica en empresas tur\u00edsticas de aloxamento\"}]},{\"@type\":\"WebSite\",\"@id\":\"https:\\\/\\\/www.turismoaguarda.es\\\/#website\",\"url\":\"https:\\\/\\\/www.turismoaguarda.es\\\/\",\"name\":\"Turismo A Guarda\",\"description\":\"Informaci\u00f3n tur\u00edstica de A Guarda y alrededores.\",\"potentialAction\":[{\"@type\":\"SearchAction\",\"target\":{\"@type\":\"EntryPoint\",\"urlTemplate\":\"https:\\\/\\\/www.turismoaguarda.es\\\/?s={search_term_string}\"},\"query-input\":{\"@type\":\"PropertyValueSpecification\",\"valueRequired\":true,\"valueName\":\"search_term_string\"}}],\"inLanguage\":\"gl\"},{\"@type\":\"Person\",\"@id\":\"https:\\\/\\\/www.turismoaguarda.es\\\/#\\\/schema\\\/person\\\/9282bb1649316a88a88b0eca34bd959b\",\"name\":\"Rosalia Verde\",\"image\":{\"@type\":\"ImageObject\",\"inLanguage\":\"gl\",\"@id\":\"https:\\\/\\\/secure.gravatar.com\\\/avatar\\\/40761cb45c6464d3a83ebde1e1f3fa222726fcacc4d5b5048a7920608c99e0e5?s=96&d=mm&r=g\",\"url\":\"https:\\\/\\\/secure.gravatar.com\\\/avatar\\\/40761cb45c6464d3a83ebde1e1f3fa222726fcacc4d5b5048a7920608c99e0e5?s=96&d=mm&r=g\",\"contentUrl\":\"https:\\\/\\\/secure.gravatar.com\\\/avatar\\\/40761cb45c6464d3a83ebde1e1f3fa222726fcacc4d5b5048a7920608c99e0e5?s=96&d=mm&r=g\",\"caption\":\"Rosalia Verde\"},\"url\":\"https:\\\/\\\/www.turismoaguarda.es\\\/gl\\\/author\\\/rosalia\\\/\"}]}<\/script>\n<!-- \/ Yoast SEO plugin. -->","yoast_head_json":{"title":"27\/04\/2023 Ampliaci\u00f3n do prazo da subvenci\u00f3n para actuaci\u00f3ns de eficiencia enerx\u00e9tica en empresas tur\u00edsticas de aloxamento | Turismo A Guarda","robots":{"index":"index","follow":"follow","max-snippet":"max-snippet:-1","max-image-preview":"max-image-preview:large","max-video-preview":"max-video-preview:-1"},"canonical":"https:\/\/www.turismoaguarda.es\/gl\/27-04-2023-ampliacion-do-prazo-da-subvencion-para-actuacions-de-eficiencia-enerxetica-en-empresas-turisticas\/","og_locale":"en_US","og_type":"article","og_title":"27\/04\/2023 Ampliaci\u00f3n do prazo da subvenci\u00f3n para actuaci\u00f3ns de eficiencia enerx\u00e9tica en empresas tur\u00edsticas de aloxamento | Turismo A Guarda","og_description":"No d\u00eda de hoxe o DOG publica a resoluci\u00f3n pola que publica un novo prazo de presentaci\u00f3n das solicitudes desta subvenci\u00f3n.\u00a0Tendo en conta a dificultade t\u00e9cnica da presentaci\u00f3n dos proxectos subvencionables, ampliouse o prazo de presentaci\u00f3n de solicitudes establecido na convocatoria ata o 2 de maio de 2023. Concorren motivos que aconsellan unha nova ampliaci\u00f3nLeer m\u00e1is","og_url":"https:\/\/www.turismoaguarda.es\/gl\/27-04-2023-ampliacion-do-prazo-da-subvencion-para-actuacions-de-eficiencia-enerxetica-en-empresas-turisticas\/","og_site_name":"Turismo A Guarda","article_publisher":"https:\/\/es-es.facebook.com\/Turismo-A-Guarda-126223240790625\/","article_published_time":"2023-04-27T13:04:47+00:00","article_modified_time":"2023-04-27T13:10:05+00:00","author":"Rosalia Verde","twitter_card":"summary_large_image","twitter_creator":"@TurismoAGuarda","twitter_site":"@TurismoAGuarda","twitter_misc":{"Written by":"Rosalia Verde","Est. reading time":"4 minutes"},"schema":{"@context":"https:\/\/schema.org","@graph":[{"@type":"Article","@id":"https:\/\/www.turismoaguarda.es\/gl\/27-04-2023-ampliacion-do-prazo-da-subvencion-para-actuacions-de-eficiencia-enerxetica-en-empresas-turisticas\/#article","isPartOf":{"@id":"https:\/\/www.turismoaguarda.es\/gl\/27-04-2023-ampliacion-do-prazo-da-subvencion-para-actuacions-de-eficiencia-enerxetica-en-empresas-turisticas\/"},"author":{"name":"Rosalia Verde","@id":"https:\/\/www.turismoaguarda.es\/#\/schema\/person\/9282bb1649316a88a88b0eca34bd959b"},"headline":"27\/04\/2023 Ampliaci\u00f3n do prazo da subvenci\u00f3n para actuaci\u00f3ns de eficiencia enerx\u00e9tica en empresas tur\u00edsticas de aloxamento","datePublished":"2023-04-27T13:04:47+00:00","dateModified":"2023-04-27T13:10:05+00:00","mainEntityOfPage":{"@id":"https:\/\/www.turismoaguarda.es\/gl\/27-04-2023-ampliacion-do-prazo-da-subvencion-para-actuacions-de-eficiencia-enerxetica-en-empresas-turisticas\/"},"wordCount":891,"commentCount":0,"articleSection":["Novas Hostalar\u00eda"],"inLanguage":"gl","potentialAction":[{"@type":"CommentAction","name":"Comment","target":["https:\/\/www.turismoaguarda.es\/gl\/27-04-2023-ampliacion-do-prazo-da-subvencion-para-actuacions-de-eficiencia-enerxetica-en-empresas-turisticas\/#respond"]}]},{"@type":"WebPage","@id":"https:\/\/www.turismoaguarda.es\/gl\/27-04-2023-ampliacion-do-prazo-da-subvencion-para-actuacions-de-eficiencia-enerxetica-en-empresas-turisticas\/","url":"https:\/\/www.turismoaguarda.es\/gl\/27-04-2023-ampliacion-do-prazo-da-subvencion-para-actuacions-de-eficiencia-enerxetica-en-empresas-turisticas\/","name":"27\/04\/2023 Ampliaci\u00f3n do prazo da subvenci\u00f3n para actuaci\u00f3ns de eficiencia enerx\u00e9tica en empresas tur\u00edsticas de aloxamento | Turismo A Guarda","isPartOf":{"@id":"https:\/\/www.turismoaguarda.es\/#website"},"datePublished":"2023-04-27T13:04:47+00:00","dateModified":"2023-04-27T13:10:05+00:00","author":{"@id":"https:\/\/www.turismoaguarda.es\/#\/schema\/person\/9282bb1649316a88a88b0eca34bd959b"},"breadcrumb":{"@id":"https:\/\/www.turismoaguarda.es\/gl\/27-04-2023-ampliacion-do-prazo-da-subvencion-para-actuacions-de-eficiencia-enerxetica-en-empresas-turisticas\/#breadcrumb"},"inLanguage":"gl","potentialAction":[{"@type":"ReadAction","target":["https:\/\/www.turismoaguarda.es\/gl\/27-04-2023-ampliacion-do-prazo-da-subvencion-para-actuacions-de-eficiencia-enerxetica-en-empresas-turisticas\/"]}]},{"@type":"BreadcrumbList","@id":"https:\/\/www.turismoaguarda.es\/gl\/27-04-2023-ampliacion-do-prazo-da-subvencion-para-actuacions-de-eficiencia-enerxetica-en-empresas-turisticas\/#breadcrumb","itemListElement":[{"@type":"ListItem","position":1,"name":"Portada","item":"https:\/\/www.turismoaguarda.es\/gl\/"},{"@type":"ListItem","position":2,"name":"27\/04\/2023 Ampliaci\u00f3n do prazo da subvenci\u00f3n para actuaci\u00f3ns de eficiencia enerx\u00e9tica en empresas tur\u00edsticas de aloxamento"}]},{"@type":"WebSite","@id":"https:\/\/www.turismoaguarda.es\/#website","url":"https:\/\/www.turismoaguarda.es\/","name":"Turismo A Guarda","description":"Informaci\u00f3n tur\u00edstica de A Guarda y alrededores.","potentialAction":[{"@type":"SearchAction","target":{"@type":"EntryPoint","urlTemplate":"https:\/\/www.turismoaguarda.es\/?s={search_term_string}"},"query-input":{"@type":"PropertyValueSpecification","valueRequired":true,"valueName":"search_term_string"}}],"inLanguage":"gl"},{"@type":"Person","@id":"https:\/\/www.turismoaguarda.es\/#\/schema\/person\/9282bb1649316a88a88b0eca34bd959b","name":"Rosalia Verde","image":{"@type":"ImageObject","inLanguage":"gl","@id":"https:\/\/secure.gravatar.com\/avatar\/40761cb45c6464d3a83ebde1e1f3fa222726fcacc4d5b5048a7920608c99e0e5?s=96&d=mm&r=g","url":"https:\/\/secure.gravatar.com\/avatar\/40761cb45c6464d3a83ebde1e1f3fa222726fcacc4d5b5048a7920608c99e0e5?s=96&d=mm&r=g","contentUrl":"https:\/\/secure.gravatar.com\/avatar\/40761cb45c6464d3a83ebde1e1f3fa222726fcacc4d5b5048a7920608c99e0e5?s=96&d=mm&r=g","caption":"Rosalia Verde"},"url":"https:\/\/www.turismoaguarda.es\/gl\/author\/rosalia\/"}]}},"_links":{"self":[{"href":"https:\/\/www.turismoaguarda.es\/gl\/wp-json\/wp\/v2\/posts\/16584","targetHints":{"allow":["GET"]}}],"collection":[{"href":"https:\/\/www.turismoaguarda.es\/gl\/wp-json\/wp\/v2\/posts"}],"about":[{"href":"https:\/\/www.turismoaguarda.es\/gl\/wp-json\/wp\/v2\/types\/post"}],"author":[{"embeddable":true,"href":"https:\/\/www.turismoaguarda.es\/gl\/wp-json\/wp\/v2\/users\/7"}],"replies":[{"embeddable":true,"href":"https:\/\/www.turismoaguarda.es\/gl\/wp-json\/wp\/v2\/comments?post=16584"}],"version-history":[{"count":2,"href":"https:\/\/www.turismoaguarda.es\/gl\/wp-json\/wp\/v2\/posts\/16584\/revisions"}],"predecessor-version":[{"id":16586,"href":"https:\/\/www.turismoaguarda.es\/gl\/wp-json\/wp\/v2\/posts\/16584\/revisions\/16586"}],"wp:attachment":[{"href":"https:\/\/www.turismoaguarda.es\/gl\/wp-json\/wp\/v2\/media?parent=16584"}],"wp:term":[{"taxonomy":"category","embeddable":true,"href":"https:\/\/www.turismoaguarda.es\/gl\/wp-json\/wp\/v2\/categories?post=16584"},{"taxonomy":"post_tag","embeddable":true,"href":"https:\/\/www.turismoaguarda.es\/gl\/wp-json\/wp\/v2\/tags?post=16584"}],"curies":[{"name":"wp","href":"https:\/\/api.w.org\/{rel}","templated":true}]}}