{"id":15818,"date":"2022-07-18T11:37:02","date_gmt":"2022-07-18T09:37:02","guid":{"rendered":"https:\/\/www.turismoaguarda.es\/?p=15818"},"modified":"2022-07-18T11:37:03","modified_gmt":"2022-07-18T09:37:03","slug":"a-programacion-de-veran-continua-esta-semana-na-guarda-con-cinema-feira-outlet-concertos-e-eventos-deportivos","status":"publish","type":"post","link":"https:\/\/www.turismoaguarda.es\/gl\/a-programacion-de-veran-continua-esta-semana-na-guarda-con-cinema-feira-outlet-concertos-e-eventos-deportivos\/","title":{"rendered":"A programaci\u00f3n de Ver\u00e1n contin\u00faa esta semana na Guarda con cinema, Feira Outlet, concertos e eventos deportivos"},"content":{"rendered":"<p><em><strong>\u2022 A programaci\u00f3n da Axenda de Ver\u00e1n e de Mi\u00fado Ver\u00e1n contin\u00faa esta semana con actividades de todo tipo e para todo tipo de p\u00fablicos.<\/strong><\/em><\/p>\n<p>O Concello da Guarda contin\u00faa esta semana coas actividades da Axenda de Ver\u00e1n 2022, unha programaci\u00f3n de actividades extensa, para todos os gustos e para todas as idades, que estenden ata o mes de setembro con concertos, exposici\u00f3ns, actividades de r\u00faa, eventos deportivos, festas gastron\u00f3micas, populares e relixiosas, entre outros.<\/p>\n<p>A concelleira de Cultura, Montserrat Magallanes, destaca a gran aposta feita dende o consistorio municipal para realizar unha programaci\u00f3n variada e atractiva, tanto para guardeses coma visitantes, e que sen d\u00fabida non deixar\u00e1 a ningu\u00e9n indiferente.<\/p>\n<p>Montserrat Magallanes indicou na presentaci\u00f3n desta axenda que A Guarda contar\u00e1 este ano cun ver\u00e1n no que se retoma a actividade cultural, de ocio e deportiva trala pandemia, froito dun amplo traballo de programaci\u00f3n e organizaci\u00f3n que se pode ver xa reflexado na gran cantidade de eventos recollidos nesta Axenda de Ver\u00e1n 2022.<\/p>\n<p>O Alcalde da Guarda convida a visitantes e guardeses a participar nesta programaci\u00f3n da Axenda de Ver\u00e1n 2022, cunha variedade e calidade de eventos que far\u00e1 de impulso para todo o tecido empresarial da vila, atraendo a moitas persoas e incentivando tam\u00e9n a actividade comercial da vila da Guarda.<\/p>\n<p>Dende o Concello da Guarda se fai un agradecemento p\u00fablico a todas as asociaci\u00f3ns culturais e deportivas da vila, que co seu traballo enriquecen ao noso pobo e conseguen facer sorrir, desfrutar e pasar un rato agradable a todas as persoas que se achegan a participar con elas da cultura e do deporte na nosa vila. Despois da pandemia precisamos recuperar o tempo perdido e voltar a desfrutar dos bos momentos, encher as nosas r\u00faas de m\u00fasica, baile, cine e doutras expresi\u00f3ns art\u00edsticas.<br \/>\nA programaci\u00f3n de actividades contin\u00faa esta semana coa proxecci\u00f3n de Cine na R\u00faa \u201cBella y el circo m\u00e1gico\u201d, que ter\u00e1 lugar o xoves 21 de xullo \u00e1s 22:30h na Praza do Rel\u00f3.<\/p>\n<p>Na xornada do s\u00e1bado 23 de xullo a Praza de Avelino Vicente acolle a Feira Outlet do comercio guard\u00e9s organizada por ACIGU CCA.<\/p>\n<p>Tam\u00e9n na xornada do s\u00e1bado d\u00eda 23 de xullo o Auditorio de San Benito acolle o XXVII Encontro dos Pobos, o festival folcl\u00f3rico internacional m\u00e1is lonxevo da nosa comarca, que este ano contar\u00e1 coa participaci\u00f3n de los grupos de Portugal e Eslovaquia: Vento Mareiro, Xamaraina, Doxe nun ano, G.F.S Sebastiao, Do lusco \u00f3 fusco e Drevar, baixo a organizaci\u00f3n da A.C Do Lusco \u00f3 Fusco.<\/p>\n<p>O s\u00e1bado 23 en horario de ma\u00f1\u00e1 ter\u00e1 lugar a II Carreira de Orientaci\u00f3n \u2013 Concello da Guarda, un evento deportivo que consistir\u00e1 en visitar no menor tempo posible t\u00f3dalas balizas establecidas na orde que se indica no mapa con ata 4 participantes por equipo e con 3 categor\u00edas de competici\u00f3n: Xesti\u00f1as (categor\u00eda para nen@s, sinxela f\u00edsica e t\u00e9cnicamente, con menos de 3kms en total), Xestas: categor\u00eda para adult@s, nivel f\u00edsico e t\u00e9cnico medio con menos de 4kms en total) e Xesteiras (categor\u00eda para persoas con medios\/altos co\u00f1ecementos de orientaci\u00f3n, nivel f\u00edsico e t\u00e9cnico alto con m\u00e1is de 5kms en total). As inscrici\u00f3ns est\u00e1n abertas en: <a href=\"https:\/\/xestanatureza.com\/eventos\/orientacionaguarda\/\">https:\/\/xestanatureza.com\/eventos\/orientacionaguarda\/<\/a><\/p>\n<p>A Axenda de Ver\u00e1n contin\u00faa nos meses de xullo, agosto e setembro con actividades coma os festivais de Baile Moderno de Xamaraina, a programaci\u00f3n de actividades infant\u00eds de \u201cMi\u00fado Ver\u00e1n\u201d(todos os xoves), eventos deportivos, a Festa do Peixe Espada, a Mostra Creativa, presentaci\u00f3n de libros e exposici\u00f3ns, as Festas de San Cayetano, o Encontro do libro Luso-Galaico, a Festa do Percebe, concerto da Agrupaci\u00f3n Musical da Guarda, as Festas da Virxe da Gu\u00eda, as Festas das Mercedes ou a Mostra Asociativa<\/p>\n<p>Especial menci\u00f3n nesta programaci\u00f3n para as Festas do Monte, que ter\u00e1n lugar do 8 ao 15 de agosto, a semana grande de festas na Guarda, unha semana na que as noites de verbenas se compaxinan con diferentes actividades deportivas e culturais. Na xornada do s\u00e1bado d\u00eda 13 de agosto \u00e1s 11:30h ten lugar o Desfile Folcl\u00f3rico e De Bandas Mari\u00f1eiras, un desfile multitudinario previo ao d\u00eda grande o Domingo do Monte, no que dende a ma\u00f1\u00e1 as Bandas Mari\u00f1eiras soben ata o cumio do Monte Santa Trega para realizar os seus xuramentos ao son dos bombos, tambores e gaitas. As festas rematar\u00e1n na noite do Luns d\u00eda 15 de agosto coa Gran tirada de fogos de artificio no Porto da Guarda.<\/p>\n<p><a href=\"https:\/\/www.turismoaguarda.es\/gl\/a-programacion-de-veran-continua-esta-semana-na-guarda-con-cinema-feira-outlet-concertos-e-eventos-deportivos\/guarda_cinenarua_cartel_2022_bella-2\/\" rel=\"attachment wp-att-15812\"><img loading=\"lazy\" decoding=\"async\" class=\"alignleft size-full wp-image-15812\" src=\"https:\/\/www.turismoaguarda.es\/wp-content\/uploads\/2022\/07\/Guarda_cinenaRua_Cartel_2022_Bella.jpg\" alt=\"\" width=\"800\" height=\"1134\" srcset=\"https:\/\/www.turismoaguarda.es\/wp-content\/uploads\/2022\/07\/Guarda_cinenaRua_Cartel_2022_Bella.jpg 800w, https:\/\/www.turismoaguarda.es\/wp-content\/uploads\/2022\/07\/Guarda_cinenaRua_Cartel_2022_Bella-212x300.jpg 212w, https:\/\/www.turismoaguarda.es\/wp-content\/uploads\/2022\/07\/Guarda_cinenaRua_Cartel_2022_Bella-722x1024.jpg 722w, https:\/\/www.turismoaguarda.es\/wp-content\/uploads\/2022\/07\/Guarda_cinenaRua_Cartel_2022_Bella-768x1089.jpg 768w, https:\/\/www.turismoaguarda.es\/wp-content\/uploads\/2022\/07\/Guarda_cinenaRua_Cartel_2022_Bella-150x213.jpg 150w, https:\/\/www.turismoaguarda.es\/wp-content\/uploads\/2022\/07\/Guarda_cinenaRua_Cartel_2022_Bella-353x500.jpg 353w\" sizes=\"auto, (max-width: 800px) 100vw, 800px\" \/><\/a><a href=\"https:\/\/www.turismoaguarda.es\/gl\/a-programacion-de-veran-continua-esta-semana-na-guarda-con-cinema-feira-outlet-concertos-e-eventos-deportivos\/cartaz-orientacion-a-guarda-2022-2\/\" rel=\"attachment wp-att-15809\"><img loading=\"lazy\" decoding=\"async\" class=\"alignleft size-full wp-image-15809\" src=\"https:\/\/www.turismoaguarda.es\/wp-content\/uploads\/2022\/07\/Cartaz-Orientacion-A-Guarda-2022.jpg\" alt=\"\" width=\"800\" height=\"1132\" srcset=\"https:\/\/www.turismoaguarda.es\/wp-content\/uploads\/2022\/07\/Cartaz-Orientacion-A-Guarda-2022.jpg 800w, https:\/\/www.turismoaguarda.es\/wp-content\/uploads\/2022\/07\/Cartaz-Orientacion-A-Guarda-2022-212x300.jpg 212w, https:\/\/www.turismoaguarda.es\/wp-content\/uploads\/2022\/07\/Cartaz-Orientacion-A-Guarda-2022-724x1024.jpg 724w, https:\/\/www.turismoaguarda.es\/wp-content\/uploads\/2022\/07\/Cartaz-Orientacion-A-Guarda-2022-768x1087.jpg 768w, https:\/\/www.turismoaguarda.es\/wp-content\/uploads\/2022\/07\/Cartaz-Orientacion-A-Guarda-2022-150x212.jpg 150w, https:\/\/www.turismoaguarda.es\/wp-content\/uploads\/2022\/07\/Cartaz-Orientacion-A-Guarda-2022-353x500.jpg 353w\" sizes=\"auto, (max-width: 800px) 100vw, 800px\" \/><\/a><a href=\"https:\/\/www.turismoaguarda.es\/gl\/a-programacion-de-veran-continua-esta-semana-na-guarda-con-cinema-feira-outlet-concertos-e-eventos-deportivos\/xxvii-encontro-dos-pobos-definitivo-2\/\" rel=\"attachment wp-att-15806\"><img loading=\"lazy\" decoding=\"async\" class=\"alignleft size-full wp-image-15806\" src=\"https:\/\/www.turismoaguarda.es\/wp-content\/uploads\/2022\/07\/XXVII-Encontro-dos-Pobos-Definitivo.jpg\" alt=\"\" width=\"800\" height=\"1132\" srcset=\"https:\/\/www.turismoaguarda.es\/wp-content\/uploads\/2022\/07\/XXVII-Encontro-dos-Pobos-Definitivo.jpg 800w, https:\/\/www.turismoaguarda.es\/wp-content\/uploads\/2022\/07\/XXVII-Encontro-dos-Pobos-Definitivo-212x300.jpg 212w, https:\/\/www.turismoaguarda.es\/wp-content\/uploads\/2022\/07\/XXVII-Encontro-dos-Pobos-Definitivo-724x1024.jpg 724w, https:\/\/www.turismoaguarda.es\/wp-content\/uploads\/2022\/07\/XXVII-Encontro-dos-Pobos-Definitivo-768x1087.jpg 768w, https:\/\/www.turismoaguarda.es\/wp-content\/uploads\/2022\/07\/XXVII-Encontro-dos-Pobos-Definitivo-150x212.jpg 150w, https:\/\/www.turismoaguarda.es\/wp-content\/uploads\/2022\/07\/XXVII-Encontro-dos-Pobos-Definitivo-353x500.jpg 353w\" sizes=\"auto, (max-width: 800px) 100vw, 800px\" \/><\/a><br \/>\nEXPOSICI\u00d3NS<\/p>\n<p>A Guarda ter\u00e1 tam\u00e9n unha importante exposici\u00f3n pict\u00f3rica este ver\u00e1n que estar\u00e1 na Casa dos Alonso entre o 26 de xullo e o 13 de agosto, e na que se poder\u00e1n observar e apreciar os traballos e pinturas da artista guardesa Chuny Alonso.<\/p>\n<p>VISITAS GUIADAS AO CASTRO DE SANTA TREGA<\/p>\n<p>Ao longo do ver\u00e1n e de martes a domingo of\u00e9rtanse visitas guiadas ao Castro de Santa Trega, unha oportunidade para co\u00f1ecer o noso patrimonio con visitas que ter\u00e1n lugar \u00e1s<br \/>\n12:00h, 13:00h, 18:00h e 19:00h horas<br \/>\nInscrici\u00f3n e informaci\u00f3n no enderezo electr\u00f3nico masat@aguarda.es ou no tel\u00e9fono 690 017 038.<\/p>\n<p>PROGRAMA COMPLETO<\/p>\n<p>21 DE XULLO<br \/>\nCINE NA R\u00daA \u201cBELLA Y EL CIRCO M\u00c1GICO\u201d<br \/>\nNa Praza do Rel\u00f3 \u00e1s 22:30 horas.<\/p>\n<p>23 DE XULLO<br \/>\nFERIA OUTLET<br \/>\nNa praza de Avelino Vicente<br \/>\nOrganiza: ACIGU<\/p>\n<p>23 DE XULLO<br \/>\nENCONTRO DOS POBOS<br \/>\nNo Auditorio de San Benito \u00e1s 20:30 horas<br \/>\nOrganiza: A C. Do Lusco \u00f3 Fusco<\/p>\n<p>23 DE XULLO<br \/>\nII CARREIRA DE ORIENTACI\u00d3N<br \/>\ninscrici\u00f3ns www.xestanatureza.com<\/p>\n<p>28 DE XULLO<br \/>\nCONCERTO INFANTIL ROCKEANDO CON RAMONA \u00d3RBITA, A DONA DO TEMPO<br \/>\nNa Praza do Rel\u00f3 \u00e1s 20:30h<\/p>\n<p>29, 30, 31 DE XULLO<br \/>\nFESTA DO PEIXE ESPADA<br \/>\nNos restaurantes da Vila<br \/>\nOrganiza: ORPAGU<\/p>\n<p>30 DE XULLO<br \/>\nMOSTRA CREATIVA DO BAIXO MI\u00d1O<br \/>\nNa praza de Avelino Vicente<\/p>\n<p>30 DE XULLO<br \/>\nEVENTO DEPORTIVO DO CLUBE DE JUDO BAIXO MI\u00d1O<br \/>\nNo Campo de f\u00fatbol da Sangri\u00f1a \u00e1s 20:30 horas<br \/>\nOrganiza: Clube de Judo Baixo Mi\u00f1o.<\/p>\n<p>4 DE AGOSTO<br \/>\nESPECT\u00c1CULO DE CIRCO \u201cCARMAN\u201d<br \/>\nNo Auditorio de San Benito \u00e1s 20:30 horas<\/p>\n<p>4 DE AGOSTO<br \/>\nPRESENTACI\u00d3N DO LIBRO \u201cSOBRE LA CRIANZA\u201d, de Jes\u00fas Rodr\u00edguez Salazar.<br \/>\nNo Centro Cultural \u00e1s 19:30 horas.<\/p>\n<p>4, 5, 6, 7 DE AGOSTO<br \/>\nFESTAS DE SAN CAYETANO<br \/>\nNo Barrio da Cruzada<br \/>\nOrganiza: Comisi\u00f3n de Festas de San Cayetano<\/p>\n<p>8 \u00f3 15 DE AGOSTO<br \/>\nFESTAS DO MONTE<br \/>\nNa Alameda e r\u00faas da vila.<br \/>\nOrganiza: A.V C.D. Alameda<\/p>\n<p>11 DE AGOSTO<br \/>\nGALICIA ILUSIONA, ILUSIONISMO<br \/>\nNo Auditorio de San Benito \u00e1s 20:30 horas.<\/p>\n<p>19, 20 DE AGOSTO<br \/>\nIII ENCONTRO DO LIBRO LUSO GALAICO<br \/>\nNa Praza do Rel\u00f3<\/p>\n<p>20 DE AGOSTO<br \/>\nFERIA OUTLET<br \/>\nNa Praza de Avelino Vicente<br \/>\nOrganiza: ACIGU<\/p>\n<p>20 DE AGOSTO<br \/>\nII TORNEO DE PETANCA CONCELLO DA GUARDA<br \/>\nNo Campo do Codesal<\/p>\n<p>24 DE AGOSTO<br \/>\nCONCERTO M\u00daSICA NO AR<br \/>\nNo atrio da Igrexa Parroquial \u00e1s 20:30 horas.<br \/>\nOrganiza: Deputaci\u00f3n de Pontevedra<\/p>\n<p>23,27 E 28 DE AGOSTO<br \/>\nFESTA DO PERCEBE<br \/>\nNa Alameda da Guarda<br \/>\nOrganiza: A.C. Alameda<\/p>\n<p>26 DE AGOSTO<br \/>\nTEATRO CR\u00d3NICAS DO PARA\u00cdSO<br \/>\nNa Praza do Rel\u00f3 \u00e1s 21:30 horas.<\/p>\n<p>27 DE AGOSTO<br \/>\nCONCERTO DE VER\u00c1N DA BANDA DE M\u00daSICA DA GUARDA<br \/>\nNo Auditorio de San Benito \u00e1s 20:30 horas<br \/>\nOrganiza: Agrupaci\u00f3n Musical da Guarda<\/p>\n<p>28 DE AGOSTO<br \/>\nFESTIVAL DE BAILE MODERNO \u201cREMEMBER\u201d<br \/>\nNo Auditorio de San Benito \u00e1s 20:00 horas<br \/>\nOrganiza: A.C. Xamaraina<\/p>\n<p>28 DE AGOSTO<br \/>\nCARREIRA PEDESTRE VIRXE DA GU\u00cdA<br \/>\nNa Praza da Gu\u00eda \u00e1s 19:00 horas<br \/>\nOrganiza: Comisi\u00f3n de Festas Virxe da Gu\u00eda<\/p>\n<p>2, 3, 4 DE SETEMBRO<br \/>\nFESTAS VIRXE DA GU\u00cdA<br \/>\nNa Praza da Gu\u00eda<br \/>\nOrganiza: Comisi\u00f3n de Festas Virxe Gu\u00eda<\/p>\n<p>3 DE SETEMBRO<br \/>\nPERFORMANCE FOCO, PROXECTOS ANTIBULOS<br \/>\nNa praza de Avelino Vicente \u00e0s 12:00 horas.<br \/>\nOrganiza: A. FOCO<\/p>\n<p>DO 3 AO 25 DE SETEMBRO<br \/>\nFESTAS DAS MERCEDES A G\u00c1NDARA<br \/>\nNo barrio da G\u00e1ndara<br \/>\nOrganiza: A.V V. O Percamino<\/p>\n<p>10 DE SETEMBRO<br \/>\nMOSTRA ASOCIATIVA<br \/>\nNa Praza de Avelino Vicente a partir das 15:30 horas<\/p>\n","protected":false},"excerpt":{"rendered":"<p>\u2022 A programaci\u00f3n da Axenda de Ver\u00e1n e de Mi\u00fado Ver\u00e1n contin\u00faa esta semana con actividades de todo tipo e para todo tipo de p\u00fablicos. O Concello da Guarda contin\u00faa esta semana coas actividades da Axenda de Ver\u00e1n 2022, unha programaci\u00f3n de actividades extensa, para todos os gustos e para todas as idades, que estenden<\/p>\n<div class=\"padding-top text-center\"><a href=\"https:\/\/www.turismoaguarda.es\/gl\/a-programacion-de-veran-continua-esta-semana-na-guarda-con-cinema-feira-outlet-concertos-e-eventos-deportivos\/\" class=\"atbtn atbtn--medium atbtn--rounded atbtn--transparent\">Leer m\u00e1is<i class=\"atbtn__icon atbtn__icon--right fa fa-long-arrow-right\"><\/i><\/a><\/div>\n","protected":false},"author":11,"featured_media":15815,"comment_status":"open","ping_status":"open","sticky":false,"template":"","format":"standard","meta":{"footnotes":""},"categories":[94],"tags":[170,214,234,1212,171],"class_list":["post-15818","post","type-post","status-publish","format-standard","has-post-thumbnail","hentry","category-novas-turismo","tag-a-guarda-gl","tag-cultura-gl","tag-deporte-gl","tag-programacion","tag-turismo-gl"],"yoast_head":"<!-- This site is optimized with the Yoast SEO plugin v27.5 - https:\/\/yoast.com\/product\/yoast-seo-wordpress\/ -->\n<title>A programaci\u00f3n de Ver\u00e1n contin\u00faa esta semana na Guarda con cinema, Feira Outlet, concertos e eventos deportivos | Turismo A Guarda<\/title>\n<meta name=\"robots\" content=\"index, follow, max-snippet:-1, max-image-preview:large, max-video-preview:-1\" \/>\n<link rel=\"canonical\" href=\"https:\/\/www.turismoaguarda.es\/gl\/a-programacion-de-veran-continua-esta-semana-na-guarda-con-cinema-feira-outlet-concertos-e-eventos-deportivos\/\" \/>\n<meta property=\"og:locale\" content=\"en_US\" \/>\n<meta property=\"og:type\" content=\"article\" \/>\n<meta property=\"og:title\" content=\"A programaci\u00f3n de Ver\u00e1n contin\u00faa esta semana na Guarda con cinema, Feira Outlet, concertos e eventos deportivos | Turismo A Guarda\" \/>\n<meta property=\"og:description\" content=\"\u2022 A programaci\u00f3n da Axenda de Ver\u00e1n e de Mi\u00fado Ver\u00e1n contin\u00faa esta semana con actividades de todo tipo e para todo tipo de p\u00fablicos. O Concello da Guarda contin\u00faa esta semana coas actividades da Axenda de Ver\u00e1n 2022, unha programaci\u00f3n de actividades extensa, para todos os gustos e para todas as idades, que estendenLeer m\u00e1is\" \/>\n<meta property=\"og:url\" content=\"https:\/\/www.turismoaguarda.es\/gl\/a-programacion-de-veran-continua-esta-semana-na-guarda-con-cinema-feira-outlet-concertos-e-eventos-deportivos\/\" \/>\n<meta property=\"og:site_name\" content=\"Turismo A Guarda\" \/>\n<meta property=\"article:publisher\" content=\"https:\/\/es-es.facebook.com\/Turismo-A-Guarda-126223240790625\/\" \/>\n<meta property=\"article:published_time\" content=\"2022-07-18T09:37:02+00:00\" \/>\n<meta property=\"article:modified_time\" content=\"2022-07-18T09:37:03+00:00\" \/>\n<meta property=\"og:image\" content=\"https:\/\/www.turismoaguarda.es\/wp-content\/uploads\/2022\/07\/NP-18072022-CONTINUA-PROGRAMACION-DE-VERAN1.jpg\" \/>\n\t<meta property=\"og:image:width\" content=\"800\" \/>\n\t<meta property=\"og:image:height\" content=\"533\" \/>\n\t<meta property=\"og:image:type\" content=\"image\/jpeg\" \/>\n<meta name=\"author\" content=\"Prensa A Guarda\" \/>\n<meta name=\"twitter:card\" content=\"summary_large_image\" \/>\n<meta name=\"twitter:creator\" content=\"@TurismoAGuarda\" \/>\n<meta name=\"twitter:site\" content=\"@TurismoAGuarda\" \/>\n<meta name=\"twitter:label1\" content=\"Written by\" \/>\n\t<meta name=\"twitter:data1\" content=\"Prensa A Guarda\" \/>\n\t<meta name=\"twitter:label2\" content=\"Est. reading time\" \/>\n\t<meta name=\"twitter:data2\" content=\"7 minutes\" \/>\n<script type=\"application\/ld+json\" class=\"yoast-schema-graph\">{\"@context\":\"https:\\\/\\\/schema.org\",\"@graph\":[{\"@type\":\"Article\",\"@id\":\"https:\\\/\\\/www.turismoaguarda.es\\\/gl\\\/a-programacion-de-veran-continua-esta-semana-na-guarda-con-cinema-feira-outlet-concertos-e-eventos-deportivos\\\/#article\",\"isPartOf\":{\"@id\":\"https:\\\/\\\/www.turismoaguarda.es\\\/gl\\\/a-programacion-de-veran-continua-esta-semana-na-guarda-con-cinema-feira-outlet-concertos-e-eventos-deportivos\\\/\"},\"author\":{\"name\":\"Prensa A Guarda\",\"@id\":\"https:\\\/\\\/www.turismoaguarda.es\\\/#\\\/schema\\\/person\\\/a8b0c27ad7bcbb6c19799e934727508e\"},\"headline\":\"A programaci\u00f3n de Ver\u00e1n contin\u00faa esta semana na Guarda con cinema, Feira Outlet, concertos e eventos deportivos\",\"datePublished\":\"2022-07-18T09:37:02+00:00\",\"dateModified\":\"2022-07-18T09:37:03+00:00\",\"mainEntityOfPage\":{\"@id\":\"https:\\\/\\\/www.turismoaguarda.es\\\/gl\\\/a-programacion-de-veran-continua-esta-semana-na-guarda-con-cinema-feira-outlet-concertos-e-eventos-deportivos\\\/\"},\"wordCount\":1369,\"commentCount\":0,\"image\":{\"@id\":\"https:\\\/\\\/www.turismoaguarda.es\\\/gl\\\/a-programacion-de-veran-continua-esta-semana-na-guarda-con-cinema-feira-outlet-concertos-e-eventos-deportivos\\\/#primaryimage\"},\"thumbnailUrl\":\"https:\\\/\\\/www.turismoaguarda.es\\\/wp-content\\\/uploads\\\/2022\\\/07\\\/NP-18072022-CONTINUA-PROGRAMACION-DE-VERAN1.jpg\",\"keywords\":[\"A Guarda\",\"cultura\",\"deporte\",\"Programaci\u00f3n\",\"turismo\"],\"articleSection\":[\"Novas Turismo\"],\"inLanguage\":\"gl\",\"potentialAction\":[{\"@type\":\"CommentAction\",\"name\":\"Comment\",\"target\":[\"https:\\\/\\\/www.turismoaguarda.es\\\/gl\\\/a-programacion-de-veran-continua-esta-semana-na-guarda-con-cinema-feira-outlet-concertos-e-eventos-deportivos\\\/#respond\"]}]},{\"@type\":\"WebPage\",\"@id\":\"https:\\\/\\\/www.turismoaguarda.es\\\/gl\\\/a-programacion-de-veran-continua-esta-semana-na-guarda-con-cinema-feira-outlet-concertos-e-eventos-deportivos\\\/\",\"url\":\"https:\\\/\\\/www.turismoaguarda.es\\\/gl\\\/a-programacion-de-veran-continua-esta-semana-na-guarda-con-cinema-feira-outlet-concertos-e-eventos-deportivos\\\/\",\"name\":\"A programaci\u00f3n de Ver\u00e1n contin\u00faa esta semana na Guarda con cinema, Feira Outlet, concertos e eventos deportivos | Turismo A Guarda\",\"isPartOf\":{\"@id\":\"https:\\\/\\\/www.turismoaguarda.es\\\/#website\"},\"primaryImageOfPage\":{\"@id\":\"https:\\\/\\\/www.turismoaguarda.es\\\/gl\\\/a-programacion-de-veran-continua-esta-semana-na-guarda-con-cinema-feira-outlet-concertos-e-eventos-deportivos\\\/#primaryimage\"},\"image\":{\"@id\":\"https:\\\/\\\/www.turismoaguarda.es\\\/gl\\\/a-programacion-de-veran-continua-esta-semana-na-guarda-con-cinema-feira-outlet-concertos-e-eventos-deportivos\\\/#primaryimage\"},\"thumbnailUrl\":\"https:\\\/\\\/www.turismoaguarda.es\\\/wp-content\\\/uploads\\\/2022\\\/07\\\/NP-18072022-CONTINUA-PROGRAMACION-DE-VERAN1.jpg\",\"datePublished\":\"2022-07-18T09:37:02+00:00\",\"dateModified\":\"2022-07-18T09:37:03+00:00\",\"author\":{\"@id\":\"https:\\\/\\\/www.turismoaguarda.es\\\/#\\\/schema\\\/person\\\/a8b0c27ad7bcbb6c19799e934727508e\"},\"breadcrumb\":{\"@id\":\"https:\\\/\\\/www.turismoaguarda.es\\\/gl\\\/a-programacion-de-veran-continua-esta-semana-na-guarda-con-cinema-feira-outlet-concertos-e-eventos-deportivos\\\/#breadcrumb\"},\"inLanguage\":\"gl\",\"potentialAction\":[{\"@type\":\"ReadAction\",\"target\":[\"https:\\\/\\\/www.turismoaguarda.es\\\/gl\\\/a-programacion-de-veran-continua-esta-semana-na-guarda-con-cinema-feira-outlet-concertos-e-eventos-deportivos\\\/\"]}]},{\"@type\":\"ImageObject\",\"inLanguage\":\"gl\",\"@id\":\"https:\\\/\\\/www.turismoaguarda.es\\\/gl\\\/a-programacion-de-veran-continua-esta-semana-na-guarda-con-cinema-feira-outlet-concertos-e-eventos-deportivos\\\/#primaryimage\",\"url\":\"https:\\\/\\\/www.turismoaguarda.es\\\/wp-content\\\/uploads\\\/2022\\\/07\\\/NP-18072022-CONTINUA-PROGRAMACION-DE-VERAN1.jpg\",\"contentUrl\":\"https:\\\/\\\/www.turismoaguarda.es\\\/wp-content\\\/uploads\\\/2022\\\/07\\\/NP-18072022-CONTINUA-PROGRAMACION-DE-VERAN1.jpg\",\"width\":800,\"height\":533},{\"@type\":\"BreadcrumbList\",\"@id\":\"https:\\\/\\\/www.turismoaguarda.es\\\/gl\\\/a-programacion-de-veran-continua-esta-semana-na-guarda-con-cinema-feira-outlet-concertos-e-eventos-deportivos\\\/#breadcrumb\",\"itemListElement\":[{\"@type\":\"ListItem\",\"position\":1,\"name\":\"Portada\",\"item\":\"https:\\\/\\\/www.turismoaguarda.es\\\/gl\\\/\"},{\"@type\":\"ListItem\",\"position\":2,\"name\":\"A programaci\u00f3n de Ver\u00e1n contin\u00faa esta semana na Guarda con cinema, Feira Outlet, concertos e eventos deportivos\"}]},{\"@type\":\"WebSite\",\"@id\":\"https:\\\/\\\/www.turismoaguarda.es\\\/#website\",\"url\":\"https:\\\/\\\/www.turismoaguarda.es\\\/\",\"name\":\"Turismo A Guarda\",\"description\":\"Informaci\u00f3n tur\u00edstica de A Guarda y alrededores.\",\"potentialAction\":[{\"@type\":\"SearchAction\",\"target\":{\"@type\":\"EntryPoint\",\"urlTemplate\":\"https:\\\/\\\/www.turismoaguarda.es\\\/?s={search_term_string}\"},\"query-input\":{\"@type\":\"PropertyValueSpecification\",\"valueRequired\":true,\"valueName\":\"search_term_string\"}}],\"inLanguage\":\"gl\"},{\"@type\":\"Person\",\"@id\":\"https:\\\/\\\/www.turismoaguarda.es\\\/#\\\/schema\\\/person\\\/a8b0c27ad7bcbb6c19799e934727508e\",\"name\":\"Prensa A Guarda\",\"image\":{\"@type\":\"ImageObject\",\"inLanguage\":\"gl\",\"@id\":\"https:\\\/\\\/secure.gravatar.com\\\/avatar\\\/387e117f874ba5d0a3439060b45d914395d77287b2e4890a49d1599fc3ef9189?s=96&d=mm&r=g\",\"url\":\"https:\\\/\\\/secure.gravatar.com\\\/avatar\\\/387e117f874ba5d0a3439060b45d914395d77287b2e4890a49d1599fc3ef9189?s=96&d=mm&r=g\",\"contentUrl\":\"https:\\\/\\\/secure.gravatar.com\\\/avatar\\\/387e117f874ba5d0a3439060b45d914395d77287b2e4890a49d1599fc3ef9189?s=96&d=mm&r=g\",\"caption\":\"Prensa A Guarda\"},\"url\":\"https:\\\/\\\/www.turismoaguarda.es\\\/gl\\\/author\\\/prensa\\\/\"}]}<\/script>\n<!-- \/ Yoast SEO plugin. -->","yoast_head_json":{"title":"A programaci\u00f3n de Ver\u00e1n contin\u00faa esta semana na Guarda con cinema, Feira Outlet, concertos e eventos deportivos | Turismo A Guarda","robots":{"index":"index","follow":"follow","max-snippet":"max-snippet:-1","max-image-preview":"max-image-preview:large","max-video-preview":"max-video-preview:-1"},"canonical":"https:\/\/www.turismoaguarda.es\/gl\/a-programacion-de-veran-continua-esta-semana-na-guarda-con-cinema-feira-outlet-concertos-e-eventos-deportivos\/","og_locale":"en_US","og_type":"article","og_title":"A programaci\u00f3n de Ver\u00e1n contin\u00faa esta semana na Guarda con cinema, Feira Outlet, concertos e eventos deportivos | Turismo A Guarda","og_description":"\u2022 A programaci\u00f3n da Axenda de Ver\u00e1n e de Mi\u00fado Ver\u00e1n contin\u00faa esta semana con actividades de todo tipo e para todo tipo de p\u00fablicos. O Concello da Guarda contin\u00faa esta semana coas actividades da Axenda de Ver\u00e1n 2022, unha programaci\u00f3n de actividades extensa, para todos os gustos e para todas as idades, que estendenLeer m\u00e1is","og_url":"https:\/\/www.turismoaguarda.es\/gl\/a-programacion-de-veran-continua-esta-semana-na-guarda-con-cinema-feira-outlet-concertos-e-eventos-deportivos\/","og_site_name":"Turismo A Guarda","article_publisher":"https:\/\/es-es.facebook.com\/Turismo-A-Guarda-126223240790625\/","article_published_time":"2022-07-18T09:37:02+00:00","article_modified_time":"2022-07-18T09:37:03+00:00","og_image":[{"width":800,"height":533,"url":"https:\/\/www.turismoaguarda.es\/wp-content\/uploads\/2022\/07\/NP-18072022-CONTINUA-PROGRAMACION-DE-VERAN1.jpg","type":"image\/jpeg"}],"author":"Prensa A Guarda","twitter_card":"summary_large_image","twitter_creator":"@TurismoAGuarda","twitter_site":"@TurismoAGuarda","twitter_misc":{"Written by":"Prensa A Guarda","Est. reading time":"7 minutes"},"schema":{"@context":"https:\/\/schema.org","@graph":[{"@type":"Article","@id":"https:\/\/www.turismoaguarda.es\/gl\/a-programacion-de-veran-continua-esta-semana-na-guarda-con-cinema-feira-outlet-concertos-e-eventos-deportivos\/#article","isPartOf":{"@id":"https:\/\/www.turismoaguarda.es\/gl\/a-programacion-de-veran-continua-esta-semana-na-guarda-con-cinema-feira-outlet-concertos-e-eventos-deportivos\/"},"author":{"name":"Prensa A Guarda","@id":"https:\/\/www.turismoaguarda.es\/#\/schema\/person\/a8b0c27ad7bcbb6c19799e934727508e"},"headline":"A programaci\u00f3n de Ver\u00e1n contin\u00faa esta semana na Guarda con cinema, Feira Outlet, concertos e eventos deportivos","datePublished":"2022-07-18T09:37:02+00:00","dateModified":"2022-07-18T09:37:03+00:00","mainEntityOfPage":{"@id":"https:\/\/www.turismoaguarda.es\/gl\/a-programacion-de-veran-continua-esta-semana-na-guarda-con-cinema-feira-outlet-concertos-e-eventos-deportivos\/"},"wordCount":1369,"commentCount":0,"image":{"@id":"https:\/\/www.turismoaguarda.es\/gl\/a-programacion-de-veran-continua-esta-semana-na-guarda-con-cinema-feira-outlet-concertos-e-eventos-deportivos\/#primaryimage"},"thumbnailUrl":"https:\/\/www.turismoaguarda.es\/wp-content\/uploads\/2022\/07\/NP-18072022-CONTINUA-PROGRAMACION-DE-VERAN1.jpg","keywords":["A Guarda","cultura","deporte","Programaci\u00f3n","turismo"],"articleSection":["Novas Turismo"],"inLanguage":"gl","potentialAction":[{"@type":"CommentAction","name":"Comment","target":["https:\/\/www.turismoaguarda.es\/gl\/a-programacion-de-veran-continua-esta-semana-na-guarda-con-cinema-feira-outlet-concertos-e-eventos-deportivos\/#respond"]}]},{"@type":"WebPage","@id":"https:\/\/www.turismoaguarda.es\/gl\/a-programacion-de-veran-continua-esta-semana-na-guarda-con-cinema-feira-outlet-concertos-e-eventos-deportivos\/","url":"https:\/\/www.turismoaguarda.es\/gl\/a-programacion-de-veran-continua-esta-semana-na-guarda-con-cinema-feira-outlet-concertos-e-eventos-deportivos\/","name":"A programaci\u00f3n de Ver\u00e1n contin\u00faa esta semana na Guarda con cinema, Feira Outlet, concertos e eventos deportivos | Turismo A Guarda","isPartOf":{"@id":"https:\/\/www.turismoaguarda.es\/#website"},"primaryImageOfPage":{"@id":"https:\/\/www.turismoaguarda.es\/gl\/a-programacion-de-veran-continua-esta-semana-na-guarda-con-cinema-feira-outlet-concertos-e-eventos-deportivos\/#primaryimage"},"image":{"@id":"https:\/\/www.turismoaguarda.es\/gl\/a-programacion-de-veran-continua-esta-semana-na-guarda-con-cinema-feira-outlet-concertos-e-eventos-deportivos\/#primaryimage"},"thumbnailUrl":"https:\/\/www.turismoaguarda.es\/wp-content\/uploads\/2022\/07\/NP-18072022-CONTINUA-PROGRAMACION-DE-VERAN1.jpg","datePublished":"2022-07-18T09:37:02+00:00","dateModified":"2022-07-18T09:37:03+00:00","author":{"@id":"https:\/\/www.turismoaguarda.es\/#\/schema\/person\/a8b0c27ad7bcbb6c19799e934727508e"},"breadcrumb":{"@id":"https:\/\/www.turismoaguarda.es\/gl\/a-programacion-de-veran-continua-esta-semana-na-guarda-con-cinema-feira-outlet-concertos-e-eventos-deportivos\/#breadcrumb"},"inLanguage":"gl","potentialAction":[{"@type":"ReadAction","target":["https:\/\/www.turismoaguarda.es\/gl\/a-programacion-de-veran-continua-esta-semana-na-guarda-con-cinema-feira-outlet-concertos-e-eventos-deportivos\/"]}]},{"@type":"ImageObject","inLanguage":"gl","@id":"https:\/\/www.turismoaguarda.es\/gl\/a-programacion-de-veran-continua-esta-semana-na-guarda-con-cinema-feira-outlet-concertos-e-eventos-deportivos\/#primaryimage","url":"https:\/\/www.turismoaguarda.es\/wp-content\/uploads\/2022\/07\/NP-18072022-CONTINUA-PROGRAMACION-DE-VERAN1.jpg","contentUrl":"https:\/\/www.turismoaguarda.es\/wp-content\/uploads\/2022\/07\/NP-18072022-CONTINUA-PROGRAMACION-DE-VERAN1.jpg","width":800,"height":533},{"@type":"BreadcrumbList","@id":"https:\/\/www.turismoaguarda.es\/gl\/a-programacion-de-veran-continua-esta-semana-na-guarda-con-cinema-feira-outlet-concertos-e-eventos-deportivos\/#breadcrumb","itemListElement":[{"@type":"ListItem","position":1,"name":"Portada","item":"https:\/\/www.turismoaguarda.es\/gl\/"},{"@type":"ListItem","position":2,"name":"A programaci\u00f3n de Ver\u00e1n contin\u00faa esta semana na Guarda con cinema, Feira Outlet, concertos e eventos deportivos"}]},{"@type":"WebSite","@id":"https:\/\/www.turismoaguarda.es\/#website","url":"https:\/\/www.turismoaguarda.es\/","name":"Turismo A Guarda","description":"Informaci\u00f3n tur\u00edstica de A Guarda y alrededores.","potentialAction":[{"@type":"SearchAction","target":{"@type":"EntryPoint","urlTemplate":"https:\/\/www.turismoaguarda.es\/?s={search_term_string}"},"query-input":{"@type":"PropertyValueSpecification","valueRequired":true,"valueName":"search_term_string"}}],"inLanguage":"gl"},{"@type":"Person","@id":"https:\/\/www.turismoaguarda.es\/#\/schema\/person\/a8b0c27ad7bcbb6c19799e934727508e","name":"Prensa A Guarda","image":{"@type":"ImageObject","inLanguage":"gl","@id":"https:\/\/secure.gravatar.com\/avatar\/387e117f874ba5d0a3439060b45d914395d77287b2e4890a49d1599fc3ef9189?s=96&d=mm&r=g","url":"https:\/\/secure.gravatar.com\/avatar\/387e117f874ba5d0a3439060b45d914395d77287b2e4890a49d1599fc3ef9189?s=96&d=mm&r=g","contentUrl":"https:\/\/secure.gravatar.com\/avatar\/387e117f874ba5d0a3439060b45d914395d77287b2e4890a49d1599fc3ef9189?s=96&d=mm&r=g","caption":"Prensa A Guarda"},"url":"https:\/\/www.turismoaguarda.es\/gl\/author\/prensa\/"}]}},"_links":{"self":[{"href":"https:\/\/www.turismoaguarda.es\/gl\/wp-json\/wp\/v2\/posts\/15818","targetHints":{"allow":["GET"]}}],"collection":[{"href":"https:\/\/www.turismoaguarda.es\/gl\/wp-json\/wp\/v2\/posts"}],"about":[{"href":"https:\/\/www.turismoaguarda.es\/gl\/wp-json\/wp\/v2\/types\/post"}],"author":[{"embeddable":true,"href":"https:\/\/www.turismoaguarda.es\/gl\/wp-json\/wp\/v2\/users\/11"}],"replies":[{"embeddable":true,"href":"https:\/\/www.turismoaguarda.es\/gl\/wp-json\/wp\/v2\/comments?post=15818"}],"version-history":[{"count":2,"href":"https:\/\/www.turismoaguarda.es\/gl\/wp-json\/wp\/v2\/posts\/15818\/revisions"}],"predecessor-version":[{"id":15820,"href":"https:\/\/www.turismoaguarda.es\/gl\/wp-json\/wp\/v2\/posts\/15818\/revisions\/15820"}],"wp:featuredmedia":[{"embeddable":true,"href":"https:\/\/www.turismoaguarda.es\/gl\/wp-json\/wp\/v2\/media\/15815"}],"wp:attachment":[{"href":"https:\/\/www.turismoaguarda.es\/gl\/wp-json\/wp\/v2\/media?parent=15818"}],"wp:term":[{"taxonomy":"category","embeddable":true,"href":"https:\/\/www.turismoaguarda.es\/gl\/wp-json\/wp\/v2\/categories?post=15818"},{"taxonomy":"post_tag","embeddable":true,"href":"https:\/\/www.turismoaguarda.es\/gl\/wp-json\/wp\/v2\/tags?post=15818"}],"curies":[{"name":"wp","href":"https:\/\/api.w.org\/{rel}","templated":true}]}}