{"id":15796,"date":"2022-07-12T10:32:01","date_gmt":"2022-07-12T08:32:01","guid":{"rendered":"https:\/\/www.turismoaguarda.es\/?p=15796"},"modified":"2022-07-12T10:32:02","modified_gmt":"2022-07-12T08:32:02","slug":"o-concello-da-guarda-aposta-novamente-pola-cultura-marineira-apoiando-a-actividade-navega-pola-costa-da-guarda-co-volanteiro-piueiro","status":"publish","type":"post","link":"https:\/\/www.turismoaguarda.es\/gl\/o-concello-da-guarda-aposta-novamente-pola-cultura-marineira-apoiando-a-actividade-navega-pola-costa-da-guarda-co-volanteiro-piueiro\/","title":{"rendered":"O Concello da Guarda aposta novamente pola cultura mari\u00f1eira apoiando a actividade \u201cNavega pola costa da Guarda co Volanteiro Piueiro&#8221;"},"content":{"rendered":"<p>A Asociaci\u00f3n Cultural de Embarcaci\u00f3ns Tradicionais Piueiro da Guarda presentou o Volanteiro Piueiro en 2019, esta embarcaci\u00f3n de gran envergadura que navegou a vela pola nosa costa ata comezos do s. XX.<\/p>\n<p>Nos \u00faltimos anos a Asociaci\u00f3n Piueiro ofreceu diferentes sa\u00eddas de navegaci\u00f3n e ten participado na promoci\u00f3n da nosa cultura mari\u00f1eira, tam\u00e9n fora do noso concello. Destacou a presencia do volanteiro Piueiro no \u201cPaisaia Istas Festibala\u201d en maio deste ano. Tras d\u00edas de navegaci\u00f3n pola costa atl\u00e1ntica e cant\u00e1brica, o Pueiro e a s\u00faa tripulaci\u00f3n participaron activamente neste festival de cultura mari\u00f1eira no Pa\u00eds Vasco.<\/p>\n<p>A Asociaci\u00f3n Piueiro lanzou hai un d\u00edas o VER\u00c1N PIUEIRO onde veci\u00f1os e interesados poder\u00e1n visitar a exposici\u00f3n \u201cA t\u00faa esencia. A Guarda un pobo mari\u00f1eiro\u201d na r\u00faa Concepci\u00f3n Arenal ou mesmo aprender a remar coas gameli\u00f1as e botes na praia do porto cada tarde (16:00 \u2013 19:00h). Ademais para os meses de xullo e agosto vanse ofrecer sa\u00eddas gratu\u00edtas de navegaci\u00f3n pola costa co Volanteiro Piueiro para aqueles que queiran descubrir esta embarcaci\u00f3n a vela que incluir\u00e1 ademais de navegaci\u00f3n polo exterior do porto.<\/p>\n<p>Estas sa\u00eddas de navegaci\u00f3n comezaron na fin de semana da Festa da Langosta e da Coci\u00f1a Mari\u00f1eira, patrocinadas pola Conceller\u00eda de Turismo, e continuar\u00e1n tam\u00e9n no mes de agosto. O Concello da Guarda colaborar\u00e1 coa xesti\u00f3n das reservas e tam\u00e9n patrocinar\u00e1 as sa\u00eddas do mes de agosto.<\/p>\n<p>O n\u00famero de prazas por sa\u00edda \u00e9 limitado polo que \u00e9 preciso reservar presencialmente na Oficina de Turismo (Praza do Rel\u00f3) ou chamando ao tel\u00e9fono 986 61 45 46.<\/p>\n<p>O prazo de inscrici\u00f3n abrir\u00e1 o domingo anterior \u00e1s sa\u00eddas desa mesma semana. Debido ao n\u00famero reducido de prazas dispo\u00f1ibles unha persoa poder\u00e1 inscribir a un total de catro, excepto as unidades familiares. A idade m\u00ednima para participar \u00e9 de 10 anos. Recordase que \u00e9 preciso estar 10 minutos antes da sa\u00edda no peirao do porto (escaleiras do muelle alto).<\/p>\n<p>Este ver\u00e1n as sa\u00eddas ter\u00e1n unha duraci\u00f3n aproximada de 50 minutos. Os horarios previstos das sa\u00eddas diarias son 16:00h, 17:00h, 18:00 e 19:00h, durante as seguintes datas dispo\u00f1ibles son:<br \/>\n<strong>Xullo: <\/strong><br \/>\n\u2022 Xoves 14<br \/>\n\u2022 M\u00e9rcores 20<br \/>\n\u2022 Venres 22<br \/>\n\u2022 M\u00e9rcores 27<br \/>\n\u2022 S\u00e1bado 30 (Festa do Peixe Espada, ampl\u00edase unha sa\u00edda m\u00e1is: 20:00h).<br \/>\n<strong>Agosto:<\/strong><br \/>\n\u2022 Xoves 4<br \/>\n\u2022 Martes 17<br \/>\n\u2022 S\u00e1bado 20<br \/>\n\u2022 Martes 23<br \/>\n\u2022 Venres 26<br \/>\n\u2022 M\u00e9rcores 31<\/p>\n<figure id=\"attachment_15793\" aria-describedby=\"caption-attachment-15793\" style=\"width: 800px\" class=\"wp-caption alignleft\"><a href=\"https:\/\/www.turismoaguarda.es\/gl\/o-concello-da-guarda-aposta-novamente-pola-cultura-marineira-apoiando-a-actividade-navega-pola-costa-da-guarda-co-volanteiro-piueiro\/saidas-piueiro-veran-2022_def-2\/\" rel=\"attachment wp-att-15793\"><img loading=\"lazy\" decoding=\"async\" class=\"size-full wp-image-15793\" src=\"https:\/\/www.turismoaguarda.es\/wp-content\/uploads\/2022\/07\/saidas-piueiro-veran-2022_def.jpg\" alt=\"El Ayuntamiento de A Guarda vuelve a apostar por la cultura marinera apoyando la actividad &quot;Navega por la costa de A Guarda con Volanteiro Piueiro&quot;\" width=\"800\" height=\"1132\" srcset=\"https:\/\/www.turismoaguarda.es\/wp-content\/uploads\/2022\/07\/saidas-piueiro-veran-2022_def.jpg 800w, https:\/\/www.turismoaguarda.es\/wp-content\/uploads\/2022\/07\/saidas-piueiro-veran-2022_def-212x300.jpg 212w, https:\/\/www.turismoaguarda.es\/wp-content\/uploads\/2022\/07\/saidas-piueiro-veran-2022_def-724x1024.jpg 724w, https:\/\/www.turismoaguarda.es\/wp-content\/uploads\/2022\/07\/saidas-piueiro-veran-2022_def-768x1087.jpg 768w, https:\/\/www.turismoaguarda.es\/wp-content\/uploads\/2022\/07\/saidas-piueiro-veran-2022_def-150x212.jpg 150w, https:\/\/www.turismoaguarda.es\/wp-content\/uploads\/2022\/07\/saidas-piueiro-veran-2022_def-353x500.jpg 353w\" sizes=\"auto, (max-width: 800px) 100vw, 800px\" \/><\/a><figcaption id=\"caption-attachment-15793\" class=\"wp-caption-text\">El n\u00famero de plazas por salida es limitado por lo que es necesario reservar personalmente en la Oficina de Turismo (Praza do Rel\u00f3) o llamando al 986 61 45 46.<\/figcaption><\/figure>\n","protected":false},"excerpt":{"rendered":"<p>A Asociaci\u00f3n Cultural de Embarcaci\u00f3ns Tradicionais Piueiro da Guarda presentou o Volanteiro Piueiro en 2019, esta embarcaci\u00f3n de gran envergadura que navegou a vela pola nosa costa ata comezos do s. XX. Nos \u00faltimos anos a Asociaci\u00f3n Piueiro ofreceu diferentes sa\u00eddas de navegaci\u00f3n e ten participado na promoci\u00f3n da nosa cultura mari\u00f1eira, tam\u00e9n fora do<\/p>\n<div class=\"padding-top text-center\"><a href=\"https:\/\/www.turismoaguarda.es\/gl\/o-concello-da-guarda-aposta-novamente-pola-cultura-marineira-apoiando-a-actividade-navega-pola-costa-da-guarda-co-volanteiro-piueiro\/\" class=\"atbtn atbtn--medium atbtn--rounded atbtn--transparent\">Leer m\u00e1is<i class=\"atbtn__icon atbtn__icon--right fa fa-long-arrow-right\"><\/i><\/a><\/div>\n","protected":false},"author":11,"featured_media":15793,"comment_status":"open","ping_status":"open","sticky":false,"template":"","format":"standard","meta":{"footnotes":""},"categories":[94],"tags":[170,1896,171],"class_list":["post-15796","post","type-post","status-publish","format-standard","has-post-thumbnail","hentry","category-novas-turismo","tag-a-guarda-gl","tag-piueiro-gl","tag-turismo-gl"],"yoast_head":"<!-- This site is optimized with the Yoast SEO plugin v27.5 - https:\/\/yoast.com\/product\/yoast-seo-wordpress\/ -->\n<title>O Concello da Guarda aposta novamente pola cultura mari\u00f1eira apoiando a actividade \u201cNavega pola costa da Guarda co Volanteiro Piueiro&quot; | Turismo A Guarda<\/title>\n<meta name=\"description\" content=\"O n\u00famero de prazas por sa\u00edda \u00e9 limitado polo que \u00e9 preciso reservar presencialmente na Oficina de Turismo (Praza do Rel\u00f3) ou chamando ao tel\u00e9fono 986 61 45 46.\" \/>\n<meta name=\"robots\" content=\"index, follow, max-snippet:-1, max-image-preview:large, max-video-preview:-1\" \/>\n<link rel=\"canonical\" href=\"https:\/\/www.turismoaguarda.es\/gl\/o-concello-da-guarda-aposta-novamente-pola-cultura-marineira-apoiando-a-actividade-navega-pola-costa-da-guarda-co-volanteiro-piueiro\/\" \/>\n<meta property=\"og:locale\" content=\"en_US\" \/>\n<meta property=\"og:type\" content=\"article\" \/>\n<meta property=\"og:title\" content=\"O Concello da Guarda aposta novamente pola cultura mari\u00f1eira apoiando a actividade \u201cNavega pola costa da Guarda co Volanteiro Piueiro&quot; | Turismo A Guarda\" \/>\n<meta property=\"og:description\" content=\"O n\u00famero de prazas por sa\u00edda \u00e9 limitado polo que \u00e9 preciso reservar presencialmente na Oficina de Turismo (Praza do Rel\u00f3) ou chamando ao tel\u00e9fono 986 61 45 46.\" \/>\n<meta property=\"og:url\" content=\"https:\/\/www.turismoaguarda.es\/gl\/o-concello-da-guarda-aposta-novamente-pola-cultura-marineira-apoiando-a-actividade-navega-pola-costa-da-guarda-co-volanteiro-piueiro\/\" \/>\n<meta property=\"og:site_name\" content=\"Turismo A Guarda\" \/>\n<meta property=\"article:publisher\" content=\"https:\/\/es-es.facebook.com\/Turismo-A-Guarda-126223240790625\/\" \/>\n<meta property=\"article:published_time\" content=\"2022-07-12T08:32:01+00:00\" \/>\n<meta property=\"article:modified_time\" content=\"2022-07-12T08:32:02+00:00\" \/>\n<meta property=\"og:image\" content=\"https:\/\/www.turismoaguarda.es\/wp-content\/uploads\/2022\/07\/saidas-piueiro-veran-2022_def.jpg\" \/>\n\t<meta property=\"og:image:width\" content=\"800\" \/>\n\t<meta property=\"og:image:height\" content=\"1132\" \/>\n\t<meta property=\"og:image:type\" content=\"image\/jpeg\" \/>\n<meta name=\"author\" content=\"Prensa A Guarda\" \/>\n<meta name=\"twitter:card\" content=\"summary_large_image\" \/>\n<meta name=\"twitter:creator\" content=\"@TurismoAGuarda\" \/>\n<meta name=\"twitter:site\" content=\"@TurismoAGuarda\" \/>\n<meta name=\"twitter:label1\" content=\"Written by\" \/>\n\t<meta name=\"twitter:data1\" content=\"Prensa A Guarda\" \/>\n\t<meta name=\"twitter:label2\" content=\"Est. reading time\" \/>\n\t<meta name=\"twitter:data2\" content=\"3 minutes\" \/>\n<script type=\"application\/ld+json\" class=\"yoast-schema-graph\">{\"@context\":\"https:\\\/\\\/schema.org\",\"@graph\":[{\"@type\":\"Article\",\"@id\":\"https:\\\/\\\/www.turismoaguarda.es\\\/gl\\\/o-concello-da-guarda-aposta-novamente-pola-cultura-marineira-apoiando-a-actividade-navega-pola-costa-da-guarda-co-volanteiro-piueiro\\\/#article\",\"isPartOf\":{\"@id\":\"https:\\\/\\\/www.turismoaguarda.es\\\/gl\\\/o-concello-da-guarda-aposta-novamente-pola-cultura-marineira-apoiando-a-actividade-navega-pola-costa-da-guarda-co-volanteiro-piueiro\\\/\"},\"author\":{\"name\":\"Prensa A Guarda\",\"@id\":\"https:\\\/\\\/www.turismoaguarda.es\\\/#\\\/schema\\\/person\\\/a8b0c27ad7bcbb6c19799e934727508e\"},\"headline\":\"O Concello da Guarda aposta novamente pola cultura mari\u00f1eira apoiando a actividade \u201cNavega pola costa da Guarda co Volanteiro Piueiro&#8221;\",\"datePublished\":\"2022-07-12T08:32:01+00:00\",\"dateModified\":\"2022-07-12T08:32:02+00:00\",\"mainEntityOfPage\":{\"@id\":\"https:\\\/\\\/www.turismoaguarda.es\\\/gl\\\/o-concello-da-guarda-aposta-novamente-pola-cultura-marineira-apoiando-a-actividade-navega-pola-costa-da-guarda-co-volanteiro-piueiro\\\/\"},\"wordCount\":474,\"commentCount\":0,\"image\":{\"@id\":\"https:\\\/\\\/www.turismoaguarda.es\\\/gl\\\/o-concello-da-guarda-aposta-novamente-pola-cultura-marineira-apoiando-a-actividade-navega-pola-costa-da-guarda-co-volanteiro-piueiro\\\/#primaryimage\"},\"thumbnailUrl\":\"https:\\\/\\\/www.turismoaguarda.es\\\/wp-content\\\/uploads\\\/2022\\\/07\\\/saidas-piueiro-veran-2022_def.jpg\",\"keywords\":[\"A Guarda\",\"piueiro\",\"turismo\"],\"articleSection\":[\"Novas Turismo\"],\"inLanguage\":\"gl\",\"potentialAction\":[{\"@type\":\"CommentAction\",\"name\":\"Comment\",\"target\":[\"https:\\\/\\\/www.turismoaguarda.es\\\/gl\\\/o-concello-da-guarda-aposta-novamente-pola-cultura-marineira-apoiando-a-actividade-navega-pola-costa-da-guarda-co-volanteiro-piueiro\\\/#respond\"]}]},{\"@type\":\"WebPage\",\"@id\":\"https:\\\/\\\/www.turismoaguarda.es\\\/gl\\\/o-concello-da-guarda-aposta-novamente-pola-cultura-marineira-apoiando-a-actividade-navega-pola-costa-da-guarda-co-volanteiro-piueiro\\\/\",\"url\":\"https:\\\/\\\/www.turismoaguarda.es\\\/gl\\\/o-concello-da-guarda-aposta-novamente-pola-cultura-marineira-apoiando-a-actividade-navega-pola-costa-da-guarda-co-volanteiro-piueiro\\\/\",\"name\":\"O Concello da Guarda aposta novamente pola cultura mari\u00f1eira apoiando a actividade \u201cNavega pola costa da Guarda co Volanteiro Piueiro\\\" | Turismo A Guarda\",\"isPartOf\":{\"@id\":\"https:\\\/\\\/www.turismoaguarda.es\\\/#website\"},\"primaryImageOfPage\":{\"@id\":\"https:\\\/\\\/www.turismoaguarda.es\\\/gl\\\/o-concello-da-guarda-aposta-novamente-pola-cultura-marineira-apoiando-a-actividade-navega-pola-costa-da-guarda-co-volanteiro-piueiro\\\/#primaryimage\"},\"image\":{\"@id\":\"https:\\\/\\\/www.turismoaguarda.es\\\/gl\\\/o-concello-da-guarda-aposta-novamente-pola-cultura-marineira-apoiando-a-actividade-navega-pola-costa-da-guarda-co-volanteiro-piueiro\\\/#primaryimage\"},\"thumbnailUrl\":\"https:\\\/\\\/www.turismoaguarda.es\\\/wp-content\\\/uploads\\\/2022\\\/07\\\/saidas-piueiro-veran-2022_def.jpg\",\"datePublished\":\"2022-07-12T08:32:01+00:00\",\"dateModified\":\"2022-07-12T08:32:02+00:00\",\"author\":{\"@id\":\"https:\\\/\\\/www.turismoaguarda.es\\\/#\\\/schema\\\/person\\\/a8b0c27ad7bcbb6c19799e934727508e\"},\"description\":\"O n\u00famero de prazas por sa\u00edda \u00e9 limitado polo que \u00e9 preciso reservar presencialmente na Oficina de Turismo (Praza do Rel\u00f3) ou chamando ao tel\u00e9fono 986 61 45 46.\",\"breadcrumb\":{\"@id\":\"https:\\\/\\\/www.turismoaguarda.es\\\/gl\\\/o-concello-da-guarda-aposta-novamente-pola-cultura-marineira-apoiando-a-actividade-navega-pola-costa-da-guarda-co-volanteiro-piueiro\\\/#breadcrumb\"},\"inLanguage\":\"gl\",\"potentialAction\":[{\"@type\":\"ReadAction\",\"target\":[\"https:\\\/\\\/www.turismoaguarda.es\\\/gl\\\/o-concello-da-guarda-aposta-novamente-pola-cultura-marineira-apoiando-a-actividade-navega-pola-costa-da-guarda-co-volanteiro-piueiro\\\/\"]}]},{\"@type\":\"ImageObject\",\"inLanguage\":\"gl\",\"@id\":\"https:\\\/\\\/www.turismoaguarda.es\\\/gl\\\/o-concello-da-guarda-aposta-novamente-pola-cultura-marineira-apoiando-a-actividade-navega-pola-costa-da-guarda-co-volanteiro-piueiro\\\/#primaryimage\",\"url\":\"https:\\\/\\\/www.turismoaguarda.es\\\/wp-content\\\/uploads\\\/2022\\\/07\\\/saidas-piueiro-veran-2022_def.jpg\",\"contentUrl\":\"https:\\\/\\\/www.turismoaguarda.es\\\/wp-content\\\/uploads\\\/2022\\\/07\\\/saidas-piueiro-veran-2022_def.jpg\",\"width\":800,\"height\":1132,\"caption\":\"El n\u00famero de plazas por salida es limitado por lo que es necesario reservar personalmente en la Oficina de Turismo (Praza do Rel\u00f3) o llamando al 986 61 45 46.\"},{\"@type\":\"BreadcrumbList\",\"@id\":\"https:\\\/\\\/www.turismoaguarda.es\\\/gl\\\/o-concello-da-guarda-aposta-novamente-pola-cultura-marineira-apoiando-a-actividade-navega-pola-costa-da-guarda-co-volanteiro-piueiro\\\/#breadcrumb\",\"itemListElement\":[{\"@type\":\"ListItem\",\"position\":1,\"name\":\"Portada\",\"item\":\"https:\\\/\\\/www.turismoaguarda.es\\\/gl\\\/\"},{\"@type\":\"ListItem\",\"position\":2,\"name\":\"O Concello da Guarda aposta novamente pola cultura mari\u00f1eira apoiando a actividade \u201cNavega pola costa da Guarda co Volanteiro Piueiro\u00bb\"}]},{\"@type\":\"WebSite\",\"@id\":\"https:\\\/\\\/www.turismoaguarda.es\\\/#website\",\"url\":\"https:\\\/\\\/www.turismoaguarda.es\\\/\",\"name\":\"Turismo A Guarda\",\"description\":\"Informaci\u00f3n tur\u00edstica de A Guarda y alrededores.\",\"potentialAction\":[{\"@type\":\"SearchAction\",\"target\":{\"@type\":\"EntryPoint\",\"urlTemplate\":\"https:\\\/\\\/www.turismoaguarda.es\\\/?s={search_term_string}\"},\"query-input\":{\"@type\":\"PropertyValueSpecification\",\"valueRequired\":true,\"valueName\":\"search_term_string\"}}],\"inLanguage\":\"gl\"},{\"@type\":\"Person\",\"@id\":\"https:\\\/\\\/www.turismoaguarda.es\\\/#\\\/schema\\\/person\\\/a8b0c27ad7bcbb6c19799e934727508e\",\"name\":\"Prensa A Guarda\",\"image\":{\"@type\":\"ImageObject\",\"inLanguage\":\"gl\",\"@id\":\"https:\\\/\\\/secure.gravatar.com\\\/avatar\\\/387e117f874ba5d0a3439060b45d914395d77287b2e4890a49d1599fc3ef9189?s=96&d=mm&r=g\",\"url\":\"https:\\\/\\\/secure.gravatar.com\\\/avatar\\\/387e117f874ba5d0a3439060b45d914395d77287b2e4890a49d1599fc3ef9189?s=96&d=mm&r=g\",\"contentUrl\":\"https:\\\/\\\/secure.gravatar.com\\\/avatar\\\/387e117f874ba5d0a3439060b45d914395d77287b2e4890a49d1599fc3ef9189?s=96&d=mm&r=g\",\"caption\":\"Prensa A Guarda\"},\"url\":\"https:\\\/\\\/www.turismoaguarda.es\\\/gl\\\/author\\\/prensa\\\/\"}]}<\/script>\n<!-- \/ Yoast SEO plugin. -->","yoast_head_json":{"title":"O Concello da Guarda aposta novamente pola cultura mari\u00f1eira apoiando a actividade \u201cNavega pola costa da Guarda co Volanteiro Piueiro\" | Turismo A Guarda","description":"O n\u00famero de prazas por sa\u00edda \u00e9 limitado polo que \u00e9 preciso reservar presencialmente na Oficina de Turismo (Praza do Rel\u00f3) ou chamando ao tel\u00e9fono 986 61 45 46.","robots":{"index":"index","follow":"follow","max-snippet":"max-snippet:-1","max-image-preview":"max-image-preview:large","max-video-preview":"max-video-preview:-1"},"canonical":"https:\/\/www.turismoaguarda.es\/gl\/o-concello-da-guarda-aposta-novamente-pola-cultura-marineira-apoiando-a-actividade-navega-pola-costa-da-guarda-co-volanteiro-piueiro\/","og_locale":"en_US","og_type":"article","og_title":"O Concello da Guarda aposta novamente pola cultura mari\u00f1eira apoiando a actividade \u201cNavega pola costa da Guarda co Volanteiro Piueiro\" | Turismo A Guarda","og_description":"O n\u00famero de prazas por sa\u00edda \u00e9 limitado polo que \u00e9 preciso reservar presencialmente na Oficina de Turismo (Praza do Rel\u00f3) ou chamando ao tel\u00e9fono 986 61 45 46.","og_url":"https:\/\/www.turismoaguarda.es\/gl\/o-concello-da-guarda-aposta-novamente-pola-cultura-marineira-apoiando-a-actividade-navega-pola-costa-da-guarda-co-volanteiro-piueiro\/","og_site_name":"Turismo A Guarda","article_publisher":"https:\/\/es-es.facebook.com\/Turismo-A-Guarda-126223240790625\/","article_published_time":"2022-07-12T08:32:01+00:00","article_modified_time":"2022-07-12T08:32:02+00:00","og_image":[{"width":800,"height":1132,"url":"https:\/\/www.turismoaguarda.es\/wp-content\/uploads\/2022\/07\/saidas-piueiro-veran-2022_def.jpg","type":"image\/jpeg"}],"author":"Prensa A Guarda","twitter_card":"summary_large_image","twitter_creator":"@TurismoAGuarda","twitter_site":"@TurismoAGuarda","twitter_misc":{"Written by":"Prensa A Guarda","Est. reading time":"3 minutes"},"schema":{"@context":"https:\/\/schema.org","@graph":[{"@type":"Article","@id":"https:\/\/www.turismoaguarda.es\/gl\/o-concello-da-guarda-aposta-novamente-pola-cultura-marineira-apoiando-a-actividade-navega-pola-costa-da-guarda-co-volanteiro-piueiro\/#article","isPartOf":{"@id":"https:\/\/www.turismoaguarda.es\/gl\/o-concello-da-guarda-aposta-novamente-pola-cultura-marineira-apoiando-a-actividade-navega-pola-costa-da-guarda-co-volanteiro-piueiro\/"},"author":{"name":"Prensa A Guarda","@id":"https:\/\/www.turismoaguarda.es\/#\/schema\/person\/a8b0c27ad7bcbb6c19799e934727508e"},"headline":"O Concello da Guarda aposta novamente pola cultura mari\u00f1eira apoiando a actividade \u201cNavega pola costa da Guarda co Volanteiro Piueiro&#8221;","datePublished":"2022-07-12T08:32:01+00:00","dateModified":"2022-07-12T08:32:02+00:00","mainEntityOfPage":{"@id":"https:\/\/www.turismoaguarda.es\/gl\/o-concello-da-guarda-aposta-novamente-pola-cultura-marineira-apoiando-a-actividade-navega-pola-costa-da-guarda-co-volanteiro-piueiro\/"},"wordCount":474,"commentCount":0,"image":{"@id":"https:\/\/www.turismoaguarda.es\/gl\/o-concello-da-guarda-aposta-novamente-pola-cultura-marineira-apoiando-a-actividade-navega-pola-costa-da-guarda-co-volanteiro-piueiro\/#primaryimage"},"thumbnailUrl":"https:\/\/www.turismoaguarda.es\/wp-content\/uploads\/2022\/07\/saidas-piueiro-veran-2022_def.jpg","keywords":["A Guarda","piueiro","turismo"],"articleSection":["Novas Turismo"],"inLanguage":"gl","potentialAction":[{"@type":"CommentAction","name":"Comment","target":["https:\/\/www.turismoaguarda.es\/gl\/o-concello-da-guarda-aposta-novamente-pola-cultura-marineira-apoiando-a-actividade-navega-pola-costa-da-guarda-co-volanteiro-piueiro\/#respond"]}]},{"@type":"WebPage","@id":"https:\/\/www.turismoaguarda.es\/gl\/o-concello-da-guarda-aposta-novamente-pola-cultura-marineira-apoiando-a-actividade-navega-pola-costa-da-guarda-co-volanteiro-piueiro\/","url":"https:\/\/www.turismoaguarda.es\/gl\/o-concello-da-guarda-aposta-novamente-pola-cultura-marineira-apoiando-a-actividade-navega-pola-costa-da-guarda-co-volanteiro-piueiro\/","name":"O Concello da Guarda aposta novamente pola cultura mari\u00f1eira apoiando a actividade \u201cNavega pola costa da Guarda co Volanteiro Piueiro\" | Turismo A Guarda","isPartOf":{"@id":"https:\/\/www.turismoaguarda.es\/#website"},"primaryImageOfPage":{"@id":"https:\/\/www.turismoaguarda.es\/gl\/o-concello-da-guarda-aposta-novamente-pola-cultura-marineira-apoiando-a-actividade-navega-pola-costa-da-guarda-co-volanteiro-piueiro\/#primaryimage"},"image":{"@id":"https:\/\/www.turismoaguarda.es\/gl\/o-concello-da-guarda-aposta-novamente-pola-cultura-marineira-apoiando-a-actividade-navega-pola-costa-da-guarda-co-volanteiro-piueiro\/#primaryimage"},"thumbnailUrl":"https:\/\/www.turismoaguarda.es\/wp-content\/uploads\/2022\/07\/saidas-piueiro-veran-2022_def.jpg","datePublished":"2022-07-12T08:32:01+00:00","dateModified":"2022-07-12T08:32:02+00:00","author":{"@id":"https:\/\/www.turismoaguarda.es\/#\/schema\/person\/a8b0c27ad7bcbb6c19799e934727508e"},"description":"O n\u00famero de prazas por sa\u00edda \u00e9 limitado polo que \u00e9 preciso reservar presencialmente na Oficina de Turismo (Praza do Rel\u00f3) ou chamando ao tel\u00e9fono 986 61 45 46.","breadcrumb":{"@id":"https:\/\/www.turismoaguarda.es\/gl\/o-concello-da-guarda-aposta-novamente-pola-cultura-marineira-apoiando-a-actividade-navega-pola-costa-da-guarda-co-volanteiro-piueiro\/#breadcrumb"},"inLanguage":"gl","potentialAction":[{"@type":"ReadAction","target":["https:\/\/www.turismoaguarda.es\/gl\/o-concello-da-guarda-aposta-novamente-pola-cultura-marineira-apoiando-a-actividade-navega-pola-costa-da-guarda-co-volanteiro-piueiro\/"]}]},{"@type":"ImageObject","inLanguage":"gl","@id":"https:\/\/www.turismoaguarda.es\/gl\/o-concello-da-guarda-aposta-novamente-pola-cultura-marineira-apoiando-a-actividade-navega-pola-costa-da-guarda-co-volanteiro-piueiro\/#primaryimage","url":"https:\/\/www.turismoaguarda.es\/wp-content\/uploads\/2022\/07\/saidas-piueiro-veran-2022_def.jpg","contentUrl":"https:\/\/www.turismoaguarda.es\/wp-content\/uploads\/2022\/07\/saidas-piueiro-veran-2022_def.jpg","width":800,"height":1132,"caption":"El n\u00famero de plazas por salida es limitado por lo que es necesario reservar personalmente en la Oficina de Turismo (Praza do Rel\u00f3) o llamando al 986 61 45 46."},{"@type":"BreadcrumbList","@id":"https:\/\/www.turismoaguarda.es\/gl\/o-concello-da-guarda-aposta-novamente-pola-cultura-marineira-apoiando-a-actividade-navega-pola-costa-da-guarda-co-volanteiro-piueiro\/#breadcrumb","itemListElement":[{"@type":"ListItem","position":1,"name":"Portada","item":"https:\/\/www.turismoaguarda.es\/gl\/"},{"@type":"ListItem","position":2,"name":"O Concello da Guarda aposta novamente pola cultura mari\u00f1eira apoiando a actividade \u201cNavega pola costa da Guarda co Volanteiro Piueiro\u00bb"}]},{"@type":"WebSite","@id":"https:\/\/www.turismoaguarda.es\/#website","url":"https:\/\/www.turismoaguarda.es\/","name":"Turismo A Guarda","description":"Informaci\u00f3n tur\u00edstica de A Guarda y alrededores.","potentialAction":[{"@type":"SearchAction","target":{"@type":"EntryPoint","urlTemplate":"https:\/\/www.turismoaguarda.es\/?s={search_term_string}"},"query-input":{"@type":"PropertyValueSpecification","valueRequired":true,"valueName":"search_term_string"}}],"inLanguage":"gl"},{"@type":"Person","@id":"https:\/\/www.turismoaguarda.es\/#\/schema\/person\/a8b0c27ad7bcbb6c19799e934727508e","name":"Prensa A Guarda","image":{"@type":"ImageObject","inLanguage":"gl","@id":"https:\/\/secure.gravatar.com\/avatar\/387e117f874ba5d0a3439060b45d914395d77287b2e4890a49d1599fc3ef9189?s=96&d=mm&r=g","url":"https:\/\/secure.gravatar.com\/avatar\/387e117f874ba5d0a3439060b45d914395d77287b2e4890a49d1599fc3ef9189?s=96&d=mm&r=g","contentUrl":"https:\/\/secure.gravatar.com\/avatar\/387e117f874ba5d0a3439060b45d914395d77287b2e4890a49d1599fc3ef9189?s=96&d=mm&r=g","caption":"Prensa A Guarda"},"url":"https:\/\/www.turismoaguarda.es\/gl\/author\/prensa\/"}]}},"_links":{"self":[{"href":"https:\/\/www.turismoaguarda.es\/gl\/wp-json\/wp\/v2\/posts\/15796","targetHints":{"allow":["GET"]}}],"collection":[{"href":"https:\/\/www.turismoaguarda.es\/gl\/wp-json\/wp\/v2\/posts"}],"about":[{"href":"https:\/\/www.turismoaguarda.es\/gl\/wp-json\/wp\/v2\/types\/post"}],"author":[{"embeddable":true,"href":"https:\/\/www.turismoaguarda.es\/gl\/wp-json\/wp\/v2\/users\/11"}],"replies":[{"embeddable":true,"href":"https:\/\/www.turismoaguarda.es\/gl\/wp-json\/wp\/v2\/comments?post=15796"}],"version-history":[{"count":2,"href":"https:\/\/www.turismoaguarda.es\/gl\/wp-json\/wp\/v2\/posts\/15796\/revisions"}],"predecessor-version":[{"id":15798,"href":"https:\/\/www.turismoaguarda.es\/gl\/wp-json\/wp\/v2\/posts\/15796\/revisions\/15798"}],"wp:featuredmedia":[{"embeddable":true,"href":"https:\/\/www.turismoaguarda.es\/gl\/wp-json\/wp\/v2\/media\/15793"}],"wp:attachment":[{"href":"https:\/\/www.turismoaguarda.es\/gl\/wp-json\/wp\/v2\/media?parent=15796"}],"wp:term":[{"taxonomy":"category","embeddable":true,"href":"https:\/\/www.turismoaguarda.es\/gl\/wp-json\/wp\/v2\/categories?post=15796"},{"taxonomy":"post_tag","embeddable":true,"href":"https:\/\/www.turismoaguarda.es\/gl\/wp-json\/wp\/v2\/tags?post=15796"}],"curies":[{"name":"wp","href":"https:\/\/api.w.org\/{rel}","templated":true}]}}