{"id":15647,"date":"2022-06-20T13:00:49","date_gmt":"2022-06-20T11:00:49","guid":{"rendered":"https:\/\/www.turismoaguarda.es\/?p=15647"},"modified":"2022-06-20T13:00:49","modified_gmt":"2022-06-20T11:00:49","slug":"as-alfombras-florais-voltaron-a-encher-de-cor-as-ruas-guardesas","status":"publish","type":"post","link":"https:\/\/www.turismoaguarda.es\/gl\/as-alfombras-florais-voltaron-a-encher-de-cor-as-ruas-guardesas\/","title":{"rendered":"As Alfombras Florais voltaron a encher de cor as r\u00faas guardesas"},"content":{"rendered":"<p>Esta fin de semana celebrouse a festividade do Corpus na vila da Guarda, unha festividade que se retoma despois da parada por mor da pandemia da COVId-19. Dende fai semanas moitas persoas traballaron con moito esforzo e dedicaci\u00f3n na preparaci\u00f3n dos diferentes materiais que se empregaron dende a tardi\u00f1a do pasado s\u00e1bado para a confecci\u00f3n das Alfombras Florais.<\/p>\n<p>A choiva fixo acto de presencia na tarde do s\u00e1bado, polo que se optou por retrasar a procesi\u00f3n para as 19:00h, algo que axudou \u00e1 confecci\u00f3n das diferentes alfombras e motivou unha ampla e numerosa participaci\u00f3n de veci\u00f1os e visitantes que ateigaron as r\u00faas da guarda para presenciar os tapetes florais.<\/p>\n<p>En total realiz\u00e1ronse uns 2300 metros cadrados de superficie en tapices florais que luciron, no seu m\u00e1ximo esplendor, na tarde do domingo cando remataron os traballos dos centos de alfombristas das 10 r\u00faas que se engalanaron para esta ocasi\u00f3n.<\/p>\n<p>Existen informaci\u00f3ns antigas que deixan constancia da importancia da celebraci\u00f3n da Festa do Corpus na Guarda xa dende o s\u00e9culo XVIII, sendo a celebraci\u00f3n do Corpus Christi e do Sant\u00edsimo Sacramento as principais festas c\u00edvico-relixiosas do pobo da Guarda.<\/p>\n<p>A Asociaci\u00f3n Cultural Alfombras da Guarda, creada en 2018, \u00e9 a encargada na actualidade de velar pola promoci\u00f3n e manter a tradici\u00f3n hist\u00f3rica das alfombras florais do Corpus na Guarda, as\u00ed como dar a co\u00f1ecer, por en valor e visualizar o traballo e orgullo que sup\u00f3n para os seus veci\u00f1os, membros e colaboradores e a poboaci\u00f3n guardesa en xeral.<\/p>\n<p>Dende o Concello da Guarda se quere agradecer o labor de todas as persoas que traballaron para que esta celebraci\u00f3n contin\u00fae e para que visitantes e locais gocer das mesmas, un enorme esforzo que se ve recompensado polos espectaculares resultados, sendo aut\u00e9nticas obras de arte en flor.<\/p>\n","protected":false},"excerpt":{"rendered":"<p>Esta fin de semana celebrouse a festividade do Corpus na vila da Guarda, unha festividade que se retoma despois da parada por mor da pandemia da COVId-19. Dende fai semanas moitas persoas traballaron con moito esforzo e dedicaci\u00f3n na preparaci\u00f3n dos diferentes materiais que se empregaron dende a tardi\u00f1a do pasado s\u00e1bado para a confecci\u00f3n<\/p>\n<div class=\"padding-top text-center\"><a href=\"https:\/\/www.turismoaguarda.es\/gl\/as-alfombras-florais-voltaron-a-encher-de-cor-as-ruas-guardesas\/\" class=\"atbtn atbtn--medium atbtn--rounded atbtn--transparent\">Leer m\u00e1is<i class=\"atbtn__icon atbtn__icon--right fa fa-long-arrow-right\"><\/i><\/a><\/div>\n","protected":false},"author":11,"featured_media":15648,"comment_status":"open","ping_status":"open","sticky":false,"template":"","format":"standard","meta":{"footnotes":""},"categories":[94],"tags":[170,1354,171],"class_list":["post-15647","post","type-post","status-publish","format-standard","has-post-thumbnail","hentry","category-novas-turismo","tag-a-guarda-gl","tag-alfombras-florales","tag-turismo-gl"],"yoast_head":"<!-- This site is optimized with the Yoast SEO plugin v27.5 - https:\/\/yoast.com\/product\/yoast-seo-wordpress\/ -->\n<title>As Alfombras Florais voltaron a encher de cor as r\u00faas guardesas | Turismo A Guarda<\/title>\n<meta name=\"description\" content=\"A Guarda recupera unha das festas tradicionais da vila despois da pandemia da COVID-19 e, malia as previsi\u00f3ns desfavorables, a choiva deu tregua para gozar deste espect\u00e1culo floral\" \/>\n<meta name=\"robots\" content=\"index, follow, max-snippet:-1, max-image-preview:large, max-video-preview:-1\" \/>\n<link rel=\"canonical\" href=\"https:\/\/www.turismoaguarda.es\/gl\/as-alfombras-florais-voltaron-a-encher-de-cor-as-ruas-guardesas\/\" \/>\n<meta property=\"og:locale\" content=\"en_US\" \/>\n<meta property=\"og:type\" content=\"article\" \/>\n<meta property=\"og:title\" content=\"As Alfombras Florais voltaron a encher de cor as r\u00faas guardesas | Turismo A Guarda\" \/>\n<meta property=\"og:description\" content=\"A Guarda recupera unha das festas tradicionais da vila despois da pandemia da COVID-19 e, malia as previsi\u00f3ns desfavorables, a choiva deu tregua para gozar deste espect\u00e1culo floral\" \/>\n<meta property=\"og:url\" content=\"https:\/\/www.turismoaguarda.es\/gl\/as-alfombras-florais-voltaron-a-encher-de-cor-as-ruas-guardesas\/\" \/>\n<meta property=\"og:site_name\" content=\"Turismo A Guarda\" \/>\n<meta property=\"article:publisher\" content=\"https:\/\/es-es.facebook.com\/Turismo-A-Guarda-126223240790625\/\" \/>\n<meta property=\"article:published_time\" content=\"2022-06-20T11:00:49+00:00\" \/>\n<meta property=\"og:image\" content=\"https:\/\/www.turismoaguarda.es\/wp-content\/uploads\/2022\/06\/NP-20062022-ALFOMBRAS-FLORAIS-1.jpg\" \/>\n\t<meta property=\"og:image:width\" content=\"800\" \/>\n\t<meta property=\"og:image:height\" content=\"800\" \/>\n\t<meta property=\"og:image:type\" content=\"image\/jpeg\" \/>\n<meta name=\"author\" content=\"Prensa A Guarda\" \/>\n<meta name=\"twitter:card\" content=\"summary_large_image\" \/>\n<meta name=\"twitter:creator\" content=\"@TurismoAGuarda\" \/>\n<meta name=\"twitter:site\" content=\"@TurismoAGuarda\" \/>\n<meta name=\"twitter:label1\" content=\"Written by\" \/>\n\t<meta name=\"twitter:data1\" content=\"Prensa A Guarda\" \/>\n\t<meta name=\"twitter:label2\" content=\"Est. reading time\" \/>\n\t<meta name=\"twitter:data2\" content=\"2 minutes\" \/>\n<script type=\"application\/ld+json\" class=\"yoast-schema-graph\">{\"@context\":\"https:\\\/\\\/schema.org\",\"@graph\":[{\"@type\":\"Article\",\"@id\":\"https:\\\/\\\/www.turismoaguarda.es\\\/gl\\\/as-alfombras-florais-voltaron-a-encher-de-cor-as-ruas-guardesas\\\/#article\",\"isPartOf\":{\"@id\":\"https:\\\/\\\/www.turismoaguarda.es\\\/gl\\\/as-alfombras-florais-voltaron-a-encher-de-cor-as-ruas-guardesas\\\/\"},\"author\":{\"name\":\"Prensa A Guarda\",\"@id\":\"https:\\\/\\\/www.turismoaguarda.es\\\/#\\\/schema\\\/person\\\/a8b0c27ad7bcbb6c19799e934727508e\"},\"headline\":\"As Alfombras Florais voltaron a encher de cor as r\u00faas guardesas\",\"datePublished\":\"2022-06-20T11:00:49+00:00\",\"mainEntityOfPage\":{\"@id\":\"https:\\\/\\\/www.turismoaguarda.es\\\/gl\\\/as-alfombras-florais-voltaron-a-encher-de-cor-as-ruas-guardesas\\\/\"},\"wordCount\":332,\"commentCount\":0,\"image\":{\"@id\":\"https:\\\/\\\/www.turismoaguarda.es\\\/gl\\\/as-alfombras-florais-voltaron-a-encher-de-cor-as-ruas-guardesas\\\/#primaryimage\"},\"thumbnailUrl\":\"https:\\\/\\\/www.turismoaguarda.es\\\/wp-content\\\/uploads\\\/2022\\\/06\\\/NP-20062022-ALFOMBRAS-FLORAIS-1.jpg\",\"keywords\":[\"A Guarda\",\"Alfombras florales\",\"turismo\"],\"articleSection\":[\"Novas Turismo\"],\"inLanguage\":\"gl\",\"potentialAction\":[{\"@type\":\"CommentAction\",\"name\":\"Comment\",\"target\":[\"https:\\\/\\\/www.turismoaguarda.es\\\/gl\\\/as-alfombras-florais-voltaron-a-encher-de-cor-as-ruas-guardesas\\\/#respond\"]}]},{\"@type\":\"WebPage\",\"@id\":\"https:\\\/\\\/www.turismoaguarda.es\\\/gl\\\/as-alfombras-florais-voltaron-a-encher-de-cor-as-ruas-guardesas\\\/\",\"url\":\"https:\\\/\\\/www.turismoaguarda.es\\\/gl\\\/as-alfombras-florais-voltaron-a-encher-de-cor-as-ruas-guardesas\\\/\",\"name\":\"As Alfombras Florais voltaron a encher de cor as r\u00faas guardesas | Turismo A Guarda\",\"isPartOf\":{\"@id\":\"https:\\\/\\\/www.turismoaguarda.es\\\/#website\"},\"primaryImageOfPage\":{\"@id\":\"https:\\\/\\\/www.turismoaguarda.es\\\/gl\\\/as-alfombras-florais-voltaron-a-encher-de-cor-as-ruas-guardesas\\\/#primaryimage\"},\"image\":{\"@id\":\"https:\\\/\\\/www.turismoaguarda.es\\\/gl\\\/as-alfombras-florais-voltaron-a-encher-de-cor-as-ruas-guardesas\\\/#primaryimage\"},\"thumbnailUrl\":\"https:\\\/\\\/www.turismoaguarda.es\\\/wp-content\\\/uploads\\\/2022\\\/06\\\/NP-20062022-ALFOMBRAS-FLORAIS-1.jpg\",\"datePublished\":\"2022-06-20T11:00:49+00:00\",\"author\":{\"@id\":\"https:\\\/\\\/www.turismoaguarda.es\\\/#\\\/schema\\\/person\\\/a8b0c27ad7bcbb6c19799e934727508e\"},\"description\":\"A Guarda recupera unha das festas tradicionais da vila despois da pandemia da COVID-19 e, malia as previsi\u00f3ns desfavorables, a choiva deu tregua para gozar deste espect\u00e1culo floral\",\"breadcrumb\":{\"@id\":\"https:\\\/\\\/www.turismoaguarda.es\\\/gl\\\/as-alfombras-florais-voltaron-a-encher-de-cor-as-ruas-guardesas\\\/#breadcrumb\"},\"inLanguage\":\"gl\",\"potentialAction\":[{\"@type\":\"ReadAction\",\"target\":[\"https:\\\/\\\/www.turismoaguarda.es\\\/gl\\\/as-alfombras-florais-voltaron-a-encher-de-cor-as-ruas-guardesas\\\/\"]}]},{\"@type\":\"ImageObject\",\"inLanguage\":\"gl\",\"@id\":\"https:\\\/\\\/www.turismoaguarda.es\\\/gl\\\/as-alfombras-florais-voltaron-a-encher-de-cor-as-ruas-guardesas\\\/#primaryimage\",\"url\":\"https:\\\/\\\/www.turismoaguarda.es\\\/wp-content\\\/uploads\\\/2022\\\/06\\\/NP-20062022-ALFOMBRAS-FLORAIS-1.jpg\",\"contentUrl\":\"https:\\\/\\\/www.turismoaguarda.es\\\/wp-content\\\/uploads\\\/2022\\\/06\\\/NP-20062022-ALFOMBRAS-FLORAIS-1.jpg\",\"width\":800,\"height\":800,\"caption\":\"As Alfombras Florais voltaron a encher de cor as r\u00faas guardesas\"},{\"@type\":\"BreadcrumbList\",\"@id\":\"https:\\\/\\\/www.turismoaguarda.es\\\/gl\\\/as-alfombras-florais-voltaron-a-encher-de-cor-as-ruas-guardesas\\\/#breadcrumb\",\"itemListElement\":[{\"@type\":\"ListItem\",\"position\":1,\"name\":\"Portada\",\"item\":\"https:\\\/\\\/www.turismoaguarda.es\\\/gl\\\/\"},{\"@type\":\"ListItem\",\"position\":2,\"name\":\"As Alfombras Florais voltaron a encher de cor as r\u00faas guardesas\"}]},{\"@type\":\"WebSite\",\"@id\":\"https:\\\/\\\/www.turismoaguarda.es\\\/#website\",\"url\":\"https:\\\/\\\/www.turismoaguarda.es\\\/\",\"name\":\"Turismo A Guarda\",\"description\":\"Informaci\u00f3n tur\u00edstica de A Guarda y alrededores.\",\"potentialAction\":[{\"@type\":\"SearchAction\",\"target\":{\"@type\":\"EntryPoint\",\"urlTemplate\":\"https:\\\/\\\/www.turismoaguarda.es\\\/?s={search_term_string}\"},\"query-input\":{\"@type\":\"PropertyValueSpecification\",\"valueRequired\":true,\"valueName\":\"search_term_string\"}}],\"inLanguage\":\"gl\"},{\"@type\":\"Person\",\"@id\":\"https:\\\/\\\/www.turismoaguarda.es\\\/#\\\/schema\\\/person\\\/a8b0c27ad7bcbb6c19799e934727508e\",\"name\":\"Prensa A Guarda\",\"image\":{\"@type\":\"ImageObject\",\"inLanguage\":\"gl\",\"@id\":\"https:\\\/\\\/secure.gravatar.com\\\/avatar\\\/387e117f874ba5d0a3439060b45d914395d77287b2e4890a49d1599fc3ef9189?s=96&d=mm&r=g\",\"url\":\"https:\\\/\\\/secure.gravatar.com\\\/avatar\\\/387e117f874ba5d0a3439060b45d914395d77287b2e4890a49d1599fc3ef9189?s=96&d=mm&r=g\",\"contentUrl\":\"https:\\\/\\\/secure.gravatar.com\\\/avatar\\\/387e117f874ba5d0a3439060b45d914395d77287b2e4890a49d1599fc3ef9189?s=96&d=mm&r=g\",\"caption\":\"Prensa A Guarda\"},\"url\":\"https:\\\/\\\/www.turismoaguarda.es\\\/gl\\\/author\\\/prensa\\\/\"}]}<\/script>\n<!-- \/ Yoast SEO plugin. -->","yoast_head_json":{"title":"As Alfombras Florais voltaron a encher de cor as r\u00faas guardesas | Turismo A Guarda","description":"A Guarda recupera unha das festas tradicionais da vila despois da pandemia da COVID-19 e, malia as previsi\u00f3ns desfavorables, a choiva deu tregua para gozar deste espect\u00e1culo floral","robots":{"index":"index","follow":"follow","max-snippet":"max-snippet:-1","max-image-preview":"max-image-preview:large","max-video-preview":"max-video-preview:-1"},"canonical":"https:\/\/www.turismoaguarda.es\/gl\/as-alfombras-florais-voltaron-a-encher-de-cor-as-ruas-guardesas\/","og_locale":"en_US","og_type":"article","og_title":"As Alfombras Florais voltaron a encher de cor as r\u00faas guardesas | Turismo A Guarda","og_description":"A Guarda recupera unha das festas tradicionais da vila despois da pandemia da COVID-19 e, malia as previsi\u00f3ns desfavorables, a choiva deu tregua para gozar deste espect\u00e1culo floral","og_url":"https:\/\/www.turismoaguarda.es\/gl\/as-alfombras-florais-voltaron-a-encher-de-cor-as-ruas-guardesas\/","og_site_name":"Turismo A Guarda","article_publisher":"https:\/\/es-es.facebook.com\/Turismo-A-Guarda-126223240790625\/","article_published_time":"2022-06-20T11:00:49+00:00","og_image":[{"width":800,"height":800,"url":"https:\/\/www.turismoaguarda.es\/wp-content\/uploads\/2022\/06\/NP-20062022-ALFOMBRAS-FLORAIS-1.jpg","type":"image\/jpeg"}],"author":"Prensa A Guarda","twitter_card":"summary_large_image","twitter_creator":"@TurismoAGuarda","twitter_site":"@TurismoAGuarda","twitter_misc":{"Written by":"Prensa A Guarda","Est. reading time":"2 minutes"},"schema":{"@context":"https:\/\/schema.org","@graph":[{"@type":"Article","@id":"https:\/\/www.turismoaguarda.es\/gl\/as-alfombras-florais-voltaron-a-encher-de-cor-as-ruas-guardesas\/#article","isPartOf":{"@id":"https:\/\/www.turismoaguarda.es\/gl\/as-alfombras-florais-voltaron-a-encher-de-cor-as-ruas-guardesas\/"},"author":{"name":"Prensa A Guarda","@id":"https:\/\/www.turismoaguarda.es\/#\/schema\/person\/a8b0c27ad7bcbb6c19799e934727508e"},"headline":"As Alfombras Florais voltaron a encher de cor as r\u00faas guardesas","datePublished":"2022-06-20T11:00:49+00:00","mainEntityOfPage":{"@id":"https:\/\/www.turismoaguarda.es\/gl\/as-alfombras-florais-voltaron-a-encher-de-cor-as-ruas-guardesas\/"},"wordCount":332,"commentCount":0,"image":{"@id":"https:\/\/www.turismoaguarda.es\/gl\/as-alfombras-florais-voltaron-a-encher-de-cor-as-ruas-guardesas\/#primaryimage"},"thumbnailUrl":"https:\/\/www.turismoaguarda.es\/wp-content\/uploads\/2022\/06\/NP-20062022-ALFOMBRAS-FLORAIS-1.jpg","keywords":["A Guarda","Alfombras florales","turismo"],"articleSection":["Novas Turismo"],"inLanguage":"gl","potentialAction":[{"@type":"CommentAction","name":"Comment","target":["https:\/\/www.turismoaguarda.es\/gl\/as-alfombras-florais-voltaron-a-encher-de-cor-as-ruas-guardesas\/#respond"]}]},{"@type":"WebPage","@id":"https:\/\/www.turismoaguarda.es\/gl\/as-alfombras-florais-voltaron-a-encher-de-cor-as-ruas-guardesas\/","url":"https:\/\/www.turismoaguarda.es\/gl\/as-alfombras-florais-voltaron-a-encher-de-cor-as-ruas-guardesas\/","name":"As Alfombras Florais voltaron a encher de cor as r\u00faas guardesas | Turismo A Guarda","isPartOf":{"@id":"https:\/\/www.turismoaguarda.es\/#website"},"primaryImageOfPage":{"@id":"https:\/\/www.turismoaguarda.es\/gl\/as-alfombras-florais-voltaron-a-encher-de-cor-as-ruas-guardesas\/#primaryimage"},"image":{"@id":"https:\/\/www.turismoaguarda.es\/gl\/as-alfombras-florais-voltaron-a-encher-de-cor-as-ruas-guardesas\/#primaryimage"},"thumbnailUrl":"https:\/\/www.turismoaguarda.es\/wp-content\/uploads\/2022\/06\/NP-20062022-ALFOMBRAS-FLORAIS-1.jpg","datePublished":"2022-06-20T11:00:49+00:00","author":{"@id":"https:\/\/www.turismoaguarda.es\/#\/schema\/person\/a8b0c27ad7bcbb6c19799e934727508e"},"description":"A Guarda recupera unha das festas tradicionais da vila despois da pandemia da COVID-19 e, malia as previsi\u00f3ns desfavorables, a choiva deu tregua para gozar deste espect\u00e1culo floral","breadcrumb":{"@id":"https:\/\/www.turismoaguarda.es\/gl\/as-alfombras-florais-voltaron-a-encher-de-cor-as-ruas-guardesas\/#breadcrumb"},"inLanguage":"gl","potentialAction":[{"@type":"ReadAction","target":["https:\/\/www.turismoaguarda.es\/gl\/as-alfombras-florais-voltaron-a-encher-de-cor-as-ruas-guardesas\/"]}]},{"@type":"ImageObject","inLanguage":"gl","@id":"https:\/\/www.turismoaguarda.es\/gl\/as-alfombras-florais-voltaron-a-encher-de-cor-as-ruas-guardesas\/#primaryimage","url":"https:\/\/www.turismoaguarda.es\/wp-content\/uploads\/2022\/06\/NP-20062022-ALFOMBRAS-FLORAIS-1.jpg","contentUrl":"https:\/\/www.turismoaguarda.es\/wp-content\/uploads\/2022\/06\/NP-20062022-ALFOMBRAS-FLORAIS-1.jpg","width":800,"height":800,"caption":"As Alfombras Florais voltaron a encher de cor as r\u00faas guardesas"},{"@type":"BreadcrumbList","@id":"https:\/\/www.turismoaguarda.es\/gl\/as-alfombras-florais-voltaron-a-encher-de-cor-as-ruas-guardesas\/#breadcrumb","itemListElement":[{"@type":"ListItem","position":1,"name":"Portada","item":"https:\/\/www.turismoaguarda.es\/gl\/"},{"@type":"ListItem","position":2,"name":"As Alfombras Florais voltaron a encher de cor as r\u00faas guardesas"}]},{"@type":"WebSite","@id":"https:\/\/www.turismoaguarda.es\/#website","url":"https:\/\/www.turismoaguarda.es\/","name":"Turismo A Guarda","description":"Informaci\u00f3n tur\u00edstica de A Guarda y alrededores.","potentialAction":[{"@type":"SearchAction","target":{"@type":"EntryPoint","urlTemplate":"https:\/\/www.turismoaguarda.es\/?s={search_term_string}"},"query-input":{"@type":"PropertyValueSpecification","valueRequired":true,"valueName":"search_term_string"}}],"inLanguage":"gl"},{"@type":"Person","@id":"https:\/\/www.turismoaguarda.es\/#\/schema\/person\/a8b0c27ad7bcbb6c19799e934727508e","name":"Prensa A Guarda","image":{"@type":"ImageObject","inLanguage":"gl","@id":"https:\/\/secure.gravatar.com\/avatar\/387e117f874ba5d0a3439060b45d914395d77287b2e4890a49d1599fc3ef9189?s=96&d=mm&r=g","url":"https:\/\/secure.gravatar.com\/avatar\/387e117f874ba5d0a3439060b45d914395d77287b2e4890a49d1599fc3ef9189?s=96&d=mm&r=g","contentUrl":"https:\/\/secure.gravatar.com\/avatar\/387e117f874ba5d0a3439060b45d914395d77287b2e4890a49d1599fc3ef9189?s=96&d=mm&r=g","caption":"Prensa A Guarda"},"url":"https:\/\/www.turismoaguarda.es\/gl\/author\/prensa\/"}]}},"_links":{"self":[{"href":"https:\/\/www.turismoaguarda.es\/gl\/wp-json\/wp\/v2\/posts\/15647","targetHints":{"allow":["GET"]}}],"collection":[{"href":"https:\/\/www.turismoaguarda.es\/gl\/wp-json\/wp\/v2\/posts"}],"about":[{"href":"https:\/\/www.turismoaguarda.es\/gl\/wp-json\/wp\/v2\/types\/post"}],"author":[{"embeddable":true,"href":"https:\/\/www.turismoaguarda.es\/gl\/wp-json\/wp\/v2\/users\/11"}],"replies":[{"embeddable":true,"href":"https:\/\/www.turismoaguarda.es\/gl\/wp-json\/wp\/v2\/comments?post=15647"}],"version-history":[{"count":1,"href":"https:\/\/www.turismoaguarda.es\/gl\/wp-json\/wp\/v2\/posts\/15647\/revisions"}],"predecessor-version":[{"id":15651,"href":"https:\/\/www.turismoaguarda.es\/gl\/wp-json\/wp\/v2\/posts\/15647\/revisions\/15651"}],"wp:featuredmedia":[{"embeddable":true,"href":"https:\/\/www.turismoaguarda.es\/gl\/wp-json\/wp\/v2\/media\/15648"}],"wp:attachment":[{"href":"https:\/\/www.turismoaguarda.es\/gl\/wp-json\/wp\/v2\/media?parent=15647"}],"wp:term":[{"taxonomy":"category","embeddable":true,"href":"https:\/\/www.turismoaguarda.es\/gl\/wp-json\/wp\/v2\/categories?post=15647"},{"taxonomy":"post_tag","embeddable":true,"href":"https:\/\/www.turismoaguarda.es\/gl\/wp-json\/wp\/v2\/tags?post=15647"}],"curies":[{"name":"wp","href":"https:\/\/api.w.org\/{rel}","templated":true}]}}