{"id":15617,"date":"2022-06-09T17:03:03","date_gmt":"2022-06-09T15:03:03","guid":{"rendered":"https:\/\/www.turismoaguarda.es\/?p=15617"},"modified":"2022-06-09T17:03:03","modified_gmt":"2022-06-09T15:03:03","slug":"atlantic-culturescape-a-guarda-estrea-a-peza-audiovisual-atalaia-piueiro-no-centro-cultural-de-a-guarda","status":"publish","type":"post","link":"https:\/\/www.turismoaguarda.es\/gl\/atlantic-culturescape-a-guarda-estrea-a-peza-audiovisual-atalaia-piueiro-no-centro-cultural-de-a-guarda\/","title":{"rendered":"Atlantic CultureScape A Guarda estrea a peza audiovisual ATALAIA &#8211; PIUEIRO no Centro Cultural de A Guarda"},"content":{"rendered":"<p><em><strong>\u2022 Venres 17 de xu\u00f1o \u00e1s 20:30h no Centro Cultural da Guarda.<\/strong><\/em><br \/>\n<em><strong>\u2022 O s\u00e1bado 18 de xu\u00f1o realizarase tam\u00e9n unha ruta guiada en colaboraci\u00f3n coa Asociaci\u00f3n Xuliva e a Asociaci\u00f3n de Redeiras Atalaia que partir\u00e1 \u00e1s 11:30h dende a Cetaria Agrelo.<\/strong><\/em><\/p>\n<p>Creada por Xisela Franco, a peza ser\u00e1 presentada este venres 17 de xu\u00f1o \u00e1s 20.30h no Centro Cultural da Guarda. Tras a presentaci\u00f3n da creaci\u00f3n audiovisual na Mostra Internacional de Cinema Etnogr\u00e1fico (MICE) do Museo do Pobo Galego, o pasado 23 de marzo, a autora culmina coa s\u00faa obra definitiva estre\u00e1ndoa na vila protagonista, A Guarda.<\/p>\n<p>A trav\u00e9s da etnograf\u00eda experimental acheg\u00e1monos \u00e1 cultura mari\u00f1eira, aos oficios, aos saberes, \u00e1s tradici\u00f3ns e \u00e1s identidades de hoxe e de onte. Unha forma dar visibilidade a ese patrimonio inmaterial da vila, de crear emoci\u00f3ns arraigadas ao territorio e \u00e1 s\u00faa xente, de facer poes\u00eda e antropolox\u00eda audiovisual&#8230; que se ver\u00e1 culminada co lanzamento por vez primeira de material in\u00e9dito; como son as gravaci\u00f3ns que non foron empregadas para a peza ou aquelas de arquivo cedidas por diferentes familias veci\u00f1as da vila.<\/p>\n<p>\u00c1 xornada asistir\u00e1n as asociaci\u00f3ns protagonistas de Redeiras do Baixo Mi\u00f1o Atalaia e de Embarcaci\u00f3ns tradicionais O Piueiro, que pechar\u00e1n a xornada cun faladoiro aberto \u00e1 participaci\u00f3n do p\u00fablico.<\/p>\n<p>A xornada \u00e9 de balde at\u00e9 completar aforo.<\/p>\n<p><strong>Outras actividades vinculadas ao proxecto Atlantic Culture Scape: roteiro guiado [18 de xu\u00f1o]<\/strong><\/p>\n<p>Para continuar co proceso creativo e colectivo vinculado co patrimonio da vila da Guarda, desenvolv\u00e9ronse d\u00faas rutas nas que se recollen todo ese patrimonio constru\u00eddo e sostido polas persoas que habitaron e habitan A Guarda. As\u00ed, o 18 de xu\u00f1o realizarase unha das rutas que ser\u00e1 guiada pola comunidade local. O punto de partida ser\u00e1 a Cetaria Agrelo \u00e1s 11.30h e o percorrido ter\u00e1 unha duraci\u00f3n aproximada de d\u00faas horas e media. Para inscrici\u00f3ns e m\u00e1is informaci\u00f3n, as persoas interesadas deber\u00e1n contactar ao e-mail da Asociaci\u00f3n Xuliva \u2013 Historia e Paisaxismo [xulivaguarda@gmail.com], instituci\u00f3n local encargada de organizar o evento. Esta actividade tam\u00e9n \u00e9 de balde at\u00e9 completar o aforo de 45 prazas.<\/p>\n<p>Ambas actividades contan coa colaboraci\u00f3n do Concello da Guarda, das asociaci\u00f3ns Redeiras do Baixo Mi\u00f1o Atalaia, de Embarcaci\u00f3ns Tradicionais O Piueiro e Xuliva \u2013 Historia e Paisaxismo.<\/p>\n<p><strong>Sobre Atlantic Culture Scape<\/strong><br \/>\nO proxecto Atlantic CultureScape \u00e9 unha iniciativa que estuda e d\u00e1 a co\u00f1ecer o patrimonio inmaterial do espazo Atl\u00e1ntico. Co-financiado polo Fondo europeo de Desenvolvemento Rexional (FEDER), ao abrigo do programa INTERREG Espazo Atl\u00e1ntico, o programa promove a cooperaci\u00f3n transnacional entre 36 rexi\u00f3ns atl\u00e1nticas de cinco Estados europeos. Desta forma, participan diferentes entidades e organismos de lugares como Irlanda, Gales, Cantabria, Andaluc\u00eda, Portugal, [&#8230;] e Galicia! \u00c9 as\u00ed como nace Atlantic CultureScape A Guarda, un proxecto comunitario impulsado pola Universidade de Vigo e levado a cabo grazas \u00e1 colaboraci\u00f3n das asociaci\u00f3ns mencionadas, entre outros actores locais.<br \/>\nDeste xeito, despois de tres anos de actividade, o proxecto remata o vindeiro mes de setembro, deixando os seus obxectivos cumpridos e unha recua de actividades de socializaci\u00f3n e visibilizaci\u00f3n da paisaxe da vila mari\u00f1eira, da s\u00faa historia e do seu patrimonio material e inmaterial, como eixes sostibles e xeradores de econom\u00eda na vila.<\/p>\n","protected":false},"excerpt":{"rendered":"<p>\u2022 Venres 17 de xu\u00f1o \u00e1s 20:30h no Centro Cultural da Guarda. \u2022 O s\u00e1bado 18 de xu\u00f1o realizarase tam\u00e9n unha ruta guiada en colaboraci\u00f3n coa Asociaci\u00f3n Xuliva e a Asociaci\u00f3n de Redeiras Atalaia que partir\u00e1 \u00e1s 11:30h dende a Cetaria Agrelo. Creada por Xisela Franco, a peza ser\u00e1 presentada este venres 17 de xu\u00f1o<\/p>\n<div class=\"padding-top text-center\"><a href=\"https:\/\/www.turismoaguarda.es\/gl\/atlantic-culturescape-a-guarda-estrea-a-peza-audiovisual-atalaia-piueiro-no-centro-cultural-de-a-guarda\/\" class=\"atbtn atbtn--medium atbtn--rounded atbtn--transparent\">Leer m\u00e1is<i class=\"atbtn__icon atbtn__icon--right fa fa-long-arrow-right\"><\/i><\/a><\/div>\n","protected":false},"author":11,"featured_media":15610,"comment_status":"open","ping_status":"open","sticky":false,"template":"","format":"standard","meta":{"footnotes":""},"categories":[94],"tags":[170,1947,214,171],"class_list":["post-15617","post","type-post","status-publish","format-standard","has-post-thumbnail","hentry","category-novas-turismo","tag-a-guarda-gl","tag-atlantic-culturescape-a-guarda","tag-cultura-gl","tag-turismo-gl"],"yoast_head":"<!-- This site is optimized with the Yoast SEO plugin v27.4 - https:\/\/yoast.com\/product\/yoast-seo-wordpress\/ -->\n<title>Atlantic CultureScape A Guarda estrea a peza audiovisual ATALAIA - PIUEIRO no Centro Cultural de A Guarda | Turismo A Guarda<\/title>\n<meta name=\"description\" content=\"\u2022 O s\u00e1bado 18 de xu\u00f1o realizarase tam\u00e9n unha ruta guiada en colaboraci\u00f3n coa Asociaci\u00f3n Xuliva e a Asociaci\u00f3n de Redeiras Atalaia que partir\u00e1 \u00e1s 11:30h dende a Cetaria Agrelo.\" \/>\n<meta name=\"robots\" content=\"index, follow, max-snippet:-1, max-image-preview:large, max-video-preview:-1\" \/>\n<link rel=\"canonical\" href=\"https:\/\/www.turismoaguarda.es\/gl\/atlantic-culturescape-a-guarda-estrea-a-peza-audiovisual-atalaia-piueiro-no-centro-cultural-de-a-guarda\/\" \/>\n<meta property=\"og:locale\" content=\"en_US\" \/>\n<meta property=\"og:type\" content=\"article\" \/>\n<meta property=\"og:title\" content=\"Atlantic CultureScape A Guarda estrea a peza audiovisual ATALAIA - PIUEIRO no Centro Cultural de A Guarda | Turismo A Guarda\" \/>\n<meta property=\"og:description\" content=\"\u2022 O s\u00e1bado 18 de xu\u00f1o realizarase tam\u00e9n unha ruta guiada en colaboraci\u00f3n coa Asociaci\u00f3n Xuliva e a Asociaci\u00f3n de Redeiras Atalaia que partir\u00e1 \u00e1s 11:30h dende a Cetaria Agrelo.\" \/>\n<meta property=\"og:url\" content=\"https:\/\/www.turismoaguarda.es\/gl\/atlantic-culturescape-a-guarda-estrea-a-peza-audiovisual-atalaia-piueiro-no-centro-cultural-de-a-guarda\/\" \/>\n<meta property=\"og:site_name\" content=\"Turismo A Guarda\" \/>\n<meta property=\"article:publisher\" content=\"https:\/\/es-es.facebook.com\/Turismo-A-Guarda-126223240790625\/\" \/>\n<meta property=\"article:published_time\" content=\"2022-06-09T15:03:03+00:00\" \/>\n<meta property=\"og:image\" content=\"https:\/\/www.turismoaguarda.es\/wp-content\/uploads\/2022\/06\/Sin-titulo-1.jpg\" \/>\n\t<meta property=\"og:image:width\" content=\"800\" \/>\n\t<meta property=\"og:image:height\" content=\"533\" \/>\n\t<meta property=\"og:image:type\" content=\"image\/jpeg\" \/>\n<meta name=\"author\" content=\"Prensa A Guarda\" \/>\n<meta name=\"twitter:card\" content=\"summary_large_image\" \/>\n<meta name=\"twitter:creator\" content=\"@TurismoAGuarda\" \/>\n<meta name=\"twitter:site\" content=\"@TurismoAGuarda\" \/>\n<meta name=\"twitter:label1\" content=\"Written by\" \/>\n\t<meta name=\"twitter:data1\" content=\"Prensa A Guarda\" \/>\n\t<meta name=\"twitter:label2\" content=\"Est. reading time\" \/>\n\t<meta name=\"twitter:data2\" content=\"3 minutes\" \/>\n<script type=\"application\/ld+json\" class=\"yoast-schema-graph\">{\"@context\":\"https:\\\/\\\/schema.org\",\"@graph\":[{\"@type\":\"Article\",\"@id\":\"https:\\\/\\\/www.turismoaguarda.es\\\/gl\\\/atlantic-culturescape-a-guarda-estrea-a-peza-audiovisual-atalaia-piueiro-no-centro-cultural-de-a-guarda\\\/#article\",\"isPartOf\":{\"@id\":\"https:\\\/\\\/www.turismoaguarda.es\\\/gl\\\/atlantic-culturescape-a-guarda-estrea-a-peza-audiovisual-atalaia-piueiro-no-centro-cultural-de-a-guarda\\\/\"},\"author\":{\"name\":\"Prensa A Guarda\",\"@id\":\"https:\\\/\\\/www.turismoaguarda.es\\\/#\\\/schema\\\/person\\\/a8b0c27ad7bcbb6c19799e934727508e\"},\"headline\":\"Atlantic CultureScape A Guarda estrea a peza audiovisual ATALAIA &#8211; PIUEIRO no Centro Cultural de A Guarda\",\"datePublished\":\"2022-06-09T15:03:03+00:00\",\"mainEntityOfPage\":{\"@id\":\"https:\\\/\\\/www.turismoaguarda.es\\\/gl\\\/atlantic-culturescape-a-guarda-estrea-a-peza-audiovisual-atalaia-piueiro-no-centro-cultural-de-a-guarda\\\/\"},\"wordCount\":585,\"commentCount\":0,\"image\":{\"@id\":\"https:\\\/\\\/www.turismoaguarda.es\\\/gl\\\/atlantic-culturescape-a-guarda-estrea-a-peza-audiovisual-atalaia-piueiro-no-centro-cultural-de-a-guarda\\\/#primaryimage\"},\"thumbnailUrl\":\"https:\\\/\\\/www.turismoaguarda.es\\\/wp-content\\\/uploads\\\/2022\\\/06\\\/Sin-titulo-1.jpg\",\"keywords\":[\"A Guarda\",\"Atlantic CultureScape A Guarda\",\"cultura\",\"turismo\"],\"articleSection\":[\"Novas Turismo\"],\"inLanguage\":\"gl\",\"potentialAction\":[{\"@type\":\"CommentAction\",\"name\":\"Comment\",\"target\":[\"https:\\\/\\\/www.turismoaguarda.es\\\/gl\\\/atlantic-culturescape-a-guarda-estrea-a-peza-audiovisual-atalaia-piueiro-no-centro-cultural-de-a-guarda\\\/#respond\"]}]},{\"@type\":\"WebPage\",\"@id\":\"https:\\\/\\\/www.turismoaguarda.es\\\/gl\\\/atlantic-culturescape-a-guarda-estrea-a-peza-audiovisual-atalaia-piueiro-no-centro-cultural-de-a-guarda\\\/\",\"url\":\"https:\\\/\\\/www.turismoaguarda.es\\\/gl\\\/atlantic-culturescape-a-guarda-estrea-a-peza-audiovisual-atalaia-piueiro-no-centro-cultural-de-a-guarda\\\/\",\"name\":\"Atlantic CultureScape A Guarda estrea a peza audiovisual ATALAIA - PIUEIRO no Centro Cultural de A Guarda | Turismo A Guarda\",\"isPartOf\":{\"@id\":\"https:\\\/\\\/www.turismoaguarda.es\\\/#website\"},\"primaryImageOfPage\":{\"@id\":\"https:\\\/\\\/www.turismoaguarda.es\\\/gl\\\/atlantic-culturescape-a-guarda-estrea-a-peza-audiovisual-atalaia-piueiro-no-centro-cultural-de-a-guarda\\\/#primaryimage\"},\"image\":{\"@id\":\"https:\\\/\\\/www.turismoaguarda.es\\\/gl\\\/atlantic-culturescape-a-guarda-estrea-a-peza-audiovisual-atalaia-piueiro-no-centro-cultural-de-a-guarda\\\/#primaryimage\"},\"thumbnailUrl\":\"https:\\\/\\\/www.turismoaguarda.es\\\/wp-content\\\/uploads\\\/2022\\\/06\\\/Sin-titulo-1.jpg\",\"datePublished\":\"2022-06-09T15:03:03+00:00\",\"author\":{\"@id\":\"https:\\\/\\\/www.turismoaguarda.es\\\/#\\\/schema\\\/person\\\/a8b0c27ad7bcbb6c19799e934727508e\"},\"description\":\"\u2022 O s\u00e1bado 18 de xu\u00f1o realizarase tam\u00e9n unha ruta guiada en colaboraci\u00f3n coa Asociaci\u00f3n Xuliva e a Asociaci\u00f3n de Redeiras Atalaia que partir\u00e1 \u00e1s 11:30h dende a Cetaria Agrelo.\",\"breadcrumb\":{\"@id\":\"https:\\\/\\\/www.turismoaguarda.es\\\/gl\\\/atlantic-culturescape-a-guarda-estrea-a-peza-audiovisual-atalaia-piueiro-no-centro-cultural-de-a-guarda\\\/#breadcrumb\"},\"inLanguage\":\"gl\",\"potentialAction\":[{\"@type\":\"ReadAction\",\"target\":[\"https:\\\/\\\/www.turismoaguarda.es\\\/gl\\\/atlantic-culturescape-a-guarda-estrea-a-peza-audiovisual-atalaia-piueiro-no-centro-cultural-de-a-guarda\\\/\"]}]},{\"@type\":\"ImageObject\",\"inLanguage\":\"gl\",\"@id\":\"https:\\\/\\\/www.turismoaguarda.es\\\/gl\\\/atlantic-culturescape-a-guarda-estrea-a-peza-audiovisual-atalaia-piueiro-no-centro-cultural-de-a-guarda\\\/#primaryimage\",\"url\":\"https:\\\/\\\/www.turismoaguarda.es\\\/wp-content\\\/uploads\\\/2022\\\/06\\\/Sin-titulo-1.jpg\",\"contentUrl\":\"https:\\\/\\\/www.turismoaguarda.es\\\/wp-content\\\/uploads\\\/2022\\\/06\\\/Sin-titulo-1.jpg\",\"width\":800,\"height\":533,\"caption\":\"Atlantic CultureScape A Guarda estrea a peza audiovisual ATALAIA\\\/PIUEIRO no Centro Cultural de A Guarda\"},{\"@type\":\"BreadcrumbList\",\"@id\":\"https:\\\/\\\/www.turismoaguarda.es\\\/gl\\\/atlantic-culturescape-a-guarda-estrea-a-peza-audiovisual-atalaia-piueiro-no-centro-cultural-de-a-guarda\\\/#breadcrumb\",\"itemListElement\":[{\"@type\":\"ListItem\",\"position\":1,\"name\":\"Portada\",\"item\":\"https:\\\/\\\/www.turismoaguarda.es\\\/gl\\\/\"},{\"@type\":\"ListItem\",\"position\":2,\"name\":\"Atlantic CultureScape A Guarda estrea a peza audiovisual ATALAIA &#8211; PIUEIRO no Centro Cultural de A Guarda\"}]},{\"@type\":\"WebSite\",\"@id\":\"https:\\\/\\\/www.turismoaguarda.es\\\/#website\",\"url\":\"https:\\\/\\\/www.turismoaguarda.es\\\/\",\"name\":\"Turismo A Guarda\",\"description\":\"Informaci\u00f3n tur\u00edstica de A Guarda y alrededores.\",\"potentialAction\":[{\"@type\":\"SearchAction\",\"target\":{\"@type\":\"EntryPoint\",\"urlTemplate\":\"https:\\\/\\\/www.turismoaguarda.es\\\/?s={search_term_string}\"},\"query-input\":{\"@type\":\"PropertyValueSpecification\",\"valueRequired\":true,\"valueName\":\"search_term_string\"}}],\"inLanguage\":\"gl\"},{\"@type\":\"Person\",\"@id\":\"https:\\\/\\\/www.turismoaguarda.es\\\/#\\\/schema\\\/person\\\/a8b0c27ad7bcbb6c19799e934727508e\",\"name\":\"Prensa A Guarda\",\"image\":{\"@type\":\"ImageObject\",\"inLanguage\":\"gl\",\"@id\":\"https:\\\/\\\/secure.gravatar.com\\\/avatar\\\/387e117f874ba5d0a3439060b45d914395d77287b2e4890a49d1599fc3ef9189?s=96&d=mm&r=g\",\"url\":\"https:\\\/\\\/secure.gravatar.com\\\/avatar\\\/387e117f874ba5d0a3439060b45d914395d77287b2e4890a49d1599fc3ef9189?s=96&d=mm&r=g\",\"contentUrl\":\"https:\\\/\\\/secure.gravatar.com\\\/avatar\\\/387e117f874ba5d0a3439060b45d914395d77287b2e4890a49d1599fc3ef9189?s=96&d=mm&r=g\",\"caption\":\"Prensa A Guarda\"},\"url\":\"https:\\\/\\\/www.turismoaguarda.es\\\/gl\\\/author\\\/prensa\\\/\"}]}<\/script>\n<!-- \/ Yoast SEO plugin. -->","yoast_head_json":{"title":"Atlantic CultureScape A Guarda estrea a peza audiovisual ATALAIA - PIUEIRO no Centro Cultural de A Guarda | Turismo A Guarda","description":"\u2022 O s\u00e1bado 18 de xu\u00f1o realizarase tam\u00e9n unha ruta guiada en colaboraci\u00f3n coa Asociaci\u00f3n Xuliva e a Asociaci\u00f3n de Redeiras Atalaia que partir\u00e1 \u00e1s 11:30h dende a Cetaria Agrelo.","robots":{"index":"index","follow":"follow","max-snippet":"max-snippet:-1","max-image-preview":"max-image-preview:large","max-video-preview":"max-video-preview:-1"},"canonical":"https:\/\/www.turismoaguarda.es\/gl\/atlantic-culturescape-a-guarda-estrea-a-peza-audiovisual-atalaia-piueiro-no-centro-cultural-de-a-guarda\/","og_locale":"en_US","og_type":"article","og_title":"Atlantic CultureScape A Guarda estrea a peza audiovisual ATALAIA - PIUEIRO no Centro Cultural de A Guarda | Turismo A Guarda","og_description":"\u2022 O s\u00e1bado 18 de xu\u00f1o realizarase tam\u00e9n unha ruta guiada en colaboraci\u00f3n coa Asociaci\u00f3n Xuliva e a Asociaci\u00f3n de Redeiras Atalaia que partir\u00e1 \u00e1s 11:30h dende a Cetaria Agrelo.","og_url":"https:\/\/www.turismoaguarda.es\/gl\/atlantic-culturescape-a-guarda-estrea-a-peza-audiovisual-atalaia-piueiro-no-centro-cultural-de-a-guarda\/","og_site_name":"Turismo A Guarda","article_publisher":"https:\/\/es-es.facebook.com\/Turismo-A-Guarda-126223240790625\/","article_published_time":"2022-06-09T15:03:03+00:00","og_image":[{"width":800,"height":533,"url":"https:\/\/www.turismoaguarda.es\/wp-content\/uploads\/2022\/06\/Sin-titulo-1.jpg","type":"image\/jpeg"}],"author":"Prensa A Guarda","twitter_card":"summary_large_image","twitter_creator":"@TurismoAGuarda","twitter_site":"@TurismoAGuarda","twitter_misc":{"Written by":"Prensa A Guarda","Est. reading time":"3 minutes"},"schema":{"@context":"https:\/\/schema.org","@graph":[{"@type":"Article","@id":"https:\/\/www.turismoaguarda.es\/gl\/atlantic-culturescape-a-guarda-estrea-a-peza-audiovisual-atalaia-piueiro-no-centro-cultural-de-a-guarda\/#article","isPartOf":{"@id":"https:\/\/www.turismoaguarda.es\/gl\/atlantic-culturescape-a-guarda-estrea-a-peza-audiovisual-atalaia-piueiro-no-centro-cultural-de-a-guarda\/"},"author":{"name":"Prensa A Guarda","@id":"https:\/\/www.turismoaguarda.es\/#\/schema\/person\/a8b0c27ad7bcbb6c19799e934727508e"},"headline":"Atlantic CultureScape A Guarda estrea a peza audiovisual ATALAIA &#8211; PIUEIRO no Centro Cultural de A Guarda","datePublished":"2022-06-09T15:03:03+00:00","mainEntityOfPage":{"@id":"https:\/\/www.turismoaguarda.es\/gl\/atlantic-culturescape-a-guarda-estrea-a-peza-audiovisual-atalaia-piueiro-no-centro-cultural-de-a-guarda\/"},"wordCount":585,"commentCount":0,"image":{"@id":"https:\/\/www.turismoaguarda.es\/gl\/atlantic-culturescape-a-guarda-estrea-a-peza-audiovisual-atalaia-piueiro-no-centro-cultural-de-a-guarda\/#primaryimage"},"thumbnailUrl":"https:\/\/www.turismoaguarda.es\/wp-content\/uploads\/2022\/06\/Sin-titulo-1.jpg","keywords":["A Guarda","Atlantic CultureScape A Guarda","cultura","turismo"],"articleSection":["Novas Turismo"],"inLanguage":"gl","potentialAction":[{"@type":"CommentAction","name":"Comment","target":["https:\/\/www.turismoaguarda.es\/gl\/atlantic-culturescape-a-guarda-estrea-a-peza-audiovisual-atalaia-piueiro-no-centro-cultural-de-a-guarda\/#respond"]}]},{"@type":"WebPage","@id":"https:\/\/www.turismoaguarda.es\/gl\/atlantic-culturescape-a-guarda-estrea-a-peza-audiovisual-atalaia-piueiro-no-centro-cultural-de-a-guarda\/","url":"https:\/\/www.turismoaguarda.es\/gl\/atlantic-culturescape-a-guarda-estrea-a-peza-audiovisual-atalaia-piueiro-no-centro-cultural-de-a-guarda\/","name":"Atlantic CultureScape A Guarda estrea a peza audiovisual ATALAIA - PIUEIRO no Centro Cultural de A Guarda | Turismo A Guarda","isPartOf":{"@id":"https:\/\/www.turismoaguarda.es\/#website"},"primaryImageOfPage":{"@id":"https:\/\/www.turismoaguarda.es\/gl\/atlantic-culturescape-a-guarda-estrea-a-peza-audiovisual-atalaia-piueiro-no-centro-cultural-de-a-guarda\/#primaryimage"},"image":{"@id":"https:\/\/www.turismoaguarda.es\/gl\/atlantic-culturescape-a-guarda-estrea-a-peza-audiovisual-atalaia-piueiro-no-centro-cultural-de-a-guarda\/#primaryimage"},"thumbnailUrl":"https:\/\/www.turismoaguarda.es\/wp-content\/uploads\/2022\/06\/Sin-titulo-1.jpg","datePublished":"2022-06-09T15:03:03+00:00","author":{"@id":"https:\/\/www.turismoaguarda.es\/#\/schema\/person\/a8b0c27ad7bcbb6c19799e934727508e"},"description":"\u2022 O s\u00e1bado 18 de xu\u00f1o realizarase tam\u00e9n unha ruta guiada en colaboraci\u00f3n coa Asociaci\u00f3n Xuliva e a Asociaci\u00f3n de Redeiras Atalaia que partir\u00e1 \u00e1s 11:30h dende a Cetaria Agrelo.","breadcrumb":{"@id":"https:\/\/www.turismoaguarda.es\/gl\/atlantic-culturescape-a-guarda-estrea-a-peza-audiovisual-atalaia-piueiro-no-centro-cultural-de-a-guarda\/#breadcrumb"},"inLanguage":"gl","potentialAction":[{"@type":"ReadAction","target":["https:\/\/www.turismoaguarda.es\/gl\/atlantic-culturescape-a-guarda-estrea-a-peza-audiovisual-atalaia-piueiro-no-centro-cultural-de-a-guarda\/"]}]},{"@type":"ImageObject","inLanguage":"gl","@id":"https:\/\/www.turismoaguarda.es\/gl\/atlantic-culturescape-a-guarda-estrea-a-peza-audiovisual-atalaia-piueiro-no-centro-cultural-de-a-guarda\/#primaryimage","url":"https:\/\/www.turismoaguarda.es\/wp-content\/uploads\/2022\/06\/Sin-titulo-1.jpg","contentUrl":"https:\/\/www.turismoaguarda.es\/wp-content\/uploads\/2022\/06\/Sin-titulo-1.jpg","width":800,"height":533,"caption":"Atlantic CultureScape A Guarda estrea a peza audiovisual ATALAIA\/PIUEIRO no Centro Cultural de A Guarda"},{"@type":"BreadcrumbList","@id":"https:\/\/www.turismoaguarda.es\/gl\/atlantic-culturescape-a-guarda-estrea-a-peza-audiovisual-atalaia-piueiro-no-centro-cultural-de-a-guarda\/#breadcrumb","itemListElement":[{"@type":"ListItem","position":1,"name":"Portada","item":"https:\/\/www.turismoaguarda.es\/gl\/"},{"@type":"ListItem","position":2,"name":"Atlantic CultureScape A Guarda estrea a peza audiovisual ATALAIA &#8211; PIUEIRO no Centro Cultural de A Guarda"}]},{"@type":"WebSite","@id":"https:\/\/www.turismoaguarda.es\/#website","url":"https:\/\/www.turismoaguarda.es\/","name":"Turismo A Guarda","description":"Informaci\u00f3n tur\u00edstica de A Guarda y alrededores.","potentialAction":[{"@type":"SearchAction","target":{"@type":"EntryPoint","urlTemplate":"https:\/\/www.turismoaguarda.es\/?s={search_term_string}"},"query-input":{"@type":"PropertyValueSpecification","valueRequired":true,"valueName":"search_term_string"}}],"inLanguage":"gl"},{"@type":"Person","@id":"https:\/\/www.turismoaguarda.es\/#\/schema\/person\/a8b0c27ad7bcbb6c19799e934727508e","name":"Prensa A Guarda","image":{"@type":"ImageObject","inLanguage":"gl","@id":"https:\/\/secure.gravatar.com\/avatar\/387e117f874ba5d0a3439060b45d914395d77287b2e4890a49d1599fc3ef9189?s=96&d=mm&r=g","url":"https:\/\/secure.gravatar.com\/avatar\/387e117f874ba5d0a3439060b45d914395d77287b2e4890a49d1599fc3ef9189?s=96&d=mm&r=g","contentUrl":"https:\/\/secure.gravatar.com\/avatar\/387e117f874ba5d0a3439060b45d914395d77287b2e4890a49d1599fc3ef9189?s=96&d=mm&r=g","caption":"Prensa A Guarda"},"url":"https:\/\/www.turismoaguarda.es\/gl\/author\/prensa\/"}]}},"_links":{"self":[{"href":"https:\/\/www.turismoaguarda.es\/gl\/wp-json\/wp\/v2\/posts\/15617","targetHints":{"allow":["GET"]}}],"collection":[{"href":"https:\/\/www.turismoaguarda.es\/gl\/wp-json\/wp\/v2\/posts"}],"about":[{"href":"https:\/\/www.turismoaguarda.es\/gl\/wp-json\/wp\/v2\/types\/post"}],"author":[{"embeddable":true,"href":"https:\/\/www.turismoaguarda.es\/gl\/wp-json\/wp\/v2\/users\/11"}],"replies":[{"embeddable":true,"href":"https:\/\/www.turismoaguarda.es\/gl\/wp-json\/wp\/v2\/comments?post=15617"}],"version-history":[{"count":1,"href":"https:\/\/www.turismoaguarda.es\/gl\/wp-json\/wp\/v2\/posts\/15617\/revisions"}],"predecessor-version":[{"id":15618,"href":"https:\/\/www.turismoaguarda.es\/gl\/wp-json\/wp\/v2\/posts\/15617\/revisions\/15618"}],"wp:featuredmedia":[{"embeddable":true,"href":"https:\/\/www.turismoaguarda.es\/gl\/wp-json\/wp\/v2\/media\/15610"}],"wp:attachment":[{"href":"https:\/\/www.turismoaguarda.es\/gl\/wp-json\/wp\/v2\/media?parent=15617"}],"wp:term":[{"taxonomy":"category","embeddable":true,"href":"https:\/\/www.turismoaguarda.es\/gl\/wp-json\/wp\/v2\/categories?post=15617"},{"taxonomy":"post_tag","embeddable":true,"href":"https:\/\/www.turismoaguarda.es\/gl\/wp-json\/wp\/v2\/tags?post=15617"}],"curies":[{"name":"wp","href":"https:\/\/api.w.org\/{rel}","templated":true}]}}