{"id":15264,"date":"2022-02-28T10:18:07","date_gmt":"2022-02-28T09:18:07","guid":{"rendered":"https:\/\/www.turismoaguarda.es\/?p=15264"},"modified":"2022-02-28T10:57:40","modified_gmt":"2022-02-28T09:57:40","slug":"a-guarda-celebrara-o-entroido-con-programacion-na-alameda-e-o-tradicional-desfile-do-martes-de-entroido","status":"publish","type":"post","link":"https:\/\/www.turismoaguarda.es\/gl\/a-guarda-celebrara-o-entroido-con-programacion-na-alameda-e-o-tradicional-desfile-do-martes-de-entroido\/","title":{"rendered":"A Guarda celebrar\u00e1 o Entroido con programaci\u00f3n na Alameda e o tradicional Desfile do Martes de Entroido."},"content":{"rendered":"<p><em><strong>\u2022 Neste 2022 ret\u00f3mase o Desfile de Carrozas, Comparsas e Grupos para o Martes e se prop\u00f3n unha programaci\u00f3n dende o s\u00e1bado pensada para as crianzas e as familias que non queiran perderse a festa caracter\u00edstica destas datas<\/strong><\/em><\/p>\n<p>Tras a obrigada interrupci\u00f3n do ano 2021 pola pandemia da COVID-19, A Guarda retoma este ano a programaci\u00f3n de Entroido, que comezar\u00e1 o s\u00e1bado 26 de febreiro e rematar\u00e1 o martes 1 de marzo coa celebraci\u00f3n do Desfile de Carrozas, Comparsas e Grupos.<br \/>\nNa Alameda da Guarda sucederanse cada d\u00eda actividades de corte sinxelo, que buscan fuxir de aglomeraci\u00f3ns sen deixar de achegarnos a m\u00fasica e o humor como ingredientes principais do Entroido.<br \/>\nSe ben os principais destinatarios das actividades son as nenas e nenos, reservouse tam\u00e9n un espazo para o tradicional baile de entroido cunha proposta moi especial, o espect\u00e1culo ENTROIDANZAS que da man da compa\u00f1\u00eda Pesdel\u00e1n far\u00e1 un percorrido polas m\u00fasicas e danzas de Entroido de todo o mundo coa \u00fanica pretensi\u00f3n de po\u00f1er \u00e1 todalas ao p\u00fablico guard\u00e9s a bailar e gozar do Entroido, sen importar a s\u00faa idade.<\/p>\n<p>S\u00c1BADO E LUNS, P\u00daBLICO INFANTIL<\/p>\n<p>O s\u00e1bado \u00e1s 17:30h. o polifac\u00e9tico Brais das Hortas presentar\u00e1 o seu \u00faltimo traballo musical \u201cCONSERTASSO NA HORTA\u201d, un feixe de personaxes e canci\u00f3ns de m\u00fasicas diversas (reggae, ska, punk, hip-hop&#8230;) para reivindicar con alegr\u00eda e amor a vida e alegr\u00eda da nosa horta: A Santa Compa\u00f1a cantando un trap, unha avalancha de kiwis, unha pulga punk da praia de Lim\u00e9ns, un soulman cantando cunha escobilla do v\u00e1ter ou un astronauta que vai \u00e1 l\u00faa cun queixo de Arz\u00faa&#8230;<\/p>\n<p>O Luns ser\u00e1 Peter Punk o encargado de amenizar a tarde. Un vello co\u00f1ecido das crianzas guardesas que chega nesta ocasi\u00f3n co seu espect\u00e1culo a Chungatrona. Un aparello pensado por un pallaso que manter\u00e1 ao p\u00fablico en tensi\u00f3n ata que\u2026 alg\u00fan incauto resulte totalmente mollado e a cara cuberta de tarta. Todo isto, para desatar a risa, a diversi\u00f3n e a tolemia do p\u00fablico: nenas, nenos e maiores.<\/p>\n<p>Mais como a esencia do Entroido se define adem\u00e1s do humor, pola m\u00fasica, tralo espect\u00e1culo, a Charanga Vaya Panda continuar\u00e1 amenizando a festa polo entorno da Alameda<\/p>\n<p>DOMINGO, DANZAS DO ENTROIDO<\/p>\n<p>O domingo chegar\u00e1 ata a Alameda a compa\u00f1\u00eda de m\u00fasica e baile Pesdel\u00e1n, que leva mais dunha d\u00e9cada buscando ser mais que un grupo de m\u00fasica, eles conseguen a trav\u00e9s da m\u00fasica en vivo e o ensino de bailes e xogos sinxelos recuperar o esp\u00edrito participativo das festas e integrar a todas as persoas sen importar a s\u00faa idade, condici\u00f3n f\u00edsica ou experiencia. Desta volta o reto ven da man de ENTROIDANZAS, un percorrido musical polos diferentes Entroidos do planeta, co que pretenden po\u00f1ernos a bailar como os foli\u00f3ns de Ourense, os paraugas do Frevo de Pernambuco ou os corcovados do centro de Italia.<\/p>\n<p>MARTES DE ENTROIDO, DESFILE E BAILE FIN DE FESTA<\/p>\n<p>Para pechar a programaci\u00f3n chegar\u00e1 o desfile de MARTES DE ENTROIDO \u00e1s 17:30h., que repetindo o formato que tan bo resultado dera no 2020 contempla unha compensaci\u00f3n econ\u00f3mica fixa para os dezaseis primeiros participantes, que poder\u00e1n facelo nas categor\u00edas de Carrozas, Comparsas ou Grupos. As bases xa publicadas na p\u00e1xina web do concello da Guarda regulan a participaci\u00f3n e categor\u00edas.<br \/>\nO desfile mant\u00e9n o habitual percorrido por R\u00faa Porto Rico, R\u00faa Galicia e Alameda e contar\u00e1 coa animaci\u00f3n do grupo AX\u00c9 BAH\u00cdA que ao final do mesmo ambientar\u00e1n na Alameda para pechar o gran baile de despedida ata o vindeiro Entroido.<\/p>\n<p>NOTA: cumprindo os protocolos COVID-19 este ano non se contar\u00e1 con carpa para a programaci\u00f3n, polo que en caso de choiva as actividades infant\u00eds trasladaranse ao Centro Cultural, respectando data e hora, mentres que o espect\u00e1culo de Pesdel\u00e1n ou o Desfile de Entroido ser\u00edan aprazados a unha nova data.<\/p>\n<p>PROGRAMACI\u00d3N<br \/>\nDO 26 DE FEBREIRO AO 1 DE MARZO<\/p>\n<p>S\u00c1BADO 26 FEBREIRO<br \/>\n17:30h. Alameda da Guarda<br \/>\n\u201cCONSERTASSO NA HORTA\u201d, divertido concerto para toda a familia da man de Brais das Hortas.(*)<br \/>\nDOMINGO 27 FEBREIRO<br \/>\n17:30h. Alameda da Guarda<br \/>\n\u201cENTROIDANZAS\u201d, con Pesdel\u00e1n. Ach\u00e9gate a bailar danzas tradicionais de t\u00f3dolos entroidos (**)<br \/>\nLUNS 28 FEBREIRO<br \/>\n17:30h. Alameda da Guarda<br \/>\n\u201cA CHUNGATRONA\u201d con Peter Punk. Risas aseguradas para cativas, cativos e non tanto (*)<br \/>\n18:30h. Charanga Vaya Panda (**).<br \/>\nMARTES 1 MARZO<br \/>\n17:30 Tradicional desfile de Carrozas, Comparsas e Grupos. Amenizado por Batucada Ax\u00e9 Bah\u00eda, con remate Final na Alameda(**)<\/p>\n<p>NOTA:<br \/>\n*En caso de choiva trasladase ao Centro Cultural<br \/>\n**En caso de choiva cambiar\u00edan de data<\/p>\n<p>&nbsp;<\/p>\n","protected":false},"excerpt":{"rendered":"<p>\u2022 Neste 2022 ret\u00f3mase o Desfile de Carrozas, Comparsas e Grupos para o Martes e se prop\u00f3n unha programaci\u00f3n dende o s\u00e1bado pensada para as crianzas e as familias que non queiran perderse a festa caracter\u00edstica destas datas Tras a obrigada interrupci\u00f3n do ano 2021 pola pandemia da COVID-19, A Guarda retoma este ano a<\/p>\n<div class=\"padding-top text-center\"><a href=\"https:\/\/www.turismoaguarda.es\/gl\/a-guarda-celebrara-o-entroido-con-programacion-na-alameda-e-o-tradicional-desfile-do-martes-de-entroido\/\" class=\"atbtn atbtn--medium atbtn--rounded atbtn--transparent\">Leer m\u00e1is<i class=\"atbtn__icon atbtn__icon--right fa fa-long-arrow-right\"><\/i><\/a><\/div>\n","protected":false},"author":11,"featured_media":15261,"comment_status":"open","ping_status":"open","sticky":false,"template":"","format":"standard","meta":{"footnotes":""},"categories":[94],"tags":[170,627,1214,628,1212],"class_list":["post-15264","post","type-post","status-publish","format-standard","has-post-thumbnail","hentry","category-novas-turismo","tag-a-guarda-gl","tag-carnaval-gl","tag-desfile","tag-entroido-gl","tag-programacion"],"yoast_head":"<!-- This site is optimized with the Yoast SEO plugin v27.5 - https:\/\/yoast.com\/product\/yoast-seo-wordpress\/ -->\n<title>A Guarda celebrar\u00e1 o Entroido con programaci\u00f3n na Alameda e o tradicional Desfile do Martes de Entroido. | Turismo A Guarda<\/title>\n<meta name=\"description\" content=\"\u2022 Neste 2022 ret\u00f3mase o Desfile de Carrozas, Comparsas e Grupos para o Martes e se prop\u00f3n unha programaci\u00f3n dende o s\u00e1bado pensada para as crianzas e as familias que non queiran perderse a festa caracter\u00edstica destas datas\" \/>\n<meta name=\"robots\" content=\"index, follow, max-snippet:-1, max-image-preview:large, max-video-preview:-1\" \/>\n<link rel=\"canonical\" href=\"https:\/\/www.turismoaguarda.es\/gl\/a-guarda-celebrara-o-entroido-con-programacion-na-alameda-e-o-tradicional-desfile-do-martes-de-entroido\/\" \/>\n<meta property=\"og:locale\" content=\"en_US\" \/>\n<meta property=\"og:type\" content=\"article\" \/>\n<meta property=\"og:title\" content=\"A Guarda celebrar\u00e1 o Entroido con programaci\u00f3n na Alameda e o tradicional Desfile do Martes de Entroido. | Turismo A Guarda\" \/>\n<meta property=\"og:description\" content=\"\u2022 Neste 2022 ret\u00f3mase o Desfile de Carrozas, Comparsas e Grupos para o Martes e se prop\u00f3n unha programaci\u00f3n dende o s\u00e1bado pensada para as crianzas e as familias que non queiran perderse a festa caracter\u00edstica destas datas\" \/>\n<meta property=\"og:url\" content=\"https:\/\/www.turismoaguarda.es\/gl\/a-guarda-celebrara-o-entroido-con-programacion-na-alameda-e-o-tradicional-desfile-do-martes-de-entroido\/\" \/>\n<meta property=\"og:site_name\" content=\"Turismo A Guarda\" \/>\n<meta property=\"article:publisher\" content=\"https:\/\/es-es.facebook.com\/Turismo-A-Guarda-126223240790625\/\" \/>\n<meta property=\"article:published_time\" content=\"2022-02-28T09:18:07+00:00\" \/>\n<meta property=\"article:modified_time\" content=\"2022-02-28T09:57:40+00:00\" \/>\n<meta property=\"og:image\" content=\"https:\/\/www.turismoaguarda.es\/wp-content\/uploads\/2022\/02\/ENTROIDO-2022-1.jpg\" \/>\n\t<meta property=\"og:image:width\" content=\"800\" \/>\n\t<meta property=\"og:image:height\" content=\"1132\" \/>\n\t<meta property=\"og:image:type\" content=\"image\/jpeg\" \/>\n<meta name=\"author\" content=\"Prensa A Guarda\" \/>\n<meta name=\"twitter:card\" content=\"summary_large_image\" \/>\n<meta name=\"twitter:creator\" content=\"@TurismoAGuarda\" \/>\n<meta name=\"twitter:site\" content=\"@TurismoAGuarda\" \/>\n<meta name=\"twitter:label1\" content=\"Written by\" \/>\n\t<meta name=\"twitter:data1\" content=\"Prensa A Guarda\" \/>\n\t<meta name=\"twitter:label2\" content=\"Est. reading time\" \/>\n\t<meta name=\"twitter:data2\" content=\"4 minutes\" \/>\n<script type=\"application\/ld+json\" class=\"yoast-schema-graph\">{\"@context\":\"https:\\\/\\\/schema.org\",\"@graph\":[{\"@type\":\"Article\",\"@id\":\"https:\\\/\\\/www.turismoaguarda.es\\\/gl\\\/a-guarda-celebrara-o-entroido-con-programacion-na-alameda-e-o-tradicional-desfile-do-martes-de-entroido\\\/#article\",\"isPartOf\":{\"@id\":\"https:\\\/\\\/www.turismoaguarda.es\\\/gl\\\/a-guarda-celebrara-o-entroido-con-programacion-na-alameda-e-o-tradicional-desfile-do-martes-de-entroido\\\/\"},\"author\":{\"name\":\"Prensa A Guarda\",\"@id\":\"https:\\\/\\\/www.turismoaguarda.es\\\/#\\\/schema\\\/person\\\/a8b0c27ad7bcbb6c19799e934727508e\"},\"headline\":\"A Guarda celebrar\u00e1 o Entroido con programaci\u00f3n na Alameda e o tradicional Desfile do Martes de Entroido.\",\"datePublished\":\"2022-02-28T09:18:07+00:00\",\"dateModified\":\"2022-02-28T09:57:40+00:00\",\"mainEntityOfPage\":{\"@id\":\"https:\\\/\\\/www.turismoaguarda.es\\\/gl\\\/a-guarda-celebrara-o-entroido-con-programacion-na-alameda-e-o-tradicional-desfile-do-martes-de-entroido\\\/\"},\"wordCount\":825,\"commentCount\":0,\"image\":{\"@id\":\"https:\\\/\\\/www.turismoaguarda.es\\\/gl\\\/a-guarda-celebrara-o-entroido-con-programacion-na-alameda-e-o-tradicional-desfile-do-martes-de-entroido\\\/#primaryimage\"},\"thumbnailUrl\":\"https:\\\/\\\/www.turismoaguarda.es\\\/wp-content\\\/uploads\\\/2022\\\/02\\\/ENTROIDO-2022-1.jpg\",\"keywords\":[\"A Guarda\",\"carnaval\",\"Desfile\",\"entroido\",\"Programaci\u00f3n\"],\"articleSection\":[\"Novas Turismo\"],\"inLanguage\":\"gl\",\"potentialAction\":[{\"@type\":\"CommentAction\",\"name\":\"Comment\",\"target\":[\"https:\\\/\\\/www.turismoaguarda.es\\\/gl\\\/a-guarda-celebrara-o-entroido-con-programacion-na-alameda-e-o-tradicional-desfile-do-martes-de-entroido\\\/#respond\"]}]},{\"@type\":\"WebPage\",\"@id\":\"https:\\\/\\\/www.turismoaguarda.es\\\/gl\\\/a-guarda-celebrara-o-entroido-con-programacion-na-alameda-e-o-tradicional-desfile-do-martes-de-entroido\\\/\",\"url\":\"https:\\\/\\\/www.turismoaguarda.es\\\/gl\\\/a-guarda-celebrara-o-entroido-con-programacion-na-alameda-e-o-tradicional-desfile-do-martes-de-entroido\\\/\",\"name\":\"A Guarda celebrar\u00e1 o Entroido con programaci\u00f3n na Alameda e o tradicional Desfile do Martes de Entroido. | Turismo A Guarda\",\"isPartOf\":{\"@id\":\"https:\\\/\\\/www.turismoaguarda.es\\\/#website\"},\"primaryImageOfPage\":{\"@id\":\"https:\\\/\\\/www.turismoaguarda.es\\\/gl\\\/a-guarda-celebrara-o-entroido-con-programacion-na-alameda-e-o-tradicional-desfile-do-martes-de-entroido\\\/#primaryimage\"},\"image\":{\"@id\":\"https:\\\/\\\/www.turismoaguarda.es\\\/gl\\\/a-guarda-celebrara-o-entroido-con-programacion-na-alameda-e-o-tradicional-desfile-do-martes-de-entroido\\\/#primaryimage\"},\"thumbnailUrl\":\"https:\\\/\\\/www.turismoaguarda.es\\\/wp-content\\\/uploads\\\/2022\\\/02\\\/ENTROIDO-2022-1.jpg\",\"datePublished\":\"2022-02-28T09:18:07+00:00\",\"dateModified\":\"2022-02-28T09:57:40+00:00\",\"author\":{\"@id\":\"https:\\\/\\\/www.turismoaguarda.es\\\/#\\\/schema\\\/person\\\/a8b0c27ad7bcbb6c19799e934727508e\"},\"description\":\"\u2022 Neste 2022 ret\u00f3mase o Desfile de Carrozas, Comparsas e Grupos para o Martes e se prop\u00f3n unha programaci\u00f3n dende o s\u00e1bado pensada para as crianzas e as familias que non queiran perderse a festa caracter\u00edstica destas datas\",\"breadcrumb\":{\"@id\":\"https:\\\/\\\/www.turismoaguarda.es\\\/gl\\\/a-guarda-celebrara-o-entroido-con-programacion-na-alameda-e-o-tradicional-desfile-do-martes-de-entroido\\\/#breadcrumb\"},\"inLanguage\":\"gl\",\"potentialAction\":[{\"@type\":\"ReadAction\",\"target\":[\"https:\\\/\\\/www.turismoaguarda.es\\\/gl\\\/a-guarda-celebrara-o-entroido-con-programacion-na-alameda-e-o-tradicional-desfile-do-martes-de-entroido\\\/\"]}]},{\"@type\":\"ImageObject\",\"inLanguage\":\"gl\",\"@id\":\"https:\\\/\\\/www.turismoaguarda.es\\\/gl\\\/a-guarda-celebrara-o-entroido-con-programacion-na-alameda-e-o-tradicional-desfile-do-martes-de-entroido\\\/#primaryimage\",\"url\":\"https:\\\/\\\/www.turismoaguarda.es\\\/wp-content\\\/uploads\\\/2022\\\/02\\\/ENTROIDO-2022-1.jpg\",\"contentUrl\":\"https:\\\/\\\/www.turismoaguarda.es\\\/wp-content\\\/uploads\\\/2022\\\/02\\\/ENTROIDO-2022-1.jpg\",\"width\":800,\"height\":1132},{\"@type\":\"BreadcrumbList\",\"@id\":\"https:\\\/\\\/www.turismoaguarda.es\\\/gl\\\/a-guarda-celebrara-o-entroido-con-programacion-na-alameda-e-o-tradicional-desfile-do-martes-de-entroido\\\/#breadcrumb\",\"itemListElement\":[{\"@type\":\"ListItem\",\"position\":1,\"name\":\"Portada\",\"item\":\"https:\\\/\\\/www.turismoaguarda.es\\\/gl\\\/\"},{\"@type\":\"ListItem\",\"position\":2,\"name\":\"A Guarda celebrar\u00e1 o Entroido con programaci\u00f3n na Alameda e o tradicional Desfile do Martes de Entroido.\"}]},{\"@type\":\"WebSite\",\"@id\":\"https:\\\/\\\/www.turismoaguarda.es\\\/#website\",\"url\":\"https:\\\/\\\/www.turismoaguarda.es\\\/\",\"name\":\"Turismo A Guarda\",\"description\":\"Informaci\u00f3n tur\u00edstica de A Guarda y alrededores.\",\"potentialAction\":[{\"@type\":\"SearchAction\",\"target\":{\"@type\":\"EntryPoint\",\"urlTemplate\":\"https:\\\/\\\/www.turismoaguarda.es\\\/?s={search_term_string}\"},\"query-input\":{\"@type\":\"PropertyValueSpecification\",\"valueRequired\":true,\"valueName\":\"search_term_string\"}}],\"inLanguage\":\"gl\"},{\"@type\":\"Person\",\"@id\":\"https:\\\/\\\/www.turismoaguarda.es\\\/#\\\/schema\\\/person\\\/a8b0c27ad7bcbb6c19799e934727508e\",\"name\":\"Prensa A Guarda\",\"image\":{\"@type\":\"ImageObject\",\"inLanguage\":\"gl\",\"@id\":\"https:\\\/\\\/secure.gravatar.com\\\/avatar\\\/387e117f874ba5d0a3439060b45d914395d77287b2e4890a49d1599fc3ef9189?s=96&d=mm&r=g\",\"url\":\"https:\\\/\\\/secure.gravatar.com\\\/avatar\\\/387e117f874ba5d0a3439060b45d914395d77287b2e4890a49d1599fc3ef9189?s=96&d=mm&r=g\",\"contentUrl\":\"https:\\\/\\\/secure.gravatar.com\\\/avatar\\\/387e117f874ba5d0a3439060b45d914395d77287b2e4890a49d1599fc3ef9189?s=96&d=mm&r=g\",\"caption\":\"Prensa A Guarda\"},\"url\":\"https:\\\/\\\/www.turismoaguarda.es\\\/gl\\\/author\\\/prensa\\\/\"}]}<\/script>\n<!-- \/ Yoast SEO plugin. -->","yoast_head_json":{"title":"A Guarda celebrar\u00e1 o Entroido con programaci\u00f3n na Alameda e o tradicional Desfile do Martes de Entroido. | Turismo A Guarda","description":"\u2022 Neste 2022 ret\u00f3mase o Desfile de Carrozas, Comparsas e Grupos para o Martes e se prop\u00f3n unha programaci\u00f3n dende o s\u00e1bado pensada para as crianzas e as familias que non queiran perderse a festa caracter\u00edstica destas datas","robots":{"index":"index","follow":"follow","max-snippet":"max-snippet:-1","max-image-preview":"max-image-preview:large","max-video-preview":"max-video-preview:-1"},"canonical":"https:\/\/www.turismoaguarda.es\/gl\/a-guarda-celebrara-o-entroido-con-programacion-na-alameda-e-o-tradicional-desfile-do-martes-de-entroido\/","og_locale":"en_US","og_type":"article","og_title":"A Guarda celebrar\u00e1 o Entroido con programaci\u00f3n na Alameda e o tradicional Desfile do Martes de Entroido. | Turismo A Guarda","og_description":"\u2022 Neste 2022 ret\u00f3mase o Desfile de Carrozas, Comparsas e Grupos para o Martes e se prop\u00f3n unha programaci\u00f3n dende o s\u00e1bado pensada para as crianzas e as familias que non queiran perderse a festa caracter\u00edstica destas datas","og_url":"https:\/\/www.turismoaguarda.es\/gl\/a-guarda-celebrara-o-entroido-con-programacion-na-alameda-e-o-tradicional-desfile-do-martes-de-entroido\/","og_site_name":"Turismo A Guarda","article_publisher":"https:\/\/es-es.facebook.com\/Turismo-A-Guarda-126223240790625\/","article_published_time":"2022-02-28T09:18:07+00:00","article_modified_time":"2022-02-28T09:57:40+00:00","og_image":[{"width":800,"height":1132,"url":"https:\/\/www.turismoaguarda.es\/wp-content\/uploads\/2022\/02\/ENTROIDO-2022-1.jpg","type":"image\/jpeg"}],"author":"Prensa A Guarda","twitter_card":"summary_large_image","twitter_creator":"@TurismoAGuarda","twitter_site":"@TurismoAGuarda","twitter_misc":{"Written by":"Prensa A Guarda","Est. reading time":"4 minutes"},"schema":{"@context":"https:\/\/schema.org","@graph":[{"@type":"Article","@id":"https:\/\/www.turismoaguarda.es\/gl\/a-guarda-celebrara-o-entroido-con-programacion-na-alameda-e-o-tradicional-desfile-do-martes-de-entroido\/#article","isPartOf":{"@id":"https:\/\/www.turismoaguarda.es\/gl\/a-guarda-celebrara-o-entroido-con-programacion-na-alameda-e-o-tradicional-desfile-do-martes-de-entroido\/"},"author":{"name":"Prensa A Guarda","@id":"https:\/\/www.turismoaguarda.es\/#\/schema\/person\/a8b0c27ad7bcbb6c19799e934727508e"},"headline":"A Guarda celebrar\u00e1 o Entroido con programaci\u00f3n na Alameda e o tradicional Desfile do Martes de Entroido.","datePublished":"2022-02-28T09:18:07+00:00","dateModified":"2022-02-28T09:57:40+00:00","mainEntityOfPage":{"@id":"https:\/\/www.turismoaguarda.es\/gl\/a-guarda-celebrara-o-entroido-con-programacion-na-alameda-e-o-tradicional-desfile-do-martes-de-entroido\/"},"wordCount":825,"commentCount":0,"image":{"@id":"https:\/\/www.turismoaguarda.es\/gl\/a-guarda-celebrara-o-entroido-con-programacion-na-alameda-e-o-tradicional-desfile-do-martes-de-entroido\/#primaryimage"},"thumbnailUrl":"https:\/\/www.turismoaguarda.es\/wp-content\/uploads\/2022\/02\/ENTROIDO-2022-1.jpg","keywords":["A Guarda","carnaval","Desfile","entroido","Programaci\u00f3n"],"articleSection":["Novas Turismo"],"inLanguage":"gl","potentialAction":[{"@type":"CommentAction","name":"Comment","target":["https:\/\/www.turismoaguarda.es\/gl\/a-guarda-celebrara-o-entroido-con-programacion-na-alameda-e-o-tradicional-desfile-do-martes-de-entroido\/#respond"]}]},{"@type":"WebPage","@id":"https:\/\/www.turismoaguarda.es\/gl\/a-guarda-celebrara-o-entroido-con-programacion-na-alameda-e-o-tradicional-desfile-do-martes-de-entroido\/","url":"https:\/\/www.turismoaguarda.es\/gl\/a-guarda-celebrara-o-entroido-con-programacion-na-alameda-e-o-tradicional-desfile-do-martes-de-entroido\/","name":"A Guarda celebrar\u00e1 o Entroido con programaci\u00f3n na Alameda e o tradicional Desfile do Martes de Entroido. | Turismo A Guarda","isPartOf":{"@id":"https:\/\/www.turismoaguarda.es\/#website"},"primaryImageOfPage":{"@id":"https:\/\/www.turismoaguarda.es\/gl\/a-guarda-celebrara-o-entroido-con-programacion-na-alameda-e-o-tradicional-desfile-do-martes-de-entroido\/#primaryimage"},"image":{"@id":"https:\/\/www.turismoaguarda.es\/gl\/a-guarda-celebrara-o-entroido-con-programacion-na-alameda-e-o-tradicional-desfile-do-martes-de-entroido\/#primaryimage"},"thumbnailUrl":"https:\/\/www.turismoaguarda.es\/wp-content\/uploads\/2022\/02\/ENTROIDO-2022-1.jpg","datePublished":"2022-02-28T09:18:07+00:00","dateModified":"2022-02-28T09:57:40+00:00","author":{"@id":"https:\/\/www.turismoaguarda.es\/#\/schema\/person\/a8b0c27ad7bcbb6c19799e934727508e"},"description":"\u2022 Neste 2022 ret\u00f3mase o Desfile de Carrozas, Comparsas e Grupos para o Martes e se prop\u00f3n unha programaci\u00f3n dende o s\u00e1bado pensada para as crianzas e as familias que non queiran perderse a festa caracter\u00edstica destas datas","breadcrumb":{"@id":"https:\/\/www.turismoaguarda.es\/gl\/a-guarda-celebrara-o-entroido-con-programacion-na-alameda-e-o-tradicional-desfile-do-martes-de-entroido\/#breadcrumb"},"inLanguage":"gl","potentialAction":[{"@type":"ReadAction","target":["https:\/\/www.turismoaguarda.es\/gl\/a-guarda-celebrara-o-entroido-con-programacion-na-alameda-e-o-tradicional-desfile-do-martes-de-entroido\/"]}]},{"@type":"ImageObject","inLanguage":"gl","@id":"https:\/\/www.turismoaguarda.es\/gl\/a-guarda-celebrara-o-entroido-con-programacion-na-alameda-e-o-tradicional-desfile-do-martes-de-entroido\/#primaryimage","url":"https:\/\/www.turismoaguarda.es\/wp-content\/uploads\/2022\/02\/ENTROIDO-2022-1.jpg","contentUrl":"https:\/\/www.turismoaguarda.es\/wp-content\/uploads\/2022\/02\/ENTROIDO-2022-1.jpg","width":800,"height":1132},{"@type":"BreadcrumbList","@id":"https:\/\/www.turismoaguarda.es\/gl\/a-guarda-celebrara-o-entroido-con-programacion-na-alameda-e-o-tradicional-desfile-do-martes-de-entroido\/#breadcrumb","itemListElement":[{"@type":"ListItem","position":1,"name":"Portada","item":"https:\/\/www.turismoaguarda.es\/gl\/"},{"@type":"ListItem","position":2,"name":"A Guarda celebrar\u00e1 o Entroido con programaci\u00f3n na Alameda e o tradicional Desfile do Martes de Entroido."}]},{"@type":"WebSite","@id":"https:\/\/www.turismoaguarda.es\/#website","url":"https:\/\/www.turismoaguarda.es\/","name":"Turismo A Guarda","description":"Informaci\u00f3n tur\u00edstica de A Guarda y alrededores.","potentialAction":[{"@type":"SearchAction","target":{"@type":"EntryPoint","urlTemplate":"https:\/\/www.turismoaguarda.es\/?s={search_term_string}"},"query-input":{"@type":"PropertyValueSpecification","valueRequired":true,"valueName":"search_term_string"}}],"inLanguage":"gl"},{"@type":"Person","@id":"https:\/\/www.turismoaguarda.es\/#\/schema\/person\/a8b0c27ad7bcbb6c19799e934727508e","name":"Prensa A Guarda","image":{"@type":"ImageObject","inLanguage":"gl","@id":"https:\/\/secure.gravatar.com\/avatar\/387e117f874ba5d0a3439060b45d914395d77287b2e4890a49d1599fc3ef9189?s=96&d=mm&r=g","url":"https:\/\/secure.gravatar.com\/avatar\/387e117f874ba5d0a3439060b45d914395d77287b2e4890a49d1599fc3ef9189?s=96&d=mm&r=g","contentUrl":"https:\/\/secure.gravatar.com\/avatar\/387e117f874ba5d0a3439060b45d914395d77287b2e4890a49d1599fc3ef9189?s=96&d=mm&r=g","caption":"Prensa A Guarda"},"url":"https:\/\/www.turismoaguarda.es\/gl\/author\/prensa\/"}]}},"_links":{"self":[{"href":"https:\/\/www.turismoaguarda.es\/gl\/wp-json\/wp\/v2\/posts\/15264","targetHints":{"allow":["GET"]}}],"collection":[{"href":"https:\/\/www.turismoaguarda.es\/gl\/wp-json\/wp\/v2\/posts"}],"about":[{"href":"https:\/\/www.turismoaguarda.es\/gl\/wp-json\/wp\/v2\/types\/post"}],"author":[{"embeddable":true,"href":"https:\/\/www.turismoaguarda.es\/gl\/wp-json\/wp\/v2\/users\/11"}],"replies":[{"embeddable":true,"href":"https:\/\/www.turismoaguarda.es\/gl\/wp-json\/wp\/v2\/comments?post=15264"}],"version-history":[{"count":2,"href":"https:\/\/www.turismoaguarda.es\/gl\/wp-json\/wp\/v2\/posts\/15264\/revisions"}],"predecessor-version":[{"id":15266,"href":"https:\/\/www.turismoaguarda.es\/gl\/wp-json\/wp\/v2\/posts\/15264\/revisions\/15266"}],"wp:featuredmedia":[{"embeddable":true,"href":"https:\/\/www.turismoaguarda.es\/gl\/wp-json\/wp\/v2\/media\/15261"}],"wp:attachment":[{"href":"https:\/\/www.turismoaguarda.es\/gl\/wp-json\/wp\/v2\/media?parent=15264"}],"wp:term":[{"taxonomy":"category","embeddable":true,"href":"https:\/\/www.turismoaguarda.es\/gl\/wp-json\/wp\/v2\/categories?post=15264"},{"taxonomy":"post_tag","embeddable":true,"href":"https:\/\/www.turismoaguarda.es\/gl\/wp-json\/wp\/v2\/tags?post=15264"}],"curies":[{"name":"wp","href":"https:\/\/api.w.org\/{rel}","templated":true}]}}