{"id":15217,"date":"2022-02-21T15:34:01","date_gmt":"2022-02-21T14:34:01","guid":{"rendered":"https:\/\/www.turismoaguarda.es\/?p=15217"},"modified":"2022-02-21T15:34:01","modified_gmt":"2022-02-21T14:34:01","slug":"os-alcaldes-e-alcaldesas-do-camino-portugues-da-costa-demandan-unha-solucion-ao-paso-do-esteiro-do-mino-para-o-xacobeo-22","status":"publish","type":"post","link":"https:\/\/www.turismoaguarda.es\/gl\/os-alcaldes-e-alcaldesas-do-camino-portugues-da-costa-demandan-unha-solucion-ao-paso-do-esteiro-do-mino-para-o-xacobeo-22\/","title":{"rendered":"Os alcaldes e alcaldesas do Cami\u00f1o Portugu\u00e9s da Costa demandan unha soluci\u00f3n ao paso do esteiro do Mi\u00f1o para o Xacobeo 22"},"content":{"rendered":"<p><em><strong>Os rexedores e rexedoras expo\u00f1en a problem\u00e1tica do Cami\u00f1o da Costa na Mesa do Cami\u00f1o da Provincia de Pontevedra.<\/strong><\/em><br \/>\n<em><strong>Os responsables municipais tam\u00e9n solicitan unha reuni\u00f3n co vicepresidente da Xunta e conselleiro de Turismo, Alfonso Rueda, para tratar o paso de peregrinos polo esteiro do Mi\u00f1o e a duplicidade de nomes nos itinerarios.<\/strong><\/em><br \/>\nDende mediados de 2021 os alcaldes e alcaldesas de: A Guarda, O Rosal, Oia, Baiona e Nigr\u00e1n, ve\u00f1en reclamando intervenci\u00f3n da Xunta de Galicia para resolver alg\u00fans problemas do Cami\u00f1o Portugu\u00e9s da Costa entre os que destacan: os relacionados co paso dos peregri\u00f1os polo esteiro do Mi\u00f1o, e os provocados pola duplicidade do nome de Cami\u00f1o da Costa que se est\u00e1 producindo en Portugal cun itinerario distinto do reco\u00f1ecido polo Xacobeo.<br \/>\nAs\u00ed, no ver\u00e1n de 2021, solicitaban ao director do Xacobeo, Ildefonso de la Campa apoio para resolver os problemas cos que se atopaban os peregrinos no Cami\u00f1o da Costa.<br \/>\nDende aquela xuntanza a situaci\u00f3n non mellorou en absoluto. En canto ao transporte de pasaxeiros e peregrinos entre Caminha e A Guarda a situaci\u00f3n empeorou. Dende o ver\u00e1n do 2021 unha avar\u00eda no embarcadoiro do ferri do esteiro do Mi\u00f1o impide o acceso de veh\u00edculos ao transbordador. Este contratempo motivou o funcionamento irregular do barco dende ent\u00f3n ata o mes de outubro e que se atope parado na actualidade \u00e1 espera da reparaci\u00f3n do peirao. Esta reparaci\u00f3n foi solicitada a portos de Galicia de forma reiterada e a\u00ednda non temos reposta de cando se acometer\u00e1. Pola nosa parte consideramos urxente que se aborde unha soluci\u00f3n a curto prazo para o transito de peregrinos entre a Caminha e A Guarda que dea continuidade ao Cami\u00f1o Portugu\u00e9s da Costa.<br \/>\nEn canto \u00e1 duplicidade do nome de Cami\u00f1o da Costa provocada por Portugal a cousa mudou, pero para peor, xa que, con data 2 de febreiro de 2022, o goberno Portugu\u00e9s certifica como itinerario oficial do Cami\u00f1o de Santiago o chamado, Cami\u00f1o Portugu\u00e9s de Santiago-Cami\u00f1o da Costa, que vai dende Porto a Valen\u00e7a do Mi\u00f1o pasando por Caminha e Vilanova de Cerveira. Ao noso parecer isto prexudica ao Cami\u00f1o da Costa oficial, reco\u00f1ecido pola Xunta como itinerario Xacobeo na lei de Patrimonio Cultural de Galicia de 2016. Non deber\u00eda haber dous itinerarios distintos co mesmo nome. Nada pode confundir m\u00e1is aos peregrinos. Entendemos que houbo tempo suficiente para evitar que se producira esta situaci\u00f3n que agora ten dif\u00edcil arranxo. A\u00ednda as\u00ed, queremos manifestar que non estamos en absoluto de acordo coa denominaci\u00f3n que o goberno Portugu\u00e9s lle deu ao novo itinerario do Cami\u00f1o de Santiago.<br \/>\nQueremos facernos eco tam\u00e9n da preocupaci\u00f3n e demandas que nos trasladan dende o sector privado relacionado co Cami\u00f1o da Costa. Dende o reco\u00f1ecemento oficial deste cami\u00f1o en 2016, moitas persoas estiveron traballando para ofrecer servizos que o cami\u00f1o e os peregrinos necesitaban en base ao crecemento que vi\u00f1a experimentando este itinerario a Santiago e as expectativas de negocio que se crearon co reco\u00f1ecemento oficial. \u00c9 lex\u00edtimo que agora soliciten que as administraci\u00f3ns mante\u00f1an as condici\u00f3ns que xeraron aquelas oportunidades e expectativas. Dende os gobernos locais brindamos o noso apoio ao sector privado e compromet\u00e9monos a servir de portavoces das s\u00faas demandas.<\/p>\n","protected":false},"excerpt":{"rendered":"<p>Os rexedores e rexedoras expo\u00f1en a problem\u00e1tica do Cami\u00f1o da Costa na Mesa do Cami\u00f1o da Provincia de Pontevedra. Os responsables municipais tam\u00e9n solicitan unha reuni\u00f3n co vicepresidente da Xunta e conselleiro de Turismo, Alfonso Rueda, para tratar o paso de peregrinos polo esteiro do Mi\u00f1o e a duplicidade de nomes nos itinerarios. Dende mediados<\/p>\n<div class=\"padding-top text-center\"><a href=\"https:\/\/www.turismoaguarda.es\/gl\/os-alcaldes-e-alcaldesas-do-camino-portugues-da-costa-demandan-unha-solucion-ao-paso-do-esteiro-do-mino-para-o-xacobeo-22\/\" class=\"atbtn atbtn--medium atbtn--rounded atbtn--transparent\">Leer m\u00e1is<i class=\"atbtn__icon atbtn__icon--right fa fa-long-arrow-right\"><\/i><\/a><\/div>\n","protected":false},"author":11,"featured_media":15218,"comment_status":"open","ping_status":"open","sticky":false,"template":"","format":"standard","meta":{"footnotes":""},"categories":[94],"tags":[170,487,171],"class_list":["post-15217","post","type-post","status-publish","format-standard","has-post-thumbnail","hentry","category-novas-turismo","tag-a-guarda-gl","tag-camino-portugues-da-costa-gl","tag-turismo-gl"],"yoast_head":"<!-- This site is optimized with the Yoast SEO plugin v27.5 - https:\/\/yoast.com\/product\/yoast-seo-wordpress\/ -->\n<title>Os alcaldes e alcaldesas do Cami\u00f1o Portugu\u00e9s da Costa demandan unha soluci\u00f3n ao paso do esteiro do Mi\u00f1o para o Xacobeo 22 | Turismo A Guarda<\/title>\n<meta name=\"robots\" content=\"index, follow, max-snippet:-1, max-image-preview:large, max-video-preview:-1\" \/>\n<link rel=\"canonical\" href=\"https:\/\/www.turismoaguarda.es\/gl\/os-alcaldes-e-alcaldesas-do-camino-portugues-da-costa-demandan-unha-solucion-ao-paso-do-esteiro-do-mino-para-o-xacobeo-22\/\" \/>\n<meta property=\"og:locale\" content=\"en_US\" \/>\n<meta property=\"og:type\" content=\"article\" \/>\n<meta property=\"og:title\" content=\"Os alcaldes e alcaldesas do Cami\u00f1o Portugu\u00e9s da Costa demandan unha soluci\u00f3n ao paso do esteiro do Mi\u00f1o para o Xacobeo 22 | Turismo A Guarda\" \/>\n<meta property=\"og:description\" content=\"Os rexedores e rexedoras expo\u00f1en a problem\u00e1tica do Cami\u00f1o da Costa na Mesa do Cami\u00f1o da Provincia de Pontevedra. Os responsables municipais tam\u00e9n solicitan unha reuni\u00f3n co vicepresidente da Xunta e conselleiro de Turismo, Alfonso Rueda, para tratar o paso de peregrinos polo esteiro do Mi\u00f1o e a duplicidade de nomes nos itinerarios. Dende mediadosLeer m\u00e1is\" \/>\n<meta property=\"og:url\" content=\"https:\/\/www.turismoaguarda.es\/gl\/os-alcaldes-e-alcaldesas-do-camino-portugues-da-costa-demandan-unha-solucion-ao-paso-do-esteiro-do-mino-para-o-xacobeo-22\/\" \/>\n<meta property=\"og:site_name\" content=\"Turismo A Guarda\" \/>\n<meta property=\"article:publisher\" content=\"https:\/\/es-es.facebook.com\/Turismo-A-Guarda-126223240790625\/\" \/>\n<meta property=\"article:published_time\" content=\"2022-02-21T14:34:01+00:00\" \/>\n<meta property=\"og:image\" content=\"https:\/\/www.turismoaguarda.es\/wp-content\/uploads\/2022\/02\/NP-21022022-Os-alcaldes-e-alcaldesas-do-Camino-Portugues-da-Costa-demandan-unha-solucion-ao-paso-do-esteiro-do-Mino-para-o-Xacobeo-22.jpg\" \/>\n\t<meta property=\"og:image:width\" content=\"800\" \/>\n\t<meta property=\"og:image:height\" content=\"581\" \/>\n\t<meta property=\"og:image:type\" content=\"image\/jpeg\" \/>\n<meta name=\"author\" content=\"Prensa A Guarda\" \/>\n<meta name=\"twitter:card\" content=\"summary_large_image\" \/>\n<meta name=\"twitter:creator\" content=\"@TurismoAGuarda\" \/>\n<meta name=\"twitter:site\" content=\"@TurismoAGuarda\" \/>\n<meta name=\"twitter:label1\" content=\"Written by\" \/>\n\t<meta name=\"twitter:data1\" content=\"Prensa A Guarda\" \/>\n\t<meta name=\"twitter:label2\" content=\"Est. reading time\" \/>\n\t<meta name=\"twitter:data2\" content=\"3 minutes\" \/>\n<script type=\"application\/ld+json\" class=\"yoast-schema-graph\">{\"@context\":\"https:\\\/\\\/schema.org\",\"@graph\":[{\"@type\":\"Article\",\"@id\":\"https:\\\/\\\/www.turismoaguarda.es\\\/gl\\\/os-alcaldes-e-alcaldesas-do-camino-portugues-da-costa-demandan-unha-solucion-ao-paso-do-esteiro-do-mino-para-o-xacobeo-22\\\/#article\",\"isPartOf\":{\"@id\":\"https:\\\/\\\/www.turismoaguarda.es\\\/gl\\\/os-alcaldes-e-alcaldesas-do-camino-portugues-da-costa-demandan-unha-solucion-ao-paso-do-esteiro-do-mino-para-o-xacobeo-22\\\/\"},\"author\":{\"name\":\"Prensa A Guarda\",\"@id\":\"https:\\\/\\\/www.turismoaguarda.es\\\/#\\\/schema\\\/person\\\/a8b0c27ad7bcbb6c19799e934727508e\"},\"headline\":\"Os alcaldes e alcaldesas do Cami\u00f1o Portugu\u00e9s da Costa demandan unha soluci\u00f3n ao paso do esteiro do Mi\u00f1o para o Xacobeo 22\",\"datePublished\":\"2022-02-21T14:34:01+00:00\",\"mainEntityOfPage\":{\"@id\":\"https:\\\/\\\/www.turismoaguarda.es\\\/gl\\\/os-alcaldes-e-alcaldesas-do-camino-portugues-da-costa-demandan-unha-solucion-ao-paso-do-esteiro-do-mino-para-o-xacobeo-22\\\/\"},\"wordCount\":605,\"commentCount\":0,\"image\":{\"@id\":\"https:\\\/\\\/www.turismoaguarda.es\\\/gl\\\/os-alcaldes-e-alcaldesas-do-camino-portugues-da-costa-demandan-unha-solucion-ao-paso-do-esteiro-do-mino-para-o-xacobeo-22\\\/#primaryimage\"},\"thumbnailUrl\":\"https:\\\/\\\/www.turismoaguarda.es\\\/wp-content\\\/uploads\\\/2022\\\/02\\\/NP-21022022-Os-alcaldes-e-alcaldesas-do-Camino-Portugues-da-Costa-demandan-unha-solucion-ao-paso-do-esteiro-do-Mino-para-o-Xacobeo-22.jpg\",\"keywords\":[\"A Guarda\",\"Cami\u00f1o Portugu\u00e9s da Costa\",\"turismo\"],\"articleSection\":[\"Novas Turismo\"],\"inLanguage\":\"gl\",\"potentialAction\":[{\"@type\":\"CommentAction\",\"name\":\"Comment\",\"target\":[\"https:\\\/\\\/www.turismoaguarda.es\\\/gl\\\/os-alcaldes-e-alcaldesas-do-camino-portugues-da-costa-demandan-unha-solucion-ao-paso-do-esteiro-do-mino-para-o-xacobeo-22\\\/#respond\"]}]},{\"@type\":\"WebPage\",\"@id\":\"https:\\\/\\\/www.turismoaguarda.es\\\/gl\\\/os-alcaldes-e-alcaldesas-do-camino-portugues-da-costa-demandan-unha-solucion-ao-paso-do-esteiro-do-mino-para-o-xacobeo-22\\\/\",\"url\":\"https:\\\/\\\/www.turismoaguarda.es\\\/gl\\\/os-alcaldes-e-alcaldesas-do-camino-portugues-da-costa-demandan-unha-solucion-ao-paso-do-esteiro-do-mino-para-o-xacobeo-22\\\/\",\"name\":\"Os alcaldes e alcaldesas do Cami\u00f1o Portugu\u00e9s da Costa demandan unha soluci\u00f3n ao paso do esteiro do Mi\u00f1o para o Xacobeo 22 | Turismo A Guarda\",\"isPartOf\":{\"@id\":\"https:\\\/\\\/www.turismoaguarda.es\\\/#website\"},\"primaryImageOfPage\":{\"@id\":\"https:\\\/\\\/www.turismoaguarda.es\\\/gl\\\/os-alcaldes-e-alcaldesas-do-camino-portugues-da-costa-demandan-unha-solucion-ao-paso-do-esteiro-do-mino-para-o-xacobeo-22\\\/#primaryimage\"},\"image\":{\"@id\":\"https:\\\/\\\/www.turismoaguarda.es\\\/gl\\\/os-alcaldes-e-alcaldesas-do-camino-portugues-da-costa-demandan-unha-solucion-ao-paso-do-esteiro-do-mino-para-o-xacobeo-22\\\/#primaryimage\"},\"thumbnailUrl\":\"https:\\\/\\\/www.turismoaguarda.es\\\/wp-content\\\/uploads\\\/2022\\\/02\\\/NP-21022022-Os-alcaldes-e-alcaldesas-do-Camino-Portugues-da-Costa-demandan-unha-solucion-ao-paso-do-esteiro-do-Mino-para-o-Xacobeo-22.jpg\",\"datePublished\":\"2022-02-21T14:34:01+00:00\",\"author\":{\"@id\":\"https:\\\/\\\/www.turismoaguarda.es\\\/#\\\/schema\\\/person\\\/a8b0c27ad7bcbb6c19799e934727508e\"},\"breadcrumb\":{\"@id\":\"https:\\\/\\\/www.turismoaguarda.es\\\/gl\\\/os-alcaldes-e-alcaldesas-do-camino-portugues-da-costa-demandan-unha-solucion-ao-paso-do-esteiro-do-mino-para-o-xacobeo-22\\\/#breadcrumb\"},\"inLanguage\":\"gl\",\"potentialAction\":[{\"@type\":\"ReadAction\",\"target\":[\"https:\\\/\\\/www.turismoaguarda.es\\\/gl\\\/os-alcaldes-e-alcaldesas-do-camino-portugues-da-costa-demandan-unha-solucion-ao-paso-do-esteiro-do-mino-para-o-xacobeo-22\\\/\"]}]},{\"@type\":\"ImageObject\",\"inLanguage\":\"gl\",\"@id\":\"https:\\\/\\\/www.turismoaguarda.es\\\/gl\\\/os-alcaldes-e-alcaldesas-do-camino-portugues-da-costa-demandan-unha-solucion-ao-paso-do-esteiro-do-mino-para-o-xacobeo-22\\\/#primaryimage\",\"url\":\"https:\\\/\\\/www.turismoaguarda.es\\\/wp-content\\\/uploads\\\/2022\\\/02\\\/NP-21022022-Os-alcaldes-e-alcaldesas-do-Camino-Portugues-da-Costa-demandan-unha-solucion-ao-paso-do-esteiro-do-Mino-para-o-Xacobeo-22.jpg\",\"contentUrl\":\"https:\\\/\\\/www.turismoaguarda.es\\\/wp-content\\\/uploads\\\/2022\\\/02\\\/NP-21022022-Os-alcaldes-e-alcaldesas-do-Camino-Portugues-da-Costa-demandan-unha-solucion-ao-paso-do-esteiro-do-Mino-para-o-Xacobeo-22.jpg\",\"width\":800,\"height\":581},{\"@type\":\"BreadcrumbList\",\"@id\":\"https:\\\/\\\/www.turismoaguarda.es\\\/gl\\\/os-alcaldes-e-alcaldesas-do-camino-portugues-da-costa-demandan-unha-solucion-ao-paso-do-esteiro-do-mino-para-o-xacobeo-22\\\/#breadcrumb\",\"itemListElement\":[{\"@type\":\"ListItem\",\"position\":1,\"name\":\"Portada\",\"item\":\"https:\\\/\\\/www.turismoaguarda.es\\\/gl\\\/\"},{\"@type\":\"ListItem\",\"position\":2,\"name\":\"Os alcaldes e alcaldesas do Cami\u00f1o Portugu\u00e9s da Costa demandan unha soluci\u00f3n ao paso do esteiro do Mi\u00f1o para o Xacobeo 22\"}]},{\"@type\":\"WebSite\",\"@id\":\"https:\\\/\\\/www.turismoaguarda.es\\\/#website\",\"url\":\"https:\\\/\\\/www.turismoaguarda.es\\\/\",\"name\":\"Turismo A Guarda\",\"description\":\"Informaci\u00f3n tur\u00edstica de A Guarda y alrededores.\",\"potentialAction\":[{\"@type\":\"SearchAction\",\"target\":{\"@type\":\"EntryPoint\",\"urlTemplate\":\"https:\\\/\\\/www.turismoaguarda.es\\\/?s={search_term_string}\"},\"query-input\":{\"@type\":\"PropertyValueSpecification\",\"valueRequired\":true,\"valueName\":\"search_term_string\"}}],\"inLanguage\":\"gl\"},{\"@type\":\"Person\",\"@id\":\"https:\\\/\\\/www.turismoaguarda.es\\\/#\\\/schema\\\/person\\\/a8b0c27ad7bcbb6c19799e934727508e\",\"name\":\"Prensa A Guarda\",\"image\":{\"@type\":\"ImageObject\",\"inLanguage\":\"gl\",\"@id\":\"https:\\\/\\\/secure.gravatar.com\\\/avatar\\\/387e117f874ba5d0a3439060b45d914395d77287b2e4890a49d1599fc3ef9189?s=96&d=mm&r=g\",\"url\":\"https:\\\/\\\/secure.gravatar.com\\\/avatar\\\/387e117f874ba5d0a3439060b45d914395d77287b2e4890a49d1599fc3ef9189?s=96&d=mm&r=g\",\"contentUrl\":\"https:\\\/\\\/secure.gravatar.com\\\/avatar\\\/387e117f874ba5d0a3439060b45d914395d77287b2e4890a49d1599fc3ef9189?s=96&d=mm&r=g\",\"caption\":\"Prensa A Guarda\"},\"url\":\"https:\\\/\\\/www.turismoaguarda.es\\\/gl\\\/author\\\/prensa\\\/\"}]}<\/script>\n<!-- \/ Yoast SEO plugin. -->","yoast_head_json":{"title":"Os alcaldes e alcaldesas do Cami\u00f1o Portugu\u00e9s da Costa demandan unha soluci\u00f3n ao paso do esteiro do Mi\u00f1o para o Xacobeo 22 | Turismo A Guarda","robots":{"index":"index","follow":"follow","max-snippet":"max-snippet:-1","max-image-preview":"max-image-preview:large","max-video-preview":"max-video-preview:-1"},"canonical":"https:\/\/www.turismoaguarda.es\/gl\/os-alcaldes-e-alcaldesas-do-camino-portugues-da-costa-demandan-unha-solucion-ao-paso-do-esteiro-do-mino-para-o-xacobeo-22\/","og_locale":"en_US","og_type":"article","og_title":"Os alcaldes e alcaldesas do Cami\u00f1o Portugu\u00e9s da Costa demandan unha soluci\u00f3n ao paso do esteiro do Mi\u00f1o para o Xacobeo 22 | Turismo A Guarda","og_description":"Os rexedores e rexedoras expo\u00f1en a problem\u00e1tica do Cami\u00f1o da Costa na Mesa do Cami\u00f1o da Provincia de Pontevedra. Os responsables municipais tam\u00e9n solicitan unha reuni\u00f3n co vicepresidente da Xunta e conselleiro de Turismo, Alfonso Rueda, para tratar o paso de peregrinos polo esteiro do Mi\u00f1o e a duplicidade de nomes nos itinerarios. Dende mediadosLeer m\u00e1is","og_url":"https:\/\/www.turismoaguarda.es\/gl\/os-alcaldes-e-alcaldesas-do-camino-portugues-da-costa-demandan-unha-solucion-ao-paso-do-esteiro-do-mino-para-o-xacobeo-22\/","og_site_name":"Turismo A Guarda","article_publisher":"https:\/\/es-es.facebook.com\/Turismo-A-Guarda-126223240790625\/","article_published_time":"2022-02-21T14:34:01+00:00","og_image":[{"width":800,"height":581,"url":"https:\/\/www.turismoaguarda.es\/wp-content\/uploads\/2022\/02\/NP-21022022-Os-alcaldes-e-alcaldesas-do-Camino-Portugues-da-Costa-demandan-unha-solucion-ao-paso-do-esteiro-do-Mino-para-o-Xacobeo-22.jpg","type":"image\/jpeg"}],"author":"Prensa A Guarda","twitter_card":"summary_large_image","twitter_creator":"@TurismoAGuarda","twitter_site":"@TurismoAGuarda","twitter_misc":{"Written by":"Prensa A Guarda","Est. reading time":"3 minutes"},"schema":{"@context":"https:\/\/schema.org","@graph":[{"@type":"Article","@id":"https:\/\/www.turismoaguarda.es\/gl\/os-alcaldes-e-alcaldesas-do-camino-portugues-da-costa-demandan-unha-solucion-ao-paso-do-esteiro-do-mino-para-o-xacobeo-22\/#article","isPartOf":{"@id":"https:\/\/www.turismoaguarda.es\/gl\/os-alcaldes-e-alcaldesas-do-camino-portugues-da-costa-demandan-unha-solucion-ao-paso-do-esteiro-do-mino-para-o-xacobeo-22\/"},"author":{"name":"Prensa A Guarda","@id":"https:\/\/www.turismoaguarda.es\/#\/schema\/person\/a8b0c27ad7bcbb6c19799e934727508e"},"headline":"Os alcaldes e alcaldesas do Cami\u00f1o Portugu\u00e9s da Costa demandan unha soluci\u00f3n ao paso do esteiro do Mi\u00f1o para o Xacobeo 22","datePublished":"2022-02-21T14:34:01+00:00","mainEntityOfPage":{"@id":"https:\/\/www.turismoaguarda.es\/gl\/os-alcaldes-e-alcaldesas-do-camino-portugues-da-costa-demandan-unha-solucion-ao-paso-do-esteiro-do-mino-para-o-xacobeo-22\/"},"wordCount":605,"commentCount":0,"image":{"@id":"https:\/\/www.turismoaguarda.es\/gl\/os-alcaldes-e-alcaldesas-do-camino-portugues-da-costa-demandan-unha-solucion-ao-paso-do-esteiro-do-mino-para-o-xacobeo-22\/#primaryimage"},"thumbnailUrl":"https:\/\/www.turismoaguarda.es\/wp-content\/uploads\/2022\/02\/NP-21022022-Os-alcaldes-e-alcaldesas-do-Camino-Portugues-da-Costa-demandan-unha-solucion-ao-paso-do-esteiro-do-Mino-para-o-Xacobeo-22.jpg","keywords":["A Guarda","Cami\u00f1o Portugu\u00e9s da Costa","turismo"],"articleSection":["Novas Turismo"],"inLanguage":"gl","potentialAction":[{"@type":"CommentAction","name":"Comment","target":["https:\/\/www.turismoaguarda.es\/gl\/os-alcaldes-e-alcaldesas-do-camino-portugues-da-costa-demandan-unha-solucion-ao-paso-do-esteiro-do-mino-para-o-xacobeo-22\/#respond"]}]},{"@type":"WebPage","@id":"https:\/\/www.turismoaguarda.es\/gl\/os-alcaldes-e-alcaldesas-do-camino-portugues-da-costa-demandan-unha-solucion-ao-paso-do-esteiro-do-mino-para-o-xacobeo-22\/","url":"https:\/\/www.turismoaguarda.es\/gl\/os-alcaldes-e-alcaldesas-do-camino-portugues-da-costa-demandan-unha-solucion-ao-paso-do-esteiro-do-mino-para-o-xacobeo-22\/","name":"Os alcaldes e alcaldesas do Cami\u00f1o Portugu\u00e9s da Costa demandan unha soluci\u00f3n ao paso do esteiro do Mi\u00f1o para o Xacobeo 22 | Turismo A Guarda","isPartOf":{"@id":"https:\/\/www.turismoaguarda.es\/#website"},"primaryImageOfPage":{"@id":"https:\/\/www.turismoaguarda.es\/gl\/os-alcaldes-e-alcaldesas-do-camino-portugues-da-costa-demandan-unha-solucion-ao-paso-do-esteiro-do-mino-para-o-xacobeo-22\/#primaryimage"},"image":{"@id":"https:\/\/www.turismoaguarda.es\/gl\/os-alcaldes-e-alcaldesas-do-camino-portugues-da-costa-demandan-unha-solucion-ao-paso-do-esteiro-do-mino-para-o-xacobeo-22\/#primaryimage"},"thumbnailUrl":"https:\/\/www.turismoaguarda.es\/wp-content\/uploads\/2022\/02\/NP-21022022-Os-alcaldes-e-alcaldesas-do-Camino-Portugues-da-Costa-demandan-unha-solucion-ao-paso-do-esteiro-do-Mino-para-o-Xacobeo-22.jpg","datePublished":"2022-02-21T14:34:01+00:00","author":{"@id":"https:\/\/www.turismoaguarda.es\/#\/schema\/person\/a8b0c27ad7bcbb6c19799e934727508e"},"breadcrumb":{"@id":"https:\/\/www.turismoaguarda.es\/gl\/os-alcaldes-e-alcaldesas-do-camino-portugues-da-costa-demandan-unha-solucion-ao-paso-do-esteiro-do-mino-para-o-xacobeo-22\/#breadcrumb"},"inLanguage":"gl","potentialAction":[{"@type":"ReadAction","target":["https:\/\/www.turismoaguarda.es\/gl\/os-alcaldes-e-alcaldesas-do-camino-portugues-da-costa-demandan-unha-solucion-ao-paso-do-esteiro-do-mino-para-o-xacobeo-22\/"]}]},{"@type":"ImageObject","inLanguage":"gl","@id":"https:\/\/www.turismoaguarda.es\/gl\/os-alcaldes-e-alcaldesas-do-camino-portugues-da-costa-demandan-unha-solucion-ao-paso-do-esteiro-do-mino-para-o-xacobeo-22\/#primaryimage","url":"https:\/\/www.turismoaguarda.es\/wp-content\/uploads\/2022\/02\/NP-21022022-Os-alcaldes-e-alcaldesas-do-Camino-Portugues-da-Costa-demandan-unha-solucion-ao-paso-do-esteiro-do-Mino-para-o-Xacobeo-22.jpg","contentUrl":"https:\/\/www.turismoaguarda.es\/wp-content\/uploads\/2022\/02\/NP-21022022-Os-alcaldes-e-alcaldesas-do-Camino-Portugues-da-Costa-demandan-unha-solucion-ao-paso-do-esteiro-do-Mino-para-o-Xacobeo-22.jpg","width":800,"height":581},{"@type":"BreadcrumbList","@id":"https:\/\/www.turismoaguarda.es\/gl\/os-alcaldes-e-alcaldesas-do-camino-portugues-da-costa-demandan-unha-solucion-ao-paso-do-esteiro-do-mino-para-o-xacobeo-22\/#breadcrumb","itemListElement":[{"@type":"ListItem","position":1,"name":"Portada","item":"https:\/\/www.turismoaguarda.es\/gl\/"},{"@type":"ListItem","position":2,"name":"Os alcaldes e alcaldesas do Cami\u00f1o Portugu\u00e9s da Costa demandan unha soluci\u00f3n ao paso do esteiro do Mi\u00f1o para o Xacobeo 22"}]},{"@type":"WebSite","@id":"https:\/\/www.turismoaguarda.es\/#website","url":"https:\/\/www.turismoaguarda.es\/","name":"Turismo A Guarda","description":"Informaci\u00f3n tur\u00edstica de A Guarda y alrededores.","potentialAction":[{"@type":"SearchAction","target":{"@type":"EntryPoint","urlTemplate":"https:\/\/www.turismoaguarda.es\/?s={search_term_string}"},"query-input":{"@type":"PropertyValueSpecification","valueRequired":true,"valueName":"search_term_string"}}],"inLanguage":"gl"},{"@type":"Person","@id":"https:\/\/www.turismoaguarda.es\/#\/schema\/person\/a8b0c27ad7bcbb6c19799e934727508e","name":"Prensa A Guarda","image":{"@type":"ImageObject","inLanguage":"gl","@id":"https:\/\/secure.gravatar.com\/avatar\/387e117f874ba5d0a3439060b45d914395d77287b2e4890a49d1599fc3ef9189?s=96&d=mm&r=g","url":"https:\/\/secure.gravatar.com\/avatar\/387e117f874ba5d0a3439060b45d914395d77287b2e4890a49d1599fc3ef9189?s=96&d=mm&r=g","contentUrl":"https:\/\/secure.gravatar.com\/avatar\/387e117f874ba5d0a3439060b45d914395d77287b2e4890a49d1599fc3ef9189?s=96&d=mm&r=g","caption":"Prensa A Guarda"},"url":"https:\/\/www.turismoaguarda.es\/gl\/author\/prensa\/"}]}},"_links":{"self":[{"href":"https:\/\/www.turismoaguarda.es\/gl\/wp-json\/wp\/v2\/posts\/15217","targetHints":{"allow":["GET"]}}],"collection":[{"href":"https:\/\/www.turismoaguarda.es\/gl\/wp-json\/wp\/v2\/posts"}],"about":[{"href":"https:\/\/www.turismoaguarda.es\/gl\/wp-json\/wp\/v2\/types\/post"}],"author":[{"embeddable":true,"href":"https:\/\/www.turismoaguarda.es\/gl\/wp-json\/wp\/v2\/users\/11"}],"replies":[{"embeddable":true,"href":"https:\/\/www.turismoaguarda.es\/gl\/wp-json\/wp\/v2\/comments?post=15217"}],"version-history":[{"count":1,"href":"https:\/\/www.turismoaguarda.es\/gl\/wp-json\/wp\/v2\/posts\/15217\/revisions"}],"predecessor-version":[{"id":15221,"href":"https:\/\/www.turismoaguarda.es\/gl\/wp-json\/wp\/v2\/posts\/15217\/revisions\/15221"}],"wp:featuredmedia":[{"embeddable":true,"href":"https:\/\/www.turismoaguarda.es\/gl\/wp-json\/wp\/v2\/media\/15218"}],"wp:attachment":[{"href":"https:\/\/www.turismoaguarda.es\/gl\/wp-json\/wp\/v2\/media?parent=15217"}],"wp:term":[{"taxonomy":"category","embeddable":true,"href":"https:\/\/www.turismoaguarda.es\/gl\/wp-json\/wp\/v2\/categories?post=15217"},{"taxonomy":"post_tag","embeddable":true,"href":"https:\/\/www.turismoaguarda.es\/gl\/wp-json\/wp\/v2\/tags?post=15217"}],"curies":[{"name":"wp","href":"https:\/\/api.w.org\/{rel}","templated":true}]}}