{"id":14928,"date":"2021-09-29T18:30:04","date_gmt":"2021-09-29T16:30:04","guid":{"rendered":"https:\/\/www.turismoaguarda.es\/?p=14928"},"modified":"2021-09-29T18:30:04","modified_gmt":"2021-09-29T16:30:04","slug":"a-guarda-acolle-unha-formacion-sobre-planificacion-estratexica-empresarial","status":"publish","type":"post","link":"https:\/\/www.turismoaguarda.es\/gl\/a-guarda-acolle-unha-formacion-sobre-planificacion-estratexica-empresarial\/","title":{"rendered":"A Guarda acolle unha Formaci\u00f3n sobre \u201cPlanificaci\u00f3n Estrat\u00e9xica Empresarial\u201d"},"content":{"rendered":"<p><em><strong>\u2022 Contou coa participaci\u00f3n de empresarios, profesores e alumnos do IES A Sangri\u00f1a da Guarda.<\/strong><\/em><\/p>\n<p>Na tarde do m\u00e9rcores d\u00eda 29 de setembro de 2021 o Sal\u00f3n de Plenos do Concello da Guarda acolleu a sesi\u00f3n de formaci\u00f3n sobre \u201cPlanificaci\u00f3n Estrat\u00e9xica Empresarial\u201d enmarcada no proxecto Atlantic Culture Scape.<\/p>\n<p>O Alcalde da Guarda, Antonio Lomba e o Concelleiro de Turismo, Rafa \u00c1lvarez, deron a benvida a esta sesi\u00f3n formativa, facendo fincap\u00e9 na necesidade de promocionar e crear itinerarios tur\u00edsticos ligados ao patrimonio cultural inmaterial existente no municipio.<br \/>\nAo longo desta xornada os participantes traballaron conxuntamente sobre como (re)definir obxectivos empresariais, emprender iniciativas de negocio, procurar novos mercados de comercializaci\u00f3n e dese\u00f1ar plans de acci\u00f3n para adaptarnos aos novos tempos. Esta formaci\u00f3n ser\u00e1 complementada por un seguimento personalizado para aquelas empresas e asociaci\u00f3n que o soliciten.<br \/>\nEste curso forma parte dun plan formativo promovido desde o proxecto Atlantic CultureScape, xestionado pola Universidade de Vigo. Levaranse a cabo diversas xornadas formativas dirixidas ao Sector Tur\u00edstico e do Patrimonio Cultural co fin de fortalecer o tecido empresarial e asociativo. Realizaranse diversos cursos ao longo dos pr\u00f3ximo meses sobre estratexias de comercializaci\u00f3n tur\u00edstica.<\/p>\n<p>O PROXECTO ATLANTIC CULTURE SCAPE<br \/>\nNos \u00faltimos anos, o elemento \u201cinmaterial\u201d do Patrimonio Cultural ten recibido pouca atenci\u00f3n no Espazo Atl\u00e1ntico. O proxecto Atlantic CultureScape proponse abordar esta cuesti\u00f3n a trav\u00e9s da identificaci\u00f3n e valorizaci\u00f3n do desfrute de aut\u00e9nticas experiencias relacionadas co Patrimonio Cultural Inmaterial. Reunindo sete entidades transnacionais asociadas, o proxecto decorrer\u00e1 at\u00e9 Setembro de 2022 e \u00e9 cofinanciado polo Programa INTERREG Espazo Atl\u00e1ntico, a trav\u00e9s do Fondo Europeo de Desenvolvemento Rexional (FEDER).<br \/>\nInicialmente foi realizado un estudo do Patrimonio Cultural Inmaterial (PCI) en todo o Espazo Atl\u00e1ntico, a fin de fornecer principios orientadores para o crecemento econ\u00f3mico sustent\u00e1bel. O proxecto c\u00e9ntrase na protecci\u00f3n e evoluci\u00f3n do PCI, as\u00ed como no seu desenvolvemento. A creaci\u00f3n de produtos innovadores e dunha Ruta no Espazo Atl\u00e1ntico, apoiada por un programa de comercializaci\u00f3n transnacional, fomentar\u00e1 un maior reco\u00f1ecemento e visibilidade do Patrimonio Cultural Inmaterial. A identificaci\u00f3n de aut\u00e9nticas experiencias culturais, enraizadas en cada unha das rexi\u00f3ns implicadas, ter\u00e1 unha influencia significativa no n\u00famero de visitantes e turistas. As\u00ed mesmo, pret\u00e9ndese estimular a actividade econ\u00f3mica, creando novos negocios e aumentando o n\u00famero de postos de traballo no sector servizos.<br \/>\nENTIDADES SOCIAS DO PROXECTO<br \/>\nEst\u00e1 formado por 7 entidades e 12 organismos asociados ao longo do Espazo Atl\u00e1ntico. Cada socio\/a lidera un paquete de traballo (PT) e, en conxunto, conforman o proxecto Atlantic CultureScape:<br \/>\n1. Newry, Mourne e Conselho Distrital de Down (Irlanda do Norte).<br \/>\n2. Brecon Beacons National Park Authority (Gales)<br \/>\n3. Gobierno Reginonal de Cantabria<br \/>\n4. Universidade de Vigo<br \/>\n5. Cork Institute of Technology (Irlanda)<br \/>\n6. Agencia Andaluza de Industrias Culturales<br \/>\n7. Munic\u00edpio de Rio Maior (Portugal)<\/p>\n","protected":false},"excerpt":{"rendered":"<p>\u2022 Contou coa participaci\u00f3n de empresarios, profesores e alumnos do IES A Sangri\u00f1a da Guarda. Na tarde do m\u00e9rcores d\u00eda 29 de setembro de 2021 o Sal\u00f3n de Plenos do Concello da Guarda acolleu a sesi\u00f3n de formaci\u00f3n sobre \u201cPlanificaci\u00f3n Estrat\u00e9xica Empresarial\u201d enmarcada no proxecto Atlantic Culture Scape. O Alcalde da Guarda, Antonio Lomba e<\/p>\n<div class=\"padding-top text-center\"><a href=\"https:\/\/www.turismoaguarda.es\/gl\/a-guarda-acolle-unha-formacion-sobre-planificacion-estratexica-empresarial\/\" class=\"atbtn atbtn--medium atbtn--rounded atbtn--transparent\">Leer m\u00e1is<i class=\"atbtn__icon atbtn__icon--right fa fa-long-arrow-right\"><\/i><\/a><\/div>\n","protected":false},"author":11,"featured_media":14929,"comment_status":"open","ping_status":"open","sticky":false,"template":"","format":"standard","meta":{"footnotes":""},"categories":[94],"tags":[170,1902,1516,171],"class_list":["post-14928","post","type-post","status-publish","format-standard","has-post-thumbnail","hentry","category-novas-turismo","tag-a-guarda-gl","tag-atlantic-culturescape","tag-formacion-gl","tag-turismo-gl"],"yoast_head":"<!-- This site is optimized with the Yoast SEO plugin v27.4 - https:\/\/yoast.com\/product\/yoast-seo-wordpress\/ -->\n<title>A Guarda acolle unha Formaci\u00f3n sobre \u201cPlanificaci\u00f3n Estrat\u00e9xica Empresarial\u201d | Turismo A Guarda<\/title>\n<meta name=\"robots\" content=\"index, follow, max-snippet:-1, max-image-preview:large, max-video-preview:-1\" \/>\n<link rel=\"canonical\" href=\"https:\/\/www.turismoaguarda.es\/gl\/a-guarda-acolle-unha-formacion-sobre-planificacion-estratexica-empresarial\/\" \/>\n<meta property=\"og:locale\" content=\"en_US\" \/>\n<meta property=\"og:type\" content=\"article\" \/>\n<meta property=\"og:title\" content=\"A Guarda acolle unha Formaci\u00f3n sobre \u201cPlanificaci\u00f3n Estrat\u00e9xica Empresarial\u201d | Turismo A Guarda\" \/>\n<meta property=\"og:description\" content=\"\u2022 Contou coa participaci\u00f3n de empresarios, profesores e alumnos do IES A Sangri\u00f1a da Guarda. Na tarde do m\u00e9rcores d\u00eda 29 de setembro de 2021 o Sal\u00f3n de Plenos do Concello da Guarda acolleu a sesi\u00f3n de formaci\u00f3n sobre \u201cPlanificaci\u00f3n Estrat\u00e9xica Empresarial\u201d enmarcada no proxecto Atlantic Culture Scape. O Alcalde da Guarda, Antonio Lomba eLeer m\u00e1is\" \/>\n<meta property=\"og:url\" content=\"https:\/\/www.turismoaguarda.es\/gl\/a-guarda-acolle-unha-formacion-sobre-planificacion-estratexica-empresarial\/\" \/>\n<meta property=\"og:site_name\" content=\"Turismo A Guarda\" \/>\n<meta property=\"article:publisher\" content=\"https:\/\/es-es.facebook.com\/Turismo-A-Guarda-126223240790625\/\" \/>\n<meta property=\"article:published_time\" content=\"2021-09-29T16:30:04+00:00\" \/>\n<meta property=\"og:image\" content=\"https:\/\/www.turismoaguarda.es\/wp-content\/uploads\/2021\/09\/NP-29092021-A-Guarda-acolle-unha-Formaci\u00f3n-sobre-Planificaci\u00f3n-Estrat\u00e9xica-Empresarial-1.jpg\" \/>\n\t<meta property=\"og:image:width\" content=\"827\" \/>\n\t<meta property=\"og:image:height\" content=\"551\" \/>\n\t<meta property=\"og:image:type\" content=\"image\/jpeg\" \/>\n<meta name=\"author\" content=\"Prensa A Guarda\" \/>\n<meta name=\"twitter:card\" content=\"summary_large_image\" \/>\n<meta name=\"twitter:creator\" content=\"@TurismoAGuarda\" \/>\n<meta name=\"twitter:site\" content=\"@TurismoAGuarda\" \/>\n<meta name=\"twitter:label1\" content=\"Written by\" \/>\n\t<meta name=\"twitter:data1\" content=\"Prensa A Guarda\" \/>\n\t<meta name=\"twitter:label2\" content=\"Est. reading time\" \/>\n\t<meta name=\"twitter:data2\" content=\"2 minutes\" \/>\n<script type=\"application\/ld+json\" class=\"yoast-schema-graph\">{\"@context\":\"https:\\\/\\\/schema.org\",\"@graph\":[{\"@type\":\"Article\",\"@id\":\"https:\\\/\\\/www.turismoaguarda.es\\\/gl\\\/a-guarda-acolle-unha-formacion-sobre-planificacion-estratexica-empresarial\\\/#article\",\"isPartOf\":{\"@id\":\"https:\\\/\\\/www.turismoaguarda.es\\\/gl\\\/a-guarda-acolle-unha-formacion-sobre-planificacion-estratexica-empresarial\\\/\"},\"author\":{\"name\":\"Prensa A Guarda\",\"@id\":\"https:\\\/\\\/www.turismoaguarda.es\\\/#\\\/schema\\\/person\\\/a8b0c27ad7bcbb6c19799e934727508e\"},\"headline\":\"A Guarda acolle unha Formaci\u00f3n sobre \u201cPlanificaci\u00f3n Estrat\u00e9xica Empresarial\u201d\",\"datePublished\":\"2021-09-29T16:30:04+00:00\",\"mainEntityOfPage\":{\"@id\":\"https:\\\/\\\/www.turismoaguarda.es\\\/gl\\\/a-guarda-acolle-unha-formacion-sobre-planificacion-estratexica-empresarial\\\/\"},\"wordCount\":501,\"commentCount\":0,\"image\":{\"@id\":\"https:\\\/\\\/www.turismoaguarda.es\\\/gl\\\/a-guarda-acolle-unha-formacion-sobre-planificacion-estratexica-empresarial\\\/#primaryimage\"},\"thumbnailUrl\":\"https:\\\/\\\/www.turismoaguarda.es\\\/wp-content\\\/uploads\\\/2021\\\/09\\\/NP-29092021-A-Guarda-acolle-unha-Formaci\u00f3n-sobre-Planificaci\u00f3n-Estrat\u00e9xica-Empresarial-1.jpg\",\"keywords\":[\"A Guarda\",\"atlantic culturescape\",\"Formaci\u00f3n\",\"turismo\"],\"articleSection\":[\"Novas Turismo\"],\"inLanguage\":\"gl\",\"potentialAction\":[{\"@type\":\"CommentAction\",\"name\":\"Comment\",\"target\":[\"https:\\\/\\\/www.turismoaguarda.es\\\/gl\\\/a-guarda-acolle-unha-formacion-sobre-planificacion-estratexica-empresarial\\\/#respond\"]}]},{\"@type\":\"WebPage\",\"@id\":\"https:\\\/\\\/www.turismoaguarda.es\\\/gl\\\/a-guarda-acolle-unha-formacion-sobre-planificacion-estratexica-empresarial\\\/\",\"url\":\"https:\\\/\\\/www.turismoaguarda.es\\\/gl\\\/a-guarda-acolle-unha-formacion-sobre-planificacion-estratexica-empresarial\\\/\",\"name\":\"A Guarda acolle unha Formaci\u00f3n sobre \u201cPlanificaci\u00f3n Estrat\u00e9xica Empresarial\u201d | Turismo A Guarda\",\"isPartOf\":{\"@id\":\"https:\\\/\\\/www.turismoaguarda.es\\\/#website\"},\"primaryImageOfPage\":{\"@id\":\"https:\\\/\\\/www.turismoaguarda.es\\\/gl\\\/a-guarda-acolle-unha-formacion-sobre-planificacion-estratexica-empresarial\\\/#primaryimage\"},\"image\":{\"@id\":\"https:\\\/\\\/www.turismoaguarda.es\\\/gl\\\/a-guarda-acolle-unha-formacion-sobre-planificacion-estratexica-empresarial\\\/#primaryimage\"},\"thumbnailUrl\":\"https:\\\/\\\/www.turismoaguarda.es\\\/wp-content\\\/uploads\\\/2021\\\/09\\\/NP-29092021-A-Guarda-acolle-unha-Formaci\u00f3n-sobre-Planificaci\u00f3n-Estrat\u00e9xica-Empresarial-1.jpg\",\"datePublished\":\"2021-09-29T16:30:04+00:00\",\"author\":{\"@id\":\"https:\\\/\\\/www.turismoaguarda.es\\\/#\\\/schema\\\/person\\\/a8b0c27ad7bcbb6c19799e934727508e\"},\"breadcrumb\":{\"@id\":\"https:\\\/\\\/www.turismoaguarda.es\\\/gl\\\/a-guarda-acolle-unha-formacion-sobre-planificacion-estratexica-empresarial\\\/#breadcrumb\"},\"inLanguage\":\"gl\",\"potentialAction\":[{\"@type\":\"ReadAction\",\"target\":[\"https:\\\/\\\/www.turismoaguarda.es\\\/gl\\\/a-guarda-acolle-unha-formacion-sobre-planificacion-estratexica-empresarial\\\/\"]}]},{\"@type\":\"ImageObject\",\"inLanguage\":\"gl\",\"@id\":\"https:\\\/\\\/www.turismoaguarda.es\\\/gl\\\/a-guarda-acolle-unha-formacion-sobre-planificacion-estratexica-empresarial\\\/#primaryimage\",\"url\":\"https:\\\/\\\/www.turismoaguarda.es\\\/wp-content\\\/uploads\\\/2021\\\/09\\\/NP-29092021-A-Guarda-acolle-unha-Formaci\u00f3n-sobre-Planificaci\u00f3n-Estrat\u00e9xica-Empresarial-1.jpg\",\"contentUrl\":\"https:\\\/\\\/www.turismoaguarda.es\\\/wp-content\\\/uploads\\\/2021\\\/09\\\/NP-29092021-A-Guarda-acolle-unha-Formaci\u00f3n-sobre-Planificaci\u00f3n-Estrat\u00e9xica-Empresarial-1.jpg\",\"width\":827,\"height\":551},{\"@type\":\"BreadcrumbList\",\"@id\":\"https:\\\/\\\/www.turismoaguarda.es\\\/gl\\\/a-guarda-acolle-unha-formacion-sobre-planificacion-estratexica-empresarial\\\/#breadcrumb\",\"itemListElement\":[{\"@type\":\"ListItem\",\"position\":1,\"name\":\"Portada\",\"item\":\"https:\\\/\\\/www.turismoaguarda.es\\\/gl\\\/\"},{\"@type\":\"ListItem\",\"position\":2,\"name\":\"A Guarda acolle unha Formaci\u00f3n sobre \u201cPlanificaci\u00f3n Estrat\u00e9xica Empresarial\u201d\"}]},{\"@type\":\"WebSite\",\"@id\":\"https:\\\/\\\/www.turismoaguarda.es\\\/#website\",\"url\":\"https:\\\/\\\/www.turismoaguarda.es\\\/\",\"name\":\"Turismo A Guarda\",\"description\":\"Informaci\u00f3n tur\u00edstica de A Guarda y alrededores.\",\"potentialAction\":[{\"@type\":\"SearchAction\",\"target\":{\"@type\":\"EntryPoint\",\"urlTemplate\":\"https:\\\/\\\/www.turismoaguarda.es\\\/?s={search_term_string}\"},\"query-input\":{\"@type\":\"PropertyValueSpecification\",\"valueRequired\":true,\"valueName\":\"search_term_string\"}}],\"inLanguage\":\"gl\"},{\"@type\":\"Person\",\"@id\":\"https:\\\/\\\/www.turismoaguarda.es\\\/#\\\/schema\\\/person\\\/a8b0c27ad7bcbb6c19799e934727508e\",\"name\":\"Prensa A Guarda\",\"image\":{\"@type\":\"ImageObject\",\"inLanguage\":\"gl\",\"@id\":\"https:\\\/\\\/secure.gravatar.com\\\/avatar\\\/387e117f874ba5d0a3439060b45d914395d77287b2e4890a49d1599fc3ef9189?s=96&d=mm&r=g\",\"url\":\"https:\\\/\\\/secure.gravatar.com\\\/avatar\\\/387e117f874ba5d0a3439060b45d914395d77287b2e4890a49d1599fc3ef9189?s=96&d=mm&r=g\",\"contentUrl\":\"https:\\\/\\\/secure.gravatar.com\\\/avatar\\\/387e117f874ba5d0a3439060b45d914395d77287b2e4890a49d1599fc3ef9189?s=96&d=mm&r=g\",\"caption\":\"Prensa A Guarda\"},\"url\":\"https:\\\/\\\/www.turismoaguarda.es\\\/gl\\\/author\\\/prensa\\\/\"}]}<\/script>\n<!-- \/ Yoast SEO plugin. -->","yoast_head_json":{"title":"A Guarda acolle unha Formaci\u00f3n sobre \u201cPlanificaci\u00f3n Estrat\u00e9xica Empresarial\u201d | Turismo A Guarda","robots":{"index":"index","follow":"follow","max-snippet":"max-snippet:-1","max-image-preview":"max-image-preview:large","max-video-preview":"max-video-preview:-1"},"canonical":"https:\/\/www.turismoaguarda.es\/gl\/a-guarda-acolle-unha-formacion-sobre-planificacion-estratexica-empresarial\/","og_locale":"en_US","og_type":"article","og_title":"A Guarda acolle unha Formaci\u00f3n sobre \u201cPlanificaci\u00f3n Estrat\u00e9xica Empresarial\u201d | Turismo A Guarda","og_description":"\u2022 Contou coa participaci\u00f3n de empresarios, profesores e alumnos do IES A Sangri\u00f1a da Guarda. Na tarde do m\u00e9rcores d\u00eda 29 de setembro de 2021 o Sal\u00f3n de Plenos do Concello da Guarda acolleu a sesi\u00f3n de formaci\u00f3n sobre \u201cPlanificaci\u00f3n Estrat\u00e9xica Empresarial\u201d enmarcada no proxecto Atlantic Culture Scape. O Alcalde da Guarda, Antonio Lomba eLeer m\u00e1is","og_url":"https:\/\/www.turismoaguarda.es\/gl\/a-guarda-acolle-unha-formacion-sobre-planificacion-estratexica-empresarial\/","og_site_name":"Turismo A Guarda","article_publisher":"https:\/\/es-es.facebook.com\/Turismo-A-Guarda-126223240790625\/","article_published_time":"2021-09-29T16:30:04+00:00","og_image":[{"width":827,"height":551,"url":"https:\/\/www.turismoaguarda.es\/wp-content\/uploads\/2021\/09\/NP-29092021-A-Guarda-acolle-unha-Formaci\u00f3n-sobre-Planificaci\u00f3n-Estrat\u00e9xica-Empresarial-1.jpg","type":"image\/jpeg"}],"author":"Prensa A Guarda","twitter_card":"summary_large_image","twitter_creator":"@TurismoAGuarda","twitter_site":"@TurismoAGuarda","twitter_misc":{"Written by":"Prensa A Guarda","Est. reading time":"2 minutes"},"schema":{"@context":"https:\/\/schema.org","@graph":[{"@type":"Article","@id":"https:\/\/www.turismoaguarda.es\/gl\/a-guarda-acolle-unha-formacion-sobre-planificacion-estratexica-empresarial\/#article","isPartOf":{"@id":"https:\/\/www.turismoaguarda.es\/gl\/a-guarda-acolle-unha-formacion-sobre-planificacion-estratexica-empresarial\/"},"author":{"name":"Prensa A Guarda","@id":"https:\/\/www.turismoaguarda.es\/#\/schema\/person\/a8b0c27ad7bcbb6c19799e934727508e"},"headline":"A Guarda acolle unha Formaci\u00f3n sobre \u201cPlanificaci\u00f3n Estrat\u00e9xica Empresarial\u201d","datePublished":"2021-09-29T16:30:04+00:00","mainEntityOfPage":{"@id":"https:\/\/www.turismoaguarda.es\/gl\/a-guarda-acolle-unha-formacion-sobre-planificacion-estratexica-empresarial\/"},"wordCount":501,"commentCount":0,"image":{"@id":"https:\/\/www.turismoaguarda.es\/gl\/a-guarda-acolle-unha-formacion-sobre-planificacion-estratexica-empresarial\/#primaryimage"},"thumbnailUrl":"https:\/\/www.turismoaguarda.es\/wp-content\/uploads\/2021\/09\/NP-29092021-A-Guarda-acolle-unha-Formaci\u00f3n-sobre-Planificaci\u00f3n-Estrat\u00e9xica-Empresarial-1.jpg","keywords":["A Guarda","atlantic culturescape","Formaci\u00f3n","turismo"],"articleSection":["Novas Turismo"],"inLanguage":"gl","potentialAction":[{"@type":"CommentAction","name":"Comment","target":["https:\/\/www.turismoaguarda.es\/gl\/a-guarda-acolle-unha-formacion-sobre-planificacion-estratexica-empresarial\/#respond"]}]},{"@type":"WebPage","@id":"https:\/\/www.turismoaguarda.es\/gl\/a-guarda-acolle-unha-formacion-sobre-planificacion-estratexica-empresarial\/","url":"https:\/\/www.turismoaguarda.es\/gl\/a-guarda-acolle-unha-formacion-sobre-planificacion-estratexica-empresarial\/","name":"A Guarda acolle unha Formaci\u00f3n sobre \u201cPlanificaci\u00f3n Estrat\u00e9xica Empresarial\u201d | Turismo A Guarda","isPartOf":{"@id":"https:\/\/www.turismoaguarda.es\/#website"},"primaryImageOfPage":{"@id":"https:\/\/www.turismoaguarda.es\/gl\/a-guarda-acolle-unha-formacion-sobre-planificacion-estratexica-empresarial\/#primaryimage"},"image":{"@id":"https:\/\/www.turismoaguarda.es\/gl\/a-guarda-acolle-unha-formacion-sobre-planificacion-estratexica-empresarial\/#primaryimage"},"thumbnailUrl":"https:\/\/www.turismoaguarda.es\/wp-content\/uploads\/2021\/09\/NP-29092021-A-Guarda-acolle-unha-Formaci\u00f3n-sobre-Planificaci\u00f3n-Estrat\u00e9xica-Empresarial-1.jpg","datePublished":"2021-09-29T16:30:04+00:00","author":{"@id":"https:\/\/www.turismoaguarda.es\/#\/schema\/person\/a8b0c27ad7bcbb6c19799e934727508e"},"breadcrumb":{"@id":"https:\/\/www.turismoaguarda.es\/gl\/a-guarda-acolle-unha-formacion-sobre-planificacion-estratexica-empresarial\/#breadcrumb"},"inLanguage":"gl","potentialAction":[{"@type":"ReadAction","target":["https:\/\/www.turismoaguarda.es\/gl\/a-guarda-acolle-unha-formacion-sobre-planificacion-estratexica-empresarial\/"]}]},{"@type":"ImageObject","inLanguage":"gl","@id":"https:\/\/www.turismoaguarda.es\/gl\/a-guarda-acolle-unha-formacion-sobre-planificacion-estratexica-empresarial\/#primaryimage","url":"https:\/\/www.turismoaguarda.es\/wp-content\/uploads\/2021\/09\/NP-29092021-A-Guarda-acolle-unha-Formaci\u00f3n-sobre-Planificaci\u00f3n-Estrat\u00e9xica-Empresarial-1.jpg","contentUrl":"https:\/\/www.turismoaguarda.es\/wp-content\/uploads\/2021\/09\/NP-29092021-A-Guarda-acolle-unha-Formaci\u00f3n-sobre-Planificaci\u00f3n-Estrat\u00e9xica-Empresarial-1.jpg","width":827,"height":551},{"@type":"BreadcrumbList","@id":"https:\/\/www.turismoaguarda.es\/gl\/a-guarda-acolle-unha-formacion-sobre-planificacion-estratexica-empresarial\/#breadcrumb","itemListElement":[{"@type":"ListItem","position":1,"name":"Portada","item":"https:\/\/www.turismoaguarda.es\/gl\/"},{"@type":"ListItem","position":2,"name":"A Guarda acolle unha Formaci\u00f3n sobre \u201cPlanificaci\u00f3n Estrat\u00e9xica Empresarial\u201d"}]},{"@type":"WebSite","@id":"https:\/\/www.turismoaguarda.es\/#website","url":"https:\/\/www.turismoaguarda.es\/","name":"Turismo A Guarda","description":"Informaci\u00f3n tur\u00edstica de A Guarda y alrededores.","potentialAction":[{"@type":"SearchAction","target":{"@type":"EntryPoint","urlTemplate":"https:\/\/www.turismoaguarda.es\/?s={search_term_string}"},"query-input":{"@type":"PropertyValueSpecification","valueRequired":true,"valueName":"search_term_string"}}],"inLanguage":"gl"},{"@type":"Person","@id":"https:\/\/www.turismoaguarda.es\/#\/schema\/person\/a8b0c27ad7bcbb6c19799e934727508e","name":"Prensa A Guarda","image":{"@type":"ImageObject","inLanguage":"gl","@id":"https:\/\/secure.gravatar.com\/avatar\/387e117f874ba5d0a3439060b45d914395d77287b2e4890a49d1599fc3ef9189?s=96&d=mm&r=g","url":"https:\/\/secure.gravatar.com\/avatar\/387e117f874ba5d0a3439060b45d914395d77287b2e4890a49d1599fc3ef9189?s=96&d=mm&r=g","contentUrl":"https:\/\/secure.gravatar.com\/avatar\/387e117f874ba5d0a3439060b45d914395d77287b2e4890a49d1599fc3ef9189?s=96&d=mm&r=g","caption":"Prensa A Guarda"},"url":"https:\/\/www.turismoaguarda.es\/gl\/author\/prensa\/"}]}},"_links":{"self":[{"href":"https:\/\/www.turismoaguarda.es\/gl\/wp-json\/wp\/v2\/posts\/14928","targetHints":{"allow":["GET"]}}],"collection":[{"href":"https:\/\/www.turismoaguarda.es\/gl\/wp-json\/wp\/v2\/posts"}],"about":[{"href":"https:\/\/www.turismoaguarda.es\/gl\/wp-json\/wp\/v2\/types\/post"}],"author":[{"embeddable":true,"href":"https:\/\/www.turismoaguarda.es\/gl\/wp-json\/wp\/v2\/users\/11"}],"replies":[{"embeddable":true,"href":"https:\/\/www.turismoaguarda.es\/gl\/wp-json\/wp\/v2\/comments?post=14928"}],"version-history":[{"count":1,"href":"https:\/\/www.turismoaguarda.es\/gl\/wp-json\/wp\/v2\/posts\/14928\/revisions"}],"predecessor-version":[{"id":14932,"href":"https:\/\/www.turismoaguarda.es\/gl\/wp-json\/wp\/v2\/posts\/14928\/revisions\/14932"}],"wp:featuredmedia":[{"embeddable":true,"href":"https:\/\/www.turismoaguarda.es\/gl\/wp-json\/wp\/v2\/media\/14929"}],"wp:attachment":[{"href":"https:\/\/www.turismoaguarda.es\/gl\/wp-json\/wp\/v2\/media?parent=14928"}],"wp:term":[{"taxonomy":"category","embeddable":true,"href":"https:\/\/www.turismoaguarda.es\/gl\/wp-json\/wp\/v2\/categories?post=14928"},{"taxonomy":"post_tag","embeddable":true,"href":"https:\/\/www.turismoaguarda.es\/gl\/wp-json\/wp\/v2\/tags?post=14928"}],"curies":[{"name":"wp","href":"https:\/\/api.w.org\/{rel}","templated":true}]}}