{"id":14920,"date":"2021-09-24T21:21:21","date_gmt":"2021-09-24T19:21:21","guid":{"rendered":"https:\/\/www.turismoaguarda.es\/?p=14920"},"modified":"2021-09-24T21:31:12","modified_gmt":"2021-09-24T19:31:12","slug":"24-09-aberta-a-convocatoria-da-subvencion-para-a-promocion-da-dixitalizacion-e-o-marketing-dixital","status":"publish","type":"post","link":"https:\/\/www.turismoaguarda.es\/gl\/24-09-aberta-a-convocatoria-da-subvencion-para-a-promocion-da-dixitalizacion-e-o-marketing-dixital\/","title":{"rendered":"24\/09 Aberta a convocatoria da subvenci\u00f3n para a promoci\u00f3n da dixitalizaci\u00f3n e o marketing dixital"},"content":{"rendered":"<p>A finalidade desta subvenci\u00f3n \u00e9<strong> contribu\u00edr \u00e1 recuperaci\u00f3n de destinos tur\u00edsticos a trav\u00e9s de axudas ao sector da hostalar\u00eda para a promoci\u00f3n da dixitalizaci\u00f3n e o m\u00e1rketing dixital para o ano 2021<\/strong>. Mediante li\u00f1as de axudas buscase mellorar actividade econ\u00f3mica e incrementar a competitividade destas empresas coa transformaci\u00f3m dixital.<\/p>\n<p><span style=\"text-decoration: underline;\"><strong>Destinatarios:<\/strong><\/span><br \/>\nAut\u00f3nomos, microempresas e pemes do sector do hostaler\u00eda, inclu\u00eddo o aloxamento tur\u00edstico:<br \/>\n\u2022 hoteis, hostais, casas rurais e outros tipos de aloxamentos<br \/>\n\u2022 restaurantes, bares e outros establecementos de restauraci\u00f3n.<\/p>\n<p><span style=\"text-decoration: underline;\"><strong>Tramitaci\u00f3n:<\/strong><\/span><\/p>\n<ul>\n<li>Sede electr\u00f3nica da Xunta (<a href=\"https:\/\/sede.xunta.gal\/detalle-procedemento?codtram=TU503C&amp;ano=2021&amp;numpub=1&amp;lang=gl\" target=\"_blank\" rel=\"noopener noreferrer\">c\u00f3digo de procedemento TU503C<\/a>)<\/li>\n<li>Informaci\u00f3n: Axencia de Turismo (Fomento)\u00a0no tel\u00e9fono: 900 81 53 34 ou v\u00eda mail: fomento.turismo@xunta.gal<\/li>\n<li>Sistema de concorrencia non competitiva.<\/li>\n<\/ul>\n<p><span style=\"text-decoration: underline;\"><strong>Prazo de presentaci\u00f3n das solicitudes: remata o 25 de outubro de 2021.<\/strong><\/span><\/p>\n<p><span style=\"text-decoration: underline;\"><strong>Cont\u00eda da axuda: 100 % ata un m\u00e1ximo de 15.000\u20ac.<\/strong><\/span><\/p>\n<p><span style=\"text-decoration: underline;\"><strong>GASTOS SUBVENCIONABLES:<\/strong><\/span><br \/>\nConsid\u00e9ranse gastos subvencionables aqueles en que incorrese a entidade solicitante <span style=\"text-decoration: underline;\">entre o 1 de xaneiro e o 15 de novembro de 2021<\/span> con respecto aos conceptos seguintes:<\/p>\n<ol>\n<li>Instalaci\u00f3n de novos PMS (Property Management System).<\/li>\n<li>Integraci\u00f3n de PMS actuais.<\/li>\n<li>Instalaci\u00f3n de novos CRM (Customer Relationship Management) integrados con PMS.<\/li>\n<li>Instalaci\u00f3n de novos CRM non integrados con PMS.<\/li>\n<li>CMR integrado con PMS e ferramentas de Big Data e Chatbots intelixentes.<\/li>\n<li>Produtos\/servizos de m\u00e1rketing orientados a captar e fidelizar novos mercados e clientes:\n<ul>\n<li>Estudos de mercado (internacionalizaci\u00f3n, an\u00e1lise de competencia, benchmarking&#8230;).<\/li>\n<li>Estudos de comportamento e satisfacci\u00f3n de clientes (enquisas, mistery shopper, focus group&#8230;).<\/li>\n<li>Sistemas de marketing automation.<\/li>\n<li>Xesti\u00f3n profesionalizada de RR.SS. (redes sociais).<\/li>\n<li>Publicidade en li\u00f1a.<\/li>\n<li>Campa\u00f1as publicitarias con prescritores.<\/li>\n<li>Reportaxes fotogr\u00e1ficas e de v\u00eddeo.<\/li>\n<li>Revisi\u00f3n das APPCC (an\u00e1lises de perigos e puntos control cr\u00edtico).<\/li>\n<\/ul>\n<\/li>\n<li>Web corporativa con motor de reservas.<\/li>\n<li>Adquisici\u00f3n de hardware inform\u00e1tico.<\/li>\n<li>Gastos de persoal:<br \/>\n\u2013 Sistemas de control do teletraballo.<\/li>\n<li>Equipamento tecnol\u00f3xico:<br \/>\n\u2013 Equipamento tecnol\u00f3xico, directo ou indirecto, que poida servir de apoio ou difusi\u00f3n no control da pandemia.<br \/>\n\u2013 Equipamento tecnol\u00f3xico tanto b\u00e1sico (equipamentos inform\u00e1ticos, software, comunicaci\u00f3ns, etc.) como espec\u00edfico.<\/li>\n<\/ol>\n<p><a href=\"https:\/\/www.xunta.gal\/dog\/Publicados\/2021\/20210924\/AnuncioG0256-230921-0001_gl.html\" target=\"_blank\" rel=\"noopener noreferrer\">DOG N\u00ba 185 DO 24\/09\/2021<\/a> Bases reguladoras para a concesi\u00f3n, en r\u00e9xime de concorrencia non competitiva, de subvenci\u00f3ns ao sector da hostalar\u00eda para a promoci\u00f3n da dixitalizaci\u00f3n e o m\u00e1rketing dixital, e se anuncia a s\u00faa convocatoria para o ano 2021.<\/p>\n<p><a href=\"https:\/\/www.xunta.gal\/dog\/Publicados\/2021\/20210924\/AnuncioG0256-230921-0002_gl.html\" target=\"_blank\" rel=\"noopener noreferrer\">EXTRACTO N\u00ba 185 DO 24\/09\/2021<\/a><\/p>\n","protected":false},"excerpt":{"rendered":"<p>A finalidade desta subvenci\u00f3n \u00e9 contribu\u00edr \u00e1 recuperaci\u00f3n de destinos tur\u00edsticos a trav\u00e9s de axudas ao sector da hostalar\u00eda para a promoci\u00f3n da dixitalizaci\u00f3n e o m\u00e1rketing dixital para o ano 2021. Mediante li\u00f1as de axudas buscase mellorar actividade econ\u00f3mica e incrementar a competitividade destas empresas coa transformaci\u00f3m dixital. Destinatarios: Aut\u00f3nomos, microempresas e pemes do<\/p>\n<div class=\"padding-top text-center\"><a href=\"https:\/\/www.turismoaguarda.es\/gl\/24-09-aberta-a-convocatoria-da-subvencion-para-a-promocion-da-dixitalizacion-e-o-marketing-dixital\/\" class=\"atbtn atbtn--medium atbtn--rounded atbtn--transparent\">Leer m\u00e1is<i class=\"atbtn__icon atbtn__icon--right fa fa-long-arrow-right\"><\/i><\/a><\/div>\n","protected":false},"author":7,"featured_media":0,"comment_status":"open","ping_status":"open","sticky":false,"template":"","format":"standard","meta":{"footnotes":""},"categories":[1812],"tags":[],"class_list":["post-14920","post","type-post","status-publish","format-standard","hentry","category-novas-hostalaria"],"yoast_head":"<!-- This site is optimized with the Yoast SEO plugin v27.5 - https:\/\/yoast.com\/product\/yoast-seo-wordpress\/ -->\n<title>24\/09 Aberta a convocatoria da subvenci\u00f3n para a promoci\u00f3n da dixitalizaci\u00f3n e o marketing dixital | Turismo A Guarda<\/title>\n<meta name=\"robots\" content=\"index, follow, max-snippet:-1, max-image-preview:large, max-video-preview:-1\" \/>\n<link rel=\"canonical\" href=\"https:\/\/www.turismoaguarda.es\/gl\/24-09-aberta-a-convocatoria-da-subvencion-para-a-promocion-da-dixitalizacion-e-o-marketing-dixital\/\" \/>\n<meta property=\"og:locale\" content=\"en_US\" \/>\n<meta property=\"og:type\" content=\"article\" \/>\n<meta property=\"og:title\" content=\"24\/09 Aberta a convocatoria da subvenci\u00f3n para a promoci\u00f3n da dixitalizaci\u00f3n e o marketing dixital | Turismo A Guarda\" \/>\n<meta property=\"og:description\" content=\"A finalidade desta subvenci\u00f3n \u00e9 contribu\u00edr \u00e1 recuperaci\u00f3n de destinos tur\u00edsticos a trav\u00e9s de axudas ao sector da hostalar\u00eda para a promoci\u00f3n da dixitalizaci\u00f3n e o m\u00e1rketing dixital para o ano 2021. Mediante li\u00f1as de axudas buscase mellorar actividade econ\u00f3mica e incrementar a competitividade destas empresas coa transformaci\u00f3m dixital. Destinatarios: Aut\u00f3nomos, microempresas e pemes doLeer m\u00e1is\" \/>\n<meta property=\"og:url\" content=\"https:\/\/www.turismoaguarda.es\/gl\/24-09-aberta-a-convocatoria-da-subvencion-para-a-promocion-da-dixitalizacion-e-o-marketing-dixital\/\" \/>\n<meta property=\"og:site_name\" content=\"Turismo A Guarda\" \/>\n<meta property=\"article:publisher\" content=\"https:\/\/es-es.facebook.com\/Turismo-A-Guarda-126223240790625\/\" \/>\n<meta property=\"article:published_time\" content=\"2021-09-24T19:21:21+00:00\" \/>\n<meta property=\"article:modified_time\" content=\"2021-09-24T19:31:12+00:00\" \/>\n<meta name=\"author\" content=\"Rosalia Verde\" \/>\n<meta name=\"twitter:card\" content=\"summary_large_image\" \/>\n<meta name=\"twitter:creator\" content=\"@TurismoAGuarda\" \/>\n<meta name=\"twitter:site\" content=\"@TurismoAGuarda\" \/>\n<meta name=\"twitter:label1\" content=\"Written by\" \/>\n\t<meta name=\"twitter:data1\" content=\"Rosalia Verde\" \/>\n\t<meta name=\"twitter:label2\" content=\"Est. reading time\" \/>\n\t<meta name=\"twitter:data2\" content=\"2 minutes\" \/>\n<script type=\"application\/ld+json\" class=\"yoast-schema-graph\">{\"@context\":\"https:\\\/\\\/schema.org\",\"@graph\":[{\"@type\":\"Article\",\"@id\":\"https:\\\/\\\/www.turismoaguarda.es\\\/gl\\\/24-09-aberta-a-convocatoria-da-subvencion-para-a-promocion-da-dixitalizacion-e-o-marketing-dixital\\\/#article\",\"isPartOf\":{\"@id\":\"https:\\\/\\\/www.turismoaguarda.es\\\/gl\\\/24-09-aberta-a-convocatoria-da-subvencion-para-a-promocion-da-dixitalizacion-e-o-marketing-dixital\\\/\"},\"author\":{\"name\":\"Rosalia Verde\",\"@id\":\"https:\\\/\\\/www.turismoaguarda.es\\\/#\\\/schema\\\/person\\\/9282bb1649316a88a88b0eca34bd959b\"},\"headline\":\"24\\\/09 Aberta a convocatoria da subvenci\u00f3n para a promoci\u00f3n da dixitalizaci\u00f3n e o marketing dixital\",\"datePublished\":\"2021-09-24T19:21:21+00:00\",\"dateModified\":\"2021-09-24T19:31:12+00:00\",\"mainEntityOfPage\":{\"@id\":\"https:\\\/\\\/www.turismoaguarda.es\\\/gl\\\/24-09-aberta-a-convocatoria-da-subvencion-para-a-promocion-da-dixitalizacion-e-o-marketing-dixital\\\/\"},\"wordCount\":420,\"commentCount\":0,\"articleSection\":[\"Novas Hostalar\u00eda\"],\"inLanguage\":\"gl\",\"potentialAction\":[{\"@type\":\"CommentAction\",\"name\":\"Comment\",\"target\":[\"https:\\\/\\\/www.turismoaguarda.es\\\/gl\\\/24-09-aberta-a-convocatoria-da-subvencion-para-a-promocion-da-dixitalizacion-e-o-marketing-dixital\\\/#respond\"]}]},{\"@type\":\"WebPage\",\"@id\":\"https:\\\/\\\/www.turismoaguarda.es\\\/gl\\\/24-09-aberta-a-convocatoria-da-subvencion-para-a-promocion-da-dixitalizacion-e-o-marketing-dixital\\\/\",\"url\":\"https:\\\/\\\/www.turismoaguarda.es\\\/gl\\\/24-09-aberta-a-convocatoria-da-subvencion-para-a-promocion-da-dixitalizacion-e-o-marketing-dixital\\\/\",\"name\":\"24\\\/09 Aberta a convocatoria da subvenci\u00f3n para a promoci\u00f3n da dixitalizaci\u00f3n e o marketing dixital | Turismo A Guarda\",\"isPartOf\":{\"@id\":\"https:\\\/\\\/www.turismoaguarda.es\\\/#website\"},\"datePublished\":\"2021-09-24T19:21:21+00:00\",\"dateModified\":\"2021-09-24T19:31:12+00:00\",\"author\":{\"@id\":\"https:\\\/\\\/www.turismoaguarda.es\\\/#\\\/schema\\\/person\\\/9282bb1649316a88a88b0eca34bd959b\"},\"breadcrumb\":{\"@id\":\"https:\\\/\\\/www.turismoaguarda.es\\\/gl\\\/24-09-aberta-a-convocatoria-da-subvencion-para-a-promocion-da-dixitalizacion-e-o-marketing-dixital\\\/#breadcrumb\"},\"inLanguage\":\"gl\",\"potentialAction\":[{\"@type\":\"ReadAction\",\"target\":[\"https:\\\/\\\/www.turismoaguarda.es\\\/gl\\\/24-09-aberta-a-convocatoria-da-subvencion-para-a-promocion-da-dixitalizacion-e-o-marketing-dixital\\\/\"]}]},{\"@type\":\"BreadcrumbList\",\"@id\":\"https:\\\/\\\/www.turismoaguarda.es\\\/gl\\\/24-09-aberta-a-convocatoria-da-subvencion-para-a-promocion-da-dixitalizacion-e-o-marketing-dixital\\\/#breadcrumb\",\"itemListElement\":[{\"@type\":\"ListItem\",\"position\":1,\"name\":\"Portada\",\"item\":\"https:\\\/\\\/www.turismoaguarda.es\\\/gl\\\/\"},{\"@type\":\"ListItem\",\"position\":2,\"name\":\"24\\\/09 Aberta a convocatoria da subvenci\u00f3n para a promoci\u00f3n da dixitalizaci\u00f3n e o marketing dixital\"}]},{\"@type\":\"WebSite\",\"@id\":\"https:\\\/\\\/www.turismoaguarda.es\\\/#website\",\"url\":\"https:\\\/\\\/www.turismoaguarda.es\\\/\",\"name\":\"Turismo A Guarda\",\"description\":\"Informaci\u00f3n tur\u00edstica de A Guarda y alrededores.\",\"potentialAction\":[{\"@type\":\"SearchAction\",\"target\":{\"@type\":\"EntryPoint\",\"urlTemplate\":\"https:\\\/\\\/www.turismoaguarda.es\\\/?s={search_term_string}\"},\"query-input\":{\"@type\":\"PropertyValueSpecification\",\"valueRequired\":true,\"valueName\":\"search_term_string\"}}],\"inLanguage\":\"gl\"},{\"@type\":\"Person\",\"@id\":\"https:\\\/\\\/www.turismoaguarda.es\\\/#\\\/schema\\\/person\\\/9282bb1649316a88a88b0eca34bd959b\",\"name\":\"Rosalia Verde\",\"image\":{\"@type\":\"ImageObject\",\"inLanguage\":\"gl\",\"@id\":\"https:\\\/\\\/secure.gravatar.com\\\/avatar\\\/40761cb45c6464d3a83ebde1e1f3fa222726fcacc4d5b5048a7920608c99e0e5?s=96&d=mm&r=g\",\"url\":\"https:\\\/\\\/secure.gravatar.com\\\/avatar\\\/40761cb45c6464d3a83ebde1e1f3fa222726fcacc4d5b5048a7920608c99e0e5?s=96&d=mm&r=g\",\"contentUrl\":\"https:\\\/\\\/secure.gravatar.com\\\/avatar\\\/40761cb45c6464d3a83ebde1e1f3fa222726fcacc4d5b5048a7920608c99e0e5?s=96&d=mm&r=g\",\"caption\":\"Rosalia Verde\"},\"url\":\"https:\\\/\\\/www.turismoaguarda.es\\\/gl\\\/author\\\/rosalia\\\/\"}]}<\/script>\n<!-- \/ Yoast SEO plugin. -->","yoast_head_json":{"title":"24\/09 Aberta a convocatoria da subvenci\u00f3n para a promoci\u00f3n da dixitalizaci\u00f3n e o marketing dixital | Turismo A Guarda","robots":{"index":"index","follow":"follow","max-snippet":"max-snippet:-1","max-image-preview":"max-image-preview:large","max-video-preview":"max-video-preview:-1"},"canonical":"https:\/\/www.turismoaguarda.es\/gl\/24-09-aberta-a-convocatoria-da-subvencion-para-a-promocion-da-dixitalizacion-e-o-marketing-dixital\/","og_locale":"en_US","og_type":"article","og_title":"24\/09 Aberta a convocatoria da subvenci\u00f3n para a promoci\u00f3n da dixitalizaci\u00f3n e o marketing dixital | Turismo A Guarda","og_description":"A finalidade desta subvenci\u00f3n \u00e9 contribu\u00edr \u00e1 recuperaci\u00f3n de destinos tur\u00edsticos a trav\u00e9s de axudas ao sector da hostalar\u00eda para a promoci\u00f3n da dixitalizaci\u00f3n e o m\u00e1rketing dixital para o ano 2021. Mediante li\u00f1as de axudas buscase mellorar actividade econ\u00f3mica e incrementar a competitividade destas empresas coa transformaci\u00f3m dixital. Destinatarios: Aut\u00f3nomos, microempresas e pemes doLeer m\u00e1is","og_url":"https:\/\/www.turismoaguarda.es\/gl\/24-09-aberta-a-convocatoria-da-subvencion-para-a-promocion-da-dixitalizacion-e-o-marketing-dixital\/","og_site_name":"Turismo A Guarda","article_publisher":"https:\/\/es-es.facebook.com\/Turismo-A-Guarda-126223240790625\/","article_published_time":"2021-09-24T19:21:21+00:00","article_modified_time":"2021-09-24T19:31:12+00:00","author":"Rosalia Verde","twitter_card":"summary_large_image","twitter_creator":"@TurismoAGuarda","twitter_site":"@TurismoAGuarda","twitter_misc":{"Written by":"Rosalia Verde","Est. reading time":"2 minutes"},"schema":{"@context":"https:\/\/schema.org","@graph":[{"@type":"Article","@id":"https:\/\/www.turismoaguarda.es\/gl\/24-09-aberta-a-convocatoria-da-subvencion-para-a-promocion-da-dixitalizacion-e-o-marketing-dixital\/#article","isPartOf":{"@id":"https:\/\/www.turismoaguarda.es\/gl\/24-09-aberta-a-convocatoria-da-subvencion-para-a-promocion-da-dixitalizacion-e-o-marketing-dixital\/"},"author":{"name":"Rosalia Verde","@id":"https:\/\/www.turismoaguarda.es\/#\/schema\/person\/9282bb1649316a88a88b0eca34bd959b"},"headline":"24\/09 Aberta a convocatoria da subvenci\u00f3n para a promoci\u00f3n da dixitalizaci\u00f3n e o marketing dixital","datePublished":"2021-09-24T19:21:21+00:00","dateModified":"2021-09-24T19:31:12+00:00","mainEntityOfPage":{"@id":"https:\/\/www.turismoaguarda.es\/gl\/24-09-aberta-a-convocatoria-da-subvencion-para-a-promocion-da-dixitalizacion-e-o-marketing-dixital\/"},"wordCount":420,"commentCount":0,"articleSection":["Novas Hostalar\u00eda"],"inLanguage":"gl","potentialAction":[{"@type":"CommentAction","name":"Comment","target":["https:\/\/www.turismoaguarda.es\/gl\/24-09-aberta-a-convocatoria-da-subvencion-para-a-promocion-da-dixitalizacion-e-o-marketing-dixital\/#respond"]}]},{"@type":"WebPage","@id":"https:\/\/www.turismoaguarda.es\/gl\/24-09-aberta-a-convocatoria-da-subvencion-para-a-promocion-da-dixitalizacion-e-o-marketing-dixital\/","url":"https:\/\/www.turismoaguarda.es\/gl\/24-09-aberta-a-convocatoria-da-subvencion-para-a-promocion-da-dixitalizacion-e-o-marketing-dixital\/","name":"24\/09 Aberta a convocatoria da subvenci\u00f3n para a promoci\u00f3n da dixitalizaci\u00f3n e o marketing dixital | Turismo A Guarda","isPartOf":{"@id":"https:\/\/www.turismoaguarda.es\/#website"},"datePublished":"2021-09-24T19:21:21+00:00","dateModified":"2021-09-24T19:31:12+00:00","author":{"@id":"https:\/\/www.turismoaguarda.es\/#\/schema\/person\/9282bb1649316a88a88b0eca34bd959b"},"breadcrumb":{"@id":"https:\/\/www.turismoaguarda.es\/gl\/24-09-aberta-a-convocatoria-da-subvencion-para-a-promocion-da-dixitalizacion-e-o-marketing-dixital\/#breadcrumb"},"inLanguage":"gl","potentialAction":[{"@type":"ReadAction","target":["https:\/\/www.turismoaguarda.es\/gl\/24-09-aberta-a-convocatoria-da-subvencion-para-a-promocion-da-dixitalizacion-e-o-marketing-dixital\/"]}]},{"@type":"BreadcrumbList","@id":"https:\/\/www.turismoaguarda.es\/gl\/24-09-aberta-a-convocatoria-da-subvencion-para-a-promocion-da-dixitalizacion-e-o-marketing-dixital\/#breadcrumb","itemListElement":[{"@type":"ListItem","position":1,"name":"Portada","item":"https:\/\/www.turismoaguarda.es\/gl\/"},{"@type":"ListItem","position":2,"name":"24\/09 Aberta a convocatoria da subvenci\u00f3n para a promoci\u00f3n da dixitalizaci\u00f3n e o marketing dixital"}]},{"@type":"WebSite","@id":"https:\/\/www.turismoaguarda.es\/#website","url":"https:\/\/www.turismoaguarda.es\/","name":"Turismo A Guarda","description":"Informaci\u00f3n tur\u00edstica de A Guarda y alrededores.","potentialAction":[{"@type":"SearchAction","target":{"@type":"EntryPoint","urlTemplate":"https:\/\/www.turismoaguarda.es\/?s={search_term_string}"},"query-input":{"@type":"PropertyValueSpecification","valueRequired":true,"valueName":"search_term_string"}}],"inLanguage":"gl"},{"@type":"Person","@id":"https:\/\/www.turismoaguarda.es\/#\/schema\/person\/9282bb1649316a88a88b0eca34bd959b","name":"Rosalia Verde","image":{"@type":"ImageObject","inLanguage":"gl","@id":"https:\/\/secure.gravatar.com\/avatar\/40761cb45c6464d3a83ebde1e1f3fa222726fcacc4d5b5048a7920608c99e0e5?s=96&d=mm&r=g","url":"https:\/\/secure.gravatar.com\/avatar\/40761cb45c6464d3a83ebde1e1f3fa222726fcacc4d5b5048a7920608c99e0e5?s=96&d=mm&r=g","contentUrl":"https:\/\/secure.gravatar.com\/avatar\/40761cb45c6464d3a83ebde1e1f3fa222726fcacc4d5b5048a7920608c99e0e5?s=96&d=mm&r=g","caption":"Rosalia Verde"},"url":"https:\/\/www.turismoaguarda.es\/gl\/author\/rosalia\/"}]}},"_links":{"self":[{"href":"https:\/\/www.turismoaguarda.es\/gl\/wp-json\/wp\/v2\/posts\/14920","targetHints":{"allow":["GET"]}}],"collection":[{"href":"https:\/\/www.turismoaguarda.es\/gl\/wp-json\/wp\/v2\/posts"}],"about":[{"href":"https:\/\/www.turismoaguarda.es\/gl\/wp-json\/wp\/v2\/types\/post"}],"author":[{"embeddable":true,"href":"https:\/\/www.turismoaguarda.es\/gl\/wp-json\/wp\/v2\/users\/7"}],"replies":[{"embeddable":true,"href":"https:\/\/www.turismoaguarda.es\/gl\/wp-json\/wp\/v2\/comments?post=14920"}],"version-history":[{"count":4,"href":"https:\/\/www.turismoaguarda.es\/gl\/wp-json\/wp\/v2\/posts\/14920\/revisions"}],"predecessor-version":[{"id":14927,"href":"https:\/\/www.turismoaguarda.es\/gl\/wp-json\/wp\/v2\/posts\/14920\/revisions\/14927"}],"wp:attachment":[{"href":"https:\/\/www.turismoaguarda.es\/gl\/wp-json\/wp\/v2\/media?parent=14920"}],"wp:term":[{"taxonomy":"category","embeddable":true,"href":"https:\/\/www.turismoaguarda.es\/gl\/wp-json\/wp\/v2\/categories?post=14920"},{"taxonomy":"post_tag","embeddable":true,"href":"https:\/\/www.turismoaguarda.es\/gl\/wp-json\/wp\/v2\/tags?post=14920"}],"curies":[{"name":"wp","href":"https:\/\/api.w.org\/{rel}","templated":true}]}}