{"id":14675,"date":"2021-07-30T13:33:25","date_gmt":"2021-07-30T11:33:25","guid":{"rendered":"https:\/\/www.turismoaguarda.es\/?p=14675"},"modified":"2021-07-30T14:42:28","modified_gmt":"2021-07-30T12:42:28","slug":"a-guarda-programa-en-agosto-moita-musica-e-espectaculos-para-os-mais-pequenos","status":"publish","type":"post","link":"https:\/\/www.turismoaguarda.es\/gl\/a-guarda-programa-en-agosto-moita-musica-e-espectaculos-para-os-mais-pequenos\/","title":{"rendered":"A Guarda programa en Agosto moita m\u00fasica e espect\u00e1culos para os mais pequenos"},"content":{"rendered":"<p>[vc_row][vc_column][vc_column_text]<strong>\u2022 Todas as actividades contan con protocolo COVID-19 asegurando o aforo reducido, a distancia de seguridade e sendo precisa a inscrici\u00f3n previa<\/strong><\/p>\n<p><a href=\"https:\/\/www.turismoaguarda.es\/gl\/a-guarda-programa-en-agosto-moita-musica-e-espectaculos-para-os-mais-pequenos\/np-30072021-a-guarda-programa-en-agosto-moita-musica-e-espectaculos-para-os-mais-pequenos-2-2\/\" rel=\"attachment wp-att-14687\"><img loading=\"lazy\" decoding=\"async\" class=\"alignleft size-full wp-image-14687\" src=\"https:\/\/www.turismoaguarda.es\/wp-content\/uploads\/2021\/07\/NP-30072021-A-Guarda-programa-en-Agosto-moita-m\u00fasica-e-espect\u00e1culos-para-os-mais-pequenos-2.jpg\" alt=\"\" width=\"800\" height=\"600\" srcset=\"https:\/\/www.turismoaguarda.es\/wp-content\/uploads\/2021\/07\/NP-30072021-A-Guarda-programa-en-Agosto-moita-m\u00fasica-e-espect\u00e1culos-para-os-mais-pequenos-2.jpg 800w, https:\/\/www.turismoaguarda.es\/wp-content\/uploads\/2021\/07\/NP-30072021-A-Guarda-programa-en-Agosto-moita-m\u00fasica-e-espect\u00e1culos-para-os-mais-pequenos-2-300x225.jpg 300w, https:\/\/www.turismoaguarda.es\/wp-content\/uploads\/2021\/07\/NP-30072021-A-Guarda-programa-en-Agosto-moita-m\u00fasica-e-espect\u00e1culos-para-os-mais-pequenos-2-768x576.jpg 768w, https:\/\/www.turismoaguarda.es\/wp-content\/uploads\/2021\/07\/NP-30072021-A-Guarda-programa-en-Agosto-moita-m\u00fasica-e-espect\u00e1culos-para-os-mais-pequenos-2-150x113.jpg 150w, https:\/\/www.turismoaguarda.es\/wp-content\/uploads\/2021\/07\/NP-30072021-A-Guarda-programa-en-Agosto-moita-m\u00fasica-e-espect\u00e1culos-para-os-mais-pequenos-2-500x375.jpg 500w\" sizes=\"auto, (max-width: 800px) 100vw, 800px\" \/><\/a>A vindeira semana comeza o mes de agosto e con el unha variada e completa programaci\u00f3n cultural acompa\u00f1ada de todas as limitaci\u00f3ns e precauci\u00f3ns para garantir que a cultura sexa un espazo seguro.<br \/>\nOs eventos programados foron escollidos pensando en satisfacer as inquedanzas dos diferentes tipos de p\u00fablico da nosa localidade e dos visitantes que se acheguen ata a nosa vila. Concertos para a xente nova e non tan nova, folclore, espect\u00e1culos infant\u00eds, exposici\u00f3n de fotograf\u00eda, mostra literaria e o peche da xira de Guadi Galego son os ingredientes principais que compo\u00f1en esta axenda de agosto.<br \/>\nO mes arranca cunha nova edici\u00f3n de M\u00fasica nos Xard\u00edns, un programa de concertos nos Xard\u00edns do Centro Cultural apoiando a m\u00fasica local e da nosa comarca. Este primeiro concerto contar\u00e1 coas actuaci\u00f3ns de Bruce Grinn e o grupo mi\u00f1orano The Mirror, banda na que se mesturan influencias do rock, funk e o soul. O programa de M\u00fasica nos Xard\u00edns continuar\u00e1n cara a final do mes de agosto e setembro con outras d\u00faas citas de concertos, apadri\u00f1adas polos festivais locais que non puideron celebrarse neste ano: Rock Guard\u00e9s e Galifornia Beat. Os interesados en asistir a estes concertos poder\u00e1n reservar as s\u00faas entradas no seguinte enlace(<a href=\"https:\/\/www.woutick.es\/evento\/1594\/entradas-axenda-cultural-a-guarda\">https:\/\/www.woutick.es\/evento\/1594\/entradas-axenda-cultural-a-guarda<\/a>).<br \/>\nContinua ese mesmo fin de semana co festival de baile e m\u00fasica folcl\u00f3rica de Fiadeiro, o s\u00e1bado 7 de agosto, e que foi suspendido o pasado 17 de xullo. A xente que xa estaba anotada mant\u00e9n garantida a s\u00faa praza e aqueles que queiran sumarse a iniciativa deber\u00e1n escribir un correo a centrocultural@aguarda.es indicando o n\u00famero de asistentes convivintes (m\u00e1ximo 4), o nome e apelidos de todos eles e un n\u00famero de tel\u00e9fono.<\/p>\n<p>E tras estas citas musicais chega o momento da diversi\u00f3n en familia con d\u00faas propostas que chegan dentro da programaci\u00f3n do Xacobeo 2021 \u201cCultura no Cami\u00f1o\u201d e que son o concerto de M\u00fasica para nenos \u201cEstamos no ver\u00e1n\u201d un concerto con temas divertidos e refrescantes baseados no disco-libro hom\u00f3nimo de Gala interpretados pola Banda do Ver\u00e1n que lidera o m\u00fasico e compositor Xo\u00e1n Curiel. Este concerto ser\u00e1 o martes 10 de agosto \u00e1s 20:30h. no Auditorio de San Benito e nesa mesma semana, o xoves 12 de agosto \u00e1s 20:30h. en San Benito os mais cativos e as s\u00faas familiar te\u00f1en garantido un novo momento de diversi\u00f3n sen l\u00edmites coa Gran Gala de Circo de Pistacatro, un espect\u00e1culo cheo de humor, acrobacias e a maxia do circo cunha das mellores compa\u00f1\u00edas de novo circo da nosa localidade. Os interesados en asistir a calquera dos dous eventos poder\u00e1n reservar as s\u00faas entradas dende unha semana antes no seguinte enlace(<a href=\"https:\/\/www.woutick.es\/evento\/1594\/entradas-axenda-cultural-a-guarda\">https:\/\/www.woutick.es\/evento\/1594\/entradas-axenda-cultural-a-guarda<\/a>).<br \/>\nXa na segunda metade do mes chega a fotograf\u00eda e a literatura, a primeira coa exposici\u00f3n de fotograf\u00eda \u201cFacedoras do Baixo Mi\u00f1o\u201d de Mar Caldas, artista visual que recopilou o traballo en feminino da nosa comarca. A exposici\u00f3n estar\u00e1 na sede do concello entre o 19 de agosto e o 1 de setembro, sendo a inauguraci\u00f3n o m\u00e9rcores 18 de agosto \u00e1s 19h.<br \/>\nNesa mesma semana a Feira do Libro luso Galaico da Ribeira do Mi\u00f1o, repetir\u00e1 a boa acollida acadada o ano anterior nun evento no que as presentaci\u00f3ns de libros, relatorios hist\u00f3ricos, contacontos e un concerto do grupo \u201cXard\u00edn Desordenado\u201d acompa\u00f1ar\u00e1n a exhibici\u00f3n e venda de libros editados en ambas marxes da fronteira.<br \/>\nE por \u00faltimo, o mes se pechar\u00e1 co gran concerto de Guadi Galego no Porto da Guarda o 28 de agosto \u00e1s 21:30h. Un concerto enmarcado dentro do programa Musigal da Deputaci\u00f3n de Pontevedra. O Concerto ser\u00e1 un dos \u00faltimos concertos da xira de presentaci\u00f3n do disco \u201cCosturas\u201d, no cal poderemos deleitarnos co saber acumulado neste intenso ver\u00e1n asegurando un espect\u00e1culo \u00fanico para os seus seguidores e aqueles que queiran achegarse a co\u00f1ecela. Aqueles que queiran asistir poder\u00e1n reservar a s\u00faa entrada a partir do 16 de agosto no seguinte enlace(<a href=\"https:\/\/www.woutick.es\/evento\/1594\/entradas-axenda-cultural-a-guarda\">https:\/\/www.woutick.es\/evento\/1594\/entradas-axenda-cultural-a-guarda<\/a>).<br \/>\nTodas estas actividades culturais ser\u00e1n acompa\u00f1adas pola programaci\u00f3n regular no Monte Santa Trega coas teatralizaci\u00f3ns a cargo dos Quinquill\u00e1ns e as visitas ao patrimonio cultural do Monte.<\/p>\n<p style=\"text-align: center;\"><a href=\"https:\/\/www.turismoaguarda.es\/gl\/a-guarda-programa-en-agosto-moita-musica-e-espectaculos-para-os-mais-pequenos\/axenda-agosto\/\" rel=\"attachment wp-att-14676\"><img loading=\"lazy\" decoding=\"async\" class=\"alignleft size-full wp-image-14676\" src=\"https:\/\/www.turismoaguarda.es\/wp-content\/uploads\/2021\/07\/NP-30072021-A-Guarda-programa-en-Agosto-moita-m\u00fasica-e-espect\u00e1culos-para-os-mais-pequenos.jpg\" alt=\"\" width=\"800\" height=\"1132\" srcset=\"https:\/\/www.turismoaguarda.es\/wp-content\/uploads\/2021\/07\/NP-30072021-A-Guarda-programa-en-Agosto-moita-m\u00fasica-e-espect\u00e1culos-para-os-mais-pequenos.jpg 800w, https:\/\/www.turismoaguarda.es\/wp-content\/uploads\/2021\/07\/NP-30072021-A-Guarda-programa-en-Agosto-moita-m\u00fasica-e-espect\u00e1culos-para-os-mais-pequenos-212x300.jpg 212w, https:\/\/www.turismoaguarda.es\/wp-content\/uploads\/2021\/07\/NP-30072021-A-Guarda-programa-en-Agosto-moita-m\u00fasica-e-espect\u00e1culos-para-os-mais-pequenos-724x1024.jpg 724w, https:\/\/www.turismoaguarda.es\/wp-content\/uploads\/2021\/07\/NP-30072021-A-Guarda-programa-en-Agosto-moita-m\u00fasica-e-espect\u00e1culos-para-os-mais-pequenos-768x1087.jpg 768w, https:\/\/www.turismoaguarda.es\/wp-content\/uploads\/2021\/07\/NP-30072021-A-Guarda-programa-en-Agosto-moita-m\u00fasica-e-espect\u00e1culos-para-os-mais-pequenos-150x212.jpg 150w, https:\/\/www.turismoaguarda.es\/wp-content\/uploads\/2021\/07\/NP-30072021-A-Guarda-programa-en-Agosto-moita-m\u00fasica-e-espect\u00e1culos-para-os-mais-pequenos-353x500.jpg 353w\" sizes=\"auto, (max-width: 800px) 100vw, 800px\" \/><\/a><\/p>\n<p>\u00a0[\/vc_column_text][\/vc_column][\/vc_row][vc_row][vc_column][vc_raw_html]JTNDaWZyYW1lJTIwc3JjJTNEJTIyaHR0cHMlM0ElMkYlMkZ3d3cud291dGljay5lcyUyRmVtYmVkJTJGMTU5NCUyRmVudHJhZGFzLWF4ZW5kYS1jdWx0dXJhbC1hLWd1YXJkYSUzRmVtYmVkT3JpZ2luJTNEQ29uY2VsbG9hZ3VhcmRhJTI2ZW1iZWRTaW5nbGVFdmVudCUzRHRydWUlMjIlMjBzdHlsZSUzRCUyMndpZHRoJTNBJTIwMTAwJTI1JTNCJTIwaGVpZ2h0JTNBJTIwNzAwcHglM0IlMjIlMjAlM0UlMEElM0NwJTNFVHUlMjBuYXZlZ2Fkb3IlMjB3ZWIlMjBubyUyMHNvcG9ydGElMjBpZnJhbWVzLiUyMFB1ZWRlcyUyMGludGVudGFybG8lMjBkZXNkZSUyMG90cm8lMjBuYXZlZ2Fkb3IlMjBvJTIwZGVzZGUlMjBvdHJvJTIwZGlzcG9zaXRpdm8uJTNDJTJGcCUzRSUwQSUzQyUyRmlmcmFtZSUzRQ==[\/vc_raw_html][\/vc_column][\/vc_row]<\/p>\n","protected":false},"excerpt":{"rendered":"<p>[vc_row][vc_column][vc_column_text]\u2022 Todas as actividades contan con protocolo COVID-19 asegurando o aforo reducido, a distancia de seguridade e sendo precisa a inscrici\u00f3n previa A vindeira semana comeza o mes de agosto e con el unha variada e completa programaci\u00f3n cultural acompa\u00f1ada de todas as limitaci\u00f3ns e precauci\u00f3ns para garantir que a cultura sexa un espazo seguro.<\/p>\n<div class=\"padding-top text-center\"><a href=\"https:\/\/www.turismoaguarda.es\/gl\/a-guarda-programa-en-agosto-moita-musica-e-espectaculos-para-os-mais-pequenos\/\" class=\"atbtn atbtn--medium atbtn--rounded atbtn--transparent\">Leer m\u00e1is<i class=\"atbtn__icon atbtn__icon--right fa fa-long-arrow-right\"><\/i><\/a><\/div>\n","protected":false},"author":11,"featured_media":14676,"comment_status":"open","ping_status":"open","sticky":false,"template":"","format":"standard","meta":{"footnotes":""},"categories":[94],"tags":[170,1889,214,1212,171,201],"class_list":["post-14675","post","type-post","status-publish","format-standard","has-post-thumbnail","hentry","category-novas-turismo","tag-a-guarda-gl","tag-agosto","tag-cultura-gl","tag-programacion","tag-turismo-gl","tag-verano-gl"],"yoast_head":"<!-- This site is optimized with the Yoast SEO plugin v27.4 - https:\/\/yoast.com\/product\/yoast-seo-wordpress\/ -->\n<title>A Guarda programa en Agosto moita m\u00fasica e espect\u00e1culos para os mais pequenos | Turismo A Guarda<\/title>\n<meta name=\"robots\" content=\"index, follow, max-snippet:-1, max-image-preview:large, max-video-preview:-1\" \/>\n<link rel=\"canonical\" href=\"https:\/\/www.turismoaguarda.es\/gl\/a-guarda-programa-en-agosto-moita-musica-e-espectaculos-para-os-mais-pequenos\/\" \/>\n<meta property=\"og:locale\" content=\"en_US\" \/>\n<meta property=\"og:type\" content=\"article\" \/>\n<meta property=\"og:title\" content=\"A Guarda programa en Agosto moita m\u00fasica e espect\u00e1culos para os mais pequenos | Turismo A Guarda\" \/>\n<meta property=\"og:description\" content=\"[vc_row][vc_column][vc_column_text]\u2022 Todas as actividades contan con protocolo COVID-19 asegurando o aforo reducido, a distancia de seguridade e sendo precisa a inscrici\u00f3n previa A vindeira semana comeza o mes de agosto e con el unha variada e completa programaci\u00f3n cultural acompa\u00f1ada de todas as limitaci\u00f3ns e precauci\u00f3ns para garantir que a cultura sexa un espazo seguro.Leer m\u00e1is\" \/>\n<meta property=\"og:url\" content=\"https:\/\/www.turismoaguarda.es\/gl\/a-guarda-programa-en-agosto-moita-musica-e-espectaculos-para-os-mais-pequenos\/\" \/>\n<meta property=\"og:site_name\" content=\"Turismo A Guarda\" \/>\n<meta property=\"article:publisher\" content=\"https:\/\/es-es.facebook.com\/Turismo-A-Guarda-126223240790625\/\" \/>\n<meta property=\"article:published_time\" content=\"2021-07-30T11:33:25+00:00\" \/>\n<meta property=\"article:modified_time\" content=\"2021-07-30T12:42:28+00:00\" \/>\n<meta property=\"og:image\" content=\"https:\/\/www.turismoaguarda.es\/wp-content\/uploads\/2021\/07\/NP-30072021-A-Guarda-programa-en-Agosto-moita-m\u00fasica-e-espect\u00e1culos-para-os-mais-pequenos.jpg\" \/>\n\t<meta property=\"og:image:width\" content=\"800\" \/>\n\t<meta property=\"og:image:height\" content=\"1132\" \/>\n\t<meta property=\"og:image:type\" content=\"image\/jpeg\" \/>\n<meta name=\"author\" content=\"Prensa A Guarda\" \/>\n<meta name=\"twitter:card\" content=\"summary_large_image\" \/>\n<meta name=\"twitter:creator\" content=\"@TurismoAGuarda\" \/>\n<meta name=\"twitter:site\" content=\"@TurismoAGuarda\" \/>\n<meta name=\"twitter:label1\" content=\"Written by\" \/>\n\t<meta name=\"twitter:data1\" content=\"Prensa A Guarda\" \/>\n\t<meta name=\"twitter:label2\" content=\"Est. reading time\" \/>\n\t<meta name=\"twitter:data2\" content=\"4 minutes\" \/>\n<script type=\"application\/ld+json\" class=\"yoast-schema-graph\">{\"@context\":\"https:\\\/\\\/schema.org\",\"@graph\":[{\"@type\":\"Article\",\"@id\":\"https:\\\/\\\/www.turismoaguarda.es\\\/gl\\\/a-guarda-programa-en-agosto-moita-musica-e-espectaculos-para-os-mais-pequenos\\\/#article\",\"isPartOf\":{\"@id\":\"https:\\\/\\\/www.turismoaguarda.es\\\/gl\\\/a-guarda-programa-en-agosto-moita-musica-e-espectaculos-para-os-mais-pequenos\\\/\"},\"author\":{\"name\":\"Prensa A Guarda\",\"@id\":\"https:\\\/\\\/www.turismoaguarda.es\\\/#\\\/schema\\\/person\\\/a8b0c27ad7bcbb6c19799e934727508e\"},\"headline\":\"A Guarda programa en Agosto moita m\u00fasica e espect\u00e1culos para os mais pequenos\",\"datePublished\":\"2021-07-30T11:33:25+00:00\",\"dateModified\":\"2021-07-30T12:42:28+00:00\",\"mainEntityOfPage\":{\"@id\":\"https:\\\/\\\/www.turismoaguarda.es\\\/gl\\\/a-guarda-programa-en-agosto-moita-musica-e-espectaculos-para-os-mais-pequenos\\\/\"},\"wordCount\":862,\"commentCount\":0,\"image\":{\"@id\":\"https:\\\/\\\/www.turismoaguarda.es\\\/gl\\\/a-guarda-programa-en-agosto-moita-musica-e-espectaculos-para-os-mais-pequenos\\\/#primaryimage\"},\"thumbnailUrl\":\"https:\\\/\\\/www.turismoaguarda.es\\\/wp-content\\\/uploads\\\/2021\\\/07\\\/NP-30072021-A-Guarda-programa-en-Agosto-moita-m\u00fasica-e-espect\u00e1culos-para-os-mais-pequenos.jpg\",\"keywords\":[\"A Guarda\",\"agosto\",\"cultura\",\"Programaci\u00f3n\",\"turismo\",\"verano\"],\"articleSection\":[\"Novas Turismo\"],\"inLanguage\":\"gl\",\"potentialAction\":[{\"@type\":\"CommentAction\",\"name\":\"Comment\",\"target\":[\"https:\\\/\\\/www.turismoaguarda.es\\\/gl\\\/a-guarda-programa-en-agosto-moita-musica-e-espectaculos-para-os-mais-pequenos\\\/#respond\"]}]},{\"@type\":\"WebPage\",\"@id\":\"https:\\\/\\\/www.turismoaguarda.es\\\/gl\\\/a-guarda-programa-en-agosto-moita-musica-e-espectaculos-para-os-mais-pequenos\\\/\",\"url\":\"https:\\\/\\\/www.turismoaguarda.es\\\/gl\\\/a-guarda-programa-en-agosto-moita-musica-e-espectaculos-para-os-mais-pequenos\\\/\",\"name\":\"A Guarda programa en Agosto moita m\u00fasica e espect\u00e1culos para os mais pequenos | Turismo A Guarda\",\"isPartOf\":{\"@id\":\"https:\\\/\\\/www.turismoaguarda.es\\\/#website\"},\"primaryImageOfPage\":{\"@id\":\"https:\\\/\\\/www.turismoaguarda.es\\\/gl\\\/a-guarda-programa-en-agosto-moita-musica-e-espectaculos-para-os-mais-pequenos\\\/#primaryimage\"},\"image\":{\"@id\":\"https:\\\/\\\/www.turismoaguarda.es\\\/gl\\\/a-guarda-programa-en-agosto-moita-musica-e-espectaculos-para-os-mais-pequenos\\\/#primaryimage\"},\"thumbnailUrl\":\"https:\\\/\\\/www.turismoaguarda.es\\\/wp-content\\\/uploads\\\/2021\\\/07\\\/NP-30072021-A-Guarda-programa-en-Agosto-moita-m\u00fasica-e-espect\u00e1culos-para-os-mais-pequenos.jpg\",\"datePublished\":\"2021-07-30T11:33:25+00:00\",\"dateModified\":\"2021-07-30T12:42:28+00:00\",\"author\":{\"@id\":\"https:\\\/\\\/www.turismoaguarda.es\\\/#\\\/schema\\\/person\\\/a8b0c27ad7bcbb6c19799e934727508e\"},\"breadcrumb\":{\"@id\":\"https:\\\/\\\/www.turismoaguarda.es\\\/gl\\\/a-guarda-programa-en-agosto-moita-musica-e-espectaculos-para-os-mais-pequenos\\\/#breadcrumb\"},\"inLanguage\":\"gl\",\"potentialAction\":[{\"@type\":\"ReadAction\",\"target\":[\"https:\\\/\\\/www.turismoaguarda.es\\\/gl\\\/a-guarda-programa-en-agosto-moita-musica-e-espectaculos-para-os-mais-pequenos\\\/\"]}]},{\"@type\":\"ImageObject\",\"inLanguage\":\"gl\",\"@id\":\"https:\\\/\\\/www.turismoaguarda.es\\\/gl\\\/a-guarda-programa-en-agosto-moita-musica-e-espectaculos-para-os-mais-pequenos\\\/#primaryimage\",\"url\":\"https:\\\/\\\/www.turismoaguarda.es\\\/wp-content\\\/uploads\\\/2021\\\/07\\\/NP-30072021-A-Guarda-programa-en-Agosto-moita-m\u00fasica-e-espect\u00e1culos-para-os-mais-pequenos.jpg\",\"contentUrl\":\"https:\\\/\\\/www.turismoaguarda.es\\\/wp-content\\\/uploads\\\/2021\\\/07\\\/NP-30072021-A-Guarda-programa-en-Agosto-moita-m\u00fasica-e-espect\u00e1culos-para-os-mais-pequenos.jpg\",\"width\":800,\"height\":1132},{\"@type\":\"BreadcrumbList\",\"@id\":\"https:\\\/\\\/www.turismoaguarda.es\\\/gl\\\/a-guarda-programa-en-agosto-moita-musica-e-espectaculos-para-os-mais-pequenos\\\/#breadcrumb\",\"itemListElement\":[{\"@type\":\"ListItem\",\"position\":1,\"name\":\"Portada\",\"item\":\"https:\\\/\\\/www.turismoaguarda.es\\\/gl\\\/\"},{\"@type\":\"ListItem\",\"position\":2,\"name\":\"A Guarda programa en Agosto moita m\u00fasica e espect\u00e1culos para os mais pequenos\"}]},{\"@type\":\"WebSite\",\"@id\":\"https:\\\/\\\/www.turismoaguarda.es\\\/#website\",\"url\":\"https:\\\/\\\/www.turismoaguarda.es\\\/\",\"name\":\"Turismo A Guarda\",\"description\":\"Informaci\u00f3n tur\u00edstica de A Guarda y alrededores.\",\"potentialAction\":[{\"@type\":\"SearchAction\",\"target\":{\"@type\":\"EntryPoint\",\"urlTemplate\":\"https:\\\/\\\/www.turismoaguarda.es\\\/?s={search_term_string}\"},\"query-input\":{\"@type\":\"PropertyValueSpecification\",\"valueRequired\":true,\"valueName\":\"search_term_string\"}}],\"inLanguage\":\"gl\"},{\"@type\":\"Person\",\"@id\":\"https:\\\/\\\/www.turismoaguarda.es\\\/#\\\/schema\\\/person\\\/a8b0c27ad7bcbb6c19799e934727508e\",\"name\":\"Prensa A Guarda\",\"image\":{\"@type\":\"ImageObject\",\"inLanguage\":\"gl\",\"@id\":\"https:\\\/\\\/secure.gravatar.com\\\/avatar\\\/387e117f874ba5d0a3439060b45d914395d77287b2e4890a49d1599fc3ef9189?s=96&d=mm&r=g\",\"url\":\"https:\\\/\\\/secure.gravatar.com\\\/avatar\\\/387e117f874ba5d0a3439060b45d914395d77287b2e4890a49d1599fc3ef9189?s=96&d=mm&r=g\",\"contentUrl\":\"https:\\\/\\\/secure.gravatar.com\\\/avatar\\\/387e117f874ba5d0a3439060b45d914395d77287b2e4890a49d1599fc3ef9189?s=96&d=mm&r=g\",\"caption\":\"Prensa A Guarda\"},\"url\":\"https:\\\/\\\/www.turismoaguarda.es\\\/gl\\\/author\\\/prensa\\\/\"}]}<\/script>\n<!-- \/ Yoast SEO plugin. -->","yoast_head_json":{"title":"A Guarda programa en Agosto moita m\u00fasica e espect\u00e1culos para os mais pequenos | Turismo A Guarda","robots":{"index":"index","follow":"follow","max-snippet":"max-snippet:-1","max-image-preview":"max-image-preview:large","max-video-preview":"max-video-preview:-1"},"canonical":"https:\/\/www.turismoaguarda.es\/gl\/a-guarda-programa-en-agosto-moita-musica-e-espectaculos-para-os-mais-pequenos\/","og_locale":"en_US","og_type":"article","og_title":"A Guarda programa en Agosto moita m\u00fasica e espect\u00e1culos para os mais pequenos | Turismo A Guarda","og_description":"[vc_row][vc_column][vc_column_text]\u2022 Todas as actividades contan con protocolo COVID-19 asegurando o aforo reducido, a distancia de seguridade e sendo precisa a inscrici\u00f3n previa A vindeira semana comeza o mes de agosto e con el unha variada e completa programaci\u00f3n cultural acompa\u00f1ada de todas as limitaci\u00f3ns e precauci\u00f3ns para garantir que a cultura sexa un espazo seguro.Leer m\u00e1is","og_url":"https:\/\/www.turismoaguarda.es\/gl\/a-guarda-programa-en-agosto-moita-musica-e-espectaculos-para-os-mais-pequenos\/","og_site_name":"Turismo A Guarda","article_publisher":"https:\/\/es-es.facebook.com\/Turismo-A-Guarda-126223240790625\/","article_published_time":"2021-07-30T11:33:25+00:00","article_modified_time":"2021-07-30T12:42:28+00:00","og_image":[{"width":800,"height":1132,"url":"https:\/\/www.turismoaguarda.es\/wp-content\/uploads\/2021\/07\/NP-30072021-A-Guarda-programa-en-Agosto-moita-m\u00fasica-e-espect\u00e1culos-para-os-mais-pequenos.jpg","type":"image\/jpeg"}],"author":"Prensa A Guarda","twitter_card":"summary_large_image","twitter_creator":"@TurismoAGuarda","twitter_site":"@TurismoAGuarda","twitter_misc":{"Written by":"Prensa A Guarda","Est. reading time":"4 minutes"},"schema":{"@context":"https:\/\/schema.org","@graph":[{"@type":"Article","@id":"https:\/\/www.turismoaguarda.es\/gl\/a-guarda-programa-en-agosto-moita-musica-e-espectaculos-para-os-mais-pequenos\/#article","isPartOf":{"@id":"https:\/\/www.turismoaguarda.es\/gl\/a-guarda-programa-en-agosto-moita-musica-e-espectaculos-para-os-mais-pequenos\/"},"author":{"name":"Prensa A Guarda","@id":"https:\/\/www.turismoaguarda.es\/#\/schema\/person\/a8b0c27ad7bcbb6c19799e934727508e"},"headline":"A Guarda programa en Agosto moita m\u00fasica e espect\u00e1culos para os mais pequenos","datePublished":"2021-07-30T11:33:25+00:00","dateModified":"2021-07-30T12:42:28+00:00","mainEntityOfPage":{"@id":"https:\/\/www.turismoaguarda.es\/gl\/a-guarda-programa-en-agosto-moita-musica-e-espectaculos-para-os-mais-pequenos\/"},"wordCount":862,"commentCount":0,"image":{"@id":"https:\/\/www.turismoaguarda.es\/gl\/a-guarda-programa-en-agosto-moita-musica-e-espectaculos-para-os-mais-pequenos\/#primaryimage"},"thumbnailUrl":"https:\/\/www.turismoaguarda.es\/wp-content\/uploads\/2021\/07\/NP-30072021-A-Guarda-programa-en-Agosto-moita-m\u00fasica-e-espect\u00e1culos-para-os-mais-pequenos.jpg","keywords":["A Guarda","agosto","cultura","Programaci\u00f3n","turismo","verano"],"articleSection":["Novas Turismo"],"inLanguage":"gl","potentialAction":[{"@type":"CommentAction","name":"Comment","target":["https:\/\/www.turismoaguarda.es\/gl\/a-guarda-programa-en-agosto-moita-musica-e-espectaculos-para-os-mais-pequenos\/#respond"]}]},{"@type":"WebPage","@id":"https:\/\/www.turismoaguarda.es\/gl\/a-guarda-programa-en-agosto-moita-musica-e-espectaculos-para-os-mais-pequenos\/","url":"https:\/\/www.turismoaguarda.es\/gl\/a-guarda-programa-en-agosto-moita-musica-e-espectaculos-para-os-mais-pequenos\/","name":"A Guarda programa en Agosto moita m\u00fasica e espect\u00e1culos para os mais pequenos | Turismo A Guarda","isPartOf":{"@id":"https:\/\/www.turismoaguarda.es\/#website"},"primaryImageOfPage":{"@id":"https:\/\/www.turismoaguarda.es\/gl\/a-guarda-programa-en-agosto-moita-musica-e-espectaculos-para-os-mais-pequenos\/#primaryimage"},"image":{"@id":"https:\/\/www.turismoaguarda.es\/gl\/a-guarda-programa-en-agosto-moita-musica-e-espectaculos-para-os-mais-pequenos\/#primaryimage"},"thumbnailUrl":"https:\/\/www.turismoaguarda.es\/wp-content\/uploads\/2021\/07\/NP-30072021-A-Guarda-programa-en-Agosto-moita-m\u00fasica-e-espect\u00e1culos-para-os-mais-pequenos.jpg","datePublished":"2021-07-30T11:33:25+00:00","dateModified":"2021-07-30T12:42:28+00:00","author":{"@id":"https:\/\/www.turismoaguarda.es\/#\/schema\/person\/a8b0c27ad7bcbb6c19799e934727508e"},"breadcrumb":{"@id":"https:\/\/www.turismoaguarda.es\/gl\/a-guarda-programa-en-agosto-moita-musica-e-espectaculos-para-os-mais-pequenos\/#breadcrumb"},"inLanguage":"gl","potentialAction":[{"@type":"ReadAction","target":["https:\/\/www.turismoaguarda.es\/gl\/a-guarda-programa-en-agosto-moita-musica-e-espectaculos-para-os-mais-pequenos\/"]}]},{"@type":"ImageObject","inLanguage":"gl","@id":"https:\/\/www.turismoaguarda.es\/gl\/a-guarda-programa-en-agosto-moita-musica-e-espectaculos-para-os-mais-pequenos\/#primaryimage","url":"https:\/\/www.turismoaguarda.es\/wp-content\/uploads\/2021\/07\/NP-30072021-A-Guarda-programa-en-Agosto-moita-m\u00fasica-e-espect\u00e1culos-para-os-mais-pequenos.jpg","contentUrl":"https:\/\/www.turismoaguarda.es\/wp-content\/uploads\/2021\/07\/NP-30072021-A-Guarda-programa-en-Agosto-moita-m\u00fasica-e-espect\u00e1culos-para-os-mais-pequenos.jpg","width":800,"height":1132},{"@type":"BreadcrumbList","@id":"https:\/\/www.turismoaguarda.es\/gl\/a-guarda-programa-en-agosto-moita-musica-e-espectaculos-para-os-mais-pequenos\/#breadcrumb","itemListElement":[{"@type":"ListItem","position":1,"name":"Portada","item":"https:\/\/www.turismoaguarda.es\/gl\/"},{"@type":"ListItem","position":2,"name":"A Guarda programa en Agosto moita m\u00fasica e espect\u00e1culos para os mais pequenos"}]},{"@type":"WebSite","@id":"https:\/\/www.turismoaguarda.es\/#website","url":"https:\/\/www.turismoaguarda.es\/","name":"Turismo A Guarda","description":"Informaci\u00f3n tur\u00edstica de A Guarda y alrededores.","potentialAction":[{"@type":"SearchAction","target":{"@type":"EntryPoint","urlTemplate":"https:\/\/www.turismoaguarda.es\/?s={search_term_string}"},"query-input":{"@type":"PropertyValueSpecification","valueRequired":true,"valueName":"search_term_string"}}],"inLanguage":"gl"},{"@type":"Person","@id":"https:\/\/www.turismoaguarda.es\/#\/schema\/person\/a8b0c27ad7bcbb6c19799e934727508e","name":"Prensa A Guarda","image":{"@type":"ImageObject","inLanguage":"gl","@id":"https:\/\/secure.gravatar.com\/avatar\/387e117f874ba5d0a3439060b45d914395d77287b2e4890a49d1599fc3ef9189?s=96&d=mm&r=g","url":"https:\/\/secure.gravatar.com\/avatar\/387e117f874ba5d0a3439060b45d914395d77287b2e4890a49d1599fc3ef9189?s=96&d=mm&r=g","contentUrl":"https:\/\/secure.gravatar.com\/avatar\/387e117f874ba5d0a3439060b45d914395d77287b2e4890a49d1599fc3ef9189?s=96&d=mm&r=g","caption":"Prensa A Guarda"},"url":"https:\/\/www.turismoaguarda.es\/gl\/author\/prensa\/"}]}},"_links":{"self":[{"href":"https:\/\/www.turismoaguarda.es\/gl\/wp-json\/wp\/v2\/posts\/14675","targetHints":{"allow":["GET"]}}],"collection":[{"href":"https:\/\/www.turismoaguarda.es\/gl\/wp-json\/wp\/v2\/posts"}],"about":[{"href":"https:\/\/www.turismoaguarda.es\/gl\/wp-json\/wp\/v2\/types\/post"}],"author":[{"embeddable":true,"href":"https:\/\/www.turismoaguarda.es\/gl\/wp-json\/wp\/v2\/users\/11"}],"replies":[{"embeddable":true,"href":"https:\/\/www.turismoaguarda.es\/gl\/wp-json\/wp\/v2\/comments?post=14675"}],"version-history":[{"count":4,"href":"https:\/\/www.turismoaguarda.es\/gl\/wp-json\/wp\/v2\/posts\/14675\/revisions"}],"predecessor-version":[{"id":14690,"href":"https:\/\/www.turismoaguarda.es\/gl\/wp-json\/wp\/v2\/posts\/14675\/revisions\/14690"}],"wp:featuredmedia":[{"embeddable":true,"href":"https:\/\/www.turismoaguarda.es\/gl\/wp-json\/wp\/v2\/media\/14676"}],"wp:attachment":[{"href":"https:\/\/www.turismoaguarda.es\/gl\/wp-json\/wp\/v2\/media?parent=14675"}],"wp:term":[{"taxonomy":"category","embeddable":true,"href":"https:\/\/www.turismoaguarda.es\/gl\/wp-json\/wp\/v2\/categories?post=14675"},{"taxonomy":"post_tag","embeddable":true,"href":"https:\/\/www.turismoaguarda.es\/gl\/wp-json\/wp\/v2\/tags?post=14675"}],"curies":[{"name":"wp","href":"https:\/\/api.w.org\/{rel}","templated":true}]}}