{"id":14624,"date":"2021-07-23T10:50:57","date_gmt":"2021-07-23T08:50:57","guid":{"rendered":"https:\/\/www.turismoaguarda.es\/?p=14624"},"modified":"2021-07-23T19:40:00","modified_gmt":"2021-07-23T17:40:00","slug":"23-07-novas-medidas-sanitarias-coa-declaracion-da-guarda-en-nivel-medio","status":"publish","type":"post","link":"https:\/\/www.turismoaguarda.es\/gl\/23-07-novas-medidas-sanitarias-coa-declaracion-da-guarda-en-nivel-medio\/","title":{"rendered":"23\/07 Novas medidas sanitarias coa declaraci\u00f3n da Guarda en nivel medio"},"content":{"rendered":"<p>No bolet\u00edn publicado pola Conseller\u00eda de Sanidade detallanse as medidas sanitarias acordadas polo Comit\u00e9 cl\u00ednico e que <strong>entran en vigor o s\u00e1bado 24 de xullo.<\/strong><\/p>\n<p><strong>A Guarda sube ao nivel medio.<\/strong><\/p>\n<p><span style=\"text-decoration: underline;\">No referente a hostaler\u00eda:<\/span><\/p>\n<ul>\n<li><strong>Modif\u00edcase o aforo m\u00e1ximo en terraza sendo do 50 %.<\/strong><\/li>\n<li>Indicaci\u00f3ns que non se modifican:\n<ul>\n<li>Aforo en interior: 50%.<\/li>\n<li>Recollida no local e reparto a domicilio ata as 01:00 horas.<\/li>\n<li>Agrupaci\u00f3ns en hostaler\u00eda: m\u00e1ximo de 6 persoas non convivintes en interior e de 10 persoas non conviventes en terraza.<\/li>\n<li>Horario de peche \u00e1s 23:00h, perm\u00edtese ampliar ata \u00e1s 1:00h cumprindo os requisitos:<br \/>\n-Non admitir clientes despois das 00:00h.<br \/>\n-Dispor dun medidor de CO2 que contar\u00e1 coa marcaci\u00f3n CE.<\/li>\n<li>Recomendase o uso do medidor de CO2 aos establecementos de hostaler\u00eda a\u00ednda que non traballen a partir das 23:00h.<\/li>\n<\/ul>\n<\/li>\n<\/ul>\n<p><span style=\"text-decoration: underline;\">No referente ao ocio nocturno:<\/span><\/p>\n<ul>\n<li><span dir=\"ltr\" role=\"presentation\">O horario m\u00e1ximo de peche ser\u00e1 \u00e1s 3:00 horas.\u00a0 <\/span><\/li>\n<li><span dir=\"ltr\" role=\"presentation\">O uso de m\u00e1scara ser\u00e1 obrigatorio en todo momento. S\u00f3 se poder\u00e1 exceptuar o uso <\/span><span dir=\"ltr\" role=\"presentation\">da m\u00e1scara exclusivamente nos momentos estritamente necesarios para comer ou beber.<\/span><\/li>\n<li><span dir=\"ltr\" role=\"presentation\">Dispor do rexistro de clientes nas condici\u00f3ns establecidas no <\/span><span dir=\"ltr\" role=\"presentation\">Protocolo de lecer <\/span><span dir=\"ltr\" role=\"presentation\">nocturno.<\/span><\/li>\n<li><strong>Exterior aforo m\u00e1ximo do 100% <\/strong>segundo autorizaci\u00f3n a partir das 23:00h. Pero sempre que se poda garantir a distancia de seguridade de 1,50 metros entre mesas.<\/li>\n<li><strong>Interior aforo m\u00e1ximo do 50%.<br \/>\n<\/strong>\n<ul>\n<li>Acceso para interior e terraza (correcci\u00f3n do 23 de xullo) previa presentaci\u00f3n dun certificado emitido polo servizo de sa\u00fade ou por un laboratorio oficial autorizado:\n<ul>\n<li><span dir=\"ltr\" role=\"presentation\">1\u00ba. Que recibiron a pauta completa dunha vacina contra a COVID-19 para a cal se\u00a0 <\/span><span dir=\"ltr\" role=\"presentation\">concedeu unha autorizaci\u00f3n de comercializaci\u00f3n de conformidade co Regulamento (CE) <\/span><span dir=\"ltr\" role=\"presentation\">n\u00ba<\/span> <span dir=\"ltr\" role=\"presentation\">726\/2004.<\/span><\/li>\n<li><span dir=\"ltr\" role=\"presentation\">2\u00ba. Que dispo\u00f1en dunha proba diagn\u00f3stica de infecci\u00f3n activa (PDIA) negativa. No caso <\/span><span dir=\"ltr\" role=\"presentation\">dos tests r\u00e1pidos de ant\u00edxenos, deber\u00e1n estar enumerados na lista com\u00fan e actualizada <\/span><span dir=\"ltr\" role=\"presentation\">de tests r\u00e1pidos de ant\u00edxenos da COVID-19 establecida sobre a base da Recomendaci\u00f3n <\/span><span dir=\"ltr\" role=\"presentation\">2021\/C 24\/01, do Consello de Europa, e <\/span><span dir=\"ltr\" role=\"presentation\">admitirase a exhibici\u00f3n da comunicaci\u00f3n remitida polo servizo p\u00fablico de sa\u00fade. <\/span><span dir=\"ltr\" role=\"presentation\">A proba debe ser realizada nas \u00faltimas 72 horas <\/span><span dir=\"ltr\" role=\"presentation\">anteriores.<\/span><\/li>\n<li><span dir=\"ltr\" role=\"presentation\">3\u00ba. Que o titular se recuperou dunha infecci\u00f3n polo SARS-CoV-2 diagnosticada e est\u00e1 <\/span><span dir=\"ltr\" role=\"presentation\">no per\u00edodo comprendido entre o d\u00eda 11 e o 180, ambos inclu\u00eddos, despois da PDIA positiva.<\/span><\/li>\n<li><span dir=\"ltr\" role=\"presentation\">Estos certificados tan s\u00f3 se mostrar\u00e1n \u00e1 entrada do espazo interior, non s<\/span><span dir=\"ltr\" role=\"presentation\">e conservar\u00e1n estes datos nin <\/span><span dir=\"ltr\" role=\"presentation\">se crear\u00e1n ficheiros con eles.<\/span><\/li>\n<\/ul>\n<\/li>\n<li><span dir=\"ltr\" role=\"presentation\">Na entrada e na sa\u00edda dos asistentes deben establecerse os mecanismos necesarios <\/span><span dir=\"ltr\" role=\"presentation\">para impedir as aglomeraci\u00f3ns de persoas e respectar as distancias de seguridade.<\/span><\/li>\n<li>A distribuci\u00f3n das mesas e das persoas ser\u00e1 homox\u00e9nea entre as diferentes estancias.<\/li>\n<li>P\u00f3dese consumir sentado ou de p\u00e9 pero cumplindo o aforo permitido.<\/li>\n<li>S\u00f3 se pode solicitar ou recoller a consumici\u00f3n en barra pero non o consumo para evitar as aglomeraci\u00f3ns.<\/li>\n<li><span dir=\"ltr\" role=\"presentation\">Perm\u00edtese o uso da pista de baile, sempre que a ocupaci\u00f3n non supere o<\/span><span dir=\"ltr\" role=\"presentation\">s 2 metros cadrados da pista por <\/span><span dir=\"ltr\" role=\"presentation\">cada usuario.<\/span><\/li>\n<li><span dir=\"ltr\" role=\"presentation\">Os establecementos deber\u00e1n usar dispositivos medidores de CO<\/span><span dir=\"ltr\" role=\"presentation\">2, que deber\u00e1n disp<\/span><span dir=\"ltr\" role=\"presentation\">or dunha pantalla que mostre os niveis de CO2 en tempo real nunha zona visible para os <\/span><span dir=\"ltr\" role=\"presentation\">usuarios. Estes dispositivos deber\u00e1n levar a marcaci\u00f3n CE.<\/span><\/li>\n<\/ul>\n<\/li>\n<\/ul>\n<p>&nbsp;<\/p>\n<p><a href=\"https:\/\/www.xunta.gal\/dog\/Publicados\/excepcional\/2021\/20210722\/2706\/AnuncioC3K1-220721-7_gl.pdf\" target=\"_blank\" rel=\"noopener noreferrer\">DOG 139BIS do 22 de xullo: Medidas Covid<\/a><\/p>\n<p><a href=\"https:\/\/coronavirus.sergas.gal\/Contidos\/Documents\/837\/20210717%20Protocolo%20Ocio%20Nocturno.pdf\" target=\"_blank\" rel=\"noopener noreferrer\">Protocolo do ocio nocturno (a 17\/07\/2021)<\/a><\/p>\n","protected":false},"excerpt":{"rendered":"<p>No bolet\u00edn publicado pola Conseller\u00eda de Sanidade detallanse as medidas sanitarias acordadas polo Comit\u00e9 cl\u00ednico e que entran en vigor o s\u00e1bado 24 de xullo. A Guarda sube ao nivel medio. No referente a hostaler\u00eda: Modif\u00edcase o aforo m\u00e1ximo en terraza sendo do 50 %. Indicaci\u00f3ns que non se modifican: Aforo en interior: 50%. Recollida<\/p>\n<div class=\"padding-top text-center\"><a href=\"https:\/\/www.turismoaguarda.es\/gl\/23-07-novas-medidas-sanitarias-coa-declaracion-da-guarda-en-nivel-medio\/\" class=\"atbtn atbtn--medium atbtn--rounded atbtn--transparent\">Leer m\u00e1is<i class=\"atbtn__icon atbtn__icon--right fa fa-long-arrow-right\"><\/i><\/a><\/div>\n","protected":false},"author":7,"featured_media":0,"comment_status":"open","ping_status":"open","sticky":false,"template":"","format":"standard","meta":{"footnotes":""},"categories":[1812],"tags":[],"class_list":["post-14624","post","type-post","status-publish","format-standard","hentry","category-novas-hostalaria"],"yoast_head":"<!-- This site is optimized with the Yoast SEO plugin v27.5 - https:\/\/yoast.com\/product\/yoast-seo-wordpress\/ -->\n<title>23\/07 Novas medidas sanitarias coa declaraci\u00f3n da Guarda en nivel medio | Turismo A Guarda<\/title>\n<meta name=\"robots\" content=\"index, follow, max-snippet:-1, max-image-preview:large, max-video-preview:-1\" \/>\n<link rel=\"canonical\" href=\"https:\/\/www.turismoaguarda.es\/gl\/23-07-novas-medidas-sanitarias-coa-declaracion-da-guarda-en-nivel-medio\/\" \/>\n<meta property=\"og:locale\" content=\"en_US\" \/>\n<meta property=\"og:type\" content=\"article\" \/>\n<meta property=\"og:title\" content=\"23\/07 Novas medidas sanitarias coa declaraci\u00f3n da Guarda en nivel medio | Turismo A Guarda\" \/>\n<meta property=\"og:description\" content=\"No bolet\u00edn publicado pola Conseller\u00eda de Sanidade detallanse as medidas sanitarias acordadas polo Comit\u00e9 cl\u00ednico e que entran en vigor o s\u00e1bado 24 de xullo. A Guarda sube ao nivel medio. No referente a hostaler\u00eda: Modif\u00edcase o aforo m\u00e1ximo en terraza sendo do 50 %. Indicaci\u00f3ns que non se modifican: Aforo en interior: 50%. RecollidaLeer m\u00e1is\" \/>\n<meta property=\"og:url\" content=\"https:\/\/www.turismoaguarda.es\/gl\/23-07-novas-medidas-sanitarias-coa-declaracion-da-guarda-en-nivel-medio\/\" \/>\n<meta property=\"og:site_name\" content=\"Turismo A Guarda\" \/>\n<meta property=\"article:publisher\" content=\"https:\/\/es-es.facebook.com\/Turismo-A-Guarda-126223240790625\/\" \/>\n<meta property=\"article:published_time\" content=\"2021-07-23T08:50:57+00:00\" \/>\n<meta property=\"article:modified_time\" content=\"2021-07-23T17:40:00+00:00\" \/>\n<meta name=\"author\" content=\"Rosalia Verde\" \/>\n<meta name=\"twitter:card\" content=\"summary_large_image\" \/>\n<meta name=\"twitter:creator\" content=\"@TurismoAGuarda\" \/>\n<meta name=\"twitter:site\" content=\"@TurismoAGuarda\" \/>\n<meta name=\"twitter:label1\" content=\"Written by\" \/>\n\t<meta name=\"twitter:data1\" content=\"Rosalia Verde\" \/>\n\t<meta name=\"twitter:label2\" content=\"Est. reading time\" \/>\n\t<meta name=\"twitter:data2\" content=\"3 minutes\" \/>\n<script type=\"application\/ld+json\" class=\"yoast-schema-graph\">{\"@context\":\"https:\\\/\\\/schema.org\",\"@graph\":[{\"@type\":\"Article\",\"@id\":\"https:\\\/\\\/www.turismoaguarda.es\\\/gl\\\/23-07-novas-medidas-sanitarias-coa-declaracion-da-guarda-en-nivel-medio\\\/#article\",\"isPartOf\":{\"@id\":\"https:\\\/\\\/www.turismoaguarda.es\\\/gl\\\/23-07-novas-medidas-sanitarias-coa-declaracion-da-guarda-en-nivel-medio\\\/\"},\"author\":{\"name\":\"Rosalia Verde\",\"@id\":\"https:\\\/\\\/www.turismoaguarda.es\\\/#\\\/schema\\\/person\\\/9282bb1649316a88a88b0eca34bd959b\"},\"headline\":\"23\\\/07 Novas medidas sanitarias coa declaraci\u00f3n da Guarda en nivel medio\",\"datePublished\":\"2021-07-23T08:50:57+00:00\",\"dateModified\":\"2021-07-23T17:40:00+00:00\",\"mainEntityOfPage\":{\"@id\":\"https:\\\/\\\/www.turismoaguarda.es\\\/gl\\\/23-07-novas-medidas-sanitarias-coa-declaracion-da-guarda-en-nivel-medio\\\/\"},\"wordCount\":575,\"commentCount\":0,\"articleSection\":[\"Novas Hostalar\u00eda\"],\"inLanguage\":\"gl\",\"potentialAction\":[{\"@type\":\"CommentAction\",\"name\":\"Comment\",\"target\":[\"https:\\\/\\\/www.turismoaguarda.es\\\/gl\\\/23-07-novas-medidas-sanitarias-coa-declaracion-da-guarda-en-nivel-medio\\\/#respond\"]}]},{\"@type\":\"WebPage\",\"@id\":\"https:\\\/\\\/www.turismoaguarda.es\\\/gl\\\/23-07-novas-medidas-sanitarias-coa-declaracion-da-guarda-en-nivel-medio\\\/\",\"url\":\"https:\\\/\\\/www.turismoaguarda.es\\\/gl\\\/23-07-novas-medidas-sanitarias-coa-declaracion-da-guarda-en-nivel-medio\\\/\",\"name\":\"23\\\/07 Novas medidas sanitarias coa declaraci\u00f3n da Guarda en nivel medio | Turismo A Guarda\",\"isPartOf\":{\"@id\":\"https:\\\/\\\/www.turismoaguarda.es\\\/#website\"},\"datePublished\":\"2021-07-23T08:50:57+00:00\",\"dateModified\":\"2021-07-23T17:40:00+00:00\",\"author\":{\"@id\":\"https:\\\/\\\/www.turismoaguarda.es\\\/#\\\/schema\\\/person\\\/9282bb1649316a88a88b0eca34bd959b\"},\"breadcrumb\":{\"@id\":\"https:\\\/\\\/www.turismoaguarda.es\\\/gl\\\/23-07-novas-medidas-sanitarias-coa-declaracion-da-guarda-en-nivel-medio\\\/#breadcrumb\"},\"inLanguage\":\"gl\",\"potentialAction\":[{\"@type\":\"ReadAction\",\"target\":[\"https:\\\/\\\/www.turismoaguarda.es\\\/gl\\\/23-07-novas-medidas-sanitarias-coa-declaracion-da-guarda-en-nivel-medio\\\/\"]}]},{\"@type\":\"BreadcrumbList\",\"@id\":\"https:\\\/\\\/www.turismoaguarda.es\\\/gl\\\/23-07-novas-medidas-sanitarias-coa-declaracion-da-guarda-en-nivel-medio\\\/#breadcrumb\",\"itemListElement\":[{\"@type\":\"ListItem\",\"position\":1,\"name\":\"Portada\",\"item\":\"https:\\\/\\\/www.turismoaguarda.es\\\/gl\\\/\"},{\"@type\":\"ListItem\",\"position\":2,\"name\":\"23\\\/07 Novas medidas sanitarias coa declaraci\u00f3n da Guarda en nivel medio\"}]},{\"@type\":\"WebSite\",\"@id\":\"https:\\\/\\\/www.turismoaguarda.es\\\/#website\",\"url\":\"https:\\\/\\\/www.turismoaguarda.es\\\/\",\"name\":\"Turismo A Guarda\",\"description\":\"Informaci\u00f3n tur\u00edstica de A Guarda y alrededores.\",\"potentialAction\":[{\"@type\":\"SearchAction\",\"target\":{\"@type\":\"EntryPoint\",\"urlTemplate\":\"https:\\\/\\\/www.turismoaguarda.es\\\/?s={search_term_string}\"},\"query-input\":{\"@type\":\"PropertyValueSpecification\",\"valueRequired\":true,\"valueName\":\"search_term_string\"}}],\"inLanguage\":\"gl\"},{\"@type\":\"Person\",\"@id\":\"https:\\\/\\\/www.turismoaguarda.es\\\/#\\\/schema\\\/person\\\/9282bb1649316a88a88b0eca34bd959b\",\"name\":\"Rosalia Verde\",\"image\":{\"@type\":\"ImageObject\",\"inLanguage\":\"gl\",\"@id\":\"https:\\\/\\\/secure.gravatar.com\\\/avatar\\\/40761cb45c6464d3a83ebde1e1f3fa222726fcacc4d5b5048a7920608c99e0e5?s=96&d=mm&r=g\",\"url\":\"https:\\\/\\\/secure.gravatar.com\\\/avatar\\\/40761cb45c6464d3a83ebde1e1f3fa222726fcacc4d5b5048a7920608c99e0e5?s=96&d=mm&r=g\",\"contentUrl\":\"https:\\\/\\\/secure.gravatar.com\\\/avatar\\\/40761cb45c6464d3a83ebde1e1f3fa222726fcacc4d5b5048a7920608c99e0e5?s=96&d=mm&r=g\",\"caption\":\"Rosalia Verde\"},\"url\":\"https:\\\/\\\/www.turismoaguarda.es\\\/gl\\\/author\\\/rosalia\\\/\"}]}<\/script>\n<!-- \/ Yoast SEO plugin. -->","yoast_head_json":{"title":"23\/07 Novas medidas sanitarias coa declaraci\u00f3n da Guarda en nivel medio | Turismo A Guarda","robots":{"index":"index","follow":"follow","max-snippet":"max-snippet:-1","max-image-preview":"max-image-preview:large","max-video-preview":"max-video-preview:-1"},"canonical":"https:\/\/www.turismoaguarda.es\/gl\/23-07-novas-medidas-sanitarias-coa-declaracion-da-guarda-en-nivel-medio\/","og_locale":"en_US","og_type":"article","og_title":"23\/07 Novas medidas sanitarias coa declaraci\u00f3n da Guarda en nivel medio | Turismo A Guarda","og_description":"No bolet\u00edn publicado pola Conseller\u00eda de Sanidade detallanse as medidas sanitarias acordadas polo Comit\u00e9 cl\u00ednico e que entran en vigor o s\u00e1bado 24 de xullo. A Guarda sube ao nivel medio. No referente a hostaler\u00eda: Modif\u00edcase o aforo m\u00e1ximo en terraza sendo do 50 %. Indicaci\u00f3ns que non se modifican: Aforo en interior: 50%. RecollidaLeer m\u00e1is","og_url":"https:\/\/www.turismoaguarda.es\/gl\/23-07-novas-medidas-sanitarias-coa-declaracion-da-guarda-en-nivel-medio\/","og_site_name":"Turismo A Guarda","article_publisher":"https:\/\/es-es.facebook.com\/Turismo-A-Guarda-126223240790625\/","article_published_time":"2021-07-23T08:50:57+00:00","article_modified_time":"2021-07-23T17:40:00+00:00","author":"Rosalia Verde","twitter_card":"summary_large_image","twitter_creator":"@TurismoAGuarda","twitter_site":"@TurismoAGuarda","twitter_misc":{"Written by":"Rosalia Verde","Est. reading time":"3 minutes"},"schema":{"@context":"https:\/\/schema.org","@graph":[{"@type":"Article","@id":"https:\/\/www.turismoaguarda.es\/gl\/23-07-novas-medidas-sanitarias-coa-declaracion-da-guarda-en-nivel-medio\/#article","isPartOf":{"@id":"https:\/\/www.turismoaguarda.es\/gl\/23-07-novas-medidas-sanitarias-coa-declaracion-da-guarda-en-nivel-medio\/"},"author":{"name":"Rosalia Verde","@id":"https:\/\/www.turismoaguarda.es\/#\/schema\/person\/9282bb1649316a88a88b0eca34bd959b"},"headline":"23\/07 Novas medidas sanitarias coa declaraci\u00f3n da Guarda en nivel medio","datePublished":"2021-07-23T08:50:57+00:00","dateModified":"2021-07-23T17:40:00+00:00","mainEntityOfPage":{"@id":"https:\/\/www.turismoaguarda.es\/gl\/23-07-novas-medidas-sanitarias-coa-declaracion-da-guarda-en-nivel-medio\/"},"wordCount":575,"commentCount":0,"articleSection":["Novas Hostalar\u00eda"],"inLanguage":"gl","potentialAction":[{"@type":"CommentAction","name":"Comment","target":["https:\/\/www.turismoaguarda.es\/gl\/23-07-novas-medidas-sanitarias-coa-declaracion-da-guarda-en-nivel-medio\/#respond"]}]},{"@type":"WebPage","@id":"https:\/\/www.turismoaguarda.es\/gl\/23-07-novas-medidas-sanitarias-coa-declaracion-da-guarda-en-nivel-medio\/","url":"https:\/\/www.turismoaguarda.es\/gl\/23-07-novas-medidas-sanitarias-coa-declaracion-da-guarda-en-nivel-medio\/","name":"23\/07 Novas medidas sanitarias coa declaraci\u00f3n da Guarda en nivel medio | Turismo A Guarda","isPartOf":{"@id":"https:\/\/www.turismoaguarda.es\/#website"},"datePublished":"2021-07-23T08:50:57+00:00","dateModified":"2021-07-23T17:40:00+00:00","author":{"@id":"https:\/\/www.turismoaguarda.es\/#\/schema\/person\/9282bb1649316a88a88b0eca34bd959b"},"breadcrumb":{"@id":"https:\/\/www.turismoaguarda.es\/gl\/23-07-novas-medidas-sanitarias-coa-declaracion-da-guarda-en-nivel-medio\/#breadcrumb"},"inLanguage":"gl","potentialAction":[{"@type":"ReadAction","target":["https:\/\/www.turismoaguarda.es\/gl\/23-07-novas-medidas-sanitarias-coa-declaracion-da-guarda-en-nivel-medio\/"]}]},{"@type":"BreadcrumbList","@id":"https:\/\/www.turismoaguarda.es\/gl\/23-07-novas-medidas-sanitarias-coa-declaracion-da-guarda-en-nivel-medio\/#breadcrumb","itemListElement":[{"@type":"ListItem","position":1,"name":"Portada","item":"https:\/\/www.turismoaguarda.es\/gl\/"},{"@type":"ListItem","position":2,"name":"23\/07 Novas medidas sanitarias coa declaraci\u00f3n da Guarda en nivel medio"}]},{"@type":"WebSite","@id":"https:\/\/www.turismoaguarda.es\/#website","url":"https:\/\/www.turismoaguarda.es\/","name":"Turismo A Guarda","description":"Informaci\u00f3n tur\u00edstica de A Guarda y alrededores.","potentialAction":[{"@type":"SearchAction","target":{"@type":"EntryPoint","urlTemplate":"https:\/\/www.turismoaguarda.es\/?s={search_term_string}"},"query-input":{"@type":"PropertyValueSpecification","valueRequired":true,"valueName":"search_term_string"}}],"inLanguage":"gl"},{"@type":"Person","@id":"https:\/\/www.turismoaguarda.es\/#\/schema\/person\/9282bb1649316a88a88b0eca34bd959b","name":"Rosalia Verde","image":{"@type":"ImageObject","inLanguage":"gl","@id":"https:\/\/secure.gravatar.com\/avatar\/40761cb45c6464d3a83ebde1e1f3fa222726fcacc4d5b5048a7920608c99e0e5?s=96&d=mm&r=g","url":"https:\/\/secure.gravatar.com\/avatar\/40761cb45c6464d3a83ebde1e1f3fa222726fcacc4d5b5048a7920608c99e0e5?s=96&d=mm&r=g","contentUrl":"https:\/\/secure.gravatar.com\/avatar\/40761cb45c6464d3a83ebde1e1f3fa222726fcacc4d5b5048a7920608c99e0e5?s=96&d=mm&r=g","caption":"Rosalia Verde"},"url":"https:\/\/www.turismoaguarda.es\/gl\/author\/rosalia\/"}]}},"_links":{"self":[{"href":"https:\/\/www.turismoaguarda.es\/gl\/wp-json\/wp\/v2\/posts\/14624","targetHints":{"allow":["GET"]}}],"collection":[{"href":"https:\/\/www.turismoaguarda.es\/gl\/wp-json\/wp\/v2\/posts"}],"about":[{"href":"https:\/\/www.turismoaguarda.es\/gl\/wp-json\/wp\/v2\/types\/post"}],"author":[{"embeddable":true,"href":"https:\/\/www.turismoaguarda.es\/gl\/wp-json\/wp\/v2\/users\/7"}],"replies":[{"embeddable":true,"href":"https:\/\/www.turismoaguarda.es\/gl\/wp-json\/wp\/v2\/comments?post=14624"}],"version-history":[{"count":6,"href":"https:\/\/www.turismoaguarda.es\/gl\/wp-json\/wp\/v2\/posts\/14624\/revisions"}],"predecessor-version":[{"id":14630,"href":"https:\/\/www.turismoaguarda.es\/gl\/wp-json\/wp\/v2\/posts\/14624\/revisions\/14630"}],"wp:attachment":[{"href":"https:\/\/www.turismoaguarda.es\/gl\/wp-json\/wp\/v2\/media?parent=14624"}],"wp:term":[{"taxonomy":"category","embeddable":true,"href":"https:\/\/www.turismoaguarda.es\/gl\/wp-json\/wp\/v2\/categories?post=14624"},{"taxonomy":"post_tag","embeddable":true,"href":"https:\/\/www.turismoaguarda.es\/gl\/wp-json\/wp\/v2\/tags?post=14624"}],"curies":[{"name":"wp","href":"https:\/\/api.w.org\/{rel}","templated":true}]}}