{"id":14576,"date":"2021-07-20T10:20:13","date_gmt":"2021-07-20T08:20:13","guid":{"rendered":"https:\/\/www.turismoaguarda.es\/?p=14576"},"modified":"2021-07-20T16:40:27","modified_gmt":"2021-07-20T14:40:27","slug":"continua-con-grande-exito-as-sesions-de-teatro-no-trega-cos-quinquillans","status":"publish","type":"post","link":"https:\/\/www.turismoaguarda.es\/gl\/continua-con-grande-exito-as-sesions-de-teatro-no-trega-cos-quinquillans\/","title":{"rendered":"Contin\u00faa con grande \u00e9xito as sesi\u00f3ns de \u201cTeatro no Trega\u201d cos Quinquill\u00e1ns"},"content":{"rendered":"<p><span data-reactroot=\"\">\ud83d\udccc Informamos que debido ao protocolo Covid-19 as sesi\u00f3ns de Teatro no Trega do m\u00e9rcores 21 e do m\u00e9rcores 28 quedan aprazadas. <\/span><\/p>\n<p><span data-reactroot=\"\">\ud83d\udcc5 As persoas que xa estaban inscritas quedan xa axendadas para o m\u00e9rcores 4 de agosto.<\/span><\/p>\n<p>&nbsp;<\/p>\n<p>\u2022 As visitas te\u00f1en lugar, previa inscrici\u00f3n en centrocultural@aguarda.es, todos os m\u00e9rcores de xullo e agosto.<br \/>\n\u2022 Hai dous pases, \u00e1s 18:30h e \u00e1s 20:00h con sa\u00edda dende a explanada da Casa Forestal do Monte Santa Trega.<\/p>\n<p>O Concello da Guarda contin\u00faa coa experiencia cos Quinquill\u00e1ns despois do \u00e9xito acadado en pasadas edici\u00f3ns, ofertando nos meses de xullo e agosto de 2021 \u201cTeatro no Trega\u201d, a cargo da compa\u00f1\u00eda Os Quinquill\u00e1ns, as primeiras sesi\u00f3ns foron un \u00e9xito e este m\u00e9rcores d\u00eda 21 ter\u00e1 lugar a terceira sesi\u00f3n.<\/p>\n<p>Nesta edici\u00f3n realizase a actividade no sector de Mergelina do Castro de Santa Trega con dous pases, \u00e1s 18:30h e \u00e1s 20:00h, previa inscrici\u00f3n, dende o luns previo a cada cita, en centrocultural@aguarda.es, indicando nome completo dos asistentes e tel\u00e9fono (inscrici\u00f3n por grupos de convivintes), o punto de encontro \u00e9 a explanada da Casa Forestal do Monte Santa Trega(<a href=\"https:\/\/goo.gl\/maps\/XKP3GacQem7t9n5J9\">https:\/\/goo.gl\/maps\/XKP3GacQem7t9n5J9<\/a>).<\/p>\n<p>A viaxe de Exeria ao Castro \u00e9 unha actividade que traslada aos asistentes \u00e1 \u00e9poca na cal o poboado castrexo de Santa Trega estaba habitado, cunha representaci\u00f3n teatral na cal a nobre e valente Exeria, tras anos viaxando, volve \u00e1 s\u00faa terra, Gallaecia, chea de proxectos, entre os que est\u00e1 a conversi\u00f3n do Castro, supostamente abandonado, nunha vila organizada de acordo aos novos tempos. Mais o Castro garda moitas sorpresas e tesouros que custodia Grovio, o seu \u00faltimo e inesperado habitante.<br \/>\nA presente representaci\u00f3n est\u00e1 inspirada na personaxe hist\u00f3rica de Exeria, muller peregrina no S.IV. En torno ao ano 380 esta muller procedente dunha familia nobre do Noroeste peninsular -Gallaecia- emprendeu viaxe ata Xerusal\u00e9n e a s\u00faa peregrinaci\u00f3n quedou constatada nas cartas que enviaba a amigas e familiares. Na Idade Media estes escritos foron compilados por un monxe da Abad\u00eda de MonteCasino no Itinerarium de Egeria.<br \/>\nEste Itinerarium incl\u00fae detalladas descrici\u00f3ns da viaxe ata Oriente: Constantinopla, Siria, os<br \/>\nLugares santos&#8230; Entre outros lugares \u00c9xeria visitou o martyria a Santa Tecla en Sele\u00facida, sendo est\u00e1 unha das primeiras referencias que vincular\u00edan \u00f3 culto a Santa Tecla -moi arraigado en Asia Menor e na parte oriental do Imperio Romano- coa Pen\u00ednsula Ib\u00e9rica.<\/p>\n<p style=\"text-align: center;\"><a href=\"https:\/\/www.turismoaguarda.es\/gl\/a-guarda-inaugura-teatro-no-trega-cos-quinquillans\/cartel-teatro-no-trega-indd\/\" rel=\"attachment wp-att-14510\"><img loading=\"lazy\" decoding=\"async\" class=\"alignleft size-full wp-image-14510\" src=\"https:\/\/www.turismoaguarda.es\/wp-content\/uploads\/2021\/07\/CARTEL-TEATRO-NO-TREGA.jpg\" alt=\"\" width=\"800\" height=\"1131\" srcset=\"https:\/\/www.turismoaguarda.es\/wp-content\/uploads\/2021\/07\/CARTEL-TEATRO-NO-TREGA.jpg 800w, https:\/\/www.turismoaguarda.es\/wp-content\/uploads\/2021\/07\/CARTEL-TEATRO-NO-TREGA-212x300.jpg 212w, https:\/\/www.turismoaguarda.es\/wp-content\/uploads\/2021\/07\/CARTEL-TEATRO-NO-TREGA-724x1024.jpg 724w, https:\/\/www.turismoaguarda.es\/wp-content\/uploads\/2021\/07\/CARTEL-TEATRO-NO-TREGA-768x1086.jpg 768w, https:\/\/www.turismoaguarda.es\/wp-content\/uploads\/2021\/07\/CARTEL-TEATRO-NO-TREGA-150x212.jpg 150w, https:\/\/www.turismoaguarda.es\/wp-content\/uploads\/2021\/07\/CARTEL-TEATRO-NO-TREGA-354x500.jpg 354w\" sizes=\"auto, (max-width: 800px) 100vw, 800px\" \/><\/a><\/p>\n","protected":false},"excerpt":{"rendered":"<p>\ud83d\udccc Informamos que debido ao protocolo Covid-19 as sesi\u00f3ns de Teatro no Trega do m\u00e9rcores 21 e do m\u00e9rcores 28 quedan aprazadas. \ud83d\udcc5 As persoas que xa estaban inscritas quedan xa axendadas para o m\u00e9rcores 4 de agosto. &nbsp; \u2022 As visitas te\u00f1en lugar, previa inscrici\u00f3n en centrocultural@aguarda.es, todos os m\u00e9rcores de xullo e agosto.<\/p>\n<div class=\"padding-top text-center\"><a href=\"https:\/\/www.turismoaguarda.es\/gl\/continua-con-grande-exito-as-sesions-de-teatro-no-trega-cos-quinquillans\/\" class=\"atbtn atbtn--medium atbtn--rounded atbtn--transparent\">Leer m\u00e1is<i class=\"atbtn__icon atbtn__icon--right fa fa-long-arrow-right\"><\/i><\/a><\/div>\n","protected":false},"author":11,"featured_media":14577,"comment_status":"open","ping_status":"open","sticky":false,"template":"","format":"standard","meta":{"footnotes":""},"categories":[94],"tags":[170,214,990,1882,171],"class_list":["post-14576","post","type-post","status-publish","format-standard","has-post-thumbnail","hentry","category-novas-turismo","tag-a-guarda-gl","tag-cultura-gl","tag-os-quinquillans-gl","tag-teatro-no-trega","tag-turismo-gl"],"yoast_head":"<!-- This site is optimized with the Yoast SEO plugin v27.4 - https:\/\/yoast.com\/product\/yoast-seo-wordpress\/ -->\n<title>Contin\u00faa con grande \u00e9xito as sesi\u00f3ns de \u201cTeatro no Trega\u201d cos Quinquill\u00e1ns | Turismo A Guarda<\/title>\n<meta name=\"robots\" content=\"index, follow, max-snippet:-1, max-image-preview:large, max-video-preview:-1\" \/>\n<link rel=\"canonical\" href=\"https:\/\/www.turismoaguarda.es\/gl\/continua-con-grande-exito-as-sesions-de-teatro-no-trega-cos-quinquillans\/\" \/>\n<meta property=\"og:locale\" content=\"en_US\" \/>\n<meta property=\"og:type\" content=\"article\" \/>\n<meta property=\"og:title\" content=\"Contin\u00faa con grande \u00e9xito as sesi\u00f3ns de \u201cTeatro no Trega\u201d cos Quinquill\u00e1ns | Turismo A Guarda\" \/>\n<meta property=\"og:description\" content=\"\ud83d\udccc Informamos que debido ao protocolo Covid-19 as sesi\u00f3ns de Teatro no Trega do m\u00e9rcores 21 e do m\u00e9rcores 28 quedan aprazadas. \ud83d\udcc5 As persoas que xa estaban inscritas quedan xa axendadas para o m\u00e9rcores 4 de agosto. &nbsp; \u2022 As visitas te\u00f1en lugar, previa inscrici\u00f3n en centrocultural@aguarda.es, todos os m\u00e9rcores de xullo e agosto.Leer m\u00e1is\" \/>\n<meta property=\"og:url\" content=\"https:\/\/www.turismoaguarda.es\/gl\/continua-con-grande-exito-as-sesions-de-teatro-no-trega-cos-quinquillans\/\" \/>\n<meta property=\"og:site_name\" content=\"Turismo A Guarda\" \/>\n<meta property=\"article:publisher\" content=\"https:\/\/es-es.facebook.com\/Turismo-A-Guarda-126223240790625\/\" \/>\n<meta property=\"article:published_time\" content=\"2021-07-20T08:20:13+00:00\" \/>\n<meta property=\"article:modified_time\" content=\"2021-07-20T14:40:27+00:00\" \/>\n<meta property=\"og:image\" content=\"https:\/\/www.turismoaguarda.es\/wp-content\/uploads\/2021\/07\/NP-20072021-Contin\u00faa-con-grande-\u00e9xito-as-sesi\u00f3ns-de-\u201cTeatro-no-Trega\u201d-cos-Quinquill\u00e1ns-3.jpg\" \/>\n\t<meta property=\"og:image:width\" content=\"800\" \/>\n\t<meta property=\"og:image:height\" content=\"533\" \/>\n\t<meta property=\"og:image:type\" content=\"image\/jpeg\" \/>\n<meta name=\"author\" content=\"Prensa A Guarda\" \/>\n<meta name=\"twitter:card\" content=\"summary_large_image\" \/>\n<meta name=\"twitter:creator\" content=\"@TurismoAGuarda\" \/>\n<meta name=\"twitter:site\" content=\"@TurismoAGuarda\" \/>\n<meta name=\"twitter:label1\" content=\"Written by\" \/>\n\t<meta name=\"twitter:data1\" content=\"Prensa A Guarda\" \/>\n\t<meta name=\"twitter:label2\" content=\"Est. reading time\" \/>\n\t<meta name=\"twitter:data2\" content=\"2 minutes\" \/>\n<script type=\"application\/ld+json\" class=\"yoast-schema-graph\">{\"@context\":\"https:\\\/\\\/schema.org\",\"@graph\":[{\"@type\":\"Article\",\"@id\":\"https:\\\/\\\/www.turismoaguarda.es\\\/gl\\\/continua-con-grande-exito-as-sesions-de-teatro-no-trega-cos-quinquillans\\\/#article\",\"isPartOf\":{\"@id\":\"https:\\\/\\\/www.turismoaguarda.es\\\/gl\\\/continua-con-grande-exito-as-sesions-de-teatro-no-trega-cos-quinquillans\\\/\"},\"author\":{\"name\":\"Prensa A Guarda\",\"@id\":\"https:\\\/\\\/www.turismoaguarda.es\\\/#\\\/schema\\\/person\\\/a8b0c27ad7bcbb6c19799e934727508e\"},\"headline\":\"Contin\u00faa con grande \u00e9xito as sesi\u00f3ns de \u201cTeatro no Trega\u201d cos Quinquill\u00e1ns\",\"datePublished\":\"2021-07-20T08:20:13+00:00\",\"dateModified\":\"2021-07-20T14:40:27+00:00\",\"mainEntityOfPage\":{\"@id\":\"https:\\\/\\\/www.turismoaguarda.es\\\/gl\\\/continua-con-grande-exito-as-sesions-de-teatro-no-trega-cos-quinquillans\\\/\"},\"wordCount\":435,\"commentCount\":0,\"image\":{\"@id\":\"https:\\\/\\\/www.turismoaguarda.es\\\/gl\\\/continua-con-grande-exito-as-sesions-de-teatro-no-trega-cos-quinquillans\\\/#primaryimage\"},\"thumbnailUrl\":\"https:\\\/\\\/www.turismoaguarda.es\\\/wp-content\\\/uploads\\\/2021\\\/07\\\/NP-20072021-Contin\u00faa-con-grande-\u00e9xito-as-sesi\u00f3ns-de-\u201cTeatro-no-Trega\u201d-cos-Quinquill\u00e1ns-3.jpg\",\"keywords\":[\"A Guarda\",\"cultura\",\"os quinquillans\",\"teatro no trega\",\"turismo\"],\"articleSection\":[\"Novas Turismo\"],\"inLanguage\":\"gl\",\"potentialAction\":[{\"@type\":\"CommentAction\",\"name\":\"Comment\",\"target\":[\"https:\\\/\\\/www.turismoaguarda.es\\\/gl\\\/continua-con-grande-exito-as-sesions-de-teatro-no-trega-cos-quinquillans\\\/#respond\"]}]},{\"@type\":\"WebPage\",\"@id\":\"https:\\\/\\\/www.turismoaguarda.es\\\/gl\\\/continua-con-grande-exito-as-sesions-de-teatro-no-trega-cos-quinquillans\\\/\",\"url\":\"https:\\\/\\\/www.turismoaguarda.es\\\/gl\\\/continua-con-grande-exito-as-sesions-de-teatro-no-trega-cos-quinquillans\\\/\",\"name\":\"Contin\u00faa con grande \u00e9xito as sesi\u00f3ns de \u201cTeatro no Trega\u201d cos Quinquill\u00e1ns | Turismo A Guarda\",\"isPartOf\":{\"@id\":\"https:\\\/\\\/www.turismoaguarda.es\\\/#website\"},\"primaryImageOfPage\":{\"@id\":\"https:\\\/\\\/www.turismoaguarda.es\\\/gl\\\/continua-con-grande-exito-as-sesions-de-teatro-no-trega-cos-quinquillans\\\/#primaryimage\"},\"image\":{\"@id\":\"https:\\\/\\\/www.turismoaguarda.es\\\/gl\\\/continua-con-grande-exito-as-sesions-de-teatro-no-trega-cos-quinquillans\\\/#primaryimage\"},\"thumbnailUrl\":\"https:\\\/\\\/www.turismoaguarda.es\\\/wp-content\\\/uploads\\\/2021\\\/07\\\/NP-20072021-Contin\u00faa-con-grande-\u00e9xito-as-sesi\u00f3ns-de-\u201cTeatro-no-Trega\u201d-cos-Quinquill\u00e1ns-3.jpg\",\"datePublished\":\"2021-07-20T08:20:13+00:00\",\"dateModified\":\"2021-07-20T14:40:27+00:00\",\"author\":{\"@id\":\"https:\\\/\\\/www.turismoaguarda.es\\\/#\\\/schema\\\/person\\\/a8b0c27ad7bcbb6c19799e934727508e\"},\"breadcrumb\":{\"@id\":\"https:\\\/\\\/www.turismoaguarda.es\\\/gl\\\/continua-con-grande-exito-as-sesions-de-teatro-no-trega-cos-quinquillans\\\/#breadcrumb\"},\"inLanguage\":\"gl\",\"potentialAction\":[{\"@type\":\"ReadAction\",\"target\":[\"https:\\\/\\\/www.turismoaguarda.es\\\/gl\\\/continua-con-grande-exito-as-sesions-de-teatro-no-trega-cos-quinquillans\\\/\"]}]},{\"@type\":\"ImageObject\",\"inLanguage\":\"gl\",\"@id\":\"https:\\\/\\\/www.turismoaguarda.es\\\/gl\\\/continua-con-grande-exito-as-sesions-de-teatro-no-trega-cos-quinquillans\\\/#primaryimage\",\"url\":\"https:\\\/\\\/www.turismoaguarda.es\\\/wp-content\\\/uploads\\\/2021\\\/07\\\/NP-20072021-Contin\u00faa-con-grande-\u00e9xito-as-sesi\u00f3ns-de-\u201cTeatro-no-Trega\u201d-cos-Quinquill\u00e1ns-3.jpg\",\"contentUrl\":\"https:\\\/\\\/www.turismoaguarda.es\\\/wp-content\\\/uploads\\\/2021\\\/07\\\/NP-20072021-Contin\u00faa-con-grande-\u00e9xito-as-sesi\u00f3ns-de-\u201cTeatro-no-Trega\u201d-cos-Quinquill\u00e1ns-3.jpg\",\"width\":800,\"height\":533},{\"@type\":\"BreadcrumbList\",\"@id\":\"https:\\\/\\\/www.turismoaguarda.es\\\/gl\\\/continua-con-grande-exito-as-sesions-de-teatro-no-trega-cos-quinquillans\\\/#breadcrumb\",\"itemListElement\":[{\"@type\":\"ListItem\",\"position\":1,\"name\":\"Portada\",\"item\":\"https:\\\/\\\/www.turismoaguarda.es\\\/gl\\\/\"},{\"@type\":\"ListItem\",\"position\":2,\"name\":\"Contin\u00faa con grande \u00e9xito as sesi\u00f3ns de \u201cTeatro no Trega\u201d cos Quinquill\u00e1ns\"}]},{\"@type\":\"WebSite\",\"@id\":\"https:\\\/\\\/www.turismoaguarda.es\\\/#website\",\"url\":\"https:\\\/\\\/www.turismoaguarda.es\\\/\",\"name\":\"Turismo A Guarda\",\"description\":\"Informaci\u00f3n tur\u00edstica de A Guarda y alrededores.\",\"potentialAction\":[{\"@type\":\"SearchAction\",\"target\":{\"@type\":\"EntryPoint\",\"urlTemplate\":\"https:\\\/\\\/www.turismoaguarda.es\\\/?s={search_term_string}\"},\"query-input\":{\"@type\":\"PropertyValueSpecification\",\"valueRequired\":true,\"valueName\":\"search_term_string\"}}],\"inLanguage\":\"gl\"},{\"@type\":\"Person\",\"@id\":\"https:\\\/\\\/www.turismoaguarda.es\\\/#\\\/schema\\\/person\\\/a8b0c27ad7bcbb6c19799e934727508e\",\"name\":\"Prensa A Guarda\",\"image\":{\"@type\":\"ImageObject\",\"inLanguage\":\"gl\",\"@id\":\"https:\\\/\\\/secure.gravatar.com\\\/avatar\\\/387e117f874ba5d0a3439060b45d914395d77287b2e4890a49d1599fc3ef9189?s=96&d=mm&r=g\",\"url\":\"https:\\\/\\\/secure.gravatar.com\\\/avatar\\\/387e117f874ba5d0a3439060b45d914395d77287b2e4890a49d1599fc3ef9189?s=96&d=mm&r=g\",\"contentUrl\":\"https:\\\/\\\/secure.gravatar.com\\\/avatar\\\/387e117f874ba5d0a3439060b45d914395d77287b2e4890a49d1599fc3ef9189?s=96&d=mm&r=g\",\"caption\":\"Prensa A Guarda\"},\"url\":\"https:\\\/\\\/www.turismoaguarda.es\\\/gl\\\/author\\\/prensa\\\/\"}]}<\/script>\n<!-- \/ Yoast SEO plugin. -->","yoast_head_json":{"title":"Contin\u00faa con grande \u00e9xito as sesi\u00f3ns de \u201cTeatro no Trega\u201d cos Quinquill\u00e1ns | Turismo A Guarda","robots":{"index":"index","follow":"follow","max-snippet":"max-snippet:-1","max-image-preview":"max-image-preview:large","max-video-preview":"max-video-preview:-1"},"canonical":"https:\/\/www.turismoaguarda.es\/gl\/continua-con-grande-exito-as-sesions-de-teatro-no-trega-cos-quinquillans\/","og_locale":"en_US","og_type":"article","og_title":"Contin\u00faa con grande \u00e9xito as sesi\u00f3ns de \u201cTeatro no Trega\u201d cos Quinquill\u00e1ns | Turismo A Guarda","og_description":"\ud83d\udccc Informamos que debido ao protocolo Covid-19 as sesi\u00f3ns de Teatro no Trega do m\u00e9rcores 21 e do m\u00e9rcores 28 quedan aprazadas. \ud83d\udcc5 As persoas que xa estaban inscritas quedan xa axendadas para o m\u00e9rcores 4 de agosto. &nbsp; \u2022 As visitas te\u00f1en lugar, previa inscrici\u00f3n en centrocultural@aguarda.es, todos os m\u00e9rcores de xullo e agosto.Leer m\u00e1is","og_url":"https:\/\/www.turismoaguarda.es\/gl\/continua-con-grande-exito-as-sesions-de-teatro-no-trega-cos-quinquillans\/","og_site_name":"Turismo A Guarda","article_publisher":"https:\/\/es-es.facebook.com\/Turismo-A-Guarda-126223240790625\/","article_published_time":"2021-07-20T08:20:13+00:00","article_modified_time":"2021-07-20T14:40:27+00:00","og_image":[{"width":800,"height":533,"url":"https:\/\/www.turismoaguarda.es\/wp-content\/uploads\/2021\/07\/NP-20072021-Contin\u00faa-con-grande-\u00e9xito-as-sesi\u00f3ns-de-\u201cTeatro-no-Trega\u201d-cos-Quinquill\u00e1ns-3.jpg","type":"image\/jpeg"}],"author":"Prensa A Guarda","twitter_card":"summary_large_image","twitter_creator":"@TurismoAGuarda","twitter_site":"@TurismoAGuarda","twitter_misc":{"Written by":"Prensa A Guarda","Est. reading time":"2 minutes"},"schema":{"@context":"https:\/\/schema.org","@graph":[{"@type":"Article","@id":"https:\/\/www.turismoaguarda.es\/gl\/continua-con-grande-exito-as-sesions-de-teatro-no-trega-cos-quinquillans\/#article","isPartOf":{"@id":"https:\/\/www.turismoaguarda.es\/gl\/continua-con-grande-exito-as-sesions-de-teatro-no-trega-cos-quinquillans\/"},"author":{"name":"Prensa A Guarda","@id":"https:\/\/www.turismoaguarda.es\/#\/schema\/person\/a8b0c27ad7bcbb6c19799e934727508e"},"headline":"Contin\u00faa con grande \u00e9xito as sesi\u00f3ns de \u201cTeatro no Trega\u201d cos Quinquill\u00e1ns","datePublished":"2021-07-20T08:20:13+00:00","dateModified":"2021-07-20T14:40:27+00:00","mainEntityOfPage":{"@id":"https:\/\/www.turismoaguarda.es\/gl\/continua-con-grande-exito-as-sesions-de-teatro-no-trega-cos-quinquillans\/"},"wordCount":435,"commentCount":0,"image":{"@id":"https:\/\/www.turismoaguarda.es\/gl\/continua-con-grande-exito-as-sesions-de-teatro-no-trega-cos-quinquillans\/#primaryimage"},"thumbnailUrl":"https:\/\/www.turismoaguarda.es\/wp-content\/uploads\/2021\/07\/NP-20072021-Contin\u00faa-con-grande-\u00e9xito-as-sesi\u00f3ns-de-\u201cTeatro-no-Trega\u201d-cos-Quinquill\u00e1ns-3.jpg","keywords":["A Guarda","cultura","os quinquillans","teatro no trega","turismo"],"articleSection":["Novas Turismo"],"inLanguage":"gl","potentialAction":[{"@type":"CommentAction","name":"Comment","target":["https:\/\/www.turismoaguarda.es\/gl\/continua-con-grande-exito-as-sesions-de-teatro-no-trega-cos-quinquillans\/#respond"]}]},{"@type":"WebPage","@id":"https:\/\/www.turismoaguarda.es\/gl\/continua-con-grande-exito-as-sesions-de-teatro-no-trega-cos-quinquillans\/","url":"https:\/\/www.turismoaguarda.es\/gl\/continua-con-grande-exito-as-sesions-de-teatro-no-trega-cos-quinquillans\/","name":"Contin\u00faa con grande \u00e9xito as sesi\u00f3ns de \u201cTeatro no Trega\u201d cos Quinquill\u00e1ns | Turismo A Guarda","isPartOf":{"@id":"https:\/\/www.turismoaguarda.es\/#website"},"primaryImageOfPage":{"@id":"https:\/\/www.turismoaguarda.es\/gl\/continua-con-grande-exito-as-sesions-de-teatro-no-trega-cos-quinquillans\/#primaryimage"},"image":{"@id":"https:\/\/www.turismoaguarda.es\/gl\/continua-con-grande-exito-as-sesions-de-teatro-no-trega-cos-quinquillans\/#primaryimage"},"thumbnailUrl":"https:\/\/www.turismoaguarda.es\/wp-content\/uploads\/2021\/07\/NP-20072021-Contin\u00faa-con-grande-\u00e9xito-as-sesi\u00f3ns-de-\u201cTeatro-no-Trega\u201d-cos-Quinquill\u00e1ns-3.jpg","datePublished":"2021-07-20T08:20:13+00:00","dateModified":"2021-07-20T14:40:27+00:00","author":{"@id":"https:\/\/www.turismoaguarda.es\/#\/schema\/person\/a8b0c27ad7bcbb6c19799e934727508e"},"breadcrumb":{"@id":"https:\/\/www.turismoaguarda.es\/gl\/continua-con-grande-exito-as-sesions-de-teatro-no-trega-cos-quinquillans\/#breadcrumb"},"inLanguage":"gl","potentialAction":[{"@type":"ReadAction","target":["https:\/\/www.turismoaguarda.es\/gl\/continua-con-grande-exito-as-sesions-de-teatro-no-trega-cos-quinquillans\/"]}]},{"@type":"ImageObject","inLanguage":"gl","@id":"https:\/\/www.turismoaguarda.es\/gl\/continua-con-grande-exito-as-sesions-de-teatro-no-trega-cos-quinquillans\/#primaryimage","url":"https:\/\/www.turismoaguarda.es\/wp-content\/uploads\/2021\/07\/NP-20072021-Contin\u00faa-con-grande-\u00e9xito-as-sesi\u00f3ns-de-\u201cTeatro-no-Trega\u201d-cos-Quinquill\u00e1ns-3.jpg","contentUrl":"https:\/\/www.turismoaguarda.es\/wp-content\/uploads\/2021\/07\/NP-20072021-Contin\u00faa-con-grande-\u00e9xito-as-sesi\u00f3ns-de-\u201cTeatro-no-Trega\u201d-cos-Quinquill\u00e1ns-3.jpg","width":800,"height":533},{"@type":"BreadcrumbList","@id":"https:\/\/www.turismoaguarda.es\/gl\/continua-con-grande-exito-as-sesions-de-teatro-no-trega-cos-quinquillans\/#breadcrumb","itemListElement":[{"@type":"ListItem","position":1,"name":"Portada","item":"https:\/\/www.turismoaguarda.es\/gl\/"},{"@type":"ListItem","position":2,"name":"Contin\u00faa con grande \u00e9xito as sesi\u00f3ns de \u201cTeatro no Trega\u201d cos Quinquill\u00e1ns"}]},{"@type":"WebSite","@id":"https:\/\/www.turismoaguarda.es\/#website","url":"https:\/\/www.turismoaguarda.es\/","name":"Turismo A Guarda","description":"Informaci\u00f3n tur\u00edstica de A Guarda y alrededores.","potentialAction":[{"@type":"SearchAction","target":{"@type":"EntryPoint","urlTemplate":"https:\/\/www.turismoaguarda.es\/?s={search_term_string}"},"query-input":{"@type":"PropertyValueSpecification","valueRequired":true,"valueName":"search_term_string"}}],"inLanguage":"gl"},{"@type":"Person","@id":"https:\/\/www.turismoaguarda.es\/#\/schema\/person\/a8b0c27ad7bcbb6c19799e934727508e","name":"Prensa A Guarda","image":{"@type":"ImageObject","inLanguage":"gl","@id":"https:\/\/secure.gravatar.com\/avatar\/387e117f874ba5d0a3439060b45d914395d77287b2e4890a49d1599fc3ef9189?s=96&d=mm&r=g","url":"https:\/\/secure.gravatar.com\/avatar\/387e117f874ba5d0a3439060b45d914395d77287b2e4890a49d1599fc3ef9189?s=96&d=mm&r=g","contentUrl":"https:\/\/secure.gravatar.com\/avatar\/387e117f874ba5d0a3439060b45d914395d77287b2e4890a49d1599fc3ef9189?s=96&d=mm&r=g","caption":"Prensa A Guarda"},"url":"https:\/\/www.turismoaguarda.es\/gl\/author\/prensa\/"}]}},"_links":{"self":[{"href":"https:\/\/www.turismoaguarda.es\/gl\/wp-json\/wp\/v2\/posts\/14576","targetHints":{"allow":["GET"]}}],"collection":[{"href":"https:\/\/www.turismoaguarda.es\/gl\/wp-json\/wp\/v2\/posts"}],"about":[{"href":"https:\/\/www.turismoaguarda.es\/gl\/wp-json\/wp\/v2\/types\/post"}],"author":[{"embeddable":true,"href":"https:\/\/www.turismoaguarda.es\/gl\/wp-json\/wp\/v2\/users\/11"}],"replies":[{"embeddable":true,"href":"https:\/\/www.turismoaguarda.es\/gl\/wp-json\/wp\/v2\/comments?post=14576"}],"version-history":[{"count":2,"href":"https:\/\/www.turismoaguarda.es\/gl\/wp-json\/wp\/v2\/posts\/14576\/revisions"}],"predecessor-version":[{"id":14607,"href":"https:\/\/www.turismoaguarda.es\/gl\/wp-json\/wp\/v2\/posts\/14576\/revisions\/14607"}],"wp:featuredmedia":[{"embeddable":true,"href":"https:\/\/www.turismoaguarda.es\/gl\/wp-json\/wp\/v2\/media\/14577"}],"wp:attachment":[{"href":"https:\/\/www.turismoaguarda.es\/gl\/wp-json\/wp\/v2\/media?parent=14576"}],"wp:term":[{"taxonomy":"category","embeddable":true,"href":"https:\/\/www.turismoaguarda.es\/gl\/wp-json\/wp\/v2\/categories?post=14576"},{"taxonomy":"post_tag","embeddable":true,"href":"https:\/\/www.turismoaguarda.es\/gl\/wp-json\/wp\/v2\/tags?post=14576"}],"curies":[{"name":"wp","href":"https:\/\/api.w.org\/{rel}","templated":true}]}}