{"id":14411,"date":"2021-06-14T17:59:18","date_gmt":"2021-06-14T15:59:18","guid":{"rendered":"https:\/\/www.turismoaguarda.es\/?p=14411"},"modified":"2021-06-14T18:07:17","modified_gmt":"2021-06-14T16:07:17","slug":"14-06-aberto-o-prazo-para-solicitar-a-2a-lina-de-axudas-para-apaliar-o-impacto-economico-orixinado-pola-covid-19","status":"publish","type":"post","link":"https:\/\/www.turismoaguarda.es\/gl\/14-06-aberto-o-prazo-para-solicitar-a-2a-lina-de-axudas-para-apaliar-o-impacto-economico-orixinado-pola-covid-19\/","title":{"rendered":"14\/06 Aberto o prazo para solicitar a 2\u00aa li\u00f1a de axudas para apaliar o impacto econ\u00f3mico orixinado pola COVID-19"},"content":{"rendered":"<p>O obxecto destas axudas \u00e9 paliar o impacto econ\u00f3mico que tivo a crise sanitaria como consecuencia da evoluci\u00f3n da situaci\u00f3n epidemiol\u00f3xica derivada da COVID-19.<\/p>\n<p>Cada beneficiario\/a poder\u00e1 recibir<strong> ata un m\u00e1ximo de 300 euros<\/strong> en funci\u00f3n da cont\u00eda xustificada.<\/p>\n<p><strong>Gastos subvencionables e que est\u00e9n comprendidos entre o 14 de marzo de 2020 ao 30 de abril de 2021.<\/strong><\/p>\n<ul>\n<li>Adquisici\u00f3n de material funxible destinados aos equipos de protecci\u00f3n individual ou a adopci\u00f3n de medidas hixi\u00e9nico sanitarias: mascarillas, xelas, mamparas, medidores CO2,&#8230;<\/li>\n<li>Asistencia externa para labores de desinfecci\u00f3n dos equipos e instalaci\u00f3ns.<\/li>\n<li>Plan de contixencias e\/ou asistencia de servizo de prevenci\u00f3 alleo para a avaliaci\u00f3n dos postos de traballo fronte \u00e1 COVID-19.<\/li>\n<li>Gastos de licenzas ou aplicativos informativos para o impulso ou desenvolvemento do teletrabllo ou o comercio electr\u00f3nico.<\/li>\n<li>Gastos de arrendamento de bens inmobles.<\/li>\n<li>Gastos de cotas de aut\u00f3nomos e Seguridade Social.<\/li>\n<\/ul>\n<p>Poder\u00e1n solicitar estas axudas, sempre que cumpran os requisitos especificados nas bases, aquelas persoas f\u00edsicas ou xur\u00eddicas, as\u00ed como as comunidades de bens, sociedades civ\u00eds ou outras entidades econ\u00f3micas sen personalidade xur\u00eddica legalmente constitu\u00eddas que leven a cabo actividades empresariais que motivan a concesi\u00f3n da subvenci\u00f3n, e entidades do 3\u00ba sector que desenvolvan actividades econ\u00f3micas.<\/p>\n<p><strong>Documentaci\u00f3n a presentar: ANEXO 1, ANEXO 2 e ANEXO 3, <\/strong><strong>dispo\u00f1ible na <a href=\"https:\/\/aguarda.sedelectronica.gal\/board\">sede electr\u00f3nica municipal<\/a> xunto coas bases completas.<\/strong><\/p>\n<p>Prazo de presentaci\u00f3n das solicitudes ata o 8 xullo (inclu\u00eddo).<\/p>\n","protected":false},"excerpt":{"rendered":"<p>O obxecto destas axudas \u00e9 paliar o impacto econ\u00f3mico que tivo a crise sanitaria como consecuencia da evoluci\u00f3n da situaci\u00f3n epidemiol\u00f3xica derivada da COVID-19. Cada beneficiario\/a poder\u00e1 recibir ata un m\u00e1ximo de 300 euros en funci\u00f3n da cont\u00eda xustificada. Gastos subvencionables e que est\u00e9n comprendidos entre o 14 de marzo de 2020 ao 30 de<\/p>\n<div class=\"padding-top text-center\"><a href=\"https:\/\/www.turismoaguarda.es\/gl\/14-06-aberto-o-prazo-para-solicitar-a-2a-lina-de-axudas-para-apaliar-o-impacto-economico-orixinado-pola-covid-19\/\" class=\"atbtn atbtn--medium atbtn--rounded atbtn--transparent\">Leer m\u00e1is<i class=\"atbtn__icon atbtn__icon--right fa fa-long-arrow-right\"><\/i><\/a><\/div>\n","protected":false},"author":7,"featured_media":0,"comment_status":"open","ping_status":"open","sticky":false,"template":"","format":"standard","meta":{"footnotes":""},"categories":[1812],"tags":[],"class_list":["post-14411","post","type-post","status-publish","format-standard","hentry","category-novas-hostalaria"],"yoast_head":"<!-- This site is optimized with the Yoast SEO plugin v27.5 - https:\/\/yoast.com\/product\/yoast-seo-wordpress\/ -->\n<title>14\/06 Aberto o prazo para solicitar a 2\u00aa li\u00f1a de axudas para apaliar o impacto econ\u00f3mico orixinado pola COVID-19 | Turismo A Guarda<\/title>\n<meta name=\"robots\" content=\"index, follow, max-snippet:-1, max-image-preview:large, max-video-preview:-1\" \/>\n<link rel=\"canonical\" href=\"https:\/\/www.turismoaguarda.es\/gl\/14-06-aberto-o-prazo-para-solicitar-a-2a-lina-de-axudas-para-apaliar-o-impacto-economico-orixinado-pola-covid-19\/\" \/>\n<meta property=\"og:locale\" content=\"en_US\" \/>\n<meta property=\"og:type\" content=\"article\" \/>\n<meta property=\"og:title\" content=\"14\/06 Aberto o prazo para solicitar a 2\u00aa li\u00f1a de axudas para apaliar o impacto econ\u00f3mico orixinado pola COVID-19 | Turismo A Guarda\" \/>\n<meta property=\"og:description\" content=\"O obxecto destas axudas \u00e9 paliar o impacto econ\u00f3mico que tivo a crise sanitaria como consecuencia da evoluci\u00f3n da situaci\u00f3n epidemiol\u00f3xica derivada da COVID-19. Cada beneficiario\/a poder\u00e1 recibir ata un m\u00e1ximo de 300 euros en funci\u00f3n da cont\u00eda xustificada. Gastos subvencionables e que est\u00e9n comprendidos entre o 14 de marzo de 2020 ao 30 deLeer m\u00e1is\" \/>\n<meta property=\"og:url\" content=\"https:\/\/www.turismoaguarda.es\/gl\/14-06-aberto-o-prazo-para-solicitar-a-2a-lina-de-axudas-para-apaliar-o-impacto-economico-orixinado-pola-covid-19\/\" \/>\n<meta property=\"og:site_name\" content=\"Turismo A Guarda\" \/>\n<meta property=\"article:publisher\" content=\"https:\/\/es-es.facebook.com\/Turismo-A-Guarda-126223240790625\/\" \/>\n<meta property=\"article:published_time\" content=\"2021-06-14T15:59:18+00:00\" \/>\n<meta property=\"article:modified_time\" content=\"2021-06-14T16:07:17+00:00\" \/>\n<meta name=\"author\" content=\"Rosalia Verde\" \/>\n<meta name=\"twitter:card\" content=\"summary_large_image\" \/>\n<meta name=\"twitter:creator\" content=\"@TurismoAGuarda\" \/>\n<meta name=\"twitter:site\" content=\"@TurismoAGuarda\" \/>\n<meta name=\"twitter:label1\" content=\"Written by\" \/>\n\t<meta name=\"twitter:data1\" content=\"Rosalia Verde\" \/>\n\t<meta name=\"twitter:label2\" content=\"Est. reading time\" \/>\n\t<meta name=\"twitter:data2\" content=\"1 minute\" \/>\n<script type=\"application\/ld+json\" class=\"yoast-schema-graph\">{\"@context\":\"https:\\\/\\\/schema.org\",\"@graph\":[{\"@type\":\"Article\",\"@id\":\"https:\\\/\\\/www.turismoaguarda.es\\\/gl\\\/14-06-aberto-o-prazo-para-solicitar-a-2a-lina-de-axudas-para-apaliar-o-impacto-economico-orixinado-pola-covid-19\\\/#article\",\"isPartOf\":{\"@id\":\"https:\\\/\\\/www.turismoaguarda.es\\\/gl\\\/14-06-aberto-o-prazo-para-solicitar-a-2a-lina-de-axudas-para-apaliar-o-impacto-economico-orixinado-pola-covid-19\\\/\"},\"author\":{\"name\":\"Rosalia Verde\",\"@id\":\"https:\\\/\\\/www.turismoaguarda.es\\\/#\\\/schema\\\/person\\\/9282bb1649316a88a88b0eca34bd959b\"},\"headline\":\"14\\\/06 Aberto o prazo para solicitar a 2\u00aa li\u00f1a de axudas para apaliar o impacto econ\u00f3mico orixinado pola COVID-19\",\"datePublished\":\"2021-06-14T15:59:18+00:00\",\"dateModified\":\"2021-06-14T16:07:17+00:00\",\"mainEntityOfPage\":{\"@id\":\"https:\\\/\\\/www.turismoaguarda.es\\\/gl\\\/14-06-aberto-o-prazo-para-solicitar-a-2a-lina-de-axudas-para-apaliar-o-impacto-economico-orixinado-pola-covid-19\\\/\"},\"wordCount\":266,\"commentCount\":0,\"articleSection\":[\"Novas Hostalar\u00eda\"],\"inLanguage\":\"gl\",\"potentialAction\":[{\"@type\":\"CommentAction\",\"name\":\"Comment\",\"target\":[\"https:\\\/\\\/www.turismoaguarda.es\\\/gl\\\/14-06-aberto-o-prazo-para-solicitar-a-2a-lina-de-axudas-para-apaliar-o-impacto-economico-orixinado-pola-covid-19\\\/#respond\"]}]},{\"@type\":\"WebPage\",\"@id\":\"https:\\\/\\\/www.turismoaguarda.es\\\/gl\\\/14-06-aberto-o-prazo-para-solicitar-a-2a-lina-de-axudas-para-apaliar-o-impacto-economico-orixinado-pola-covid-19\\\/\",\"url\":\"https:\\\/\\\/www.turismoaguarda.es\\\/gl\\\/14-06-aberto-o-prazo-para-solicitar-a-2a-lina-de-axudas-para-apaliar-o-impacto-economico-orixinado-pola-covid-19\\\/\",\"name\":\"14\\\/06 Aberto o prazo para solicitar a 2\u00aa li\u00f1a de axudas para apaliar o impacto econ\u00f3mico orixinado pola COVID-19 | Turismo A Guarda\",\"isPartOf\":{\"@id\":\"https:\\\/\\\/www.turismoaguarda.es\\\/#website\"},\"datePublished\":\"2021-06-14T15:59:18+00:00\",\"dateModified\":\"2021-06-14T16:07:17+00:00\",\"author\":{\"@id\":\"https:\\\/\\\/www.turismoaguarda.es\\\/#\\\/schema\\\/person\\\/9282bb1649316a88a88b0eca34bd959b\"},\"breadcrumb\":{\"@id\":\"https:\\\/\\\/www.turismoaguarda.es\\\/gl\\\/14-06-aberto-o-prazo-para-solicitar-a-2a-lina-de-axudas-para-apaliar-o-impacto-economico-orixinado-pola-covid-19\\\/#breadcrumb\"},\"inLanguage\":\"gl\",\"potentialAction\":[{\"@type\":\"ReadAction\",\"target\":[\"https:\\\/\\\/www.turismoaguarda.es\\\/gl\\\/14-06-aberto-o-prazo-para-solicitar-a-2a-lina-de-axudas-para-apaliar-o-impacto-economico-orixinado-pola-covid-19\\\/\"]}]},{\"@type\":\"BreadcrumbList\",\"@id\":\"https:\\\/\\\/www.turismoaguarda.es\\\/gl\\\/14-06-aberto-o-prazo-para-solicitar-a-2a-lina-de-axudas-para-apaliar-o-impacto-economico-orixinado-pola-covid-19\\\/#breadcrumb\",\"itemListElement\":[{\"@type\":\"ListItem\",\"position\":1,\"name\":\"Portada\",\"item\":\"https:\\\/\\\/www.turismoaguarda.es\\\/gl\\\/\"},{\"@type\":\"ListItem\",\"position\":2,\"name\":\"14\\\/06 Aberto o prazo para solicitar a 2\u00aa li\u00f1a de axudas para apaliar o impacto econ\u00f3mico orixinado pola COVID-19\"}]},{\"@type\":\"WebSite\",\"@id\":\"https:\\\/\\\/www.turismoaguarda.es\\\/#website\",\"url\":\"https:\\\/\\\/www.turismoaguarda.es\\\/\",\"name\":\"Turismo A Guarda\",\"description\":\"Informaci\u00f3n tur\u00edstica de A Guarda y alrededores.\",\"potentialAction\":[{\"@type\":\"SearchAction\",\"target\":{\"@type\":\"EntryPoint\",\"urlTemplate\":\"https:\\\/\\\/www.turismoaguarda.es\\\/?s={search_term_string}\"},\"query-input\":{\"@type\":\"PropertyValueSpecification\",\"valueRequired\":true,\"valueName\":\"search_term_string\"}}],\"inLanguage\":\"gl\"},{\"@type\":\"Person\",\"@id\":\"https:\\\/\\\/www.turismoaguarda.es\\\/#\\\/schema\\\/person\\\/9282bb1649316a88a88b0eca34bd959b\",\"name\":\"Rosalia Verde\",\"image\":{\"@type\":\"ImageObject\",\"inLanguage\":\"gl\",\"@id\":\"https:\\\/\\\/secure.gravatar.com\\\/avatar\\\/40761cb45c6464d3a83ebde1e1f3fa222726fcacc4d5b5048a7920608c99e0e5?s=96&d=mm&r=g\",\"url\":\"https:\\\/\\\/secure.gravatar.com\\\/avatar\\\/40761cb45c6464d3a83ebde1e1f3fa222726fcacc4d5b5048a7920608c99e0e5?s=96&d=mm&r=g\",\"contentUrl\":\"https:\\\/\\\/secure.gravatar.com\\\/avatar\\\/40761cb45c6464d3a83ebde1e1f3fa222726fcacc4d5b5048a7920608c99e0e5?s=96&d=mm&r=g\",\"caption\":\"Rosalia Verde\"},\"url\":\"https:\\\/\\\/www.turismoaguarda.es\\\/gl\\\/author\\\/rosalia\\\/\"}]}<\/script>\n<!-- \/ Yoast SEO plugin. -->","yoast_head_json":{"title":"14\/06 Aberto o prazo para solicitar a 2\u00aa li\u00f1a de axudas para apaliar o impacto econ\u00f3mico orixinado pola COVID-19 | Turismo A Guarda","robots":{"index":"index","follow":"follow","max-snippet":"max-snippet:-1","max-image-preview":"max-image-preview:large","max-video-preview":"max-video-preview:-1"},"canonical":"https:\/\/www.turismoaguarda.es\/gl\/14-06-aberto-o-prazo-para-solicitar-a-2a-lina-de-axudas-para-apaliar-o-impacto-economico-orixinado-pola-covid-19\/","og_locale":"en_US","og_type":"article","og_title":"14\/06 Aberto o prazo para solicitar a 2\u00aa li\u00f1a de axudas para apaliar o impacto econ\u00f3mico orixinado pola COVID-19 | Turismo A Guarda","og_description":"O obxecto destas axudas \u00e9 paliar o impacto econ\u00f3mico que tivo a crise sanitaria como consecuencia da evoluci\u00f3n da situaci\u00f3n epidemiol\u00f3xica derivada da COVID-19. Cada beneficiario\/a poder\u00e1 recibir ata un m\u00e1ximo de 300 euros en funci\u00f3n da cont\u00eda xustificada. Gastos subvencionables e que est\u00e9n comprendidos entre o 14 de marzo de 2020 ao 30 deLeer m\u00e1is","og_url":"https:\/\/www.turismoaguarda.es\/gl\/14-06-aberto-o-prazo-para-solicitar-a-2a-lina-de-axudas-para-apaliar-o-impacto-economico-orixinado-pola-covid-19\/","og_site_name":"Turismo A Guarda","article_publisher":"https:\/\/es-es.facebook.com\/Turismo-A-Guarda-126223240790625\/","article_published_time":"2021-06-14T15:59:18+00:00","article_modified_time":"2021-06-14T16:07:17+00:00","author":"Rosalia Verde","twitter_card":"summary_large_image","twitter_creator":"@TurismoAGuarda","twitter_site":"@TurismoAGuarda","twitter_misc":{"Written by":"Rosalia Verde","Est. reading time":"1 minute"},"schema":{"@context":"https:\/\/schema.org","@graph":[{"@type":"Article","@id":"https:\/\/www.turismoaguarda.es\/gl\/14-06-aberto-o-prazo-para-solicitar-a-2a-lina-de-axudas-para-apaliar-o-impacto-economico-orixinado-pola-covid-19\/#article","isPartOf":{"@id":"https:\/\/www.turismoaguarda.es\/gl\/14-06-aberto-o-prazo-para-solicitar-a-2a-lina-de-axudas-para-apaliar-o-impacto-economico-orixinado-pola-covid-19\/"},"author":{"name":"Rosalia Verde","@id":"https:\/\/www.turismoaguarda.es\/#\/schema\/person\/9282bb1649316a88a88b0eca34bd959b"},"headline":"14\/06 Aberto o prazo para solicitar a 2\u00aa li\u00f1a de axudas para apaliar o impacto econ\u00f3mico orixinado pola COVID-19","datePublished":"2021-06-14T15:59:18+00:00","dateModified":"2021-06-14T16:07:17+00:00","mainEntityOfPage":{"@id":"https:\/\/www.turismoaguarda.es\/gl\/14-06-aberto-o-prazo-para-solicitar-a-2a-lina-de-axudas-para-apaliar-o-impacto-economico-orixinado-pola-covid-19\/"},"wordCount":266,"commentCount":0,"articleSection":["Novas Hostalar\u00eda"],"inLanguage":"gl","potentialAction":[{"@type":"CommentAction","name":"Comment","target":["https:\/\/www.turismoaguarda.es\/gl\/14-06-aberto-o-prazo-para-solicitar-a-2a-lina-de-axudas-para-apaliar-o-impacto-economico-orixinado-pola-covid-19\/#respond"]}]},{"@type":"WebPage","@id":"https:\/\/www.turismoaguarda.es\/gl\/14-06-aberto-o-prazo-para-solicitar-a-2a-lina-de-axudas-para-apaliar-o-impacto-economico-orixinado-pola-covid-19\/","url":"https:\/\/www.turismoaguarda.es\/gl\/14-06-aberto-o-prazo-para-solicitar-a-2a-lina-de-axudas-para-apaliar-o-impacto-economico-orixinado-pola-covid-19\/","name":"14\/06 Aberto o prazo para solicitar a 2\u00aa li\u00f1a de axudas para apaliar o impacto econ\u00f3mico orixinado pola COVID-19 | Turismo A Guarda","isPartOf":{"@id":"https:\/\/www.turismoaguarda.es\/#website"},"datePublished":"2021-06-14T15:59:18+00:00","dateModified":"2021-06-14T16:07:17+00:00","author":{"@id":"https:\/\/www.turismoaguarda.es\/#\/schema\/person\/9282bb1649316a88a88b0eca34bd959b"},"breadcrumb":{"@id":"https:\/\/www.turismoaguarda.es\/gl\/14-06-aberto-o-prazo-para-solicitar-a-2a-lina-de-axudas-para-apaliar-o-impacto-economico-orixinado-pola-covid-19\/#breadcrumb"},"inLanguage":"gl","potentialAction":[{"@type":"ReadAction","target":["https:\/\/www.turismoaguarda.es\/gl\/14-06-aberto-o-prazo-para-solicitar-a-2a-lina-de-axudas-para-apaliar-o-impacto-economico-orixinado-pola-covid-19\/"]}]},{"@type":"BreadcrumbList","@id":"https:\/\/www.turismoaguarda.es\/gl\/14-06-aberto-o-prazo-para-solicitar-a-2a-lina-de-axudas-para-apaliar-o-impacto-economico-orixinado-pola-covid-19\/#breadcrumb","itemListElement":[{"@type":"ListItem","position":1,"name":"Portada","item":"https:\/\/www.turismoaguarda.es\/gl\/"},{"@type":"ListItem","position":2,"name":"14\/06 Aberto o prazo para solicitar a 2\u00aa li\u00f1a de axudas para apaliar o impacto econ\u00f3mico orixinado pola COVID-19"}]},{"@type":"WebSite","@id":"https:\/\/www.turismoaguarda.es\/#website","url":"https:\/\/www.turismoaguarda.es\/","name":"Turismo A Guarda","description":"Informaci\u00f3n tur\u00edstica de A Guarda y alrededores.","potentialAction":[{"@type":"SearchAction","target":{"@type":"EntryPoint","urlTemplate":"https:\/\/www.turismoaguarda.es\/?s={search_term_string}"},"query-input":{"@type":"PropertyValueSpecification","valueRequired":true,"valueName":"search_term_string"}}],"inLanguage":"gl"},{"@type":"Person","@id":"https:\/\/www.turismoaguarda.es\/#\/schema\/person\/9282bb1649316a88a88b0eca34bd959b","name":"Rosalia Verde","image":{"@type":"ImageObject","inLanguage":"gl","@id":"https:\/\/secure.gravatar.com\/avatar\/40761cb45c6464d3a83ebde1e1f3fa222726fcacc4d5b5048a7920608c99e0e5?s=96&d=mm&r=g","url":"https:\/\/secure.gravatar.com\/avatar\/40761cb45c6464d3a83ebde1e1f3fa222726fcacc4d5b5048a7920608c99e0e5?s=96&d=mm&r=g","contentUrl":"https:\/\/secure.gravatar.com\/avatar\/40761cb45c6464d3a83ebde1e1f3fa222726fcacc4d5b5048a7920608c99e0e5?s=96&d=mm&r=g","caption":"Rosalia Verde"},"url":"https:\/\/www.turismoaguarda.es\/gl\/author\/rosalia\/"}]}},"_links":{"self":[{"href":"https:\/\/www.turismoaguarda.es\/gl\/wp-json\/wp\/v2\/posts\/14411","targetHints":{"allow":["GET"]}}],"collection":[{"href":"https:\/\/www.turismoaguarda.es\/gl\/wp-json\/wp\/v2\/posts"}],"about":[{"href":"https:\/\/www.turismoaguarda.es\/gl\/wp-json\/wp\/v2\/types\/post"}],"author":[{"embeddable":true,"href":"https:\/\/www.turismoaguarda.es\/gl\/wp-json\/wp\/v2\/users\/7"}],"replies":[{"embeddable":true,"href":"https:\/\/www.turismoaguarda.es\/gl\/wp-json\/wp\/v2\/comments?post=14411"}],"version-history":[{"count":3,"href":"https:\/\/www.turismoaguarda.es\/gl\/wp-json\/wp\/v2\/posts\/14411\/revisions"}],"predecessor-version":[{"id":14414,"href":"https:\/\/www.turismoaguarda.es\/gl\/wp-json\/wp\/v2\/posts\/14411\/revisions\/14414"}],"wp:attachment":[{"href":"https:\/\/www.turismoaguarda.es\/gl\/wp-json\/wp\/v2\/media?parent=14411"}],"wp:term":[{"taxonomy":"category","embeddable":true,"href":"https:\/\/www.turismoaguarda.es\/gl\/wp-json\/wp\/v2\/categories?post=14411"},{"taxonomy":"post_tag","embeddable":true,"href":"https:\/\/www.turismoaguarda.es\/gl\/wp-json\/wp\/v2\/tags?post=14411"}],"curies":[{"name":"wp","href":"https:\/\/api.w.org\/{rel}","templated":true}]}}