{"id":14400,"date":"2021-06-11T16:24:02","date_gmt":"2021-06-11T14:24:02","guid":{"rendered":"https:\/\/www.turismoaguarda.es\/?p=14400"},"modified":"2021-06-11T16:42:25","modified_gmt":"2021-06-11T14:42:25","slug":"o-monte-trega-inicia-as-visitas-regulares-guiadas","status":"publish","type":"post","link":"https:\/\/www.turismoaguarda.es\/gl\/o-monte-trega-inicia-as-visitas-regulares-guiadas\/","title":{"rendered":"O Monte Trega inicia as visitas regulares guiadas"},"content":{"rendered":"<p>O vindeiro xoves d\u00eda 17 de xu\u00f1o arrancan na Guarda as visitas regulares guiadas ao Monte Santa Trega, unhas visitas que ter\u00e1n lugar os xoves, venres, s\u00e1bados e domingos ata o 12 de setembro.<br \/>\nAs visitas guiadas ao Monte Santa Trega contan este ano con tres espazos emblem\u00e1ticos, como son o entorno da ermida, o Castro de Calvo e o Castro do barrio de Mergelina, onde se te\u00f1en realizado importantes tarefas de re-escavaci\u00f3n e consolidaci\u00f3n para a s\u00faa posta en valor.<br \/>\nO obxectivo destas visitas \u00e9 poder realizar unha visita completa das marabillas que cont\u00e9n o Trega, xa que contar cun gu\u00eda oficial permitir\u00e1 unha interpretaci\u00f3n do xacemento e do patrimonio relixioso.<br \/>\nPara participar nas visitas guiadas \u00e9 preciso unha inscrici\u00f3n previa no tel\u00e9fono 690017038. A organizaci\u00f3n das visitas en grupos reducidos permite unha maior comprensi\u00f3n e desfrute por parte dos participantes nas mesmas. O punto de encontro e de sa\u00edda destas visitas ser\u00e1 no aparcamento da antiga Casa Forestal(<a href=\"http:\/\/ow.ly\/b5qb50F8iA0\">http:\/\/ow.ly\/b5qb50F8iA0<\/a>).<br \/>\nDurante a fase de escavaci\u00f3n do barrio Mergelina constatouse que o castro foi ocupado antes do que se pensaba, desde o s\u00e9culo IV a.C. Tam\u00e9n sacouse \u00e1 luz 43 novas estruturas arquitect\u00f3nicas que compo\u00f1en 11 unidades familiares e ata 43.833 pezas, que formar\u00e1n parte do vindeiro proxecto de musealizaci\u00f3n.<br \/>\nDestaca tam\u00e9n a recente intervenci\u00f3n no concheiro, que se atopa ao lado da porta Sur de entrada ao castro do Monte Trega, e que constitu\u00eda unha especie de vertedoiro para os seus habitantes. A d\u00eda de hoxe, \u00e9 unha fonte de informaci\u00f3n incalculable pois a trav\u00e9s do seu estudo podemos co\u00f1ecer numerosos aspectos da vida coti\u00e1 das persoas que viviron no castro.<br \/>\nAdemais A Guarda traballa no proxecto \u201cTrega 2020+5\u201d para desenvolver o potencial patrimonial, social, cultural e cient\u00edfico do castro do Trega a trav\u00e9s dunha actuaci\u00f3n integral. As\u00ed este proxecto desenv\u00f3lvese en torno a tres eixos, recuperar e consolidar os sectores do castro escavados entre 1910 e 1930, manter de forma sostida no tempo o conxunto das estruturas escavadas no castro e expostas ao p\u00fablico e investigar e profundar no co\u00f1ecemento arqueol\u00f3xico do castro coa finalidade de crear contidos destinados \u00e1 divulgaci\u00f3n e ao incremento da valorizaci\u00f3n do patrimonio.<\/p>\n<p style=\"text-align: center;\"><a href=\"https:\/\/www.turismoaguarda.es\/gl\/o-monte-trega-inicia-as-visitas-regulares-guiadas\/a-3-visitas-guiadas-ok-indd\/\" rel=\"attachment wp-att-14401\"><img loading=\"lazy\" decoding=\"async\" class=\"alignleft size-full wp-image-14401\" src=\"https:\/\/www.turismoaguarda.es\/wp-content\/uploads\/2021\/06\/A-3-VISITAS-GUIADAS.jpg\" alt=\"\" width=\"800\" height=\"1058\" srcset=\"https:\/\/www.turismoaguarda.es\/wp-content\/uploads\/2021\/06\/A-3-VISITAS-GUIADAS.jpg 800w, https:\/\/www.turismoaguarda.es\/wp-content\/uploads\/2021\/06\/A-3-VISITAS-GUIADAS-227x300.jpg 227w, https:\/\/www.turismoaguarda.es\/wp-content\/uploads\/2021\/06\/A-3-VISITAS-GUIADAS-774x1024.jpg 774w, https:\/\/www.turismoaguarda.es\/wp-content\/uploads\/2021\/06\/A-3-VISITAS-GUIADAS-768x1016.jpg 768w, https:\/\/www.turismoaguarda.es\/wp-content\/uploads\/2021\/06\/A-3-VISITAS-GUIADAS-150x198.jpg 150w, https:\/\/www.turismoaguarda.es\/wp-content\/uploads\/2021\/06\/A-3-VISITAS-GUIADAS-378x500.jpg 378w\" sizes=\"auto, (max-width: 800px) 100vw, 800px\" \/><\/a><\/p>\n","protected":false},"excerpt":{"rendered":"<p>O vindeiro xoves d\u00eda 17 de xu\u00f1o arrancan na Guarda as visitas regulares guiadas ao Monte Santa Trega, unhas visitas que ter\u00e1n lugar os xoves, venres, s\u00e1bados e domingos ata o 12 de setembro. As visitas guiadas ao Monte Santa Trega contan este ano con tres espazos emblem\u00e1ticos, como son o entorno da ermida, o<\/p>\n<div class=\"padding-top text-center\"><a href=\"https:\/\/www.turismoaguarda.es\/gl\/o-monte-trega-inicia-as-visitas-regulares-guiadas\/\" class=\"atbtn atbtn--medium atbtn--rounded atbtn--transparent\">Leer m\u00e1is<i class=\"atbtn__icon atbtn__icon--right fa fa-long-arrow-right\"><\/i><\/a><\/div>\n","protected":false},"author":11,"featured_media":14401,"comment_status":"open","ping_status":"open","sticky":false,"template":"","format":"standard","meta":{"footnotes":""},"categories":[94],"tags":[170,219,1876,862],"class_list":["post-14400","post","type-post","status-publish","format-standard","has-post-thumbnail","hentry","category-novas-turismo","tag-a-guarda-gl","tag-santa-trega-gl","tag-veran-2021","tag-visitas-guiadas-gl"],"yoast_head":"<!-- This site is optimized with the Yoast SEO plugin v27.4 - https:\/\/yoast.com\/product\/yoast-seo-wordpress\/ -->\n<title>O Monte Trega inicia as visitas regulares guiadas | Turismo A Guarda<\/title>\n<meta name=\"description\" content=\"Para participar nas visitas guiadas \u00e9 preciso unha inscrici\u00f3n previa no tel\u00e9fono 690017038.\" \/>\n<meta name=\"robots\" content=\"index, follow, max-snippet:-1, max-image-preview:large, max-video-preview:-1\" \/>\n<link rel=\"canonical\" href=\"https:\/\/www.turismoaguarda.es\/gl\/o-monte-trega-inicia-as-visitas-regulares-guiadas\/\" \/>\n<meta property=\"og:locale\" content=\"en_US\" \/>\n<meta property=\"og:type\" content=\"article\" \/>\n<meta property=\"og:title\" content=\"O Monte Trega inicia as visitas regulares guiadas | Turismo A Guarda\" \/>\n<meta property=\"og:description\" content=\"Para participar nas visitas guiadas \u00e9 preciso unha inscrici\u00f3n previa no tel\u00e9fono 690017038.\" \/>\n<meta property=\"og:url\" content=\"https:\/\/www.turismoaguarda.es\/gl\/o-monte-trega-inicia-as-visitas-regulares-guiadas\/\" \/>\n<meta property=\"og:site_name\" content=\"Turismo A Guarda\" \/>\n<meta property=\"article:publisher\" content=\"https:\/\/es-es.facebook.com\/Turismo-A-Guarda-126223240790625\/\" \/>\n<meta property=\"article:published_time\" content=\"2021-06-11T14:24:02+00:00\" \/>\n<meta property=\"article:modified_time\" content=\"2021-06-11T14:42:25+00:00\" \/>\n<meta property=\"og:image\" content=\"https:\/\/www.turismoaguarda.es\/wp-content\/uploads\/2021\/06\/A-3-VISITAS-GUIADAS.jpg\" \/>\n\t<meta property=\"og:image:width\" content=\"800\" \/>\n\t<meta property=\"og:image:height\" content=\"1058\" \/>\n\t<meta property=\"og:image:type\" content=\"image\/jpeg\" \/>\n<meta name=\"author\" content=\"Prensa A Guarda\" \/>\n<meta name=\"twitter:card\" content=\"summary_large_image\" \/>\n<meta name=\"twitter:creator\" content=\"@TurismoAGuarda\" \/>\n<meta name=\"twitter:site\" content=\"@TurismoAGuarda\" \/>\n<meta name=\"twitter:label1\" content=\"Written by\" \/>\n\t<meta name=\"twitter:data1\" content=\"Prensa A Guarda\" \/>\n\t<meta name=\"twitter:label2\" content=\"Est. reading time\" \/>\n\t<meta name=\"twitter:data2\" content=\"2 minutes\" \/>\n<script type=\"application\/ld+json\" class=\"yoast-schema-graph\">{\"@context\":\"https:\\\/\\\/schema.org\",\"@graph\":[{\"@type\":\"Article\",\"@id\":\"https:\\\/\\\/www.turismoaguarda.es\\\/gl\\\/o-monte-trega-inicia-as-visitas-regulares-guiadas\\\/#article\",\"isPartOf\":{\"@id\":\"https:\\\/\\\/www.turismoaguarda.es\\\/gl\\\/o-monte-trega-inicia-as-visitas-regulares-guiadas\\\/\"},\"author\":{\"name\":\"Prensa A Guarda\",\"@id\":\"https:\\\/\\\/www.turismoaguarda.es\\\/#\\\/schema\\\/person\\\/a8b0c27ad7bcbb6c19799e934727508e\"},\"headline\":\"O Monte Trega inicia as visitas regulares guiadas\",\"datePublished\":\"2021-06-11T14:24:02+00:00\",\"dateModified\":\"2021-06-11T14:42:25+00:00\",\"mainEntityOfPage\":{\"@id\":\"https:\\\/\\\/www.turismoaguarda.es\\\/gl\\\/o-monte-trega-inicia-as-visitas-regulares-guiadas\\\/\"},\"wordCount\":401,\"commentCount\":0,\"image\":{\"@id\":\"https:\\\/\\\/www.turismoaguarda.es\\\/gl\\\/o-monte-trega-inicia-as-visitas-regulares-guiadas\\\/#primaryimage\"},\"thumbnailUrl\":\"https:\\\/\\\/www.turismoaguarda.es\\\/wp-content\\\/uploads\\\/2021\\\/06\\\/A-3-VISITAS-GUIADAS.jpg\",\"keywords\":[\"A Guarda\",\"Santa Trega\",\"ver\u00e1n 2021\",\"visitas guiadas\"],\"articleSection\":[\"Novas Turismo\"],\"inLanguage\":\"gl\",\"potentialAction\":[{\"@type\":\"CommentAction\",\"name\":\"Comment\",\"target\":[\"https:\\\/\\\/www.turismoaguarda.es\\\/gl\\\/o-monte-trega-inicia-as-visitas-regulares-guiadas\\\/#respond\"]}]},{\"@type\":\"WebPage\",\"@id\":\"https:\\\/\\\/www.turismoaguarda.es\\\/gl\\\/o-monte-trega-inicia-as-visitas-regulares-guiadas\\\/\",\"url\":\"https:\\\/\\\/www.turismoaguarda.es\\\/gl\\\/o-monte-trega-inicia-as-visitas-regulares-guiadas\\\/\",\"name\":\"O Monte Trega inicia as visitas regulares guiadas | Turismo A Guarda\",\"isPartOf\":{\"@id\":\"https:\\\/\\\/www.turismoaguarda.es\\\/#website\"},\"primaryImageOfPage\":{\"@id\":\"https:\\\/\\\/www.turismoaguarda.es\\\/gl\\\/o-monte-trega-inicia-as-visitas-regulares-guiadas\\\/#primaryimage\"},\"image\":{\"@id\":\"https:\\\/\\\/www.turismoaguarda.es\\\/gl\\\/o-monte-trega-inicia-as-visitas-regulares-guiadas\\\/#primaryimage\"},\"thumbnailUrl\":\"https:\\\/\\\/www.turismoaguarda.es\\\/wp-content\\\/uploads\\\/2021\\\/06\\\/A-3-VISITAS-GUIADAS.jpg\",\"datePublished\":\"2021-06-11T14:24:02+00:00\",\"dateModified\":\"2021-06-11T14:42:25+00:00\",\"author\":{\"@id\":\"https:\\\/\\\/www.turismoaguarda.es\\\/#\\\/schema\\\/person\\\/a8b0c27ad7bcbb6c19799e934727508e\"},\"description\":\"Para participar nas visitas guiadas \u00e9 preciso unha inscrici\u00f3n previa no tel\u00e9fono 690017038.\",\"breadcrumb\":{\"@id\":\"https:\\\/\\\/www.turismoaguarda.es\\\/gl\\\/o-monte-trega-inicia-as-visitas-regulares-guiadas\\\/#breadcrumb\"},\"inLanguage\":\"gl\",\"potentialAction\":[{\"@type\":\"ReadAction\",\"target\":[\"https:\\\/\\\/www.turismoaguarda.es\\\/gl\\\/o-monte-trega-inicia-as-visitas-regulares-guiadas\\\/\"]}]},{\"@type\":\"ImageObject\",\"inLanguage\":\"gl\",\"@id\":\"https:\\\/\\\/www.turismoaguarda.es\\\/gl\\\/o-monte-trega-inicia-as-visitas-regulares-guiadas\\\/#primaryimage\",\"url\":\"https:\\\/\\\/www.turismoaguarda.es\\\/wp-content\\\/uploads\\\/2021\\\/06\\\/A-3-VISITAS-GUIADAS.jpg\",\"contentUrl\":\"https:\\\/\\\/www.turismoaguarda.es\\\/wp-content\\\/uploads\\\/2021\\\/06\\\/A-3-VISITAS-GUIADAS.jpg\",\"width\":800,\"height\":1058},{\"@type\":\"BreadcrumbList\",\"@id\":\"https:\\\/\\\/www.turismoaguarda.es\\\/gl\\\/o-monte-trega-inicia-as-visitas-regulares-guiadas\\\/#breadcrumb\",\"itemListElement\":[{\"@type\":\"ListItem\",\"position\":1,\"name\":\"Portada\",\"item\":\"https:\\\/\\\/www.turismoaguarda.es\\\/gl\\\/\"},{\"@type\":\"ListItem\",\"position\":2,\"name\":\"O Monte Trega inicia as visitas regulares guiadas\"}]},{\"@type\":\"WebSite\",\"@id\":\"https:\\\/\\\/www.turismoaguarda.es\\\/#website\",\"url\":\"https:\\\/\\\/www.turismoaguarda.es\\\/\",\"name\":\"Turismo A Guarda\",\"description\":\"Informaci\u00f3n tur\u00edstica de A Guarda y alrededores.\",\"potentialAction\":[{\"@type\":\"SearchAction\",\"target\":{\"@type\":\"EntryPoint\",\"urlTemplate\":\"https:\\\/\\\/www.turismoaguarda.es\\\/?s={search_term_string}\"},\"query-input\":{\"@type\":\"PropertyValueSpecification\",\"valueRequired\":true,\"valueName\":\"search_term_string\"}}],\"inLanguage\":\"gl\"},{\"@type\":\"Person\",\"@id\":\"https:\\\/\\\/www.turismoaguarda.es\\\/#\\\/schema\\\/person\\\/a8b0c27ad7bcbb6c19799e934727508e\",\"name\":\"Prensa A Guarda\",\"image\":{\"@type\":\"ImageObject\",\"inLanguage\":\"gl\",\"@id\":\"https:\\\/\\\/secure.gravatar.com\\\/avatar\\\/387e117f874ba5d0a3439060b45d914395d77287b2e4890a49d1599fc3ef9189?s=96&d=mm&r=g\",\"url\":\"https:\\\/\\\/secure.gravatar.com\\\/avatar\\\/387e117f874ba5d0a3439060b45d914395d77287b2e4890a49d1599fc3ef9189?s=96&d=mm&r=g\",\"contentUrl\":\"https:\\\/\\\/secure.gravatar.com\\\/avatar\\\/387e117f874ba5d0a3439060b45d914395d77287b2e4890a49d1599fc3ef9189?s=96&d=mm&r=g\",\"caption\":\"Prensa A Guarda\"},\"url\":\"https:\\\/\\\/www.turismoaguarda.es\\\/gl\\\/author\\\/prensa\\\/\"}]}<\/script>\n<!-- \/ Yoast SEO plugin. -->","yoast_head_json":{"title":"O Monte Trega inicia as visitas regulares guiadas | Turismo A Guarda","description":"Para participar nas visitas guiadas \u00e9 preciso unha inscrici\u00f3n previa no tel\u00e9fono 690017038.","robots":{"index":"index","follow":"follow","max-snippet":"max-snippet:-1","max-image-preview":"max-image-preview:large","max-video-preview":"max-video-preview:-1"},"canonical":"https:\/\/www.turismoaguarda.es\/gl\/o-monte-trega-inicia-as-visitas-regulares-guiadas\/","og_locale":"en_US","og_type":"article","og_title":"O Monte Trega inicia as visitas regulares guiadas | Turismo A Guarda","og_description":"Para participar nas visitas guiadas \u00e9 preciso unha inscrici\u00f3n previa no tel\u00e9fono 690017038.","og_url":"https:\/\/www.turismoaguarda.es\/gl\/o-monte-trega-inicia-as-visitas-regulares-guiadas\/","og_site_name":"Turismo A Guarda","article_publisher":"https:\/\/es-es.facebook.com\/Turismo-A-Guarda-126223240790625\/","article_published_time":"2021-06-11T14:24:02+00:00","article_modified_time":"2021-06-11T14:42:25+00:00","og_image":[{"width":800,"height":1058,"url":"https:\/\/www.turismoaguarda.es\/wp-content\/uploads\/2021\/06\/A-3-VISITAS-GUIADAS.jpg","type":"image\/jpeg"}],"author":"Prensa A Guarda","twitter_card":"summary_large_image","twitter_creator":"@TurismoAGuarda","twitter_site":"@TurismoAGuarda","twitter_misc":{"Written by":"Prensa A Guarda","Est. reading time":"2 minutes"},"schema":{"@context":"https:\/\/schema.org","@graph":[{"@type":"Article","@id":"https:\/\/www.turismoaguarda.es\/gl\/o-monte-trega-inicia-as-visitas-regulares-guiadas\/#article","isPartOf":{"@id":"https:\/\/www.turismoaguarda.es\/gl\/o-monte-trega-inicia-as-visitas-regulares-guiadas\/"},"author":{"name":"Prensa A Guarda","@id":"https:\/\/www.turismoaguarda.es\/#\/schema\/person\/a8b0c27ad7bcbb6c19799e934727508e"},"headline":"O Monte Trega inicia as visitas regulares guiadas","datePublished":"2021-06-11T14:24:02+00:00","dateModified":"2021-06-11T14:42:25+00:00","mainEntityOfPage":{"@id":"https:\/\/www.turismoaguarda.es\/gl\/o-monte-trega-inicia-as-visitas-regulares-guiadas\/"},"wordCount":401,"commentCount":0,"image":{"@id":"https:\/\/www.turismoaguarda.es\/gl\/o-monte-trega-inicia-as-visitas-regulares-guiadas\/#primaryimage"},"thumbnailUrl":"https:\/\/www.turismoaguarda.es\/wp-content\/uploads\/2021\/06\/A-3-VISITAS-GUIADAS.jpg","keywords":["A Guarda","Santa Trega","ver\u00e1n 2021","visitas guiadas"],"articleSection":["Novas Turismo"],"inLanguage":"gl","potentialAction":[{"@type":"CommentAction","name":"Comment","target":["https:\/\/www.turismoaguarda.es\/gl\/o-monte-trega-inicia-as-visitas-regulares-guiadas\/#respond"]}]},{"@type":"WebPage","@id":"https:\/\/www.turismoaguarda.es\/gl\/o-monte-trega-inicia-as-visitas-regulares-guiadas\/","url":"https:\/\/www.turismoaguarda.es\/gl\/o-monte-trega-inicia-as-visitas-regulares-guiadas\/","name":"O Monte Trega inicia as visitas regulares guiadas | Turismo A Guarda","isPartOf":{"@id":"https:\/\/www.turismoaguarda.es\/#website"},"primaryImageOfPage":{"@id":"https:\/\/www.turismoaguarda.es\/gl\/o-monte-trega-inicia-as-visitas-regulares-guiadas\/#primaryimage"},"image":{"@id":"https:\/\/www.turismoaguarda.es\/gl\/o-monte-trega-inicia-as-visitas-regulares-guiadas\/#primaryimage"},"thumbnailUrl":"https:\/\/www.turismoaguarda.es\/wp-content\/uploads\/2021\/06\/A-3-VISITAS-GUIADAS.jpg","datePublished":"2021-06-11T14:24:02+00:00","dateModified":"2021-06-11T14:42:25+00:00","author":{"@id":"https:\/\/www.turismoaguarda.es\/#\/schema\/person\/a8b0c27ad7bcbb6c19799e934727508e"},"description":"Para participar nas visitas guiadas \u00e9 preciso unha inscrici\u00f3n previa no tel\u00e9fono 690017038.","breadcrumb":{"@id":"https:\/\/www.turismoaguarda.es\/gl\/o-monte-trega-inicia-as-visitas-regulares-guiadas\/#breadcrumb"},"inLanguage":"gl","potentialAction":[{"@type":"ReadAction","target":["https:\/\/www.turismoaguarda.es\/gl\/o-monte-trega-inicia-as-visitas-regulares-guiadas\/"]}]},{"@type":"ImageObject","inLanguage":"gl","@id":"https:\/\/www.turismoaguarda.es\/gl\/o-monte-trega-inicia-as-visitas-regulares-guiadas\/#primaryimage","url":"https:\/\/www.turismoaguarda.es\/wp-content\/uploads\/2021\/06\/A-3-VISITAS-GUIADAS.jpg","contentUrl":"https:\/\/www.turismoaguarda.es\/wp-content\/uploads\/2021\/06\/A-3-VISITAS-GUIADAS.jpg","width":800,"height":1058},{"@type":"BreadcrumbList","@id":"https:\/\/www.turismoaguarda.es\/gl\/o-monte-trega-inicia-as-visitas-regulares-guiadas\/#breadcrumb","itemListElement":[{"@type":"ListItem","position":1,"name":"Portada","item":"https:\/\/www.turismoaguarda.es\/gl\/"},{"@type":"ListItem","position":2,"name":"O Monte Trega inicia as visitas regulares guiadas"}]},{"@type":"WebSite","@id":"https:\/\/www.turismoaguarda.es\/#website","url":"https:\/\/www.turismoaguarda.es\/","name":"Turismo A Guarda","description":"Informaci\u00f3n tur\u00edstica de A Guarda y alrededores.","potentialAction":[{"@type":"SearchAction","target":{"@type":"EntryPoint","urlTemplate":"https:\/\/www.turismoaguarda.es\/?s={search_term_string}"},"query-input":{"@type":"PropertyValueSpecification","valueRequired":true,"valueName":"search_term_string"}}],"inLanguage":"gl"},{"@type":"Person","@id":"https:\/\/www.turismoaguarda.es\/#\/schema\/person\/a8b0c27ad7bcbb6c19799e934727508e","name":"Prensa A Guarda","image":{"@type":"ImageObject","inLanguage":"gl","@id":"https:\/\/secure.gravatar.com\/avatar\/387e117f874ba5d0a3439060b45d914395d77287b2e4890a49d1599fc3ef9189?s=96&d=mm&r=g","url":"https:\/\/secure.gravatar.com\/avatar\/387e117f874ba5d0a3439060b45d914395d77287b2e4890a49d1599fc3ef9189?s=96&d=mm&r=g","contentUrl":"https:\/\/secure.gravatar.com\/avatar\/387e117f874ba5d0a3439060b45d914395d77287b2e4890a49d1599fc3ef9189?s=96&d=mm&r=g","caption":"Prensa A Guarda"},"url":"https:\/\/www.turismoaguarda.es\/gl\/author\/prensa\/"}]}},"_links":{"self":[{"href":"https:\/\/www.turismoaguarda.es\/gl\/wp-json\/wp\/v2\/posts\/14400","targetHints":{"allow":["GET"]}}],"collection":[{"href":"https:\/\/www.turismoaguarda.es\/gl\/wp-json\/wp\/v2\/posts"}],"about":[{"href":"https:\/\/www.turismoaguarda.es\/gl\/wp-json\/wp\/v2\/types\/post"}],"author":[{"embeddable":true,"href":"https:\/\/www.turismoaguarda.es\/gl\/wp-json\/wp\/v2\/users\/11"}],"replies":[{"embeddable":true,"href":"https:\/\/www.turismoaguarda.es\/gl\/wp-json\/wp\/v2\/comments?post=14400"}],"version-history":[{"count":3,"href":"https:\/\/www.turismoaguarda.es\/gl\/wp-json\/wp\/v2\/posts\/14400\/revisions"}],"predecessor-version":[{"id":14406,"href":"https:\/\/www.turismoaguarda.es\/gl\/wp-json\/wp\/v2\/posts\/14400\/revisions\/14406"}],"wp:featuredmedia":[{"embeddable":true,"href":"https:\/\/www.turismoaguarda.es\/gl\/wp-json\/wp\/v2\/media\/14401"}],"wp:attachment":[{"href":"https:\/\/www.turismoaguarda.es\/gl\/wp-json\/wp\/v2\/media?parent=14400"}],"wp:term":[{"taxonomy":"category","embeddable":true,"href":"https:\/\/www.turismoaguarda.es\/gl\/wp-json\/wp\/v2\/categories?post=14400"},{"taxonomy":"post_tag","embeddable":true,"href":"https:\/\/www.turismoaguarda.es\/gl\/wp-json\/wp\/v2\/tags?post=14400"}],"curies":[{"name":"wp","href":"https:\/\/api.w.org\/{rel}","templated":true}]}}