{"id":14396,"date":"2021-06-10T21:33:11","date_gmt":"2021-06-10T19:33:11","guid":{"rendered":"https:\/\/www.turismoaguarda.es\/?p=14396"},"modified":"2021-06-10T22:14:37","modified_gmt":"2021-06-10T20:14:37","slug":"10-06-publicado-o-boletin-da-xunta-coas-novas-medidas-sanitarias-para-a-hostaleria","status":"publish","type":"post","link":"https:\/\/www.turismoaguarda.es\/gl\/10-06-publicado-o-boletin-da-xunta-coas-novas-medidas-sanitarias-para-a-hostaleria\/","title":{"rendered":"10\/06 Publicado o bolet\u00edn da Xunta coas novas medidas sanitarias para a hostaler\u00eda"},"content":{"rendered":"<p>Na tarde de hoxe publicouse o bolet\u00edn DOG da Xunta coa Orde da Conseller\u00eda de Sanidade onde se detallan as novas medidas sanitarias e que entran vigor o s\u00e1bado 12 de xu\u00f1o (\u00e1s 00.00h do venres ao s\u00e1bado):<\/p>\n<p><strong>\u2022 Mant\u00e9nse:<\/strong><\/p>\n<ul style=\"list-style-type: circle;\">\n<li>A Guarda, no nivel medio baixo (grupo D).<\/li>\n<li>Recollida no local e consumo a domicilio e reparto a domicilio ata as 01:00 horas.<\/li>\n<li>Prohibici\u00f3n do servizo en barra.<\/li>\n<li>Aforo no interior do 50% e en terraza do 75%.<\/li>\n<\/ul>\n<p><strong>\u2022 Modif\u00edcase:<\/strong><\/p>\n<ul>\n<li>Agrupaci\u00f3ns en hostaler\u00eda: ampl\u00edase de 10 a 15 persoas non conviventes en terraza (Para o interior mant\u00e9nse o m\u00e1ximo de 6 persoas non conviventes).<\/li>\n<li>Toda hostaler\u00eda poder\u00e1 abrir ata \u00e1s 1.00h cumprindo os requisitos:<br \/>\n-Non admitir clientes despois das 00.00h.<br \/>\n-Dispor dun medidor de CO2 que contar\u00e1 coa marcaci\u00f3n CE. A localizaci\u00f3n do medidor deber\u00e1 axustarse \u00e1s indicaci\u00f3ns t\u00e9cnicas aplicables e ter en conta o tama\u00f1o e a forma do espazo, as s\u00faas entradas de aire e o fluxo da ventilaci\u00f3n. Non se situar\u00e1n preto das xanelas, portas ou outros puntos de ventilaci\u00f3n.<\/li>\n<li>Recomendase o uso do medidor de CO2 aos establecementos de hostaler\u00eda a\u00ednda que non traballen a partir das 23.00h.<\/li>\n<li>Eliminase a prohibici\u00f3n de reuni\u00f3n de non conviventes entre \u00e1s 1:00 e 6:00 horas tanto en vivendas coma espazos p\u00fablicos. A\u00ednda que se recomenda continuar coas precauci\u00f3ns.<\/li>\n<li>Eliminase a limitaci\u00f3n nos grupos de persoas. Excepto en determinadas actividades coma a hostaler\u00eda.<\/li>\n<li>Mant\u00e9nse o aforo do 30% para os albergues pero s\u00ed poder\u00e1n ampliar a ocupaci\u00f3n dunha habitaci\u00f3n si o grupo \u00e9 un grupo burbulla acreditado.<\/li>\n<\/ul>\n<p><a href=\"https:\/\/www.xunta.gal\/dog\/Publicados\/excepcional\/2021\/20210610\/2668\/AnuncioC3K1-100621-17_gl.html\" target=\"_blank\" rel=\"noopener noreferrer\">DOG 109 BIS Conseller\u00eda de Sanidade_Orde do 10\/06\/2021<\/a><\/p>\n","protected":false},"excerpt":{"rendered":"<p>Na tarde de hoxe publicouse o bolet\u00edn DOG da Xunta coa Orde da Conseller\u00eda de Sanidade onde se detallan as novas medidas sanitarias e que entran vigor o s\u00e1bado 12 de xu\u00f1o (\u00e1s 00.00h do venres ao s\u00e1bado): \u2022 Mant\u00e9nse: A Guarda, no nivel medio baixo (grupo D). Recollida no local e consumo a domicilio<\/p>\n<div class=\"padding-top text-center\"><a href=\"https:\/\/www.turismoaguarda.es\/gl\/10-06-publicado-o-boletin-da-xunta-coas-novas-medidas-sanitarias-para-a-hostaleria\/\" class=\"atbtn atbtn--medium atbtn--rounded atbtn--transparent\">Leer m\u00e1is<i class=\"atbtn__icon atbtn__icon--right fa fa-long-arrow-right\"><\/i><\/a><\/div>\n","protected":false},"author":7,"featured_media":0,"comment_status":"open","ping_status":"open","sticky":false,"template":"","format":"standard","meta":{"footnotes":""},"categories":[1812],"tags":[],"class_list":["post-14396","post","type-post","status-publish","format-standard","hentry","category-novas-hostalaria"],"yoast_head":"<!-- This site is optimized with the Yoast SEO plugin v27.5 - https:\/\/yoast.com\/product\/yoast-seo-wordpress\/ -->\n<title>10\/06 Publicado o bolet\u00edn da Xunta coas novas medidas sanitarias para a hostaler\u00eda | Turismo A Guarda<\/title>\n<meta name=\"robots\" content=\"index, follow, max-snippet:-1, max-image-preview:large, max-video-preview:-1\" \/>\n<link rel=\"canonical\" href=\"https:\/\/www.turismoaguarda.es\/gl\/10-06-publicado-o-boletin-da-xunta-coas-novas-medidas-sanitarias-para-a-hostaleria\/\" \/>\n<meta property=\"og:locale\" content=\"en_US\" \/>\n<meta property=\"og:type\" content=\"article\" \/>\n<meta property=\"og:title\" content=\"10\/06 Publicado o bolet\u00edn da Xunta coas novas medidas sanitarias para a hostaler\u00eda | Turismo A Guarda\" \/>\n<meta property=\"og:description\" content=\"Na tarde de hoxe publicouse o bolet\u00edn DOG da Xunta coa Orde da Conseller\u00eda de Sanidade onde se detallan as novas medidas sanitarias e que entran vigor o s\u00e1bado 12 de xu\u00f1o (\u00e1s 00.00h do venres ao s\u00e1bado): \u2022 Mant\u00e9nse: A Guarda, no nivel medio baixo (grupo D). Recollida no local e consumo a domicilioLeer m\u00e1is\" \/>\n<meta property=\"og:url\" content=\"https:\/\/www.turismoaguarda.es\/gl\/10-06-publicado-o-boletin-da-xunta-coas-novas-medidas-sanitarias-para-a-hostaleria\/\" \/>\n<meta property=\"og:site_name\" content=\"Turismo A Guarda\" \/>\n<meta property=\"article:publisher\" content=\"https:\/\/es-es.facebook.com\/Turismo-A-Guarda-126223240790625\/\" \/>\n<meta property=\"article:published_time\" content=\"2021-06-10T19:33:11+00:00\" \/>\n<meta property=\"article:modified_time\" content=\"2021-06-10T20:14:37+00:00\" \/>\n<meta name=\"author\" content=\"Rosalia Verde\" \/>\n<meta name=\"twitter:card\" content=\"summary_large_image\" \/>\n<meta name=\"twitter:creator\" content=\"@TurismoAGuarda\" \/>\n<meta name=\"twitter:site\" content=\"@TurismoAGuarda\" \/>\n<meta name=\"twitter:label1\" content=\"Written by\" \/>\n\t<meta name=\"twitter:data1\" content=\"Rosalia Verde\" \/>\n\t<meta name=\"twitter:label2\" content=\"Est. reading time\" \/>\n\t<meta name=\"twitter:data2\" content=\"1 minute\" \/>\n<script type=\"application\/ld+json\" class=\"yoast-schema-graph\">{\"@context\":\"https:\\\/\\\/schema.org\",\"@graph\":[{\"@type\":\"Article\",\"@id\":\"https:\\\/\\\/www.turismoaguarda.es\\\/gl\\\/10-06-publicado-o-boletin-da-xunta-coas-novas-medidas-sanitarias-para-a-hostaleria\\\/#article\",\"isPartOf\":{\"@id\":\"https:\\\/\\\/www.turismoaguarda.es\\\/gl\\\/10-06-publicado-o-boletin-da-xunta-coas-novas-medidas-sanitarias-para-a-hostaleria\\\/\"},\"author\":{\"name\":\"Rosalia Verde\",\"@id\":\"https:\\\/\\\/www.turismoaguarda.es\\\/#\\\/schema\\\/person\\\/9282bb1649316a88a88b0eca34bd959b\"},\"headline\":\"10\\\/06 Publicado o bolet\u00edn da Xunta coas novas medidas sanitarias para a hostaler\u00eda\",\"datePublished\":\"2021-06-10T19:33:11+00:00\",\"dateModified\":\"2021-06-10T20:14:37+00:00\",\"mainEntityOfPage\":{\"@id\":\"https:\\\/\\\/www.turismoaguarda.es\\\/gl\\\/10-06-publicado-o-boletin-da-xunta-coas-novas-medidas-sanitarias-para-a-hostaleria\\\/\"},\"wordCount\":302,\"commentCount\":0,\"articleSection\":[\"Novas Hostalar\u00eda\"],\"inLanguage\":\"gl\",\"potentialAction\":[{\"@type\":\"CommentAction\",\"name\":\"Comment\",\"target\":[\"https:\\\/\\\/www.turismoaguarda.es\\\/gl\\\/10-06-publicado-o-boletin-da-xunta-coas-novas-medidas-sanitarias-para-a-hostaleria\\\/#respond\"]}]},{\"@type\":\"WebPage\",\"@id\":\"https:\\\/\\\/www.turismoaguarda.es\\\/gl\\\/10-06-publicado-o-boletin-da-xunta-coas-novas-medidas-sanitarias-para-a-hostaleria\\\/\",\"url\":\"https:\\\/\\\/www.turismoaguarda.es\\\/gl\\\/10-06-publicado-o-boletin-da-xunta-coas-novas-medidas-sanitarias-para-a-hostaleria\\\/\",\"name\":\"10\\\/06 Publicado o bolet\u00edn da Xunta coas novas medidas sanitarias para a hostaler\u00eda | Turismo A Guarda\",\"isPartOf\":{\"@id\":\"https:\\\/\\\/www.turismoaguarda.es\\\/#website\"},\"datePublished\":\"2021-06-10T19:33:11+00:00\",\"dateModified\":\"2021-06-10T20:14:37+00:00\",\"author\":{\"@id\":\"https:\\\/\\\/www.turismoaguarda.es\\\/#\\\/schema\\\/person\\\/9282bb1649316a88a88b0eca34bd959b\"},\"breadcrumb\":{\"@id\":\"https:\\\/\\\/www.turismoaguarda.es\\\/gl\\\/10-06-publicado-o-boletin-da-xunta-coas-novas-medidas-sanitarias-para-a-hostaleria\\\/#breadcrumb\"},\"inLanguage\":\"gl\",\"potentialAction\":[{\"@type\":\"ReadAction\",\"target\":[\"https:\\\/\\\/www.turismoaguarda.es\\\/gl\\\/10-06-publicado-o-boletin-da-xunta-coas-novas-medidas-sanitarias-para-a-hostaleria\\\/\"]}]},{\"@type\":\"BreadcrumbList\",\"@id\":\"https:\\\/\\\/www.turismoaguarda.es\\\/gl\\\/10-06-publicado-o-boletin-da-xunta-coas-novas-medidas-sanitarias-para-a-hostaleria\\\/#breadcrumb\",\"itemListElement\":[{\"@type\":\"ListItem\",\"position\":1,\"name\":\"Portada\",\"item\":\"https:\\\/\\\/www.turismoaguarda.es\\\/gl\\\/\"},{\"@type\":\"ListItem\",\"position\":2,\"name\":\"10\\\/06 Publicado o bolet\u00edn da Xunta coas novas medidas sanitarias para a hostaler\u00eda\"}]},{\"@type\":\"WebSite\",\"@id\":\"https:\\\/\\\/www.turismoaguarda.es\\\/#website\",\"url\":\"https:\\\/\\\/www.turismoaguarda.es\\\/\",\"name\":\"Turismo A Guarda\",\"description\":\"Informaci\u00f3n tur\u00edstica de A Guarda y alrededores.\",\"potentialAction\":[{\"@type\":\"SearchAction\",\"target\":{\"@type\":\"EntryPoint\",\"urlTemplate\":\"https:\\\/\\\/www.turismoaguarda.es\\\/?s={search_term_string}\"},\"query-input\":{\"@type\":\"PropertyValueSpecification\",\"valueRequired\":true,\"valueName\":\"search_term_string\"}}],\"inLanguage\":\"gl\"},{\"@type\":\"Person\",\"@id\":\"https:\\\/\\\/www.turismoaguarda.es\\\/#\\\/schema\\\/person\\\/9282bb1649316a88a88b0eca34bd959b\",\"name\":\"Rosalia Verde\",\"image\":{\"@type\":\"ImageObject\",\"inLanguage\":\"gl\",\"@id\":\"https:\\\/\\\/secure.gravatar.com\\\/avatar\\\/40761cb45c6464d3a83ebde1e1f3fa222726fcacc4d5b5048a7920608c99e0e5?s=96&d=mm&r=g\",\"url\":\"https:\\\/\\\/secure.gravatar.com\\\/avatar\\\/40761cb45c6464d3a83ebde1e1f3fa222726fcacc4d5b5048a7920608c99e0e5?s=96&d=mm&r=g\",\"contentUrl\":\"https:\\\/\\\/secure.gravatar.com\\\/avatar\\\/40761cb45c6464d3a83ebde1e1f3fa222726fcacc4d5b5048a7920608c99e0e5?s=96&d=mm&r=g\",\"caption\":\"Rosalia Verde\"},\"url\":\"https:\\\/\\\/www.turismoaguarda.es\\\/gl\\\/author\\\/rosalia\\\/\"}]}<\/script>\n<!-- \/ Yoast SEO plugin. -->","yoast_head_json":{"title":"10\/06 Publicado o bolet\u00edn da Xunta coas novas medidas sanitarias para a hostaler\u00eda | Turismo A Guarda","robots":{"index":"index","follow":"follow","max-snippet":"max-snippet:-1","max-image-preview":"max-image-preview:large","max-video-preview":"max-video-preview:-1"},"canonical":"https:\/\/www.turismoaguarda.es\/gl\/10-06-publicado-o-boletin-da-xunta-coas-novas-medidas-sanitarias-para-a-hostaleria\/","og_locale":"en_US","og_type":"article","og_title":"10\/06 Publicado o bolet\u00edn da Xunta coas novas medidas sanitarias para a hostaler\u00eda | Turismo A Guarda","og_description":"Na tarde de hoxe publicouse o bolet\u00edn DOG da Xunta coa Orde da Conseller\u00eda de Sanidade onde se detallan as novas medidas sanitarias e que entran vigor o s\u00e1bado 12 de xu\u00f1o (\u00e1s 00.00h do venres ao s\u00e1bado): \u2022 Mant\u00e9nse: A Guarda, no nivel medio baixo (grupo D). Recollida no local e consumo a domicilioLeer m\u00e1is","og_url":"https:\/\/www.turismoaguarda.es\/gl\/10-06-publicado-o-boletin-da-xunta-coas-novas-medidas-sanitarias-para-a-hostaleria\/","og_site_name":"Turismo A Guarda","article_publisher":"https:\/\/es-es.facebook.com\/Turismo-A-Guarda-126223240790625\/","article_published_time":"2021-06-10T19:33:11+00:00","article_modified_time":"2021-06-10T20:14:37+00:00","author":"Rosalia Verde","twitter_card":"summary_large_image","twitter_creator":"@TurismoAGuarda","twitter_site":"@TurismoAGuarda","twitter_misc":{"Written by":"Rosalia Verde","Est. reading time":"1 minute"},"schema":{"@context":"https:\/\/schema.org","@graph":[{"@type":"Article","@id":"https:\/\/www.turismoaguarda.es\/gl\/10-06-publicado-o-boletin-da-xunta-coas-novas-medidas-sanitarias-para-a-hostaleria\/#article","isPartOf":{"@id":"https:\/\/www.turismoaguarda.es\/gl\/10-06-publicado-o-boletin-da-xunta-coas-novas-medidas-sanitarias-para-a-hostaleria\/"},"author":{"name":"Rosalia Verde","@id":"https:\/\/www.turismoaguarda.es\/#\/schema\/person\/9282bb1649316a88a88b0eca34bd959b"},"headline":"10\/06 Publicado o bolet\u00edn da Xunta coas novas medidas sanitarias para a hostaler\u00eda","datePublished":"2021-06-10T19:33:11+00:00","dateModified":"2021-06-10T20:14:37+00:00","mainEntityOfPage":{"@id":"https:\/\/www.turismoaguarda.es\/gl\/10-06-publicado-o-boletin-da-xunta-coas-novas-medidas-sanitarias-para-a-hostaleria\/"},"wordCount":302,"commentCount":0,"articleSection":["Novas Hostalar\u00eda"],"inLanguage":"gl","potentialAction":[{"@type":"CommentAction","name":"Comment","target":["https:\/\/www.turismoaguarda.es\/gl\/10-06-publicado-o-boletin-da-xunta-coas-novas-medidas-sanitarias-para-a-hostaleria\/#respond"]}]},{"@type":"WebPage","@id":"https:\/\/www.turismoaguarda.es\/gl\/10-06-publicado-o-boletin-da-xunta-coas-novas-medidas-sanitarias-para-a-hostaleria\/","url":"https:\/\/www.turismoaguarda.es\/gl\/10-06-publicado-o-boletin-da-xunta-coas-novas-medidas-sanitarias-para-a-hostaleria\/","name":"10\/06 Publicado o bolet\u00edn da Xunta coas novas medidas sanitarias para a hostaler\u00eda | Turismo A Guarda","isPartOf":{"@id":"https:\/\/www.turismoaguarda.es\/#website"},"datePublished":"2021-06-10T19:33:11+00:00","dateModified":"2021-06-10T20:14:37+00:00","author":{"@id":"https:\/\/www.turismoaguarda.es\/#\/schema\/person\/9282bb1649316a88a88b0eca34bd959b"},"breadcrumb":{"@id":"https:\/\/www.turismoaguarda.es\/gl\/10-06-publicado-o-boletin-da-xunta-coas-novas-medidas-sanitarias-para-a-hostaleria\/#breadcrumb"},"inLanguage":"gl","potentialAction":[{"@type":"ReadAction","target":["https:\/\/www.turismoaguarda.es\/gl\/10-06-publicado-o-boletin-da-xunta-coas-novas-medidas-sanitarias-para-a-hostaleria\/"]}]},{"@type":"BreadcrumbList","@id":"https:\/\/www.turismoaguarda.es\/gl\/10-06-publicado-o-boletin-da-xunta-coas-novas-medidas-sanitarias-para-a-hostaleria\/#breadcrumb","itemListElement":[{"@type":"ListItem","position":1,"name":"Portada","item":"https:\/\/www.turismoaguarda.es\/gl\/"},{"@type":"ListItem","position":2,"name":"10\/06 Publicado o bolet\u00edn da Xunta coas novas medidas sanitarias para a hostaler\u00eda"}]},{"@type":"WebSite","@id":"https:\/\/www.turismoaguarda.es\/#website","url":"https:\/\/www.turismoaguarda.es\/","name":"Turismo A Guarda","description":"Informaci\u00f3n tur\u00edstica de A Guarda y alrededores.","potentialAction":[{"@type":"SearchAction","target":{"@type":"EntryPoint","urlTemplate":"https:\/\/www.turismoaguarda.es\/?s={search_term_string}"},"query-input":{"@type":"PropertyValueSpecification","valueRequired":true,"valueName":"search_term_string"}}],"inLanguage":"gl"},{"@type":"Person","@id":"https:\/\/www.turismoaguarda.es\/#\/schema\/person\/9282bb1649316a88a88b0eca34bd959b","name":"Rosalia Verde","image":{"@type":"ImageObject","inLanguage":"gl","@id":"https:\/\/secure.gravatar.com\/avatar\/40761cb45c6464d3a83ebde1e1f3fa222726fcacc4d5b5048a7920608c99e0e5?s=96&d=mm&r=g","url":"https:\/\/secure.gravatar.com\/avatar\/40761cb45c6464d3a83ebde1e1f3fa222726fcacc4d5b5048a7920608c99e0e5?s=96&d=mm&r=g","contentUrl":"https:\/\/secure.gravatar.com\/avatar\/40761cb45c6464d3a83ebde1e1f3fa222726fcacc4d5b5048a7920608c99e0e5?s=96&d=mm&r=g","caption":"Rosalia Verde"},"url":"https:\/\/www.turismoaguarda.es\/gl\/author\/rosalia\/"}]}},"_links":{"self":[{"href":"https:\/\/www.turismoaguarda.es\/gl\/wp-json\/wp\/v2\/posts\/14396","targetHints":{"allow":["GET"]}}],"collection":[{"href":"https:\/\/www.turismoaguarda.es\/gl\/wp-json\/wp\/v2\/posts"}],"about":[{"href":"https:\/\/www.turismoaguarda.es\/gl\/wp-json\/wp\/v2\/types\/post"}],"author":[{"embeddable":true,"href":"https:\/\/www.turismoaguarda.es\/gl\/wp-json\/wp\/v2\/users\/7"}],"replies":[{"embeddable":true,"href":"https:\/\/www.turismoaguarda.es\/gl\/wp-json\/wp\/v2\/comments?post=14396"}],"version-history":[{"count":3,"href":"https:\/\/www.turismoaguarda.es\/gl\/wp-json\/wp\/v2\/posts\/14396\/revisions"}],"predecessor-version":[{"id":14443,"href":"https:\/\/www.turismoaguarda.es\/gl\/wp-json\/wp\/v2\/posts\/14396\/revisions\/14443"}],"wp:attachment":[{"href":"https:\/\/www.turismoaguarda.es\/gl\/wp-json\/wp\/v2\/media?parent=14396"}],"wp:term":[{"taxonomy":"category","embeddable":true,"href":"https:\/\/www.turismoaguarda.es\/gl\/wp-json\/wp\/v2\/categories?post=14396"},{"taxonomy":"post_tag","embeddable":true,"href":"https:\/\/www.turismoaguarda.es\/gl\/wp-json\/wp\/v2\/tags?post=14396"}],"curies":[{"name":"wp","href":"https:\/\/api.w.org\/{rel}","templated":true}]}}