{"id":13991,"date":"2021-03-26T10:27:41","date_gmt":"2021-03-26T09:27:41","guid":{"rendered":"https:\/\/www.turismoaguarda.es\/?p=13991"},"modified":"2021-03-26T14:40:29","modified_gmt":"2021-03-26T13:40:29","slug":"a-guarda-presente-na-gala-anual-da-deputacion","status":"publish","type":"post","link":"https:\/\/www.turismoaguarda.es\/gl\/a-guarda-presente-na-gala-anual-da-deputacion\/","title":{"rendered":"A Guarda presente na Gala Anual de Turismo da Deputaci\u00f3n"},"content":{"rendered":"<p>O pasado m\u00e9rcores 24 marzo celebrouse no Auditorio Mar de Vigo a Gala Anual de Turismo da Deputaci\u00f3n de Pontevedra onde foron nomeados aos sete restaurantes Estrela Michelin da provincia como embaixadores de R\u00edas Baixas.<\/p>\n<p>Ademais esta Gala \u00e9 o evento para reco\u00f1ecer \u00e1s 136 empresas distinguidas co selo do Sistema Integrado de Calidade en Destinos Tur\u00edsticos (SICTED) dentro do destino Pontevedra-R\u00edas Baixas.<\/p>\n<p>O Alcalde da Guarda, Antonio Lomba, foi convidado para recoller o diploma de reco\u00f1ecemento ao compromiso para a mellora continuada da calidade das empresas tur\u00edsticas distinguidas. A Oficina de Turismo da Guarda e as praias de Area Grande e O Mu\u00ed\u00f1o renovaron o distintivo SICTED ata 2022 trala auditoria satisfactoria de agosto do ano pasado. Ademais no Concello da Guarda contamos con 10 establecementos tur\u00edsticos xa distinguidos ou que tam\u00e9n renovaron:<\/p>\n<p>Aloxamentos:<br \/>\n\u2022 Albergue O Peirao<br \/>\n\u2022 Camping Santa Tecla<br \/>\n\u2022 Hotel Apartamento Marouco<br \/>\n\u2022 Hotel Vila da Guarda<\/p>\n<p>Restaurantes:<br \/>\n\u2022 Casa de la Abuela<br \/>\n\u2022 Celtic<br \/>\n\u2022 O Cangrexal<br \/>\n\u2022 Marus\u00eda<br \/>\n\u2022 Xantar<\/p>\n<p>Bar:<br \/>\n\u2022 La Botica<\/p>\n<p><strong>O 31 de marzo remata o prazo de adhesi\u00f3n ao proxecto SICTED<\/strong> para este 2021 polo que si algunha empresa ou servizo est\u00e1 interesada pode contactar coa Oficina de Turismo da Guarda.<\/p>\n<p><strong>Sobre o distintivo<\/strong><br \/>\nA Deputaci\u00f3n de Pontevedra financia este proxecto na s\u00faa totalidade: adhesi\u00f3n, formaci\u00f3n, implantaci\u00f3n e avaliaci\u00f3n. Ademais a Xunta punt\u00faa este distintivo de calidade na valoraci\u00f3n de m\u00e9ritos de axudas e subvenci\u00f3ns.<\/p>\n<p>O SICTED \u00e9 un proxecto de mellora da calidade dos destinos tur\u00edsticos promovido pola Secretar\u00eda de Estado de Turismo e a Federaci\u00f3n Espa\u00f1ola de Municipios e Provincias (FEMP). Traballa con empresas e servizos de ata 33 oficios diferentes co obxectivo de mellorar a experiencia e a satisfacci\u00f3n dos e das turistas. Para logralo, o sistema ofrece \u00e1s empresas e servizos adheridos un plan de formaci\u00f3n, asistencia t\u00e9cnica, obradoiros, grupos de traballo e manuais de boas pr\u00e1cticas.<\/p>\n<p>A obtenci\u00f3n do distintivo SICTED implica o cumprimento dos requisitos fixados, e da conta do esforzo e o compromiso coa calidade e a mellora continua, \u00e1 vez que distingue ao establecemento fronte \u00e1 competencia. O certificado ten validez bienal, a\u00ednda que precisa dunha evaluaci\u00f3n anual de seguimento.<\/p>\n","protected":false},"excerpt":{"rendered":"<p>O pasado m\u00e9rcores 24 marzo celebrouse no Auditorio Mar de Vigo a Gala Anual de Turismo da Deputaci\u00f3n de Pontevedra onde foron nomeados aos sete restaurantes Estrela Michelin da provincia como embaixadores de R\u00edas Baixas. Ademais esta Gala \u00e9 o evento para reco\u00f1ecer \u00e1s 136 empresas distinguidas co selo do Sistema Integrado de Calidade en<\/p>\n<div class=\"padding-top text-center\"><a href=\"https:\/\/www.turismoaguarda.es\/gl\/a-guarda-presente-na-gala-anual-da-deputacion\/\" class=\"atbtn atbtn--medium atbtn--rounded atbtn--transparent\">Leer m\u00e1is<i class=\"atbtn__icon atbtn__icon--right fa fa-long-arrow-right\"><\/i><\/a><\/div>\n","protected":false},"author":11,"featured_media":13992,"comment_status":"open","ping_status":"open","sticky":false,"template":"","format":"standard","meta":{"footnotes":""},"categories":[94],"tags":[170,524,1861],"class_list":["post-13991","post","type-post","status-publish","format-standard","has-post-thumbnail","hentry","category-novas-turismo","tag-a-guarda-gl","tag-deputacion-de-pontevedra-gl","tag-gala-do-turismo"],"yoast_head":"<!-- This site is optimized with the Yoast SEO plugin v27.5 - https:\/\/yoast.com\/product\/yoast-seo-wordpress\/ -->\n<title>A Guarda presente na Gala Anual de Turismo da Deputaci\u00f3n | Turismo A Guarda<\/title>\n<meta name=\"robots\" content=\"index, follow, max-snippet:-1, max-image-preview:large, max-video-preview:-1\" \/>\n<link rel=\"canonical\" href=\"https:\/\/www.turismoaguarda.es\/gl\/a-guarda-presente-na-gala-anual-da-deputacion\/\" \/>\n<meta property=\"og:locale\" content=\"en_US\" \/>\n<meta property=\"og:type\" content=\"article\" \/>\n<meta property=\"og:title\" content=\"A Guarda presente na Gala Anual de Turismo da Deputaci\u00f3n | Turismo A Guarda\" \/>\n<meta property=\"og:description\" content=\"O pasado m\u00e9rcores 24 marzo celebrouse no Auditorio Mar de Vigo a Gala Anual de Turismo da Deputaci\u00f3n de Pontevedra onde foron nomeados aos sete restaurantes Estrela Michelin da provincia como embaixadores de R\u00edas Baixas. Ademais esta Gala \u00e9 o evento para reco\u00f1ecer \u00e1s 136 empresas distinguidas co selo do Sistema Integrado de Calidade enLeer m\u00e1is\" \/>\n<meta property=\"og:url\" content=\"https:\/\/www.turismoaguarda.es\/gl\/a-guarda-presente-na-gala-anual-da-deputacion\/\" \/>\n<meta property=\"og:site_name\" content=\"Turismo A Guarda\" \/>\n<meta property=\"article:publisher\" content=\"https:\/\/es-es.facebook.com\/Turismo-A-Guarda-126223240790625\/\" \/>\n<meta property=\"article:published_time\" content=\"2021-03-26T09:27:41+00:00\" \/>\n<meta property=\"article:modified_time\" content=\"2021-03-26T13:40:29+00:00\" \/>\n<meta property=\"og:image\" content=\"https:\/\/www.turismoaguarda.es\/wp-content\/uploads\/2021\/03\/WEB.jpg\" \/>\n\t<meta property=\"og:image:width\" content=\"1600\" \/>\n\t<meta property=\"og:image:height\" content=\"900\" \/>\n\t<meta property=\"og:image:type\" content=\"image\/jpeg\" \/>\n<meta name=\"author\" content=\"Prensa A Guarda\" \/>\n<meta name=\"twitter:card\" content=\"summary_large_image\" \/>\n<meta name=\"twitter:creator\" content=\"@TurismoAGuarda\" \/>\n<meta name=\"twitter:site\" content=\"@TurismoAGuarda\" \/>\n<meta name=\"twitter:label1\" content=\"Written by\" \/>\n\t<meta name=\"twitter:data1\" content=\"Prensa A Guarda\" \/>\n\t<meta name=\"twitter:label2\" content=\"Est. reading time\" \/>\n\t<meta name=\"twitter:data2\" content=\"2 minutes\" \/>\n<script type=\"application\/ld+json\" class=\"yoast-schema-graph\">{\"@context\":\"https:\\\/\\\/schema.org\",\"@graph\":[{\"@type\":\"Article\",\"@id\":\"https:\\\/\\\/www.turismoaguarda.es\\\/gl\\\/a-guarda-presente-na-gala-anual-da-deputacion\\\/#article\",\"isPartOf\":{\"@id\":\"https:\\\/\\\/www.turismoaguarda.es\\\/gl\\\/a-guarda-presente-na-gala-anual-da-deputacion\\\/\"},\"author\":{\"name\":\"Prensa A Guarda\",\"@id\":\"https:\\\/\\\/www.turismoaguarda.es\\\/#\\\/schema\\\/person\\\/a8b0c27ad7bcbb6c19799e934727508e\"},\"headline\":\"A Guarda presente na Gala Anual de Turismo da Deputaci\u00f3n\",\"datePublished\":\"2021-03-26T09:27:41+00:00\",\"dateModified\":\"2021-03-26T13:40:29+00:00\",\"mainEntityOfPage\":{\"@id\":\"https:\\\/\\\/www.turismoaguarda.es\\\/gl\\\/a-guarda-presente-na-gala-anual-da-deputacion\\\/\"},\"wordCount\":384,\"commentCount\":0,\"image\":{\"@id\":\"https:\\\/\\\/www.turismoaguarda.es\\\/gl\\\/a-guarda-presente-na-gala-anual-da-deputacion\\\/#primaryimage\"},\"thumbnailUrl\":\"https:\\\/\\\/www.turismoaguarda.es\\\/wp-content\\\/uploads\\\/2021\\\/03\\\/WEB.jpg\",\"keywords\":[\"A Guarda\",\"DEputaci\u00f3n de Pontevedra\",\"gala do turismo\"],\"articleSection\":[\"Novas Turismo\"],\"inLanguage\":\"gl\",\"potentialAction\":[{\"@type\":\"CommentAction\",\"name\":\"Comment\",\"target\":[\"https:\\\/\\\/www.turismoaguarda.es\\\/gl\\\/a-guarda-presente-na-gala-anual-da-deputacion\\\/#respond\"]}]},{\"@type\":\"WebPage\",\"@id\":\"https:\\\/\\\/www.turismoaguarda.es\\\/gl\\\/a-guarda-presente-na-gala-anual-da-deputacion\\\/\",\"url\":\"https:\\\/\\\/www.turismoaguarda.es\\\/gl\\\/a-guarda-presente-na-gala-anual-da-deputacion\\\/\",\"name\":\"A Guarda presente na Gala Anual de Turismo da Deputaci\u00f3n | Turismo A Guarda\",\"isPartOf\":{\"@id\":\"https:\\\/\\\/www.turismoaguarda.es\\\/#website\"},\"primaryImageOfPage\":{\"@id\":\"https:\\\/\\\/www.turismoaguarda.es\\\/gl\\\/a-guarda-presente-na-gala-anual-da-deputacion\\\/#primaryimage\"},\"image\":{\"@id\":\"https:\\\/\\\/www.turismoaguarda.es\\\/gl\\\/a-guarda-presente-na-gala-anual-da-deputacion\\\/#primaryimage\"},\"thumbnailUrl\":\"https:\\\/\\\/www.turismoaguarda.es\\\/wp-content\\\/uploads\\\/2021\\\/03\\\/WEB.jpg\",\"datePublished\":\"2021-03-26T09:27:41+00:00\",\"dateModified\":\"2021-03-26T13:40:29+00:00\",\"author\":{\"@id\":\"https:\\\/\\\/www.turismoaguarda.es\\\/#\\\/schema\\\/person\\\/a8b0c27ad7bcbb6c19799e934727508e\"},\"breadcrumb\":{\"@id\":\"https:\\\/\\\/www.turismoaguarda.es\\\/gl\\\/a-guarda-presente-na-gala-anual-da-deputacion\\\/#breadcrumb\"},\"inLanguage\":\"gl\",\"potentialAction\":[{\"@type\":\"ReadAction\",\"target\":[\"https:\\\/\\\/www.turismoaguarda.es\\\/gl\\\/a-guarda-presente-na-gala-anual-da-deputacion\\\/\"]}]},{\"@type\":\"ImageObject\",\"inLanguage\":\"gl\",\"@id\":\"https:\\\/\\\/www.turismoaguarda.es\\\/gl\\\/a-guarda-presente-na-gala-anual-da-deputacion\\\/#primaryimage\",\"url\":\"https:\\\/\\\/www.turismoaguarda.es\\\/wp-content\\\/uploads\\\/2021\\\/03\\\/WEB.jpg\",\"contentUrl\":\"https:\\\/\\\/www.turismoaguarda.es\\\/wp-content\\\/uploads\\\/2021\\\/03\\\/WEB.jpg\",\"width\":1600,\"height\":900},{\"@type\":\"BreadcrumbList\",\"@id\":\"https:\\\/\\\/www.turismoaguarda.es\\\/gl\\\/a-guarda-presente-na-gala-anual-da-deputacion\\\/#breadcrumb\",\"itemListElement\":[{\"@type\":\"ListItem\",\"position\":1,\"name\":\"Portada\",\"item\":\"https:\\\/\\\/www.turismoaguarda.es\\\/gl\\\/\"},{\"@type\":\"ListItem\",\"position\":2,\"name\":\"A Guarda presente na Gala Anual de Turismo da Deputaci\u00f3n\"}]},{\"@type\":\"WebSite\",\"@id\":\"https:\\\/\\\/www.turismoaguarda.es\\\/#website\",\"url\":\"https:\\\/\\\/www.turismoaguarda.es\\\/\",\"name\":\"Turismo A Guarda\",\"description\":\"Informaci\u00f3n tur\u00edstica de A Guarda y alrededores.\",\"potentialAction\":[{\"@type\":\"SearchAction\",\"target\":{\"@type\":\"EntryPoint\",\"urlTemplate\":\"https:\\\/\\\/www.turismoaguarda.es\\\/?s={search_term_string}\"},\"query-input\":{\"@type\":\"PropertyValueSpecification\",\"valueRequired\":true,\"valueName\":\"search_term_string\"}}],\"inLanguage\":\"gl\"},{\"@type\":\"Person\",\"@id\":\"https:\\\/\\\/www.turismoaguarda.es\\\/#\\\/schema\\\/person\\\/a8b0c27ad7bcbb6c19799e934727508e\",\"name\":\"Prensa A Guarda\",\"image\":{\"@type\":\"ImageObject\",\"inLanguage\":\"gl\",\"@id\":\"https:\\\/\\\/secure.gravatar.com\\\/avatar\\\/387e117f874ba5d0a3439060b45d914395d77287b2e4890a49d1599fc3ef9189?s=96&d=mm&r=g\",\"url\":\"https:\\\/\\\/secure.gravatar.com\\\/avatar\\\/387e117f874ba5d0a3439060b45d914395d77287b2e4890a49d1599fc3ef9189?s=96&d=mm&r=g\",\"contentUrl\":\"https:\\\/\\\/secure.gravatar.com\\\/avatar\\\/387e117f874ba5d0a3439060b45d914395d77287b2e4890a49d1599fc3ef9189?s=96&d=mm&r=g\",\"caption\":\"Prensa A Guarda\"},\"url\":\"https:\\\/\\\/www.turismoaguarda.es\\\/gl\\\/author\\\/prensa\\\/\"}]}<\/script>\n<!-- \/ Yoast SEO plugin. -->","yoast_head_json":{"title":"A Guarda presente na Gala Anual de Turismo da Deputaci\u00f3n | Turismo A Guarda","robots":{"index":"index","follow":"follow","max-snippet":"max-snippet:-1","max-image-preview":"max-image-preview:large","max-video-preview":"max-video-preview:-1"},"canonical":"https:\/\/www.turismoaguarda.es\/gl\/a-guarda-presente-na-gala-anual-da-deputacion\/","og_locale":"en_US","og_type":"article","og_title":"A Guarda presente na Gala Anual de Turismo da Deputaci\u00f3n | Turismo A Guarda","og_description":"O pasado m\u00e9rcores 24 marzo celebrouse no Auditorio Mar de Vigo a Gala Anual de Turismo da Deputaci\u00f3n de Pontevedra onde foron nomeados aos sete restaurantes Estrela Michelin da provincia como embaixadores de R\u00edas Baixas. Ademais esta Gala \u00e9 o evento para reco\u00f1ecer \u00e1s 136 empresas distinguidas co selo do Sistema Integrado de Calidade enLeer m\u00e1is","og_url":"https:\/\/www.turismoaguarda.es\/gl\/a-guarda-presente-na-gala-anual-da-deputacion\/","og_site_name":"Turismo A Guarda","article_publisher":"https:\/\/es-es.facebook.com\/Turismo-A-Guarda-126223240790625\/","article_published_time":"2021-03-26T09:27:41+00:00","article_modified_time":"2021-03-26T13:40:29+00:00","og_image":[{"width":1600,"height":900,"url":"https:\/\/www.turismoaguarda.es\/wp-content\/uploads\/2021\/03\/WEB.jpg","type":"image\/jpeg"}],"author":"Prensa A Guarda","twitter_card":"summary_large_image","twitter_creator":"@TurismoAGuarda","twitter_site":"@TurismoAGuarda","twitter_misc":{"Written by":"Prensa A Guarda","Est. reading time":"2 minutes"},"schema":{"@context":"https:\/\/schema.org","@graph":[{"@type":"Article","@id":"https:\/\/www.turismoaguarda.es\/gl\/a-guarda-presente-na-gala-anual-da-deputacion\/#article","isPartOf":{"@id":"https:\/\/www.turismoaguarda.es\/gl\/a-guarda-presente-na-gala-anual-da-deputacion\/"},"author":{"name":"Prensa A Guarda","@id":"https:\/\/www.turismoaguarda.es\/#\/schema\/person\/a8b0c27ad7bcbb6c19799e934727508e"},"headline":"A Guarda presente na Gala Anual de Turismo da Deputaci\u00f3n","datePublished":"2021-03-26T09:27:41+00:00","dateModified":"2021-03-26T13:40:29+00:00","mainEntityOfPage":{"@id":"https:\/\/www.turismoaguarda.es\/gl\/a-guarda-presente-na-gala-anual-da-deputacion\/"},"wordCount":384,"commentCount":0,"image":{"@id":"https:\/\/www.turismoaguarda.es\/gl\/a-guarda-presente-na-gala-anual-da-deputacion\/#primaryimage"},"thumbnailUrl":"https:\/\/www.turismoaguarda.es\/wp-content\/uploads\/2021\/03\/WEB.jpg","keywords":["A Guarda","DEputaci\u00f3n de Pontevedra","gala do turismo"],"articleSection":["Novas Turismo"],"inLanguage":"gl","potentialAction":[{"@type":"CommentAction","name":"Comment","target":["https:\/\/www.turismoaguarda.es\/gl\/a-guarda-presente-na-gala-anual-da-deputacion\/#respond"]}]},{"@type":"WebPage","@id":"https:\/\/www.turismoaguarda.es\/gl\/a-guarda-presente-na-gala-anual-da-deputacion\/","url":"https:\/\/www.turismoaguarda.es\/gl\/a-guarda-presente-na-gala-anual-da-deputacion\/","name":"A Guarda presente na Gala Anual de Turismo da Deputaci\u00f3n | Turismo A Guarda","isPartOf":{"@id":"https:\/\/www.turismoaguarda.es\/#website"},"primaryImageOfPage":{"@id":"https:\/\/www.turismoaguarda.es\/gl\/a-guarda-presente-na-gala-anual-da-deputacion\/#primaryimage"},"image":{"@id":"https:\/\/www.turismoaguarda.es\/gl\/a-guarda-presente-na-gala-anual-da-deputacion\/#primaryimage"},"thumbnailUrl":"https:\/\/www.turismoaguarda.es\/wp-content\/uploads\/2021\/03\/WEB.jpg","datePublished":"2021-03-26T09:27:41+00:00","dateModified":"2021-03-26T13:40:29+00:00","author":{"@id":"https:\/\/www.turismoaguarda.es\/#\/schema\/person\/a8b0c27ad7bcbb6c19799e934727508e"},"breadcrumb":{"@id":"https:\/\/www.turismoaguarda.es\/gl\/a-guarda-presente-na-gala-anual-da-deputacion\/#breadcrumb"},"inLanguage":"gl","potentialAction":[{"@type":"ReadAction","target":["https:\/\/www.turismoaguarda.es\/gl\/a-guarda-presente-na-gala-anual-da-deputacion\/"]}]},{"@type":"ImageObject","inLanguage":"gl","@id":"https:\/\/www.turismoaguarda.es\/gl\/a-guarda-presente-na-gala-anual-da-deputacion\/#primaryimage","url":"https:\/\/www.turismoaguarda.es\/wp-content\/uploads\/2021\/03\/WEB.jpg","contentUrl":"https:\/\/www.turismoaguarda.es\/wp-content\/uploads\/2021\/03\/WEB.jpg","width":1600,"height":900},{"@type":"BreadcrumbList","@id":"https:\/\/www.turismoaguarda.es\/gl\/a-guarda-presente-na-gala-anual-da-deputacion\/#breadcrumb","itemListElement":[{"@type":"ListItem","position":1,"name":"Portada","item":"https:\/\/www.turismoaguarda.es\/gl\/"},{"@type":"ListItem","position":2,"name":"A Guarda presente na Gala Anual de Turismo da Deputaci\u00f3n"}]},{"@type":"WebSite","@id":"https:\/\/www.turismoaguarda.es\/#website","url":"https:\/\/www.turismoaguarda.es\/","name":"Turismo A Guarda","description":"Informaci\u00f3n tur\u00edstica de A Guarda y alrededores.","potentialAction":[{"@type":"SearchAction","target":{"@type":"EntryPoint","urlTemplate":"https:\/\/www.turismoaguarda.es\/?s={search_term_string}"},"query-input":{"@type":"PropertyValueSpecification","valueRequired":true,"valueName":"search_term_string"}}],"inLanguage":"gl"},{"@type":"Person","@id":"https:\/\/www.turismoaguarda.es\/#\/schema\/person\/a8b0c27ad7bcbb6c19799e934727508e","name":"Prensa A Guarda","image":{"@type":"ImageObject","inLanguage":"gl","@id":"https:\/\/secure.gravatar.com\/avatar\/387e117f874ba5d0a3439060b45d914395d77287b2e4890a49d1599fc3ef9189?s=96&d=mm&r=g","url":"https:\/\/secure.gravatar.com\/avatar\/387e117f874ba5d0a3439060b45d914395d77287b2e4890a49d1599fc3ef9189?s=96&d=mm&r=g","contentUrl":"https:\/\/secure.gravatar.com\/avatar\/387e117f874ba5d0a3439060b45d914395d77287b2e4890a49d1599fc3ef9189?s=96&d=mm&r=g","caption":"Prensa A Guarda"},"url":"https:\/\/www.turismoaguarda.es\/gl\/author\/prensa\/"}]}},"_links":{"self":[{"href":"https:\/\/www.turismoaguarda.es\/gl\/wp-json\/wp\/v2\/posts\/13991","targetHints":{"allow":["GET"]}}],"collection":[{"href":"https:\/\/www.turismoaguarda.es\/gl\/wp-json\/wp\/v2\/posts"}],"about":[{"href":"https:\/\/www.turismoaguarda.es\/gl\/wp-json\/wp\/v2\/types\/post"}],"author":[{"embeddable":true,"href":"https:\/\/www.turismoaguarda.es\/gl\/wp-json\/wp\/v2\/users\/11"}],"replies":[{"embeddable":true,"href":"https:\/\/www.turismoaguarda.es\/gl\/wp-json\/wp\/v2\/comments?post=13991"}],"version-history":[{"count":2,"href":"https:\/\/www.turismoaguarda.es\/gl\/wp-json\/wp\/v2\/posts\/13991\/revisions"}],"predecessor-version":[{"id":14001,"href":"https:\/\/www.turismoaguarda.es\/gl\/wp-json\/wp\/v2\/posts\/13991\/revisions\/14001"}],"wp:featuredmedia":[{"embeddable":true,"href":"https:\/\/www.turismoaguarda.es\/gl\/wp-json\/wp\/v2\/media\/13992"}],"wp:attachment":[{"href":"https:\/\/www.turismoaguarda.es\/gl\/wp-json\/wp\/v2\/media?parent=13991"}],"wp:term":[{"taxonomy":"category","embeddable":true,"href":"https:\/\/www.turismoaguarda.es\/gl\/wp-json\/wp\/v2\/categories?post=13991"},{"taxonomy":"post_tag","embeddable":true,"href":"https:\/\/www.turismoaguarda.es\/gl\/wp-json\/wp\/v2\/tags?post=13991"}],"curies":[{"name":"wp","href":"https:\/\/api.w.org\/{rel}","templated":true}]}}