{"id":13966,"date":"2021-03-18T09:52:15","date_gmt":"2021-03-18T08:52:15","guid":{"rendered":"https:\/\/www.turismoaguarda.es\/?p=13966"},"modified":"2021-03-18T09:52:15","modified_gmt":"2021-03-18T08:52:15","slug":"a-guarda-convida-a-visitar-o-masat-e-museo-do-mar","status":"publish","type":"post","link":"https:\/\/www.turismoaguarda.es\/gl\/a-guarda-convida-a-visitar-o-masat-e-museo-do-mar\/","title":{"rendered":"A Guarda convida a visitar o MASAT e Museo do Mar"},"content":{"rendered":"<p>\u2022 Os Museos da Guarda pres\u00e9ntanse coma unha boa alternativa cultural e tur\u00edstica para esta longa fin de semana<\/p>\n<p>Museo Arqueol\u00f3xico Santa Trega (MASAT)<\/p>\n<p>O Museo Arqueol\u00f3xico de Sta. Trega (MASAT) ocupa o edificio dese\u00f1ado como restaurante polo arquitecto porri\u00f1\u00e9s Antonio Palacios. Por subscrici\u00f3n popular a Sociedade pro Monte compra e adapta o inmoble inaugurado como Museo en 1953 e no que se depositaron os materiais almacenados ata ese momento nun c\u00e9ntrico local da Guarda. Ofrece o MASAT unha completa colecci\u00f3n de labras e esv\u00e1sticas, de moedas romanas, de obxectos cer\u00e1micos, vidro\u2026 e como pezas singulares destacan un espl\u00e9ndido remate de torques decorado con finas filigranas e o cabez\u00f3n do Trega, o achado m\u00e1is emblem\u00e1tico das escavaci\u00f3ns realizadas recentemente.<br \/>\nHorario:<br \/>\nDe martes a domingo:<br \/>\nDo 15\/03 ao 31\/03: de 10:00h a 19:00h<br \/>\nDo 1\/04 ao 30\/06: 10:00h a 20:00h<br \/>\nTarifa actual de acceso ao Monte Santa Trega (incl\u00fae o acceso ao MASAT):<br \/>\n1 \u20ac adultos<br \/>\n0.50 \u20ac menores de 14 anos<\/p>\n<p>Museo do Mar<br \/>\nO Museo do Mar at\u00f3pase no Porto da Guarda, nunha atalaia ao final do paseo mar\u00edtimo e conta con d\u00faas colecci\u00f3ns: unha etnogr\u00e1fica cunha mostra das antigas artes de pesca e os seus aparellos e outra malacol\u00f3gica, cunha selecci\u00f3n de cunchas de mar procedentes de todo o mundo.<br \/>\nUnha parte do patrimonio inmaterial est\u00e1 recollido en v\u00eddeos editados polo Concello: \u201cXentes do mar\u201d, \u201cLendas de mar\u201d, \u201cMulleres do mar\u201d e \u201cTesouros vivos\u201d.<br \/>\nTasas de acceso:<br \/>\nHorario:<br \/>\nS\u00e1bados, domingos e festivos:<br \/>\nDe 11:00h a 14:00h e de 16:00h a 19:00h.<br \/>\nTarifas:<br \/>\n1\u20ac Adultos<br \/>\n0,50\u20ac menores de 14 anos<\/p>\n","protected":false},"excerpt":{"rendered":"<p>\u2022 Os Museos da Guarda pres\u00e9ntanse coma unha boa alternativa cultural e tur\u00edstica para esta longa fin de semana Museo Arqueol\u00f3xico Santa Trega (MASAT) O Museo Arqueol\u00f3xico de Sta. Trega (MASAT) ocupa o edificio dese\u00f1ado como restaurante polo arquitecto porri\u00f1\u00e9s Antonio Palacios. Por subscrici\u00f3n popular a Sociedade pro Monte compra e adapta o inmoble inaugurado<\/p>\n<div class=\"padding-top text-center\"><a href=\"https:\/\/www.turismoaguarda.es\/gl\/a-guarda-convida-a-visitar-o-masat-e-museo-do-mar\/\" class=\"atbtn atbtn--medium atbtn--rounded atbtn--transparent\">Leer m\u00e1is<i class=\"atbtn__icon atbtn__icon--right fa fa-long-arrow-right\"><\/i><\/a><\/div>\n","protected":false},"author":11,"featured_media":13967,"comment_status":"open","ping_status":"open","sticky":false,"template":"","format":"standard","meta":{"footnotes":""},"categories":[186],"tags":[170,214,187,1635,171],"class_list":["post-13966","post","type-post","status-publish","format-standard","has-post-thumbnail","hentry","category-noticias-museos-gl","tag-a-guarda-gl","tag-cultura-gl","tag-masat-gl","tag-museo-do-mar-3","tag-turismo-gl"],"yoast_head":"<!-- This site is optimized with the Yoast SEO plugin v27.5 - https:\/\/yoast.com\/product\/yoast-seo-wordpress\/ -->\n<title>A Guarda convida a visitar o MASAT e Museo do Mar | Turismo A Guarda<\/title>\n<meta name=\"robots\" content=\"index, follow, max-snippet:-1, max-image-preview:large, max-video-preview:-1\" \/>\n<link rel=\"canonical\" href=\"https:\/\/www.turismoaguarda.es\/gl\/a-guarda-convida-a-visitar-o-masat-e-museo-do-mar\/\" \/>\n<meta property=\"og:locale\" content=\"en_US\" \/>\n<meta property=\"og:type\" content=\"article\" \/>\n<meta property=\"og:title\" content=\"A Guarda convida a visitar o MASAT e Museo do Mar | Turismo A Guarda\" \/>\n<meta property=\"og:description\" content=\"\u2022 Os Museos da Guarda pres\u00e9ntanse coma unha boa alternativa cultural e tur\u00edstica para esta longa fin de semana Museo Arqueol\u00f3xico Santa Trega (MASAT) O Museo Arqueol\u00f3xico de Sta. Trega (MASAT) ocupa o edificio dese\u00f1ado como restaurante polo arquitecto porri\u00f1\u00e9s Antonio Palacios. Por subscrici\u00f3n popular a Sociedade pro Monte compra e adapta o inmoble inauguradoLeer m\u00e1is\" \/>\n<meta property=\"og:url\" content=\"https:\/\/www.turismoaguarda.es\/gl\/a-guarda-convida-a-visitar-o-masat-e-museo-do-mar\/\" \/>\n<meta property=\"og:site_name\" content=\"Turismo A Guarda\" \/>\n<meta property=\"article:publisher\" content=\"https:\/\/es-es.facebook.com\/Turismo-A-Guarda-126223240790625\/\" \/>\n<meta property=\"article:published_time\" content=\"2021-03-18T08:52:15+00:00\" \/>\n<meta property=\"og:image\" content=\"https:\/\/www.turismoaguarda.es\/wp-content\/uploads\/2021\/03\/NP-18032021-A-Guarda-convida-a-visitar-o-MASAT-e-Museo-do-Mar-1.jpg\" \/>\n\t<meta property=\"og:image:width\" content=\"800\" \/>\n\t<meta property=\"og:image:height\" content=\"800\" \/>\n\t<meta property=\"og:image:type\" content=\"image\/jpeg\" \/>\n<meta name=\"author\" content=\"Prensa A Guarda\" \/>\n<meta name=\"twitter:card\" content=\"summary_large_image\" \/>\n<meta name=\"twitter:creator\" content=\"@TurismoAGuarda\" \/>\n<meta name=\"twitter:site\" content=\"@TurismoAGuarda\" \/>\n<meta name=\"twitter:label1\" content=\"Written by\" \/>\n\t<meta name=\"twitter:data1\" content=\"Prensa A Guarda\" \/>\n\t<meta name=\"twitter:label2\" content=\"Est. reading time\" \/>\n\t<meta name=\"twitter:data2\" content=\"1 minute\" \/>\n<script type=\"application\/ld+json\" class=\"yoast-schema-graph\">{\"@context\":\"https:\\\/\\\/schema.org\",\"@graph\":[{\"@type\":\"Article\",\"@id\":\"https:\\\/\\\/www.turismoaguarda.es\\\/gl\\\/a-guarda-convida-a-visitar-o-masat-e-museo-do-mar\\\/#article\",\"isPartOf\":{\"@id\":\"https:\\\/\\\/www.turismoaguarda.es\\\/gl\\\/a-guarda-convida-a-visitar-o-masat-e-museo-do-mar\\\/\"},\"author\":{\"name\":\"Prensa A Guarda\",\"@id\":\"https:\\\/\\\/www.turismoaguarda.es\\\/#\\\/schema\\\/person\\\/a8b0c27ad7bcbb6c19799e934727508e\"},\"headline\":\"A Guarda convida a visitar o MASAT e Museo do Mar\",\"datePublished\":\"2021-03-18T08:52:15+00:00\",\"mainEntityOfPage\":{\"@id\":\"https:\\\/\\\/www.turismoaguarda.es\\\/gl\\\/a-guarda-convida-a-visitar-o-masat-e-museo-do-mar\\\/\"},\"wordCount\":284,\"commentCount\":0,\"image\":{\"@id\":\"https:\\\/\\\/www.turismoaguarda.es\\\/gl\\\/a-guarda-convida-a-visitar-o-masat-e-museo-do-mar\\\/#primaryimage\"},\"thumbnailUrl\":\"https:\\\/\\\/www.turismoaguarda.es\\\/wp-content\\\/uploads\\\/2021\\\/03\\\/NP-18032021-A-Guarda-convida-a-visitar-o-MASAT-e-Museo-do-Mar-1.jpg\",\"keywords\":[\"A Guarda\",\"cultura\",\"MASAT\",\"Museo do Mar\",\"turismo\"],\"articleSection\":[\"Noticias Museos\"],\"inLanguage\":\"gl\",\"potentialAction\":[{\"@type\":\"CommentAction\",\"name\":\"Comment\",\"target\":[\"https:\\\/\\\/www.turismoaguarda.es\\\/gl\\\/a-guarda-convida-a-visitar-o-masat-e-museo-do-mar\\\/#respond\"]}]},{\"@type\":\"WebPage\",\"@id\":\"https:\\\/\\\/www.turismoaguarda.es\\\/gl\\\/a-guarda-convida-a-visitar-o-masat-e-museo-do-mar\\\/\",\"url\":\"https:\\\/\\\/www.turismoaguarda.es\\\/gl\\\/a-guarda-convida-a-visitar-o-masat-e-museo-do-mar\\\/\",\"name\":\"A Guarda convida a visitar o MASAT e Museo do Mar | Turismo A Guarda\",\"isPartOf\":{\"@id\":\"https:\\\/\\\/www.turismoaguarda.es\\\/#website\"},\"primaryImageOfPage\":{\"@id\":\"https:\\\/\\\/www.turismoaguarda.es\\\/gl\\\/a-guarda-convida-a-visitar-o-masat-e-museo-do-mar\\\/#primaryimage\"},\"image\":{\"@id\":\"https:\\\/\\\/www.turismoaguarda.es\\\/gl\\\/a-guarda-convida-a-visitar-o-masat-e-museo-do-mar\\\/#primaryimage\"},\"thumbnailUrl\":\"https:\\\/\\\/www.turismoaguarda.es\\\/wp-content\\\/uploads\\\/2021\\\/03\\\/NP-18032021-A-Guarda-convida-a-visitar-o-MASAT-e-Museo-do-Mar-1.jpg\",\"datePublished\":\"2021-03-18T08:52:15+00:00\",\"author\":{\"@id\":\"https:\\\/\\\/www.turismoaguarda.es\\\/#\\\/schema\\\/person\\\/a8b0c27ad7bcbb6c19799e934727508e\"},\"breadcrumb\":{\"@id\":\"https:\\\/\\\/www.turismoaguarda.es\\\/gl\\\/a-guarda-convida-a-visitar-o-masat-e-museo-do-mar\\\/#breadcrumb\"},\"inLanguage\":\"gl\",\"potentialAction\":[{\"@type\":\"ReadAction\",\"target\":[\"https:\\\/\\\/www.turismoaguarda.es\\\/gl\\\/a-guarda-convida-a-visitar-o-masat-e-museo-do-mar\\\/\"]}]},{\"@type\":\"ImageObject\",\"inLanguage\":\"gl\",\"@id\":\"https:\\\/\\\/www.turismoaguarda.es\\\/gl\\\/a-guarda-convida-a-visitar-o-masat-e-museo-do-mar\\\/#primaryimage\",\"url\":\"https:\\\/\\\/www.turismoaguarda.es\\\/wp-content\\\/uploads\\\/2021\\\/03\\\/NP-18032021-A-Guarda-convida-a-visitar-o-MASAT-e-Museo-do-Mar-1.jpg\",\"contentUrl\":\"https:\\\/\\\/www.turismoaguarda.es\\\/wp-content\\\/uploads\\\/2021\\\/03\\\/NP-18032021-A-Guarda-convida-a-visitar-o-MASAT-e-Museo-do-Mar-1.jpg\",\"width\":800,\"height\":800},{\"@type\":\"BreadcrumbList\",\"@id\":\"https:\\\/\\\/www.turismoaguarda.es\\\/gl\\\/a-guarda-convida-a-visitar-o-masat-e-museo-do-mar\\\/#breadcrumb\",\"itemListElement\":[{\"@type\":\"ListItem\",\"position\":1,\"name\":\"Portada\",\"item\":\"https:\\\/\\\/www.turismoaguarda.es\\\/gl\\\/\"},{\"@type\":\"ListItem\",\"position\":2,\"name\":\"A Guarda convida a visitar o MASAT e Museo do Mar\"}]},{\"@type\":\"WebSite\",\"@id\":\"https:\\\/\\\/www.turismoaguarda.es\\\/#website\",\"url\":\"https:\\\/\\\/www.turismoaguarda.es\\\/\",\"name\":\"Turismo A Guarda\",\"description\":\"Informaci\u00f3n tur\u00edstica de A Guarda y alrededores.\",\"potentialAction\":[{\"@type\":\"SearchAction\",\"target\":{\"@type\":\"EntryPoint\",\"urlTemplate\":\"https:\\\/\\\/www.turismoaguarda.es\\\/?s={search_term_string}\"},\"query-input\":{\"@type\":\"PropertyValueSpecification\",\"valueRequired\":true,\"valueName\":\"search_term_string\"}}],\"inLanguage\":\"gl\"},{\"@type\":\"Person\",\"@id\":\"https:\\\/\\\/www.turismoaguarda.es\\\/#\\\/schema\\\/person\\\/a8b0c27ad7bcbb6c19799e934727508e\",\"name\":\"Prensa A Guarda\",\"image\":{\"@type\":\"ImageObject\",\"inLanguage\":\"gl\",\"@id\":\"https:\\\/\\\/secure.gravatar.com\\\/avatar\\\/387e117f874ba5d0a3439060b45d914395d77287b2e4890a49d1599fc3ef9189?s=96&d=mm&r=g\",\"url\":\"https:\\\/\\\/secure.gravatar.com\\\/avatar\\\/387e117f874ba5d0a3439060b45d914395d77287b2e4890a49d1599fc3ef9189?s=96&d=mm&r=g\",\"contentUrl\":\"https:\\\/\\\/secure.gravatar.com\\\/avatar\\\/387e117f874ba5d0a3439060b45d914395d77287b2e4890a49d1599fc3ef9189?s=96&d=mm&r=g\",\"caption\":\"Prensa A Guarda\"},\"url\":\"https:\\\/\\\/www.turismoaguarda.es\\\/gl\\\/author\\\/prensa\\\/\"}]}<\/script>\n<!-- \/ Yoast SEO plugin. -->","yoast_head_json":{"title":"A Guarda convida a visitar o MASAT e Museo do Mar | Turismo A Guarda","robots":{"index":"index","follow":"follow","max-snippet":"max-snippet:-1","max-image-preview":"max-image-preview:large","max-video-preview":"max-video-preview:-1"},"canonical":"https:\/\/www.turismoaguarda.es\/gl\/a-guarda-convida-a-visitar-o-masat-e-museo-do-mar\/","og_locale":"en_US","og_type":"article","og_title":"A Guarda convida a visitar o MASAT e Museo do Mar | Turismo A Guarda","og_description":"\u2022 Os Museos da Guarda pres\u00e9ntanse coma unha boa alternativa cultural e tur\u00edstica para esta longa fin de semana Museo Arqueol\u00f3xico Santa Trega (MASAT) O Museo Arqueol\u00f3xico de Sta. Trega (MASAT) ocupa o edificio dese\u00f1ado como restaurante polo arquitecto porri\u00f1\u00e9s Antonio Palacios. Por subscrici\u00f3n popular a Sociedade pro Monte compra e adapta o inmoble inauguradoLeer m\u00e1is","og_url":"https:\/\/www.turismoaguarda.es\/gl\/a-guarda-convida-a-visitar-o-masat-e-museo-do-mar\/","og_site_name":"Turismo A Guarda","article_publisher":"https:\/\/es-es.facebook.com\/Turismo-A-Guarda-126223240790625\/","article_published_time":"2021-03-18T08:52:15+00:00","og_image":[{"width":800,"height":800,"url":"https:\/\/www.turismoaguarda.es\/wp-content\/uploads\/2021\/03\/NP-18032021-A-Guarda-convida-a-visitar-o-MASAT-e-Museo-do-Mar-1.jpg","type":"image\/jpeg"}],"author":"Prensa A Guarda","twitter_card":"summary_large_image","twitter_creator":"@TurismoAGuarda","twitter_site":"@TurismoAGuarda","twitter_misc":{"Written by":"Prensa A Guarda","Est. reading time":"1 minute"},"schema":{"@context":"https:\/\/schema.org","@graph":[{"@type":"Article","@id":"https:\/\/www.turismoaguarda.es\/gl\/a-guarda-convida-a-visitar-o-masat-e-museo-do-mar\/#article","isPartOf":{"@id":"https:\/\/www.turismoaguarda.es\/gl\/a-guarda-convida-a-visitar-o-masat-e-museo-do-mar\/"},"author":{"name":"Prensa A Guarda","@id":"https:\/\/www.turismoaguarda.es\/#\/schema\/person\/a8b0c27ad7bcbb6c19799e934727508e"},"headline":"A Guarda convida a visitar o MASAT e Museo do Mar","datePublished":"2021-03-18T08:52:15+00:00","mainEntityOfPage":{"@id":"https:\/\/www.turismoaguarda.es\/gl\/a-guarda-convida-a-visitar-o-masat-e-museo-do-mar\/"},"wordCount":284,"commentCount":0,"image":{"@id":"https:\/\/www.turismoaguarda.es\/gl\/a-guarda-convida-a-visitar-o-masat-e-museo-do-mar\/#primaryimage"},"thumbnailUrl":"https:\/\/www.turismoaguarda.es\/wp-content\/uploads\/2021\/03\/NP-18032021-A-Guarda-convida-a-visitar-o-MASAT-e-Museo-do-Mar-1.jpg","keywords":["A Guarda","cultura","MASAT","Museo do Mar","turismo"],"articleSection":["Noticias Museos"],"inLanguage":"gl","potentialAction":[{"@type":"CommentAction","name":"Comment","target":["https:\/\/www.turismoaguarda.es\/gl\/a-guarda-convida-a-visitar-o-masat-e-museo-do-mar\/#respond"]}]},{"@type":"WebPage","@id":"https:\/\/www.turismoaguarda.es\/gl\/a-guarda-convida-a-visitar-o-masat-e-museo-do-mar\/","url":"https:\/\/www.turismoaguarda.es\/gl\/a-guarda-convida-a-visitar-o-masat-e-museo-do-mar\/","name":"A Guarda convida a visitar o MASAT e Museo do Mar | Turismo A Guarda","isPartOf":{"@id":"https:\/\/www.turismoaguarda.es\/#website"},"primaryImageOfPage":{"@id":"https:\/\/www.turismoaguarda.es\/gl\/a-guarda-convida-a-visitar-o-masat-e-museo-do-mar\/#primaryimage"},"image":{"@id":"https:\/\/www.turismoaguarda.es\/gl\/a-guarda-convida-a-visitar-o-masat-e-museo-do-mar\/#primaryimage"},"thumbnailUrl":"https:\/\/www.turismoaguarda.es\/wp-content\/uploads\/2021\/03\/NP-18032021-A-Guarda-convida-a-visitar-o-MASAT-e-Museo-do-Mar-1.jpg","datePublished":"2021-03-18T08:52:15+00:00","author":{"@id":"https:\/\/www.turismoaguarda.es\/#\/schema\/person\/a8b0c27ad7bcbb6c19799e934727508e"},"breadcrumb":{"@id":"https:\/\/www.turismoaguarda.es\/gl\/a-guarda-convida-a-visitar-o-masat-e-museo-do-mar\/#breadcrumb"},"inLanguage":"gl","potentialAction":[{"@type":"ReadAction","target":["https:\/\/www.turismoaguarda.es\/gl\/a-guarda-convida-a-visitar-o-masat-e-museo-do-mar\/"]}]},{"@type":"ImageObject","inLanguage":"gl","@id":"https:\/\/www.turismoaguarda.es\/gl\/a-guarda-convida-a-visitar-o-masat-e-museo-do-mar\/#primaryimage","url":"https:\/\/www.turismoaguarda.es\/wp-content\/uploads\/2021\/03\/NP-18032021-A-Guarda-convida-a-visitar-o-MASAT-e-Museo-do-Mar-1.jpg","contentUrl":"https:\/\/www.turismoaguarda.es\/wp-content\/uploads\/2021\/03\/NP-18032021-A-Guarda-convida-a-visitar-o-MASAT-e-Museo-do-Mar-1.jpg","width":800,"height":800},{"@type":"BreadcrumbList","@id":"https:\/\/www.turismoaguarda.es\/gl\/a-guarda-convida-a-visitar-o-masat-e-museo-do-mar\/#breadcrumb","itemListElement":[{"@type":"ListItem","position":1,"name":"Portada","item":"https:\/\/www.turismoaguarda.es\/gl\/"},{"@type":"ListItem","position":2,"name":"A Guarda convida a visitar o MASAT e Museo do Mar"}]},{"@type":"WebSite","@id":"https:\/\/www.turismoaguarda.es\/#website","url":"https:\/\/www.turismoaguarda.es\/","name":"Turismo A Guarda","description":"Informaci\u00f3n tur\u00edstica de A Guarda y alrededores.","potentialAction":[{"@type":"SearchAction","target":{"@type":"EntryPoint","urlTemplate":"https:\/\/www.turismoaguarda.es\/?s={search_term_string}"},"query-input":{"@type":"PropertyValueSpecification","valueRequired":true,"valueName":"search_term_string"}}],"inLanguage":"gl"},{"@type":"Person","@id":"https:\/\/www.turismoaguarda.es\/#\/schema\/person\/a8b0c27ad7bcbb6c19799e934727508e","name":"Prensa A Guarda","image":{"@type":"ImageObject","inLanguage":"gl","@id":"https:\/\/secure.gravatar.com\/avatar\/387e117f874ba5d0a3439060b45d914395d77287b2e4890a49d1599fc3ef9189?s=96&d=mm&r=g","url":"https:\/\/secure.gravatar.com\/avatar\/387e117f874ba5d0a3439060b45d914395d77287b2e4890a49d1599fc3ef9189?s=96&d=mm&r=g","contentUrl":"https:\/\/secure.gravatar.com\/avatar\/387e117f874ba5d0a3439060b45d914395d77287b2e4890a49d1599fc3ef9189?s=96&d=mm&r=g","caption":"Prensa A Guarda"},"url":"https:\/\/www.turismoaguarda.es\/gl\/author\/prensa\/"}]}},"_links":{"self":[{"href":"https:\/\/www.turismoaguarda.es\/gl\/wp-json\/wp\/v2\/posts\/13966","targetHints":{"allow":["GET"]}}],"collection":[{"href":"https:\/\/www.turismoaguarda.es\/gl\/wp-json\/wp\/v2\/posts"}],"about":[{"href":"https:\/\/www.turismoaguarda.es\/gl\/wp-json\/wp\/v2\/types\/post"}],"author":[{"embeddable":true,"href":"https:\/\/www.turismoaguarda.es\/gl\/wp-json\/wp\/v2\/users\/11"}],"replies":[{"embeddable":true,"href":"https:\/\/www.turismoaguarda.es\/gl\/wp-json\/wp\/v2\/comments?post=13966"}],"version-history":[{"count":1,"href":"https:\/\/www.turismoaguarda.es\/gl\/wp-json\/wp\/v2\/posts\/13966\/revisions"}],"predecessor-version":[{"id":13970,"href":"https:\/\/www.turismoaguarda.es\/gl\/wp-json\/wp\/v2\/posts\/13966\/revisions\/13970"}],"wp:featuredmedia":[{"embeddable":true,"href":"https:\/\/www.turismoaguarda.es\/gl\/wp-json\/wp\/v2\/media\/13967"}],"wp:attachment":[{"href":"https:\/\/www.turismoaguarda.es\/gl\/wp-json\/wp\/v2\/media?parent=13966"}],"wp:term":[{"taxonomy":"category","embeddable":true,"href":"https:\/\/www.turismoaguarda.es\/gl\/wp-json\/wp\/v2\/categories?post=13966"},{"taxonomy":"post_tag","embeddable":true,"href":"https:\/\/www.turismoaguarda.es\/gl\/wp-json\/wp\/v2\/tags?post=13966"}],"curies":[{"name":"wp","href":"https:\/\/api.w.org\/{rel}","templated":true}]}}