{"id":13924,"date":"2021-03-11T11:09:46","date_gmt":"2021-03-11T10:09:46","guid":{"rendered":"https:\/\/www.turismoaguarda.es\/?p=13924"},"modified":"2021-03-11T11:09:46","modified_gmt":"2021-03-11T10:09:46","slug":"mais-dunha-vintena-de-persoas-participaron-na-xornada-de-posta-en-valor-do-patrimonio-cultural-da-guarda","status":"publish","type":"post","link":"https:\/\/www.turismoaguarda.es\/gl\/mais-dunha-vintena-de-persoas-participaron-na-xornada-de-posta-en-valor-do-patrimonio-cultural-da-guarda\/","title":{"rendered":"M\u00e1is dunha vintena de persoas participaron na xornada de posta en valor do patrimonio cultural da Guarda"},"content":{"rendered":"<p>\u2022 No evento, aberto a toda a cidadan\u00eda, participaron empresarios, particulares e representantes de colectivos e asociaci\u00f3ns da vila<br \/>\n\u2022 O evento contou coa participaci\u00f3n de expertos coma J. Miguel Villa ou investigadores da Universidade de Vigo, socia deste proxecto europeo.<\/p>\n<p>O pasado m\u00e9rcores d\u00eda 10 de marzo o Concello da Guarda foi o escenario para a realizaci\u00f3n da Xornada para a co-creaci\u00f3n de soluci\u00f3ns para a posta en valor do patrimonio cultural da Guarda, evento organizado pola Universidade de Vigo.<\/p>\n<p>O evento arrancou \u00e1s 16:30h cunha breve benvida por parte do Alcalde da Guarda, Antonio Lomba, quen destacou a iniciativa coma moi interesante para a posta en marcha de novas oportunidades de negocio e de desenvolvemento tur\u00edstico, cultural e patrimonial.<\/p>\n<p>Esta xornada tivo coma obxectivo contribu\u00edr a crear novos produtos e servizos que poidan ser comercializados polos profesionais e entidades da zona para dinamizar e atraer novos viaxeiros ao concello.<\/p>\n<p>A xornada estivo dividida en d\u00faas partes, na primeira delas realizouse unha charla con expertos sobre o patrimonio cultural inmaterial da Guarda e boas pr\u00e1cticas no sector e, despois dunha breve pausa, realiz\u00e1ronse mesas de traballo nas que os asistentes puideron traballar no desenvolvemento de novos produtos e servizos tur\u00edsticos para o territorio.<\/p>\n<p>Nesta xornada participaron tam\u00e9n expertos coma J. Miguel Villa ou investigadores da Universidade de Vigo, socia deste proxecto europeo, que foi moi ben valorado por parte dos asistentes.<\/p>\n","protected":false},"excerpt":{"rendered":"<p>\u2022 No evento, aberto a toda a cidadan\u00eda, participaron empresarios, particulares e representantes de colectivos e asociaci\u00f3ns da vila \u2022 O evento contou coa participaci\u00f3n de expertos coma J. Miguel Villa ou investigadores da Universidade de Vigo, socia deste proxecto europeo. O pasado m\u00e9rcores d\u00eda 10 de marzo o Concello da Guarda foi o escenario<\/p>\n<div class=\"padding-top text-center\"><a href=\"https:\/\/www.turismoaguarda.es\/gl\/mais-dunha-vintena-de-persoas-participaron-na-xornada-de-posta-en-valor-do-patrimonio-cultural-da-guarda\/\" class=\"atbtn atbtn--medium atbtn--rounded atbtn--transparent\">Leer m\u00e1is<i class=\"atbtn__icon atbtn__icon--right fa fa-long-arrow-right\"><\/i><\/a><\/div>\n","protected":false},"author":11,"featured_media":13925,"comment_status":"open","ping_status":"open","sticky":false,"template":"","format":"standard","meta":{"footnotes":""},"categories":[94],"tags":[170,214,559,171,1859],"class_list":["post-13924","post","type-post","status-publish","format-standard","has-post-thumbnail","hentry","category-novas-turismo","tag-a-guarda-gl","tag-cultura-gl","tag-patrimonio-gl","tag-turismo-gl","tag-xornada"],"yoast_head":"<!-- This site is optimized with the Yoast SEO plugin v27.5 - https:\/\/yoast.com\/product\/yoast-seo-wordpress\/ -->\n<title>M\u00e1is dunha vintena de persoas participaron na xornada de posta en valor do patrimonio cultural da Guarda | Turismo A Guarda<\/title>\n<meta name=\"robots\" content=\"index, follow, max-snippet:-1, max-image-preview:large, max-video-preview:-1\" \/>\n<link rel=\"canonical\" href=\"https:\/\/www.turismoaguarda.es\/gl\/mais-dunha-vintena-de-persoas-participaron-na-xornada-de-posta-en-valor-do-patrimonio-cultural-da-guarda\/\" \/>\n<meta property=\"og:locale\" content=\"en_US\" \/>\n<meta property=\"og:type\" content=\"article\" \/>\n<meta property=\"og:title\" content=\"M\u00e1is dunha vintena de persoas participaron na xornada de posta en valor do patrimonio cultural da Guarda | Turismo A Guarda\" \/>\n<meta property=\"og:description\" content=\"\u2022 No evento, aberto a toda a cidadan\u00eda, participaron empresarios, particulares e representantes de colectivos e asociaci\u00f3ns da vila \u2022 O evento contou coa participaci\u00f3n de expertos coma J. Miguel Villa ou investigadores da Universidade de Vigo, socia deste proxecto europeo. O pasado m\u00e9rcores d\u00eda 10 de marzo o Concello da Guarda foi o escenarioLeer m\u00e1is\" \/>\n<meta property=\"og:url\" content=\"https:\/\/www.turismoaguarda.es\/gl\/mais-dunha-vintena-de-persoas-participaron-na-xornada-de-posta-en-valor-do-patrimonio-cultural-da-guarda\/\" \/>\n<meta property=\"og:site_name\" content=\"Turismo A Guarda\" \/>\n<meta property=\"article:publisher\" content=\"https:\/\/es-es.facebook.com\/Turismo-A-Guarda-126223240790625\/\" \/>\n<meta property=\"article:published_time\" content=\"2021-03-11T10:09:46+00:00\" \/>\n<meta property=\"og:image\" content=\"https:\/\/www.turismoaguarda.es\/wp-content\/uploads\/2021\/03\/Sin-t\u00edtulo-2.jpg\" \/>\n\t<meta property=\"og:image:width\" content=\"802\" \/>\n\t<meta property=\"og:image:height\" content=\"531\" \/>\n\t<meta property=\"og:image:type\" content=\"image\/jpeg\" \/>\n<meta name=\"author\" content=\"Prensa A Guarda\" \/>\n<meta name=\"twitter:card\" content=\"summary_large_image\" \/>\n<meta name=\"twitter:creator\" content=\"@TurismoAGuarda\" \/>\n<meta name=\"twitter:site\" content=\"@TurismoAGuarda\" \/>\n<meta name=\"twitter:label1\" content=\"Written by\" \/>\n\t<meta name=\"twitter:data1\" content=\"Prensa A Guarda\" \/>\n\t<meta name=\"twitter:label2\" content=\"Est. reading time\" \/>\n\t<meta name=\"twitter:data2\" content=\"1 minute\" \/>\n<script type=\"application\/ld+json\" class=\"yoast-schema-graph\">{\"@context\":\"https:\\\/\\\/schema.org\",\"@graph\":[{\"@type\":\"Article\",\"@id\":\"https:\\\/\\\/www.turismoaguarda.es\\\/gl\\\/mais-dunha-vintena-de-persoas-participaron-na-xornada-de-posta-en-valor-do-patrimonio-cultural-da-guarda\\\/#article\",\"isPartOf\":{\"@id\":\"https:\\\/\\\/www.turismoaguarda.es\\\/gl\\\/mais-dunha-vintena-de-persoas-participaron-na-xornada-de-posta-en-valor-do-patrimonio-cultural-da-guarda\\\/\"},\"author\":{\"name\":\"Prensa A Guarda\",\"@id\":\"https:\\\/\\\/www.turismoaguarda.es\\\/#\\\/schema\\\/person\\\/a8b0c27ad7bcbb6c19799e934727508e\"},\"headline\":\"M\u00e1is dunha vintena de persoas participaron na xornada de posta en valor do patrimonio cultural da Guarda\",\"datePublished\":\"2021-03-11T10:09:46+00:00\",\"mainEntityOfPage\":{\"@id\":\"https:\\\/\\\/www.turismoaguarda.es\\\/gl\\\/mais-dunha-vintena-de-persoas-participaron-na-xornada-de-posta-en-valor-do-patrimonio-cultural-da-guarda\\\/\"},\"wordCount\":262,\"commentCount\":0,\"image\":{\"@id\":\"https:\\\/\\\/www.turismoaguarda.es\\\/gl\\\/mais-dunha-vintena-de-persoas-participaron-na-xornada-de-posta-en-valor-do-patrimonio-cultural-da-guarda\\\/#primaryimage\"},\"thumbnailUrl\":\"https:\\\/\\\/www.turismoaguarda.es\\\/wp-content\\\/uploads\\\/2021\\\/03\\\/Sin-t\u00edtulo-2.jpg\",\"keywords\":[\"A Guarda\",\"cultura\",\"Patrimonio\",\"turismo\",\"xornada\"],\"articleSection\":[\"Novas Turismo\"],\"inLanguage\":\"gl\",\"potentialAction\":[{\"@type\":\"CommentAction\",\"name\":\"Comment\",\"target\":[\"https:\\\/\\\/www.turismoaguarda.es\\\/gl\\\/mais-dunha-vintena-de-persoas-participaron-na-xornada-de-posta-en-valor-do-patrimonio-cultural-da-guarda\\\/#respond\"]}]},{\"@type\":\"WebPage\",\"@id\":\"https:\\\/\\\/www.turismoaguarda.es\\\/gl\\\/mais-dunha-vintena-de-persoas-participaron-na-xornada-de-posta-en-valor-do-patrimonio-cultural-da-guarda\\\/\",\"url\":\"https:\\\/\\\/www.turismoaguarda.es\\\/gl\\\/mais-dunha-vintena-de-persoas-participaron-na-xornada-de-posta-en-valor-do-patrimonio-cultural-da-guarda\\\/\",\"name\":\"M\u00e1is dunha vintena de persoas participaron na xornada de posta en valor do patrimonio cultural da Guarda | Turismo A Guarda\",\"isPartOf\":{\"@id\":\"https:\\\/\\\/www.turismoaguarda.es\\\/#website\"},\"primaryImageOfPage\":{\"@id\":\"https:\\\/\\\/www.turismoaguarda.es\\\/gl\\\/mais-dunha-vintena-de-persoas-participaron-na-xornada-de-posta-en-valor-do-patrimonio-cultural-da-guarda\\\/#primaryimage\"},\"image\":{\"@id\":\"https:\\\/\\\/www.turismoaguarda.es\\\/gl\\\/mais-dunha-vintena-de-persoas-participaron-na-xornada-de-posta-en-valor-do-patrimonio-cultural-da-guarda\\\/#primaryimage\"},\"thumbnailUrl\":\"https:\\\/\\\/www.turismoaguarda.es\\\/wp-content\\\/uploads\\\/2021\\\/03\\\/Sin-t\u00edtulo-2.jpg\",\"datePublished\":\"2021-03-11T10:09:46+00:00\",\"author\":{\"@id\":\"https:\\\/\\\/www.turismoaguarda.es\\\/#\\\/schema\\\/person\\\/a8b0c27ad7bcbb6c19799e934727508e\"},\"breadcrumb\":{\"@id\":\"https:\\\/\\\/www.turismoaguarda.es\\\/gl\\\/mais-dunha-vintena-de-persoas-participaron-na-xornada-de-posta-en-valor-do-patrimonio-cultural-da-guarda\\\/#breadcrumb\"},\"inLanguage\":\"gl\",\"potentialAction\":[{\"@type\":\"ReadAction\",\"target\":[\"https:\\\/\\\/www.turismoaguarda.es\\\/gl\\\/mais-dunha-vintena-de-persoas-participaron-na-xornada-de-posta-en-valor-do-patrimonio-cultural-da-guarda\\\/\"]}]},{\"@type\":\"ImageObject\",\"inLanguage\":\"gl\",\"@id\":\"https:\\\/\\\/www.turismoaguarda.es\\\/gl\\\/mais-dunha-vintena-de-persoas-participaron-na-xornada-de-posta-en-valor-do-patrimonio-cultural-da-guarda\\\/#primaryimage\",\"url\":\"https:\\\/\\\/www.turismoaguarda.es\\\/wp-content\\\/uploads\\\/2021\\\/03\\\/Sin-t\u00edtulo-2.jpg\",\"contentUrl\":\"https:\\\/\\\/www.turismoaguarda.es\\\/wp-content\\\/uploads\\\/2021\\\/03\\\/Sin-t\u00edtulo-2.jpg\",\"width\":802,\"height\":531},{\"@type\":\"BreadcrumbList\",\"@id\":\"https:\\\/\\\/www.turismoaguarda.es\\\/gl\\\/mais-dunha-vintena-de-persoas-participaron-na-xornada-de-posta-en-valor-do-patrimonio-cultural-da-guarda\\\/#breadcrumb\",\"itemListElement\":[{\"@type\":\"ListItem\",\"position\":1,\"name\":\"Portada\",\"item\":\"https:\\\/\\\/www.turismoaguarda.es\\\/gl\\\/\"},{\"@type\":\"ListItem\",\"position\":2,\"name\":\"M\u00e1is dunha vintena de persoas participaron na xornada de posta en valor do patrimonio cultural da Guarda\"}]},{\"@type\":\"WebSite\",\"@id\":\"https:\\\/\\\/www.turismoaguarda.es\\\/#website\",\"url\":\"https:\\\/\\\/www.turismoaguarda.es\\\/\",\"name\":\"Turismo A Guarda\",\"description\":\"Informaci\u00f3n tur\u00edstica de A Guarda y alrededores.\",\"potentialAction\":[{\"@type\":\"SearchAction\",\"target\":{\"@type\":\"EntryPoint\",\"urlTemplate\":\"https:\\\/\\\/www.turismoaguarda.es\\\/?s={search_term_string}\"},\"query-input\":{\"@type\":\"PropertyValueSpecification\",\"valueRequired\":true,\"valueName\":\"search_term_string\"}}],\"inLanguage\":\"gl\"},{\"@type\":\"Person\",\"@id\":\"https:\\\/\\\/www.turismoaguarda.es\\\/#\\\/schema\\\/person\\\/a8b0c27ad7bcbb6c19799e934727508e\",\"name\":\"Prensa A Guarda\",\"image\":{\"@type\":\"ImageObject\",\"inLanguage\":\"gl\",\"@id\":\"https:\\\/\\\/secure.gravatar.com\\\/avatar\\\/387e117f874ba5d0a3439060b45d914395d77287b2e4890a49d1599fc3ef9189?s=96&d=mm&r=g\",\"url\":\"https:\\\/\\\/secure.gravatar.com\\\/avatar\\\/387e117f874ba5d0a3439060b45d914395d77287b2e4890a49d1599fc3ef9189?s=96&d=mm&r=g\",\"contentUrl\":\"https:\\\/\\\/secure.gravatar.com\\\/avatar\\\/387e117f874ba5d0a3439060b45d914395d77287b2e4890a49d1599fc3ef9189?s=96&d=mm&r=g\",\"caption\":\"Prensa A Guarda\"},\"url\":\"https:\\\/\\\/www.turismoaguarda.es\\\/gl\\\/author\\\/prensa\\\/\"}]}<\/script>\n<!-- \/ Yoast SEO plugin. -->","yoast_head_json":{"title":"M\u00e1is dunha vintena de persoas participaron na xornada de posta en valor do patrimonio cultural da Guarda | Turismo A Guarda","robots":{"index":"index","follow":"follow","max-snippet":"max-snippet:-1","max-image-preview":"max-image-preview:large","max-video-preview":"max-video-preview:-1"},"canonical":"https:\/\/www.turismoaguarda.es\/gl\/mais-dunha-vintena-de-persoas-participaron-na-xornada-de-posta-en-valor-do-patrimonio-cultural-da-guarda\/","og_locale":"en_US","og_type":"article","og_title":"M\u00e1is dunha vintena de persoas participaron na xornada de posta en valor do patrimonio cultural da Guarda | Turismo A Guarda","og_description":"\u2022 No evento, aberto a toda a cidadan\u00eda, participaron empresarios, particulares e representantes de colectivos e asociaci\u00f3ns da vila \u2022 O evento contou coa participaci\u00f3n de expertos coma J. Miguel Villa ou investigadores da Universidade de Vigo, socia deste proxecto europeo. O pasado m\u00e9rcores d\u00eda 10 de marzo o Concello da Guarda foi o escenarioLeer m\u00e1is","og_url":"https:\/\/www.turismoaguarda.es\/gl\/mais-dunha-vintena-de-persoas-participaron-na-xornada-de-posta-en-valor-do-patrimonio-cultural-da-guarda\/","og_site_name":"Turismo A Guarda","article_publisher":"https:\/\/es-es.facebook.com\/Turismo-A-Guarda-126223240790625\/","article_published_time":"2021-03-11T10:09:46+00:00","og_image":[{"width":802,"height":531,"url":"https:\/\/www.turismoaguarda.es\/wp-content\/uploads\/2021\/03\/Sin-t\u00edtulo-2.jpg","type":"image\/jpeg"}],"author":"Prensa A Guarda","twitter_card":"summary_large_image","twitter_creator":"@TurismoAGuarda","twitter_site":"@TurismoAGuarda","twitter_misc":{"Written by":"Prensa A Guarda","Est. reading time":"1 minute"},"schema":{"@context":"https:\/\/schema.org","@graph":[{"@type":"Article","@id":"https:\/\/www.turismoaguarda.es\/gl\/mais-dunha-vintena-de-persoas-participaron-na-xornada-de-posta-en-valor-do-patrimonio-cultural-da-guarda\/#article","isPartOf":{"@id":"https:\/\/www.turismoaguarda.es\/gl\/mais-dunha-vintena-de-persoas-participaron-na-xornada-de-posta-en-valor-do-patrimonio-cultural-da-guarda\/"},"author":{"name":"Prensa A Guarda","@id":"https:\/\/www.turismoaguarda.es\/#\/schema\/person\/a8b0c27ad7bcbb6c19799e934727508e"},"headline":"M\u00e1is dunha vintena de persoas participaron na xornada de posta en valor do patrimonio cultural da Guarda","datePublished":"2021-03-11T10:09:46+00:00","mainEntityOfPage":{"@id":"https:\/\/www.turismoaguarda.es\/gl\/mais-dunha-vintena-de-persoas-participaron-na-xornada-de-posta-en-valor-do-patrimonio-cultural-da-guarda\/"},"wordCount":262,"commentCount":0,"image":{"@id":"https:\/\/www.turismoaguarda.es\/gl\/mais-dunha-vintena-de-persoas-participaron-na-xornada-de-posta-en-valor-do-patrimonio-cultural-da-guarda\/#primaryimage"},"thumbnailUrl":"https:\/\/www.turismoaguarda.es\/wp-content\/uploads\/2021\/03\/Sin-t\u00edtulo-2.jpg","keywords":["A Guarda","cultura","Patrimonio","turismo","xornada"],"articleSection":["Novas Turismo"],"inLanguage":"gl","potentialAction":[{"@type":"CommentAction","name":"Comment","target":["https:\/\/www.turismoaguarda.es\/gl\/mais-dunha-vintena-de-persoas-participaron-na-xornada-de-posta-en-valor-do-patrimonio-cultural-da-guarda\/#respond"]}]},{"@type":"WebPage","@id":"https:\/\/www.turismoaguarda.es\/gl\/mais-dunha-vintena-de-persoas-participaron-na-xornada-de-posta-en-valor-do-patrimonio-cultural-da-guarda\/","url":"https:\/\/www.turismoaguarda.es\/gl\/mais-dunha-vintena-de-persoas-participaron-na-xornada-de-posta-en-valor-do-patrimonio-cultural-da-guarda\/","name":"M\u00e1is dunha vintena de persoas participaron na xornada de posta en valor do patrimonio cultural da Guarda | Turismo A Guarda","isPartOf":{"@id":"https:\/\/www.turismoaguarda.es\/#website"},"primaryImageOfPage":{"@id":"https:\/\/www.turismoaguarda.es\/gl\/mais-dunha-vintena-de-persoas-participaron-na-xornada-de-posta-en-valor-do-patrimonio-cultural-da-guarda\/#primaryimage"},"image":{"@id":"https:\/\/www.turismoaguarda.es\/gl\/mais-dunha-vintena-de-persoas-participaron-na-xornada-de-posta-en-valor-do-patrimonio-cultural-da-guarda\/#primaryimage"},"thumbnailUrl":"https:\/\/www.turismoaguarda.es\/wp-content\/uploads\/2021\/03\/Sin-t\u00edtulo-2.jpg","datePublished":"2021-03-11T10:09:46+00:00","author":{"@id":"https:\/\/www.turismoaguarda.es\/#\/schema\/person\/a8b0c27ad7bcbb6c19799e934727508e"},"breadcrumb":{"@id":"https:\/\/www.turismoaguarda.es\/gl\/mais-dunha-vintena-de-persoas-participaron-na-xornada-de-posta-en-valor-do-patrimonio-cultural-da-guarda\/#breadcrumb"},"inLanguage":"gl","potentialAction":[{"@type":"ReadAction","target":["https:\/\/www.turismoaguarda.es\/gl\/mais-dunha-vintena-de-persoas-participaron-na-xornada-de-posta-en-valor-do-patrimonio-cultural-da-guarda\/"]}]},{"@type":"ImageObject","inLanguage":"gl","@id":"https:\/\/www.turismoaguarda.es\/gl\/mais-dunha-vintena-de-persoas-participaron-na-xornada-de-posta-en-valor-do-patrimonio-cultural-da-guarda\/#primaryimage","url":"https:\/\/www.turismoaguarda.es\/wp-content\/uploads\/2021\/03\/Sin-t\u00edtulo-2.jpg","contentUrl":"https:\/\/www.turismoaguarda.es\/wp-content\/uploads\/2021\/03\/Sin-t\u00edtulo-2.jpg","width":802,"height":531},{"@type":"BreadcrumbList","@id":"https:\/\/www.turismoaguarda.es\/gl\/mais-dunha-vintena-de-persoas-participaron-na-xornada-de-posta-en-valor-do-patrimonio-cultural-da-guarda\/#breadcrumb","itemListElement":[{"@type":"ListItem","position":1,"name":"Portada","item":"https:\/\/www.turismoaguarda.es\/gl\/"},{"@type":"ListItem","position":2,"name":"M\u00e1is dunha vintena de persoas participaron na xornada de posta en valor do patrimonio cultural da Guarda"}]},{"@type":"WebSite","@id":"https:\/\/www.turismoaguarda.es\/#website","url":"https:\/\/www.turismoaguarda.es\/","name":"Turismo A Guarda","description":"Informaci\u00f3n tur\u00edstica de A Guarda y alrededores.","potentialAction":[{"@type":"SearchAction","target":{"@type":"EntryPoint","urlTemplate":"https:\/\/www.turismoaguarda.es\/?s={search_term_string}"},"query-input":{"@type":"PropertyValueSpecification","valueRequired":true,"valueName":"search_term_string"}}],"inLanguage":"gl"},{"@type":"Person","@id":"https:\/\/www.turismoaguarda.es\/#\/schema\/person\/a8b0c27ad7bcbb6c19799e934727508e","name":"Prensa A Guarda","image":{"@type":"ImageObject","inLanguage":"gl","@id":"https:\/\/secure.gravatar.com\/avatar\/387e117f874ba5d0a3439060b45d914395d77287b2e4890a49d1599fc3ef9189?s=96&d=mm&r=g","url":"https:\/\/secure.gravatar.com\/avatar\/387e117f874ba5d0a3439060b45d914395d77287b2e4890a49d1599fc3ef9189?s=96&d=mm&r=g","contentUrl":"https:\/\/secure.gravatar.com\/avatar\/387e117f874ba5d0a3439060b45d914395d77287b2e4890a49d1599fc3ef9189?s=96&d=mm&r=g","caption":"Prensa A Guarda"},"url":"https:\/\/www.turismoaguarda.es\/gl\/author\/prensa\/"}]}},"_links":{"self":[{"href":"https:\/\/www.turismoaguarda.es\/gl\/wp-json\/wp\/v2\/posts\/13924","targetHints":{"allow":["GET"]}}],"collection":[{"href":"https:\/\/www.turismoaguarda.es\/gl\/wp-json\/wp\/v2\/posts"}],"about":[{"href":"https:\/\/www.turismoaguarda.es\/gl\/wp-json\/wp\/v2\/types\/post"}],"author":[{"embeddable":true,"href":"https:\/\/www.turismoaguarda.es\/gl\/wp-json\/wp\/v2\/users\/11"}],"replies":[{"embeddable":true,"href":"https:\/\/www.turismoaguarda.es\/gl\/wp-json\/wp\/v2\/comments?post=13924"}],"version-history":[{"count":1,"href":"https:\/\/www.turismoaguarda.es\/gl\/wp-json\/wp\/v2\/posts\/13924\/revisions"}],"predecessor-version":[{"id":13928,"href":"https:\/\/www.turismoaguarda.es\/gl\/wp-json\/wp\/v2\/posts\/13924\/revisions\/13928"}],"wp:featuredmedia":[{"embeddable":true,"href":"https:\/\/www.turismoaguarda.es\/gl\/wp-json\/wp\/v2\/media\/13925"}],"wp:attachment":[{"href":"https:\/\/www.turismoaguarda.es\/gl\/wp-json\/wp\/v2\/media?parent=13924"}],"wp:term":[{"taxonomy":"category","embeddable":true,"href":"https:\/\/www.turismoaguarda.es\/gl\/wp-json\/wp\/v2\/categories?post=13924"},{"taxonomy":"post_tag","embeddable":true,"href":"https:\/\/www.turismoaguarda.es\/gl\/wp-json\/wp\/v2\/tags?post=13924"}],"curies":[{"name":"wp","href":"https:\/\/api.w.org\/{rel}","templated":true}]}}