{"id":13635,"date":"2021-01-27T17:40:36","date_gmt":"2021-01-27T16:40:36","guid":{"rendered":"https:\/\/www.turismoaguarda.es\/?p=13635"},"modified":"2021-01-27T20:22:41","modified_gmt":"2021-01-27T19:22:41","slug":"27-01-2021-entrada-en-vigor-das-novas-medidas-de-prevencion-que-afectan-a-hostaleria-e-aloxamento-turistico","status":"publish","type":"post","link":"https:\/\/www.turismoaguarda.es\/gl\/27-01-2021-entrada-en-vigor-das-novas-medidas-de-prevencion-que-afectan-a-hostaleria-e-aloxamento-turistico\/","title":{"rendered":"27\/01\/2021 Entrada en vigor das novas medidas de prevenci\u00f3n que afectan a hostaler\u00eda e aloxamento tur\u00edstico"},"content":{"rendered":"<p><strong>As novas medidas de prevenci\u00f3n definidas na orde do 26 de xaneiro entraron en vigor esta noite, do martes 26 ao 27 m\u00e9rcores de xaneiro.<\/strong><\/p>\n<p>Estas medidas ser\u00e1n de aplicaci\u00f3n ata o m\u00e9rcores 17 de febreiro inclusive e decretan o peche total da hostaler\u00eda (bares e restaurantes). S\u00f3 se permite servizo para recoller no local ou entrega en domicilio.<\/p>\n<p>Estes son os puntos a destacar nas ordes publicadas:<\/p>\n<p><strong>3.10. Hoteis e aloxamentos tur\u00edsticos.<\/strong><\/p>\n<ol>\n<li>Estes establecementos poder\u00e1n manter a s\u00faa actividade para clientes que se te\u00f1an desprazado por motivos xustificados segundo a normativa vixente.<\/li>\n<\/ol>\n<ol start=\"2\">\n<li>A ocupaci\u00f3n das zonas com\u00fans dos hoteis e aloxamentos tur\u00edsticos non poder\u00e1 superar o cincuenta por cento da s\u00faa capacidade. Para iso cada establecemento deber\u00e1 determinar a capacidade dos distintos espazos com\u00fans, as\u00ed como aqueles lugares en que se poder\u00e1n realizar eventos e as condici\u00f3ns m\u00e1is seguras para a s\u00faa realizaci\u00f3n conforme a capacidade m\u00e1xima prevista e de acordo coas medidas de hixiene, protecci\u00f3n e distancia m\u00ednima establecidas.<\/li>\n<\/ol>\n<ol start=\"3\">\n<li>Poder\u00e1n facilitar unicamente servizos de hostalar\u00eda e restauraci\u00f3n para os clientes aloxados nos ditos establecementos.<\/li>\n<\/ol>\n<ol start=\"4\">\n<li>No caso de instalaci\u00f3ns deportivas de hoteis e aloxamentos tur\u00edsticos, tales como piscinas o ximnasios, estas permanecer\u00e1n pechadas.<\/li>\n<\/ol>\n<p>&nbsp;<\/p>\n<ol start=\"4\">\n<li><strong> Medidas especiais para determinadas actividades.<\/strong><\/li>\n<\/ol>\n<p>Os establecementos de<strong> hostalar\u00eda e restauraci\u00f3n (bares, cafetar\u00edas, restaurantes)<\/strong> permanecer\u00e1n pechados ao p\u00fablico e poder\u00e1n prestar exclusivamente servizos de entrega a domicilio ou para a s\u00faa recollida no local e consumo a domicilio. O servizo de entrega a domicilio poder\u00e1 realizarse ata as 24.00 horas. A permanencia nestes establecementos deber\u00e1 ser a estritamente necesaria. En todo caso, evitaranse aglomeraci\u00f3ns e controlarase que consumidores e empregados mante\u00f1an a distancia de seguridade establecida co fin de evitar posibles contaxios.<\/p>\n<p>Para m\u00e1is informaci\u00f3n do decreto e a orde, poden descargar pinchando directamente:<\/p>\n<ul>\n<li><em><a href=\"https:\/\/www.xunta.gal\/dog\/Publicados\/excepcional\/2021\/20210126\/2549\/AnuncioC3B0-260121-1_gl.html\" target=\"_blank\" rel=\"noopener noreferrer\">DECRETO 8\/2021, do 26 de xaneiro, polo que se adoptan medidas no territorio da Comunidade Aut\u00f3noma de Galicia para facer fronte \u00e1 crise sanitaria, na condici\u00f3n de autoridade competente delegada no marco do disposto polo Real decreto 926\/2020, do 25 de outubro, polo que se declara o estado de alarma para conter a propagaci\u00f3n de infecci\u00f3ns causadas polo SARS-CoV-2.<\/a><\/em><\/li>\n<li><a href=\"https:\/\/www.xunta.gal\/dog\/Publicados\/excepcional\/2021\/20210126\/2549\/AnuncioC3K1-260121-7_gl.html\" target=\"_blank\" rel=\"noopener noreferrer\"><em>ORDE do 26 de xaneiro de 2021 pola que se establecen medidas de prevenci\u00f3n\u00a0<\/em><em>espec\u00edficas como consecuencia da evoluci\u00f3n da situaci\u00f3n epidemiol\u00f3xica derivada do COVID-19 na Comunidade Aut\u00f3noma de Galicia.<\/em><\/a><\/li>\n<\/ul>\n<p>&nbsp;<\/p>\n","protected":false},"excerpt":{"rendered":"<p>As novas medidas de prevenci\u00f3n definidas na orde do 26 de xaneiro entraron en vigor esta noite, do martes 26 ao 27 m\u00e9rcores de xaneiro. Estas medidas ser\u00e1n de aplicaci\u00f3n ata o m\u00e9rcores 17 de febreiro inclusive e decretan o peche total da hostaler\u00eda (bares e restaurantes). S\u00f3 se permite servizo para recoller no local<\/p>\n<div class=\"padding-top text-center\"><a href=\"https:\/\/www.turismoaguarda.es\/gl\/27-01-2021-entrada-en-vigor-das-novas-medidas-de-prevencion-que-afectan-a-hostaleria-e-aloxamento-turistico\/\" class=\"atbtn atbtn--medium atbtn--rounded atbtn--transparent\">Leer m\u00e1is<i class=\"atbtn__icon atbtn__icon--right fa fa-long-arrow-right\"><\/i><\/a><\/div>\n","protected":false},"author":7,"featured_media":0,"comment_status":"open","ping_status":"open","sticky":false,"template":"","format":"standard","meta":{"footnotes":""},"categories":[1812],"tags":[],"class_list":["post-13635","post","type-post","status-publish","format-standard","hentry","category-novas-hostalaria"],"yoast_head":"<!-- This site is optimized with the Yoast SEO plugin v27.5 - https:\/\/yoast.com\/product\/yoast-seo-wordpress\/ -->\n<title>27\/01\/2021 Entrada en vigor das novas medidas de prevenci\u00f3n que afectan a hostaler\u00eda e aloxamento tur\u00edstico | Turismo A Guarda<\/title>\n<meta name=\"robots\" content=\"index, follow, max-snippet:-1, max-image-preview:large, max-video-preview:-1\" \/>\n<link rel=\"canonical\" href=\"https:\/\/www.turismoaguarda.es\/gl\/27-01-2021-entrada-en-vigor-das-novas-medidas-de-prevencion-que-afectan-a-hostaleria-e-aloxamento-turistico\/\" \/>\n<meta property=\"og:locale\" content=\"en_US\" \/>\n<meta property=\"og:type\" content=\"article\" \/>\n<meta property=\"og:title\" content=\"27\/01\/2021 Entrada en vigor das novas medidas de prevenci\u00f3n que afectan a hostaler\u00eda e aloxamento tur\u00edstico | Turismo A Guarda\" \/>\n<meta property=\"og:description\" content=\"As novas medidas de prevenci\u00f3n definidas na orde do 26 de xaneiro entraron en vigor esta noite, do martes 26 ao 27 m\u00e9rcores de xaneiro. Estas medidas ser\u00e1n de aplicaci\u00f3n ata o m\u00e9rcores 17 de febreiro inclusive e decretan o peche total da hostaler\u00eda (bares e restaurantes). S\u00f3 se permite servizo para recoller no localLeer m\u00e1is\" \/>\n<meta property=\"og:url\" content=\"https:\/\/www.turismoaguarda.es\/gl\/27-01-2021-entrada-en-vigor-das-novas-medidas-de-prevencion-que-afectan-a-hostaleria-e-aloxamento-turistico\/\" \/>\n<meta property=\"og:site_name\" content=\"Turismo A Guarda\" \/>\n<meta property=\"article:publisher\" content=\"https:\/\/es-es.facebook.com\/Turismo-A-Guarda-126223240790625\/\" \/>\n<meta property=\"article:published_time\" content=\"2021-01-27T16:40:36+00:00\" \/>\n<meta property=\"article:modified_time\" content=\"2021-01-27T19:22:41+00:00\" \/>\n<meta name=\"author\" content=\"Rosalia Verde\" \/>\n<meta name=\"twitter:card\" content=\"summary_large_image\" \/>\n<meta name=\"twitter:creator\" content=\"@TurismoAGuarda\" \/>\n<meta name=\"twitter:site\" content=\"@TurismoAGuarda\" \/>\n<meta name=\"twitter:label1\" content=\"Written by\" \/>\n\t<meta name=\"twitter:data1\" content=\"Rosalia Verde\" \/>\n\t<meta name=\"twitter:label2\" content=\"Est. reading time\" \/>\n\t<meta name=\"twitter:data2\" content=\"2 minutes\" \/>\n<script type=\"application\/ld+json\" class=\"yoast-schema-graph\">{\"@context\":\"https:\\\/\\\/schema.org\",\"@graph\":[{\"@type\":\"Article\",\"@id\":\"https:\\\/\\\/www.turismoaguarda.es\\\/gl\\\/27-01-2021-entrada-en-vigor-das-novas-medidas-de-prevencion-que-afectan-a-hostaleria-e-aloxamento-turistico\\\/#article\",\"isPartOf\":{\"@id\":\"https:\\\/\\\/www.turismoaguarda.es\\\/gl\\\/27-01-2021-entrada-en-vigor-das-novas-medidas-de-prevencion-que-afectan-a-hostaleria-e-aloxamento-turistico\\\/\"},\"author\":{\"name\":\"Rosalia Verde\",\"@id\":\"https:\\\/\\\/www.turismoaguarda.es\\\/#\\\/schema\\\/person\\\/9282bb1649316a88a88b0eca34bd959b\"},\"headline\":\"27\\\/01\\\/2021 Entrada en vigor das novas medidas de prevenci\u00f3n que afectan a hostaler\u00eda e aloxamento tur\u00edstico\",\"datePublished\":\"2021-01-27T16:40:36+00:00\",\"dateModified\":\"2021-01-27T19:22:41+00:00\",\"mainEntityOfPage\":{\"@id\":\"https:\\\/\\\/www.turismoaguarda.es\\\/gl\\\/27-01-2021-entrada-en-vigor-das-novas-medidas-de-prevencion-que-afectan-a-hostaleria-e-aloxamento-turistico\\\/\"},\"wordCount\":434,\"commentCount\":0,\"articleSection\":[\"Novas Hostalar\u00eda\"],\"inLanguage\":\"gl\",\"potentialAction\":[{\"@type\":\"CommentAction\",\"name\":\"Comment\",\"target\":[\"https:\\\/\\\/www.turismoaguarda.es\\\/gl\\\/27-01-2021-entrada-en-vigor-das-novas-medidas-de-prevencion-que-afectan-a-hostaleria-e-aloxamento-turistico\\\/#respond\"]}]},{\"@type\":\"WebPage\",\"@id\":\"https:\\\/\\\/www.turismoaguarda.es\\\/gl\\\/27-01-2021-entrada-en-vigor-das-novas-medidas-de-prevencion-que-afectan-a-hostaleria-e-aloxamento-turistico\\\/\",\"url\":\"https:\\\/\\\/www.turismoaguarda.es\\\/gl\\\/27-01-2021-entrada-en-vigor-das-novas-medidas-de-prevencion-que-afectan-a-hostaleria-e-aloxamento-turistico\\\/\",\"name\":\"27\\\/01\\\/2021 Entrada en vigor das novas medidas de prevenci\u00f3n que afectan a hostaler\u00eda e aloxamento tur\u00edstico | Turismo A Guarda\",\"isPartOf\":{\"@id\":\"https:\\\/\\\/www.turismoaguarda.es\\\/#website\"},\"datePublished\":\"2021-01-27T16:40:36+00:00\",\"dateModified\":\"2021-01-27T19:22:41+00:00\",\"author\":{\"@id\":\"https:\\\/\\\/www.turismoaguarda.es\\\/#\\\/schema\\\/person\\\/9282bb1649316a88a88b0eca34bd959b\"},\"breadcrumb\":{\"@id\":\"https:\\\/\\\/www.turismoaguarda.es\\\/gl\\\/27-01-2021-entrada-en-vigor-das-novas-medidas-de-prevencion-que-afectan-a-hostaleria-e-aloxamento-turistico\\\/#breadcrumb\"},\"inLanguage\":\"gl\",\"potentialAction\":[{\"@type\":\"ReadAction\",\"target\":[\"https:\\\/\\\/www.turismoaguarda.es\\\/gl\\\/27-01-2021-entrada-en-vigor-das-novas-medidas-de-prevencion-que-afectan-a-hostaleria-e-aloxamento-turistico\\\/\"]}]},{\"@type\":\"BreadcrumbList\",\"@id\":\"https:\\\/\\\/www.turismoaguarda.es\\\/gl\\\/27-01-2021-entrada-en-vigor-das-novas-medidas-de-prevencion-que-afectan-a-hostaleria-e-aloxamento-turistico\\\/#breadcrumb\",\"itemListElement\":[{\"@type\":\"ListItem\",\"position\":1,\"name\":\"Portada\",\"item\":\"https:\\\/\\\/www.turismoaguarda.es\\\/gl\\\/\"},{\"@type\":\"ListItem\",\"position\":2,\"name\":\"27\\\/01\\\/2021 Entrada en vigor das novas medidas de prevenci\u00f3n que afectan a hostaler\u00eda e aloxamento tur\u00edstico\"}]},{\"@type\":\"WebSite\",\"@id\":\"https:\\\/\\\/www.turismoaguarda.es\\\/#website\",\"url\":\"https:\\\/\\\/www.turismoaguarda.es\\\/\",\"name\":\"Turismo A Guarda\",\"description\":\"Informaci\u00f3n tur\u00edstica de A Guarda y alrededores.\",\"potentialAction\":[{\"@type\":\"SearchAction\",\"target\":{\"@type\":\"EntryPoint\",\"urlTemplate\":\"https:\\\/\\\/www.turismoaguarda.es\\\/?s={search_term_string}\"},\"query-input\":{\"@type\":\"PropertyValueSpecification\",\"valueRequired\":true,\"valueName\":\"search_term_string\"}}],\"inLanguage\":\"gl\"},{\"@type\":\"Person\",\"@id\":\"https:\\\/\\\/www.turismoaguarda.es\\\/#\\\/schema\\\/person\\\/9282bb1649316a88a88b0eca34bd959b\",\"name\":\"Rosalia Verde\",\"image\":{\"@type\":\"ImageObject\",\"inLanguage\":\"gl\",\"@id\":\"https:\\\/\\\/secure.gravatar.com\\\/avatar\\\/40761cb45c6464d3a83ebde1e1f3fa222726fcacc4d5b5048a7920608c99e0e5?s=96&d=mm&r=g\",\"url\":\"https:\\\/\\\/secure.gravatar.com\\\/avatar\\\/40761cb45c6464d3a83ebde1e1f3fa222726fcacc4d5b5048a7920608c99e0e5?s=96&d=mm&r=g\",\"contentUrl\":\"https:\\\/\\\/secure.gravatar.com\\\/avatar\\\/40761cb45c6464d3a83ebde1e1f3fa222726fcacc4d5b5048a7920608c99e0e5?s=96&d=mm&r=g\",\"caption\":\"Rosalia Verde\"},\"url\":\"https:\\\/\\\/www.turismoaguarda.es\\\/gl\\\/author\\\/rosalia\\\/\"}]}<\/script>\n<!-- \/ Yoast SEO plugin. -->","yoast_head_json":{"title":"27\/01\/2021 Entrada en vigor das novas medidas de prevenci\u00f3n que afectan a hostaler\u00eda e aloxamento tur\u00edstico | Turismo A Guarda","robots":{"index":"index","follow":"follow","max-snippet":"max-snippet:-1","max-image-preview":"max-image-preview:large","max-video-preview":"max-video-preview:-1"},"canonical":"https:\/\/www.turismoaguarda.es\/gl\/27-01-2021-entrada-en-vigor-das-novas-medidas-de-prevencion-que-afectan-a-hostaleria-e-aloxamento-turistico\/","og_locale":"en_US","og_type":"article","og_title":"27\/01\/2021 Entrada en vigor das novas medidas de prevenci\u00f3n que afectan a hostaler\u00eda e aloxamento tur\u00edstico | Turismo A Guarda","og_description":"As novas medidas de prevenci\u00f3n definidas na orde do 26 de xaneiro entraron en vigor esta noite, do martes 26 ao 27 m\u00e9rcores de xaneiro. Estas medidas ser\u00e1n de aplicaci\u00f3n ata o m\u00e9rcores 17 de febreiro inclusive e decretan o peche total da hostaler\u00eda (bares e restaurantes). S\u00f3 se permite servizo para recoller no localLeer m\u00e1is","og_url":"https:\/\/www.turismoaguarda.es\/gl\/27-01-2021-entrada-en-vigor-das-novas-medidas-de-prevencion-que-afectan-a-hostaleria-e-aloxamento-turistico\/","og_site_name":"Turismo A Guarda","article_publisher":"https:\/\/es-es.facebook.com\/Turismo-A-Guarda-126223240790625\/","article_published_time":"2021-01-27T16:40:36+00:00","article_modified_time":"2021-01-27T19:22:41+00:00","author":"Rosalia Verde","twitter_card":"summary_large_image","twitter_creator":"@TurismoAGuarda","twitter_site":"@TurismoAGuarda","twitter_misc":{"Written by":"Rosalia Verde","Est. reading time":"2 minutes"},"schema":{"@context":"https:\/\/schema.org","@graph":[{"@type":"Article","@id":"https:\/\/www.turismoaguarda.es\/gl\/27-01-2021-entrada-en-vigor-das-novas-medidas-de-prevencion-que-afectan-a-hostaleria-e-aloxamento-turistico\/#article","isPartOf":{"@id":"https:\/\/www.turismoaguarda.es\/gl\/27-01-2021-entrada-en-vigor-das-novas-medidas-de-prevencion-que-afectan-a-hostaleria-e-aloxamento-turistico\/"},"author":{"name":"Rosalia Verde","@id":"https:\/\/www.turismoaguarda.es\/#\/schema\/person\/9282bb1649316a88a88b0eca34bd959b"},"headline":"27\/01\/2021 Entrada en vigor das novas medidas de prevenci\u00f3n que afectan a hostaler\u00eda e aloxamento tur\u00edstico","datePublished":"2021-01-27T16:40:36+00:00","dateModified":"2021-01-27T19:22:41+00:00","mainEntityOfPage":{"@id":"https:\/\/www.turismoaguarda.es\/gl\/27-01-2021-entrada-en-vigor-das-novas-medidas-de-prevencion-que-afectan-a-hostaleria-e-aloxamento-turistico\/"},"wordCount":434,"commentCount":0,"articleSection":["Novas Hostalar\u00eda"],"inLanguage":"gl","potentialAction":[{"@type":"CommentAction","name":"Comment","target":["https:\/\/www.turismoaguarda.es\/gl\/27-01-2021-entrada-en-vigor-das-novas-medidas-de-prevencion-que-afectan-a-hostaleria-e-aloxamento-turistico\/#respond"]}]},{"@type":"WebPage","@id":"https:\/\/www.turismoaguarda.es\/gl\/27-01-2021-entrada-en-vigor-das-novas-medidas-de-prevencion-que-afectan-a-hostaleria-e-aloxamento-turistico\/","url":"https:\/\/www.turismoaguarda.es\/gl\/27-01-2021-entrada-en-vigor-das-novas-medidas-de-prevencion-que-afectan-a-hostaleria-e-aloxamento-turistico\/","name":"27\/01\/2021 Entrada en vigor das novas medidas de prevenci\u00f3n que afectan a hostaler\u00eda e aloxamento tur\u00edstico | Turismo A Guarda","isPartOf":{"@id":"https:\/\/www.turismoaguarda.es\/#website"},"datePublished":"2021-01-27T16:40:36+00:00","dateModified":"2021-01-27T19:22:41+00:00","author":{"@id":"https:\/\/www.turismoaguarda.es\/#\/schema\/person\/9282bb1649316a88a88b0eca34bd959b"},"breadcrumb":{"@id":"https:\/\/www.turismoaguarda.es\/gl\/27-01-2021-entrada-en-vigor-das-novas-medidas-de-prevencion-que-afectan-a-hostaleria-e-aloxamento-turistico\/#breadcrumb"},"inLanguage":"gl","potentialAction":[{"@type":"ReadAction","target":["https:\/\/www.turismoaguarda.es\/gl\/27-01-2021-entrada-en-vigor-das-novas-medidas-de-prevencion-que-afectan-a-hostaleria-e-aloxamento-turistico\/"]}]},{"@type":"BreadcrumbList","@id":"https:\/\/www.turismoaguarda.es\/gl\/27-01-2021-entrada-en-vigor-das-novas-medidas-de-prevencion-que-afectan-a-hostaleria-e-aloxamento-turistico\/#breadcrumb","itemListElement":[{"@type":"ListItem","position":1,"name":"Portada","item":"https:\/\/www.turismoaguarda.es\/gl\/"},{"@type":"ListItem","position":2,"name":"27\/01\/2021 Entrada en vigor das novas medidas de prevenci\u00f3n que afectan a hostaler\u00eda e aloxamento tur\u00edstico"}]},{"@type":"WebSite","@id":"https:\/\/www.turismoaguarda.es\/#website","url":"https:\/\/www.turismoaguarda.es\/","name":"Turismo A Guarda","description":"Informaci\u00f3n tur\u00edstica de A Guarda y alrededores.","potentialAction":[{"@type":"SearchAction","target":{"@type":"EntryPoint","urlTemplate":"https:\/\/www.turismoaguarda.es\/?s={search_term_string}"},"query-input":{"@type":"PropertyValueSpecification","valueRequired":true,"valueName":"search_term_string"}}],"inLanguage":"gl"},{"@type":"Person","@id":"https:\/\/www.turismoaguarda.es\/#\/schema\/person\/9282bb1649316a88a88b0eca34bd959b","name":"Rosalia Verde","image":{"@type":"ImageObject","inLanguage":"gl","@id":"https:\/\/secure.gravatar.com\/avatar\/40761cb45c6464d3a83ebde1e1f3fa222726fcacc4d5b5048a7920608c99e0e5?s=96&d=mm&r=g","url":"https:\/\/secure.gravatar.com\/avatar\/40761cb45c6464d3a83ebde1e1f3fa222726fcacc4d5b5048a7920608c99e0e5?s=96&d=mm&r=g","contentUrl":"https:\/\/secure.gravatar.com\/avatar\/40761cb45c6464d3a83ebde1e1f3fa222726fcacc4d5b5048a7920608c99e0e5?s=96&d=mm&r=g","caption":"Rosalia Verde"},"url":"https:\/\/www.turismoaguarda.es\/gl\/author\/rosalia\/"}]}},"_links":{"self":[{"href":"https:\/\/www.turismoaguarda.es\/gl\/wp-json\/wp\/v2\/posts\/13635","targetHints":{"allow":["GET"]}}],"collection":[{"href":"https:\/\/www.turismoaguarda.es\/gl\/wp-json\/wp\/v2\/posts"}],"about":[{"href":"https:\/\/www.turismoaguarda.es\/gl\/wp-json\/wp\/v2\/types\/post"}],"author":[{"embeddable":true,"href":"https:\/\/www.turismoaguarda.es\/gl\/wp-json\/wp\/v2\/users\/7"}],"replies":[{"embeddable":true,"href":"https:\/\/www.turismoaguarda.es\/gl\/wp-json\/wp\/v2\/comments?post=13635"}],"version-history":[{"count":3,"href":"https:\/\/www.turismoaguarda.es\/gl\/wp-json\/wp\/v2\/posts\/13635\/revisions"}],"predecessor-version":[{"id":13640,"href":"https:\/\/www.turismoaguarda.es\/gl\/wp-json\/wp\/v2\/posts\/13635\/revisions\/13640"}],"wp:attachment":[{"href":"https:\/\/www.turismoaguarda.es\/gl\/wp-json\/wp\/v2\/media?parent=13635"}],"wp:term":[{"taxonomy":"category","embeddable":true,"href":"https:\/\/www.turismoaguarda.es\/gl\/wp-json\/wp\/v2\/categories?post=13635"},{"taxonomy":"post_tag","embeddable":true,"href":"https:\/\/www.turismoaguarda.es\/gl\/wp-json\/wp\/v2\/tags?post=13635"}],"curies":[{"name":"wp","href":"https:\/\/api.w.org\/{rel}","templated":true}]}}