{"id":13611,"date":"2021-01-22T16:49:53","date_gmt":"2021-01-22T15:49:53","guid":{"rendered":"https:\/\/www.turismoaguarda.es\/?p=13611"},"modified":"2021-01-22T16:49:53","modified_gmt":"2021-01-22T15:49:53","slug":"a-guarda-promove-o-proxecto-trega-20205","status":"publish","type":"post","link":"https:\/\/www.turismoaguarda.es\/gl\/a-guarda-promove-o-proxecto-trega-20205\/","title":{"rendered":"A Guarda promove o Proxecto Trega 2020+5"},"content":{"rendered":"<p><em><strong>\u2022 O proxecto Trega 2020+5 nace co obxectivo de recuperar e consolidar as partes das escavaci\u00f3ns antigas para facelas visibles<\/strong><\/em><br \/>\n<em><strong>\u2022 \u00c9 un plan integral de recuperaci\u00f3n do castro de 5 anualidades cun apartado de investigaci\u00f3n para obter novas informaci\u00f3ns sobre o mesmo.<\/strong><\/em><br \/>\n<em><strong>\u2022 Promovido polo Concello da Guarda e baixo a direcci\u00f3n cient\u00edfica de Brais Curr\u00e1s da EST-AP do CSIC<\/strong><\/em><br \/>\nO Concello da Guarda promove o Proxecto Trega 2020+5 co que se pretende desenvolver o potencial patrimonial, social, cultural e cient\u00edfico do castro de Sta. Trega a trav\u00e9s dunha actuaci\u00f3n integral, de car\u00e1cter conxunto e coordinado dos diferentes axentes sociais e entidades administrativas envoltas na conservaci\u00f3n e promoci\u00f3n do monte.<br \/>\nO Proxecto Trega 2020+5 desenv\u00f3lvese en torno a tres eixos fundamentais, recuperar e consolidar os sectores do castro escavados entre 1910 e 1930 e que hoxe se atopan abandonados, manter de forma sostida no tempo o conxunto das estruturas escavadas no castro e expostas ao p\u00fablico e investigar e afondar no co\u00f1ecemento arqueol\u00f3xico do castro, e crear contidos destinados \u00e1 divulgaci\u00f3n e ao desenvolvemento patrimonial.<\/p>\n<p>O castro de Sta. Trega conta cunha longa historia de actividade arqueol\u00f3xica, escrita cos nomes da Sociedad Pro Monte, Ignacio Calvo ou Cayetano de Mergelina, entre outros.<\/p>\n<p>No marco do proxecto Trega 2020+5 proponse a reescavaci\u00f3n de varios sectores do castro. A actuaci\u00f3n arqueol\u00f3xica cunha metodolox\u00eda arqueol\u00f3xica permitir\u00e1 recuperar boa parte da informaci\u00f3n dos traballos antigos e afondar no seu co\u00f1ecemento por medio da aplicaci\u00f3n das novas tecnolox\u00edas.<\/p>\n<p>O proxecto Trega 2020+5 permitir\u00e1 agora consolidar ao castro como un referente na aprendizaxe dos arque\u00f3logos do futuro por medio dunha escola permanente de arqueolox\u00eda na que cada ver\u00e1n 5 alumnos do m\u00e1ster en Arqueolox\u00eda e Ciencias da Antig\u00fcidade da USC ter\u00e1n oportunidade de formarse como profesionais, levando a cabo pr\u00e1cticas de escavaci\u00f3n, rexistro, topograf\u00eda, flotaci\u00f3n ou mostraxe.<\/p>\n<p>Baixo a direcci\u00f3n cient\u00edfica de Brais Curr\u00e1s da EST-AP do CSIC, e nun proxecto de 5 anualidades, os traballos de recuperaci\u00f3n das escavaci\u00f3ns antigas do castro permitir\u00e1n acceder a novos datos que aportar\u00e1n un co\u00f1ecemento m\u00e1is fondo do asentamento.<\/p>\n<p>O proxecto Trega 2020+5 conta co Concello da Guarda coma promotor e tam\u00e9n coa colaboraci\u00f3n do Padroado do Monte Santa Trega e as Comunidades de Montes da Guarda e de Camposancos<\/p>\n","protected":false},"excerpt":{"rendered":"<p>\u2022 O proxecto Trega 2020+5 nace co obxectivo de recuperar e consolidar as partes das escavaci\u00f3ns antigas para facelas visibles \u2022 \u00c9 un plan integral de recuperaci\u00f3n do castro de 5 anualidades cun apartado de investigaci\u00f3n para obter novas informaci\u00f3ns sobre o mesmo. \u2022 Promovido polo Concello da Guarda e baixo a direcci\u00f3n cient\u00edfica de<\/p>\n<div class=\"padding-top text-center\"><a href=\"https:\/\/www.turismoaguarda.es\/gl\/a-guarda-promove-o-proxecto-trega-20205\/\" class=\"atbtn atbtn--medium atbtn--rounded atbtn--transparent\">Leer m\u00e1is<i class=\"atbtn__icon atbtn__icon--right fa fa-long-arrow-right\"><\/i><\/a><\/div>\n","protected":false},"author":11,"featured_media":13612,"comment_status":"open","ping_status":"open","sticky":false,"template":"","format":"standard","meta":{"footnotes":""},"categories":[94],"tags":[170,559,219,1828,171],"class_list":["post-13611","post","type-post","status-publish","format-standard","has-post-thumbnail","hentry","category-novas-turismo","tag-a-guarda-gl","tag-patrimonio-gl","tag-santa-trega-gl","tag-trega-20205","tag-turismo-gl"],"yoast_head":"<!-- This site is optimized with the Yoast SEO plugin v27.5 - https:\/\/yoast.com\/product\/yoast-seo-wordpress\/ -->\n<title>A Guarda promove o Proxecto Trega 2020+5 | Turismo A Guarda<\/title>\n<meta name=\"description\" content=\"\u00c9 un plan integral de recuperaci\u00f3n do castro de 5 anualidades cun apartado de investigaci\u00f3n para obter novas informaci\u00f3ns sobre o mesmo.\" \/>\n<meta name=\"robots\" content=\"index, follow, max-snippet:-1, max-image-preview:large, max-video-preview:-1\" \/>\n<link rel=\"canonical\" href=\"https:\/\/www.turismoaguarda.es\/gl\/a-guarda-promove-o-proxecto-trega-20205\/\" \/>\n<meta property=\"og:locale\" content=\"en_US\" \/>\n<meta property=\"og:type\" content=\"article\" \/>\n<meta property=\"og:title\" content=\"A Guarda promove o Proxecto Trega 2020+5 | Turismo A Guarda\" \/>\n<meta property=\"og:description\" content=\"\u00c9 un plan integral de recuperaci\u00f3n do castro de 5 anualidades cun apartado de investigaci\u00f3n para obter novas informaci\u00f3ns sobre o mesmo.\" \/>\n<meta property=\"og:url\" content=\"https:\/\/www.turismoaguarda.es\/gl\/a-guarda-promove-o-proxecto-trega-20205\/\" \/>\n<meta property=\"og:site_name\" content=\"Turismo A Guarda\" \/>\n<meta property=\"article:publisher\" content=\"https:\/\/es-es.facebook.com\/Turismo-A-Guarda-126223240790625\/\" \/>\n<meta property=\"article:published_time\" content=\"2021-01-22T15:49:53+00:00\" \/>\n<meta property=\"og:image\" content=\"https:\/\/www.turismoaguarda.es\/wp-content\/uploads\/2021\/01\/Sin-t\u00edtulo-1.jpg\" \/>\n\t<meta property=\"og:image:width\" content=\"800\" \/>\n\t<meta property=\"og:image:height\" content=\"842\" \/>\n\t<meta property=\"og:image:type\" content=\"image\/jpeg\" \/>\n<meta name=\"author\" content=\"Prensa A Guarda\" \/>\n<meta name=\"twitter:card\" content=\"summary_large_image\" \/>\n<meta name=\"twitter:creator\" content=\"@TurismoAGuarda\" \/>\n<meta name=\"twitter:site\" content=\"@TurismoAGuarda\" \/>\n<meta name=\"twitter:label1\" content=\"Written by\" \/>\n\t<meta name=\"twitter:data1\" content=\"Prensa A Guarda\" \/>\n\t<meta name=\"twitter:label2\" content=\"Est. reading time\" \/>\n\t<meta name=\"twitter:data2\" content=\"2 minutes\" \/>\n<script type=\"application\/ld+json\" class=\"yoast-schema-graph\">{\"@context\":\"https:\\\/\\\/schema.org\",\"@graph\":[{\"@type\":\"Article\",\"@id\":\"https:\\\/\\\/www.turismoaguarda.es\\\/gl\\\/a-guarda-promove-o-proxecto-trega-20205\\\/#article\",\"isPartOf\":{\"@id\":\"https:\\\/\\\/www.turismoaguarda.es\\\/gl\\\/a-guarda-promove-o-proxecto-trega-20205\\\/\"},\"author\":{\"name\":\"Prensa A Guarda\",\"@id\":\"https:\\\/\\\/www.turismoaguarda.es\\\/#\\\/schema\\\/person\\\/a8b0c27ad7bcbb6c19799e934727508e\"},\"headline\":\"A Guarda promove o Proxecto Trega 2020+5\",\"datePublished\":\"2021-01-22T15:49:53+00:00\",\"mainEntityOfPage\":{\"@id\":\"https:\\\/\\\/www.turismoaguarda.es\\\/gl\\\/a-guarda-promove-o-proxecto-trega-20205\\\/\"},\"wordCount\":412,\"commentCount\":0,\"image\":{\"@id\":\"https:\\\/\\\/www.turismoaguarda.es\\\/gl\\\/a-guarda-promove-o-proxecto-trega-20205\\\/#primaryimage\"},\"thumbnailUrl\":\"https:\\\/\\\/www.turismoaguarda.es\\\/wp-content\\\/uploads\\\/2021\\\/01\\\/Sin-t\u00edtulo-1.jpg\",\"keywords\":[\"A Guarda\",\"Patrimonio\",\"Santa Trega\",\"Trega 2020+5\",\"turismo\"],\"articleSection\":[\"Novas Turismo\"],\"inLanguage\":\"gl\",\"potentialAction\":[{\"@type\":\"CommentAction\",\"name\":\"Comment\",\"target\":[\"https:\\\/\\\/www.turismoaguarda.es\\\/gl\\\/a-guarda-promove-o-proxecto-trega-20205\\\/#respond\"]}]},{\"@type\":\"WebPage\",\"@id\":\"https:\\\/\\\/www.turismoaguarda.es\\\/gl\\\/a-guarda-promove-o-proxecto-trega-20205\\\/\",\"url\":\"https:\\\/\\\/www.turismoaguarda.es\\\/gl\\\/a-guarda-promove-o-proxecto-trega-20205\\\/\",\"name\":\"A Guarda promove o Proxecto Trega 2020+5 | Turismo A Guarda\",\"isPartOf\":{\"@id\":\"https:\\\/\\\/www.turismoaguarda.es\\\/#website\"},\"primaryImageOfPage\":{\"@id\":\"https:\\\/\\\/www.turismoaguarda.es\\\/gl\\\/a-guarda-promove-o-proxecto-trega-20205\\\/#primaryimage\"},\"image\":{\"@id\":\"https:\\\/\\\/www.turismoaguarda.es\\\/gl\\\/a-guarda-promove-o-proxecto-trega-20205\\\/#primaryimage\"},\"thumbnailUrl\":\"https:\\\/\\\/www.turismoaguarda.es\\\/wp-content\\\/uploads\\\/2021\\\/01\\\/Sin-t\u00edtulo-1.jpg\",\"datePublished\":\"2021-01-22T15:49:53+00:00\",\"author\":{\"@id\":\"https:\\\/\\\/www.turismoaguarda.es\\\/#\\\/schema\\\/person\\\/a8b0c27ad7bcbb6c19799e934727508e\"},\"description\":\"\u00c9 un plan integral de recuperaci\u00f3n do castro de 5 anualidades cun apartado de investigaci\u00f3n para obter novas informaci\u00f3ns sobre o mesmo.\",\"breadcrumb\":{\"@id\":\"https:\\\/\\\/www.turismoaguarda.es\\\/gl\\\/a-guarda-promove-o-proxecto-trega-20205\\\/#breadcrumb\"},\"inLanguage\":\"gl\",\"potentialAction\":[{\"@type\":\"ReadAction\",\"target\":[\"https:\\\/\\\/www.turismoaguarda.es\\\/gl\\\/a-guarda-promove-o-proxecto-trega-20205\\\/\"]}]},{\"@type\":\"ImageObject\",\"inLanguage\":\"gl\",\"@id\":\"https:\\\/\\\/www.turismoaguarda.es\\\/gl\\\/a-guarda-promove-o-proxecto-trega-20205\\\/#primaryimage\",\"url\":\"https:\\\/\\\/www.turismoaguarda.es\\\/wp-content\\\/uploads\\\/2021\\\/01\\\/Sin-t\u00edtulo-1.jpg\",\"contentUrl\":\"https:\\\/\\\/www.turismoaguarda.es\\\/wp-content\\\/uploads\\\/2021\\\/01\\\/Sin-t\u00edtulo-1.jpg\",\"width\":800,\"height\":842},{\"@type\":\"BreadcrumbList\",\"@id\":\"https:\\\/\\\/www.turismoaguarda.es\\\/gl\\\/a-guarda-promove-o-proxecto-trega-20205\\\/#breadcrumb\",\"itemListElement\":[{\"@type\":\"ListItem\",\"position\":1,\"name\":\"Portada\",\"item\":\"https:\\\/\\\/www.turismoaguarda.es\\\/gl\\\/\"},{\"@type\":\"ListItem\",\"position\":2,\"name\":\"A Guarda promove o Proxecto Trega 2020+5\"}]},{\"@type\":\"WebSite\",\"@id\":\"https:\\\/\\\/www.turismoaguarda.es\\\/#website\",\"url\":\"https:\\\/\\\/www.turismoaguarda.es\\\/\",\"name\":\"Turismo A Guarda\",\"description\":\"Informaci\u00f3n tur\u00edstica de A Guarda y alrededores.\",\"potentialAction\":[{\"@type\":\"SearchAction\",\"target\":{\"@type\":\"EntryPoint\",\"urlTemplate\":\"https:\\\/\\\/www.turismoaguarda.es\\\/?s={search_term_string}\"},\"query-input\":{\"@type\":\"PropertyValueSpecification\",\"valueRequired\":true,\"valueName\":\"search_term_string\"}}],\"inLanguage\":\"gl\"},{\"@type\":\"Person\",\"@id\":\"https:\\\/\\\/www.turismoaguarda.es\\\/#\\\/schema\\\/person\\\/a8b0c27ad7bcbb6c19799e934727508e\",\"name\":\"Prensa A Guarda\",\"image\":{\"@type\":\"ImageObject\",\"inLanguage\":\"gl\",\"@id\":\"https:\\\/\\\/secure.gravatar.com\\\/avatar\\\/387e117f874ba5d0a3439060b45d914395d77287b2e4890a49d1599fc3ef9189?s=96&d=mm&r=g\",\"url\":\"https:\\\/\\\/secure.gravatar.com\\\/avatar\\\/387e117f874ba5d0a3439060b45d914395d77287b2e4890a49d1599fc3ef9189?s=96&d=mm&r=g\",\"contentUrl\":\"https:\\\/\\\/secure.gravatar.com\\\/avatar\\\/387e117f874ba5d0a3439060b45d914395d77287b2e4890a49d1599fc3ef9189?s=96&d=mm&r=g\",\"caption\":\"Prensa A Guarda\"},\"url\":\"https:\\\/\\\/www.turismoaguarda.es\\\/gl\\\/author\\\/prensa\\\/\"}]}<\/script>\n<!-- \/ Yoast SEO plugin. -->","yoast_head_json":{"title":"A Guarda promove o Proxecto Trega 2020+5 | Turismo A Guarda","description":"\u00c9 un plan integral de recuperaci\u00f3n do castro de 5 anualidades cun apartado de investigaci\u00f3n para obter novas informaci\u00f3ns sobre o mesmo.","robots":{"index":"index","follow":"follow","max-snippet":"max-snippet:-1","max-image-preview":"max-image-preview:large","max-video-preview":"max-video-preview:-1"},"canonical":"https:\/\/www.turismoaguarda.es\/gl\/a-guarda-promove-o-proxecto-trega-20205\/","og_locale":"en_US","og_type":"article","og_title":"A Guarda promove o Proxecto Trega 2020+5 | Turismo A Guarda","og_description":"\u00c9 un plan integral de recuperaci\u00f3n do castro de 5 anualidades cun apartado de investigaci\u00f3n para obter novas informaci\u00f3ns sobre o mesmo.","og_url":"https:\/\/www.turismoaguarda.es\/gl\/a-guarda-promove-o-proxecto-trega-20205\/","og_site_name":"Turismo A Guarda","article_publisher":"https:\/\/es-es.facebook.com\/Turismo-A-Guarda-126223240790625\/","article_published_time":"2021-01-22T15:49:53+00:00","og_image":[{"width":800,"height":842,"url":"https:\/\/www.turismoaguarda.es\/wp-content\/uploads\/2021\/01\/Sin-t\u00edtulo-1.jpg","type":"image\/jpeg"}],"author":"Prensa A Guarda","twitter_card":"summary_large_image","twitter_creator":"@TurismoAGuarda","twitter_site":"@TurismoAGuarda","twitter_misc":{"Written by":"Prensa A Guarda","Est. reading time":"2 minutes"},"schema":{"@context":"https:\/\/schema.org","@graph":[{"@type":"Article","@id":"https:\/\/www.turismoaguarda.es\/gl\/a-guarda-promove-o-proxecto-trega-20205\/#article","isPartOf":{"@id":"https:\/\/www.turismoaguarda.es\/gl\/a-guarda-promove-o-proxecto-trega-20205\/"},"author":{"name":"Prensa A Guarda","@id":"https:\/\/www.turismoaguarda.es\/#\/schema\/person\/a8b0c27ad7bcbb6c19799e934727508e"},"headline":"A Guarda promove o Proxecto Trega 2020+5","datePublished":"2021-01-22T15:49:53+00:00","mainEntityOfPage":{"@id":"https:\/\/www.turismoaguarda.es\/gl\/a-guarda-promove-o-proxecto-trega-20205\/"},"wordCount":412,"commentCount":0,"image":{"@id":"https:\/\/www.turismoaguarda.es\/gl\/a-guarda-promove-o-proxecto-trega-20205\/#primaryimage"},"thumbnailUrl":"https:\/\/www.turismoaguarda.es\/wp-content\/uploads\/2021\/01\/Sin-t\u00edtulo-1.jpg","keywords":["A Guarda","Patrimonio","Santa Trega","Trega 2020+5","turismo"],"articleSection":["Novas Turismo"],"inLanguage":"gl","potentialAction":[{"@type":"CommentAction","name":"Comment","target":["https:\/\/www.turismoaguarda.es\/gl\/a-guarda-promove-o-proxecto-trega-20205\/#respond"]}]},{"@type":"WebPage","@id":"https:\/\/www.turismoaguarda.es\/gl\/a-guarda-promove-o-proxecto-trega-20205\/","url":"https:\/\/www.turismoaguarda.es\/gl\/a-guarda-promove-o-proxecto-trega-20205\/","name":"A Guarda promove o Proxecto Trega 2020+5 | Turismo A Guarda","isPartOf":{"@id":"https:\/\/www.turismoaguarda.es\/#website"},"primaryImageOfPage":{"@id":"https:\/\/www.turismoaguarda.es\/gl\/a-guarda-promove-o-proxecto-trega-20205\/#primaryimage"},"image":{"@id":"https:\/\/www.turismoaguarda.es\/gl\/a-guarda-promove-o-proxecto-trega-20205\/#primaryimage"},"thumbnailUrl":"https:\/\/www.turismoaguarda.es\/wp-content\/uploads\/2021\/01\/Sin-t\u00edtulo-1.jpg","datePublished":"2021-01-22T15:49:53+00:00","author":{"@id":"https:\/\/www.turismoaguarda.es\/#\/schema\/person\/a8b0c27ad7bcbb6c19799e934727508e"},"description":"\u00c9 un plan integral de recuperaci\u00f3n do castro de 5 anualidades cun apartado de investigaci\u00f3n para obter novas informaci\u00f3ns sobre o mesmo.","breadcrumb":{"@id":"https:\/\/www.turismoaguarda.es\/gl\/a-guarda-promove-o-proxecto-trega-20205\/#breadcrumb"},"inLanguage":"gl","potentialAction":[{"@type":"ReadAction","target":["https:\/\/www.turismoaguarda.es\/gl\/a-guarda-promove-o-proxecto-trega-20205\/"]}]},{"@type":"ImageObject","inLanguage":"gl","@id":"https:\/\/www.turismoaguarda.es\/gl\/a-guarda-promove-o-proxecto-trega-20205\/#primaryimage","url":"https:\/\/www.turismoaguarda.es\/wp-content\/uploads\/2021\/01\/Sin-t\u00edtulo-1.jpg","contentUrl":"https:\/\/www.turismoaguarda.es\/wp-content\/uploads\/2021\/01\/Sin-t\u00edtulo-1.jpg","width":800,"height":842},{"@type":"BreadcrumbList","@id":"https:\/\/www.turismoaguarda.es\/gl\/a-guarda-promove-o-proxecto-trega-20205\/#breadcrumb","itemListElement":[{"@type":"ListItem","position":1,"name":"Portada","item":"https:\/\/www.turismoaguarda.es\/gl\/"},{"@type":"ListItem","position":2,"name":"A Guarda promove o Proxecto Trega 2020+5"}]},{"@type":"WebSite","@id":"https:\/\/www.turismoaguarda.es\/#website","url":"https:\/\/www.turismoaguarda.es\/","name":"Turismo A Guarda","description":"Informaci\u00f3n tur\u00edstica de A Guarda y alrededores.","potentialAction":[{"@type":"SearchAction","target":{"@type":"EntryPoint","urlTemplate":"https:\/\/www.turismoaguarda.es\/?s={search_term_string}"},"query-input":{"@type":"PropertyValueSpecification","valueRequired":true,"valueName":"search_term_string"}}],"inLanguage":"gl"},{"@type":"Person","@id":"https:\/\/www.turismoaguarda.es\/#\/schema\/person\/a8b0c27ad7bcbb6c19799e934727508e","name":"Prensa A Guarda","image":{"@type":"ImageObject","inLanguage":"gl","@id":"https:\/\/secure.gravatar.com\/avatar\/387e117f874ba5d0a3439060b45d914395d77287b2e4890a49d1599fc3ef9189?s=96&d=mm&r=g","url":"https:\/\/secure.gravatar.com\/avatar\/387e117f874ba5d0a3439060b45d914395d77287b2e4890a49d1599fc3ef9189?s=96&d=mm&r=g","contentUrl":"https:\/\/secure.gravatar.com\/avatar\/387e117f874ba5d0a3439060b45d914395d77287b2e4890a49d1599fc3ef9189?s=96&d=mm&r=g","caption":"Prensa A Guarda"},"url":"https:\/\/www.turismoaguarda.es\/gl\/author\/prensa\/"}]}},"_links":{"self":[{"href":"https:\/\/www.turismoaguarda.es\/gl\/wp-json\/wp\/v2\/posts\/13611","targetHints":{"allow":["GET"]}}],"collection":[{"href":"https:\/\/www.turismoaguarda.es\/gl\/wp-json\/wp\/v2\/posts"}],"about":[{"href":"https:\/\/www.turismoaguarda.es\/gl\/wp-json\/wp\/v2\/types\/post"}],"author":[{"embeddable":true,"href":"https:\/\/www.turismoaguarda.es\/gl\/wp-json\/wp\/v2\/users\/11"}],"replies":[{"embeddable":true,"href":"https:\/\/www.turismoaguarda.es\/gl\/wp-json\/wp\/v2\/comments?post=13611"}],"version-history":[{"count":1,"href":"https:\/\/www.turismoaguarda.es\/gl\/wp-json\/wp\/v2\/posts\/13611\/revisions"}],"predecessor-version":[{"id":13615,"href":"https:\/\/www.turismoaguarda.es\/gl\/wp-json\/wp\/v2\/posts\/13611\/revisions\/13615"}],"wp:featuredmedia":[{"embeddable":true,"href":"https:\/\/www.turismoaguarda.es\/gl\/wp-json\/wp\/v2\/media\/13612"}],"wp:attachment":[{"href":"https:\/\/www.turismoaguarda.es\/gl\/wp-json\/wp\/v2\/media?parent=13611"}],"wp:term":[{"taxonomy":"category","embeddable":true,"href":"https:\/\/www.turismoaguarda.es\/gl\/wp-json\/wp\/v2\/categories?post=13611"},{"taxonomy":"post_tag","embeddable":true,"href":"https:\/\/www.turismoaguarda.es\/gl\/wp-json\/wp\/v2\/tags?post=13611"}],"curies":[{"name":"wp","href":"https:\/\/api.w.org\/{rel}","templated":true}]}}