{"id":13139,"date":"2020-09-25T10:25:07","date_gmt":"2020-09-25T08:25:07","guid":{"rendered":"https:\/\/www.turismoaguarda.es\/?p=13139"},"modified":"2020-09-25T10:25:07","modified_gmt":"2020-09-25T08:25:07","slug":"o-concheiro-do-castro-de-sta-trega-a-guarda-abrese-ao-publico-tras-meses-de-actuacions-para-a-sua-posta-en-valor","status":"publish","type":"post","link":"https:\/\/www.turismoaguarda.es\/gl\/o-concheiro-do-castro-de-sta-trega-a-guarda-abrese-ao-publico-tras-meses-de-actuacions-para-a-sua-posta-en-valor\/","title":{"rendered":"O concheiro do castro de Sta. Trega (A Guarda) \u00e1brese ao p\u00fablico tras meses de actuaci\u00f3ns para a s\u00faa posta en valor"},"content":{"rendered":"<p>-As actuaci\u00f3ns enm\u00e1rcanse no proxecto \u201cEscavaci\u00f3n, an\u00e1lise e sinalizaci\u00f3n do concheiro da porta Sur do castro de Sta. Trega (A Guarda\u201d, dirixido por Brais X. Curr\u00e1s Refojos, investigador posdoutoral do CSIC, e promovido polo Concello da Guarda a trav\u00e9s da Deputaci\u00f3n de Pontevedra.<\/p>\n<p>O Consello Superior de Investigaci\u00f3ns Cient\u00edficas (CSIC) dirixe o proxecto encami\u00f1ado \u00e1 posta en valor do concheiro do castro de Sta. Trega (A Guarda), que dende estes d\u00edas p\u00f3dese visitar tras meses de actuaci\u00f3ns que inclu\u00edron limpeza da vexetaci\u00f3n da porta sur do castro do Monte Trega, sondaxe arqueol\u00f3xica, estudo de arqueofauna e levantamento fotogram\u00e9trico das estruturas escavadas, e que conclu\u00edron coa instalaci\u00f3n dun panel informativo cuxo cometido \u00e9 que os visitantes co\u00f1ezan los principais resultados deste estudo.<\/p>\n<p>O equipo de traballo est\u00e1 dirixido por Brais X. Curr\u00e1s Refojos, investigador posdoutoral do CSIC no Instituto de Historia do Centro de Ciencias Humanas e Socias (Madrid). Colabora a empresa Terra-Arqueos e os grupos de investigaci\u00f3n Zooarqueolox\u00eda (Universidade de Le\u00f3n), con Carlos Fern\u00e1ndez Rodr\u00edguez ao fronte, e Paleoeconom\u00eda e Subsistencia das Sociedades Preindustriais (CSIC) con Marta Moreno.<\/p>\n<p>\u201cO concheiro, que se atopa ao lado da porta de entrada ao castro do Monte Trega, constitu\u00eda unha especie de vertedoiro para os seus habitantes. A d\u00eda de hoxe, \u00e9 unha fonte de informaci\u00f3n incalculable pois a trav\u00e9s do seu estudo podemos co\u00f1ecer numerosos aspectos da vida coti\u00e1 das persoas que viviron no castro\u201d, explica Brais X. Curr\u00e1s, quen engade que \u201co proxecto ten fin \u00faltimo constitu\u00edr unha ferramenta coa que se promova un turismo de calidade\u201d.<\/p>\n<p>O proxecto foi financiado polo Concello da Guarda a trav\u00e9s da convocatoria 2019 de Axudas para a rehabilitaci\u00f3n e sinalizaci\u00f3n do patrimonio hist\u00f3rico e cultural da Deputaci\u00f3n de Pontevedra.<\/p>\n<p>\u201cA zona do concheiro do castro do Monte Trega fora xa obxecto de escavaci\u00f3ns entre 1910 e 1930, realizadas pola Sociedade Pro-Monte, Ignacio Calvo e Cayetano de Mergelina, e dende ent\u00f3n permanec\u00eda abandonada. Os resultados que arestora temos obtido revelan a existencia dunha gander\u00eda na que predominan ovellas e cabras de moi pequeno tama\u00f1o, document\u00e1ndose tam\u00e9n a presencia de porcos e vacas, as\u00ed coma un dominio total de moluscos e crust\u00e1ceos propios das zonas rochosas, principalmente lapas, pero tam\u00e9n mexill\u00f3ns, b\u00edgaros e percebes. Os ourizos tam\u00e9n foron importantes, sendo menos com\u00fan o consumo de cangrexos\u201d, explica Brais X. Curr\u00e1s, quen engade que \u201cen canto \u00e1 actividade pesqueira, se constatou que se practicou fundamentalmente con amocelo nas zonas m\u00e1is preto da costa. Abunda a lubina, acompa\u00f1ada en moita menor medida de dourada, sargo e maragota, entre outros pescados\u201d.<\/p>\n<p>Os resultados do estudio do concheiro se dan a co\u00f1ecer ao p\u00fablico xeral a trav\u00e9s dun panel informativo, sito na porta sur. O panel aborda os seguintes aspectos:<\/p>\n<p>1) Explicaci\u00f3n da cronolox\u00eda do poboado e o concheiro, as\u00ed como das pr\u00e1cticas de consumo dos habitantes do castro.<\/p>\n<p>2) Recreaci\u00f3n gr\u00e1fica das edificaci\u00f3ns da porta sur.<\/p>\n<p>3) Planimetr\u00eda do castro e localizaci\u00f3n da porta sur.<\/p>\n<p>4) Representaci\u00f3n gr\u00e1fica das principais especies presentes no concheiro.<\/p>\n<p>5) Cartograf\u00eda del entorno del Monte Tegra con la localizaci\u00f3n del poblado antiguo y de zonas de captaci\u00f3n de recursos pesqueros y marisqueros identificados en el castro.<\/p>\n<p>Nos pr\u00f3ximos meses continuarase afondando no co\u00f1ecemento do castro do Trega no marco del proxecto LOKI: Econom\u00edas locais, econom\u00eda imperial: Occidente da Pen\u00ednsula Ib\u00e9rica (s\u00e9culo II a.C.-s\u00e9culo II d.C.), financiado polo Plan Estatal de Investigaci\u00f3n Cient\u00edfica e T\u00e9cnica e de Innovaci\u00f3n do Ministerio de Ciencia, dirixido dende o CSIC por In\u00e9s Sastre.<\/p>\n<p>\u201cSe realizar\u00e1n dataci\u00f3ns de C14 que permitir\u00e1n co\u00f1ecer o momento de fundaci\u00f3n da muralla do poboado, se estudiar\u00e1 a evoluci\u00f3n ambiental a trav\u00e9s do pole e se analizar\u00e1n as sementes recollidas no concheiro. Menci\u00f3n especial merece a identificaci\u00f3n dun dente humano, que ser\u00e1 analizado na universidade alem\u00e1 de T\u00fcbingen\u201d, avanzan dende o CSIC.<\/p>\n<p><iframe loading=\"lazy\" src=\"https:\/\/www.youtube.com\/embed\/R7DvSHqHMTc\" width=\"560\" height=\"315\" frameborder=\"0\" allowfullscreen=\"allowfullscreen\"><\/iframe><\/p>\n","protected":false},"excerpt":{"rendered":"<p>-As actuaci\u00f3ns enm\u00e1rcanse no proxecto \u201cEscavaci\u00f3n, an\u00e1lise e sinalizaci\u00f3n do concheiro da porta Sur do castro de Sta. Trega (A Guarda\u201d, dirixido por Brais X. Curr\u00e1s Refojos, investigador posdoutoral do CSIC, e promovido polo Concello da Guarda a trav\u00e9s da Deputaci\u00f3n de Pontevedra. O Consello Superior de Investigaci\u00f3ns Cient\u00edficas (CSIC) dirixe o proxecto encami\u00f1ado \u00e1<\/p>\n<div class=\"padding-top text-center\"><a href=\"https:\/\/www.turismoaguarda.es\/gl\/o-concheiro-do-castro-de-sta-trega-a-guarda-abrese-ao-publico-tras-meses-de-actuacions-para-a-sua-posta-en-valor\/\" class=\"atbtn atbtn--medium atbtn--rounded atbtn--transparent\">Leer m\u00e1is<i class=\"atbtn__icon atbtn__icon--right fa fa-long-arrow-right\"><\/i><\/a><\/div>\n","protected":false},"author":11,"featured_media":13140,"comment_status":"open","ping_status":"open","sticky":false,"template":"","format":"standard","meta":{"footnotes":""},"categories":[94],"tags":[170,1791,1790,559,1792,219,171],"class_list":["post-13139","post","type-post","status-publish","format-standard","has-post-thumbnail","hentry","category-novas-turismo","tag-a-guarda-gl","tag-castro","tag-concheiro","tag-patrimonio-gl","tag-posta-en-valor","tag-santa-trega-gl","tag-turismo-gl"],"yoast_head":"<!-- This site is optimized with the Yoast SEO plugin v27.4 - https:\/\/yoast.com\/product\/yoast-seo-wordpress\/ -->\n<title>O concheiro do castro de Sta. Trega (A Guarda) \u00e1brese ao p\u00fablico tras meses de actuaci\u00f3ns para a s\u00faa posta en valor | Turismo A Guarda<\/title>\n<meta name=\"robots\" content=\"index, follow, max-snippet:-1, max-image-preview:large, max-video-preview:-1\" \/>\n<link rel=\"canonical\" href=\"https:\/\/www.turismoaguarda.es\/gl\/o-concheiro-do-castro-de-sta-trega-a-guarda-abrese-ao-publico-tras-meses-de-actuacions-para-a-sua-posta-en-valor\/\" \/>\n<meta property=\"og:locale\" content=\"en_US\" \/>\n<meta property=\"og:type\" content=\"article\" \/>\n<meta property=\"og:title\" content=\"O concheiro do castro de Sta. Trega (A Guarda) \u00e1brese ao p\u00fablico tras meses de actuaci\u00f3ns para a s\u00faa posta en valor | Turismo A Guarda\" \/>\n<meta property=\"og:description\" content=\"-As actuaci\u00f3ns enm\u00e1rcanse no proxecto \u201cEscavaci\u00f3n, an\u00e1lise e sinalizaci\u00f3n do concheiro da porta Sur do castro de Sta. Trega (A Guarda\u201d, dirixido por Brais X. Curr\u00e1s Refojos, investigador posdoutoral do CSIC, e promovido polo Concello da Guarda a trav\u00e9s da Deputaci\u00f3n de Pontevedra. O Consello Superior de Investigaci\u00f3ns Cient\u00edficas (CSIC) dirixe o proxecto encami\u00f1ado \u00e1Leer m\u00e1is\" \/>\n<meta property=\"og:url\" content=\"https:\/\/www.turismoaguarda.es\/gl\/o-concheiro-do-castro-de-sta-trega-a-guarda-abrese-ao-publico-tras-meses-de-actuacions-para-a-sua-posta-en-valor\/\" \/>\n<meta property=\"og:site_name\" content=\"Turismo A Guarda\" \/>\n<meta property=\"article:publisher\" content=\"https:\/\/es-es.facebook.com\/Turismo-A-Guarda-126223240790625\/\" \/>\n<meta property=\"article:published_time\" content=\"2020-09-25T08:25:07+00:00\" \/>\n<meta property=\"og:image\" content=\"https:\/\/www.turismoaguarda.es\/wp-content\/uploads\/2020\/09\/NP-25092020-El-conchero-del-castro-de-Sta.-Tegra-A-Guarda-se-abre-al-p\u00fablico-copia.jpg\" \/>\n\t<meta property=\"og:image:width\" content=\"800\" \/>\n\t<meta property=\"og:image:height\" content=\"600\" \/>\n\t<meta property=\"og:image:type\" content=\"image\/jpeg\" \/>\n<meta name=\"author\" content=\"Prensa A Guarda\" \/>\n<meta name=\"twitter:card\" content=\"summary_large_image\" \/>\n<meta name=\"twitter:creator\" content=\"@TurismoAGuarda\" \/>\n<meta name=\"twitter:site\" content=\"@TurismoAGuarda\" \/>\n<meta name=\"twitter:label1\" content=\"Written by\" \/>\n\t<meta name=\"twitter:data1\" content=\"Prensa A Guarda\" \/>\n\t<meta name=\"twitter:label2\" content=\"Est. reading time\" \/>\n\t<meta name=\"twitter:data2\" content=\"4 minutes\" \/>\n<script type=\"application\/ld+json\" class=\"yoast-schema-graph\">{\"@context\":\"https:\\\/\\\/schema.org\",\"@graph\":[{\"@type\":\"Article\",\"@id\":\"https:\\\/\\\/www.turismoaguarda.es\\\/gl\\\/o-concheiro-do-castro-de-sta-trega-a-guarda-abrese-ao-publico-tras-meses-de-actuacions-para-a-sua-posta-en-valor\\\/#article\",\"isPartOf\":{\"@id\":\"https:\\\/\\\/www.turismoaguarda.es\\\/gl\\\/o-concheiro-do-castro-de-sta-trega-a-guarda-abrese-ao-publico-tras-meses-de-actuacions-para-a-sua-posta-en-valor\\\/\"},\"author\":{\"name\":\"Prensa A Guarda\",\"@id\":\"https:\\\/\\\/www.turismoaguarda.es\\\/#\\\/schema\\\/person\\\/a8b0c27ad7bcbb6c19799e934727508e\"},\"headline\":\"O concheiro do castro de Sta. Trega (A Guarda) \u00e1brese ao p\u00fablico tras meses de actuaci\u00f3ns para a s\u00faa posta en valor\",\"datePublished\":\"2020-09-25T08:25:07+00:00\",\"mainEntityOfPage\":{\"@id\":\"https:\\\/\\\/www.turismoaguarda.es\\\/gl\\\/o-concheiro-do-castro-de-sta-trega-a-guarda-abrese-ao-publico-tras-meses-de-actuacions-para-a-sua-posta-en-valor\\\/\"},\"wordCount\":738,\"commentCount\":0,\"image\":{\"@id\":\"https:\\\/\\\/www.turismoaguarda.es\\\/gl\\\/o-concheiro-do-castro-de-sta-trega-a-guarda-abrese-ao-publico-tras-meses-de-actuacions-para-a-sua-posta-en-valor\\\/#primaryimage\"},\"thumbnailUrl\":\"https:\\\/\\\/www.turismoaguarda.es\\\/wp-content\\\/uploads\\\/2020\\\/09\\\/NP-25092020-El-conchero-del-castro-de-Sta.-Tegra-A-Guarda-se-abre-al-p\u00fablico-copia.jpg\",\"keywords\":[\"A Guarda\",\"castro\",\"concheiro\",\"Patrimonio\",\"posta en valor\",\"Santa Trega\",\"turismo\"],\"articleSection\":[\"Novas Turismo\"],\"inLanguage\":\"gl\",\"potentialAction\":[{\"@type\":\"CommentAction\",\"name\":\"Comment\",\"target\":[\"https:\\\/\\\/www.turismoaguarda.es\\\/gl\\\/o-concheiro-do-castro-de-sta-trega-a-guarda-abrese-ao-publico-tras-meses-de-actuacions-para-a-sua-posta-en-valor\\\/#respond\"]}]},{\"@type\":\"WebPage\",\"@id\":\"https:\\\/\\\/www.turismoaguarda.es\\\/gl\\\/o-concheiro-do-castro-de-sta-trega-a-guarda-abrese-ao-publico-tras-meses-de-actuacions-para-a-sua-posta-en-valor\\\/\",\"url\":\"https:\\\/\\\/www.turismoaguarda.es\\\/gl\\\/o-concheiro-do-castro-de-sta-trega-a-guarda-abrese-ao-publico-tras-meses-de-actuacions-para-a-sua-posta-en-valor\\\/\",\"name\":\"O concheiro do castro de Sta. Trega (A Guarda) \u00e1brese ao p\u00fablico tras meses de actuaci\u00f3ns para a s\u00faa posta en valor | Turismo A Guarda\",\"isPartOf\":{\"@id\":\"https:\\\/\\\/www.turismoaguarda.es\\\/#website\"},\"primaryImageOfPage\":{\"@id\":\"https:\\\/\\\/www.turismoaguarda.es\\\/gl\\\/o-concheiro-do-castro-de-sta-trega-a-guarda-abrese-ao-publico-tras-meses-de-actuacions-para-a-sua-posta-en-valor\\\/#primaryimage\"},\"image\":{\"@id\":\"https:\\\/\\\/www.turismoaguarda.es\\\/gl\\\/o-concheiro-do-castro-de-sta-trega-a-guarda-abrese-ao-publico-tras-meses-de-actuacions-para-a-sua-posta-en-valor\\\/#primaryimage\"},\"thumbnailUrl\":\"https:\\\/\\\/www.turismoaguarda.es\\\/wp-content\\\/uploads\\\/2020\\\/09\\\/NP-25092020-El-conchero-del-castro-de-Sta.-Tegra-A-Guarda-se-abre-al-p\u00fablico-copia.jpg\",\"datePublished\":\"2020-09-25T08:25:07+00:00\",\"author\":{\"@id\":\"https:\\\/\\\/www.turismoaguarda.es\\\/#\\\/schema\\\/person\\\/a8b0c27ad7bcbb6c19799e934727508e\"},\"breadcrumb\":{\"@id\":\"https:\\\/\\\/www.turismoaguarda.es\\\/gl\\\/o-concheiro-do-castro-de-sta-trega-a-guarda-abrese-ao-publico-tras-meses-de-actuacions-para-a-sua-posta-en-valor\\\/#breadcrumb\"},\"inLanguage\":\"gl\",\"potentialAction\":[{\"@type\":\"ReadAction\",\"target\":[\"https:\\\/\\\/www.turismoaguarda.es\\\/gl\\\/o-concheiro-do-castro-de-sta-trega-a-guarda-abrese-ao-publico-tras-meses-de-actuacions-para-a-sua-posta-en-valor\\\/\"]}]},{\"@type\":\"ImageObject\",\"inLanguage\":\"gl\",\"@id\":\"https:\\\/\\\/www.turismoaguarda.es\\\/gl\\\/o-concheiro-do-castro-de-sta-trega-a-guarda-abrese-ao-publico-tras-meses-de-actuacions-para-a-sua-posta-en-valor\\\/#primaryimage\",\"url\":\"https:\\\/\\\/www.turismoaguarda.es\\\/wp-content\\\/uploads\\\/2020\\\/09\\\/NP-25092020-El-conchero-del-castro-de-Sta.-Tegra-A-Guarda-se-abre-al-p\u00fablico-copia.jpg\",\"contentUrl\":\"https:\\\/\\\/www.turismoaguarda.es\\\/wp-content\\\/uploads\\\/2020\\\/09\\\/NP-25092020-El-conchero-del-castro-de-Sta.-Tegra-A-Guarda-se-abre-al-p\u00fablico-copia.jpg\",\"width\":800,\"height\":600},{\"@type\":\"BreadcrumbList\",\"@id\":\"https:\\\/\\\/www.turismoaguarda.es\\\/gl\\\/o-concheiro-do-castro-de-sta-trega-a-guarda-abrese-ao-publico-tras-meses-de-actuacions-para-a-sua-posta-en-valor\\\/#breadcrumb\",\"itemListElement\":[{\"@type\":\"ListItem\",\"position\":1,\"name\":\"Portada\",\"item\":\"https:\\\/\\\/www.turismoaguarda.es\\\/gl\\\/\"},{\"@type\":\"ListItem\",\"position\":2,\"name\":\"O concheiro do castro de Sta. Trega (A Guarda) \u00e1brese ao p\u00fablico tras meses de actuaci\u00f3ns para a s\u00faa posta en valor\"}]},{\"@type\":\"WebSite\",\"@id\":\"https:\\\/\\\/www.turismoaguarda.es\\\/#website\",\"url\":\"https:\\\/\\\/www.turismoaguarda.es\\\/\",\"name\":\"Turismo A Guarda\",\"description\":\"Informaci\u00f3n tur\u00edstica de A Guarda y alrededores.\",\"potentialAction\":[{\"@type\":\"SearchAction\",\"target\":{\"@type\":\"EntryPoint\",\"urlTemplate\":\"https:\\\/\\\/www.turismoaguarda.es\\\/?s={search_term_string}\"},\"query-input\":{\"@type\":\"PropertyValueSpecification\",\"valueRequired\":true,\"valueName\":\"search_term_string\"}}],\"inLanguage\":\"gl\"},{\"@type\":\"Person\",\"@id\":\"https:\\\/\\\/www.turismoaguarda.es\\\/#\\\/schema\\\/person\\\/a8b0c27ad7bcbb6c19799e934727508e\",\"name\":\"Prensa A Guarda\",\"image\":{\"@type\":\"ImageObject\",\"inLanguage\":\"gl\",\"@id\":\"https:\\\/\\\/secure.gravatar.com\\\/avatar\\\/387e117f874ba5d0a3439060b45d914395d77287b2e4890a49d1599fc3ef9189?s=96&d=mm&r=g\",\"url\":\"https:\\\/\\\/secure.gravatar.com\\\/avatar\\\/387e117f874ba5d0a3439060b45d914395d77287b2e4890a49d1599fc3ef9189?s=96&d=mm&r=g\",\"contentUrl\":\"https:\\\/\\\/secure.gravatar.com\\\/avatar\\\/387e117f874ba5d0a3439060b45d914395d77287b2e4890a49d1599fc3ef9189?s=96&d=mm&r=g\",\"caption\":\"Prensa A Guarda\"},\"url\":\"https:\\\/\\\/www.turismoaguarda.es\\\/gl\\\/author\\\/prensa\\\/\"}]}<\/script>\n<!-- \/ Yoast SEO plugin. -->","yoast_head_json":{"title":"O concheiro do castro de Sta. Trega (A Guarda) \u00e1brese ao p\u00fablico tras meses de actuaci\u00f3ns para a s\u00faa posta en valor | Turismo A Guarda","robots":{"index":"index","follow":"follow","max-snippet":"max-snippet:-1","max-image-preview":"max-image-preview:large","max-video-preview":"max-video-preview:-1"},"canonical":"https:\/\/www.turismoaguarda.es\/gl\/o-concheiro-do-castro-de-sta-trega-a-guarda-abrese-ao-publico-tras-meses-de-actuacions-para-a-sua-posta-en-valor\/","og_locale":"en_US","og_type":"article","og_title":"O concheiro do castro de Sta. Trega (A Guarda) \u00e1brese ao p\u00fablico tras meses de actuaci\u00f3ns para a s\u00faa posta en valor | Turismo A Guarda","og_description":"-As actuaci\u00f3ns enm\u00e1rcanse no proxecto \u201cEscavaci\u00f3n, an\u00e1lise e sinalizaci\u00f3n do concheiro da porta Sur do castro de Sta. Trega (A Guarda\u201d, dirixido por Brais X. Curr\u00e1s Refojos, investigador posdoutoral do CSIC, e promovido polo Concello da Guarda a trav\u00e9s da Deputaci\u00f3n de Pontevedra. O Consello Superior de Investigaci\u00f3ns Cient\u00edficas (CSIC) dirixe o proxecto encami\u00f1ado \u00e1Leer m\u00e1is","og_url":"https:\/\/www.turismoaguarda.es\/gl\/o-concheiro-do-castro-de-sta-trega-a-guarda-abrese-ao-publico-tras-meses-de-actuacions-para-a-sua-posta-en-valor\/","og_site_name":"Turismo A Guarda","article_publisher":"https:\/\/es-es.facebook.com\/Turismo-A-Guarda-126223240790625\/","article_published_time":"2020-09-25T08:25:07+00:00","og_image":[{"width":800,"height":600,"url":"https:\/\/www.turismoaguarda.es\/wp-content\/uploads\/2020\/09\/NP-25092020-El-conchero-del-castro-de-Sta.-Tegra-A-Guarda-se-abre-al-p\u00fablico-copia.jpg","type":"image\/jpeg"}],"author":"Prensa A Guarda","twitter_card":"summary_large_image","twitter_creator":"@TurismoAGuarda","twitter_site":"@TurismoAGuarda","twitter_misc":{"Written by":"Prensa A Guarda","Est. reading time":"4 minutes"},"schema":{"@context":"https:\/\/schema.org","@graph":[{"@type":"Article","@id":"https:\/\/www.turismoaguarda.es\/gl\/o-concheiro-do-castro-de-sta-trega-a-guarda-abrese-ao-publico-tras-meses-de-actuacions-para-a-sua-posta-en-valor\/#article","isPartOf":{"@id":"https:\/\/www.turismoaguarda.es\/gl\/o-concheiro-do-castro-de-sta-trega-a-guarda-abrese-ao-publico-tras-meses-de-actuacions-para-a-sua-posta-en-valor\/"},"author":{"name":"Prensa A Guarda","@id":"https:\/\/www.turismoaguarda.es\/#\/schema\/person\/a8b0c27ad7bcbb6c19799e934727508e"},"headline":"O concheiro do castro de Sta. Trega (A Guarda) \u00e1brese ao p\u00fablico tras meses de actuaci\u00f3ns para a s\u00faa posta en valor","datePublished":"2020-09-25T08:25:07+00:00","mainEntityOfPage":{"@id":"https:\/\/www.turismoaguarda.es\/gl\/o-concheiro-do-castro-de-sta-trega-a-guarda-abrese-ao-publico-tras-meses-de-actuacions-para-a-sua-posta-en-valor\/"},"wordCount":738,"commentCount":0,"image":{"@id":"https:\/\/www.turismoaguarda.es\/gl\/o-concheiro-do-castro-de-sta-trega-a-guarda-abrese-ao-publico-tras-meses-de-actuacions-para-a-sua-posta-en-valor\/#primaryimage"},"thumbnailUrl":"https:\/\/www.turismoaguarda.es\/wp-content\/uploads\/2020\/09\/NP-25092020-El-conchero-del-castro-de-Sta.-Tegra-A-Guarda-se-abre-al-p\u00fablico-copia.jpg","keywords":["A Guarda","castro","concheiro","Patrimonio","posta en valor","Santa Trega","turismo"],"articleSection":["Novas Turismo"],"inLanguage":"gl","potentialAction":[{"@type":"CommentAction","name":"Comment","target":["https:\/\/www.turismoaguarda.es\/gl\/o-concheiro-do-castro-de-sta-trega-a-guarda-abrese-ao-publico-tras-meses-de-actuacions-para-a-sua-posta-en-valor\/#respond"]}]},{"@type":"WebPage","@id":"https:\/\/www.turismoaguarda.es\/gl\/o-concheiro-do-castro-de-sta-trega-a-guarda-abrese-ao-publico-tras-meses-de-actuacions-para-a-sua-posta-en-valor\/","url":"https:\/\/www.turismoaguarda.es\/gl\/o-concheiro-do-castro-de-sta-trega-a-guarda-abrese-ao-publico-tras-meses-de-actuacions-para-a-sua-posta-en-valor\/","name":"O concheiro do castro de Sta. Trega (A Guarda) \u00e1brese ao p\u00fablico tras meses de actuaci\u00f3ns para a s\u00faa posta en valor | Turismo A Guarda","isPartOf":{"@id":"https:\/\/www.turismoaguarda.es\/#website"},"primaryImageOfPage":{"@id":"https:\/\/www.turismoaguarda.es\/gl\/o-concheiro-do-castro-de-sta-trega-a-guarda-abrese-ao-publico-tras-meses-de-actuacions-para-a-sua-posta-en-valor\/#primaryimage"},"image":{"@id":"https:\/\/www.turismoaguarda.es\/gl\/o-concheiro-do-castro-de-sta-trega-a-guarda-abrese-ao-publico-tras-meses-de-actuacions-para-a-sua-posta-en-valor\/#primaryimage"},"thumbnailUrl":"https:\/\/www.turismoaguarda.es\/wp-content\/uploads\/2020\/09\/NP-25092020-El-conchero-del-castro-de-Sta.-Tegra-A-Guarda-se-abre-al-p\u00fablico-copia.jpg","datePublished":"2020-09-25T08:25:07+00:00","author":{"@id":"https:\/\/www.turismoaguarda.es\/#\/schema\/person\/a8b0c27ad7bcbb6c19799e934727508e"},"breadcrumb":{"@id":"https:\/\/www.turismoaguarda.es\/gl\/o-concheiro-do-castro-de-sta-trega-a-guarda-abrese-ao-publico-tras-meses-de-actuacions-para-a-sua-posta-en-valor\/#breadcrumb"},"inLanguage":"gl","potentialAction":[{"@type":"ReadAction","target":["https:\/\/www.turismoaguarda.es\/gl\/o-concheiro-do-castro-de-sta-trega-a-guarda-abrese-ao-publico-tras-meses-de-actuacions-para-a-sua-posta-en-valor\/"]}]},{"@type":"ImageObject","inLanguage":"gl","@id":"https:\/\/www.turismoaguarda.es\/gl\/o-concheiro-do-castro-de-sta-trega-a-guarda-abrese-ao-publico-tras-meses-de-actuacions-para-a-sua-posta-en-valor\/#primaryimage","url":"https:\/\/www.turismoaguarda.es\/wp-content\/uploads\/2020\/09\/NP-25092020-El-conchero-del-castro-de-Sta.-Tegra-A-Guarda-se-abre-al-p\u00fablico-copia.jpg","contentUrl":"https:\/\/www.turismoaguarda.es\/wp-content\/uploads\/2020\/09\/NP-25092020-El-conchero-del-castro-de-Sta.-Tegra-A-Guarda-se-abre-al-p\u00fablico-copia.jpg","width":800,"height":600},{"@type":"BreadcrumbList","@id":"https:\/\/www.turismoaguarda.es\/gl\/o-concheiro-do-castro-de-sta-trega-a-guarda-abrese-ao-publico-tras-meses-de-actuacions-para-a-sua-posta-en-valor\/#breadcrumb","itemListElement":[{"@type":"ListItem","position":1,"name":"Portada","item":"https:\/\/www.turismoaguarda.es\/gl\/"},{"@type":"ListItem","position":2,"name":"O concheiro do castro de Sta. Trega (A Guarda) \u00e1brese ao p\u00fablico tras meses de actuaci\u00f3ns para a s\u00faa posta en valor"}]},{"@type":"WebSite","@id":"https:\/\/www.turismoaguarda.es\/#website","url":"https:\/\/www.turismoaguarda.es\/","name":"Turismo A Guarda","description":"Informaci\u00f3n tur\u00edstica de A Guarda y alrededores.","potentialAction":[{"@type":"SearchAction","target":{"@type":"EntryPoint","urlTemplate":"https:\/\/www.turismoaguarda.es\/?s={search_term_string}"},"query-input":{"@type":"PropertyValueSpecification","valueRequired":true,"valueName":"search_term_string"}}],"inLanguage":"gl"},{"@type":"Person","@id":"https:\/\/www.turismoaguarda.es\/#\/schema\/person\/a8b0c27ad7bcbb6c19799e934727508e","name":"Prensa A Guarda","image":{"@type":"ImageObject","inLanguage":"gl","@id":"https:\/\/secure.gravatar.com\/avatar\/387e117f874ba5d0a3439060b45d914395d77287b2e4890a49d1599fc3ef9189?s=96&d=mm&r=g","url":"https:\/\/secure.gravatar.com\/avatar\/387e117f874ba5d0a3439060b45d914395d77287b2e4890a49d1599fc3ef9189?s=96&d=mm&r=g","contentUrl":"https:\/\/secure.gravatar.com\/avatar\/387e117f874ba5d0a3439060b45d914395d77287b2e4890a49d1599fc3ef9189?s=96&d=mm&r=g","caption":"Prensa A Guarda"},"url":"https:\/\/www.turismoaguarda.es\/gl\/author\/prensa\/"}]}},"_links":{"self":[{"href":"https:\/\/www.turismoaguarda.es\/gl\/wp-json\/wp\/v2\/posts\/13139","targetHints":{"allow":["GET"]}}],"collection":[{"href":"https:\/\/www.turismoaguarda.es\/gl\/wp-json\/wp\/v2\/posts"}],"about":[{"href":"https:\/\/www.turismoaguarda.es\/gl\/wp-json\/wp\/v2\/types\/post"}],"author":[{"embeddable":true,"href":"https:\/\/www.turismoaguarda.es\/gl\/wp-json\/wp\/v2\/users\/11"}],"replies":[{"embeddable":true,"href":"https:\/\/www.turismoaguarda.es\/gl\/wp-json\/wp\/v2\/comments?post=13139"}],"version-history":[{"count":1,"href":"https:\/\/www.turismoaguarda.es\/gl\/wp-json\/wp\/v2\/posts\/13139\/revisions"}],"predecessor-version":[{"id":13143,"href":"https:\/\/www.turismoaguarda.es\/gl\/wp-json\/wp\/v2\/posts\/13139\/revisions\/13143"}],"wp:featuredmedia":[{"embeddable":true,"href":"https:\/\/www.turismoaguarda.es\/gl\/wp-json\/wp\/v2\/media\/13140"}],"wp:attachment":[{"href":"https:\/\/www.turismoaguarda.es\/gl\/wp-json\/wp\/v2\/media?parent=13139"}],"wp:term":[{"taxonomy":"category","embeddable":true,"href":"https:\/\/www.turismoaguarda.es\/gl\/wp-json\/wp\/v2\/categories?post=13139"},{"taxonomy":"post_tag","embeddable":true,"href":"https:\/\/www.turismoaguarda.es\/gl\/wp-json\/wp\/v2\/tags?post=13139"}],"curies":[{"name":"wp","href":"https:\/\/api.w.org\/{rel}","templated":true}]}}