{"id":13093,"date":"2020-09-04T11:53:07","date_gmt":"2020-09-04T09:53:07","guid":{"rendered":"https:\/\/www.turismoaguarda.es\/?p=13093"},"modified":"2020-09-04T12:11:31","modified_gmt":"2020-09-04T10:11:31","slug":"a-iniciativa-de-ecoturismo-vive-o-rio-minho-oferta-unha-fin-de-semana-completa-o-3-e-4-de-outubro-na-guarda","status":"publish","type":"post","link":"https:\/\/www.turismoaguarda.es\/gl\/a-iniciativa-de-ecoturismo-vive-o-rio-minho-oferta-unha-fin-de-semana-completa-o-3-e-4-de-outubro-na-guarda\/","title":{"rendered":"A iniciativa de Ecoturismo -Vive o Rio Minho- oferta unha fin de semana completa o 3 e 4 de outubro na Guarda"},"content":{"rendered":"<p style=\"text-align: justify;\">\u2022 A presidenta da Deputaci\u00f3n e o deputado de Cooperaci\u00f3n Transfronteiriza presentaron este xoves un programa de rutas e eventos de natureza que se desenvolver\u00e1 entre o 12 de setembro e o 4 de outubro nos concellos galegos e portugueses das marxes do Mi\u00f1o<\/p>\n<p style=\"text-align: justify;\">Baixo o nome de \u2018Vive o Rio Minho\u2019, a Deputaci\u00f3n de Pontevedra vai desenvolver sete actividades ecotur\u00edsticas no R\u00edo Mi\u00f1o transfronteirizo \u2013nos concellos galegos e portugueses que lindan coa v\u00eda fluvial- entre o 12 de setembro e o 4 de outubro. O obxectivo, segundo explicou o deputado de Cooperaci\u00f3n Transfronteiriza e director do AECT Rio Minho Ux\u00edo Ben\u00edtez, \u00e9 ofrecer unha alternativa tur\u00edstica seguindo \u201co que a sociedade hoxe demanda a ra\u00edz da crise da COVID 19, dando a oportunidade de co\u00f1ecer o territorio dun xeito tranquilo, seguro, e buscando a natureza e todo o que ofrece o r\u00edo Mi\u00f1o\u201d.<\/p>\n<p style=\"text-align: justify;\">As actividades est\u00e1n desenvolvidas dentro do proxecto Visit Rio Minho, co-financiado con fondos FEDER, a trav\u00e9s do programa \u2018Interreg V-A POCTEP 2014-2020\u2019). Xirar\u00e1n ao redor do r\u00edo Mi\u00f1o, e realizaranse de forma cronol\u00f3xica avanzando polo territorio seguindo o seu curso, desde a parte alta ata a s\u00faa desembocadura. Son gratu\u00edtas para o p\u00fablico e est\u00e1n dirixidas a un p\u00fablico amplo e diverso, abranguendo non s\u00f3 os recursos da zona, sen\u00f3n empresas locais que traballan e realizan actividades nela: haber\u00e1 sendeirismo, rutas en bici, rutas urbanas e percorridos hist\u00f3ricos, visitas a adegas, museos, petr\u00f3glifos, balsismo, caiac, gastronom\u00eda, observaci\u00f3n ornitol\u00f3xica e astron\u00f3mica, entre outras actividades.<\/p>\n<p style=\"text-align: justify;\"><strong>Actividades<\/strong><\/p>\n<p style=\"text-align: justify;\">Segundo explicou o xerente da empresa Xeitura -que desenvolver\u00e1 a iniciativa-, Ra\u00fal Fern\u00e1ndez, as propostas para co\u00f1ecer o Mi\u00f1o div\u00eddense en diferentes xornadas de fins de semana consecutivos entre o 12 de setembro e o 4 de outubro.<\/p>\n<p style=\"text-align: justify;\">Para o 3 e 4 de outubro plant\u00e9xase unha fin de semana completa na que se combinar\u00e1n as rutas de sendeirismo, a observaci\u00f3n ornitol\u00f3xica, visitas guiadas, e unha visita dramatizada no castro de Santa Trega da Guarda.<\/p>\n<p style=\"text-align: justify;\">Todas as actividades son gratu\u00edtas e est\u00e1n destinadas ao p\u00fablico xeral. As inscrici\u00f3ns para os eventos poden realizarse na p\u00e1xina web da Deputaci\u00f3n (depo.gal) e as prazas cubriranse por orden de chegada. As incrici\u00f3ns para as actividades realizaranse entre o luns anterior \u00e1s 9 horas e ata o xoves \u00e1s 23 horas no caso de non cubrir as prazas con anterioridade (entre 45 e 50 por evento).<\/p>\n","protected":false},"excerpt":{"rendered":"<p>\u2022 A presidenta da Deputaci\u00f3n e o deputado de Cooperaci\u00f3n Transfronteiriza presentaron este xoves un programa de rutas e eventos de natureza que se desenvolver\u00e1 entre o 12 de setembro e o 4 de outubro nos concellos galegos e portugueses das marxes do Mi\u00f1o Baixo o nome de \u2018Vive o Rio Minho\u2019, a Deputaci\u00f3n de<\/p>\n<div class=\"padding-top text-center\"><a href=\"https:\/\/www.turismoaguarda.es\/gl\/a-iniciativa-de-ecoturismo-vive-o-rio-minho-oferta-unha-fin-de-semana-completa-o-3-e-4-de-outubro-na-guarda\/\" class=\"atbtn atbtn--medium atbtn--rounded atbtn--transparent\">Leer m\u00e1is<i class=\"atbtn__icon atbtn__icon--right fa fa-long-arrow-right\"><\/i><\/a><\/div>\n","protected":false},"author":11,"featured_media":13094,"comment_status":"open","ping_status":"open","sticky":false,"template":"","format":"standard","meta":{"footnotes":""},"categories":[94],"tags":[170,1788,171,1787],"class_list":["post-13093","post","type-post","status-publish","format-standard","has-post-thumbnail","hentry","category-novas-turismo","tag-a-guarda-gl","tag-aect","tag-turismo-gl","tag-vive-rio-minho"],"yoast_head":"<!-- This site is optimized with the Yoast SEO plugin v27.4 - https:\/\/yoast.com\/product\/yoast-seo-wordpress\/ -->\n<title>A iniciativa de Ecoturismo -Vive o Rio Minho- oferta unha fin de semana completa o 3 e 4 de outubro na Guarda | Turismo A Guarda<\/title>\n<meta name=\"robots\" content=\"index, follow, max-snippet:-1, max-image-preview:large, max-video-preview:-1\" \/>\n<link rel=\"canonical\" href=\"https:\/\/www.turismoaguarda.es\/gl\/a-iniciativa-de-ecoturismo-vive-o-rio-minho-oferta-unha-fin-de-semana-completa-o-3-e-4-de-outubro-na-guarda\/\" \/>\n<meta property=\"og:locale\" content=\"en_US\" \/>\n<meta property=\"og:type\" content=\"article\" \/>\n<meta property=\"og:title\" content=\"A iniciativa de Ecoturismo -Vive o Rio Minho- oferta unha fin de semana completa o 3 e 4 de outubro na Guarda | Turismo A Guarda\" \/>\n<meta property=\"og:description\" content=\"\u2022 A presidenta da Deputaci\u00f3n e o deputado de Cooperaci\u00f3n Transfronteiriza presentaron este xoves un programa de rutas e eventos de natureza que se desenvolver\u00e1 entre o 12 de setembro e o 4 de outubro nos concellos galegos e portugueses das marxes do Mi\u00f1o Baixo o nome de \u2018Vive o Rio Minho\u2019, a Deputaci\u00f3n deLeer m\u00e1is\" \/>\n<meta property=\"og:url\" content=\"https:\/\/www.turismoaguarda.es\/gl\/a-iniciativa-de-ecoturismo-vive-o-rio-minho-oferta-unha-fin-de-semana-completa-o-3-e-4-de-outubro-na-guarda\/\" \/>\n<meta property=\"og:site_name\" content=\"Turismo A Guarda\" \/>\n<meta property=\"article:publisher\" content=\"https:\/\/es-es.facebook.com\/Turismo-A-Guarda-126223240790625\/\" \/>\n<meta property=\"article:published_time\" content=\"2020-09-04T09:53:07+00:00\" \/>\n<meta property=\"article:modified_time\" content=\"2020-09-04T10:11:31+00:00\" \/>\n<meta property=\"og:image\" content=\"https:\/\/www.turismoaguarda.es\/wp-content\/uploads\/2020\/09\/Sin-t\u00edtulo-2.jpg\" \/>\n\t<meta property=\"og:image:width\" content=\"800\" \/>\n\t<meta property=\"og:image:height\" content=\"800\" \/>\n\t<meta property=\"og:image:type\" content=\"image\/jpeg\" \/>\n<meta name=\"author\" content=\"Prensa A Guarda\" \/>\n<meta name=\"twitter:card\" content=\"summary_large_image\" \/>\n<meta name=\"twitter:creator\" content=\"@TurismoAGuarda\" \/>\n<meta name=\"twitter:site\" content=\"@TurismoAGuarda\" \/>\n<meta name=\"twitter:label1\" content=\"Written by\" \/>\n\t<meta name=\"twitter:data1\" content=\"Prensa A Guarda\" \/>\n\t<meta name=\"twitter:label2\" content=\"Est. reading time\" \/>\n\t<meta name=\"twitter:data2\" content=\"2 minutes\" \/>\n<script type=\"application\/ld+json\" class=\"yoast-schema-graph\">{\"@context\":\"https:\\\/\\\/schema.org\",\"@graph\":[{\"@type\":\"Article\",\"@id\":\"https:\\\/\\\/www.turismoaguarda.es\\\/gl\\\/a-iniciativa-de-ecoturismo-vive-o-rio-minho-oferta-unha-fin-de-semana-completa-o-3-e-4-de-outubro-na-guarda\\\/#article\",\"isPartOf\":{\"@id\":\"https:\\\/\\\/www.turismoaguarda.es\\\/gl\\\/a-iniciativa-de-ecoturismo-vive-o-rio-minho-oferta-unha-fin-de-semana-completa-o-3-e-4-de-outubro-na-guarda\\\/\"},\"author\":{\"name\":\"Prensa A Guarda\",\"@id\":\"https:\\\/\\\/www.turismoaguarda.es\\\/#\\\/schema\\\/person\\\/a8b0c27ad7bcbb6c19799e934727508e\"},\"headline\":\"A iniciativa de Ecoturismo -Vive o Rio Minho- oferta unha fin de semana completa o 3 e 4 de outubro na Guarda\",\"datePublished\":\"2020-09-04T09:53:07+00:00\",\"dateModified\":\"2020-09-04T10:11:31+00:00\",\"mainEntityOfPage\":{\"@id\":\"https:\\\/\\\/www.turismoaguarda.es\\\/gl\\\/a-iniciativa-de-ecoturismo-vive-o-rio-minho-oferta-unha-fin-de-semana-completa-o-3-e-4-de-outubro-na-guarda\\\/\"},\"wordCount\":446,\"commentCount\":0,\"image\":{\"@id\":\"https:\\\/\\\/www.turismoaguarda.es\\\/gl\\\/a-iniciativa-de-ecoturismo-vive-o-rio-minho-oferta-unha-fin-de-semana-completa-o-3-e-4-de-outubro-na-guarda\\\/#primaryimage\"},\"thumbnailUrl\":\"https:\\\/\\\/www.turismoaguarda.es\\\/wp-content\\\/uploads\\\/2020\\\/09\\\/Sin-t\u00edtulo-2.jpg\",\"keywords\":[\"A Guarda\",\"aect\",\"turismo\",\"vive rio minho\"],\"articleSection\":[\"Novas Turismo\"],\"inLanguage\":\"gl\",\"potentialAction\":[{\"@type\":\"CommentAction\",\"name\":\"Comment\",\"target\":[\"https:\\\/\\\/www.turismoaguarda.es\\\/gl\\\/a-iniciativa-de-ecoturismo-vive-o-rio-minho-oferta-unha-fin-de-semana-completa-o-3-e-4-de-outubro-na-guarda\\\/#respond\"]}]},{\"@type\":\"WebPage\",\"@id\":\"https:\\\/\\\/www.turismoaguarda.es\\\/gl\\\/a-iniciativa-de-ecoturismo-vive-o-rio-minho-oferta-unha-fin-de-semana-completa-o-3-e-4-de-outubro-na-guarda\\\/\",\"url\":\"https:\\\/\\\/www.turismoaguarda.es\\\/gl\\\/a-iniciativa-de-ecoturismo-vive-o-rio-minho-oferta-unha-fin-de-semana-completa-o-3-e-4-de-outubro-na-guarda\\\/\",\"name\":\"A iniciativa de Ecoturismo -Vive o Rio Minho- oferta unha fin de semana completa o 3 e 4 de outubro na Guarda | Turismo A Guarda\",\"isPartOf\":{\"@id\":\"https:\\\/\\\/www.turismoaguarda.es\\\/#website\"},\"primaryImageOfPage\":{\"@id\":\"https:\\\/\\\/www.turismoaguarda.es\\\/gl\\\/a-iniciativa-de-ecoturismo-vive-o-rio-minho-oferta-unha-fin-de-semana-completa-o-3-e-4-de-outubro-na-guarda\\\/#primaryimage\"},\"image\":{\"@id\":\"https:\\\/\\\/www.turismoaguarda.es\\\/gl\\\/a-iniciativa-de-ecoturismo-vive-o-rio-minho-oferta-unha-fin-de-semana-completa-o-3-e-4-de-outubro-na-guarda\\\/#primaryimage\"},\"thumbnailUrl\":\"https:\\\/\\\/www.turismoaguarda.es\\\/wp-content\\\/uploads\\\/2020\\\/09\\\/Sin-t\u00edtulo-2.jpg\",\"datePublished\":\"2020-09-04T09:53:07+00:00\",\"dateModified\":\"2020-09-04T10:11:31+00:00\",\"author\":{\"@id\":\"https:\\\/\\\/www.turismoaguarda.es\\\/#\\\/schema\\\/person\\\/a8b0c27ad7bcbb6c19799e934727508e\"},\"breadcrumb\":{\"@id\":\"https:\\\/\\\/www.turismoaguarda.es\\\/gl\\\/a-iniciativa-de-ecoturismo-vive-o-rio-minho-oferta-unha-fin-de-semana-completa-o-3-e-4-de-outubro-na-guarda\\\/#breadcrumb\"},\"inLanguage\":\"gl\",\"potentialAction\":[{\"@type\":\"ReadAction\",\"target\":[\"https:\\\/\\\/www.turismoaguarda.es\\\/gl\\\/a-iniciativa-de-ecoturismo-vive-o-rio-minho-oferta-unha-fin-de-semana-completa-o-3-e-4-de-outubro-na-guarda\\\/\"]}]},{\"@type\":\"ImageObject\",\"inLanguage\":\"gl\",\"@id\":\"https:\\\/\\\/www.turismoaguarda.es\\\/gl\\\/a-iniciativa-de-ecoturismo-vive-o-rio-minho-oferta-unha-fin-de-semana-completa-o-3-e-4-de-outubro-na-guarda\\\/#primaryimage\",\"url\":\"https:\\\/\\\/www.turismoaguarda.es\\\/wp-content\\\/uploads\\\/2020\\\/09\\\/Sin-t\u00edtulo-2.jpg\",\"contentUrl\":\"https:\\\/\\\/www.turismoaguarda.es\\\/wp-content\\\/uploads\\\/2020\\\/09\\\/Sin-t\u00edtulo-2.jpg\",\"width\":800,\"height\":800},{\"@type\":\"BreadcrumbList\",\"@id\":\"https:\\\/\\\/www.turismoaguarda.es\\\/gl\\\/a-iniciativa-de-ecoturismo-vive-o-rio-minho-oferta-unha-fin-de-semana-completa-o-3-e-4-de-outubro-na-guarda\\\/#breadcrumb\",\"itemListElement\":[{\"@type\":\"ListItem\",\"position\":1,\"name\":\"Portada\",\"item\":\"https:\\\/\\\/www.turismoaguarda.es\\\/gl\\\/\"},{\"@type\":\"ListItem\",\"position\":2,\"name\":\"A iniciativa de Ecoturismo -Vive o Rio Minho- oferta unha fin de semana completa o 3 e 4 de outubro na Guarda\"}]},{\"@type\":\"WebSite\",\"@id\":\"https:\\\/\\\/www.turismoaguarda.es\\\/#website\",\"url\":\"https:\\\/\\\/www.turismoaguarda.es\\\/\",\"name\":\"Turismo A Guarda\",\"description\":\"Informaci\u00f3n tur\u00edstica de A Guarda y alrededores.\",\"potentialAction\":[{\"@type\":\"SearchAction\",\"target\":{\"@type\":\"EntryPoint\",\"urlTemplate\":\"https:\\\/\\\/www.turismoaguarda.es\\\/?s={search_term_string}\"},\"query-input\":{\"@type\":\"PropertyValueSpecification\",\"valueRequired\":true,\"valueName\":\"search_term_string\"}}],\"inLanguage\":\"gl\"},{\"@type\":\"Person\",\"@id\":\"https:\\\/\\\/www.turismoaguarda.es\\\/#\\\/schema\\\/person\\\/a8b0c27ad7bcbb6c19799e934727508e\",\"name\":\"Prensa A Guarda\",\"image\":{\"@type\":\"ImageObject\",\"inLanguage\":\"gl\",\"@id\":\"https:\\\/\\\/secure.gravatar.com\\\/avatar\\\/387e117f874ba5d0a3439060b45d914395d77287b2e4890a49d1599fc3ef9189?s=96&d=mm&r=g\",\"url\":\"https:\\\/\\\/secure.gravatar.com\\\/avatar\\\/387e117f874ba5d0a3439060b45d914395d77287b2e4890a49d1599fc3ef9189?s=96&d=mm&r=g\",\"contentUrl\":\"https:\\\/\\\/secure.gravatar.com\\\/avatar\\\/387e117f874ba5d0a3439060b45d914395d77287b2e4890a49d1599fc3ef9189?s=96&d=mm&r=g\",\"caption\":\"Prensa A Guarda\"},\"url\":\"https:\\\/\\\/www.turismoaguarda.es\\\/gl\\\/author\\\/prensa\\\/\"}]}<\/script>\n<!-- \/ Yoast SEO plugin. -->","yoast_head_json":{"title":"A iniciativa de Ecoturismo -Vive o Rio Minho- oferta unha fin de semana completa o 3 e 4 de outubro na Guarda | Turismo A Guarda","robots":{"index":"index","follow":"follow","max-snippet":"max-snippet:-1","max-image-preview":"max-image-preview:large","max-video-preview":"max-video-preview:-1"},"canonical":"https:\/\/www.turismoaguarda.es\/gl\/a-iniciativa-de-ecoturismo-vive-o-rio-minho-oferta-unha-fin-de-semana-completa-o-3-e-4-de-outubro-na-guarda\/","og_locale":"en_US","og_type":"article","og_title":"A iniciativa de Ecoturismo -Vive o Rio Minho- oferta unha fin de semana completa o 3 e 4 de outubro na Guarda | Turismo A Guarda","og_description":"\u2022 A presidenta da Deputaci\u00f3n e o deputado de Cooperaci\u00f3n Transfronteiriza presentaron este xoves un programa de rutas e eventos de natureza que se desenvolver\u00e1 entre o 12 de setembro e o 4 de outubro nos concellos galegos e portugueses das marxes do Mi\u00f1o Baixo o nome de \u2018Vive o Rio Minho\u2019, a Deputaci\u00f3n deLeer m\u00e1is","og_url":"https:\/\/www.turismoaguarda.es\/gl\/a-iniciativa-de-ecoturismo-vive-o-rio-minho-oferta-unha-fin-de-semana-completa-o-3-e-4-de-outubro-na-guarda\/","og_site_name":"Turismo A Guarda","article_publisher":"https:\/\/es-es.facebook.com\/Turismo-A-Guarda-126223240790625\/","article_published_time":"2020-09-04T09:53:07+00:00","article_modified_time":"2020-09-04T10:11:31+00:00","og_image":[{"width":800,"height":800,"url":"https:\/\/www.turismoaguarda.es\/wp-content\/uploads\/2020\/09\/Sin-t\u00edtulo-2.jpg","type":"image\/jpeg"}],"author":"Prensa A Guarda","twitter_card":"summary_large_image","twitter_creator":"@TurismoAGuarda","twitter_site":"@TurismoAGuarda","twitter_misc":{"Written by":"Prensa A Guarda","Est. reading time":"2 minutes"},"schema":{"@context":"https:\/\/schema.org","@graph":[{"@type":"Article","@id":"https:\/\/www.turismoaguarda.es\/gl\/a-iniciativa-de-ecoturismo-vive-o-rio-minho-oferta-unha-fin-de-semana-completa-o-3-e-4-de-outubro-na-guarda\/#article","isPartOf":{"@id":"https:\/\/www.turismoaguarda.es\/gl\/a-iniciativa-de-ecoturismo-vive-o-rio-minho-oferta-unha-fin-de-semana-completa-o-3-e-4-de-outubro-na-guarda\/"},"author":{"name":"Prensa A Guarda","@id":"https:\/\/www.turismoaguarda.es\/#\/schema\/person\/a8b0c27ad7bcbb6c19799e934727508e"},"headline":"A iniciativa de Ecoturismo -Vive o Rio Minho- oferta unha fin de semana completa o 3 e 4 de outubro na Guarda","datePublished":"2020-09-04T09:53:07+00:00","dateModified":"2020-09-04T10:11:31+00:00","mainEntityOfPage":{"@id":"https:\/\/www.turismoaguarda.es\/gl\/a-iniciativa-de-ecoturismo-vive-o-rio-minho-oferta-unha-fin-de-semana-completa-o-3-e-4-de-outubro-na-guarda\/"},"wordCount":446,"commentCount":0,"image":{"@id":"https:\/\/www.turismoaguarda.es\/gl\/a-iniciativa-de-ecoturismo-vive-o-rio-minho-oferta-unha-fin-de-semana-completa-o-3-e-4-de-outubro-na-guarda\/#primaryimage"},"thumbnailUrl":"https:\/\/www.turismoaguarda.es\/wp-content\/uploads\/2020\/09\/Sin-t\u00edtulo-2.jpg","keywords":["A Guarda","aect","turismo","vive rio minho"],"articleSection":["Novas Turismo"],"inLanguage":"gl","potentialAction":[{"@type":"CommentAction","name":"Comment","target":["https:\/\/www.turismoaguarda.es\/gl\/a-iniciativa-de-ecoturismo-vive-o-rio-minho-oferta-unha-fin-de-semana-completa-o-3-e-4-de-outubro-na-guarda\/#respond"]}]},{"@type":"WebPage","@id":"https:\/\/www.turismoaguarda.es\/gl\/a-iniciativa-de-ecoturismo-vive-o-rio-minho-oferta-unha-fin-de-semana-completa-o-3-e-4-de-outubro-na-guarda\/","url":"https:\/\/www.turismoaguarda.es\/gl\/a-iniciativa-de-ecoturismo-vive-o-rio-minho-oferta-unha-fin-de-semana-completa-o-3-e-4-de-outubro-na-guarda\/","name":"A iniciativa de Ecoturismo -Vive o Rio Minho- oferta unha fin de semana completa o 3 e 4 de outubro na Guarda | Turismo A Guarda","isPartOf":{"@id":"https:\/\/www.turismoaguarda.es\/#website"},"primaryImageOfPage":{"@id":"https:\/\/www.turismoaguarda.es\/gl\/a-iniciativa-de-ecoturismo-vive-o-rio-minho-oferta-unha-fin-de-semana-completa-o-3-e-4-de-outubro-na-guarda\/#primaryimage"},"image":{"@id":"https:\/\/www.turismoaguarda.es\/gl\/a-iniciativa-de-ecoturismo-vive-o-rio-minho-oferta-unha-fin-de-semana-completa-o-3-e-4-de-outubro-na-guarda\/#primaryimage"},"thumbnailUrl":"https:\/\/www.turismoaguarda.es\/wp-content\/uploads\/2020\/09\/Sin-t\u00edtulo-2.jpg","datePublished":"2020-09-04T09:53:07+00:00","dateModified":"2020-09-04T10:11:31+00:00","author":{"@id":"https:\/\/www.turismoaguarda.es\/#\/schema\/person\/a8b0c27ad7bcbb6c19799e934727508e"},"breadcrumb":{"@id":"https:\/\/www.turismoaguarda.es\/gl\/a-iniciativa-de-ecoturismo-vive-o-rio-minho-oferta-unha-fin-de-semana-completa-o-3-e-4-de-outubro-na-guarda\/#breadcrumb"},"inLanguage":"gl","potentialAction":[{"@type":"ReadAction","target":["https:\/\/www.turismoaguarda.es\/gl\/a-iniciativa-de-ecoturismo-vive-o-rio-minho-oferta-unha-fin-de-semana-completa-o-3-e-4-de-outubro-na-guarda\/"]}]},{"@type":"ImageObject","inLanguage":"gl","@id":"https:\/\/www.turismoaguarda.es\/gl\/a-iniciativa-de-ecoturismo-vive-o-rio-minho-oferta-unha-fin-de-semana-completa-o-3-e-4-de-outubro-na-guarda\/#primaryimage","url":"https:\/\/www.turismoaguarda.es\/wp-content\/uploads\/2020\/09\/Sin-t\u00edtulo-2.jpg","contentUrl":"https:\/\/www.turismoaguarda.es\/wp-content\/uploads\/2020\/09\/Sin-t\u00edtulo-2.jpg","width":800,"height":800},{"@type":"BreadcrumbList","@id":"https:\/\/www.turismoaguarda.es\/gl\/a-iniciativa-de-ecoturismo-vive-o-rio-minho-oferta-unha-fin-de-semana-completa-o-3-e-4-de-outubro-na-guarda\/#breadcrumb","itemListElement":[{"@type":"ListItem","position":1,"name":"Portada","item":"https:\/\/www.turismoaguarda.es\/gl\/"},{"@type":"ListItem","position":2,"name":"A iniciativa de Ecoturismo -Vive o Rio Minho- oferta unha fin de semana completa o 3 e 4 de outubro na Guarda"}]},{"@type":"WebSite","@id":"https:\/\/www.turismoaguarda.es\/#website","url":"https:\/\/www.turismoaguarda.es\/","name":"Turismo A Guarda","description":"Informaci\u00f3n tur\u00edstica de A Guarda y alrededores.","potentialAction":[{"@type":"SearchAction","target":{"@type":"EntryPoint","urlTemplate":"https:\/\/www.turismoaguarda.es\/?s={search_term_string}"},"query-input":{"@type":"PropertyValueSpecification","valueRequired":true,"valueName":"search_term_string"}}],"inLanguage":"gl"},{"@type":"Person","@id":"https:\/\/www.turismoaguarda.es\/#\/schema\/person\/a8b0c27ad7bcbb6c19799e934727508e","name":"Prensa A Guarda","image":{"@type":"ImageObject","inLanguage":"gl","@id":"https:\/\/secure.gravatar.com\/avatar\/387e117f874ba5d0a3439060b45d914395d77287b2e4890a49d1599fc3ef9189?s=96&d=mm&r=g","url":"https:\/\/secure.gravatar.com\/avatar\/387e117f874ba5d0a3439060b45d914395d77287b2e4890a49d1599fc3ef9189?s=96&d=mm&r=g","contentUrl":"https:\/\/secure.gravatar.com\/avatar\/387e117f874ba5d0a3439060b45d914395d77287b2e4890a49d1599fc3ef9189?s=96&d=mm&r=g","caption":"Prensa A Guarda"},"url":"https:\/\/www.turismoaguarda.es\/gl\/author\/prensa\/"}]}},"_links":{"self":[{"href":"https:\/\/www.turismoaguarda.es\/gl\/wp-json\/wp\/v2\/posts\/13093","targetHints":{"allow":["GET"]}}],"collection":[{"href":"https:\/\/www.turismoaguarda.es\/gl\/wp-json\/wp\/v2\/posts"}],"about":[{"href":"https:\/\/www.turismoaguarda.es\/gl\/wp-json\/wp\/v2\/types\/post"}],"author":[{"embeddable":true,"href":"https:\/\/www.turismoaguarda.es\/gl\/wp-json\/wp\/v2\/users\/11"}],"replies":[{"embeddable":true,"href":"https:\/\/www.turismoaguarda.es\/gl\/wp-json\/wp\/v2\/comments?post=13093"}],"version-history":[{"count":2,"href":"https:\/\/www.turismoaguarda.es\/gl\/wp-json\/wp\/v2\/posts\/13093\/revisions"}],"predecessor-version":[{"id":13100,"href":"https:\/\/www.turismoaguarda.es\/gl\/wp-json\/wp\/v2\/posts\/13093\/revisions\/13100"}],"wp:featuredmedia":[{"embeddable":true,"href":"https:\/\/www.turismoaguarda.es\/gl\/wp-json\/wp\/v2\/media\/13094"}],"wp:attachment":[{"href":"https:\/\/www.turismoaguarda.es\/gl\/wp-json\/wp\/v2\/media?parent=13093"}],"wp:term":[{"taxonomy":"category","embeddable":true,"href":"https:\/\/www.turismoaguarda.es\/gl\/wp-json\/wp\/v2\/categories?post=13093"},{"taxonomy":"post_tag","embeddable":true,"href":"https:\/\/www.turismoaguarda.es\/gl\/wp-json\/wp\/v2\/tags?post=13093"}],"curies":[{"name":"wp","href":"https:\/\/api.w.org\/{rel}","templated":true}]}}