{"id":13026,"date":"2020-08-18T16:14:15","date_gmt":"2020-08-18T14:14:15","guid":{"rendered":"https:\/\/www.turismoaguarda.es\/?p=13026"},"modified":"2020-08-18T16:14:15","modified_gmt":"2020-08-18T14:14:15","slug":"novas-actividades-esta-semana-na-programacion-de-veran-2020-na-guarda","status":"publish","type":"post","link":"https:\/\/www.turismoaguarda.es\/gl\/novas-actividades-esta-semana-na-programacion-de-veran-2020-na-guarda\/","title":{"rendered":"Novas actividades esta semana na programaci\u00f3n de ver\u00e1n 2020 na Guarda"},"content":{"rendered":"<p style=\"text-align: justify;\">\u2022 Visitas guiadas ao casco urbano, ao Monte Santa Trega, \u00e1 Embarcaci\u00f3n Piueiro, m\u00fasica, visitas teatralizadas e probas deportivas compo\u00f1en a programaci\u00f3n para esta semana.<\/p>\n<p style=\"text-align: justify;\">O Concello da Guarda contin\u00faa apostando por unha programaci\u00f3n de actividades para todos os gustos e idades, tendo sempre en conta as medidas de hixiene e seguridade motivadas pola pandemia do covid-19.<\/p>\n<p style=\"text-align: justify;\">Nesta semana a programaci\u00f3n, recollida na Axenda de ver\u00e1n 2020, contin\u00faa coas visitas \u00e1 embarcaci\u00f3n O Piueiro que se repiten os martes e xoves do ver\u00e1n, as visitas regulares \u00f3 Monte Santa Trega (de venres a domingo), as visitas de natureza que se suceder\u00e1n cada domingo e as Visitas polo casco urbano os m\u00e9rcores e xoves de agosto. As inscrici\u00f3ns se poden realizar a trav\u00e9s da Oficina de Turismo Municipal no 986 61 4546 ou no enderezo electr\u00f3nico aguarda.oficina.turismo@gmail.com.<\/p>\n<p style=\"text-align: justify;\">Os venres, s\u00e1bados e domingos proseguen as visitas guiadas ao Monte Santa Trega. Inscrici\u00f3n previa no MASAT 986610504 ou no enderezo electr\u00f3nico masat@aguarda.es<\/p>\n<p style=\"text-align: justify;\">Tam\u00e9n contin\u00faan esta semana as visitas teatralizadas no Monte Santa Trega, cun notable \u00e9xito e que xa colga novamente o cartaz de aforo completo para esta semana.<\/p>\n<h2 style=\"text-align: center;\">PROGRAMACI\u00d3N<\/h2>\n<p style=\"text-align: justify;\"><strong>Venres 21:<\/strong><\/p>\n<p style=\"text-align: justify;\">Este venres arranca na Praza de Avelino Vicente(As de Copas) o I Encontro do libro Luso-Galaico da Ribeira do Mi\u00f1o, un evento cultural que ter\u00e1 lugar de xeito simult\u00e1neo o venres 21 e s\u00e1bado 22 de agosto nos concellos veci\u00f1os a \u00e1mbalas d\u00faas ribeiras do R\u00edo Mi\u00f1o. Actividades en horario de 20:00h a 22:00h(ESP).<\/p>\n<p style=\"text-align: justify;\">Este venres \u00e1s 21:00h segunda cita de \u201cM\u00fasica nos Xard\u00edns\u201d co grupo Ded Routines, nun concerto apadri\u00f1ado polo Galifornia Beat. Ded Routines \u00e9 un dos segredos ocultos da escena subterr\u00e1nea galega. A banda nace en Camposancos na Guarda, bebendo de toda esa tradici\u00f3n rock que pasa por Dead Moon, Scientists, Rowland S. Howard o Big Star, para definir un son realmente persoal\u2026\u00c1s 20:00h e coma previa a este concerto realizarase nas pistas deportivas do Centro Cultural unha exhibici\u00f3n de skate promovida polo Galifornia Beat. Inscrici\u00f3n previa no Centro Cultural (986611850- centrocultural@aguarda.es)<\/p>\n<p style=\"text-align: justify;\">Tam\u00e9n este venres ter\u00e1 lugar unha nova Noite de estrelas no Puntal \u00e1s 23:00h. Inscrici\u00f3n previa na Oficina de turismo 986614546 ou no enderezo electr\u00f3nico aguarda.oficina.turismo@gmail.com<\/p>\n<p style=\"text-align: justify;\"><strong>S\u00e1bado 22<\/strong><\/p>\n<p style=\"text-align: justify;\">Este s\u00e1bado contin\u00faa na Praza de Avelino Vicente(As de Copas) o I Encontro do libro Luso-Galaico da Ribeira do Mi\u00f1o, un evento cultural que ter\u00e1 lugar de xeito simult\u00e1neo o venres 21 e s\u00e1bado 22 de agosto nos concellos veci\u00f1os a \u00e1mbalas d\u00faas ribeiras do R\u00edo Mi\u00f1o. Actividades en horario de ma\u00f1\u00e1 de 11:00 h a 14:00 h e pola tarde de 18:30 h a 21:30 h (ESP).<\/p>\n<p style=\"text-align: justify;\">O s\u00e1bado 22 de agosto a partires das 11:00h o Porto da Guarda acolle o V Campionato Galego Inclusivo Slalom de Moton\u00e1utica, unha proba deportiva que contar\u00e1 cunha participaci\u00f3n aproximada de 10 equipos.<\/p>\n<p style=\"text-align: justify;\">O Castelo de Santa Cruz acolle \u00e1s 20:00h o Concerto da Orquesta Cl\u00e1sica de Vigo, secci\u00f3n de corda. Inscrici\u00f3n previa no Centro Cultural (986611850- centrocultural@aguarda.es)<\/p>\n<p style=\"text-align: justify;\"><strong>Domingo 23<\/strong><\/p>\n<p style=\"text-align: justify;\">Nova cita con \u201cDomingos de natureza e auga\u201d, \u00e1s 10:00h. con diversos percorridos polo litoral guard\u00e9s. Informaci\u00f3n e inscrici\u00f3ns na Oficina de turismo 986614546 ou no enderezo electr\u00f3nico aguarda.oficina.turismo@gmail.com<\/p>\n<p style=\"text-align: justify;\">Tam\u00e9n na xornada deste domingo ter\u00e1 lugar no Castelo de Santa Cruz da Guarda a realizaci\u00f3n de \u201cIoga de Ver\u00e1n\u201d, o segundo encontro de ioga ao aire libre para todos os p\u00fablicos que se vai desenvolver \u00e1s 10:30h. Os interesados en participar poden ampliar informaci\u00f3n no Departamento de Deportes do Concello da Guarda chamando ao 690 928 751 ou contactando en deportes@aguarda.es<\/p>\n","protected":false},"excerpt":{"rendered":"<p>\u2022 Visitas guiadas ao casco urbano, ao Monte Santa Trega, \u00e1 Embarcaci\u00f3n Piueiro, m\u00fasica, visitas teatralizadas e probas deportivas compo\u00f1en a programaci\u00f3n para esta semana. O Concello da Guarda contin\u00faa apostando por unha programaci\u00f3n de actividades para todos os gustos e idades, tendo sempre en conta as medidas de hixiene e seguridade motivadas pola pandemia<\/p>\n<div class=\"padding-top text-center\"><a href=\"https:\/\/www.turismoaguarda.es\/gl\/novas-actividades-esta-semana-na-programacion-de-veran-2020-na-guarda\/\" class=\"atbtn atbtn--medium atbtn--rounded atbtn--transparent\">Leer m\u00e1is<i class=\"atbtn__icon atbtn__icon--right fa fa-long-arrow-right\"><\/i><\/a><\/div>\n","protected":false},"author":11,"featured_media":13027,"comment_status":"open","ping_status":"open","sticky":false,"template":"","format":"standard","meta":{"footnotes":""},"categories":[94],"tags":[170,1122,1587,1212,1726],"class_list":["post-13026","post","type-post","status-publish","format-standard","has-post-thumbnail","hentry","category-novas-turismo","tag-a-guarda-gl","tag-actividades","tag-axenda","tag-programacion","tag-veran"],"yoast_head":"<!-- This site is optimized with the Yoast SEO plugin v27.5 - https:\/\/yoast.com\/product\/yoast-seo-wordpress\/ -->\n<title>Novas actividades esta semana na programaci\u00f3n de ver\u00e1n 2020 na Guarda | Turismo A Guarda<\/title>\n<meta name=\"robots\" content=\"index, follow, max-snippet:-1, max-image-preview:large, max-video-preview:-1\" \/>\n<link rel=\"canonical\" href=\"https:\/\/www.turismoaguarda.es\/gl\/novas-actividades-esta-semana-na-programacion-de-veran-2020-na-guarda\/\" \/>\n<meta property=\"og:locale\" content=\"en_US\" \/>\n<meta property=\"og:type\" content=\"article\" \/>\n<meta property=\"og:title\" content=\"Novas actividades esta semana na programaci\u00f3n de ver\u00e1n 2020 na Guarda | Turismo A Guarda\" \/>\n<meta property=\"og:description\" content=\"\u2022 Visitas guiadas ao casco urbano, ao Monte Santa Trega, \u00e1 Embarcaci\u00f3n Piueiro, m\u00fasica, visitas teatralizadas e probas deportivas compo\u00f1en a programaci\u00f3n para esta semana. O Concello da Guarda contin\u00faa apostando por unha programaci\u00f3n de actividades para todos os gustos e idades, tendo sempre en conta as medidas de hixiene e seguridade motivadas pola pandemiaLeer m\u00e1is\" \/>\n<meta property=\"og:url\" content=\"https:\/\/www.turismoaguarda.es\/gl\/novas-actividades-esta-semana-na-programacion-de-veran-2020-na-guarda\/\" \/>\n<meta property=\"og:site_name\" content=\"Turismo A Guarda\" \/>\n<meta property=\"article:publisher\" content=\"https:\/\/es-es.facebook.com\/Turismo-A-Guarda-126223240790625\/\" \/>\n<meta property=\"article:published_time\" content=\"2020-08-18T14:14:15+00:00\" \/>\n<meta property=\"og:image\" content=\"https:\/\/www.turismoaguarda.es\/wp-content\/uploads\/2020\/08\/NP-18082020-AXENDA-SEMANAL.jpg\" \/>\n\t<meta property=\"og:image:width\" content=\"800\" \/>\n\t<meta property=\"og:image:height\" content=\"800\" \/>\n\t<meta property=\"og:image:type\" content=\"image\/jpeg\" \/>\n<meta name=\"author\" content=\"Prensa A Guarda\" \/>\n<meta name=\"twitter:card\" content=\"summary_large_image\" \/>\n<meta name=\"twitter:creator\" content=\"@TurismoAGuarda\" \/>\n<meta name=\"twitter:site\" content=\"@TurismoAGuarda\" \/>\n<meta name=\"twitter:label1\" content=\"Written by\" \/>\n\t<meta name=\"twitter:data1\" content=\"Prensa A Guarda\" \/>\n\t<meta name=\"twitter:label2\" content=\"Est. reading time\" \/>\n\t<meta name=\"twitter:data2\" content=\"3 minutes\" \/>\n<script type=\"application\/ld+json\" class=\"yoast-schema-graph\">{\"@context\":\"https:\\\/\\\/schema.org\",\"@graph\":[{\"@type\":\"Article\",\"@id\":\"https:\\\/\\\/www.turismoaguarda.es\\\/gl\\\/novas-actividades-esta-semana-na-programacion-de-veran-2020-na-guarda\\\/#article\",\"isPartOf\":{\"@id\":\"https:\\\/\\\/www.turismoaguarda.es\\\/gl\\\/novas-actividades-esta-semana-na-programacion-de-veran-2020-na-guarda\\\/\"},\"author\":{\"name\":\"Prensa A Guarda\",\"@id\":\"https:\\\/\\\/www.turismoaguarda.es\\\/#\\\/schema\\\/person\\\/a8b0c27ad7bcbb6c19799e934727508e\"},\"headline\":\"Novas actividades esta semana na programaci\u00f3n de ver\u00e1n 2020 na Guarda\",\"datePublished\":\"2020-08-18T14:14:15+00:00\",\"mainEntityOfPage\":{\"@id\":\"https:\\\/\\\/www.turismoaguarda.es\\\/gl\\\/novas-actividades-esta-semana-na-programacion-de-veran-2020-na-guarda\\\/\"},\"wordCount\":653,\"commentCount\":0,\"image\":{\"@id\":\"https:\\\/\\\/www.turismoaguarda.es\\\/gl\\\/novas-actividades-esta-semana-na-programacion-de-veran-2020-na-guarda\\\/#primaryimage\"},\"thumbnailUrl\":\"https:\\\/\\\/www.turismoaguarda.es\\\/wp-content\\\/uploads\\\/2020\\\/08\\\/NP-18082020-AXENDA-SEMANAL.jpg\",\"keywords\":[\"A Guarda\",\"Actividades\",\"axenda\",\"Programaci\u00f3n\",\"ver\u00e1n\"],\"articleSection\":[\"Novas Turismo\"],\"inLanguage\":\"gl\",\"potentialAction\":[{\"@type\":\"CommentAction\",\"name\":\"Comment\",\"target\":[\"https:\\\/\\\/www.turismoaguarda.es\\\/gl\\\/novas-actividades-esta-semana-na-programacion-de-veran-2020-na-guarda\\\/#respond\"]}]},{\"@type\":\"WebPage\",\"@id\":\"https:\\\/\\\/www.turismoaguarda.es\\\/gl\\\/novas-actividades-esta-semana-na-programacion-de-veran-2020-na-guarda\\\/\",\"url\":\"https:\\\/\\\/www.turismoaguarda.es\\\/gl\\\/novas-actividades-esta-semana-na-programacion-de-veran-2020-na-guarda\\\/\",\"name\":\"Novas actividades esta semana na programaci\u00f3n de ver\u00e1n 2020 na Guarda | Turismo A Guarda\",\"isPartOf\":{\"@id\":\"https:\\\/\\\/www.turismoaguarda.es\\\/#website\"},\"primaryImageOfPage\":{\"@id\":\"https:\\\/\\\/www.turismoaguarda.es\\\/gl\\\/novas-actividades-esta-semana-na-programacion-de-veran-2020-na-guarda\\\/#primaryimage\"},\"image\":{\"@id\":\"https:\\\/\\\/www.turismoaguarda.es\\\/gl\\\/novas-actividades-esta-semana-na-programacion-de-veran-2020-na-guarda\\\/#primaryimage\"},\"thumbnailUrl\":\"https:\\\/\\\/www.turismoaguarda.es\\\/wp-content\\\/uploads\\\/2020\\\/08\\\/NP-18082020-AXENDA-SEMANAL.jpg\",\"datePublished\":\"2020-08-18T14:14:15+00:00\",\"author\":{\"@id\":\"https:\\\/\\\/www.turismoaguarda.es\\\/#\\\/schema\\\/person\\\/a8b0c27ad7bcbb6c19799e934727508e\"},\"breadcrumb\":{\"@id\":\"https:\\\/\\\/www.turismoaguarda.es\\\/gl\\\/novas-actividades-esta-semana-na-programacion-de-veran-2020-na-guarda\\\/#breadcrumb\"},\"inLanguage\":\"gl\",\"potentialAction\":[{\"@type\":\"ReadAction\",\"target\":[\"https:\\\/\\\/www.turismoaguarda.es\\\/gl\\\/novas-actividades-esta-semana-na-programacion-de-veran-2020-na-guarda\\\/\"]}]},{\"@type\":\"ImageObject\",\"inLanguage\":\"gl\",\"@id\":\"https:\\\/\\\/www.turismoaguarda.es\\\/gl\\\/novas-actividades-esta-semana-na-programacion-de-veran-2020-na-guarda\\\/#primaryimage\",\"url\":\"https:\\\/\\\/www.turismoaguarda.es\\\/wp-content\\\/uploads\\\/2020\\\/08\\\/NP-18082020-AXENDA-SEMANAL.jpg\",\"contentUrl\":\"https:\\\/\\\/www.turismoaguarda.es\\\/wp-content\\\/uploads\\\/2020\\\/08\\\/NP-18082020-AXENDA-SEMANAL.jpg\",\"width\":800,\"height\":800},{\"@type\":\"BreadcrumbList\",\"@id\":\"https:\\\/\\\/www.turismoaguarda.es\\\/gl\\\/novas-actividades-esta-semana-na-programacion-de-veran-2020-na-guarda\\\/#breadcrumb\",\"itemListElement\":[{\"@type\":\"ListItem\",\"position\":1,\"name\":\"Portada\",\"item\":\"https:\\\/\\\/www.turismoaguarda.es\\\/gl\\\/\"},{\"@type\":\"ListItem\",\"position\":2,\"name\":\"Novas actividades esta semana na programaci\u00f3n de ver\u00e1n 2020 na Guarda\"}]},{\"@type\":\"WebSite\",\"@id\":\"https:\\\/\\\/www.turismoaguarda.es\\\/#website\",\"url\":\"https:\\\/\\\/www.turismoaguarda.es\\\/\",\"name\":\"Turismo A Guarda\",\"description\":\"Informaci\u00f3n tur\u00edstica de A Guarda y alrededores.\",\"potentialAction\":[{\"@type\":\"SearchAction\",\"target\":{\"@type\":\"EntryPoint\",\"urlTemplate\":\"https:\\\/\\\/www.turismoaguarda.es\\\/?s={search_term_string}\"},\"query-input\":{\"@type\":\"PropertyValueSpecification\",\"valueRequired\":true,\"valueName\":\"search_term_string\"}}],\"inLanguage\":\"gl\"},{\"@type\":\"Person\",\"@id\":\"https:\\\/\\\/www.turismoaguarda.es\\\/#\\\/schema\\\/person\\\/a8b0c27ad7bcbb6c19799e934727508e\",\"name\":\"Prensa A Guarda\",\"image\":{\"@type\":\"ImageObject\",\"inLanguage\":\"gl\",\"@id\":\"https:\\\/\\\/secure.gravatar.com\\\/avatar\\\/387e117f874ba5d0a3439060b45d914395d77287b2e4890a49d1599fc3ef9189?s=96&d=mm&r=g\",\"url\":\"https:\\\/\\\/secure.gravatar.com\\\/avatar\\\/387e117f874ba5d0a3439060b45d914395d77287b2e4890a49d1599fc3ef9189?s=96&d=mm&r=g\",\"contentUrl\":\"https:\\\/\\\/secure.gravatar.com\\\/avatar\\\/387e117f874ba5d0a3439060b45d914395d77287b2e4890a49d1599fc3ef9189?s=96&d=mm&r=g\",\"caption\":\"Prensa A Guarda\"},\"url\":\"https:\\\/\\\/www.turismoaguarda.es\\\/gl\\\/author\\\/prensa\\\/\"}]}<\/script>\n<!-- \/ Yoast SEO plugin. -->","yoast_head_json":{"title":"Novas actividades esta semana na programaci\u00f3n de ver\u00e1n 2020 na Guarda | Turismo A Guarda","robots":{"index":"index","follow":"follow","max-snippet":"max-snippet:-1","max-image-preview":"max-image-preview:large","max-video-preview":"max-video-preview:-1"},"canonical":"https:\/\/www.turismoaguarda.es\/gl\/novas-actividades-esta-semana-na-programacion-de-veran-2020-na-guarda\/","og_locale":"en_US","og_type":"article","og_title":"Novas actividades esta semana na programaci\u00f3n de ver\u00e1n 2020 na Guarda | Turismo A Guarda","og_description":"\u2022 Visitas guiadas ao casco urbano, ao Monte Santa Trega, \u00e1 Embarcaci\u00f3n Piueiro, m\u00fasica, visitas teatralizadas e probas deportivas compo\u00f1en a programaci\u00f3n para esta semana. O Concello da Guarda contin\u00faa apostando por unha programaci\u00f3n de actividades para todos os gustos e idades, tendo sempre en conta as medidas de hixiene e seguridade motivadas pola pandemiaLeer m\u00e1is","og_url":"https:\/\/www.turismoaguarda.es\/gl\/novas-actividades-esta-semana-na-programacion-de-veran-2020-na-guarda\/","og_site_name":"Turismo A Guarda","article_publisher":"https:\/\/es-es.facebook.com\/Turismo-A-Guarda-126223240790625\/","article_published_time":"2020-08-18T14:14:15+00:00","og_image":[{"width":800,"height":800,"url":"https:\/\/www.turismoaguarda.es\/wp-content\/uploads\/2020\/08\/NP-18082020-AXENDA-SEMANAL.jpg","type":"image\/jpeg"}],"author":"Prensa A Guarda","twitter_card":"summary_large_image","twitter_creator":"@TurismoAGuarda","twitter_site":"@TurismoAGuarda","twitter_misc":{"Written by":"Prensa A Guarda","Est. reading time":"3 minutes"},"schema":{"@context":"https:\/\/schema.org","@graph":[{"@type":"Article","@id":"https:\/\/www.turismoaguarda.es\/gl\/novas-actividades-esta-semana-na-programacion-de-veran-2020-na-guarda\/#article","isPartOf":{"@id":"https:\/\/www.turismoaguarda.es\/gl\/novas-actividades-esta-semana-na-programacion-de-veran-2020-na-guarda\/"},"author":{"name":"Prensa A Guarda","@id":"https:\/\/www.turismoaguarda.es\/#\/schema\/person\/a8b0c27ad7bcbb6c19799e934727508e"},"headline":"Novas actividades esta semana na programaci\u00f3n de ver\u00e1n 2020 na Guarda","datePublished":"2020-08-18T14:14:15+00:00","mainEntityOfPage":{"@id":"https:\/\/www.turismoaguarda.es\/gl\/novas-actividades-esta-semana-na-programacion-de-veran-2020-na-guarda\/"},"wordCount":653,"commentCount":0,"image":{"@id":"https:\/\/www.turismoaguarda.es\/gl\/novas-actividades-esta-semana-na-programacion-de-veran-2020-na-guarda\/#primaryimage"},"thumbnailUrl":"https:\/\/www.turismoaguarda.es\/wp-content\/uploads\/2020\/08\/NP-18082020-AXENDA-SEMANAL.jpg","keywords":["A Guarda","Actividades","axenda","Programaci\u00f3n","ver\u00e1n"],"articleSection":["Novas Turismo"],"inLanguage":"gl","potentialAction":[{"@type":"CommentAction","name":"Comment","target":["https:\/\/www.turismoaguarda.es\/gl\/novas-actividades-esta-semana-na-programacion-de-veran-2020-na-guarda\/#respond"]}]},{"@type":"WebPage","@id":"https:\/\/www.turismoaguarda.es\/gl\/novas-actividades-esta-semana-na-programacion-de-veran-2020-na-guarda\/","url":"https:\/\/www.turismoaguarda.es\/gl\/novas-actividades-esta-semana-na-programacion-de-veran-2020-na-guarda\/","name":"Novas actividades esta semana na programaci\u00f3n de ver\u00e1n 2020 na Guarda | Turismo A Guarda","isPartOf":{"@id":"https:\/\/www.turismoaguarda.es\/#website"},"primaryImageOfPage":{"@id":"https:\/\/www.turismoaguarda.es\/gl\/novas-actividades-esta-semana-na-programacion-de-veran-2020-na-guarda\/#primaryimage"},"image":{"@id":"https:\/\/www.turismoaguarda.es\/gl\/novas-actividades-esta-semana-na-programacion-de-veran-2020-na-guarda\/#primaryimage"},"thumbnailUrl":"https:\/\/www.turismoaguarda.es\/wp-content\/uploads\/2020\/08\/NP-18082020-AXENDA-SEMANAL.jpg","datePublished":"2020-08-18T14:14:15+00:00","author":{"@id":"https:\/\/www.turismoaguarda.es\/#\/schema\/person\/a8b0c27ad7bcbb6c19799e934727508e"},"breadcrumb":{"@id":"https:\/\/www.turismoaguarda.es\/gl\/novas-actividades-esta-semana-na-programacion-de-veran-2020-na-guarda\/#breadcrumb"},"inLanguage":"gl","potentialAction":[{"@type":"ReadAction","target":["https:\/\/www.turismoaguarda.es\/gl\/novas-actividades-esta-semana-na-programacion-de-veran-2020-na-guarda\/"]}]},{"@type":"ImageObject","inLanguage":"gl","@id":"https:\/\/www.turismoaguarda.es\/gl\/novas-actividades-esta-semana-na-programacion-de-veran-2020-na-guarda\/#primaryimage","url":"https:\/\/www.turismoaguarda.es\/wp-content\/uploads\/2020\/08\/NP-18082020-AXENDA-SEMANAL.jpg","contentUrl":"https:\/\/www.turismoaguarda.es\/wp-content\/uploads\/2020\/08\/NP-18082020-AXENDA-SEMANAL.jpg","width":800,"height":800},{"@type":"BreadcrumbList","@id":"https:\/\/www.turismoaguarda.es\/gl\/novas-actividades-esta-semana-na-programacion-de-veran-2020-na-guarda\/#breadcrumb","itemListElement":[{"@type":"ListItem","position":1,"name":"Portada","item":"https:\/\/www.turismoaguarda.es\/gl\/"},{"@type":"ListItem","position":2,"name":"Novas actividades esta semana na programaci\u00f3n de ver\u00e1n 2020 na Guarda"}]},{"@type":"WebSite","@id":"https:\/\/www.turismoaguarda.es\/#website","url":"https:\/\/www.turismoaguarda.es\/","name":"Turismo A Guarda","description":"Informaci\u00f3n tur\u00edstica de A Guarda y alrededores.","potentialAction":[{"@type":"SearchAction","target":{"@type":"EntryPoint","urlTemplate":"https:\/\/www.turismoaguarda.es\/?s={search_term_string}"},"query-input":{"@type":"PropertyValueSpecification","valueRequired":true,"valueName":"search_term_string"}}],"inLanguage":"gl"},{"@type":"Person","@id":"https:\/\/www.turismoaguarda.es\/#\/schema\/person\/a8b0c27ad7bcbb6c19799e934727508e","name":"Prensa A Guarda","image":{"@type":"ImageObject","inLanguage":"gl","@id":"https:\/\/secure.gravatar.com\/avatar\/387e117f874ba5d0a3439060b45d914395d77287b2e4890a49d1599fc3ef9189?s=96&d=mm&r=g","url":"https:\/\/secure.gravatar.com\/avatar\/387e117f874ba5d0a3439060b45d914395d77287b2e4890a49d1599fc3ef9189?s=96&d=mm&r=g","contentUrl":"https:\/\/secure.gravatar.com\/avatar\/387e117f874ba5d0a3439060b45d914395d77287b2e4890a49d1599fc3ef9189?s=96&d=mm&r=g","caption":"Prensa A Guarda"},"url":"https:\/\/www.turismoaguarda.es\/gl\/author\/prensa\/"}]}},"_links":{"self":[{"href":"https:\/\/www.turismoaguarda.es\/gl\/wp-json\/wp\/v2\/posts\/13026","targetHints":{"allow":["GET"]}}],"collection":[{"href":"https:\/\/www.turismoaguarda.es\/gl\/wp-json\/wp\/v2\/posts"}],"about":[{"href":"https:\/\/www.turismoaguarda.es\/gl\/wp-json\/wp\/v2\/types\/post"}],"author":[{"embeddable":true,"href":"https:\/\/www.turismoaguarda.es\/gl\/wp-json\/wp\/v2\/users\/11"}],"replies":[{"embeddable":true,"href":"https:\/\/www.turismoaguarda.es\/gl\/wp-json\/wp\/v2\/comments?post=13026"}],"version-history":[{"count":1,"href":"https:\/\/www.turismoaguarda.es\/gl\/wp-json\/wp\/v2\/posts\/13026\/revisions"}],"predecessor-version":[{"id":13030,"href":"https:\/\/www.turismoaguarda.es\/gl\/wp-json\/wp\/v2\/posts\/13026\/revisions\/13030"}],"wp:featuredmedia":[{"embeddable":true,"href":"https:\/\/www.turismoaguarda.es\/gl\/wp-json\/wp\/v2\/media\/13027"}],"wp:attachment":[{"href":"https:\/\/www.turismoaguarda.es\/gl\/wp-json\/wp\/v2\/media?parent=13026"}],"wp:term":[{"taxonomy":"category","embeddable":true,"href":"https:\/\/www.turismoaguarda.es\/gl\/wp-json\/wp\/v2\/categories?post=13026"},{"taxonomy":"post_tag","embeddable":true,"href":"https:\/\/www.turismoaguarda.es\/gl\/wp-json\/wp\/v2\/tags?post=13026"}],"curies":[{"name":"wp","href":"https:\/\/api.w.org\/{rel}","templated":true}]}}