{"id":12871,"date":"2020-07-08T14:37:46","date_gmt":"2020-07-08T12:37:46","guid":{"rendered":"https:\/\/www.turismoaguarda.es\/?p=12871"},"modified":"2020-07-13T09:58:05","modified_gmt":"2020-07-13T07:58:05","slug":"veran-cargado-de-actividades-para-todas-as-idades-na-guarda","status":"publish","type":"post","link":"https:\/\/www.turismoaguarda.es\/gl\/veran-cargado-de-actividades-para-todas-as-idades-na-guarda\/","title":{"rendered":"Ver\u00e1n cargado de actividades para todas as idades na Guarda"},"content":{"rendered":"<p style=\"text-align: justify;\"><strong><em>\u2022 Concello fai fincap\u00e9 na realizaci\u00f3n de actividades seguras, mantendo as medidas de hixiene e seguridade vixentes en cada momento, establecendo as citas e inscrici\u00f3ns previas para evitar aglomeraci\u00f3ns.<\/em><\/strong><\/p>\n<p style=\"text-align: center;\"><a href=\"https:\/\/www.turismoaguarda.es\/gl\/veran-cargado-de-actividades-para-todas-as-idades-na-guarda\/cartel-actividades-verano-xullo-agosto-indd\/\" rel=\"attachment wp-att-12882\"><img loading=\"lazy\" decoding=\"async\" class=\"alignleft size-full wp-image-12882\" src=\"https:\/\/www.turismoaguarda.es\/wp-content\/uploads\/2020\/07\/AXENDA-A-GUARDA-XULLO-2020.jpg\" alt=\"\" width=\"800\" height=\"1179\" srcset=\"https:\/\/www.turismoaguarda.es\/wp-content\/uploads\/2020\/07\/AXENDA-A-GUARDA-XULLO-2020.jpg 800w, https:\/\/www.turismoaguarda.es\/wp-content\/uploads\/2020\/07\/AXENDA-A-GUARDA-XULLO-2020-204x300.jpg 204w, https:\/\/www.turismoaguarda.es\/wp-content\/uploads\/2020\/07\/AXENDA-A-GUARDA-XULLO-2020-695x1024.jpg 695w, https:\/\/www.turismoaguarda.es\/wp-content\/uploads\/2020\/07\/AXENDA-A-GUARDA-XULLO-2020-768x1132.jpg 768w, https:\/\/www.turismoaguarda.es\/wp-content\/uploads\/2020\/07\/AXENDA-A-GUARDA-XULLO-2020-150x221.jpg 150w, https:\/\/www.turismoaguarda.es\/wp-content\/uploads\/2020\/07\/AXENDA-A-GUARDA-XULLO-2020-339x500.jpg 339w\" sizes=\"auto, (max-width: 800px) 100vw, 800px\" \/><\/a><a href=\"https:\/\/www.turismoaguarda.es\/gl\/veran-cargado-de-actividades-para-todas-as-idades-na-guarda\/cartel-actividades-verano-xullo-agosto-indd-2\/\" rel=\"attachment wp-att-12885\"><img loading=\"lazy\" decoding=\"async\" class=\"alignleft size-full wp-image-12885\" src=\"https:\/\/www.turismoaguarda.es\/wp-content\/uploads\/2020\/07\/AXENDA-A-GUARDA-AGOSTO-2020.jpg\" alt=\"\" width=\"800\" height=\"1179\" srcset=\"https:\/\/www.turismoaguarda.es\/wp-content\/uploads\/2020\/07\/AXENDA-A-GUARDA-AGOSTO-2020.jpg 800w, https:\/\/www.turismoaguarda.es\/wp-content\/uploads\/2020\/07\/AXENDA-A-GUARDA-AGOSTO-2020-204x300.jpg 204w, https:\/\/www.turismoaguarda.es\/wp-content\/uploads\/2020\/07\/AXENDA-A-GUARDA-AGOSTO-2020-695x1024.jpg 695w, https:\/\/www.turismoaguarda.es\/wp-content\/uploads\/2020\/07\/AXENDA-A-GUARDA-AGOSTO-2020-768x1132.jpg 768w, https:\/\/www.turismoaguarda.es\/wp-content\/uploads\/2020\/07\/AXENDA-A-GUARDA-AGOSTO-2020-150x221.jpg 150w, https:\/\/www.turismoaguarda.es\/wp-content\/uploads\/2020\/07\/AXENDA-A-GUARDA-AGOSTO-2020-339x500.jpg 339w\" sizes=\"auto, (max-width: 800px) 100vw, 800px\" \/><\/a><\/p>\n<p>&nbsp;<\/p>\n<p>&nbsp;<\/p>\n<p style=\"text-align: center;\"><a href=\"https:\/\/drive.google.com\/file\/d\/159B6JP7dHbAU7i3jUCXLlO5j3OQ6Dwhp\/view?usp=sharing\">Descargar axenda en .pdf aqu\u00ed<\/a><\/p>\n<p style=\"text-align: justify;\">O Concello da Guarda ven de publicar o calendario de actividades recollido na Axenda de Ver\u00e1n 2020 e na que aparecen reflexadas todas as propostas culturais, formativas, tur\u00edsticas, deportivas e de ocio que estar\u00e1n a disposici\u00f3n de toda a cidadan\u00eda guardesa e visitantes ao longo dos meses de ver\u00e1n.<\/p>\n<p style=\"text-align: justify;\">Estas actividades est\u00e1n xestionadas a trav\u00e9s dos departamentos de Cultura, Informaci\u00f3n Xuvenil, Deportes, Patrimonio e Turismo e ter\u00e1n inicio xa a vindeira semana con actividades programadas para todas as idades e gustos e que pretenden manter entretidos a veci\u00f1os e visitantes, pero tendo en conta tam\u00e9n as medidas de hixiene e seguridade polo COVID-19, polo que a ampla maior\u00eda delas ter\u00e1n lugar en espazos abertos e ao aire libre, ou ben cun aforo limitado.<\/p>\n<p style=\"text-align: justify;\">A programaci\u00f3n arranca a partires da vindeira semana cunha proposta de formaci\u00f3n da Omix para a mocidade e coas visitas teatralizadas no Castro de Santa Trega que se viron suspendidas no pasado mes de marzo. Xa na fin de semana, o s\u00e1bado 18 de xullo as familias poder\u00e1n acudir no Auditorio de San Benito \u00e1 representaci\u00f3n teatral de \u201cL\u00e1zaro de Tormes\u201d da Compa\u00f1\u00eda Pedras de Cart\u00f3n, que estivo recentemente no Festival de Teatro Cl\u00e1sico de Almagro.<\/p>\n<p style=\"text-align: justify;\">Tam\u00e9n dar\u00e1n comezo as visitas \u00e1 embarcaci\u00f3n O Piueiro que se repetir\u00e1n os martes e xoves do ver\u00e1n (ag\u00e1s o 23 de xulllo), as visitas regulares \u00f3 Monte Santa Trega (de venres a domingo) e as visitas de natureza que se suceder\u00e1n cada domingo de xullo e agosto.<\/p>\n<p style=\"text-align: justify;\">A programaci\u00f3n continuar\u00e1 a partir de aqu\u00ed con novas propostas da Omix para a mocidade e as familias que se realizar\u00e1n no Castelo de Santa Cruz e novas propostas culturais entre as que destaca o Cinema na R\u00faa, na Praza do Rel\u00f3 con tres citas diferentes, un espect\u00e1culo de Cabaret no Auditorio de San Benito o 25 de xullo e actividades culturais para os pequenos protagonizadas pola Gramola Gominola (30 de xullo) e Peter Punk o 15 de agosto. Un concerto da Orquesta Cl\u00e1sica de Vigo e s\u00faa secci\u00f3n de Corda e a obra tetral Pelos na Lingua ser\u00e1n as propostas culturais para pechar o mes de agosto: os s\u00e1bados 22 e 29. No \u00e1mbito deportivo o 1 de agosto est\u00e1 prevista a segunda edici\u00f3n da Carreira de Orientaci\u00f3n, pensada para participar en familia e unha traves\u00eda en Kayak para o 27 de agosto<\/p>\n<p style=\"text-align: justify;\">Ademais destas propostas a\u00ednda estase a traballar en concretar concertos para a mocidade e algunha nova proposta deportiva, das que informaremos proximamente.<\/p>\n<h2 style=\"text-align: center;\">Programa:<\/h2>\n<h3 style=\"text-align: justify;\">Actividades xullo<\/h3>\n<p style=\"text-align: justify;\">Martes e m\u00e9rcores 14-15 xullo.- Obradoiro de fotograf\u00eda co m\u00f3bil para a mocidade. De 11:00h a 13:00h no Castelo de Santa Cruz. Inscrici\u00f3n previa na Omix (informacion@aguarda.es)<\/p>\n<p style=\"text-align: justify;\">S\u00e1bado 18 xullo.- Teatro infantil \u201cL\u00e1zaro de tormes\u201d, 20:00h. No Auditorio de San Benito. Inscrici\u00f3n previa no Centro Cultural (986611850 &#8211; centrocultural@aguarda.es)<\/p>\n<p style=\"text-align: justify;\">Martes e m\u00e9rcores 21-22 xullo.- Obradoiro de v\u00eddeo para a mocidade. 11:00h a 13:00h. No Castelo de Santa Cruz. Inscrici\u00f3n previa na Omix (informacion@aguarda.es)<\/p>\n<p style=\"text-align: justify;\">Xoves 23 xullo.- Cinema na r\u00faa: La gallina turuleca. Na praza do Rel\u00f3, \u00e1s 22:30h.<br \/>\nInscrici\u00f3n previa no Centro Cultural (986611850 &#8211; centrocultural@aguarda.es)<\/p>\n<p style=\"text-align: justify;\">Venres 24 xullo.-<\/p>\n<p style=\"text-align: justify;\">\u2022 Xogos e actividades en familia: xogos e movemento. Pola tarde no Castelo de Santa Cruz. Horarios diferenciados en funci\u00f3n das idades dos nenos. Informaci\u00f3n e inscrici\u00f3ns na Omix (informacion@aguarda.es)<\/p>\n<p style=\"text-align: justify;\">\u2022 Noite de estrelas no Puntal \u00e1s 23:00h. Inscrici\u00f3n previa na Oficina da turismo (986 614546 ou no enderezo electr\u00f3nico aguarda.oficina.turismo@gmail.com)<\/p>\n<p style=\"text-align: justify;\">S\u00e1bado 25 xullo.- Espect\u00e1culo \u201cFlashtop cabaret\u201d, no Auditorio de San Benito \u00e1s 20:30h. Inscrici\u00f3n previa no Centro Cultural (986611850- centrocultural@aguarda.es)<\/p>\n<p style=\"text-align: justify;\">Xoves 30 xullo.- Concerto da Gramola Gominola, no Castelo de Santa Cruz \u00e1s 20:00h. Inscrici\u00f3n previa no Centro Cultural (986611850- centrocultural@aguarda.es)<\/p>\n<p style=\"text-align: justify;\">Venres 31 de xullo.-<\/p>\n<p style=\"text-align: justify;\">\u2022 Xogos e actividades en familia: Manualidade natural. Pola tarde no Castelo de Santa Cruz. Horarios diferenciados en funci\u00f3n das idades dos nenos. Informaci\u00f3n e inscrici\u00f3n na Omix (informacion@aguarda.es)<\/p>\n<p style=\"text-align: justify;\">\u2022 Noite de estrelas no Puntal \u00e1s 23:00h. Inscrici\u00f3n previa na Oficina de turismo (986614546 ou no enderezo electr\u00f3nico aguarda.oficina.turismo@gmail.com)<\/p>\n<h3 style=\"text-align: justify;\">Actividades agosto<\/h3>\n<p style=\"text-align: justify;\">S\u00e1bado 1 agosto.- Carreira de orientaci\u00f3n. De 10:00h a 15:00h. Informaci\u00f3n e inscrici\u00f3ns en deportes@aguarda.es<\/p>\n<p style=\"text-align: justify;\">Venres 14 agosto.- Cinema na r\u00faa \u201cO \u00faltimo ver\u00e1n na escocia\u201d (versi\u00f3n dobrada en galego). 22:30h. Na Praza do Rel\u00f3. Inscrici\u00f3n previa no Centro Cultural (986611850- centrocultural@aguarda.es)<\/p>\n<p style=\"text-align: justify;\">S\u00e1bado 15 de agosto.- \u201cPunkdemia\u201d no Castelo de Santa Cruz \u00e1s 20:00h. Inscrici\u00f3n previa no Centro Cultural (986611850- centrocultural@aguarda.es)<\/p>\n<p style=\"text-align: justify;\">Venres 21 de agosto.- Noite de estrelas no Puntal \u00e1s 23:h. Inscrici\u00f3n previa na Oficina de turismo 986614546 ou no enderezo electr\u00f3nico aguarda.oficina.turismo@gmail.com<\/p>\n<p style=\"text-align: justify;\">S\u00e1bado 22 de agosto.- Concerto da Orquesta Cl\u00e1sica de Vigo, secci\u00f3n de corda. No Castelo de Santa Cruz, \u00e1s 20:00h. Inscrici\u00f3n previa no Centro Cultural (986611850- centrocultural@aguarda.es)<\/p>\n<p style=\"text-align: justify;\">Venres 28 de agosto.- Cinema na r\u00faa \u201cMr.Link\u201d . 22:30h. Na Praza do Rel\u00f3. Inscrici\u00f3n previa no Centro Cultural (986611850- centrocultural@aguarda.es)<\/p>\n<p style=\"text-align: justify;\">S\u00e1bado 29 de agosto.- Teatro \u201cPelos na lingua\u201d. No Auditorio de San Benito \u00e1s 20:00h. Inscrici\u00f3n previa no Centro Cultural (986611850- centrocultural@aguarda.es)<\/p>\n<p style=\"text-align: justify;\">Actividades regulares durante xullo e agosto, a partir do 14 de xullo<\/p>\n<p style=\"text-align: justify;\">Martes e xoves (ag\u00e1s 23 de xullo).- Visitas ao Volanteiro O Piueiro. \u00c1s 20:00h. Informaci\u00f3n e inscrici\u00f3ns na Oficina de turismo 986614546 ou no enderezo electr\u00f3nico aguarda.oficina.turismo@gmail.com<\/p>\n<p style=\"text-align: justify;\">M\u00e9rcores \u201cA viaxe de Exeria ao castro\u201d, Visitas teatralizadas no Monte Santa Trega \u00e1s 18:00h. e \u00e1s 20:00h. Inscrici\u00f3n previa\u00a0 en <a href=\"https:\/\/cutt.ly\/9oNlvCL\">https:\/\/cutt.ly\/9oNlvCL<\/a><\/p>\n<p style=\"text-align: justify;\">Venres, s\u00e1bados e domingos.- Visitas guiadas ao Monte Santa Trega. Inscrici\u00f3n previa no MASAT 986610504 ou no enderezo electr\u00f3nico <a href=\"mailto:masat@aguarda.es\">masat@aguarda.es<\/a><\/p>\n<p style=\"text-align: justify;\">Domingos.- Domingos de natureza e auga, \u00e1s 10:00h. (Diversos percorridos polo litoral guard\u00e9s). Informaci\u00f3n e inscrici\u00f3ns na Oficina de turismo 986614546 ou no enderezo electr\u00f3nico aguarda.oficina.turismo@gmail.com<\/p>\n","protected":false},"excerpt":{"rendered":"<p>\u2022 Concello fai fincap\u00e9 na realizaci\u00f3n de actividades seguras, mantendo as medidas de hixiene e seguridade vixentes en cada momento, establecendo as citas e inscrici\u00f3ns previas para evitar aglomeraci\u00f3ns. &nbsp; &nbsp; Descargar axenda en .pdf aqu\u00ed O Concello da Guarda ven de publicar o calendario de actividades recollido na Axenda de Ver\u00e1n 2020 e na<\/p>\n<div class=\"padding-top text-center\"><a href=\"https:\/\/www.turismoaguarda.es\/gl\/veran-cargado-de-actividades-para-todas-as-idades-na-guarda\/\" class=\"atbtn atbtn--medium atbtn--rounded atbtn--transparent\">Leer m\u00e1is<i class=\"atbtn__icon atbtn__icon--right fa fa-long-arrow-right\"><\/i><\/a><\/div>\n","protected":false},"author":11,"featured_media":0,"comment_status":"open","ping_status":"open","sticky":false,"template":"","format":"standard","meta":{"footnotes":""},"categories":[94],"tags":[170,1122,1757,214,234,216,1212,171,1726],"class_list":["post-12871","post","type-post","status-publish","format-standard","hentry","category-novas-turismo","tag-a-guarda-gl","tag-actividades","tag-cocio","tag-cultura-gl","tag-deporte-gl","tag-ocio-gl","tag-programacion","tag-turismo-gl","tag-veran"],"yoast_head":"<!-- This site is optimized with the Yoast SEO plugin v27.4 - https:\/\/yoast.com\/product\/yoast-seo-wordpress\/ -->\n<title>Ver\u00e1n cargado de actividades para todas as idades na Guarda | Turismo A Guarda<\/title>\n<meta name=\"robots\" content=\"index, follow, max-snippet:-1, max-image-preview:large, max-video-preview:-1\" \/>\n<link rel=\"canonical\" href=\"https:\/\/www.turismoaguarda.es\/gl\/veran-cargado-de-actividades-para-todas-as-idades-na-guarda\/\" \/>\n<meta property=\"og:locale\" content=\"en_US\" \/>\n<meta property=\"og:type\" content=\"article\" \/>\n<meta property=\"og:title\" content=\"Ver\u00e1n cargado de actividades para todas as idades na Guarda | Turismo A Guarda\" \/>\n<meta property=\"og:description\" content=\"\u2022 Concello fai fincap\u00e9 na realizaci\u00f3n de actividades seguras, mantendo as medidas de hixiene e seguridade vixentes en cada momento, establecendo as citas e inscrici\u00f3ns previas para evitar aglomeraci\u00f3ns. &nbsp; &nbsp; Descargar axenda en .pdf aqu\u00ed O Concello da Guarda ven de publicar o calendario de actividades recollido na Axenda de Ver\u00e1n 2020 e naLeer m\u00e1is\" \/>\n<meta property=\"og:url\" content=\"https:\/\/www.turismoaguarda.es\/gl\/veran-cargado-de-actividades-para-todas-as-idades-na-guarda\/\" \/>\n<meta property=\"og:site_name\" content=\"Turismo A Guarda\" \/>\n<meta property=\"article:publisher\" content=\"https:\/\/es-es.facebook.com\/Turismo-A-Guarda-126223240790625\/\" \/>\n<meta property=\"article:published_time\" content=\"2020-07-08T12:37:46+00:00\" \/>\n<meta property=\"article:modified_time\" content=\"2020-07-13T07:58:05+00:00\" \/>\n<meta property=\"og:image\" content=\"https:\/\/www.turismoaguarda.es\/wp-content\/uploads\/2020\/07\/AXENDA-A-GUARDA-XULLO-2020.jpg\" \/>\n<meta name=\"author\" content=\"Prensa A Guarda\" \/>\n<meta name=\"twitter:card\" content=\"summary_large_image\" \/>\n<meta name=\"twitter:creator\" content=\"@TurismoAGuarda\" \/>\n<meta name=\"twitter:site\" content=\"@TurismoAGuarda\" \/>\n<meta name=\"twitter:label1\" content=\"Written by\" \/>\n\t<meta name=\"twitter:data1\" content=\"Prensa A Guarda\" \/>\n\t<meta name=\"twitter:label2\" content=\"Est. reading time\" \/>\n\t<meta name=\"twitter:data2\" content=\"5 minutes\" \/>\n<script type=\"application\/ld+json\" class=\"yoast-schema-graph\">{\"@context\":\"https:\\\/\\\/schema.org\",\"@graph\":[{\"@type\":\"Article\",\"@id\":\"https:\\\/\\\/www.turismoaguarda.es\\\/gl\\\/veran-cargado-de-actividades-para-todas-as-idades-na-guarda\\\/#article\",\"isPartOf\":{\"@id\":\"https:\\\/\\\/www.turismoaguarda.es\\\/gl\\\/veran-cargado-de-actividades-para-todas-as-idades-na-guarda\\\/\"},\"author\":{\"name\":\"Prensa A Guarda\",\"@id\":\"https:\\\/\\\/www.turismoaguarda.es\\\/#\\\/schema\\\/person\\\/a8b0c27ad7bcbb6c19799e934727508e\"},\"headline\":\"Ver\u00e1n cargado de actividades para todas as idades na Guarda\",\"datePublished\":\"2020-07-08T12:37:46+00:00\",\"dateModified\":\"2020-07-13T07:58:05+00:00\",\"mainEntityOfPage\":{\"@id\":\"https:\\\/\\\/www.turismoaguarda.es\\\/gl\\\/veran-cargado-de-actividades-para-todas-as-idades-na-guarda\\\/\"},\"wordCount\":1104,\"commentCount\":0,\"image\":{\"@id\":\"https:\\\/\\\/www.turismoaguarda.es\\\/gl\\\/veran-cargado-de-actividades-para-todas-as-idades-na-guarda\\\/#primaryimage\"},\"thumbnailUrl\":\"https:\\\/\\\/www.turismoaguarda.es\\\/wp-content\\\/uploads\\\/2020\\\/07\\\/AXENDA-A-GUARDA-XULLO-2020.jpg\",\"keywords\":[\"A Guarda\",\"Actividades\",\"cocio\",\"cultura\",\"deporte\",\"ocio\",\"Programaci\u00f3n\",\"turismo\",\"ver\u00e1n\"],\"articleSection\":[\"Novas Turismo\"],\"inLanguage\":\"gl\",\"potentialAction\":[{\"@type\":\"CommentAction\",\"name\":\"Comment\",\"target\":[\"https:\\\/\\\/www.turismoaguarda.es\\\/gl\\\/veran-cargado-de-actividades-para-todas-as-idades-na-guarda\\\/#respond\"]}]},{\"@type\":\"WebPage\",\"@id\":\"https:\\\/\\\/www.turismoaguarda.es\\\/gl\\\/veran-cargado-de-actividades-para-todas-as-idades-na-guarda\\\/\",\"url\":\"https:\\\/\\\/www.turismoaguarda.es\\\/gl\\\/veran-cargado-de-actividades-para-todas-as-idades-na-guarda\\\/\",\"name\":\"Ver\u00e1n cargado de actividades para todas as idades na Guarda | Turismo A Guarda\",\"isPartOf\":{\"@id\":\"https:\\\/\\\/www.turismoaguarda.es\\\/#website\"},\"primaryImageOfPage\":{\"@id\":\"https:\\\/\\\/www.turismoaguarda.es\\\/gl\\\/veran-cargado-de-actividades-para-todas-as-idades-na-guarda\\\/#primaryimage\"},\"image\":{\"@id\":\"https:\\\/\\\/www.turismoaguarda.es\\\/gl\\\/veran-cargado-de-actividades-para-todas-as-idades-na-guarda\\\/#primaryimage\"},\"thumbnailUrl\":\"https:\\\/\\\/www.turismoaguarda.es\\\/wp-content\\\/uploads\\\/2020\\\/07\\\/AXENDA-A-GUARDA-XULLO-2020.jpg\",\"datePublished\":\"2020-07-08T12:37:46+00:00\",\"dateModified\":\"2020-07-13T07:58:05+00:00\",\"author\":{\"@id\":\"https:\\\/\\\/www.turismoaguarda.es\\\/#\\\/schema\\\/person\\\/a8b0c27ad7bcbb6c19799e934727508e\"},\"breadcrumb\":{\"@id\":\"https:\\\/\\\/www.turismoaguarda.es\\\/gl\\\/veran-cargado-de-actividades-para-todas-as-idades-na-guarda\\\/#breadcrumb\"},\"inLanguage\":\"gl\",\"potentialAction\":[{\"@type\":\"ReadAction\",\"target\":[\"https:\\\/\\\/www.turismoaguarda.es\\\/gl\\\/veran-cargado-de-actividades-para-todas-as-idades-na-guarda\\\/\"]}]},{\"@type\":\"ImageObject\",\"inLanguage\":\"gl\",\"@id\":\"https:\\\/\\\/www.turismoaguarda.es\\\/gl\\\/veran-cargado-de-actividades-para-todas-as-idades-na-guarda\\\/#primaryimage\",\"url\":\"https:\\\/\\\/www.turismoaguarda.es\\\/wp-content\\\/uploads\\\/2020\\\/07\\\/AXENDA-A-GUARDA-XULLO-2020.jpg\",\"contentUrl\":\"https:\\\/\\\/www.turismoaguarda.es\\\/wp-content\\\/uploads\\\/2020\\\/07\\\/AXENDA-A-GUARDA-XULLO-2020.jpg\"},{\"@type\":\"BreadcrumbList\",\"@id\":\"https:\\\/\\\/www.turismoaguarda.es\\\/gl\\\/veran-cargado-de-actividades-para-todas-as-idades-na-guarda\\\/#breadcrumb\",\"itemListElement\":[{\"@type\":\"ListItem\",\"position\":1,\"name\":\"Portada\",\"item\":\"https:\\\/\\\/www.turismoaguarda.es\\\/gl\\\/\"},{\"@type\":\"ListItem\",\"position\":2,\"name\":\"Ver\u00e1n cargado de actividades para todas as idades na Guarda\"}]},{\"@type\":\"WebSite\",\"@id\":\"https:\\\/\\\/www.turismoaguarda.es\\\/#website\",\"url\":\"https:\\\/\\\/www.turismoaguarda.es\\\/\",\"name\":\"Turismo A Guarda\",\"description\":\"Informaci\u00f3n tur\u00edstica de A Guarda y alrededores.\",\"potentialAction\":[{\"@type\":\"SearchAction\",\"target\":{\"@type\":\"EntryPoint\",\"urlTemplate\":\"https:\\\/\\\/www.turismoaguarda.es\\\/?s={search_term_string}\"},\"query-input\":{\"@type\":\"PropertyValueSpecification\",\"valueRequired\":true,\"valueName\":\"search_term_string\"}}],\"inLanguage\":\"gl\"},{\"@type\":\"Person\",\"@id\":\"https:\\\/\\\/www.turismoaguarda.es\\\/#\\\/schema\\\/person\\\/a8b0c27ad7bcbb6c19799e934727508e\",\"name\":\"Prensa A Guarda\",\"image\":{\"@type\":\"ImageObject\",\"inLanguage\":\"gl\",\"@id\":\"https:\\\/\\\/secure.gravatar.com\\\/avatar\\\/387e117f874ba5d0a3439060b45d914395d77287b2e4890a49d1599fc3ef9189?s=96&d=mm&r=g\",\"url\":\"https:\\\/\\\/secure.gravatar.com\\\/avatar\\\/387e117f874ba5d0a3439060b45d914395d77287b2e4890a49d1599fc3ef9189?s=96&d=mm&r=g\",\"contentUrl\":\"https:\\\/\\\/secure.gravatar.com\\\/avatar\\\/387e117f874ba5d0a3439060b45d914395d77287b2e4890a49d1599fc3ef9189?s=96&d=mm&r=g\",\"caption\":\"Prensa A Guarda\"},\"url\":\"https:\\\/\\\/www.turismoaguarda.es\\\/gl\\\/author\\\/prensa\\\/\"}]}<\/script>\n<!-- \/ Yoast SEO plugin. -->","yoast_head_json":{"title":"Ver\u00e1n cargado de actividades para todas as idades na Guarda | Turismo A Guarda","robots":{"index":"index","follow":"follow","max-snippet":"max-snippet:-1","max-image-preview":"max-image-preview:large","max-video-preview":"max-video-preview:-1"},"canonical":"https:\/\/www.turismoaguarda.es\/gl\/veran-cargado-de-actividades-para-todas-as-idades-na-guarda\/","og_locale":"en_US","og_type":"article","og_title":"Ver\u00e1n cargado de actividades para todas as idades na Guarda | Turismo A Guarda","og_description":"\u2022 Concello fai fincap\u00e9 na realizaci\u00f3n de actividades seguras, mantendo as medidas de hixiene e seguridade vixentes en cada momento, establecendo as citas e inscrici\u00f3ns previas para evitar aglomeraci\u00f3ns. &nbsp; &nbsp; Descargar axenda en .pdf aqu\u00ed O Concello da Guarda ven de publicar o calendario de actividades recollido na Axenda de Ver\u00e1n 2020 e naLeer m\u00e1is","og_url":"https:\/\/www.turismoaguarda.es\/gl\/veran-cargado-de-actividades-para-todas-as-idades-na-guarda\/","og_site_name":"Turismo A Guarda","article_publisher":"https:\/\/es-es.facebook.com\/Turismo-A-Guarda-126223240790625\/","article_published_time":"2020-07-08T12:37:46+00:00","article_modified_time":"2020-07-13T07:58:05+00:00","og_image":[{"url":"https:\/\/www.turismoaguarda.es\/wp-content\/uploads\/2020\/07\/AXENDA-A-GUARDA-XULLO-2020.jpg","type":"","width":"","height":""}],"author":"Prensa A Guarda","twitter_card":"summary_large_image","twitter_creator":"@TurismoAGuarda","twitter_site":"@TurismoAGuarda","twitter_misc":{"Written by":"Prensa A Guarda","Est. reading time":"5 minutes"},"schema":{"@context":"https:\/\/schema.org","@graph":[{"@type":"Article","@id":"https:\/\/www.turismoaguarda.es\/gl\/veran-cargado-de-actividades-para-todas-as-idades-na-guarda\/#article","isPartOf":{"@id":"https:\/\/www.turismoaguarda.es\/gl\/veran-cargado-de-actividades-para-todas-as-idades-na-guarda\/"},"author":{"name":"Prensa A Guarda","@id":"https:\/\/www.turismoaguarda.es\/#\/schema\/person\/a8b0c27ad7bcbb6c19799e934727508e"},"headline":"Ver\u00e1n cargado de actividades para todas as idades na Guarda","datePublished":"2020-07-08T12:37:46+00:00","dateModified":"2020-07-13T07:58:05+00:00","mainEntityOfPage":{"@id":"https:\/\/www.turismoaguarda.es\/gl\/veran-cargado-de-actividades-para-todas-as-idades-na-guarda\/"},"wordCount":1104,"commentCount":0,"image":{"@id":"https:\/\/www.turismoaguarda.es\/gl\/veran-cargado-de-actividades-para-todas-as-idades-na-guarda\/#primaryimage"},"thumbnailUrl":"https:\/\/www.turismoaguarda.es\/wp-content\/uploads\/2020\/07\/AXENDA-A-GUARDA-XULLO-2020.jpg","keywords":["A Guarda","Actividades","cocio","cultura","deporte","ocio","Programaci\u00f3n","turismo","ver\u00e1n"],"articleSection":["Novas Turismo"],"inLanguage":"gl","potentialAction":[{"@type":"CommentAction","name":"Comment","target":["https:\/\/www.turismoaguarda.es\/gl\/veran-cargado-de-actividades-para-todas-as-idades-na-guarda\/#respond"]}]},{"@type":"WebPage","@id":"https:\/\/www.turismoaguarda.es\/gl\/veran-cargado-de-actividades-para-todas-as-idades-na-guarda\/","url":"https:\/\/www.turismoaguarda.es\/gl\/veran-cargado-de-actividades-para-todas-as-idades-na-guarda\/","name":"Ver\u00e1n cargado de actividades para todas as idades na Guarda | Turismo A Guarda","isPartOf":{"@id":"https:\/\/www.turismoaguarda.es\/#website"},"primaryImageOfPage":{"@id":"https:\/\/www.turismoaguarda.es\/gl\/veran-cargado-de-actividades-para-todas-as-idades-na-guarda\/#primaryimage"},"image":{"@id":"https:\/\/www.turismoaguarda.es\/gl\/veran-cargado-de-actividades-para-todas-as-idades-na-guarda\/#primaryimage"},"thumbnailUrl":"https:\/\/www.turismoaguarda.es\/wp-content\/uploads\/2020\/07\/AXENDA-A-GUARDA-XULLO-2020.jpg","datePublished":"2020-07-08T12:37:46+00:00","dateModified":"2020-07-13T07:58:05+00:00","author":{"@id":"https:\/\/www.turismoaguarda.es\/#\/schema\/person\/a8b0c27ad7bcbb6c19799e934727508e"},"breadcrumb":{"@id":"https:\/\/www.turismoaguarda.es\/gl\/veran-cargado-de-actividades-para-todas-as-idades-na-guarda\/#breadcrumb"},"inLanguage":"gl","potentialAction":[{"@type":"ReadAction","target":["https:\/\/www.turismoaguarda.es\/gl\/veran-cargado-de-actividades-para-todas-as-idades-na-guarda\/"]}]},{"@type":"ImageObject","inLanguage":"gl","@id":"https:\/\/www.turismoaguarda.es\/gl\/veran-cargado-de-actividades-para-todas-as-idades-na-guarda\/#primaryimage","url":"https:\/\/www.turismoaguarda.es\/wp-content\/uploads\/2020\/07\/AXENDA-A-GUARDA-XULLO-2020.jpg","contentUrl":"https:\/\/www.turismoaguarda.es\/wp-content\/uploads\/2020\/07\/AXENDA-A-GUARDA-XULLO-2020.jpg"},{"@type":"BreadcrumbList","@id":"https:\/\/www.turismoaguarda.es\/gl\/veran-cargado-de-actividades-para-todas-as-idades-na-guarda\/#breadcrumb","itemListElement":[{"@type":"ListItem","position":1,"name":"Portada","item":"https:\/\/www.turismoaguarda.es\/gl\/"},{"@type":"ListItem","position":2,"name":"Ver\u00e1n cargado de actividades para todas as idades na Guarda"}]},{"@type":"WebSite","@id":"https:\/\/www.turismoaguarda.es\/#website","url":"https:\/\/www.turismoaguarda.es\/","name":"Turismo A Guarda","description":"Informaci\u00f3n tur\u00edstica de A Guarda y alrededores.","potentialAction":[{"@type":"SearchAction","target":{"@type":"EntryPoint","urlTemplate":"https:\/\/www.turismoaguarda.es\/?s={search_term_string}"},"query-input":{"@type":"PropertyValueSpecification","valueRequired":true,"valueName":"search_term_string"}}],"inLanguage":"gl"},{"@type":"Person","@id":"https:\/\/www.turismoaguarda.es\/#\/schema\/person\/a8b0c27ad7bcbb6c19799e934727508e","name":"Prensa A Guarda","image":{"@type":"ImageObject","inLanguage":"gl","@id":"https:\/\/secure.gravatar.com\/avatar\/387e117f874ba5d0a3439060b45d914395d77287b2e4890a49d1599fc3ef9189?s=96&d=mm&r=g","url":"https:\/\/secure.gravatar.com\/avatar\/387e117f874ba5d0a3439060b45d914395d77287b2e4890a49d1599fc3ef9189?s=96&d=mm&r=g","contentUrl":"https:\/\/secure.gravatar.com\/avatar\/387e117f874ba5d0a3439060b45d914395d77287b2e4890a49d1599fc3ef9189?s=96&d=mm&r=g","caption":"Prensa A Guarda"},"url":"https:\/\/www.turismoaguarda.es\/gl\/author\/prensa\/"}]}},"_links":{"self":[{"href":"https:\/\/www.turismoaguarda.es\/gl\/wp-json\/wp\/v2\/posts\/12871","targetHints":{"allow":["GET"]}}],"collection":[{"href":"https:\/\/www.turismoaguarda.es\/gl\/wp-json\/wp\/v2\/posts"}],"about":[{"href":"https:\/\/www.turismoaguarda.es\/gl\/wp-json\/wp\/v2\/types\/post"}],"author":[{"embeddable":true,"href":"https:\/\/www.turismoaguarda.es\/gl\/wp-json\/wp\/v2\/users\/11"}],"replies":[{"embeddable":true,"href":"https:\/\/www.turismoaguarda.es\/gl\/wp-json\/wp\/v2\/comments?post=12871"}],"version-history":[{"count":4,"href":"https:\/\/www.turismoaguarda.es\/gl\/wp-json\/wp\/v2\/posts\/12871\/revisions"}],"predecessor-version":[{"id":12888,"href":"https:\/\/www.turismoaguarda.es\/gl\/wp-json\/wp\/v2\/posts\/12871\/revisions\/12888"}],"wp:attachment":[{"href":"https:\/\/www.turismoaguarda.es\/gl\/wp-json\/wp\/v2\/media?parent=12871"}],"wp:term":[{"taxonomy":"category","embeddable":true,"href":"https:\/\/www.turismoaguarda.es\/gl\/wp-json\/wp\/v2\/categories?post=12871"},{"taxonomy":"post_tag","embeddable":true,"href":"https:\/\/www.turismoaguarda.es\/gl\/wp-json\/wp\/v2\/tags?post=12871"}],"curies":[{"name":"wp","href":"https:\/\/api.w.org\/{rel}","templated":true}]}}