{"id":12762,"date":"2020-06-05T16:16:13","date_gmt":"2020-06-05T14:16:13","guid":{"rendered":"https:\/\/www.turismoaguarda.es\/?p=12762"},"modified":"2020-06-05T16:16:13","modified_gmt":"2020-06-05T14:16:13","slug":"as-praias-galegas-da-guarda-competiran-con-outras-once-praias-nacionais-na-nova-edicion-de-miplayasinplasticos","status":"publish","type":"post","link":"https:\/\/www.turismoaguarda.es\/gl\/as-praias-galegas-da-guarda-competiran-con-outras-once-praias-nacionais-na-nova-edicion-de-miplayasinplasticos\/","title":{"rendered":"As praias galegas da Guarda competir\u00e1n con outras once praias nacionais na nova edici\u00f3n de #MiPlayaSinPl\u00e1sticos"},"content":{"rendered":"<p style=\"text-align: justify;\">\u2022 A iniciativa, que conta coa colaboraci\u00f3n do monta\u00f1ista, aventureiro e presentador Jes\u00fas Calleja, busca concienciar \u00e1 cidadan\u00eda sobre a necesidade de manter as costas espa\u00f1olas libres de residuos.<\/p>\n<p style=\"text-align: justify;\">\u2022 A trav\u00e9s dunha votaci\u00f3n p\u00fablica, os espa\u00f1oles poder\u00e1n escoller tres praias de entre 12 seleccionadas ao longo do litoral, para que sexan obxecto dunha xornada de limpeza por parte de voluntarios medioambientais no outono.<\/p>\n<p style=\"text-align: justify;\">\u2022 Ademais das entidades FSC e Paisaje Limpio, no acto estiveron presentes autoridades locais dos municipios cuxos enclaves participan no concurso, entre os que se entopaba unha representante da localidade galega da Guarda.<\/p>\n<p style=\"text-align: justify;\">As praias galegas da Guarda foron unhas das 12 paraxes costeiras seleccionadas para participar na nova edici\u00f3n de #MiPlayaSinPl\u00e1sticos. A iniciativa, impulsada por Procter &amp; Gamble (P&amp;G) e Carrefour en colaboraci\u00f3n coa ONG Paisaje Limpio e que volta a contar co respaldo do aventureiro Jes\u00fas Calleja como embaixador, busca concienciar \u00e1 cidadan\u00eda sobre o impacto de tirar residuos nas praias e sobre a necesidade de actuar e tomar decisi\u00f3ns para aportar soluci\u00f3ns a un problema que nos afecta directamente, como \u00e9 o cambio clim\u00e1tico.<\/p>\n<p style=\"text-align: justify;\">Nesta edici\u00f3n, presentada como antesala do D\u00eda Mundial do Medioambiente, 12 praias competir\u00e1n por ser as escollidas polos espa\u00f1oles para acoller unha xornada intensiva de limpeza por parte de voluntarios medioambientais o pr\u00f3ximo outono. Como novidade, nesta ocasi\u00f3n ser\u00e1n tres, en vez dunha, as seleccionadas no concurso de #MiPlayaSinPl\u00e1sticos, cuxas votaci\u00f3ns estar\u00e1n abertas ata o pr\u00f3ximo 31 de agosto en neste enlace:<strong> <a href=\"https:\/\/bit.ly\/2Mqcsb9\">https:\/\/bit.ly\/2Mqcsb9<\/a><\/strong>.<\/p>\n<p style=\"text-align: justify;\">O acto de arranque, que se ten celebrado por primiera vez en formato online, contou coa participaci\u00f3n de diversas autoridades locais das Comunidades e municipios cuxos enclaves formar\u00e1n parte das votaci\u00f3ns, entre os que tomou parte unha representante da localidade galega da Guarda.<\/p>\n<p style=\"text-align: justify;\">Durante a presentaci\u00f3n, Jes\u00fas Calleja lanzou un chamamento aos espa\u00f1oles para que, entre todos, preservemos a recuperaci\u00f3n que ten experimentado o entorno durante a emerxencia sanitaria. \u201cA naturaleza resurx\u00edu e, agora, debemos manter este regalo. Queremos volver a desfrutar das nosas praias no seu mellor estado e homenaxealas retirando aqueles residuos que a\u00ednda existen. A natureza \u00e9 fonte de vida e benestar, a temos botado moit\u00edsimo de menos durante confinamento e, por elo, temos que coidala e respectala ao m\u00e1ximo\u201d, engad\u00edu.<\/p>\n<p style=\"text-align: justify;\">Pola s\u00faa parte, Rami Baiti\u00e9h, director xeral de Carrefour Espa\u00f1a, sinalou que: \u201cCon esta nova edici\u00f3n de #MiPlayaSinPl\u00e1sticos queremos reafirmar noso compromiso co medio ambiente, cos nosos clientes e colaboradores. En definitiva, unha acci\u00f3n que nos implica nun gran desaf\u00edo e que forma parte da nosa pol\u00edtica de acci\u00f3ns de RSC, da cal vos convidamos a formar parte\u201d.<\/p>\n<p style=\"text-align: justify;\">Unha idea que coincide coa transmitida por Javier Solans, director xeral de P&amp;G en Espa\u00f1a e Portugal, quen sinalou: \u201cA sostenibilidade \u00e9 responsabilidade de todos e por elo, debemos unir as nosas forzas e crear alianzas poderosas que nos permitan contribu\u00edr a resolver este gran desaf\u00edo. A emerxencia sanitaria f\u00edxonos m\u00e1is conscientes do valor que aporta \u00e1s nosas vidas a natureza. Por elo, debemos traballar para eliminar as pegadas de residuos que a\u00ednda existan e evitar novas imaxes das nosas praias cheas de desperdicios e, agora tam\u00e9n, de obxectos como luvas ou m\u00e1scaras\u201d.<\/p>\n<p style=\"text-align: justify;\"><strong>Unha fonte de riqueza natural que debe ser preservada<\/strong><\/p>\n<p style=\"text-align: justify;\">As praias da Guarda est\u00e1n situadas no estuario do r\u00edo Mi\u00f1o, dende o que se pode mirar Portugal. Rodeadas dun fermoso pinar, vense afectadas pola marea, vento e os posibles residuos que arrastra o r\u00edo a trav\u00e9s das s\u00faas augas.<\/p>\n<p style=\"text-align: justify;\">As marcas e as empresas te\u00f1en a oportunidade de axudar aos consumidores a vivir duhna maneira que coide e restaure o planeta a trav\u00e9s de compras m\u00e1is conscientes e h\u00e1bitos de consumo responsables.<\/p>\n<p style=\"text-align: justify;\">Sen embargo, a sostenibilidade e o coidado do noso entorno son retos que so poden ser abordados dende a colaboraci\u00f3n de todos os actores que conforman a sociedade. Por elo, este ano, o acto de presentaci\u00f3n contou tam\u00e9n coa presencia de portavoces de Paisaje Limpio e FSC, as\u00ed como con representantes dos doce municipios aos que pertencen as praias seleccionadas. Todos eles quixeron destacar a importancia deste tipo de iniciativas como altofalante e chamada \u00e1 concienciaci\u00f3n sobre a necesidade de manter limpo o entorno natural.<\/p>\n<p style=\"text-align: justify;\"><strong>Unha iniciativa consolidada entre os espa\u00f1oles<\/strong><\/p>\n<p style=\"text-align: justify;\">Tan so tres anos despois da s\u00faa posta en marcha, #MiPlayaSinPl\u00e1sticos se ten consolidado como unha iniciativa de \u00e9xito e efectiva no \u00e1mbito medioambiental. De feito, no 2019 bateu o seu r\u00e9cord de participaci\u00f3n ao pechar a edici\u00f3n con 300.000 votos rexistrados e recoller, en so unha xornada de limpeza, m\u00e1is de 600 kg. de residuos recollidos que foron clasificados e categorizados a trav\u00e9s da ferramenta MARNOBA, avalada polo Ministerio para la Transici\u00f3n Ecol\u00f3gica y el Reto Demogr\u00e1fico (MITECO). Unhas cifras que po\u00f1en de manifesto a crecente preocupaci\u00f3n e implicaci\u00f3n da cidadan\u00eda espa\u00f1ola en torno \u00e1 sostenibilidade.<\/p>\n<p style=\"text-align: justify;\">A principios de setembro daranse a co\u00f1ecer as tres praias seleccionadas para ser limpadas de residuos da man de Carrefour, P&amp;G, Paisaje Limpio e centos de voluntarios medioambientais. A nova edici\u00f3n de #MiPlayaSinPl\u00e1sticos arranca as\u00ed nunhas circunstancias sen precedentes para continuar concienciando sobre a importancia de manter los espazos naturais costeiros libres de residuos pl\u00e1sticos.<\/p>\n","protected":false},"excerpt":{"rendered":"<p>\u2022 A iniciativa, que conta coa colaboraci\u00f3n do monta\u00f1ista, aventureiro e presentador Jes\u00fas Calleja, busca concienciar \u00e1 cidadan\u00eda sobre a necesidade de manter as costas espa\u00f1olas libres de residuos. \u2022 A trav\u00e9s dunha votaci\u00f3n p\u00fablica, os espa\u00f1oles poder\u00e1n escoller tres praias de entre 12 seleccionadas ao longo do litoral, para que sexan obxecto dunha xornada<\/p>\n<div class=\"padding-top text-center\"><a href=\"https:\/\/www.turismoaguarda.es\/gl\/as-praias-galegas-da-guarda-competiran-con-outras-once-praias-nacionais-na-nova-edicion-de-miplayasinplasticos\/\" class=\"atbtn atbtn--medium atbtn--rounded atbtn--transparent\">Leer m\u00e1is<i class=\"atbtn__icon atbtn__icon--right fa fa-long-arrow-right\"><\/i><\/a><\/div>\n","protected":false},"author":11,"featured_media":12763,"comment_status":"open","ping_status":"open","sticky":false,"template":"","format":"standard","meta":{"footnotes":""},"categories":[94],"tags":[1736,170,1627,1596],"class_list":["post-12762","post","type-post","status-publish","format-standard","has-post-thumbnail","hentry","category-novas-turismo","tag-miplayasinplasticos","tag-a-guarda-gl","tag-medio-ambiente","tag-praias"],"yoast_head":"<!-- This site is optimized with the Yoast SEO plugin v27.4 - https:\/\/yoast.com\/product\/yoast-seo-wordpress\/ -->\n<title>As praias galegas da Guarda competir\u00e1n con outras once praias nacionais na nova edici\u00f3n de #MiPlayaSinPl\u00e1sticos | Turismo A Guarda<\/title>\n<meta name=\"robots\" content=\"index, follow, max-snippet:-1, max-image-preview:large, max-video-preview:-1\" \/>\n<link rel=\"canonical\" href=\"https:\/\/www.turismoaguarda.es\/gl\/as-praias-galegas-da-guarda-competiran-con-outras-once-praias-nacionais-na-nova-edicion-de-miplayasinplasticos\/\" \/>\n<meta property=\"og:locale\" content=\"en_US\" \/>\n<meta property=\"og:type\" content=\"article\" \/>\n<meta property=\"og:title\" content=\"As praias galegas da Guarda competir\u00e1n con outras once praias nacionais na nova edici\u00f3n de #MiPlayaSinPl\u00e1sticos | Turismo A Guarda\" \/>\n<meta property=\"og:description\" content=\"\u2022 A iniciativa, que conta coa colaboraci\u00f3n do monta\u00f1ista, aventureiro e presentador Jes\u00fas Calleja, busca concienciar \u00e1 cidadan\u00eda sobre a necesidade de manter as costas espa\u00f1olas libres de residuos. \u2022 A trav\u00e9s dunha votaci\u00f3n p\u00fablica, os espa\u00f1oles poder\u00e1n escoller tres praias de entre 12 seleccionadas ao longo do litoral, para que sexan obxecto dunha xornadaLeer m\u00e1is\" \/>\n<meta property=\"og:url\" content=\"https:\/\/www.turismoaguarda.es\/gl\/as-praias-galegas-da-guarda-competiran-con-outras-once-praias-nacionais-na-nova-edicion-de-miplayasinplasticos\/\" \/>\n<meta property=\"og:site_name\" content=\"Turismo A Guarda\" \/>\n<meta property=\"article:publisher\" content=\"https:\/\/es-es.facebook.com\/Turismo-A-Guarda-126223240790625\/\" \/>\n<meta property=\"article:published_time\" content=\"2020-06-05T14:16:13+00:00\" \/>\n<meta property=\"og:image\" content=\"https:\/\/www.turismoaguarda.es\/wp-content\/uploads\/2020\/06\/NP-05062020-As-praias-galegas-da-Guarda-competir\u00e1n-con-outras-once-praias-nacionais-na-nova-edici\u00f3n-de-MiPlayaSinPl\u00e1sticos.jpg\" \/>\n\t<meta property=\"og:image:width\" content=\"800\" \/>\n\t<meta property=\"og:image:height\" content=\"558\" \/>\n\t<meta property=\"og:image:type\" content=\"image\/jpeg\" \/>\n<meta name=\"author\" content=\"Prensa A Guarda\" \/>\n<meta name=\"twitter:card\" content=\"summary_large_image\" \/>\n<meta name=\"twitter:creator\" content=\"@TurismoAGuarda\" \/>\n<meta name=\"twitter:site\" content=\"@TurismoAGuarda\" \/>\n<meta name=\"twitter:label1\" content=\"Written by\" \/>\n\t<meta name=\"twitter:data1\" content=\"Prensa A Guarda\" \/>\n\t<meta name=\"twitter:label2\" content=\"Est. reading time\" \/>\n\t<meta name=\"twitter:data2\" content=\"5 minutes\" \/>\n<script type=\"application\/ld+json\" class=\"yoast-schema-graph\">{\"@context\":\"https:\\\/\\\/schema.org\",\"@graph\":[{\"@type\":\"Article\",\"@id\":\"https:\\\/\\\/www.turismoaguarda.es\\\/gl\\\/as-praias-galegas-da-guarda-competiran-con-outras-once-praias-nacionais-na-nova-edicion-de-miplayasinplasticos\\\/#article\",\"isPartOf\":{\"@id\":\"https:\\\/\\\/www.turismoaguarda.es\\\/gl\\\/as-praias-galegas-da-guarda-competiran-con-outras-once-praias-nacionais-na-nova-edicion-de-miplayasinplasticos\\\/\"},\"author\":{\"name\":\"Prensa A Guarda\",\"@id\":\"https:\\\/\\\/www.turismoaguarda.es\\\/#\\\/schema\\\/person\\\/a8b0c27ad7bcbb6c19799e934727508e\"},\"headline\":\"As praias galegas da Guarda competir\u00e1n con outras once praias nacionais na nova edici\u00f3n de #MiPlayaSinPl\u00e1sticos\",\"datePublished\":\"2020-06-05T14:16:13+00:00\",\"mainEntityOfPage\":{\"@id\":\"https:\\\/\\\/www.turismoaguarda.es\\\/gl\\\/as-praias-galegas-da-guarda-competiran-con-outras-once-praias-nacionais-na-nova-edicion-de-miplayasinplasticos\\\/\"},\"wordCount\":947,\"commentCount\":0,\"image\":{\"@id\":\"https:\\\/\\\/www.turismoaguarda.es\\\/gl\\\/as-praias-galegas-da-guarda-competiran-con-outras-once-praias-nacionais-na-nova-edicion-de-miplayasinplasticos\\\/#primaryimage\"},\"thumbnailUrl\":\"https:\\\/\\\/www.turismoaguarda.es\\\/wp-content\\\/uploads\\\/2020\\\/06\\\/NP-05062020-As-praias-galegas-da-Guarda-competir\u00e1n-con-outras-once-praias-nacionais-na-nova-edici\u00f3n-de-MiPlayaSinPl\u00e1sticos.jpg\",\"keywords\":[\"#miplayasinplasticos\",\"A Guarda\",\"medio ambiente\",\"praias\"],\"articleSection\":[\"Novas Turismo\"],\"inLanguage\":\"gl\",\"potentialAction\":[{\"@type\":\"CommentAction\",\"name\":\"Comment\",\"target\":[\"https:\\\/\\\/www.turismoaguarda.es\\\/gl\\\/as-praias-galegas-da-guarda-competiran-con-outras-once-praias-nacionais-na-nova-edicion-de-miplayasinplasticos\\\/#respond\"]}]},{\"@type\":\"WebPage\",\"@id\":\"https:\\\/\\\/www.turismoaguarda.es\\\/gl\\\/as-praias-galegas-da-guarda-competiran-con-outras-once-praias-nacionais-na-nova-edicion-de-miplayasinplasticos\\\/\",\"url\":\"https:\\\/\\\/www.turismoaguarda.es\\\/gl\\\/as-praias-galegas-da-guarda-competiran-con-outras-once-praias-nacionais-na-nova-edicion-de-miplayasinplasticos\\\/\",\"name\":\"As praias galegas da Guarda competir\u00e1n con outras once praias nacionais na nova edici\u00f3n de #MiPlayaSinPl\u00e1sticos | Turismo A Guarda\",\"isPartOf\":{\"@id\":\"https:\\\/\\\/www.turismoaguarda.es\\\/#website\"},\"primaryImageOfPage\":{\"@id\":\"https:\\\/\\\/www.turismoaguarda.es\\\/gl\\\/as-praias-galegas-da-guarda-competiran-con-outras-once-praias-nacionais-na-nova-edicion-de-miplayasinplasticos\\\/#primaryimage\"},\"image\":{\"@id\":\"https:\\\/\\\/www.turismoaguarda.es\\\/gl\\\/as-praias-galegas-da-guarda-competiran-con-outras-once-praias-nacionais-na-nova-edicion-de-miplayasinplasticos\\\/#primaryimage\"},\"thumbnailUrl\":\"https:\\\/\\\/www.turismoaguarda.es\\\/wp-content\\\/uploads\\\/2020\\\/06\\\/NP-05062020-As-praias-galegas-da-Guarda-competir\u00e1n-con-outras-once-praias-nacionais-na-nova-edici\u00f3n-de-MiPlayaSinPl\u00e1sticos.jpg\",\"datePublished\":\"2020-06-05T14:16:13+00:00\",\"author\":{\"@id\":\"https:\\\/\\\/www.turismoaguarda.es\\\/#\\\/schema\\\/person\\\/a8b0c27ad7bcbb6c19799e934727508e\"},\"breadcrumb\":{\"@id\":\"https:\\\/\\\/www.turismoaguarda.es\\\/gl\\\/as-praias-galegas-da-guarda-competiran-con-outras-once-praias-nacionais-na-nova-edicion-de-miplayasinplasticos\\\/#breadcrumb\"},\"inLanguage\":\"gl\",\"potentialAction\":[{\"@type\":\"ReadAction\",\"target\":[\"https:\\\/\\\/www.turismoaguarda.es\\\/gl\\\/as-praias-galegas-da-guarda-competiran-con-outras-once-praias-nacionais-na-nova-edicion-de-miplayasinplasticos\\\/\"]}]},{\"@type\":\"ImageObject\",\"inLanguage\":\"gl\",\"@id\":\"https:\\\/\\\/www.turismoaguarda.es\\\/gl\\\/as-praias-galegas-da-guarda-competiran-con-outras-once-praias-nacionais-na-nova-edicion-de-miplayasinplasticos\\\/#primaryimage\",\"url\":\"https:\\\/\\\/www.turismoaguarda.es\\\/wp-content\\\/uploads\\\/2020\\\/06\\\/NP-05062020-As-praias-galegas-da-Guarda-competir\u00e1n-con-outras-once-praias-nacionais-na-nova-edici\u00f3n-de-MiPlayaSinPl\u00e1sticos.jpg\",\"contentUrl\":\"https:\\\/\\\/www.turismoaguarda.es\\\/wp-content\\\/uploads\\\/2020\\\/06\\\/NP-05062020-As-praias-galegas-da-Guarda-competir\u00e1n-con-outras-once-praias-nacionais-na-nova-edici\u00f3n-de-MiPlayaSinPl\u00e1sticos.jpg\",\"width\":800,\"height\":558},{\"@type\":\"BreadcrumbList\",\"@id\":\"https:\\\/\\\/www.turismoaguarda.es\\\/gl\\\/as-praias-galegas-da-guarda-competiran-con-outras-once-praias-nacionais-na-nova-edicion-de-miplayasinplasticos\\\/#breadcrumb\",\"itemListElement\":[{\"@type\":\"ListItem\",\"position\":1,\"name\":\"Portada\",\"item\":\"https:\\\/\\\/www.turismoaguarda.es\\\/gl\\\/\"},{\"@type\":\"ListItem\",\"position\":2,\"name\":\"As praias galegas da Guarda competir\u00e1n con outras once praias nacionais na nova edici\u00f3n de #MiPlayaSinPl\u00e1sticos\"}]},{\"@type\":\"WebSite\",\"@id\":\"https:\\\/\\\/www.turismoaguarda.es\\\/#website\",\"url\":\"https:\\\/\\\/www.turismoaguarda.es\\\/\",\"name\":\"Turismo A Guarda\",\"description\":\"Informaci\u00f3n tur\u00edstica de A Guarda y alrededores.\",\"potentialAction\":[{\"@type\":\"SearchAction\",\"target\":{\"@type\":\"EntryPoint\",\"urlTemplate\":\"https:\\\/\\\/www.turismoaguarda.es\\\/?s={search_term_string}\"},\"query-input\":{\"@type\":\"PropertyValueSpecification\",\"valueRequired\":true,\"valueName\":\"search_term_string\"}}],\"inLanguage\":\"gl\"},{\"@type\":\"Person\",\"@id\":\"https:\\\/\\\/www.turismoaguarda.es\\\/#\\\/schema\\\/person\\\/a8b0c27ad7bcbb6c19799e934727508e\",\"name\":\"Prensa A Guarda\",\"image\":{\"@type\":\"ImageObject\",\"inLanguage\":\"gl\",\"@id\":\"https:\\\/\\\/secure.gravatar.com\\\/avatar\\\/387e117f874ba5d0a3439060b45d914395d77287b2e4890a49d1599fc3ef9189?s=96&d=mm&r=g\",\"url\":\"https:\\\/\\\/secure.gravatar.com\\\/avatar\\\/387e117f874ba5d0a3439060b45d914395d77287b2e4890a49d1599fc3ef9189?s=96&d=mm&r=g\",\"contentUrl\":\"https:\\\/\\\/secure.gravatar.com\\\/avatar\\\/387e117f874ba5d0a3439060b45d914395d77287b2e4890a49d1599fc3ef9189?s=96&d=mm&r=g\",\"caption\":\"Prensa A Guarda\"},\"url\":\"https:\\\/\\\/www.turismoaguarda.es\\\/gl\\\/author\\\/prensa\\\/\"}]}<\/script>\n<!-- \/ Yoast SEO plugin. -->","yoast_head_json":{"title":"As praias galegas da Guarda competir\u00e1n con outras once praias nacionais na nova edici\u00f3n de #MiPlayaSinPl\u00e1sticos | Turismo A Guarda","robots":{"index":"index","follow":"follow","max-snippet":"max-snippet:-1","max-image-preview":"max-image-preview:large","max-video-preview":"max-video-preview:-1"},"canonical":"https:\/\/www.turismoaguarda.es\/gl\/as-praias-galegas-da-guarda-competiran-con-outras-once-praias-nacionais-na-nova-edicion-de-miplayasinplasticos\/","og_locale":"en_US","og_type":"article","og_title":"As praias galegas da Guarda competir\u00e1n con outras once praias nacionais na nova edici\u00f3n de #MiPlayaSinPl\u00e1sticos | Turismo A Guarda","og_description":"\u2022 A iniciativa, que conta coa colaboraci\u00f3n do monta\u00f1ista, aventureiro e presentador Jes\u00fas Calleja, busca concienciar \u00e1 cidadan\u00eda sobre a necesidade de manter as costas espa\u00f1olas libres de residuos. \u2022 A trav\u00e9s dunha votaci\u00f3n p\u00fablica, os espa\u00f1oles poder\u00e1n escoller tres praias de entre 12 seleccionadas ao longo do litoral, para que sexan obxecto dunha xornadaLeer m\u00e1is","og_url":"https:\/\/www.turismoaguarda.es\/gl\/as-praias-galegas-da-guarda-competiran-con-outras-once-praias-nacionais-na-nova-edicion-de-miplayasinplasticos\/","og_site_name":"Turismo A Guarda","article_publisher":"https:\/\/es-es.facebook.com\/Turismo-A-Guarda-126223240790625\/","article_published_time":"2020-06-05T14:16:13+00:00","og_image":[{"width":800,"height":558,"url":"https:\/\/www.turismoaguarda.es\/wp-content\/uploads\/2020\/06\/NP-05062020-As-praias-galegas-da-Guarda-competir\u00e1n-con-outras-once-praias-nacionais-na-nova-edici\u00f3n-de-MiPlayaSinPl\u00e1sticos.jpg","type":"image\/jpeg"}],"author":"Prensa A Guarda","twitter_card":"summary_large_image","twitter_creator":"@TurismoAGuarda","twitter_site":"@TurismoAGuarda","twitter_misc":{"Written by":"Prensa A Guarda","Est. reading time":"5 minutes"},"schema":{"@context":"https:\/\/schema.org","@graph":[{"@type":"Article","@id":"https:\/\/www.turismoaguarda.es\/gl\/as-praias-galegas-da-guarda-competiran-con-outras-once-praias-nacionais-na-nova-edicion-de-miplayasinplasticos\/#article","isPartOf":{"@id":"https:\/\/www.turismoaguarda.es\/gl\/as-praias-galegas-da-guarda-competiran-con-outras-once-praias-nacionais-na-nova-edicion-de-miplayasinplasticos\/"},"author":{"name":"Prensa A Guarda","@id":"https:\/\/www.turismoaguarda.es\/#\/schema\/person\/a8b0c27ad7bcbb6c19799e934727508e"},"headline":"As praias galegas da Guarda competir\u00e1n con outras once praias nacionais na nova edici\u00f3n de #MiPlayaSinPl\u00e1sticos","datePublished":"2020-06-05T14:16:13+00:00","mainEntityOfPage":{"@id":"https:\/\/www.turismoaguarda.es\/gl\/as-praias-galegas-da-guarda-competiran-con-outras-once-praias-nacionais-na-nova-edicion-de-miplayasinplasticos\/"},"wordCount":947,"commentCount":0,"image":{"@id":"https:\/\/www.turismoaguarda.es\/gl\/as-praias-galegas-da-guarda-competiran-con-outras-once-praias-nacionais-na-nova-edicion-de-miplayasinplasticos\/#primaryimage"},"thumbnailUrl":"https:\/\/www.turismoaguarda.es\/wp-content\/uploads\/2020\/06\/NP-05062020-As-praias-galegas-da-Guarda-competir\u00e1n-con-outras-once-praias-nacionais-na-nova-edici\u00f3n-de-MiPlayaSinPl\u00e1sticos.jpg","keywords":["#miplayasinplasticos","A Guarda","medio ambiente","praias"],"articleSection":["Novas Turismo"],"inLanguage":"gl","potentialAction":[{"@type":"CommentAction","name":"Comment","target":["https:\/\/www.turismoaguarda.es\/gl\/as-praias-galegas-da-guarda-competiran-con-outras-once-praias-nacionais-na-nova-edicion-de-miplayasinplasticos\/#respond"]}]},{"@type":"WebPage","@id":"https:\/\/www.turismoaguarda.es\/gl\/as-praias-galegas-da-guarda-competiran-con-outras-once-praias-nacionais-na-nova-edicion-de-miplayasinplasticos\/","url":"https:\/\/www.turismoaguarda.es\/gl\/as-praias-galegas-da-guarda-competiran-con-outras-once-praias-nacionais-na-nova-edicion-de-miplayasinplasticos\/","name":"As praias galegas da Guarda competir\u00e1n con outras once praias nacionais na nova edici\u00f3n de #MiPlayaSinPl\u00e1sticos | Turismo A Guarda","isPartOf":{"@id":"https:\/\/www.turismoaguarda.es\/#website"},"primaryImageOfPage":{"@id":"https:\/\/www.turismoaguarda.es\/gl\/as-praias-galegas-da-guarda-competiran-con-outras-once-praias-nacionais-na-nova-edicion-de-miplayasinplasticos\/#primaryimage"},"image":{"@id":"https:\/\/www.turismoaguarda.es\/gl\/as-praias-galegas-da-guarda-competiran-con-outras-once-praias-nacionais-na-nova-edicion-de-miplayasinplasticos\/#primaryimage"},"thumbnailUrl":"https:\/\/www.turismoaguarda.es\/wp-content\/uploads\/2020\/06\/NP-05062020-As-praias-galegas-da-Guarda-competir\u00e1n-con-outras-once-praias-nacionais-na-nova-edici\u00f3n-de-MiPlayaSinPl\u00e1sticos.jpg","datePublished":"2020-06-05T14:16:13+00:00","author":{"@id":"https:\/\/www.turismoaguarda.es\/#\/schema\/person\/a8b0c27ad7bcbb6c19799e934727508e"},"breadcrumb":{"@id":"https:\/\/www.turismoaguarda.es\/gl\/as-praias-galegas-da-guarda-competiran-con-outras-once-praias-nacionais-na-nova-edicion-de-miplayasinplasticos\/#breadcrumb"},"inLanguage":"gl","potentialAction":[{"@type":"ReadAction","target":["https:\/\/www.turismoaguarda.es\/gl\/as-praias-galegas-da-guarda-competiran-con-outras-once-praias-nacionais-na-nova-edicion-de-miplayasinplasticos\/"]}]},{"@type":"ImageObject","inLanguage":"gl","@id":"https:\/\/www.turismoaguarda.es\/gl\/as-praias-galegas-da-guarda-competiran-con-outras-once-praias-nacionais-na-nova-edicion-de-miplayasinplasticos\/#primaryimage","url":"https:\/\/www.turismoaguarda.es\/wp-content\/uploads\/2020\/06\/NP-05062020-As-praias-galegas-da-Guarda-competir\u00e1n-con-outras-once-praias-nacionais-na-nova-edici\u00f3n-de-MiPlayaSinPl\u00e1sticos.jpg","contentUrl":"https:\/\/www.turismoaguarda.es\/wp-content\/uploads\/2020\/06\/NP-05062020-As-praias-galegas-da-Guarda-competir\u00e1n-con-outras-once-praias-nacionais-na-nova-edici\u00f3n-de-MiPlayaSinPl\u00e1sticos.jpg","width":800,"height":558},{"@type":"BreadcrumbList","@id":"https:\/\/www.turismoaguarda.es\/gl\/as-praias-galegas-da-guarda-competiran-con-outras-once-praias-nacionais-na-nova-edicion-de-miplayasinplasticos\/#breadcrumb","itemListElement":[{"@type":"ListItem","position":1,"name":"Portada","item":"https:\/\/www.turismoaguarda.es\/gl\/"},{"@type":"ListItem","position":2,"name":"As praias galegas da Guarda competir\u00e1n con outras once praias nacionais na nova edici\u00f3n de #MiPlayaSinPl\u00e1sticos"}]},{"@type":"WebSite","@id":"https:\/\/www.turismoaguarda.es\/#website","url":"https:\/\/www.turismoaguarda.es\/","name":"Turismo A Guarda","description":"Informaci\u00f3n tur\u00edstica de A Guarda y alrededores.","potentialAction":[{"@type":"SearchAction","target":{"@type":"EntryPoint","urlTemplate":"https:\/\/www.turismoaguarda.es\/?s={search_term_string}"},"query-input":{"@type":"PropertyValueSpecification","valueRequired":true,"valueName":"search_term_string"}}],"inLanguage":"gl"},{"@type":"Person","@id":"https:\/\/www.turismoaguarda.es\/#\/schema\/person\/a8b0c27ad7bcbb6c19799e934727508e","name":"Prensa A Guarda","image":{"@type":"ImageObject","inLanguage":"gl","@id":"https:\/\/secure.gravatar.com\/avatar\/387e117f874ba5d0a3439060b45d914395d77287b2e4890a49d1599fc3ef9189?s=96&d=mm&r=g","url":"https:\/\/secure.gravatar.com\/avatar\/387e117f874ba5d0a3439060b45d914395d77287b2e4890a49d1599fc3ef9189?s=96&d=mm&r=g","contentUrl":"https:\/\/secure.gravatar.com\/avatar\/387e117f874ba5d0a3439060b45d914395d77287b2e4890a49d1599fc3ef9189?s=96&d=mm&r=g","caption":"Prensa A Guarda"},"url":"https:\/\/www.turismoaguarda.es\/gl\/author\/prensa\/"}]}},"_links":{"self":[{"href":"https:\/\/www.turismoaguarda.es\/gl\/wp-json\/wp\/v2\/posts\/12762","targetHints":{"allow":["GET"]}}],"collection":[{"href":"https:\/\/www.turismoaguarda.es\/gl\/wp-json\/wp\/v2\/posts"}],"about":[{"href":"https:\/\/www.turismoaguarda.es\/gl\/wp-json\/wp\/v2\/types\/post"}],"author":[{"embeddable":true,"href":"https:\/\/www.turismoaguarda.es\/gl\/wp-json\/wp\/v2\/users\/11"}],"replies":[{"embeddable":true,"href":"https:\/\/www.turismoaguarda.es\/gl\/wp-json\/wp\/v2\/comments?post=12762"}],"version-history":[{"count":1,"href":"https:\/\/www.turismoaguarda.es\/gl\/wp-json\/wp\/v2\/posts\/12762\/revisions"}],"predecessor-version":[{"id":12766,"href":"https:\/\/www.turismoaguarda.es\/gl\/wp-json\/wp\/v2\/posts\/12762\/revisions\/12766"}],"wp:featuredmedia":[{"embeddable":true,"href":"https:\/\/www.turismoaguarda.es\/gl\/wp-json\/wp\/v2\/media\/12763"}],"wp:attachment":[{"href":"https:\/\/www.turismoaguarda.es\/gl\/wp-json\/wp\/v2\/media?parent=12762"}],"wp:term":[{"taxonomy":"category","embeddable":true,"href":"https:\/\/www.turismoaguarda.es\/gl\/wp-json\/wp\/v2\/categories?post=12762"},{"taxonomy":"post_tag","embeddable":true,"href":"https:\/\/www.turismoaguarda.es\/gl\/wp-json\/wp\/v2\/tags?post=12762"}],"curies":[{"name":"wp","href":"https:\/\/api.w.org\/{rel}","templated":true}]}}