{"id":12613,"date":"2020-02-06T20:38:30","date_gmt":"2020-02-06T19:38:30","guid":{"rendered":"https:\/\/www.turismoaguarda.es\/?p=12613"},"modified":"2020-02-06T20:38:30","modified_gmt":"2020-02-06T19:38:30","slug":"unha-andaina-guiada-permitira-conecer-a-pegada-xacobea-no-camino-de-santiago-na-guarda","status":"publish","type":"post","link":"https:\/\/www.turismoaguarda.es\/gl\/unha-andaina-guiada-permitira-conecer-a-pegada-xacobea-no-camino-de-santiago-na-guarda\/","title":{"rendered":"Unha andaina guiada permitir\u00e1 co\u00f1ecer a pegada xacobea no Cami\u00f1o de Santiago na Guarda"},"content":{"rendered":"<p>[vc_row][vc_column][vc_column_text]<\/p>\n<p style=\"text-align: justify;\">O vindeiro s\u00e1bado d\u00eda 15 de febreiro ter\u00e1 lugar na Guarda a segunda das actividades do proxecto \u201cO Cami\u00f1o Agu\u00e1rdate\u201d, coa que o concello participa no programa O Teu Xacobeo da Xunta de Galicia. A finalidade deste proxecto \u00e9 divulgar os valores do cami\u00f1o entre a poboaci\u00f3n local e buscar un maior achegamento entre estes e os peregrinos.<\/p>\n<p style=\"text-align: justify;\">Desta volta tr\u00e1tase dunha andaina guiada entre A Pasaxe, punto de entrada dos peregrinos en Galicia no Cami\u00f1o Portugu\u00e9s da Costa, e a Praza da Gu\u00eda, no casco urbano do municipio. A andaina sair\u00e1 \u00e1s 10:00h da ma\u00f1\u00e1 e est\u00e1 previsto que remate sobre as 13:00h, contando con prazas limitadas.<\/p>\n<p style=\"text-align: justify;\">As persoas interesadas en participar poden formalizar a s\u00faa inscrici\u00f3n no formulario online: <a href=\"https:\/\/forms.gle\/8pCWKcpcqHX6eNJPA\">https:\/\/forms.gle\/8pCWKcpcqHX6eNJPA<\/a><\/p>\n<p style=\"text-align: center;\">[\/vc_column_text][\/vc_column][\/vc_row][vc_row][vc_column][vc_raw_html]JTNDaWZyYW1lJTIwc3JjJTNEJTIyaHR0cHMlM0ElMkYlMkZkb2NzLmdvb2dsZS5jb20lMkZmb3JtcyUyRmQlMkZlJTJGMUZBSXBRTFNkQmtKUi1mRnhXUVpXTEVFc3FwN2ZUdmRjdU9xNTdhZlZrRS1CVjh4MmY4bzRvU2clMkZ2aWV3Zm9ybSUzRmVtYmVkZGVkJTNEdHJ1ZSUyMiUyMHdpZHRoJTNEJTIyNjQwJTIyJTIwaGVpZ2h0JTNEJTIyMTA4MiUyMiUyMGZyYW1lYm9yZGVyJTNEJTIyMCUyMiUyMG1hcmdpbmhlaWdodCUzRCUyMjAlMjIlMjBtYXJnaW53aWR0aCUzRCUyMjAlMjIlM0VDYXJnYW5kbyVFMiU4MCVBNiUzQyUyRmlmcmFtZSUzRQ==[\/vc_raw_html][\/vc_column][\/vc_row]<\/p>\n<p style=\"text-align: justify;\">Desta volta Xavier Crespo, profesor de historia do IES A Sangri\u00f1a da Guarda e ex-concelleiro de Patrimonio do municipio, far\u00e1 de gu\u00eda amosando a pegada xacobea agochada na arquitectura e paisaxe \u00f3 longo do Cami\u00f1o \u00f3 seu paso pola Guarda.<\/p>\n<p style=\"text-align: justify;\">Esta andaina, contin\u00faa co ciclo de &#8220;xornadas&#8221; que xa se iniciaron o pasado 25 e 26 de xaneiro, onde os participantes percorrer\u00e1n o Cami\u00f1o de Santiago dende a Pasaxe ata a ladeira do Monte Trega, co\u00f1ecendo durante a ruta os valores ambientais deste tramo e problem\u00e1tica das especies invasoras \u00f3 longo do cami\u00f1o e os m\u00e9todos para a s\u00faa erradicaci\u00f3n, posteriormente os participantes prantaron \u00e1rbores aut\u00f3ctonas. Desta volta a actividade amosar\u00e1 o cami\u00f1o dende diferentes perspectivas baixo o nome Falemos do cami\u00f1o, convidando \u00e1 poboaci\u00f3n local a participar en charlas, coloquios e seminarios que axuden a co\u00f1ecer os valores, hist\u00f3ricos, tur\u00edsticos e espirituais.<\/p>\n<p>&nbsp;<\/p>\n","protected":false},"excerpt":{"rendered":"<p>[vc_row][vc_column][vc_column_text] O vindeiro s\u00e1bado d\u00eda 15 de febreiro ter\u00e1 lugar na Guarda a segunda das actividades do proxecto \u201cO Cami\u00f1o Agu\u00e1rdate\u201d, coa que o concello participa no programa O Teu Xacobeo da Xunta de Galicia. A finalidade deste proxecto \u00e9 divulgar os valores do cami\u00f1o entre a poboaci\u00f3n local e buscar un maior achegamento entre<\/p>\n<div class=\"padding-top text-center\"><a href=\"https:\/\/www.turismoaguarda.es\/gl\/unha-andaina-guiada-permitira-conecer-a-pegada-xacobea-no-camino-de-santiago-na-guarda\/\" class=\"atbtn atbtn--medium atbtn--rounded atbtn--transparent\">Leer m\u00e1is<i class=\"atbtn__icon atbtn__icon--right fa fa-long-arrow-right\"><\/i><\/a><\/div>\n","protected":false},"author":11,"featured_media":12614,"comment_status":"open","ping_status":"open","sticky":false,"template":"","format":"standard","meta":{"footnotes":""},"categories":[94],"tags":[170,1109,1724,171],"class_list":["post-12613","post","type-post","status-publish","format-standard","has-post-thumbnail","hentry","category-novas-turismo","tag-a-guarda-gl","tag-andaina","tag-o-teu-xacobeo","tag-turismo-gl"],"yoast_head":"<!-- This site is optimized with the Yoast SEO plugin v27.5 - https:\/\/yoast.com\/product\/yoast-seo-wordpress\/ -->\n<title>Unha andaina guiada permitir\u00e1 co\u00f1ecer a pegada xacobea no Cami\u00f1o de Santiago na Guarda | Turismo A Guarda<\/title>\n<meta name=\"robots\" content=\"index, follow, max-snippet:-1, max-image-preview:large, max-video-preview:-1\" \/>\n<link rel=\"canonical\" href=\"https:\/\/www.turismoaguarda.es\/gl\/unha-andaina-guiada-permitira-conecer-a-pegada-xacobea-no-camino-de-santiago-na-guarda\/\" \/>\n<meta property=\"og:locale\" content=\"en_US\" \/>\n<meta property=\"og:type\" content=\"article\" \/>\n<meta property=\"og:title\" content=\"Unha andaina guiada permitir\u00e1 co\u00f1ecer a pegada xacobea no Cami\u00f1o de Santiago na Guarda | Turismo A Guarda\" \/>\n<meta property=\"og:description\" content=\"[vc_row][vc_column][vc_column_text] O vindeiro s\u00e1bado d\u00eda 15 de febreiro ter\u00e1 lugar na Guarda a segunda das actividades do proxecto \u201cO Cami\u00f1o Agu\u00e1rdate\u201d, coa que o concello participa no programa O Teu Xacobeo da Xunta de Galicia. A finalidade deste proxecto \u00e9 divulgar os valores do cami\u00f1o entre a poboaci\u00f3n local e buscar un maior achegamento entreLeer m\u00e1is\" \/>\n<meta property=\"og:url\" content=\"https:\/\/www.turismoaguarda.es\/gl\/unha-andaina-guiada-permitira-conecer-a-pegada-xacobea-no-camino-de-santiago-na-guarda\/\" \/>\n<meta property=\"og:site_name\" content=\"Turismo A Guarda\" \/>\n<meta property=\"article:publisher\" content=\"https:\/\/es-es.facebook.com\/Turismo-A-Guarda-126223240790625\/\" \/>\n<meta property=\"article:published_time\" content=\"2020-02-06T19:38:30+00:00\" \/>\n<meta property=\"og:image\" content=\"https:\/\/www.turismoaguarda.es\/wp-content\/uploads\/2020\/02\/02-03_CARTEL-FALEMOS-DO-CAMINO.jpg\" \/>\n\t<meta property=\"og:image:width\" content=\"800\" \/>\n\t<meta property=\"og:image:height\" content=\"1131\" \/>\n\t<meta property=\"og:image:type\" content=\"image\/jpeg\" \/>\n<meta name=\"author\" content=\"Prensa A Guarda\" \/>\n<meta name=\"twitter:card\" content=\"summary_large_image\" \/>\n<meta name=\"twitter:creator\" content=\"@TurismoAGuarda\" \/>\n<meta name=\"twitter:site\" content=\"@TurismoAGuarda\" \/>\n<meta name=\"twitter:label1\" content=\"Written by\" \/>\n\t<meta name=\"twitter:data1\" content=\"Prensa A Guarda\" \/>\n\t<meta name=\"twitter:label2\" content=\"Est. reading time\" \/>\n\t<meta name=\"twitter:data2\" content=\"2 minutes\" \/>\n<script type=\"application\/ld+json\" class=\"yoast-schema-graph\">{\"@context\":\"https:\\\/\\\/schema.org\",\"@graph\":[{\"@type\":\"Article\",\"@id\":\"https:\\\/\\\/www.turismoaguarda.es\\\/gl\\\/unha-andaina-guiada-permitira-conecer-a-pegada-xacobea-no-camino-de-santiago-na-guarda\\\/#article\",\"isPartOf\":{\"@id\":\"https:\\\/\\\/www.turismoaguarda.es\\\/gl\\\/unha-andaina-guiada-permitira-conecer-a-pegada-xacobea-no-camino-de-santiago-na-guarda\\\/\"},\"author\":{\"name\":\"Prensa A Guarda\",\"@id\":\"https:\\\/\\\/www.turismoaguarda.es\\\/#\\\/schema\\\/person\\\/a8b0c27ad7bcbb6c19799e934727508e\"},\"headline\":\"Unha andaina guiada permitir\u00e1 co\u00f1ecer a pegada xacobea no Cami\u00f1o de Santiago na Guarda\",\"datePublished\":\"2020-02-06T19:38:30+00:00\",\"mainEntityOfPage\":{\"@id\":\"https:\\\/\\\/www.turismoaguarda.es\\\/gl\\\/unha-andaina-guiada-permitira-conecer-a-pegada-xacobea-no-camino-de-santiago-na-guarda\\\/\"},\"wordCount\":370,\"commentCount\":0,\"image\":{\"@id\":\"https:\\\/\\\/www.turismoaguarda.es\\\/gl\\\/unha-andaina-guiada-permitira-conecer-a-pegada-xacobea-no-camino-de-santiago-na-guarda\\\/#primaryimage\"},\"thumbnailUrl\":\"https:\\\/\\\/www.turismoaguarda.es\\\/wp-content\\\/uploads\\\/2020\\\/02\\\/02-03_CARTEL-FALEMOS-DO-CAMINO.jpg\",\"keywords\":[\"A Guarda\",\"Andaina\",\"o teu xacobeo\",\"turismo\"],\"articleSection\":[\"Novas Turismo\"],\"inLanguage\":\"gl\",\"potentialAction\":[{\"@type\":\"CommentAction\",\"name\":\"Comment\",\"target\":[\"https:\\\/\\\/www.turismoaguarda.es\\\/gl\\\/unha-andaina-guiada-permitira-conecer-a-pegada-xacobea-no-camino-de-santiago-na-guarda\\\/#respond\"]}]},{\"@type\":\"WebPage\",\"@id\":\"https:\\\/\\\/www.turismoaguarda.es\\\/gl\\\/unha-andaina-guiada-permitira-conecer-a-pegada-xacobea-no-camino-de-santiago-na-guarda\\\/\",\"url\":\"https:\\\/\\\/www.turismoaguarda.es\\\/gl\\\/unha-andaina-guiada-permitira-conecer-a-pegada-xacobea-no-camino-de-santiago-na-guarda\\\/\",\"name\":\"Unha andaina guiada permitir\u00e1 co\u00f1ecer a pegada xacobea no Cami\u00f1o de Santiago na Guarda | Turismo A Guarda\",\"isPartOf\":{\"@id\":\"https:\\\/\\\/www.turismoaguarda.es\\\/#website\"},\"primaryImageOfPage\":{\"@id\":\"https:\\\/\\\/www.turismoaguarda.es\\\/gl\\\/unha-andaina-guiada-permitira-conecer-a-pegada-xacobea-no-camino-de-santiago-na-guarda\\\/#primaryimage\"},\"image\":{\"@id\":\"https:\\\/\\\/www.turismoaguarda.es\\\/gl\\\/unha-andaina-guiada-permitira-conecer-a-pegada-xacobea-no-camino-de-santiago-na-guarda\\\/#primaryimage\"},\"thumbnailUrl\":\"https:\\\/\\\/www.turismoaguarda.es\\\/wp-content\\\/uploads\\\/2020\\\/02\\\/02-03_CARTEL-FALEMOS-DO-CAMINO.jpg\",\"datePublished\":\"2020-02-06T19:38:30+00:00\",\"author\":{\"@id\":\"https:\\\/\\\/www.turismoaguarda.es\\\/#\\\/schema\\\/person\\\/a8b0c27ad7bcbb6c19799e934727508e\"},\"breadcrumb\":{\"@id\":\"https:\\\/\\\/www.turismoaguarda.es\\\/gl\\\/unha-andaina-guiada-permitira-conecer-a-pegada-xacobea-no-camino-de-santiago-na-guarda\\\/#breadcrumb\"},\"inLanguage\":\"gl\",\"potentialAction\":[{\"@type\":\"ReadAction\",\"target\":[\"https:\\\/\\\/www.turismoaguarda.es\\\/gl\\\/unha-andaina-guiada-permitira-conecer-a-pegada-xacobea-no-camino-de-santiago-na-guarda\\\/\"]}]},{\"@type\":\"ImageObject\",\"inLanguage\":\"gl\",\"@id\":\"https:\\\/\\\/www.turismoaguarda.es\\\/gl\\\/unha-andaina-guiada-permitira-conecer-a-pegada-xacobea-no-camino-de-santiago-na-guarda\\\/#primaryimage\",\"url\":\"https:\\\/\\\/www.turismoaguarda.es\\\/wp-content\\\/uploads\\\/2020\\\/02\\\/02-03_CARTEL-FALEMOS-DO-CAMINO.jpg\",\"contentUrl\":\"https:\\\/\\\/www.turismoaguarda.es\\\/wp-content\\\/uploads\\\/2020\\\/02\\\/02-03_CARTEL-FALEMOS-DO-CAMINO.jpg\",\"width\":800,\"height\":1131},{\"@type\":\"BreadcrumbList\",\"@id\":\"https:\\\/\\\/www.turismoaguarda.es\\\/gl\\\/unha-andaina-guiada-permitira-conecer-a-pegada-xacobea-no-camino-de-santiago-na-guarda\\\/#breadcrumb\",\"itemListElement\":[{\"@type\":\"ListItem\",\"position\":1,\"name\":\"Portada\",\"item\":\"https:\\\/\\\/www.turismoaguarda.es\\\/gl\\\/\"},{\"@type\":\"ListItem\",\"position\":2,\"name\":\"Unha andaina guiada permitir\u00e1 co\u00f1ecer a pegada xacobea no Cami\u00f1o de Santiago na Guarda\"}]},{\"@type\":\"WebSite\",\"@id\":\"https:\\\/\\\/www.turismoaguarda.es\\\/#website\",\"url\":\"https:\\\/\\\/www.turismoaguarda.es\\\/\",\"name\":\"Turismo A Guarda\",\"description\":\"Informaci\u00f3n tur\u00edstica de A Guarda y alrededores.\",\"potentialAction\":[{\"@type\":\"SearchAction\",\"target\":{\"@type\":\"EntryPoint\",\"urlTemplate\":\"https:\\\/\\\/www.turismoaguarda.es\\\/?s={search_term_string}\"},\"query-input\":{\"@type\":\"PropertyValueSpecification\",\"valueRequired\":true,\"valueName\":\"search_term_string\"}}],\"inLanguage\":\"gl\"},{\"@type\":\"Person\",\"@id\":\"https:\\\/\\\/www.turismoaguarda.es\\\/#\\\/schema\\\/person\\\/a8b0c27ad7bcbb6c19799e934727508e\",\"name\":\"Prensa A Guarda\",\"image\":{\"@type\":\"ImageObject\",\"inLanguage\":\"gl\",\"@id\":\"https:\\\/\\\/secure.gravatar.com\\\/avatar\\\/387e117f874ba5d0a3439060b45d914395d77287b2e4890a49d1599fc3ef9189?s=96&d=mm&r=g\",\"url\":\"https:\\\/\\\/secure.gravatar.com\\\/avatar\\\/387e117f874ba5d0a3439060b45d914395d77287b2e4890a49d1599fc3ef9189?s=96&d=mm&r=g\",\"contentUrl\":\"https:\\\/\\\/secure.gravatar.com\\\/avatar\\\/387e117f874ba5d0a3439060b45d914395d77287b2e4890a49d1599fc3ef9189?s=96&d=mm&r=g\",\"caption\":\"Prensa A Guarda\"},\"url\":\"https:\\\/\\\/www.turismoaguarda.es\\\/gl\\\/author\\\/prensa\\\/\"}]}<\/script>\n<!-- \/ Yoast SEO plugin. -->","yoast_head_json":{"title":"Unha andaina guiada permitir\u00e1 co\u00f1ecer a pegada xacobea no Cami\u00f1o de Santiago na Guarda | Turismo A Guarda","robots":{"index":"index","follow":"follow","max-snippet":"max-snippet:-1","max-image-preview":"max-image-preview:large","max-video-preview":"max-video-preview:-1"},"canonical":"https:\/\/www.turismoaguarda.es\/gl\/unha-andaina-guiada-permitira-conecer-a-pegada-xacobea-no-camino-de-santiago-na-guarda\/","og_locale":"en_US","og_type":"article","og_title":"Unha andaina guiada permitir\u00e1 co\u00f1ecer a pegada xacobea no Cami\u00f1o de Santiago na Guarda | Turismo A Guarda","og_description":"[vc_row][vc_column][vc_column_text] O vindeiro s\u00e1bado d\u00eda 15 de febreiro ter\u00e1 lugar na Guarda a segunda das actividades do proxecto \u201cO Cami\u00f1o Agu\u00e1rdate\u201d, coa que o concello participa no programa O Teu Xacobeo da Xunta de Galicia. A finalidade deste proxecto \u00e9 divulgar os valores do cami\u00f1o entre a poboaci\u00f3n local e buscar un maior achegamento entreLeer m\u00e1is","og_url":"https:\/\/www.turismoaguarda.es\/gl\/unha-andaina-guiada-permitira-conecer-a-pegada-xacobea-no-camino-de-santiago-na-guarda\/","og_site_name":"Turismo A Guarda","article_publisher":"https:\/\/es-es.facebook.com\/Turismo-A-Guarda-126223240790625\/","article_published_time":"2020-02-06T19:38:30+00:00","og_image":[{"width":800,"height":1131,"url":"https:\/\/www.turismoaguarda.es\/wp-content\/uploads\/2020\/02\/02-03_CARTEL-FALEMOS-DO-CAMINO.jpg","type":"image\/jpeg"}],"author":"Prensa A Guarda","twitter_card":"summary_large_image","twitter_creator":"@TurismoAGuarda","twitter_site":"@TurismoAGuarda","twitter_misc":{"Written by":"Prensa A Guarda","Est. reading time":"2 minutes"},"schema":{"@context":"https:\/\/schema.org","@graph":[{"@type":"Article","@id":"https:\/\/www.turismoaguarda.es\/gl\/unha-andaina-guiada-permitira-conecer-a-pegada-xacobea-no-camino-de-santiago-na-guarda\/#article","isPartOf":{"@id":"https:\/\/www.turismoaguarda.es\/gl\/unha-andaina-guiada-permitira-conecer-a-pegada-xacobea-no-camino-de-santiago-na-guarda\/"},"author":{"name":"Prensa A Guarda","@id":"https:\/\/www.turismoaguarda.es\/#\/schema\/person\/a8b0c27ad7bcbb6c19799e934727508e"},"headline":"Unha andaina guiada permitir\u00e1 co\u00f1ecer a pegada xacobea no Cami\u00f1o de Santiago na Guarda","datePublished":"2020-02-06T19:38:30+00:00","mainEntityOfPage":{"@id":"https:\/\/www.turismoaguarda.es\/gl\/unha-andaina-guiada-permitira-conecer-a-pegada-xacobea-no-camino-de-santiago-na-guarda\/"},"wordCount":370,"commentCount":0,"image":{"@id":"https:\/\/www.turismoaguarda.es\/gl\/unha-andaina-guiada-permitira-conecer-a-pegada-xacobea-no-camino-de-santiago-na-guarda\/#primaryimage"},"thumbnailUrl":"https:\/\/www.turismoaguarda.es\/wp-content\/uploads\/2020\/02\/02-03_CARTEL-FALEMOS-DO-CAMINO.jpg","keywords":["A Guarda","Andaina","o teu xacobeo","turismo"],"articleSection":["Novas Turismo"],"inLanguage":"gl","potentialAction":[{"@type":"CommentAction","name":"Comment","target":["https:\/\/www.turismoaguarda.es\/gl\/unha-andaina-guiada-permitira-conecer-a-pegada-xacobea-no-camino-de-santiago-na-guarda\/#respond"]}]},{"@type":"WebPage","@id":"https:\/\/www.turismoaguarda.es\/gl\/unha-andaina-guiada-permitira-conecer-a-pegada-xacobea-no-camino-de-santiago-na-guarda\/","url":"https:\/\/www.turismoaguarda.es\/gl\/unha-andaina-guiada-permitira-conecer-a-pegada-xacobea-no-camino-de-santiago-na-guarda\/","name":"Unha andaina guiada permitir\u00e1 co\u00f1ecer a pegada xacobea no Cami\u00f1o de Santiago na Guarda | Turismo A Guarda","isPartOf":{"@id":"https:\/\/www.turismoaguarda.es\/#website"},"primaryImageOfPage":{"@id":"https:\/\/www.turismoaguarda.es\/gl\/unha-andaina-guiada-permitira-conecer-a-pegada-xacobea-no-camino-de-santiago-na-guarda\/#primaryimage"},"image":{"@id":"https:\/\/www.turismoaguarda.es\/gl\/unha-andaina-guiada-permitira-conecer-a-pegada-xacobea-no-camino-de-santiago-na-guarda\/#primaryimage"},"thumbnailUrl":"https:\/\/www.turismoaguarda.es\/wp-content\/uploads\/2020\/02\/02-03_CARTEL-FALEMOS-DO-CAMINO.jpg","datePublished":"2020-02-06T19:38:30+00:00","author":{"@id":"https:\/\/www.turismoaguarda.es\/#\/schema\/person\/a8b0c27ad7bcbb6c19799e934727508e"},"breadcrumb":{"@id":"https:\/\/www.turismoaguarda.es\/gl\/unha-andaina-guiada-permitira-conecer-a-pegada-xacobea-no-camino-de-santiago-na-guarda\/#breadcrumb"},"inLanguage":"gl","potentialAction":[{"@type":"ReadAction","target":["https:\/\/www.turismoaguarda.es\/gl\/unha-andaina-guiada-permitira-conecer-a-pegada-xacobea-no-camino-de-santiago-na-guarda\/"]}]},{"@type":"ImageObject","inLanguage":"gl","@id":"https:\/\/www.turismoaguarda.es\/gl\/unha-andaina-guiada-permitira-conecer-a-pegada-xacobea-no-camino-de-santiago-na-guarda\/#primaryimage","url":"https:\/\/www.turismoaguarda.es\/wp-content\/uploads\/2020\/02\/02-03_CARTEL-FALEMOS-DO-CAMINO.jpg","contentUrl":"https:\/\/www.turismoaguarda.es\/wp-content\/uploads\/2020\/02\/02-03_CARTEL-FALEMOS-DO-CAMINO.jpg","width":800,"height":1131},{"@type":"BreadcrumbList","@id":"https:\/\/www.turismoaguarda.es\/gl\/unha-andaina-guiada-permitira-conecer-a-pegada-xacobea-no-camino-de-santiago-na-guarda\/#breadcrumb","itemListElement":[{"@type":"ListItem","position":1,"name":"Portada","item":"https:\/\/www.turismoaguarda.es\/gl\/"},{"@type":"ListItem","position":2,"name":"Unha andaina guiada permitir\u00e1 co\u00f1ecer a pegada xacobea no Cami\u00f1o de Santiago na Guarda"}]},{"@type":"WebSite","@id":"https:\/\/www.turismoaguarda.es\/#website","url":"https:\/\/www.turismoaguarda.es\/","name":"Turismo A Guarda","description":"Informaci\u00f3n tur\u00edstica de A Guarda y alrededores.","potentialAction":[{"@type":"SearchAction","target":{"@type":"EntryPoint","urlTemplate":"https:\/\/www.turismoaguarda.es\/?s={search_term_string}"},"query-input":{"@type":"PropertyValueSpecification","valueRequired":true,"valueName":"search_term_string"}}],"inLanguage":"gl"},{"@type":"Person","@id":"https:\/\/www.turismoaguarda.es\/#\/schema\/person\/a8b0c27ad7bcbb6c19799e934727508e","name":"Prensa A Guarda","image":{"@type":"ImageObject","inLanguage":"gl","@id":"https:\/\/secure.gravatar.com\/avatar\/387e117f874ba5d0a3439060b45d914395d77287b2e4890a49d1599fc3ef9189?s=96&d=mm&r=g","url":"https:\/\/secure.gravatar.com\/avatar\/387e117f874ba5d0a3439060b45d914395d77287b2e4890a49d1599fc3ef9189?s=96&d=mm&r=g","contentUrl":"https:\/\/secure.gravatar.com\/avatar\/387e117f874ba5d0a3439060b45d914395d77287b2e4890a49d1599fc3ef9189?s=96&d=mm&r=g","caption":"Prensa A Guarda"},"url":"https:\/\/www.turismoaguarda.es\/gl\/author\/prensa\/"}]}},"_links":{"self":[{"href":"https:\/\/www.turismoaguarda.es\/gl\/wp-json\/wp\/v2\/posts\/12613","targetHints":{"allow":["GET"]}}],"collection":[{"href":"https:\/\/www.turismoaguarda.es\/gl\/wp-json\/wp\/v2\/posts"}],"about":[{"href":"https:\/\/www.turismoaguarda.es\/gl\/wp-json\/wp\/v2\/types\/post"}],"author":[{"embeddable":true,"href":"https:\/\/www.turismoaguarda.es\/gl\/wp-json\/wp\/v2\/users\/11"}],"replies":[{"embeddable":true,"href":"https:\/\/www.turismoaguarda.es\/gl\/wp-json\/wp\/v2\/comments?post=12613"}],"version-history":[{"count":1,"href":"https:\/\/www.turismoaguarda.es\/gl\/wp-json\/wp\/v2\/posts\/12613\/revisions"}],"predecessor-version":[{"id":12617,"href":"https:\/\/www.turismoaguarda.es\/gl\/wp-json\/wp\/v2\/posts\/12613\/revisions\/12617"}],"wp:featuredmedia":[{"embeddable":true,"href":"https:\/\/www.turismoaguarda.es\/gl\/wp-json\/wp\/v2\/media\/12614"}],"wp:attachment":[{"href":"https:\/\/www.turismoaguarda.es\/gl\/wp-json\/wp\/v2\/media?parent=12613"}],"wp:term":[{"taxonomy":"category","embeddable":true,"href":"https:\/\/www.turismoaguarda.es\/gl\/wp-json\/wp\/v2\/categories?post=12613"},{"taxonomy":"post_tag","embeddable":true,"href":"https:\/\/www.turismoaguarda.es\/gl\/wp-json\/wp\/v2\/tags?post=12613"}],"curies":[{"name":"wp","href":"https:\/\/api.w.org\/{rel}","templated":true}]}}