{"id":12461,"date":"2019-12-09T13:02:01","date_gmt":"2019-12-09T12:02:01","guid":{"rendered":"https:\/\/www.turismoaguarda.es\/?p=12461"},"modified":"2019-12-09T13:04:08","modified_gmt":"2019-12-09T12:04:08","slug":"12461","status":"publish","type":"post","link":"https:\/\/www.turismoaguarda.es\/gl\/12461\/","title":{"rendered":"Escolares da Guarda participaron nunha visita guiada \u00e1s escavaci\u00f3ns das Salinas romanas"},"content":{"rendered":"<p style=\"text-align: justify;\">O pasado xoves d\u00eda 5 de decembro escolares da Guarda participaron nunha xornada patrimonial e medioambiental na cal os alumnos e alumnas IES A Sangri\u00f1a, HH Carmelitas e PP Somascos aproveitaron para co\u00f1ecer as escavaci\u00f3ns das Salinas do Seixal e as das Lagoas, ademais de recoller lixo sobre as rochas da zona do Puntal.<\/p>\n<p style=\"text-align: justify;\">O proxecto \u201cA Guarda, Mar de Sal\u201d permitiu a restauraci\u00f3n e consolidaci\u00f3n definitiva das estruturas das Salinas Romanas da Zona do Seixal na Guarda.<\/p>\n<p style=\"text-align: justify;\">Esta visita guiada, contou coa presenza de Mar Cortegoso, arque\u00f3loga que participou nas escavaci\u00f3ns as\u00ed como os t\u00e9cnicos de Patrimonio e Desenvolvemento Local, que explicaron aos escolares como foi o proceso para descubrir e por en valor este importante elemento patrimonial.<\/p>\n<p style=\"text-align: justify;\">A visita estivo dividida en d\u00faas partes: unha parte divulgativa a cargo de Mar Cortegoso, e outra m\u00e1is interactiva empregando a app da web <a href=\"https:\/\/www.mardesal.aguarda.es\/proxecto-de-ciencia-cidada\/\">https:\/\/www.mardesal.aguarda.es\/proxecto-de-ciencia-cidada\/<\/a> coa que os alumnos sacaron fotograf\u00edas coas que identificar novas salinas rupestres. O proxecto de Ciencia Cidad\u00e1 na Guarda, Mar de Sal, ten como obxectivo facilitar a participaci\u00f3n da cidadan\u00eda na investigaci\u00f3n cient\u00edfica da produci\u00f3n de sal na Antig\u00fcidade. \u00c9 moi sinxelo: mediante unha app para m\u00f3bil, calquera persoa interesada pode colaborar na recollida de datos en campo, participando na prospecci\u00f3n de novos xacementos arqueol\u00f3xicos.<\/p>\n<p style=\"text-align: justify;\">A actividade permitiu tam\u00e9n unha recollida de lixo por parte dos escolares pola costa entre o Seixal e o Puntal, destacando o compromiso do proxecto co Medio Ambiente e o entorno onde se levou a cabo o mesmo.<\/p>\n<p style=\"text-align: justify;\">Ao rematar a actividade, cada alumno foi agasallado cunha gorra e unha mochila de Mar de Sal.<\/p>\n<p style=\"text-align: justify;\">As fotograf\u00edas desta xornada se poden consultar nas redes sociais do Proxecto A Guarda, Mar de Sal: <a href=\"https:\/\/www.facebook.com\/AGUARDAMARDESAL\/\">https:\/\/www.facebook.com\/AGUARDAMARDESAL\/<\/a><\/p>\n<p style=\"text-align: justify;\">Esta actividade forma parte da segunda fase deste proxecto na cal se realiza a musealizaci\u00f3n do xacemento, se publican os resultados das investigaci\u00f3ns iniciadas o ano pasado e se convida a diferentes segmentos da poboaci\u00f3n a participar en actividades de divulgaci\u00f3n.<\/p>\n<p style=\"text-align: justify;\">\u00abA Guarda, Mar de Sal\u00bb \u00e9 un proxecto de recuperaci\u00f3n e posta en valor das salinas da zona do Seixal e Camposancos, na fachada atl\u00e1ntica sur do termo municipal da Guarda e, que se levar\u00e1 a cabo en d\u00faas anualidades ao amparo das estratexias de desenvolvemento local participativo EDLP GALP7-066 aprobadas polos Grupos de Acci\u00f3n Local do Sector Pesqueiro para o desenvolvemento sostible das zonas de pesca no marco do Fondo Europeo Mar\u00edtimo e da Pesca 2014-2020, baixo a coordinaci\u00f3n cient\u00edfica de D. Brais Curr\u00e1s.<\/p>\n<p style=\"text-align: justify;\">O obxectivo do proxecto \u00e9 o desenvolvemento econ\u00f3mico local a partir da posta en valor das paisaxes do sal da Guarda como ben patrimonial concibido como ferramenta para a promoci\u00f3n dun turismo sustentable e de calidade, pero tam\u00e9n como un medio cultural para o reforzo da identidade mari\u00f1eira e a cohesi\u00f3n social das comunidades ligadas ao mar.<\/p>\n<p style=\"text-align: justify;\">O proxecto \u00abMar de Sal\u00bb fundam\u00e9ntase na necesidade de sustentar o desenvolvemento patrimonial sobre un s\u00f3lido respaldo cient\u00edfico. O estudo rigoroso das paisaxes do sal e a s\u00faa posta en valor permitir\u00e1n crear un recurso patrimonial posto ao servizo da cidadan\u00eda.<\/p>\n<p style=\"text-align: justify;\">O importe total subvencionado por parte da Conseller\u00eda do Mar \u00e9 de 74,496,68\u20ac, repartidos en d\u00faas anualidades(2018 e 2019). Proxecto GALP7-066.<\/p>\n","protected":false},"excerpt":{"rendered":"<p>O pasado xoves d\u00eda 5 de decembro escolares da Guarda participaron nunha xornada patrimonial e medioambiental na cal os alumnos e alumnas IES A Sangri\u00f1a, HH Carmelitas e PP Somascos aproveitaron para co\u00f1ecer as escavaci\u00f3ns das Salinas do Seixal e as das Lagoas, ademais de recoller lixo sobre as rochas da zona do Puntal. O<\/p>\n<div class=\"padding-top text-center\"><a href=\"https:\/\/www.turismoaguarda.es\/gl\/12461\/\" class=\"atbtn atbtn--medium atbtn--rounded atbtn--transparent\">Leer m\u00e1is<i class=\"atbtn__icon atbtn__icon--right fa fa-long-arrow-right\"><\/i><\/a><\/div>\n","protected":false},"author":11,"featured_media":12462,"comment_status":"open","ping_status":"open","sticky":false,"template":"","format":"standard","meta":{"footnotes":""},"categories":[94],"tags":[170,1536,1627,559,1715,1537,171],"class_list":["post-12461","post","type-post","status-publish","format-standard","has-post-thumbnail","hentry","category-novas-turismo","tag-a-guarda-gl","tag-mar-de-sal-gl","tag-medio-ambiente","tag-patrimonio-gl","tag-salgar-gl","tag-salinas-gl","tag-turismo-gl"],"yoast_head":"<!-- This site is optimized with the Yoast SEO plugin v27.5 - https:\/\/yoast.com\/product\/yoast-seo-wordpress\/ -->\n<title>Escolares da Guarda participaron nunha visita guiada \u00e1s escavaci\u00f3ns das Salinas romanas | Turismo A Guarda<\/title>\n<meta name=\"robots\" content=\"index, follow, max-snippet:-1, max-image-preview:large, max-video-preview:-1\" \/>\n<link rel=\"canonical\" href=\"https:\/\/www.turismoaguarda.es\/gl\/12461\/\" \/>\n<meta property=\"og:locale\" content=\"en_US\" \/>\n<meta property=\"og:type\" content=\"article\" \/>\n<meta property=\"og:title\" content=\"Escolares da Guarda participaron nunha visita guiada \u00e1s escavaci\u00f3ns das Salinas romanas | Turismo A Guarda\" \/>\n<meta property=\"og:description\" content=\"O pasado xoves d\u00eda 5 de decembro escolares da Guarda participaron nunha xornada patrimonial e medioambiental na cal os alumnos e alumnas IES A Sangri\u00f1a, HH Carmelitas e PP Somascos aproveitaron para co\u00f1ecer as escavaci\u00f3ns das Salinas do Seixal e as das Lagoas, ademais de recoller lixo sobre as rochas da zona do Puntal. OLeer m\u00e1is\" \/>\n<meta property=\"og:url\" content=\"https:\/\/www.turismoaguarda.es\/gl\/12461\/\" \/>\n<meta property=\"og:site_name\" content=\"Turismo A Guarda\" \/>\n<meta property=\"article:publisher\" content=\"https:\/\/es-es.facebook.com\/Turismo-A-Guarda-126223240790625\/\" \/>\n<meta property=\"article:published_time\" content=\"2019-12-09T12:02:01+00:00\" \/>\n<meta property=\"article:modified_time\" content=\"2019-12-09T12:04:08+00:00\" \/>\n<meta property=\"og:image\" content=\"https:\/\/www.turismoaguarda.es\/wp-content\/uploads\/2019\/12\/NP-09122019-Escolares-da-Guarda-participaron-nunha-visita-guiada-\u00e1s-escavaci\u00f3ns-das-Salinas-romanas.jpg\" \/>\n\t<meta property=\"og:image:width\" content=\"800\" \/>\n\t<meta property=\"og:image:height\" content=\"600\" \/>\n\t<meta property=\"og:image:type\" content=\"image\/jpeg\" \/>\n<meta name=\"author\" content=\"Prensa A Guarda\" \/>\n<meta name=\"twitter:card\" content=\"summary_large_image\" \/>\n<meta name=\"twitter:creator\" content=\"@TurismoAGuarda\" \/>\n<meta name=\"twitter:site\" content=\"@TurismoAGuarda\" \/>\n<meta name=\"twitter:label1\" content=\"Written by\" \/>\n\t<meta name=\"twitter:data1\" content=\"Prensa A Guarda\" \/>\n\t<meta name=\"twitter:label2\" content=\"Est. reading time\" \/>\n\t<meta name=\"twitter:data2\" content=\"3 minutes\" \/>\n<script type=\"application\/ld+json\" class=\"yoast-schema-graph\">{\"@context\":\"https:\\\/\\\/schema.org\",\"@graph\":[{\"@type\":\"Article\",\"@id\":\"https:\\\/\\\/www.turismoaguarda.es\\\/gl\\\/12461\\\/#article\",\"isPartOf\":{\"@id\":\"https:\\\/\\\/www.turismoaguarda.es\\\/gl\\\/12461\\\/\"},\"author\":{\"name\":\"Prensa A Guarda\",\"@id\":\"https:\\\/\\\/www.turismoaguarda.es\\\/#\\\/schema\\\/person\\\/a8b0c27ad7bcbb6c19799e934727508e\"},\"headline\":\"Escolares da Guarda participaron nunha visita guiada \u00e1s escavaci\u00f3ns das Salinas romanas\",\"datePublished\":\"2019-12-09T12:02:01+00:00\",\"dateModified\":\"2019-12-09T12:04:08+00:00\",\"mainEntityOfPage\":{\"@id\":\"https:\\\/\\\/www.turismoaguarda.es\\\/gl\\\/12461\\\/\"},\"wordCount\":592,\"commentCount\":0,\"image\":{\"@id\":\"https:\\\/\\\/www.turismoaguarda.es\\\/gl\\\/12461\\\/#primaryimage\"},\"thumbnailUrl\":\"https:\\\/\\\/www.turismoaguarda.es\\\/wp-content\\\/uploads\\\/2019\\\/12\\\/NP-09122019-Escolares-da-Guarda-participaron-nunha-visita-guiada-\u00e1s-escavaci\u00f3ns-das-Salinas-romanas.jpg\",\"keywords\":[\"A Guarda\",\"mar de sal\",\"medio ambiente\",\"Patrimonio\",\"salgar\",\"salinas\",\"turismo\"],\"articleSection\":[\"Novas Turismo\"],\"inLanguage\":\"gl\",\"potentialAction\":[{\"@type\":\"CommentAction\",\"name\":\"Comment\",\"target\":[\"https:\\\/\\\/www.turismoaguarda.es\\\/gl\\\/12461\\\/#respond\"]}]},{\"@type\":\"WebPage\",\"@id\":\"https:\\\/\\\/www.turismoaguarda.es\\\/gl\\\/12461\\\/\",\"url\":\"https:\\\/\\\/www.turismoaguarda.es\\\/gl\\\/12461\\\/\",\"name\":\"Escolares da Guarda participaron nunha visita guiada \u00e1s escavaci\u00f3ns das Salinas romanas | Turismo A Guarda\",\"isPartOf\":{\"@id\":\"https:\\\/\\\/www.turismoaguarda.es\\\/#website\"},\"primaryImageOfPage\":{\"@id\":\"https:\\\/\\\/www.turismoaguarda.es\\\/gl\\\/12461\\\/#primaryimage\"},\"image\":{\"@id\":\"https:\\\/\\\/www.turismoaguarda.es\\\/gl\\\/12461\\\/#primaryimage\"},\"thumbnailUrl\":\"https:\\\/\\\/www.turismoaguarda.es\\\/wp-content\\\/uploads\\\/2019\\\/12\\\/NP-09122019-Escolares-da-Guarda-participaron-nunha-visita-guiada-\u00e1s-escavaci\u00f3ns-das-Salinas-romanas.jpg\",\"datePublished\":\"2019-12-09T12:02:01+00:00\",\"dateModified\":\"2019-12-09T12:04:08+00:00\",\"author\":{\"@id\":\"https:\\\/\\\/www.turismoaguarda.es\\\/#\\\/schema\\\/person\\\/a8b0c27ad7bcbb6c19799e934727508e\"},\"breadcrumb\":{\"@id\":\"https:\\\/\\\/www.turismoaguarda.es\\\/gl\\\/12461\\\/#breadcrumb\"},\"inLanguage\":\"gl\",\"potentialAction\":[{\"@type\":\"ReadAction\",\"target\":[\"https:\\\/\\\/www.turismoaguarda.es\\\/gl\\\/12461\\\/\"]}]},{\"@type\":\"ImageObject\",\"inLanguage\":\"gl\",\"@id\":\"https:\\\/\\\/www.turismoaguarda.es\\\/gl\\\/12461\\\/#primaryimage\",\"url\":\"https:\\\/\\\/www.turismoaguarda.es\\\/wp-content\\\/uploads\\\/2019\\\/12\\\/NP-09122019-Escolares-da-Guarda-participaron-nunha-visita-guiada-\u00e1s-escavaci\u00f3ns-das-Salinas-romanas.jpg\",\"contentUrl\":\"https:\\\/\\\/www.turismoaguarda.es\\\/wp-content\\\/uploads\\\/2019\\\/12\\\/NP-09122019-Escolares-da-Guarda-participaron-nunha-visita-guiada-\u00e1s-escavaci\u00f3ns-das-Salinas-romanas.jpg\",\"width\":800,\"height\":600},{\"@type\":\"BreadcrumbList\",\"@id\":\"https:\\\/\\\/www.turismoaguarda.es\\\/gl\\\/12461\\\/#breadcrumb\",\"itemListElement\":[{\"@type\":\"ListItem\",\"position\":1,\"name\":\"Portada\",\"item\":\"https:\\\/\\\/www.turismoaguarda.es\\\/gl\\\/\"},{\"@type\":\"ListItem\",\"position\":2,\"name\":\"Escolares da Guarda participaron nunha visita guiada \u00e1s escavaci\u00f3ns das Salinas romanas\"}]},{\"@type\":\"WebSite\",\"@id\":\"https:\\\/\\\/www.turismoaguarda.es\\\/#website\",\"url\":\"https:\\\/\\\/www.turismoaguarda.es\\\/\",\"name\":\"Turismo A Guarda\",\"description\":\"Informaci\u00f3n tur\u00edstica de A Guarda y alrededores.\",\"potentialAction\":[{\"@type\":\"SearchAction\",\"target\":{\"@type\":\"EntryPoint\",\"urlTemplate\":\"https:\\\/\\\/www.turismoaguarda.es\\\/?s={search_term_string}\"},\"query-input\":{\"@type\":\"PropertyValueSpecification\",\"valueRequired\":true,\"valueName\":\"search_term_string\"}}],\"inLanguage\":\"gl\"},{\"@type\":\"Person\",\"@id\":\"https:\\\/\\\/www.turismoaguarda.es\\\/#\\\/schema\\\/person\\\/a8b0c27ad7bcbb6c19799e934727508e\",\"name\":\"Prensa A Guarda\",\"image\":{\"@type\":\"ImageObject\",\"inLanguage\":\"gl\",\"@id\":\"https:\\\/\\\/secure.gravatar.com\\\/avatar\\\/387e117f874ba5d0a3439060b45d914395d77287b2e4890a49d1599fc3ef9189?s=96&d=mm&r=g\",\"url\":\"https:\\\/\\\/secure.gravatar.com\\\/avatar\\\/387e117f874ba5d0a3439060b45d914395d77287b2e4890a49d1599fc3ef9189?s=96&d=mm&r=g\",\"contentUrl\":\"https:\\\/\\\/secure.gravatar.com\\\/avatar\\\/387e117f874ba5d0a3439060b45d914395d77287b2e4890a49d1599fc3ef9189?s=96&d=mm&r=g\",\"caption\":\"Prensa A Guarda\"},\"url\":\"https:\\\/\\\/www.turismoaguarda.es\\\/gl\\\/author\\\/prensa\\\/\"}]}<\/script>\n<!-- \/ Yoast SEO plugin. -->","yoast_head_json":{"title":"Escolares da Guarda participaron nunha visita guiada \u00e1s escavaci\u00f3ns das Salinas romanas | Turismo A Guarda","robots":{"index":"index","follow":"follow","max-snippet":"max-snippet:-1","max-image-preview":"max-image-preview:large","max-video-preview":"max-video-preview:-1"},"canonical":"https:\/\/www.turismoaguarda.es\/gl\/12461\/","og_locale":"en_US","og_type":"article","og_title":"Escolares da Guarda participaron nunha visita guiada \u00e1s escavaci\u00f3ns das Salinas romanas | Turismo A Guarda","og_description":"O pasado xoves d\u00eda 5 de decembro escolares da Guarda participaron nunha xornada patrimonial e medioambiental na cal os alumnos e alumnas IES A Sangri\u00f1a, HH Carmelitas e PP Somascos aproveitaron para co\u00f1ecer as escavaci\u00f3ns das Salinas do Seixal e as das Lagoas, ademais de recoller lixo sobre as rochas da zona do Puntal. OLeer m\u00e1is","og_url":"https:\/\/www.turismoaguarda.es\/gl\/12461\/","og_site_name":"Turismo A Guarda","article_publisher":"https:\/\/es-es.facebook.com\/Turismo-A-Guarda-126223240790625\/","article_published_time":"2019-12-09T12:02:01+00:00","article_modified_time":"2019-12-09T12:04:08+00:00","og_image":[{"width":800,"height":600,"url":"https:\/\/www.turismoaguarda.es\/wp-content\/uploads\/2019\/12\/NP-09122019-Escolares-da-Guarda-participaron-nunha-visita-guiada-\u00e1s-escavaci\u00f3ns-das-Salinas-romanas.jpg","type":"image\/jpeg"}],"author":"Prensa A Guarda","twitter_card":"summary_large_image","twitter_creator":"@TurismoAGuarda","twitter_site":"@TurismoAGuarda","twitter_misc":{"Written by":"Prensa A Guarda","Est. reading time":"3 minutes"},"schema":{"@context":"https:\/\/schema.org","@graph":[{"@type":"Article","@id":"https:\/\/www.turismoaguarda.es\/gl\/12461\/#article","isPartOf":{"@id":"https:\/\/www.turismoaguarda.es\/gl\/12461\/"},"author":{"name":"Prensa A Guarda","@id":"https:\/\/www.turismoaguarda.es\/#\/schema\/person\/a8b0c27ad7bcbb6c19799e934727508e"},"headline":"Escolares da Guarda participaron nunha visita guiada \u00e1s escavaci\u00f3ns das Salinas romanas","datePublished":"2019-12-09T12:02:01+00:00","dateModified":"2019-12-09T12:04:08+00:00","mainEntityOfPage":{"@id":"https:\/\/www.turismoaguarda.es\/gl\/12461\/"},"wordCount":592,"commentCount":0,"image":{"@id":"https:\/\/www.turismoaguarda.es\/gl\/12461\/#primaryimage"},"thumbnailUrl":"https:\/\/www.turismoaguarda.es\/wp-content\/uploads\/2019\/12\/NP-09122019-Escolares-da-Guarda-participaron-nunha-visita-guiada-\u00e1s-escavaci\u00f3ns-das-Salinas-romanas.jpg","keywords":["A Guarda","mar de sal","medio ambiente","Patrimonio","salgar","salinas","turismo"],"articleSection":["Novas Turismo"],"inLanguage":"gl","potentialAction":[{"@type":"CommentAction","name":"Comment","target":["https:\/\/www.turismoaguarda.es\/gl\/12461\/#respond"]}]},{"@type":"WebPage","@id":"https:\/\/www.turismoaguarda.es\/gl\/12461\/","url":"https:\/\/www.turismoaguarda.es\/gl\/12461\/","name":"Escolares da Guarda participaron nunha visita guiada \u00e1s escavaci\u00f3ns das Salinas romanas | Turismo A Guarda","isPartOf":{"@id":"https:\/\/www.turismoaguarda.es\/#website"},"primaryImageOfPage":{"@id":"https:\/\/www.turismoaguarda.es\/gl\/12461\/#primaryimage"},"image":{"@id":"https:\/\/www.turismoaguarda.es\/gl\/12461\/#primaryimage"},"thumbnailUrl":"https:\/\/www.turismoaguarda.es\/wp-content\/uploads\/2019\/12\/NP-09122019-Escolares-da-Guarda-participaron-nunha-visita-guiada-\u00e1s-escavaci\u00f3ns-das-Salinas-romanas.jpg","datePublished":"2019-12-09T12:02:01+00:00","dateModified":"2019-12-09T12:04:08+00:00","author":{"@id":"https:\/\/www.turismoaguarda.es\/#\/schema\/person\/a8b0c27ad7bcbb6c19799e934727508e"},"breadcrumb":{"@id":"https:\/\/www.turismoaguarda.es\/gl\/12461\/#breadcrumb"},"inLanguage":"gl","potentialAction":[{"@type":"ReadAction","target":["https:\/\/www.turismoaguarda.es\/gl\/12461\/"]}]},{"@type":"ImageObject","inLanguage":"gl","@id":"https:\/\/www.turismoaguarda.es\/gl\/12461\/#primaryimage","url":"https:\/\/www.turismoaguarda.es\/wp-content\/uploads\/2019\/12\/NP-09122019-Escolares-da-Guarda-participaron-nunha-visita-guiada-\u00e1s-escavaci\u00f3ns-das-Salinas-romanas.jpg","contentUrl":"https:\/\/www.turismoaguarda.es\/wp-content\/uploads\/2019\/12\/NP-09122019-Escolares-da-Guarda-participaron-nunha-visita-guiada-\u00e1s-escavaci\u00f3ns-das-Salinas-romanas.jpg","width":800,"height":600},{"@type":"BreadcrumbList","@id":"https:\/\/www.turismoaguarda.es\/gl\/12461\/#breadcrumb","itemListElement":[{"@type":"ListItem","position":1,"name":"Portada","item":"https:\/\/www.turismoaguarda.es\/gl\/"},{"@type":"ListItem","position":2,"name":"Escolares da Guarda participaron nunha visita guiada \u00e1s escavaci\u00f3ns das Salinas romanas"}]},{"@type":"WebSite","@id":"https:\/\/www.turismoaguarda.es\/#website","url":"https:\/\/www.turismoaguarda.es\/","name":"Turismo A Guarda","description":"Informaci\u00f3n tur\u00edstica de A Guarda y alrededores.","potentialAction":[{"@type":"SearchAction","target":{"@type":"EntryPoint","urlTemplate":"https:\/\/www.turismoaguarda.es\/?s={search_term_string}"},"query-input":{"@type":"PropertyValueSpecification","valueRequired":true,"valueName":"search_term_string"}}],"inLanguage":"gl"},{"@type":"Person","@id":"https:\/\/www.turismoaguarda.es\/#\/schema\/person\/a8b0c27ad7bcbb6c19799e934727508e","name":"Prensa A Guarda","image":{"@type":"ImageObject","inLanguage":"gl","@id":"https:\/\/secure.gravatar.com\/avatar\/387e117f874ba5d0a3439060b45d914395d77287b2e4890a49d1599fc3ef9189?s=96&d=mm&r=g","url":"https:\/\/secure.gravatar.com\/avatar\/387e117f874ba5d0a3439060b45d914395d77287b2e4890a49d1599fc3ef9189?s=96&d=mm&r=g","contentUrl":"https:\/\/secure.gravatar.com\/avatar\/387e117f874ba5d0a3439060b45d914395d77287b2e4890a49d1599fc3ef9189?s=96&d=mm&r=g","caption":"Prensa A Guarda"},"url":"https:\/\/www.turismoaguarda.es\/gl\/author\/prensa\/"}]}},"_links":{"self":[{"href":"https:\/\/www.turismoaguarda.es\/gl\/wp-json\/wp\/v2\/posts\/12461","targetHints":{"allow":["GET"]}}],"collection":[{"href":"https:\/\/www.turismoaguarda.es\/gl\/wp-json\/wp\/v2\/posts"}],"about":[{"href":"https:\/\/www.turismoaguarda.es\/gl\/wp-json\/wp\/v2\/types\/post"}],"author":[{"embeddable":true,"href":"https:\/\/www.turismoaguarda.es\/gl\/wp-json\/wp\/v2\/users\/11"}],"replies":[{"embeddable":true,"href":"https:\/\/www.turismoaguarda.es\/gl\/wp-json\/wp\/v2\/comments?post=12461"}],"version-history":[{"count":2,"href":"https:\/\/www.turismoaguarda.es\/gl\/wp-json\/wp\/v2\/posts\/12461\/revisions"}],"predecessor-version":[{"id":12466,"href":"https:\/\/www.turismoaguarda.es\/gl\/wp-json\/wp\/v2\/posts\/12461\/revisions\/12466"}],"wp:featuredmedia":[{"embeddable":true,"href":"https:\/\/www.turismoaguarda.es\/gl\/wp-json\/wp\/v2\/media\/12462"}],"wp:attachment":[{"href":"https:\/\/www.turismoaguarda.es\/gl\/wp-json\/wp\/v2\/media?parent=12461"}],"wp:term":[{"taxonomy":"category","embeddable":true,"href":"https:\/\/www.turismoaguarda.es\/gl\/wp-json\/wp\/v2\/categories?post=12461"},{"taxonomy":"post_tag","embeddable":true,"href":"https:\/\/www.turismoaguarda.es\/gl\/wp-json\/wp\/v2\/tags?post=12461"}],"curies":[{"name":"wp","href":"https:\/\/api.w.org\/{rel}","templated":true}]}}