{"id":12250,"date":"2019-10-17T11:42:59","date_gmt":"2019-10-17T09:42:59","guid":{"rendered":"https:\/\/www.turismoaguarda.es\/?p=12250"},"modified":"2019-10-17T11:42:59","modified_gmt":"2019-10-17T09:42:59","slug":"contacontos-e-maxia-nesta-fin-de-semana-na-guarda","status":"publish","type":"post","link":"https:\/\/www.turismoaguarda.es\/gl\/contacontos-e-maxia-nesta-fin-de-semana-na-guarda\/","title":{"rendered":"Contacontos e maxia nesta fin de semana na Guarda"},"content":{"rendered":"<p style=\"text-align: justify;\">A Guarda prep\u00e1rase para unha nova fin de semana na que destacan a presentaci\u00f3n do libro \u00abD\u00e9ixate de contos\u00bb e da editorial \u00abElefantes de Papel\u00bb, unha sesi\u00f3n de \u00abContacontos ilustrado Mulleres Galegas\u00bb e o espect\u00e1culo de maxia \u00abDo Max\u00edn \u00e1 Realidade\u00bb.<\/p>\n<p style=\"text-align: justify;\"><strong>VENRES 18<\/strong><\/p>\n<p style=\"text-align: justify;\">A Biblioteca P\u00fablica Municipal da Guarda organiza 4 actividades para conmemorar este ano o d\u00eda da Biblioteca, que se celebra cada ano o 24 de outubro.<\/p>\n<p style=\"text-align: justify;\">Na primeira actividade, programada para este venres d\u00eda 18 de outubro \u00e1s 18:00h, na Biblioteca P\u00fablica Municipal da Guarda, celebramos este importante d\u00eda con actividades de animaci\u00f3n \u00e1 lectura durante o mes de outubro co \u201cContacontos ilustrado Mulleres Galegas\u201d a cargo de Polo Correo do Vento, dun xeito divertido e participativo contan a vida de mulleres galegas: \u00c1ngeles Alvari\u00f1o, Maruja Mallo, Ernestina Otero, Mar\u00eda Victoria Moreno e \u00c1ngela Ruiz. Un contacontos indicado para nenos e nenas a partir de 3 anos e enmarcado no programa Ler Conta Moito da Xunta de Galicia.<\/p>\n<p style=\"text-align: justify;\">Tam\u00e9n na xornada deste venres \u00e1s 20:00h o Sal\u00f3n de actos do Centro Cultural da Guarda acolle a presentaci\u00f3n do libro \u00abD\u00e9ixate de contos\u00bb da autor\u00eda de Berto Pirata, un libro que xa vai pola segunda edici\u00f3n, un libro tenro que afonda na relaci\u00f3n entre un pai e os seus xemelgos a trav\u00e9s de relatos onde os tres aprender\u00e1n de que vai realmente a vida.<\/p>\n<p style=\"text-align: justify;\">Do mesmo xeito realizarase a presentaci\u00f3n da Editorial \u00abElefantes de Papel\u00bb, a cargo de Mar\u00eda salinas e Berto Pirata, un proxecto comprometido que realizado con moita ilusi\u00f3n e que v\u00e9n coa intenci\u00f3n de facilitar a publicaci\u00f3n a aquelas persoas que so\u00f1an con facelo.<\/p>\n<p style=\"text-align: justify;\"><strong>S\u00c1BADO 19<\/strong><\/p>\n<p style=\"text-align: justify;\">O Sal\u00f3n de Actos do Centro Cultural da Guarda acolle este s\u00e1bado \u00e1s 18:30h o espect\u00e1culo de maxia \u00abDo Max\u00edn \u00e1 Realidade\u00bb.<\/p>\n<p style=\"text-align: justify;\">\u00abDo Max\u00edn \u00e1 Realidade\u00bb \u00e9 un espect\u00e1culo de maxia que nos leva a vivir unha experiencia \u00fanica. A maxia \u00e9 o f\u00edo condutor desta viaxe, que nos fai dubidar da realidade, das propias leis f\u00edsicas que rexen o noso mundo,\u2026 entramos ent\u00f3n, da man do ilusionista, no mundo do max\u00edn, onde todo, ou case todo \u00e9 posible.<\/p>\n<p style=\"text-align: justify;\">Espect\u00e1culo subvencionado a trav\u00e9s do programa Pontegal da Deputaci\u00f3n de Pontevedra e enmarcado nas actividades de lecer do I Encontro de Ecoturismo &amp; Gastronom\u00eda do R\u00edo Minho\u00bb que se celebra na Guarda e Caminha do 17 ao 19 de outubro.<\/p>\n<p style=\"text-align: justify;\"><strong>DOMINGO 20<\/strong><\/p>\n<p style=\"text-align: justify;\">O domingo a Igrexa Parroquial da Guarda acolle \u00e1s 18:00h o I Festival de Corais de Outono, no que participan a Coral Polif\u00f3nica da Guarda, A Coral a Torre de Maside e a Coral do Clube da Terceira Idade da Guarda, organizado polo Clube da Terceira Idade e Pensionistas da Guarda.<\/p>\n","protected":false},"excerpt":{"rendered":"<p>A Guarda prep\u00e1rase para unha nova fin de semana na que destacan a presentaci\u00f3n do libro \u00abD\u00e9ixate de contos\u00bb e da editorial \u00abElefantes de Papel\u00bb, unha sesi\u00f3n de \u00abContacontos ilustrado Mulleres Galegas\u00bb e o espect\u00e1culo de maxia \u00abDo Max\u00edn \u00e1 Realidade\u00bb. VENRES 18 A Biblioteca P\u00fablica Municipal da Guarda organiza 4 actividades para conmemorar este<\/p>\n<div class=\"padding-top text-center\"><a href=\"https:\/\/www.turismoaguarda.es\/gl\/contacontos-e-maxia-nesta-fin-de-semana-na-guarda\/\" class=\"atbtn atbtn--medium atbtn--rounded atbtn--transparent\">Leer m\u00e1is<i class=\"atbtn__icon atbtn__icon--right fa fa-long-arrow-right\"><\/i><\/a><\/div>\n","protected":false},"author":11,"featured_media":12251,"comment_status":"open","ping_status":"open","sticky":false,"template":"","format":"standard","meta":{"footnotes":""},"categories":[94],"tags":[170,1587,899,171],"class_list":["post-12250","post","type-post","status-publish","format-standard","has-post-thumbnail","hentry","category-novas-turismo","tag-a-guarda-gl","tag-axenda","tag-fin-de-semana-gl","tag-turismo-gl"],"yoast_head":"<!-- This site is optimized with the Yoast SEO plugin v27.4 - https:\/\/yoast.com\/product\/yoast-seo-wordpress\/ -->\n<title>Contacontos e maxia nesta fin de semana na Guarda | Turismo A Guarda<\/title>\n<meta name=\"robots\" content=\"index, follow, max-snippet:-1, max-image-preview:large, max-video-preview:-1\" \/>\n<link rel=\"canonical\" href=\"https:\/\/www.turismoaguarda.es\/gl\/contacontos-e-maxia-nesta-fin-de-semana-na-guarda\/\" \/>\n<meta property=\"og:locale\" content=\"en_US\" \/>\n<meta property=\"og:type\" content=\"article\" \/>\n<meta property=\"og:title\" content=\"Contacontos e maxia nesta fin de semana na Guarda | Turismo A Guarda\" \/>\n<meta property=\"og:description\" content=\"A Guarda prep\u00e1rase para unha nova fin de semana na que destacan a presentaci\u00f3n do libro \u00abD\u00e9ixate de contos\u00bb e da editorial \u00abElefantes de Papel\u00bb, unha sesi\u00f3n de \u00abContacontos ilustrado Mulleres Galegas\u00bb e o espect\u00e1culo de maxia \u00abDo Max\u00edn \u00e1 Realidade\u00bb. VENRES 18 A Biblioteca P\u00fablica Municipal da Guarda organiza 4 actividades para conmemorar esteLeer m\u00e1is\" \/>\n<meta property=\"og:url\" content=\"https:\/\/www.turismoaguarda.es\/gl\/contacontos-e-maxia-nesta-fin-de-semana-na-guarda\/\" \/>\n<meta property=\"og:site_name\" content=\"Turismo A Guarda\" \/>\n<meta property=\"article:publisher\" content=\"https:\/\/es-es.facebook.com\/Turismo-A-Guarda-126223240790625\/\" \/>\n<meta property=\"article:published_time\" content=\"2019-10-17T09:42:59+00:00\" \/>\n<meta property=\"og:image\" content=\"https:\/\/www.turismoaguarda.es\/wp-content\/uploads\/2019\/10\/NP-17102019-Contacontos-e-maxia-nesta-fin-de-semana-na-Guarda.jpg\" \/>\n\t<meta property=\"og:image:width\" content=\"800\" \/>\n\t<meta property=\"og:image:height\" content=\"800\" \/>\n\t<meta property=\"og:image:type\" content=\"image\/jpeg\" \/>\n<meta name=\"author\" content=\"Prensa A Guarda\" \/>\n<meta name=\"twitter:card\" content=\"summary_large_image\" \/>\n<meta name=\"twitter:creator\" content=\"@TurismoAGuarda\" \/>\n<meta name=\"twitter:site\" content=\"@TurismoAGuarda\" \/>\n<meta name=\"twitter:label1\" content=\"Written by\" \/>\n\t<meta name=\"twitter:data1\" content=\"Prensa A Guarda\" \/>\n\t<meta name=\"twitter:label2\" content=\"Est. reading time\" \/>\n\t<meta name=\"twitter:data2\" content=\"2 minutes\" \/>\n<script type=\"application\/ld+json\" class=\"yoast-schema-graph\">{\"@context\":\"https:\\\/\\\/schema.org\",\"@graph\":[{\"@type\":\"Article\",\"@id\":\"https:\\\/\\\/www.turismoaguarda.es\\\/gl\\\/contacontos-e-maxia-nesta-fin-de-semana-na-guarda\\\/#article\",\"isPartOf\":{\"@id\":\"https:\\\/\\\/www.turismoaguarda.es\\\/gl\\\/contacontos-e-maxia-nesta-fin-de-semana-na-guarda\\\/\"},\"author\":{\"name\":\"Prensa A Guarda\",\"@id\":\"https:\\\/\\\/www.turismoaguarda.es\\\/#\\\/schema\\\/person\\\/a8b0c27ad7bcbb6c19799e934727508e\"},\"headline\":\"Contacontos e maxia nesta fin de semana na Guarda\",\"datePublished\":\"2019-10-17T09:42:59+00:00\",\"mainEntityOfPage\":{\"@id\":\"https:\\\/\\\/www.turismoaguarda.es\\\/gl\\\/contacontos-e-maxia-nesta-fin-de-semana-na-guarda\\\/\"},\"wordCount\":483,\"commentCount\":0,\"image\":{\"@id\":\"https:\\\/\\\/www.turismoaguarda.es\\\/gl\\\/contacontos-e-maxia-nesta-fin-de-semana-na-guarda\\\/#primaryimage\"},\"thumbnailUrl\":\"https:\\\/\\\/www.turismoaguarda.es\\\/wp-content\\\/uploads\\\/2019\\\/10\\\/NP-17102019-Contacontos-e-maxia-nesta-fin-de-semana-na-Guarda.jpg\",\"keywords\":[\"A Guarda\",\"axenda\",\"fin de semana\",\"turismo\"],\"articleSection\":[\"Novas Turismo\"],\"inLanguage\":\"gl\",\"potentialAction\":[{\"@type\":\"CommentAction\",\"name\":\"Comment\",\"target\":[\"https:\\\/\\\/www.turismoaguarda.es\\\/gl\\\/contacontos-e-maxia-nesta-fin-de-semana-na-guarda\\\/#respond\"]}]},{\"@type\":\"WebPage\",\"@id\":\"https:\\\/\\\/www.turismoaguarda.es\\\/gl\\\/contacontos-e-maxia-nesta-fin-de-semana-na-guarda\\\/\",\"url\":\"https:\\\/\\\/www.turismoaguarda.es\\\/gl\\\/contacontos-e-maxia-nesta-fin-de-semana-na-guarda\\\/\",\"name\":\"Contacontos e maxia nesta fin de semana na Guarda | Turismo A Guarda\",\"isPartOf\":{\"@id\":\"https:\\\/\\\/www.turismoaguarda.es\\\/#website\"},\"primaryImageOfPage\":{\"@id\":\"https:\\\/\\\/www.turismoaguarda.es\\\/gl\\\/contacontos-e-maxia-nesta-fin-de-semana-na-guarda\\\/#primaryimage\"},\"image\":{\"@id\":\"https:\\\/\\\/www.turismoaguarda.es\\\/gl\\\/contacontos-e-maxia-nesta-fin-de-semana-na-guarda\\\/#primaryimage\"},\"thumbnailUrl\":\"https:\\\/\\\/www.turismoaguarda.es\\\/wp-content\\\/uploads\\\/2019\\\/10\\\/NP-17102019-Contacontos-e-maxia-nesta-fin-de-semana-na-Guarda.jpg\",\"datePublished\":\"2019-10-17T09:42:59+00:00\",\"author\":{\"@id\":\"https:\\\/\\\/www.turismoaguarda.es\\\/#\\\/schema\\\/person\\\/a8b0c27ad7bcbb6c19799e934727508e\"},\"breadcrumb\":{\"@id\":\"https:\\\/\\\/www.turismoaguarda.es\\\/gl\\\/contacontos-e-maxia-nesta-fin-de-semana-na-guarda\\\/#breadcrumb\"},\"inLanguage\":\"gl\",\"potentialAction\":[{\"@type\":\"ReadAction\",\"target\":[\"https:\\\/\\\/www.turismoaguarda.es\\\/gl\\\/contacontos-e-maxia-nesta-fin-de-semana-na-guarda\\\/\"]}]},{\"@type\":\"ImageObject\",\"inLanguage\":\"gl\",\"@id\":\"https:\\\/\\\/www.turismoaguarda.es\\\/gl\\\/contacontos-e-maxia-nesta-fin-de-semana-na-guarda\\\/#primaryimage\",\"url\":\"https:\\\/\\\/www.turismoaguarda.es\\\/wp-content\\\/uploads\\\/2019\\\/10\\\/NP-17102019-Contacontos-e-maxia-nesta-fin-de-semana-na-Guarda.jpg\",\"contentUrl\":\"https:\\\/\\\/www.turismoaguarda.es\\\/wp-content\\\/uploads\\\/2019\\\/10\\\/NP-17102019-Contacontos-e-maxia-nesta-fin-de-semana-na-Guarda.jpg\",\"width\":800,\"height\":800},{\"@type\":\"BreadcrumbList\",\"@id\":\"https:\\\/\\\/www.turismoaguarda.es\\\/gl\\\/contacontos-e-maxia-nesta-fin-de-semana-na-guarda\\\/#breadcrumb\",\"itemListElement\":[{\"@type\":\"ListItem\",\"position\":1,\"name\":\"Portada\",\"item\":\"https:\\\/\\\/www.turismoaguarda.es\\\/gl\\\/\"},{\"@type\":\"ListItem\",\"position\":2,\"name\":\"Contacontos e maxia nesta fin de semana na Guarda\"}]},{\"@type\":\"WebSite\",\"@id\":\"https:\\\/\\\/www.turismoaguarda.es\\\/#website\",\"url\":\"https:\\\/\\\/www.turismoaguarda.es\\\/\",\"name\":\"Turismo A Guarda\",\"description\":\"Informaci\u00f3n tur\u00edstica de A Guarda y alrededores.\",\"potentialAction\":[{\"@type\":\"SearchAction\",\"target\":{\"@type\":\"EntryPoint\",\"urlTemplate\":\"https:\\\/\\\/www.turismoaguarda.es\\\/?s={search_term_string}\"},\"query-input\":{\"@type\":\"PropertyValueSpecification\",\"valueRequired\":true,\"valueName\":\"search_term_string\"}}],\"inLanguage\":\"gl\"},{\"@type\":\"Person\",\"@id\":\"https:\\\/\\\/www.turismoaguarda.es\\\/#\\\/schema\\\/person\\\/a8b0c27ad7bcbb6c19799e934727508e\",\"name\":\"Prensa A Guarda\",\"image\":{\"@type\":\"ImageObject\",\"inLanguage\":\"gl\",\"@id\":\"https:\\\/\\\/secure.gravatar.com\\\/avatar\\\/387e117f874ba5d0a3439060b45d914395d77287b2e4890a49d1599fc3ef9189?s=96&d=mm&r=g\",\"url\":\"https:\\\/\\\/secure.gravatar.com\\\/avatar\\\/387e117f874ba5d0a3439060b45d914395d77287b2e4890a49d1599fc3ef9189?s=96&d=mm&r=g\",\"contentUrl\":\"https:\\\/\\\/secure.gravatar.com\\\/avatar\\\/387e117f874ba5d0a3439060b45d914395d77287b2e4890a49d1599fc3ef9189?s=96&d=mm&r=g\",\"caption\":\"Prensa A Guarda\"},\"url\":\"https:\\\/\\\/www.turismoaguarda.es\\\/gl\\\/author\\\/prensa\\\/\"}]}<\/script>\n<!-- \/ Yoast SEO plugin. -->","yoast_head_json":{"title":"Contacontos e maxia nesta fin de semana na Guarda | Turismo A Guarda","robots":{"index":"index","follow":"follow","max-snippet":"max-snippet:-1","max-image-preview":"max-image-preview:large","max-video-preview":"max-video-preview:-1"},"canonical":"https:\/\/www.turismoaguarda.es\/gl\/contacontos-e-maxia-nesta-fin-de-semana-na-guarda\/","og_locale":"en_US","og_type":"article","og_title":"Contacontos e maxia nesta fin de semana na Guarda | Turismo A Guarda","og_description":"A Guarda prep\u00e1rase para unha nova fin de semana na que destacan a presentaci\u00f3n do libro \u00abD\u00e9ixate de contos\u00bb e da editorial \u00abElefantes de Papel\u00bb, unha sesi\u00f3n de \u00abContacontos ilustrado Mulleres Galegas\u00bb e o espect\u00e1culo de maxia \u00abDo Max\u00edn \u00e1 Realidade\u00bb. VENRES 18 A Biblioteca P\u00fablica Municipal da Guarda organiza 4 actividades para conmemorar esteLeer m\u00e1is","og_url":"https:\/\/www.turismoaguarda.es\/gl\/contacontos-e-maxia-nesta-fin-de-semana-na-guarda\/","og_site_name":"Turismo A Guarda","article_publisher":"https:\/\/es-es.facebook.com\/Turismo-A-Guarda-126223240790625\/","article_published_time":"2019-10-17T09:42:59+00:00","og_image":[{"width":800,"height":800,"url":"https:\/\/www.turismoaguarda.es\/wp-content\/uploads\/2019\/10\/NP-17102019-Contacontos-e-maxia-nesta-fin-de-semana-na-Guarda.jpg","type":"image\/jpeg"}],"author":"Prensa A Guarda","twitter_card":"summary_large_image","twitter_creator":"@TurismoAGuarda","twitter_site":"@TurismoAGuarda","twitter_misc":{"Written by":"Prensa A Guarda","Est. reading time":"2 minutes"},"schema":{"@context":"https:\/\/schema.org","@graph":[{"@type":"Article","@id":"https:\/\/www.turismoaguarda.es\/gl\/contacontos-e-maxia-nesta-fin-de-semana-na-guarda\/#article","isPartOf":{"@id":"https:\/\/www.turismoaguarda.es\/gl\/contacontos-e-maxia-nesta-fin-de-semana-na-guarda\/"},"author":{"name":"Prensa A Guarda","@id":"https:\/\/www.turismoaguarda.es\/#\/schema\/person\/a8b0c27ad7bcbb6c19799e934727508e"},"headline":"Contacontos e maxia nesta fin de semana na Guarda","datePublished":"2019-10-17T09:42:59+00:00","mainEntityOfPage":{"@id":"https:\/\/www.turismoaguarda.es\/gl\/contacontos-e-maxia-nesta-fin-de-semana-na-guarda\/"},"wordCount":483,"commentCount":0,"image":{"@id":"https:\/\/www.turismoaguarda.es\/gl\/contacontos-e-maxia-nesta-fin-de-semana-na-guarda\/#primaryimage"},"thumbnailUrl":"https:\/\/www.turismoaguarda.es\/wp-content\/uploads\/2019\/10\/NP-17102019-Contacontos-e-maxia-nesta-fin-de-semana-na-Guarda.jpg","keywords":["A Guarda","axenda","fin de semana","turismo"],"articleSection":["Novas Turismo"],"inLanguage":"gl","potentialAction":[{"@type":"CommentAction","name":"Comment","target":["https:\/\/www.turismoaguarda.es\/gl\/contacontos-e-maxia-nesta-fin-de-semana-na-guarda\/#respond"]}]},{"@type":"WebPage","@id":"https:\/\/www.turismoaguarda.es\/gl\/contacontos-e-maxia-nesta-fin-de-semana-na-guarda\/","url":"https:\/\/www.turismoaguarda.es\/gl\/contacontos-e-maxia-nesta-fin-de-semana-na-guarda\/","name":"Contacontos e maxia nesta fin de semana na Guarda | Turismo A Guarda","isPartOf":{"@id":"https:\/\/www.turismoaguarda.es\/#website"},"primaryImageOfPage":{"@id":"https:\/\/www.turismoaguarda.es\/gl\/contacontos-e-maxia-nesta-fin-de-semana-na-guarda\/#primaryimage"},"image":{"@id":"https:\/\/www.turismoaguarda.es\/gl\/contacontos-e-maxia-nesta-fin-de-semana-na-guarda\/#primaryimage"},"thumbnailUrl":"https:\/\/www.turismoaguarda.es\/wp-content\/uploads\/2019\/10\/NP-17102019-Contacontos-e-maxia-nesta-fin-de-semana-na-Guarda.jpg","datePublished":"2019-10-17T09:42:59+00:00","author":{"@id":"https:\/\/www.turismoaguarda.es\/#\/schema\/person\/a8b0c27ad7bcbb6c19799e934727508e"},"breadcrumb":{"@id":"https:\/\/www.turismoaguarda.es\/gl\/contacontos-e-maxia-nesta-fin-de-semana-na-guarda\/#breadcrumb"},"inLanguage":"gl","potentialAction":[{"@type":"ReadAction","target":["https:\/\/www.turismoaguarda.es\/gl\/contacontos-e-maxia-nesta-fin-de-semana-na-guarda\/"]}]},{"@type":"ImageObject","inLanguage":"gl","@id":"https:\/\/www.turismoaguarda.es\/gl\/contacontos-e-maxia-nesta-fin-de-semana-na-guarda\/#primaryimage","url":"https:\/\/www.turismoaguarda.es\/wp-content\/uploads\/2019\/10\/NP-17102019-Contacontos-e-maxia-nesta-fin-de-semana-na-Guarda.jpg","contentUrl":"https:\/\/www.turismoaguarda.es\/wp-content\/uploads\/2019\/10\/NP-17102019-Contacontos-e-maxia-nesta-fin-de-semana-na-Guarda.jpg","width":800,"height":800},{"@type":"BreadcrumbList","@id":"https:\/\/www.turismoaguarda.es\/gl\/contacontos-e-maxia-nesta-fin-de-semana-na-guarda\/#breadcrumb","itemListElement":[{"@type":"ListItem","position":1,"name":"Portada","item":"https:\/\/www.turismoaguarda.es\/gl\/"},{"@type":"ListItem","position":2,"name":"Contacontos e maxia nesta fin de semana na Guarda"}]},{"@type":"WebSite","@id":"https:\/\/www.turismoaguarda.es\/#website","url":"https:\/\/www.turismoaguarda.es\/","name":"Turismo A Guarda","description":"Informaci\u00f3n tur\u00edstica de A Guarda y alrededores.","potentialAction":[{"@type":"SearchAction","target":{"@type":"EntryPoint","urlTemplate":"https:\/\/www.turismoaguarda.es\/?s={search_term_string}"},"query-input":{"@type":"PropertyValueSpecification","valueRequired":true,"valueName":"search_term_string"}}],"inLanguage":"gl"},{"@type":"Person","@id":"https:\/\/www.turismoaguarda.es\/#\/schema\/person\/a8b0c27ad7bcbb6c19799e934727508e","name":"Prensa A Guarda","image":{"@type":"ImageObject","inLanguage":"gl","@id":"https:\/\/secure.gravatar.com\/avatar\/387e117f874ba5d0a3439060b45d914395d77287b2e4890a49d1599fc3ef9189?s=96&d=mm&r=g","url":"https:\/\/secure.gravatar.com\/avatar\/387e117f874ba5d0a3439060b45d914395d77287b2e4890a49d1599fc3ef9189?s=96&d=mm&r=g","contentUrl":"https:\/\/secure.gravatar.com\/avatar\/387e117f874ba5d0a3439060b45d914395d77287b2e4890a49d1599fc3ef9189?s=96&d=mm&r=g","caption":"Prensa A Guarda"},"url":"https:\/\/www.turismoaguarda.es\/gl\/author\/prensa\/"}]}},"_links":{"self":[{"href":"https:\/\/www.turismoaguarda.es\/gl\/wp-json\/wp\/v2\/posts\/12250","targetHints":{"allow":["GET"]}}],"collection":[{"href":"https:\/\/www.turismoaguarda.es\/gl\/wp-json\/wp\/v2\/posts"}],"about":[{"href":"https:\/\/www.turismoaguarda.es\/gl\/wp-json\/wp\/v2\/types\/post"}],"author":[{"embeddable":true,"href":"https:\/\/www.turismoaguarda.es\/gl\/wp-json\/wp\/v2\/users\/11"}],"replies":[{"embeddable":true,"href":"https:\/\/www.turismoaguarda.es\/gl\/wp-json\/wp\/v2\/comments?post=12250"}],"version-history":[{"count":1,"href":"https:\/\/www.turismoaguarda.es\/gl\/wp-json\/wp\/v2\/posts\/12250\/revisions"}],"predecessor-version":[{"id":12254,"href":"https:\/\/www.turismoaguarda.es\/gl\/wp-json\/wp\/v2\/posts\/12250\/revisions\/12254"}],"wp:featuredmedia":[{"embeddable":true,"href":"https:\/\/www.turismoaguarda.es\/gl\/wp-json\/wp\/v2\/media\/12251"}],"wp:attachment":[{"href":"https:\/\/www.turismoaguarda.es\/gl\/wp-json\/wp\/v2\/media?parent=12250"}],"wp:term":[{"taxonomy":"category","embeddable":true,"href":"https:\/\/www.turismoaguarda.es\/gl\/wp-json\/wp\/v2\/categories?post=12250"},{"taxonomy":"post_tag","embeddable":true,"href":"https:\/\/www.turismoaguarda.es\/gl\/wp-json\/wp\/v2\/tags?post=12250"}],"curies":[{"name":"wp","href":"https:\/\/api.w.org\/{rel}","templated":true}]}}